{"id":37486,"date":"2023-03-07T22:15:00","date_gmt":"2023-03-07T21:15:00","guid":{"rendered":"https:\/\/lasentinelle.dz\/?p=37486"},"modified":"2023-03-07T21:07:47","modified_gmt":"2023-03-07T20:07:47","slug":"message-du-president-tebboune-a-loccasion-du-8-mars-la-femme-est-lun-des-piliers-de-ledification-nationale","status":"publish","type":"post","link":"https:\/\/lasentinelle.dz\/index.php\/2023\/03\/07\/message-du-president-tebboune-a-loccasion-du-8-mars-la-femme-est-lun-des-piliers-de-ledification-nationale\/","title":{"rendered":"Message du Pr\u00e9sident Tebboune \u00e0 l\u2019occasion du 8 mars\u00a0: La femme est \u00ab\u00a0l\u2019un des piliers\u00a0\u00bb de l\u2019\u00e9dification nationale"},"content":{"rendered":"\n<p>Le pr\u00e9sident de la R\u00e9publique, Abdelmadjid Tebboune, a soulign\u00e9 dans un message adress\u00e9 \u00e0 l\u2019occasion du 8 mars, Journ\u00e9e internationale des droits de la femme, les acquis arrach\u00e9es par la femme alg\u00e9rienne qui s\u2019est toujours impos\u00e9e comme l\u2019un des piliers de l\u2019\u00e9dification nationale et ce, depuis la guerre de lib\u00e9ration nationale. Il a \u00e9galement assur\u00e9 que la condition de la femme et de la famille demeurera au centre des pr\u00e9occupations du Gouvernement.<\/p>\n\n\n\n<p>Le Pr\u00e9sident Tebboune a indiqu\u00e9, hier, que la femme alg\u00e9rienne c\u00e9l\u00e8bre sa Journ\u00e9e internationale \u00ab\u00a0en plein combat face aux d\u00e9fis de l&rsquo;\u00e9dification d&rsquo;un Etat moderne et d&rsquo;une soci\u00e9t\u00e9 o\u00f9 r\u00e8gnent stabilit\u00e9 et qui\u00e9tude, fi\u00e8re qu&rsquo;elle est de son appartenance \u00e0 un peuple authentique \u00e9pris de libert\u00e9 qui sait exalter les sacrifices de ses filles qui ont su s&rsquo;imposer et illustrer l&rsquo;esprit nationaliste dans ses plus belles expressions lors des \u00e9preuves les plus rudes\u00a0\u00bb. Le Chef de l&rsquo;Etat a rappel\u00e9, \u00e0 cette occasion, les sacrifices consentis par la femme alg\u00e9rienne durant la Glorieuse guerre de lib\u00e9ration.\u00a0\u00bbMilitante, combattante et fida\u00efe, l&rsquo;Alg\u00e9rienne fut durant la Glorieuse guerre de lib\u00e9ration, un exemple de bravoure et d&rsquo;attachement \u00e0 la libert\u00e9 et \u00e0 la dignit\u00e9, ses exploits l&rsquo;ayant \u00e9rig\u00e9e m\u00eame en symbole de d\u00e9fense de la terre et de l&rsquo;honneur. Elle s&rsquo;est engag\u00e9e avec autant de bravoure dans la lutte contre le terrorisme barbare qui avait pris pour cible l&rsquo;Etat-nation et ses institutions\u00a0\u00bb, a ajout\u00e9 le Pr\u00e9sident Tebboune.\u00a0\u00bbIl n&rsquo;est point \u00e9tonnant de voir la femme alg\u00e9rienne se hisser, forte de ses comp\u00e9tences scientifiques et professionnelles, dans l&rsquo;Alg\u00e9rie libre et ind\u00e9pendante, sur l&rsquo;\u00e9chelle des grades dans les corps constitu\u00e9s, acc\u00e9der aux fonctions sup\u00e9rieures et \u00e0 des hautes responsabilit\u00e9s dans les administrations et les entreprises, tout en excellant dans les sp\u00e9cialit\u00e9s les plus pointues des sciences et des connaissances et les fili\u00e8res les plus complexes des technologies de l&rsquo;heure au sein des universit\u00e9s et des centres de recherche. Elle s&rsquo;est aussi investie dans le travail producteur de richesses dans nos fermes et villages qui pr\u00e9servent la puret\u00e9 et la dignit\u00e9 de la femme rurale, tout en adh\u00e9rant au processus de relance \u00e9conomique que nous avons engag\u00e9 en s&rsquo;inscrivant dans la dynamique prometteuse des projets de start-up dans notre pays\u00a0\u00bb, a soulign\u00e9 le Pr\u00e9sident de la R\u00e9publique.<\/p>\n\n\n\n<p>L&rsquo;Alg\u00e9rienne \u00ab\u00a0a prouv\u00e9 qu&rsquo;elle est le pilier de l&rsquo;Alg\u00e9rie nouvelle qui avance vers l&rsquo;investissement dans le capital humain, la comp\u00e9tence et l&rsquo;excellence pour asseoir la culture de la transparence et la valeur du travail tout en rejetant toute forme de corruption pour une nouvelle \u00e8re o\u00f9 la seule all\u00e9geance est pr\u00eat\u00e9e \u00e0 l&rsquo;Alg\u00e9rie et o\u00f9 rien ne pr\u00e9vaut sur l&rsquo;int\u00e9r\u00eat du peuple et la r\u00e9alisation de ses espoirs et de ses aspirations\u00a0\u00bb, a-t-il \u00e9crit.<\/p>\n\n\n\n<p>Le Pr\u00e9sident Tebboune a soulign\u00e9 que \u00ab\u00a0la condition de la femme et de la famille demeurera au centre des pr\u00e9occupations du Gouvernement que j&rsquo;exhorte, \u00e0 cette occasion, \u00e0 intensifier son soutien et son accompagnement de tous les efforts visant \u00e0 renforcer la solidarit\u00e9 nationale, \u00e0 promouvoir les droits de la femme et \u00e0 pr\u00e9server la famille alg\u00e9rienne\u00a0\u00bb.\u00a0\u00bbL&rsquo;Alg\u00e9rie qui a consacr\u00e9 dans sa l\u00e9gislation le principe d&rsquo;\u00e9quit\u00e9 et d&rsquo;\u00e9galit\u00e9 des chances, met sur pied ses politiques publiques, pleinement consciente de la n\u00e9cessaire valorisation et qualification des ressources humaines. La femme partage avec l&rsquo;homme les valeurs citoyennes ainsi que les droits et les devoirs sur le m\u00eame pied d&rsquo;\u00e9galit\u00e9\u00a0\u00bb, a-t-il affirm\u00e9.Il a \u00e9voqu\u00e9, dans ce cadre, les statistiques qui \u00ab\u00a0attestent des acquis r\u00e9alis\u00e9s par la femme qui occupe les premi\u00e8res places en mati\u00e8re de taux d&rsquo;occupation des postes d&#8217;emploi et des fonctions de qualit\u00e9 dans plusieurs secteurs vitaux, en t\u00e9moigne notamment le nombre de femmes exer\u00e7ant dans les secteurs de la justice, de l&rsquo;\u00e9ducation et de la sant\u00e9\u00a0\u00bb.<\/p>\n\n\n\n<p><strong>Chokri Hafed<\/strong><\/p>\n","protected":false},"excerpt":{"rendered":"<p>Le pr\u00e9sident de la R\u00e9publique, Abdelmadjid Tebboune, a soulign\u00e9 dans un message adress\u00e9 \u00e0 l\u2019occasion du 8 mars, Journ\u00e9e internationale<\/p>\n","protected":false},"author":3,"featured_media":37494,"comment_status":"open","ping_status":"closed","sticky":false,"template":"","format":"standard","meta":{"colormag_page_container_layout":"default_layout","colormag_page_sidebar_layout":"default_layout","om_disable_all_campaigns":false,"_monsterinsights_skip_tracking":false,"_monsterinsights_sitenote_active":false,"_monsterinsights_sitenote_note":"","_monsterinsights_sitenote_category":0,"footnotes":"","_wpscppro_dont_share_socialmedia":false,"_wpscppro_custom_social_share_image":0,"_facebook_share_type":"","_twitter_share_type":"","_linkedin_share_type":"","_pinterest_share_type":"","_linkedin_share_type_page":"","_instagram_share_type":"","_medium_share_type":"","_threads_share_type":"","_google_business_share_type":"","_selected_social_profile":[],"_wpsp_enable_custom_social_template":false,"_wpsp_social_scheduling":{"enabled":false,"datetime":null,"platforms":[],"status":"template_only","dateOption":"today","timeOption":"now","customDays":"","customHours":"","customDate":"","customTime":"","schedulingType":"absolute"},"_wpsp_active_default_template":true},"categories":[52,27],"tags":[],"class_list":["post-37486","post","type-post","status-publish","format-standard","has-post-thumbnail","hentry","category-a-la-une","category-actualite"],"aioseo_notices":[],"yoast_head":"<!-- This site is optimized with the Yoast SEO plugin v27.5 - https:\/\/yoast.com\/product\/yoast-seo-wordpress\/ -->\n<title>Message du Pr\u00e9sident Tebboune \u00e0 l\u2019occasion du 8 mars\u00a0: La femme est \u00ab\u00a0l\u2019un des piliers\u00a0\u00bb de l\u2019\u00e9dification nationale - La Sentinelle<\/title>\n<meta name=\"robots\" content=\"index, follow, max-snippet:-1, max-image-preview:large, max-video-preview:-1\" \/>\n<link rel=\"canonical\" href=\"https:\/\/lasentinelle.dz\/index.php\/2023\/03\/07\/message-du-president-tebboune-a-loccasion-du-8-mars-la-femme-est-lun-des-piliers-de-ledification-nationale\/\" \/>\n<meta property=\"og:locale\" content=\"fr_FR\" \/>\n<meta property=\"og:type\" content=\"article\" \/>\n<meta property=\"og:title\" content=\"Message du Pr\u00e9sident Tebboune \u00e0 l\u2019occasion du 8 mars\u00a0: La femme est \u00ab\u00a0l\u2019un des piliers\u00a0\u00bb de l\u2019\u00e9dification nationale - La Sentinelle\" \/>\n<meta property=\"og:description\" content=\"Le pr\u00e9sident de la R\u00e9publique, Abdelmadjid Tebboune, a soulign\u00e9 dans un message adress\u00e9 \u00e0 l\u2019occasion du 8 mars, Journ\u00e9e internationale\" \/>\n<meta property=\"og:url\" content=\"https:\/\/lasentinelle.dz\/index.php\/2023\/03\/07\/message-du-president-tebboune-a-loccasion-du-8-mars-la-femme-est-lun-des-piliers-de-ledification-nationale\/\" \/>\n<meta property=\"og:site_name\" content=\"La Sentinelle\" \/>\n<meta property=\"article:publisher\" content=\"https:\/\/www.facebook.com\/La-Sentinelle-104059864394773\" \/>\n<meta property=\"article:published_time\" content=\"2023-03-07T21:15:00+00:00\" \/>\n<meta property=\"og:image\" content=\"https:\/\/lasentinelle.dz\/wp-content\/uploads\/2023\/03\/tebboune.png\" \/>\n\t<meta property=\"og:image:width\" content=\"1600\" \/>\n\t<meta property=\"og:image:height\" content=\"900\" \/>\n\t<meta property=\"og:image:type\" content=\"image\/png\" \/>\n<meta name=\"author\" content=\"La Sentinelle\" \/>\n<meta name=\"twitter:card\" content=\"summary_large_image\" \/>\n<meta name=\"twitter:label1\" content=\"\u00c9crit par\" \/>\n\t<meta name=\"twitter:data1\" content=\"La Sentinelle\" \/>\n\t<meta name=\"twitter:label2\" content=\"Dur\u00e9e de lecture estim\u00e9e\" \/>\n\t<meta name=\"twitter:data2\" content=\"4 minutes\" \/>\n<script type=\"application\/ld+json\" class=\"yoast-schema-graph\">{\"@context\":\"https:\\\/\\\/schema.org\",\"@graph\":[{\"@type\":\"Article\",\"@id\":\"https:\\\/\\\/lasentinelle.dz\\\/index.php\\\/2023\\\/03\\\/07\\\/message-du-president-tebboune-a-loccasion-du-8-mars-la-femme-est-lun-des-piliers-de-ledification-nationale\\\/#article\",\"isPartOf\":{\"@id\":\"https:\\\/\\\/lasentinelle.dz\\\/index.php\\\/2023\\\/03\\\/07\\\/message-du-president-tebboune-a-loccasion-du-8-mars-la-femme-est-lun-des-piliers-de-ledification-nationale\\\/\"},\"author\":{\"name\":\"La Sentinelle\",\"@id\":\"https:\\\/\\\/lasentinelle.dz\\\/#\\\/schema\\\/person\\\/d865044e22e70a75174ce8bcad3acfb3\"},\"headline\":\"Message du Pr\u00e9sident Tebboune \u00e0 l\u2019occasion du 8 mars\u00a0: La femme est \u00ab\u00a0l\u2019un des piliers\u00a0\u00bb de l\u2019\u00e9dification nationale\",\"datePublished\":\"2023-03-07T21:15:00+00:00\",\"mainEntityOfPage\":{\"@id\":\"https:\\\/\\\/lasentinelle.dz\\\/index.php\\\/2023\\\/03\\\/07\\\/message-du-president-tebboune-a-loccasion-du-8-mars-la-femme-est-lun-des-piliers-de-ledification-nationale\\\/\"},\"wordCount\":731,\"commentCount\":0,\"publisher\":{\"@id\":\"https:\\\/\\\/lasentinelle.dz\\\/#organization\"},\"image\":{\"@id\":\"https:\\\/\\\/lasentinelle.dz\\\/index.php\\\/2023\\\/03\\\/07\\\/message-du-president-tebboune-a-loccasion-du-8-mars-la-femme-est-lun-des-piliers-de-ledification-nationale\\\/#primaryimage\"},\"thumbnailUrl\":\"https:\\\/\\\/lasentinelle.dz\\\/wp-content\\\/uploads\\\/2023\\\/03\\\/tebboune.png\",\"articleSection\":[\"\u00c0 la Une\",\"Actualit\u00e9\"],\"inLanguage\":\"fr-FR\",\"potentialAction\":[{\"@type\":\"CommentAction\",\"name\":\"Comment\",\"target\":[\"https:\\\/\\\/lasentinelle.dz\\\/index.php\\\/2023\\\/03\\\/07\\\/message-du-president-tebboune-a-loccasion-du-8-mars-la-femme-est-lun-des-piliers-de-ledification-nationale\\\/#respond\"]}]},{\"@type\":\"WebPage\",\"@id\":\"https:\\\/\\\/lasentinelle.dz\\\/index.php\\\/2023\\\/03\\\/07\\\/message-du-president-tebboune-a-loccasion-du-8-mars-la-femme-est-lun-des-piliers-de-ledification-nationale\\\/\",\"url\":\"https:\\\/\\\/lasentinelle.dz\\\/index.php\\\/2023\\\/03\\\/07\\\/message-du-president-tebboune-a-loccasion-du-8-mars-la-femme-est-lun-des-piliers-de-ledification-nationale\\\/\",\"name\":\"Message du Pr\u00e9sident Tebboune \u00e0 l\u2019occasion du 8 mars\u00a0: La femme est \u00ab\u00a0l\u2019un des piliers\u00a0\u00bb de l\u2019\u00e9dification nationale - La Sentinelle\",\"isPartOf\":{\"@id\":\"https:\\\/\\\/lasentinelle.dz\\\/#website\"},\"primaryImageOfPage\":{\"@id\":\"https:\\\/\\\/lasentinelle.dz\\\/index.php\\\/2023\\\/03\\\/07\\\/message-du-president-tebboune-a-loccasion-du-8-mars-la-femme-est-lun-des-piliers-de-ledification-nationale\\\/#primaryimage\"},\"image\":{\"@id\":\"https:\\\/\\\/lasentinelle.dz\\\/index.php\\\/2023\\\/03\\\/07\\\/message-du-president-tebboune-a-loccasion-du-8-mars-la-femme-est-lun-des-piliers-de-ledification-nationale\\\/#primaryimage\"},\"thumbnailUrl\":\"https:\\\/\\\/lasentinelle.dz\\\/wp-content\\\/uploads\\\/2023\\\/03\\\/tebboune.png\",\"datePublished\":\"2023-03-07T21:15:00+00:00\",\"breadcrumb\":{\"@id\":\"https:\\\/\\\/lasentinelle.dz\\\/index.php\\\/2023\\\/03\\\/07\\\/message-du-president-tebboune-a-loccasion-du-8-mars-la-femme-est-lun-des-piliers-de-ledification-nationale\\\/#breadcrumb\"},\"inLanguage\":\"fr-FR\",\"potentialAction\":[{\"@type\":\"ReadAction\",\"target\":[\"https:\\\/\\\/lasentinelle.dz\\\/index.php\\\/2023\\\/03\\\/07\\\/message-du-president-tebboune-a-loccasion-du-8-mars-la-femme-est-lun-des-piliers-de-ledification-nationale\\\/\"]}]},{\"@type\":\"ImageObject\",\"inLanguage\":\"fr-FR\",\"@id\":\"https:\\\/\\\/lasentinelle.dz\\\/index.php\\\/2023\\\/03\\\/07\\\/message-du-president-tebboune-a-loccasion-du-8-mars-la-femme-est-lun-des-piliers-de-ledification-nationale\\\/#primaryimage\",\"url\":\"https:\\\/\\\/lasentinelle.dz\\\/wp-content\\\/uploads\\\/2023\\\/03\\\/tebboune.png\",\"contentUrl\":\"https:\\\/\\\/lasentinelle.dz\\\/wp-content\\\/uploads\\\/2023\\\/03\\\/tebboune.png\",\"width\":1600,\"height\":900},{\"@type\":\"BreadcrumbList\",\"@id\":\"https:\\\/\\\/lasentinelle.dz\\\/index.php\\\/2023\\\/03\\\/07\\\/message-du-president-tebboune-a-loccasion-du-8-mars-la-femme-est-lun-des-piliers-de-ledification-nationale\\\/#breadcrumb\",\"itemListElement\":[{\"@type\":\"ListItem\",\"position\":1,\"name\":\"Accueil\",\"item\":\"https:\\\/\\\/lasentinelle.dz\\\/\"},{\"@type\":\"ListItem\",\"position\":2,\"name\":\"Message du Pr\u00e9sident Tebboune \u00e0 l\u2019occasion du 8 mars\u00a0: La femme est \u00ab\u00a0l\u2019un des piliers\u00a0\u00bb de l\u2019\u00e9dification nationale\"}]},{\"@type\":\"WebSite\",\"@id\":\"https:\\\/\\\/lasentinelle.dz\\\/#website\",\"url\":\"https:\\\/\\\/lasentinelle.dz\\\/\",\"name\":\"La Sentinelle\",\"description\":\"Quotidien national d&#039;information\",\"publisher\":{\"@id\":\"https:\\\/\\\/lasentinelle.dz\\\/#organization\"},\"potentialAction\":[{\"@type\":\"SearchAction\",\"target\":{\"@type\":\"EntryPoint\",\"urlTemplate\":\"https:\\\/\\\/lasentinelle.dz\\\/?s={search_term_string}\"},\"query-input\":{\"@type\":\"PropertyValueSpecification\",\"valueRequired\":true,\"valueName\":\"search_term_string\"}}],\"inLanguage\":\"fr-FR\"},{\"@type\":\"Organization\",\"@id\":\"https:\\\/\\\/lasentinelle.dz\\\/#organization\",\"name\":\"Quotidien La Sentinelle\",\"url\":\"https:\\\/\\\/lasentinelle.dz\\\/\",\"logo\":{\"@type\":\"ImageObject\",\"inLanguage\":\"fr-FR\",\"@id\":\"https:\\\/\\\/lasentinelle.dz\\\/#\\\/schema\\\/logo\\\/image\\\/\",\"url\":\"https:\\\/\\\/lasentinelle.dz\\\/wp-content\\\/uploads\\\/2021\\\/09\\\/logo-sentinelleSLOGAN-1.png\",\"contentUrl\":\"https:\\\/\\\/lasentinelle.dz\\\/wp-content\\\/uploads\\\/2021\\\/09\\\/logo-sentinelleSLOGAN-1.png\",\"width\":615,\"height\":142,\"caption\":\"Quotidien La Sentinelle\"},\"image\":{\"@id\":\"https:\\\/\\\/lasentinelle.dz\\\/#\\\/schema\\\/logo\\\/image\\\/\"},\"sameAs\":[\"https:\\\/\\\/www.facebook.com\\\/La-Sentinelle-104059864394773\"]},{\"@type\":\"Person\",\"@id\":\"https:\\\/\\\/lasentinelle.dz\\\/#\\\/schema\\\/person\\\/d865044e22e70a75174ce8bcad3acfb3\",\"name\":\"La Sentinelle\",\"image\":{\"@type\":\"ImageObject\",\"inLanguage\":\"fr-FR\",\"@id\":\"https:\\\/\\\/secure.gravatar.com\\\/avatar\\\/57de8e5d4b15d43fb361a71fbb36338450fe67865b528a43dd10ef7c51a20392?s=96&d=mm&r=g\",\"url\":\"https:\\\/\\\/secure.gravatar.com\\\/avatar\\\/57de8e5d4b15d43fb361a71fbb36338450fe67865b528a43dd10ef7c51a20392?s=96&d=mm&r=g\",\"contentUrl\":\"https:\\\/\\\/secure.gravatar.com\\\/avatar\\\/57de8e5d4b15d43fb361a71fbb36338450fe67865b528a43dd10ef7c51a20392?s=96&d=mm&r=g\",\"caption\":\"La Sentinelle\"},\"sameAs\":[\"http:\\\/\\\/www.lasentinelle.dz\"],\"url\":\"https:\\\/\\\/lasentinelle.dz\\\/author\\\/redaction\\\/\"}]}<\/script>\n<!-- \/ Yoast SEO plugin. -->","yoast_head_json":{"title":"Message du Pr\u00e9sident Tebboune \u00e0 l\u2019occasion du 8 mars\u00a0: La femme est \u00ab\u00a0l\u2019un des piliers\u00a0\u00bb de l\u2019\u00e9dification nationale - La Sentinelle","robots":{"index":"index","follow":"follow","max-snippet":"max-snippet:-1","max-image-preview":"max-image-preview:large","max-video-preview":"max-video-preview:-1"},"canonical":"https:\/\/lasentinelle.dz\/index.php\/2023\/03\/07\/message-du-president-tebboune-a-loccasion-du-8-mars-la-femme-est-lun-des-piliers-de-ledification-nationale\/","og_locale":"fr_FR","og_type":"article","og_title":"Message du Pr\u00e9sident Tebboune \u00e0 l\u2019occasion du 8 mars\u00a0: La femme est \u00ab\u00a0l\u2019un des piliers\u00a0\u00bb de l\u2019\u00e9dification nationale - La Sentinelle","og_description":"Le pr\u00e9sident de la R\u00e9publique, Abdelmadjid Tebboune, a soulign\u00e9 dans un message adress\u00e9 \u00e0 l\u2019occasion du 8 mars, Journ\u00e9e internationale","og_url":"https:\/\/lasentinelle.dz\/index.php\/2023\/03\/07\/message-du-president-tebboune-a-loccasion-du-8-mars-la-femme-est-lun-des-piliers-de-ledification-nationale\/","og_site_name":"La Sentinelle","article_publisher":"https:\/\/www.facebook.com\/La-Sentinelle-104059864394773","article_published_time":"2023-03-07T21:15:00+00:00","og_image":[{"width":1600,"height":900,"url":"https:\/\/lasentinelle.dz\/wp-content\/uploads\/2023\/03\/tebboune.png","type":"image\/png"}],"author":"La Sentinelle","twitter_card":"summary_large_image","twitter_misc":{"\u00c9crit par":"La Sentinelle","Dur\u00e9e de lecture estim\u00e9e":"4 minutes"},"schema":{"@context":"https:\/\/schema.org","@graph":[{"@type":"Article","@id":"https:\/\/lasentinelle.dz\/index.php\/2023\/03\/07\/message-du-president-tebboune-a-loccasion-du-8-mars-la-femme-est-lun-des-piliers-de-ledification-nationale\/#article","isPartOf":{"@id":"https:\/\/lasentinelle.dz\/index.php\/2023\/03\/07\/message-du-president-tebboune-a-loccasion-du-8-mars-la-femme-est-lun-des-piliers-de-ledification-nationale\/"},"author":{"name":"La Sentinelle","@id":"https:\/\/lasentinelle.dz\/#\/schema\/person\/d865044e22e70a75174ce8bcad3acfb3"},"headline":"Message du Pr\u00e9sident Tebboune \u00e0 l\u2019occasion du 8 mars\u00a0: La femme est \u00ab\u00a0l\u2019un des piliers\u00a0\u00bb de l\u2019\u00e9dification nationale","datePublished":"2023-03-07T21:15:00+00:00","mainEntityOfPage":{"@id":"https:\/\/lasentinelle.dz\/index.php\/2023\/03\/07\/message-du-president-tebboune-a-loccasion-du-8-mars-la-femme-est-lun-des-piliers-de-ledification-nationale\/"},"wordCount":731,"commentCount":0,"publisher":{"@id":"https:\/\/lasentinelle.dz\/#organization"},"image":{"@id":"https:\/\/lasentinelle.dz\/index.php\/2023\/03\/07\/message-du-president-tebboune-a-loccasion-du-8-mars-la-femme-est-lun-des-piliers-de-ledification-nationale\/#primaryimage"},"thumbnailUrl":"https:\/\/lasentinelle.dz\/wp-content\/uploads\/2023\/03\/tebboune.png","articleSection":["\u00c0 la Une","Actualit\u00e9"],"inLanguage":"fr-FR","potentialAction":[{"@type":"CommentAction","name":"Comment","target":["https:\/\/lasentinelle.dz\/index.php\/2023\/03\/07\/message-du-president-tebboune-a-loccasion-du-8-mars-la-femme-est-lun-des-piliers-de-ledification-nationale\/#respond"]}]},{"@type":"WebPage","@id":"https:\/\/lasentinelle.dz\/index.php\/2023\/03\/07\/message-du-president-tebboune-a-loccasion-du-8-mars-la-femme-est-lun-des-piliers-de-ledification-nationale\/","url":"https:\/\/lasentinelle.dz\/index.php\/2023\/03\/07\/message-du-president-tebboune-a-loccasion-du-8-mars-la-femme-est-lun-des-piliers-de-ledification-nationale\/","name":"Message du Pr\u00e9sident Tebboune \u00e0 l\u2019occasion du 8 mars\u00a0: La femme est \u00ab\u00a0l\u2019un des piliers\u00a0\u00bb de l\u2019\u00e9dification nationale - La Sentinelle","isPartOf":{"@id":"https:\/\/lasentinelle.dz\/#website"},"primaryImageOfPage":{"@id":"https:\/\/lasentinelle.dz\/index.php\/2023\/03\/07\/message-du-president-tebboune-a-loccasion-du-8-mars-la-femme-est-lun-des-piliers-de-ledification-nationale\/#primaryimage"},"image":{"@id":"https:\/\/lasentinelle.dz\/index.php\/2023\/03\/07\/message-du-president-tebboune-a-loccasion-du-8-mars-la-femme-est-lun-des-piliers-de-ledification-nationale\/#primaryimage"},"thumbnailUrl":"https:\/\/lasentinelle.dz\/wp-content\/uploads\/2023\/03\/tebboune.png","datePublished":"2023-03-07T21:15:00+00:00","breadcrumb":{"@id":"https:\/\/lasentinelle.dz\/index.php\/2023\/03\/07\/message-du-president-tebboune-a-loccasion-du-8-mars-la-femme-est-lun-des-piliers-de-ledification-nationale\/#breadcrumb"},"inLanguage":"fr-FR","potentialAction":[{"@type":"ReadAction","target":["https:\/\/lasentinelle.dz\/index.php\/2023\/03\/07\/message-du-president-tebboune-a-loccasion-du-8-mars-la-femme-est-lun-des-piliers-de-ledification-nationale\/"]}]},{"@type":"ImageObject","inLanguage":"fr-FR","@id":"https:\/\/lasentinelle.dz\/index.php\/2023\/03\/07\/message-du-president-tebboune-a-loccasion-du-8-mars-la-femme-est-lun-des-piliers-de-ledification-nationale\/#primaryimage","url":"https:\/\/lasentinelle.dz\/wp-content\/uploads\/2023\/03\/tebboune.png","contentUrl":"https:\/\/lasentinelle.dz\/wp-content\/uploads\/2023\/03\/tebboune.png","width":1600,"height":900},{"@type":"BreadcrumbList","@id":"https:\/\/lasentinelle.dz\/index.php\/2023\/03\/07\/message-du-president-tebboune-a-loccasion-du-8-mars-la-femme-est-lun-des-piliers-de-ledification-nationale\/#breadcrumb","itemListElement":[{"@type":"ListItem","position":1,"name":"Accueil","item":"https:\/\/lasentinelle.dz\/"},{"@type":"ListItem","position":2,"name":"Message du Pr\u00e9sident Tebboune \u00e0 l\u2019occasion du 8 mars\u00a0: La femme est \u00ab\u00a0l\u2019un des piliers\u00a0\u00bb de l\u2019\u00e9dification nationale"}]},{"@type":"WebSite","@id":"https:\/\/lasentinelle.dz\/#website","url":"https:\/\/lasentinelle.dz\/","name":"La Sentinelle","description":"Quotidien national d&#039;information","publisher":{"@id":"https:\/\/lasentinelle.dz\/#organization"},"potentialAction":[{"@type":"SearchAction","target":{"@type":"EntryPoint","urlTemplate":"https:\/\/lasentinelle.dz\/?s={search_term_string}"},"query-input":{"@type":"PropertyValueSpecification","valueRequired":true,"valueName":"search_term_string"}}],"inLanguage":"fr-FR"},{"@type":"Organization","@id":"https:\/\/lasentinelle.dz\/#organization","name":"Quotidien La Sentinelle","url":"https:\/\/lasentinelle.dz\/","logo":{"@type":"ImageObject","inLanguage":"fr-FR","@id":"https:\/\/lasentinelle.dz\/#\/schema\/logo\/image\/","url":"https:\/\/lasentinelle.dz\/wp-content\/uploads\/2021\/09\/logo-sentinelleSLOGAN-1.png","contentUrl":"https:\/\/lasentinelle.dz\/wp-content\/uploads\/2021\/09\/logo-sentinelleSLOGAN-1.png","width":615,"height":142,"caption":"Quotidien La Sentinelle"},"image":{"@id":"https:\/\/lasentinelle.dz\/#\/schema\/logo\/image\/"},"sameAs":["https:\/\/www.facebook.com\/La-Sentinelle-104059864394773"]},{"@type":"Person","@id":"https:\/\/lasentinelle.dz\/#\/schema\/person\/d865044e22e70a75174ce8bcad3acfb3","name":"La Sentinelle","image":{"@type":"ImageObject","inLanguage":"fr-FR","@id":"https:\/\/secure.gravatar.com\/avatar\/57de8e5d4b15d43fb361a71fbb36338450fe67865b528a43dd10ef7c51a20392?s=96&d=mm&r=g","url":"https:\/\/secure.gravatar.com\/avatar\/57de8e5d4b15d43fb361a71fbb36338450fe67865b528a43dd10ef7c51a20392?s=96&d=mm&r=g","contentUrl":"https:\/\/secure.gravatar.com\/avatar\/57de8e5d4b15d43fb361a71fbb36338450fe67865b528a43dd10ef7c51a20392?s=96&d=mm&r=g","caption":"La Sentinelle"},"sameAs":["http:\/\/www.lasentinelle.dz"],"url":"https:\/\/lasentinelle.dz\/author\/redaction\/"}]}},"_links":{"self":[{"href":"https:\/\/lasentinelle.dz\/index.php\/wp-json\/wp\/v2\/posts\/37486","targetHints":{"allow":["GET"]}}],"collection":[{"href":"https:\/\/lasentinelle.dz\/index.php\/wp-json\/wp\/v2\/posts"}],"about":[{"href":"https:\/\/lasentinelle.dz\/index.php\/wp-json\/wp\/v2\/types\/post"}],"author":[{"embeddable":true,"href":"https:\/\/lasentinelle.dz\/index.php\/wp-json\/wp\/v2\/users\/3"}],"replies":[{"embeddable":true,"href":"https:\/\/lasentinelle.dz\/index.php\/wp-json\/wp\/v2\/comments?post=37486"}],"version-history":[{"count":2,"href":"https:\/\/lasentinelle.dz\/index.php\/wp-json\/wp\/v2\/posts\/37486\/revisions"}],"predecessor-version":[{"id":37502,"href":"https:\/\/lasentinelle.dz\/index.php\/wp-json\/wp\/v2\/posts\/37486\/revisions\/37502"}],"wp:featuredmedia":[{"embeddable":true,"href":"https:\/\/lasentinelle.dz\/index.php\/wp-json\/wp\/v2\/media\/37494"}],"wp:attachment":[{"href":"https:\/\/lasentinelle.dz\/index.php\/wp-json\/wp\/v2\/media?parent=37486"}],"wp:term":[{"taxonomy":"category","embeddable":true,"href":"https:\/\/lasentinelle.dz\/index.php\/wp-json\/wp\/v2\/categories?post=37486"},{"taxonomy":"post_tag","embeddable":true,"href":"https:\/\/lasentinelle.dz\/index.php\/wp-json\/wp\/v2\/tags?post=37486"}],"curies":[{"name":"wp","href":"https:\/\/api.w.org\/{rel}","templated":true}]}}