{"id":37499,"date":"2023-03-07T22:08:00","date_gmt":"2023-03-07T21:08:00","guid":{"rendered":"https:\/\/lasentinelle.dz\/?p=37499"},"modified":"2023-03-07T21:53:21","modified_gmt":"2023-03-07T20:53:21","slug":"cereales-de-nouvelles-capacites-de-stockage-a-realiser","status":"publish","type":"post","link":"https:\/\/lasentinelle.dz\/index.php\/2023\/03\/07\/cereales-de-nouvelles-capacites-de-stockage-a-realiser\/","title":{"rendered":"C\u00e9r\u00e9ales\u00a0: De nouvelles capacit\u00e9s de stockage \u00e0 r\u00e9aliser"},"content":{"rendered":"\n<p>L\u2019Alg\u00e9rie compte sur le d\u00e9veloppement de sa c\u00e9r\u00e9aliculture, et notamment de la culture de bl\u00e9, afin d\u2019assurer sa s\u00e9curit\u00e9 alimentaire. Au-del\u00e0 des mesures prises afin d\u2019encourager l\u2019investissement dans la fili\u00e8re, notamment \u00e0 travers le d\u00e9veloppement de l\u2019agriculture saharienne, l\u2019Alg\u00e9rie compte sur le d\u00e9veloppement de ses capacit\u00e9s de transport et de stockage&nbsp; \u00e0 travers le territoire national et particuli\u00e8rement dans le Sud afin d\u2019am\u00e9liorer la collecte des c\u00e9r\u00e9ales produites. C\u2019est dans ce contexte que le Gouvernement a entendu hier, lors de sa r\u00e9union hebdomadaire, une communication conjointe du ministres de l\u2019Industrie, de celui de l\u2019Agriculture et du D\u00e9veloppement rural et du ministre du Commerce et de la Promotion des exportations sur le point de situation relatif au projet de construction des unit\u00e9s de stockage des c\u00e9r\u00e9ales. Selon un communiqu\u00e9 de la Primature, \u00ab&nbsp;l&rsquo;\u00e9valuation de cette op\u00e9ration vise \u00e0 disposer d\u2019une cartographie des capacit\u00e9s nationales de stockage des c\u00e9r\u00e9ales en vue de garantir l\u2019optimisation de leur utilisation et de s\u2019assurer des r\u00e9sultats r\u00e9alis\u00e9s en mati\u00e8re de renforcement des bases de la s\u00e9curit\u00e9 alimentaire pour ce qui est de ce produit de large consommation&nbsp;\u00bb.<\/p>\n\n\n\n<p>Pour rappel, le pr\u00e9sident de la R\u00e9publique, Abdelmadjid Tebboune, a indiqu\u00e9 la semaine derni\u00e8re lors des Assises nationales de l\u2019Agriculture que l\u2019Alg\u00e9rie avait les atouts et les capacit\u00e9s qui peuvent lui permettre d\u2019atteindre l\u2019autosuffisance, et notamment en c\u00e9r\u00e9ales, \u00e0 l\u2019horizon 2024-2025. Il a ainsi plaid\u00e9 pour l\u2019augmentation des rendements de la c\u00e9r\u00e9aliculture \u00e0 l\u2019hectare. Notons enfin que le minist\u00e8re de l\u2019Agriculture a lanc\u00e9 une feuille de route pour le d\u00e9veloppement de la c\u00e9r\u00e9aliculture sur trois ans. L\u2019objectif \u00e0 terme est d\u2019atteindre une production de bl\u00e9 de 9 millions de tonnes par ans pour couvrir l\u2019essentiel des besoins du march\u00e9 national.<\/p>\n\n\n\n<p>Chokri Hafed<\/p>\n","protected":false},"excerpt":{"rendered":"<p>L\u2019Alg\u00e9rie compte sur le d\u00e9veloppement de sa c\u00e9r\u00e9aliculture, et notamment de la culture de bl\u00e9, afin d\u2019assurer sa s\u00e9curit\u00e9 alimentaire.<\/p>\n","protected":false},"author":3,"featured_media":18377,"comment_status":"open","ping_status":"closed","sticky":false,"template":"","format":"standard","meta":{"colormag_page_container_layout":"default_layout","colormag_page_sidebar_layout":"default_layout","om_disable_all_campaigns":false,"_monsterinsights_skip_tracking":false,"_monsterinsights_sitenote_active":false,"_monsterinsights_sitenote_note":"","_monsterinsights_sitenote_category":0,"footnotes":"","_wpscppro_dont_share_socialmedia":false,"_wpscppro_custom_social_share_image":0,"_facebook_share_type":"","_twitter_share_type":"","_linkedin_share_type":"","_pinterest_share_type":"","_linkedin_share_type_page":"","_instagram_share_type":"","_medium_share_type":"","_threads_share_type":"","_google_business_share_type":"","_selected_social_profile":[],"_wpsp_enable_custom_social_template":false,"_wpsp_social_scheduling":{"enabled":false,"datetime":null,"platforms":[],"status":"template_only","dateOption":"today","timeOption":"now","customDays":"","customHours":"","customDate":"","customTime":"","schedulingType":"absolute"},"_wpsp_active_default_template":true},"categories":[52,27],"tags":[],"class_list":["post-37499","post","type-post","status-publish","format-standard","has-post-thumbnail","hentry","category-a-la-une","category-actualite"],"aioseo_notices":[],"yoast_head":"<!-- This site is optimized with the Yoast SEO plugin v27.5 - https:\/\/yoast.com\/product\/yoast-seo-wordpress\/ -->\n<title>C\u00e9r\u00e9ales\u00a0: De nouvelles capacit\u00e9s de stockage \u00e0 r\u00e9aliser - La Sentinelle<\/title>\n<meta name=\"robots\" content=\"index, follow, max-snippet:-1, max-image-preview:large, max-video-preview:-1\" \/>\n<link rel=\"canonical\" href=\"https:\/\/lasentinelle.dz\/index.php\/2023\/03\/07\/cereales-de-nouvelles-capacites-de-stockage-a-realiser\/\" \/>\n<meta property=\"og:locale\" content=\"fr_FR\" \/>\n<meta property=\"og:type\" content=\"article\" \/>\n<meta property=\"og:title\" content=\"C\u00e9r\u00e9ales\u00a0: De nouvelles capacit\u00e9s de stockage \u00e0 r\u00e9aliser - La Sentinelle\" \/>\n<meta property=\"og:description\" content=\"L\u2019Alg\u00e9rie compte sur le d\u00e9veloppement de sa c\u00e9r\u00e9aliculture, et notamment de la culture de bl\u00e9, afin d\u2019assurer sa s\u00e9curit\u00e9 alimentaire.\" \/>\n<meta property=\"og:url\" content=\"https:\/\/lasentinelle.dz\/index.php\/2023\/03\/07\/cereales-de-nouvelles-capacites-de-stockage-a-realiser\/\" \/>\n<meta property=\"og:site_name\" content=\"La Sentinelle\" \/>\n<meta property=\"article:publisher\" content=\"https:\/\/www.facebook.com\/La-Sentinelle-104059864394773\" \/>\n<meta property=\"article:published_time\" content=\"2023-03-07T21:08:00+00:00\" \/>\n<meta property=\"og:image\" content=\"https:\/\/lasentinelle.dz\/wp-content\/uploads\/2022\/03\/ble-cereales-tracteur2-1024x576.png\" \/>\n\t<meta property=\"og:image:width\" content=\"1024\" \/>\n\t<meta property=\"og:image:height\" content=\"576\" \/>\n\t<meta property=\"og:image:type\" content=\"image\/png\" \/>\n<meta name=\"author\" content=\"La Sentinelle\" \/>\n<meta name=\"twitter:card\" content=\"summary_large_image\" \/>\n<meta name=\"twitter:label1\" content=\"\u00c9crit par\" \/>\n\t<meta name=\"twitter:data1\" content=\"La Sentinelle\" \/>\n\t<meta name=\"twitter:label2\" content=\"Dur\u00e9e de lecture estim\u00e9e\" \/>\n\t<meta name=\"twitter:data2\" content=\"2 minutes\" \/>\n<script type=\"application\/ld+json\" class=\"yoast-schema-graph\">{\"@context\":\"https:\\\/\\\/schema.org\",\"@graph\":[{\"@type\":\"Article\",\"@id\":\"https:\\\/\\\/lasentinelle.dz\\\/index.php\\\/2023\\\/03\\\/07\\\/cereales-de-nouvelles-capacites-de-stockage-a-realiser\\\/#article\",\"isPartOf\":{\"@id\":\"https:\\\/\\\/lasentinelle.dz\\\/index.php\\\/2023\\\/03\\\/07\\\/cereales-de-nouvelles-capacites-de-stockage-a-realiser\\\/\"},\"author\":{\"name\":\"La Sentinelle\",\"@id\":\"https:\\\/\\\/lasentinelle.dz\\\/#\\\/schema\\\/person\\\/d865044e22e70a75174ce8bcad3acfb3\"},\"headline\":\"C\u00e9r\u00e9ales\u00a0: De nouvelles capacit\u00e9s de stockage \u00e0 r\u00e9aliser\",\"datePublished\":\"2023-03-07T21:08:00+00:00\",\"mainEntityOfPage\":{\"@id\":\"https:\\\/\\\/lasentinelle.dz\\\/index.php\\\/2023\\\/03\\\/07\\\/cereales-de-nouvelles-capacites-de-stockage-a-realiser\\\/\"},\"wordCount\":356,\"commentCount\":0,\"publisher\":{\"@id\":\"https:\\\/\\\/lasentinelle.dz\\\/#organization\"},\"image\":{\"@id\":\"https:\\\/\\\/lasentinelle.dz\\\/index.php\\\/2023\\\/03\\\/07\\\/cereales-de-nouvelles-capacites-de-stockage-a-realiser\\\/#primaryimage\"},\"thumbnailUrl\":\"https:\\\/\\\/lasentinelle.dz\\\/wp-content\\\/uploads\\\/2022\\\/03\\\/ble-cereales-tracteur2.png\",\"articleSection\":[\"\u00c0 la Une\",\"Actualit\u00e9\"],\"inLanguage\":\"fr-FR\",\"potentialAction\":[{\"@type\":\"CommentAction\",\"name\":\"Comment\",\"target\":[\"https:\\\/\\\/lasentinelle.dz\\\/index.php\\\/2023\\\/03\\\/07\\\/cereales-de-nouvelles-capacites-de-stockage-a-realiser\\\/#respond\"]}]},{\"@type\":\"WebPage\",\"@id\":\"https:\\\/\\\/lasentinelle.dz\\\/index.php\\\/2023\\\/03\\\/07\\\/cereales-de-nouvelles-capacites-de-stockage-a-realiser\\\/\",\"url\":\"https:\\\/\\\/lasentinelle.dz\\\/index.php\\\/2023\\\/03\\\/07\\\/cereales-de-nouvelles-capacites-de-stockage-a-realiser\\\/\",\"name\":\"C\u00e9r\u00e9ales\u00a0: De nouvelles capacit\u00e9s de stockage \u00e0 r\u00e9aliser - La Sentinelle\",\"isPartOf\":{\"@id\":\"https:\\\/\\\/lasentinelle.dz\\\/#website\"},\"primaryImageOfPage\":{\"@id\":\"https:\\\/\\\/lasentinelle.dz\\\/index.php\\\/2023\\\/03\\\/07\\\/cereales-de-nouvelles-capacites-de-stockage-a-realiser\\\/#primaryimage\"},\"image\":{\"@id\":\"https:\\\/\\\/lasentinelle.dz\\\/index.php\\\/2023\\\/03\\\/07\\\/cereales-de-nouvelles-capacites-de-stockage-a-realiser\\\/#primaryimage\"},\"thumbnailUrl\":\"https:\\\/\\\/lasentinelle.dz\\\/wp-content\\\/uploads\\\/2022\\\/03\\\/ble-cereales-tracteur2.png\",\"datePublished\":\"2023-03-07T21:08:00+00:00\",\"breadcrumb\":{\"@id\":\"https:\\\/\\\/lasentinelle.dz\\\/index.php\\\/2023\\\/03\\\/07\\\/cereales-de-nouvelles-capacites-de-stockage-a-realiser\\\/#breadcrumb\"},\"inLanguage\":\"fr-FR\",\"potentialAction\":[{\"@type\":\"ReadAction\",\"target\":[\"https:\\\/\\\/lasentinelle.dz\\\/index.php\\\/2023\\\/03\\\/07\\\/cereales-de-nouvelles-capacites-de-stockage-a-realiser\\\/\"]}]},{\"@type\":\"ImageObject\",\"inLanguage\":\"fr-FR\",\"@id\":\"https:\\\/\\\/lasentinelle.dz\\\/index.php\\\/2023\\\/03\\\/07\\\/cereales-de-nouvelles-capacites-de-stockage-a-realiser\\\/#primaryimage\",\"url\":\"https:\\\/\\\/lasentinelle.dz\\\/wp-content\\\/uploads\\\/2022\\\/03\\\/ble-cereales-tracteur2.png\",\"contentUrl\":\"https:\\\/\\\/lasentinelle.dz\\\/wp-content\\\/uploads\\\/2022\\\/03\\\/ble-cereales-tracteur2.png\",\"width\":1600,\"height\":900},{\"@type\":\"BreadcrumbList\",\"@id\":\"https:\\\/\\\/lasentinelle.dz\\\/index.php\\\/2023\\\/03\\\/07\\\/cereales-de-nouvelles-capacites-de-stockage-a-realiser\\\/#breadcrumb\",\"itemListElement\":[{\"@type\":\"ListItem\",\"position\":1,\"name\":\"Accueil\",\"item\":\"https:\\\/\\\/lasentinelle.dz\\\/\"},{\"@type\":\"ListItem\",\"position\":2,\"name\":\"C\u00e9r\u00e9ales\u00a0: De nouvelles capacit\u00e9s de stockage \u00e0 r\u00e9aliser\"}]},{\"@type\":\"WebSite\",\"@id\":\"https:\\\/\\\/lasentinelle.dz\\\/#website\",\"url\":\"https:\\\/\\\/lasentinelle.dz\\\/\",\"name\":\"La Sentinelle\",\"description\":\"Quotidien national d&#039;information\",\"publisher\":{\"@id\":\"https:\\\/\\\/lasentinelle.dz\\\/#organization\"},\"potentialAction\":[{\"@type\":\"SearchAction\",\"target\":{\"@type\":\"EntryPoint\",\"urlTemplate\":\"https:\\\/\\\/lasentinelle.dz\\\/?s={search_term_string}\"},\"query-input\":{\"@type\":\"PropertyValueSpecification\",\"valueRequired\":true,\"valueName\":\"search_term_string\"}}],\"inLanguage\":\"fr-FR\"},{\"@type\":\"Organization\",\"@id\":\"https:\\\/\\\/lasentinelle.dz\\\/#organization\",\"name\":\"Quotidien La Sentinelle\",\"url\":\"https:\\\/\\\/lasentinelle.dz\\\/\",\"logo\":{\"@type\":\"ImageObject\",\"inLanguage\":\"fr-FR\",\"@id\":\"https:\\\/\\\/lasentinelle.dz\\\/#\\\/schema\\\/logo\\\/image\\\/\",\"url\":\"https:\\\/\\\/lasentinelle.dz\\\/wp-content\\\/uploads\\\/2021\\\/09\\\/logo-sentinelleSLOGAN-1.png\",\"contentUrl\":\"https:\\\/\\\/lasentinelle.dz\\\/wp-content\\\/uploads\\\/2021\\\/09\\\/logo-sentinelleSLOGAN-1.png\",\"width\":615,\"height\":142,\"caption\":\"Quotidien La Sentinelle\"},\"image\":{\"@id\":\"https:\\\/\\\/lasentinelle.dz\\\/#\\\/schema\\\/logo\\\/image\\\/\"},\"sameAs\":[\"https:\\\/\\\/www.facebook.com\\\/La-Sentinelle-104059864394773\"]},{\"@type\":\"Person\",\"@id\":\"https:\\\/\\\/lasentinelle.dz\\\/#\\\/schema\\\/person\\\/d865044e22e70a75174ce8bcad3acfb3\",\"name\":\"La Sentinelle\",\"image\":{\"@type\":\"ImageObject\",\"inLanguage\":\"fr-FR\",\"@id\":\"https:\\\/\\\/secure.gravatar.com\\\/avatar\\\/57de8e5d4b15d43fb361a71fbb36338450fe67865b528a43dd10ef7c51a20392?s=96&d=mm&r=g\",\"url\":\"https:\\\/\\\/secure.gravatar.com\\\/avatar\\\/57de8e5d4b15d43fb361a71fbb36338450fe67865b528a43dd10ef7c51a20392?s=96&d=mm&r=g\",\"contentUrl\":\"https:\\\/\\\/secure.gravatar.com\\\/avatar\\\/57de8e5d4b15d43fb361a71fbb36338450fe67865b528a43dd10ef7c51a20392?s=96&d=mm&r=g\",\"caption\":\"La Sentinelle\"},\"sameAs\":[\"http:\\\/\\\/www.lasentinelle.dz\"],\"url\":\"https:\\\/\\\/lasentinelle.dz\\\/author\\\/redaction\\\/\"}]}<\/script>\n<!-- \/ Yoast SEO plugin. -->","yoast_head_json":{"title":"C\u00e9r\u00e9ales\u00a0: De nouvelles capacit\u00e9s de stockage \u00e0 r\u00e9aliser - La Sentinelle","robots":{"index":"index","follow":"follow","max-snippet":"max-snippet:-1","max-image-preview":"max-image-preview:large","max-video-preview":"max-video-preview:-1"},"canonical":"https:\/\/lasentinelle.dz\/index.php\/2023\/03\/07\/cereales-de-nouvelles-capacites-de-stockage-a-realiser\/","og_locale":"fr_FR","og_type":"article","og_title":"C\u00e9r\u00e9ales\u00a0: De nouvelles capacit\u00e9s de stockage \u00e0 r\u00e9aliser - La Sentinelle","og_description":"L\u2019Alg\u00e9rie compte sur le d\u00e9veloppement de sa c\u00e9r\u00e9aliculture, et notamment de la culture de bl\u00e9, afin d\u2019assurer sa s\u00e9curit\u00e9 alimentaire.","og_url":"https:\/\/lasentinelle.dz\/index.php\/2023\/03\/07\/cereales-de-nouvelles-capacites-de-stockage-a-realiser\/","og_site_name":"La Sentinelle","article_publisher":"https:\/\/www.facebook.com\/La-Sentinelle-104059864394773","article_published_time":"2023-03-07T21:08:00+00:00","og_image":[{"width":1024,"height":576,"url":"https:\/\/lasentinelle.dz\/wp-content\/uploads\/2022\/03\/ble-cereales-tracteur2-1024x576.png","type":"image\/png"}],"author":"La Sentinelle","twitter_card":"summary_large_image","twitter_misc":{"\u00c9crit par":"La Sentinelle","Dur\u00e9e de lecture estim\u00e9e":"2 minutes"},"schema":{"@context":"https:\/\/schema.org","@graph":[{"@type":"Article","@id":"https:\/\/lasentinelle.dz\/index.php\/2023\/03\/07\/cereales-de-nouvelles-capacites-de-stockage-a-realiser\/#article","isPartOf":{"@id":"https:\/\/lasentinelle.dz\/index.php\/2023\/03\/07\/cereales-de-nouvelles-capacites-de-stockage-a-realiser\/"},"author":{"name":"La Sentinelle","@id":"https:\/\/lasentinelle.dz\/#\/schema\/person\/d865044e22e70a75174ce8bcad3acfb3"},"headline":"C\u00e9r\u00e9ales\u00a0: De nouvelles capacit\u00e9s de stockage \u00e0 r\u00e9aliser","datePublished":"2023-03-07T21:08:00+00:00","mainEntityOfPage":{"@id":"https:\/\/lasentinelle.dz\/index.php\/2023\/03\/07\/cereales-de-nouvelles-capacites-de-stockage-a-realiser\/"},"wordCount":356,"commentCount":0,"publisher":{"@id":"https:\/\/lasentinelle.dz\/#organization"},"image":{"@id":"https:\/\/lasentinelle.dz\/index.php\/2023\/03\/07\/cereales-de-nouvelles-capacites-de-stockage-a-realiser\/#primaryimage"},"thumbnailUrl":"https:\/\/lasentinelle.dz\/wp-content\/uploads\/2022\/03\/ble-cereales-tracteur2.png","articleSection":["\u00c0 la Une","Actualit\u00e9"],"inLanguage":"fr-FR","potentialAction":[{"@type":"CommentAction","name":"Comment","target":["https:\/\/lasentinelle.dz\/index.php\/2023\/03\/07\/cereales-de-nouvelles-capacites-de-stockage-a-realiser\/#respond"]}]},{"@type":"WebPage","@id":"https:\/\/lasentinelle.dz\/index.php\/2023\/03\/07\/cereales-de-nouvelles-capacites-de-stockage-a-realiser\/","url":"https:\/\/lasentinelle.dz\/index.php\/2023\/03\/07\/cereales-de-nouvelles-capacites-de-stockage-a-realiser\/","name":"C\u00e9r\u00e9ales\u00a0: De nouvelles capacit\u00e9s de stockage \u00e0 r\u00e9aliser - La Sentinelle","isPartOf":{"@id":"https:\/\/lasentinelle.dz\/#website"},"primaryImageOfPage":{"@id":"https:\/\/lasentinelle.dz\/index.php\/2023\/03\/07\/cereales-de-nouvelles-capacites-de-stockage-a-realiser\/#primaryimage"},"image":{"@id":"https:\/\/lasentinelle.dz\/index.php\/2023\/03\/07\/cereales-de-nouvelles-capacites-de-stockage-a-realiser\/#primaryimage"},"thumbnailUrl":"https:\/\/lasentinelle.dz\/wp-content\/uploads\/2022\/03\/ble-cereales-tracteur2.png","datePublished":"2023-03-07T21:08:00+00:00","breadcrumb":{"@id":"https:\/\/lasentinelle.dz\/index.php\/2023\/03\/07\/cereales-de-nouvelles-capacites-de-stockage-a-realiser\/#breadcrumb"},"inLanguage":"fr-FR","potentialAction":[{"@type":"ReadAction","target":["https:\/\/lasentinelle.dz\/index.php\/2023\/03\/07\/cereales-de-nouvelles-capacites-de-stockage-a-realiser\/"]}]},{"@type":"ImageObject","inLanguage":"fr-FR","@id":"https:\/\/lasentinelle.dz\/index.php\/2023\/03\/07\/cereales-de-nouvelles-capacites-de-stockage-a-realiser\/#primaryimage","url":"https:\/\/lasentinelle.dz\/wp-content\/uploads\/2022\/03\/ble-cereales-tracteur2.png","contentUrl":"https:\/\/lasentinelle.dz\/wp-content\/uploads\/2022\/03\/ble-cereales-tracteur2.png","width":1600,"height":900},{"@type":"BreadcrumbList","@id":"https:\/\/lasentinelle.dz\/index.php\/2023\/03\/07\/cereales-de-nouvelles-capacites-de-stockage-a-realiser\/#breadcrumb","itemListElement":[{"@type":"ListItem","position":1,"name":"Accueil","item":"https:\/\/lasentinelle.dz\/"},{"@type":"ListItem","position":2,"name":"C\u00e9r\u00e9ales\u00a0: De nouvelles capacit\u00e9s de stockage \u00e0 r\u00e9aliser"}]},{"@type":"WebSite","@id":"https:\/\/lasentinelle.dz\/#website","url":"https:\/\/lasentinelle.dz\/","name":"La Sentinelle","description":"Quotidien national d&#039;information","publisher":{"@id":"https:\/\/lasentinelle.dz\/#organization"},"potentialAction":[{"@type":"SearchAction","target":{"@type":"EntryPoint","urlTemplate":"https:\/\/lasentinelle.dz\/?s={search_term_string}"},"query-input":{"@type":"PropertyValueSpecification","valueRequired":true,"valueName":"search_term_string"}}],"inLanguage":"fr-FR"},{"@type":"Organization","@id":"https:\/\/lasentinelle.dz\/#organization","name":"Quotidien La Sentinelle","url":"https:\/\/lasentinelle.dz\/","logo":{"@type":"ImageObject","inLanguage":"fr-FR","@id":"https:\/\/lasentinelle.dz\/#\/schema\/logo\/image\/","url":"https:\/\/lasentinelle.dz\/wp-content\/uploads\/2021\/09\/logo-sentinelleSLOGAN-1.png","contentUrl":"https:\/\/lasentinelle.dz\/wp-content\/uploads\/2021\/09\/logo-sentinelleSLOGAN-1.png","width":615,"height":142,"caption":"Quotidien La Sentinelle"},"image":{"@id":"https:\/\/lasentinelle.dz\/#\/schema\/logo\/image\/"},"sameAs":["https:\/\/www.facebook.com\/La-Sentinelle-104059864394773"]},{"@type":"Person","@id":"https:\/\/lasentinelle.dz\/#\/schema\/person\/d865044e22e70a75174ce8bcad3acfb3","name":"La Sentinelle","image":{"@type":"ImageObject","inLanguage":"fr-FR","@id":"https:\/\/secure.gravatar.com\/avatar\/57de8e5d4b15d43fb361a71fbb36338450fe67865b528a43dd10ef7c51a20392?s=96&d=mm&r=g","url":"https:\/\/secure.gravatar.com\/avatar\/57de8e5d4b15d43fb361a71fbb36338450fe67865b528a43dd10ef7c51a20392?s=96&d=mm&r=g","contentUrl":"https:\/\/secure.gravatar.com\/avatar\/57de8e5d4b15d43fb361a71fbb36338450fe67865b528a43dd10ef7c51a20392?s=96&d=mm&r=g","caption":"La Sentinelle"},"sameAs":["http:\/\/www.lasentinelle.dz"],"url":"https:\/\/lasentinelle.dz\/author\/redaction\/"}]}},"_links":{"self":[{"href":"https:\/\/lasentinelle.dz\/index.php\/wp-json\/wp\/v2\/posts\/37499","targetHints":{"allow":["GET"]}}],"collection":[{"href":"https:\/\/lasentinelle.dz\/index.php\/wp-json\/wp\/v2\/posts"}],"about":[{"href":"https:\/\/lasentinelle.dz\/index.php\/wp-json\/wp\/v2\/types\/post"}],"author":[{"embeddable":true,"href":"https:\/\/lasentinelle.dz\/index.php\/wp-json\/wp\/v2\/users\/3"}],"replies":[{"embeddable":true,"href":"https:\/\/lasentinelle.dz\/index.php\/wp-json\/wp\/v2\/comments?post=37499"}],"version-history":[{"count":1,"href":"https:\/\/lasentinelle.dz\/index.php\/wp-json\/wp\/v2\/posts\/37499\/revisions"}],"predecessor-version":[{"id":37508,"href":"https:\/\/lasentinelle.dz\/index.php\/wp-json\/wp\/v2\/posts\/37499\/revisions\/37508"}],"wp:featuredmedia":[{"embeddable":true,"href":"https:\/\/lasentinelle.dz\/index.php\/wp-json\/wp\/v2\/media\/18377"}],"wp:attachment":[{"href":"https:\/\/lasentinelle.dz\/index.php\/wp-json\/wp\/v2\/media?parent=37499"}],"wp:term":[{"taxonomy":"category","embeddable":true,"href":"https:\/\/lasentinelle.dz\/index.php\/wp-json\/wp\/v2\/categories?post=37499"},{"taxonomy":"post_tag","embeddable":true,"href":"https:\/\/lasentinelle.dz\/index.php\/wp-json\/wp\/v2\/tags?post=37499"}],"curies":[{"name":"wp","href":"https:\/\/api.w.org\/{rel}","templated":true}]}}