{"id":37514,"date":"2023-03-08T22:00:00","date_gmt":"2023-03-08T21:00:00","guid":{"rendered":"https:\/\/lasentinelle.dz\/?p=37514"},"modified":"2023-03-08T19:21:51","modified_gmt":"2023-03-08T18:21:51","slug":"perou-la-presidente-entendue-pour-la-sanglante-repression-des-manifestations","status":"publish","type":"post","link":"https:\/\/lasentinelle.dz\/index.php\/2023\/03\/08\/perou-la-presidente-entendue-pour-la-sanglante-repression-des-manifestations\/","title":{"rendered":"P\u00e9rou\u00a0: La pr\u00e9sidente entendue pour la sanglante r\u00e9pression des manifestations"},"content":{"rendered":"\n<p>La pr\u00e9sidente du P\u00e9rou Dina Boluarte a \u00e9t\u00e9 interrog\u00e9e mardi par la procureure en charge de l&rsquo;enqu\u00eate sur la r\u00e9pression des manifestations qui ont suivi l&rsquo;\u00e9viction de son pr\u00e9d\u00e9cesseur et fait une cinquantaine de morts en trois mois. Dina Boluarte, qui a remplac\u00e9 en d\u00e9cembre Pedro Castillo, destitu\u00e9 par le Parlement, a comparu pendant pr\u00e8s d&rsquo;une heure et demie pour r\u00e9pondre \u00e0 \u00abl&rsquo;enqu\u00eate sur les d\u00e9c\u00e8s de citoyens survenus lors des mobilisations sociales de d\u00e9cembre 2022 et janvier 2023\u00bb, a indiqu\u00e9 le Parquet. La pr\u00e9sidence a indiqu\u00e9 sur Twitter, sans plus de d\u00e9tails, que Dina Boluarte \u00aba fait des d\u00e9clarations concernant les enqu\u00eates\u00bb. La pr\u00e9sidente de 60 ans est arriv\u00e9e au Palais de justice souriante, lourdement escort\u00e9e, selon des images partag\u00e9es sur les r\u00e9seaux sociaux par le Parquet. Aucun rassemblement de partisans ou d&rsquo;opposant Dina Mme Boluarte \u00abveut aider \u00e0 la d\u00e9couverte de la v\u00e9rit\u00e9\u00bb, avait d\u00e9clar\u00e9 son avocate Kelly Montenegro au journal El Comercio. Le Parquet a ouvert une enqu\u00eate contre Dina Boluarte le 10 janvier pour des d\u00e9lits pr\u00e9sum\u00e9s de \u00abg\u00e9nocide, d&rsquo;homicide aggrav\u00e9 et de blessures graves\u00bb lors des manifestations antigouvernementales au cours desquelles 54 personnes ont perdu la vie, dont six soldats qui se sont noy\u00e9s ce week-end en tentant de fuir des centaines de protestataires qui les attaquaient. Selon le bureau du m\u00e9diateur, 1300 personnes ont \u00e9galement \u00e9t\u00e9 bless\u00e9es, dont pr\u00e8s de la moiti\u00e9 sont des hommes en uniforme. Plusieurs ministres et anciens ministres de son gouvernement sont \u00e9galement vis\u00e9s par cette enqu\u00eate. Le P\u00e9rou est emp\u00eatr\u00e9 dans une grave crise politique et sociale qui a \u00e9clat\u00e9 le 7 d\u00e9cembre avec l&rsquo;\u00e9viction et l&rsquo;incarc\u00e9ration de l&rsquo;ancien pr\u00e9sident de gauche, remplac\u00e9 par sa vice-pr\u00e9sidente. Pedro Castillo, 53 ans, est accus\u00e9 d&rsquo;avoir tent\u00e9 un coup d&rsquo;\u00c9tat en voulant dissoudre l&rsquo;Assembl\u00e9e qui s&rsquo;appr\u00eatait \u00e0 le chasser du pouvoir. Dans une audience distincte, l&rsquo;ex-pr\u00e9sident a comparu mardi apr\u00e8s la demande du minist\u00e8re public de prolonger sa d\u00e9tention provisoire de 18 \u00e0 36 mois. Le Parquet souhaite ajouter les charges d&rsquo;\u00aborganisation criminelle, collusion et trafic d&rsquo;influence\u00bb \u00e0 celle de \u00abr\u00e9bellion\u00bb et \u00abconspiration\u00bb d\u00e9j\u00e0 retenues. \u00abJe nie fermement et cat\u00e9goriquement \u00eatre responsable et faire partie d&rsquo;un r\u00e9seau criminel\u00bb, a d\u00e9clar\u00e9 Pedro Castillo lors de l&rsquo;audience virtuelle. \u00abLe seul crime que j&rsquo;ai commis a \u00e9t\u00e9 de servir mon pays en tant que pr\u00e9sident de la R\u00e9publique\u00bb, a ajout\u00e9 l&rsquo;ancien chef de l&rsquo;\u00c9tat, qui dit se sentir \u00abkidnapp\u00e9\u00bb. Sa chute apr\u00e8s 17 mois \u00e0 la t\u00eate du pays a d\u00e9clench\u00e9 de violents affrontements entre manifestants le soutenant et forces de l&rsquo;ordre. Outre la d\u00e9mission de Dina Boluarte, les protestataires exigent la dissolution du Parlement et la tenue d&rsquo;\u00e9lections anticip\u00e9es en 2023.<\/p>\n\n\n\n<p>R.I.<\/p>\n","protected":false},"excerpt":{"rendered":"<p>La pr\u00e9sidente du P\u00e9rou Dina Boluarte a \u00e9t\u00e9 interrog\u00e9e mardi par la procureure en charge de l&rsquo;enqu\u00eate sur la r\u00e9pression<\/p>\n","protected":false},"author":3,"featured_media":37545,"comment_status":"open","ping_status":"closed","sticky":false,"template":"","format":"standard","meta":{"colormag_page_container_layout":"default_layout","colormag_page_sidebar_layout":"default_layout","om_disable_all_campaigns":false,"_monsterinsights_skip_tracking":false,"_monsterinsights_sitenote_active":false,"_monsterinsights_sitenote_note":"","_monsterinsights_sitenote_category":0,"footnotes":"","_wpscppro_dont_share_socialmedia":false,"_wpscppro_custom_social_share_image":0,"_facebook_share_type":"","_twitter_share_type":"","_linkedin_share_type":"","_pinterest_share_type":"","_linkedin_share_type_page":"","_instagram_share_type":"","_medium_share_type":"","_threads_share_type":"","_google_business_share_type":"","_selected_social_profile":[],"_wpsp_enable_custom_social_template":false,"_wpsp_social_scheduling":{"enabled":false,"datetime":null,"platforms":[],"status":"template_only","dateOption":"today","timeOption":"now","customDays":"","customHours":"","customDate":"","customTime":"","schedulingType":"absolute"},"_wpsp_active_default_template":true},"categories":[37],"tags":[],"class_list":["post-37514","post","type-post","status-publish","format-standard","has-post-thumbnail","hentry","category-monde"],"aioseo_notices":[],"yoast_head":"<!-- This site is optimized with the Yoast SEO plugin v27.4 - https:\/\/yoast.com\/product\/yoast-seo-wordpress\/ -->\n<title>P\u00e9rou\u00a0: La pr\u00e9sidente entendue pour la sanglante r\u00e9pression des manifestations - La Sentinelle<\/title>\n<meta name=\"robots\" content=\"index, follow, max-snippet:-1, max-image-preview:large, max-video-preview:-1\" \/>\n<link rel=\"canonical\" href=\"https:\/\/lasentinelle.dz\/index.php\/2023\/03\/08\/perou-la-presidente-entendue-pour-la-sanglante-repression-des-manifestations\/\" \/>\n<meta property=\"og:locale\" content=\"fr_FR\" \/>\n<meta property=\"og:type\" content=\"article\" \/>\n<meta property=\"og:title\" content=\"P\u00e9rou\u00a0: La pr\u00e9sidente entendue pour la sanglante r\u00e9pression des manifestations - La Sentinelle\" \/>\n<meta property=\"og:description\" content=\"La pr\u00e9sidente du P\u00e9rou Dina Boluarte a \u00e9t\u00e9 interrog\u00e9e mardi par la procureure en charge de l&rsquo;enqu\u00eate sur la r\u00e9pression\" \/>\n<meta property=\"og:url\" content=\"https:\/\/lasentinelle.dz\/index.php\/2023\/03\/08\/perou-la-presidente-entendue-pour-la-sanglante-repression-des-manifestations\/\" \/>\n<meta property=\"og:site_name\" content=\"La Sentinelle\" \/>\n<meta property=\"article:publisher\" content=\"https:\/\/www.facebook.com\/La-Sentinelle-104059864394773\" \/>\n<meta property=\"article:published_time\" content=\"2023-03-08T21:00:00+00:00\" \/>\n<meta property=\"og:image\" content=\"https:\/\/lasentinelle.dz\/wp-content\/uploads\/2023\/03\/image_2023-03-08_185131699-1024x683.png\" \/>\n\t<meta property=\"og:image:width\" content=\"1024\" \/>\n\t<meta property=\"og:image:height\" content=\"683\" \/>\n\t<meta property=\"og:image:type\" content=\"image\/png\" \/>\n<meta name=\"author\" content=\"La Sentinelle\" \/>\n<meta name=\"twitter:card\" content=\"summary_large_image\" \/>\n<meta name=\"twitter:label1\" content=\"\u00c9crit par\" \/>\n\t<meta name=\"twitter:data1\" content=\"La Sentinelle\" \/>\n\t<meta name=\"twitter:label2\" content=\"Dur\u00e9e de lecture estim\u00e9e\" \/>\n\t<meta name=\"twitter:data2\" content=\"3 minutes\" \/>\n<script type=\"application\/ld+json\" class=\"yoast-schema-graph\">{\"@context\":\"https:\\\/\\\/schema.org\",\"@graph\":[{\"@type\":\"Article\",\"@id\":\"https:\\\/\\\/lasentinelle.dz\\\/index.php\\\/2023\\\/03\\\/08\\\/perou-la-presidente-entendue-pour-la-sanglante-repression-des-manifestations\\\/#article\",\"isPartOf\":{\"@id\":\"https:\\\/\\\/lasentinelle.dz\\\/index.php\\\/2023\\\/03\\\/08\\\/perou-la-presidente-entendue-pour-la-sanglante-repression-des-manifestations\\\/\"},\"author\":{\"name\":\"La Sentinelle\",\"@id\":\"https:\\\/\\\/lasentinelle.dz\\\/#\\\/schema\\\/person\\\/d865044e22e70a75174ce8bcad3acfb3\"},\"headline\":\"P\u00e9rou\u00a0: La pr\u00e9sidente entendue pour la sanglante r\u00e9pression des manifestations\",\"datePublished\":\"2023-03-08T21:00:00+00:00\",\"mainEntityOfPage\":{\"@id\":\"https:\\\/\\\/lasentinelle.dz\\\/index.php\\\/2023\\\/03\\\/08\\\/perou-la-presidente-entendue-pour-la-sanglante-repression-des-manifestations\\\/\"},\"wordCount\":518,\"commentCount\":0,\"publisher\":{\"@id\":\"https:\\\/\\\/lasentinelle.dz\\\/#organization\"},\"image\":{\"@id\":\"https:\\\/\\\/lasentinelle.dz\\\/index.php\\\/2023\\\/03\\\/08\\\/perou-la-presidente-entendue-pour-la-sanglante-repression-des-manifestations\\\/#primaryimage\"},\"thumbnailUrl\":\"https:\\\/\\\/lasentinelle.dz\\\/wp-content\\\/uploads\\\/2023\\\/03\\\/image_2023-03-08_185131699.png\",\"articleSection\":[\"Monde\"],\"inLanguage\":\"fr-FR\",\"potentialAction\":[{\"@type\":\"CommentAction\",\"name\":\"Comment\",\"target\":[\"https:\\\/\\\/lasentinelle.dz\\\/index.php\\\/2023\\\/03\\\/08\\\/perou-la-presidente-entendue-pour-la-sanglante-repression-des-manifestations\\\/#respond\"]}]},{\"@type\":\"WebPage\",\"@id\":\"https:\\\/\\\/lasentinelle.dz\\\/index.php\\\/2023\\\/03\\\/08\\\/perou-la-presidente-entendue-pour-la-sanglante-repression-des-manifestations\\\/\",\"url\":\"https:\\\/\\\/lasentinelle.dz\\\/index.php\\\/2023\\\/03\\\/08\\\/perou-la-presidente-entendue-pour-la-sanglante-repression-des-manifestations\\\/\",\"name\":\"P\u00e9rou\u00a0: La pr\u00e9sidente entendue pour la sanglante r\u00e9pression des manifestations - La Sentinelle\",\"isPartOf\":{\"@id\":\"https:\\\/\\\/lasentinelle.dz\\\/#website\"},\"primaryImageOfPage\":{\"@id\":\"https:\\\/\\\/lasentinelle.dz\\\/index.php\\\/2023\\\/03\\\/08\\\/perou-la-presidente-entendue-pour-la-sanglante-repression-des-manifestations\\\/#primaryimage\"},\"image\":{\"@id\":\"https:\\\/\\\/lasentinelle.dz\\\/index.php\\\/2023\\\/03\\\/08\\\/perou-la-presidente-entendue-pour-la-sanglante-repression-des-manifestations\\\/#primaryimage\"},\"thumbnailUrl\":\"https:\\\/\\\/lasentinelle.dz\\\/wp-content\\\/uploads\\\/2023\\\/03\\\/image_2023-03-08_185131699.png\",\"datePublished\":\"2023-03-08T21:00:00+00:00\",\"breadcrumb\":{\"@id\":\"https:\\\/\\\/lasentinelle.dz\\\/index.php\\\/2023\\\/03\\\/08\\\/perou-la-presidente-entendue-pour-la-sanglante-repression-des-manifestations\\\/#breadcrumb\"},\"inLanguage\":\"fr-FR\",\"potentialAction\":[{\"@type\":\"ReadAction\",\"target\":[\"https:\\\/\\\/lasentinelle.dz\\\/index.php\\\/2023\\\/03\\\/08\\\/perou-la-presidente-entendue-pour-la-sanglante-repression-des-manifestations\\\/\"]}]},{\"@type\":\"ImageObject\",\"inLanguage\":\"fr-FR\",\"@id\":\"https:\\\/\\\/lasentinelle.dz\\\/index.php\\\/2023\\\/03\\\/08\\\/perou-la-presidente-entendue-pour-la-sanglante-repression-des-manifestations\\\/#primaryimage\",\"url\":\"https:\\\/\\\/lasentinelle.dz\\\/wp-content\\\/uploads\\\/2023\\\/03\\\/image_2023-03-08_185131699.png\",\"contentUrl\":\"https:\\\/\\\/lasentinelle.dz\\\/wp-content\\\/uploads\\\/2023\\\/03\\\/image_2023-03-08_185131699.png\",\"width\":3000,\"height\":2000},{\"@type\":\"BreadcrumbList\",\"@id\":\"https:\\\/\\\/lasentinelle.dz\\\/index.php\\\/2023\\\/03\\\/08\\\/perou-la-presidente-entendue-pour-la-sanglante-repression-des-manifestations\\\/#breadcrumb\",\"itemListElement\":[{\"@type\":\"ListItem\",\"position\":1,\"name\":\"Accueil\",\"item\":\"https:\\\/\\\/lasentinelle.dz\\\/\"},{\"@type\":\"ListItem\",\"position\":2,\"name\":\"P\u00e9rou\u00a0: La pr\u00e9sidente entendue pour la sanglante r\u00e9pression des manifestations\"}]},{\"@type\":\"WebSite\",\"@id\":\"https:\\\/\\\/lasentinelle.dz\\\/#website\",\"url\":\"https:\\\/\\\/lasentinelle.dz\\\/\",\"name\":\"La Sentinelle\",\"description\":\"Quotidien national d&#039;information\",\"publisher\":{\"@id\":\"https:\\\/\\\/lasentinelle.dz\\\/#organization\"},\"potentialAction\":[{\"@type\":\"SearchAction\",\"target\":{\"@type\":\"EntryPoint\",\"urlTemplate\":\"https:\\\/\\\/lasentinelle.dz\\\/?s={search_term_string}\"},\"query-input\":{\"@type\":\"PropertyValueSpecification\",\"valueRequired\":true,\"valueName\":\"search_term_string\"}}],\"inLanguage\":\"fr-FR\"},{\"@type\":\"Organization\",\"@id\":\"https:\\\/\\\/lasentinelle.dz\\\/#organization\",\"name\":\"Quotidien La Sentinelle\",\"url\":\"https:\\\/\\\/lasentinelle.dz\\\/\",\"logo\":{\"@type\":\"ImageObject\",\"inLanguage\":\"fr-FR\",\"@id\":\"https:\\\/\\\/lasentinelle.dz\\\/#\\\/schema\\\/logo\\\/image\\\/\",\"url\":\"https:\\\/\\\/lasentinelle.dz\\\/wp-content\\\/uploads\\\/2021\\\/09\\\/logo-sentinelleSLOGAN-1.png\",\"contentUrl\":\"https:\\\/\\\/lasentinelle.dz\\\/wp-content\\\/uploads\\\/2021\\\/09\\\/logo-sentinelleSLOGAN-1.png\",\"width\":615,\"height\":142,\"caption\":\"Quotidien La Sentinelle\"},\"image\":{\"@id\":\"https:\\\/\\\/lasentinelle.dz\\\/#\\\/schema\\\/logo\\\/image\\\/\"},\"sameAs\":[\"https:\\\/\\\/www.facebook.com\\\/La-Sentinelle-104059864394773\"]},{\"@type\":\"Person\",\"@id\":\"https:\\\/\\\/lasentinelle.dz\\\/#\\\/schema\\\/person\\\/d865044e22e70a75174ce8bcad3acfb3\",\"name\":\"La Sentinelle\",\"image\":{\"@type\":\"ImageObject\",\"inLanguage\":\"fr-FR\",\"@id\":\"https:\\\/\\\/secure.gravatar.com\\\/avatar\\\/57de8e5d4b15d43fb361a71fbb36338450fe67865b528a43dd10ef7c51a20392?s=96&d=mm&r=g\",\"url\":\"https:\\\/\\\/secure.gravatar.com\\\/avatar\\\/57de8e5d4b15d43fb361a71fbb36338450fe67865b528a43dd10ef7c51a20392?s=96&d=mm&r=g\",\"contentUrl\":\"https:\\\/\\\/secure.gravatar.com\\\/avatar\\\/57de8e5d4b15d43fb361a71fbb36338450fe67865b528a43dd10ef7c51a20392?s=96&d=mm&r=g\",\"caption\":\"La Sentinelle\"},\"sameAs\":[\"http:\\\/\\\/www.lasentinelle.dz\"],\"url\":\"https:\\\/\\\/lasentinelle.dz\\\/author\\\/redaction\\\/\"}]}<\/script>\n<!-- \/ Yoast SEO plugin. -->","yoast_head_json":{"title":"P\u00e9rou\u00a0: La pr\u00e9sidente entendue pour la sanglante r\u00e9pression des manifestations - La Sentinelle","robots":{"index":"index","follow":"follow","max-snippet":"max-snippet:-1","max-image-preview":"max-image-preview:large","max-video-preview":"max-video-preview:-1"},"canonical":"https:\/\/lasentinelle.dz\/index.php\/2023\/03\/08\/perou-la-presidente-entendue-pour-la-sanglante-repression-des-manifestations\/","og_locale":"fr_FR","og_type":"article","og_title":"P\u00e9rou\u00a0: La pr\u00e9sidente entendue pour la sanglante r\u00e9pression des manifestations - La Sentinelle","og_description":"La pr\u00e9sidente du P\u00e9rou Dina Boluarte a \u00e9t\u00e9 interrog\u00e9e mardi par la procureure en charge de l&rsquo;enqu\u00eate sur la r\u00e9pression","og_url":"https:\/\/lasentinelle.dz\/index.php\/2023\/03\/08\/perou-la-presidente-entendue-pour-la-sanglante-repression-des-manifestations\/","og_site_name":"La Sentinelle","article_publisher":"https:\/\/www.facebook.com\/La-Sentinelle-104059864394773","article_published_time":"2023-03-08T21:00:00+00:00","og_image":[{"width":1024,"height":683,"url":"https:\/\/lasentinelle.dz\/wp-content\/uploads\/2023\/03\/image_2023-03-08_185131699-1024x683.png","type":"image\/png"}],"author":"La Sentinelle","twitter_card":"summary_large_image","twitter_misc":{"\u00c9crit par":"La Sentinelle","Dur\u00e9e de lecture estim\u00e9e":"3 minutes"},"schema":{"@context":"https:\/\/schema.org","@graph":[{"@type":"Article","@id":"https:\/\/lasentinelle.dz\/index.php\/2023\/03\/08\/perou-la-presidente-entendue-pour-la-sanglante-repression-des-manifestations\/#article","isPartOf":{"@id":"https:\/\/lasentinelle.dz\/index.php\/2023\/03\/08\/perou-la-presidente-entendue-pour-la-sanglante-repression-des-manifestations\/"},"author":{"name":"La Sentinelle","@id":"https:\/\/lasentinelle.dz\/#\/schema\/person\/d865044e22e70a75174ce8bcad3acfb3"},"headline":"P\u00e9rou\u00a0: La pr\u00e9sidente entendue pour la sanglante r\u00e9pression des manifestations","datePublished":"2023-03-08T21:00:00+00:00","mainEntityOfPage":{"@id":"https:\/\/lasentinelle.dz\/index.php\/2023\/03\/08\/perou-la-presidente-entendue-pour-la-sanglante-repression-des-manifestations\/"},"wordCount":518,"commentCount":0,"publisher":{"@id":"https:\/\/lasentinelle.dz\/#organization"},"image":{"@id":"https:\/\/lasentinelle.dz\/index.php\/2023\/03\/08\/perou-la-presidente-entendue-pour-la-sanglante-repression-des-manifestations\/#primaryimage"},"thumbnailUrl":"https:\/\/lasentinelle.dz\/wp-content\/uploads\/2023\/03\/image_2023-03-08_185131699.png","articleSection":["Monde"],"inLanguage":"fr-FR","potentialAction":[{"@type":"CommentAction","name":"Comment","target":["https:\/\/lasentinelle.dz\/index.php\/2023\/03\/08\/perou-la-presidente-entendue-pour-la-sanglante-repression-des-manifestations\/#respond"]}]},{"@type":"WebPage","@id":"https:\/\/lasentinelle.dz\/index.php\/2023\/03\/08\/perou-la-presidente-entendue-pour-la-sanglante-repression-des-manifestations\/","url":"https:\/\/lasentinelle.dz\/index.php\/2023\/03\/08\/perou-la-presidente-entendue-pour-la-sanglante-repression-des-manifestations\/","name":"P\u00e9rou\u00a0: La pr\u00e9sidente entendue pour la sanglante r\u00e9pression des manifestations - La Sentinelle","isPartOf":{"@id":"https:\/\/lasentinelle.dz\/#website"},"primaryImageOfPage":{"@id":"https:\/\/lasentinelle.dz\/index.php\/2023\/03\/08\/perou-la-presidente-entendue-pour-la-sanglante-repression-des-manifestations\/#primaryimage"},"image":{"@id":"https:\/\/lasentinelle.dz\/index.php\/2023\/03\/08\/perou-la-presidente-entendue-pour-la-sanglante-repression-des-manifestations\/#primaryimage"},"thumbnailUrl":"https:\/\/lasentinelle.dz\/wp-content\/uploads\/2023\/03\/image_2023-03-08_185131699.png","datePublished":"2023-03-08T21:00:00+00:00","breadcrumb":{"@id":"https:\/\/lasentinelle.dz\/index.php\/2023\/03\/08\/perou-la-presidente-entendue-pour-la-sanglante-repression-des-manifestations\/#breadcrumb"},"inLanguage":"fr-FR","potentialAction":[{"@type":"ReadAction","target":["https:\/\/lasentinelle.dz\/index.php\/2023\/03\/08\/perou-la-presidente-entendue-pour-la-sanglante-repression-des-manifestations\/"]}]},{"@type":"ImageObject","inLanguage":"fr-FR","@id":"https:\/\/lasentinelle.dz\/index.php\/2023\/03\/08\/perou-la-presidente-entendue-pour-la-sanglante-repression-des-manifestations\/#primaryimage","url":"https:\/\/lasentinelle.dz\/wp-content\/uploads\/2023\/03\/image_2023-03-08_185131699.png","contentUrl":"https:\/\/lasentinelle.dz\/wp-content\/uploads\/2023\/03\/image_2023-03-08_185131699.png","width":3000,"height":2000},{"@type":"BreadcrumbList","@id":"https:\/\/lasentinelle.dz\/index.php\/2023\/03\/08\/perou-la-presidente-entendue-pour-la-sanglante-repression-des-manifestations\/#breadcrumb","itemListElement":[{"@type":"ListItem","position":1,"name":"Accueil","item":"https:\/\/lasentinelle.dz\/"},{"@type":"ListItem","position":2,"name":"P\u00e9rou\u00a0: La pr\u00e9sidente entendue pour la sanglante r\u00e9pression des manifestations"}]},{"@type":"WebSite","@id":"https:\/\/lasentinelle.dz\/#website","url":"https:\/\/lasentinelle.dz\/","name":"La Sentinelle","description":"Quotidien national d&#039;information","publisher":{"@id":"https:\/\/lasentinelle.dz\/#organization"},"potentialAction":[{"@type":"SearchAction","target":{"@type":"EntryPoint","urlTemplate":"https:\/\/lasentinelle.dz\/?s={search_term_string}"},"query-input":{"@type":"PropertyValueSpecification","valueRequired":true,"valueName":"search_term_string"}}],"inLanguage":"fr-FR"},{"@type":"Organization","@id":"https:\/\/lasentinelle.dz\/#organization","name":"Quotidien La Sentinelle","url":"https:\/\/lasentinelle.dz\/","logo":{"@type":"ImageObject","inLanguage":"fr-FR","@id":"https:\/\/lasentinelle.dz\/#\/schema\/logo\/image\/","url":"https:\/\/lasentinelle.dz\/wp-content\/uploads\/2021\/09\/logo-sentinelleSLOGAN-1.png","contentUrl":"https:\/\/lasentinelle.dz\/wp-content\/uploads\/2021\/09\/logo-sentinelleSLOGAN-1.png","width":615,"height":142,"caption":"Quotidien La Sentinelle"},"image":{"@id":"https:\/\/lasentinelle.dz\/#\/schema\/logo\/image\/"},"sameAs":["https:\/\/www.facebook.com\/La-Sentinelle-104059864394773"]},{"@type":"Person","@id":"https:\/\/lasentinelle.dz\/#\/schema\/person\/d865044e22e70a75174ce8bcad3acfb3","name":"La Sentinelle","image":{"@type":"ImageObject","inLanguage":"fr-FR","@id":"https:\/\/secure.gravatar.com\/avatar\/57de8e5d4b15d43fb361a71fbb36338450fe67865b528a43dd10ef7c51a20392?s=96&d=mm&r=g","url":"https:\/\/secure.gravatar.com\/avatar\/57de8e5d4b15d43fb361a71fbb36338450fe67865b528a43dd10ef7c51a20392?s=96&d=mm&r=g","contentUrl":"https:\/\/secure.gravatar.com\/avatar\/57de8e5d4b15d43fb361a71fbb36338450fe67865b528a43dd10ef7c51a20392?s=96&d=mm&r=g","caption":"La Sentinelle"},"sameAs":["http:\/\/www.lasentinelle.dz"],"url":"https:\/\/lasentinelle.dz\/author\/redaction\/"}]}},"_links":{"self":[{"href":"https:\/\/lasentinelle.dz\/index.php\/wp-json\/wp\/v2\/posts\/37514","targetHints":{"allow":["GET"]}}],"collection":[{"href":"https:\/\/lasentinelle.dz\/index.php\/wp-json\/wp\/v2\/posts"}],"about":[{"href":"https:\/\/lasentinelle.dz\/index.php\/wp-json\/wp\/v2\/types\/post"}],"author":[{"embeddable":true,"href":"https:\/\/lasentinelle.dz\/index.php\/wp-json\/wp\/v2\/users\/3"}],"replies":[{"embeddable":true,"href":"https:\/\/lasentinelle.dz\/index.php\/wp-json\/wp\/v2\/comments?post=37514"}],"version-history":[{"count":1,"href":"https:\/\/lasentinelle.dz\/index.php\/wp-json\/wp\/v2\/posts\/37514\/revisions"}],"predecessor-version":[{"id":37546,"href":"https:\/\/lasentinelle.dz\/index.php\/wp-json\/wp\/v2\/posts\/37514\/revisions\/37546"}],"wp:featuredmedia":[{"embeddable":true,"href":"https:\/\/lasentinelle.dz\/index.php\/wp-json\/wp\/v2\/media\/37545"}],"wp:attachment":[{"href":"https:\/\/lasentinelle.dz\/index.php\/wp-json\/wp\/v2\/media?parent=37514"}],"wp:term":[{"taxonomy":"category","embeddable":true,"href":"https:\/\/lasentinelle.dz\/index.php\/wp-json\/wp\/v2\/categories?post=37514"},{"taxonomy":"post_tag","embeddable":true,"href":"https:\/\/lasentinelle.dz\/index.php\/wp-json\/wp\/v2\/tags?post=37514"}],"curies":[{"name":"wp","href":"https:\/\/api.w.org\/{rel}","templated":true}]}}