{"id":37523,"date":"2023-03-08T22:00:00","date_gmt":"2023-03-08T21:00:00","guid":{"rendered":"https:\/\/lasentinelle.dz\/?p=37523"},"modified":"2023-03-08T18:02:43","modified_gmt":"2023-03-08T17:02:43","slug":"coupe-de-la-caf-lusma-trebuche","status":"publish","type":"post","link":"https:\/\/lasentinelle.dz\/index.php\/2023\/03\/08\/coupe-de-la-caf-lusma-trebuche\/","title":{"rendered":"Coupe de la CAF\u00a0: L&rsquo;USMA tr\u00e9buche"},"content":{"rendered":"\n<p>L\u2019USMA a conc\u00e9d\u00e9 hier sa premi\u00e8re d\u00e9faite depuis la phase de poules de la Coupe de la CAF face aux Sud-africains de Marumo Gallants. Ces derniers prennent la t\u00eate du groupe avec neuf points, tandis que les \u00ab&nbsp;Rouge et Noir&nbsp;\u00bb, prennent la seconde place avec 7 points.<\/p>\n\n\n\n<p>L&rsquo;USM Alger, seul repr\u00e9sentant alg\u00e9rien en Coupe de la Conf\u00e9d\u00e9ration africaine de football, a tr\u00e9buch\u00e9 hier face aux Sud-africains de Marumo Gallants en s\u2019inclinant su un score de deux buts \u00e0 z\u00e9ro dans le match disput\u00e9 au stade de Dobsonville \u00e0 Johannesburg, comptant pour la 4e journ\u00e9e (Gr.A) de la phase de poules. Au cours d&rsquo;un match disput\u00e9 \u00e0 huis clos pour des raisons s\u00e9curitaires, les locaux ont trouv\u00e9 la faille d\u00e8s la 7e minute de jeu gr\u00e2ce \u00e0 Nku Lesiba. En seconde p\u00e9riode, l&rsquo;actuelle lanterne rouge du championnat sud-africain est parvenu \u00e0 faire le break par l&rsquo;interm\u00e9diaire de Letsie Koapebng (75e), et mettre d\u00e9finitivement les siens \u00e0 l&rsquo;abri. L&rsquo;entr\u00e9e en jeu des deux attaquants Abderraouf Othmani et Zakaria Al-Haraish durant le dernier quart d&rsquo;heure, n&rsquo;a pas suffi pour renverser la vapeur. Il s&rsquo;agit de la premi\u00e8re d\u00e9faite pour l&rsquo;USMA depuis le d\u00e9but de la comp\u00e9tition.<\/p>\n\n\n\n<p>A l&rsquo;issue de cette victoire, Marumo Gallants s&#8217;empare de la place de leader avec 9 points, avec deux points d&rsquo;avance sur l&rsquo;USM Alger (7e pts), alors que le FC St-Eloi Lupopo suit derri\u00e8re \u00e0 la 3e place (6 pts) apr\u00e8s sa victoire par un score d\u2019un but \u00e0 z\u00e9ro sur les Libyens d&rsquo;Al-Akhdar SC lesquels ferment la marche avec un seul point.<\/p>\n\n\n\n<p>C\u2019est le premier \u00e9chec de l\u2018USMA depuis le d\u00e9but de cette phase de poule, qui interrompt la dynamique des r\u00e9sultats positifs pour le club et qui l\u2019emp\u00eache de s\u00e9curiser son billet pour le quart de finale. Il reste cependant deux matchs dans un en d\u00e9placement pour l\u2019USMA pour se rattraper. Le prochain est pr\u00e9vu contre le club congolais du FC St-Eloi Lupopo, tandis que l\u2019USMA jouera le dernier match \u00e0 domicile contre les Libyens d\u2019Al-Akhdar SC.<\/p>\n\n\n\n<p>R.S.<br><\/p>\n","protected":false},"excerpt":{"rendered":"<p>L\u2019USMA a conc\u00e9d\u00e9 hier sa premi\u00e8re d\u00e9faite depuis la phase de poules de la Coupe de la CAF face aux<\/p>\n","protected":false},"author":3,"featured_media":37526,"comment_status":"open","ping_status":"closed","sticky":false,"template":"","format":"standard","meta":{"colormag_page_container_layout":"default_layout","colormag_page_sidebar_layout":"default_layout","om_disable_all_campaigns":false,"_monsterinsights_skip_tracking":false,"_monsterinsights_sitenote_active":false,"_monsterinsights_sitenote_note":"","_monsterinsights_sitenote_category":0,"footnotes":"","_wpscppro_dont_share_socialmedia":false,"_wpscppro_custom_social_share_image":0,"_facebook_share_type":"","_twitter_share_type":"","_linkedin_share_type":"","_pinterest_share_type":"","_linkedin_share_type_page":"","_instagram_share_type":"","_medium_share_type":"","_threads_share_type":"","_google_business_share_type":"","_selected_social_profile":[],"_wpsp_enable_custom_social_template":false,"_wpsp_social_scheduling":{"enabled":false,"datetime":null,"platforms":[],"status":"template_only","dateOption":"today","timeOption":"now","customDays":"","customHours":"","customDate":"","customTime":"","schedulingType":"absolute"},"_wpsp_active_default_template":true},"categories":[33],"tags":[],"class_list":["post-37523","post","type-post","status-publish","format-standard","has-post-thumbnail","hentry","category-sports"],"aioseo_notices":[],"yoast_head":"<!-- This site is optimized with the Yoast SEO plugin v27.4 - https:\/\/yoast.com\/product\/yoast-seo-wordpress\/ -->\n<title>Coupe de la CAF\u00a0: L&rsquo;USMA tr\u00e9buche - La Sentinelle<\/title>\n<meta name=\"robots\" content=\"index, follow, max-snippet:-1, max-image-preview:large, max-video-preview:-1\" \/>\n<link rel=\"canonical\" href=\"https:\/\/lasentinelle.dz\/index.php\/2023\/03\/08\/coupe-de-la-caf-lusma-trebuche\/\" \/>\n<meta property=\"og:locale\" content=\"fr_FR\" \/>\n<meta property=\"og:type\" content=\"article\" \/>\n<meta property=\"og:title\" content=\"Coupe de la CAF\u00a0: L&rsquo;USMA tr\u00e9buche - La Sentinelle\" \/>\n<meta property=\"og:description\" content=\"L\u2019USMA a conc\u00e9d\u00e9 hier sa premi\u00e8re d\u00e9faite depuis la phase de poules de la Coupe de la CAF face aux\" \/>\n<meta property=\"og:url\" content=\"https:\/\/lasentinelle.dz\/index.php\/2023\/03\/08\/coupe-de-la-caf-lusma-trebuche\/\" \/>\n<meta property=\"og:site_name\" content=\"La Sentinelle\" \/>\n<meta property=\"article:publisher\" content=\"https:\/\/www.facebook.com\/La-Sentinelle-104059864394773\" \/>\n<meta property=\"article:published_time\" content=\"2023-03-08T21:00:00+00:00\" \/>\n<meta property=\"og:image\" content=\"https:\/\/lasentinelle.dz\/wp-content\/uploads\/2023\/03\/USMA.jpeg\" \/>\n\t<meta property=\"og:image:width\" content=\"1049\" \/>\n\t<meta property=\"og:image:height\" content=\"699\" \/>\n\t<meta property=\"og:image:type\" content=\"image\/jpeg\" \/>\n<meta name=\"author\" content=\"La Sentinelle\" \/>\n<meta name=\"twitter:card\" content=\"summary_large_image\" \/>\n<meta name=\"twitter:label1\" content=\"\u00c9crit par\" \/>\n\t<meta name=\"twitter:data1\" content=\"La Sentinelle\" \/>\n\t<meta name=\"twitter:label2\" content=\"Dur\u00e9e de lecture estim\u00e9e\" \/>\n\t<meta name=\"twitter:data2\" content=\"2 minutes\" \/>\n<script type=\"application\/ld+json\" class=\"yoast-schema-graph\">{\"@context\":\"https:\\\/\\\/schema.org\",\"@graph\":[{\"@type\":\"Article\",\"@id\":\"https:\\\/\\\/lasentinelle.dz\\\/index.php\\\/2023\\\/03\\\/08\\\/coupe-de-la-caf-lusma-trebuche\\\/#article\",\"isPartOf\":{\"@id\":\"https:\\\/\\\/lasentinelle.dz\\\/index.php\\\/2023\\\/03\\\/08\\\/coupe-de-la-caf-lusma-trebuche\\\/\"},\"author\":{\"name\":\"La Sentinelle\",\"@id\":\"https:\\\/\\\/lasentinelle.dz\\\/#\\\/schema\\\/person\\\/d865044e22e70a75174ce8bcad3acfb3\"},\"headline\":\"Coupe de la CAF\u00a0: L&rsquo;USMA tr\u00e9buche\",\"datePublished\":\"2023-03-08T21:00:00+00:00\",\"mainEntityOfPage\":{\"@id\":\"https:\\\/\\\/lasentinelle.dz\\\/index.php\\\/2023\\\/03\\\/08\\\/coupe-de-la-caf-lusma-trebuche\\\/\"},\"wordCount\":388,\"commentCount\":0,\"publisher\":{\"@id\":\"https:\\\/\\\/lasentinelle.dz\\\/#organization\"},\"image\":{\"@id\":\"https:\\\/\\\/lasentinelle.dz\\\/index.php\\\/2023\\\/03\\\/08\\\/coupe-de-la-caf-lusma-trebuche\\\/#primaryimage\"},\"thumbnailUrl\":\"https:\\\/\\\/lasentinelle.dz\\\/wp-content\\\/uploads\\\/2023\\\/03\\\/USMA.jpeg\",\"articleSection\":[\"Sports\"],\"inLanguage\":\"fr-FR\",\"potentialAction\":[{\"@type\":\"CommentAction\",\"name\":\"Comment\",\"target\":[\"https:\\\/\\\/lasentinelle.dz\\\/index.php\\\/2023\\\/03\\\/08\\\/coupe-de-la-caf-lusma-trebuche\\\/#respond\"]}]},{\"@type\":\"WebPage\",\"@id\":\"https:\\\/\\\/lasentinelle.dz\\\/index.php\\\/2023\\\/03\\\/08\\\/coupe-de-la-caf-lusma-trebuche\\\/\",\"url\":\"https:\\\/\\\/lasentinelle.dz\\\/index.php\\\/2023\\\/03\\\/08\\\/coupe-de-la-caf-lusma-trebuche\\\/\",\"name\":\"Coupe de la CAF\u00a0: L&rsquo;USMA tr\u00e9buche - La Sentinelle\",\"isPartOf\":{\"@id\":\"https:\\\/\\\/lasentinelle.dz\\\/#website\"},\"primaryImageOfPage\":{\"@id\":\"https:\\\/\\\/lasentinelle.dz\\\/index.php\\\/2023\\\/03\\\/08\\\/coupe-de-la-caf-lusma-trebuche\\\/#primaryimage\"},\"image\":{\"@id\":\"https:\\\/\\\/lasentinelle.dz\\\/index.php\\\/2023\\\/03\\\/08\\\/coupe-de-la-caf-lusma-trebuche\\\/#primaryimage\"},\"thumbnailUrl\":\"https:\\\/\\\/lasentinelle.dz\\\/wp-content\\\/uploads\\\/2023\\\/03\\\/USMA.jpeg\",\"datePublished\":\"2023-03-08T21:00:00+00:00\",\"breadcrumb\":{\"@id\":\"https:\\\/\\\/lasentinelle.dz\\\/index.php\\\/2023\\\/03\\\/08\\\/coupe-de-la-caf-lusma-trebuche\\\/#breadcrumb\"},\"inLanguage\":\"fr-FR\",\"potentialAction\":[{\"@type\":\"ReadAction\",\"target\":[\"https:\\\/\\\/lasentinelle.dz\\\/index.php\\\/2023\\\/03\\\/08\\\/coupe-de-la-caf-lusma-trebuche\\\/\"]}]},{\"@type\":\"ImageObject\",\"inLanguage\":\"fr-FR\",\"@id\":\"https:\\\/\\\/lasentinelle.dz\\\/index.php\\\/2023\\\/03\\\/08\\\/coupe-de-la-caf-lusma-trebuche\\\/#primaryimage\",\"url\":\"https:\\\/\\\/lasentinelle.dz\\\/wp-content\\\/uploads\\\/2023\\\/03\\\/USMA.jpeg\",\"contentUrl\":\"https:\\\/\\\/lasentinelle.dz\\\/wp-content\\\/uploads\\\/2023\\\/03\\\/USMA.jpeg\",\"width\":1049,\"height\":699},{\"@type\":\"BreadcrumbList\",\"@id\":\"https:\\\/\\\/lasentinelle.dz\\\/index.php\\\/2023\\\/03\\\/08\\\/coupe-de-la-caf-lusma-trebuche\\\/#breadcrumb\",\"itemListElement\":[{\"@type\":\"ListItem\",\"position\":1,\"name\":\"Accueil\",\"item\":\"https:\\\/\\\/lasentinelle.dz\\\/\"},{\"@type\":\"ListItem\",\"position\":2,\"name\":\"Coupe de la CAF\u00a0: L&rsquo;USMA tr\u00e9buche\"}]},{\"@type\":\"WebSite\",\"@id\":\"https:\\\/\\\/lasentinelle.dz\\\/#website\",\"url\":\"https:\\\/\\\/lasentinelle.dz\\\/\",\"name\":\"La Sentinelle\",\"description\":\"Quotidien national d&#039;information\",\"publisher\":{\"@id\":\"https:\\\/\\\/lasentinelle.dz\\\/#organization\"},\"potentialAction\":[{\"@type\":\"SearchAction\",\"target\":{\"@type\":\"EntryPoint\",\"urlTemplate\":\"https:\\\/\\\/lasentinelle.dz\\\/?s={search_term_string}\"},\"query-input\":{\"@type\":\"PropertyValueSpecification\",\"valueRequired\":true,\"valueName\":\"search_term_string\"}}],\"inLanguage\":\"fr-FR\"},{\"@type\":\"Organization\",\"@id\":\"https:\\\/\\\/lasentinelle.dz\\\/#organization\",\"name\":\"Quotidien La Sentinelle\",\"url\":\"https:\\\/\\\/lasentinelle.dz\\\/\",\"logo\":{\"@type\":\"ImageObject\",\"inLanguage\":\"fr-FR\",\"@id\":\"https:\\\/\\\/lasentinelle.dz\\\/#\\\/schema\\\/logo\\\/image\\\/\",\"url\":\"https:\\\/\\\/lasentinelle.dz\\\/wp-content\\\/uploads\\\/2021\\\/09\\\/logo-sentinelleSLOGAN-1.png\",\"contentUrl\":\"https:\\\/\\\/lasentinelle.dz\\\/wp-content\\\/uploads\\\/2021\\\/09\\\/logo-sentinelleSLOGAN-1.png\",\"width\":615,\"height\":142,\"caption\":\"Quotidien La Sentinelle\"},\"image\":{\"@id\":\"https:\\\/\\\/lasentinelle.dz\\\/#\\\/schema\\\/logo\\\/image\\\/\"},\"sameAs\":[\"https:\\\/\\\/www.facebook.com\\\/La-Sentinelle-104059864394773\"]},{\"@type\":\"Person\",\"@id\":\"https:\\\/\\\/lasentinelle.dz\\\/#\\\/schema\\\/person\\\/d865044e22e70a75174ce8bcad3acfb3\",\"name\":\"La Sentinelle\",\"image\":{\"@type\":\"ImageObject\",\"inLanguage\":\"fr-FR\",\"@id\":\"https:\\\/\\\/secure.gravatar.com\\\/avatar\\\/57de8e5d4b15d43fb361a71fbb36338450fe67865b528a43dd10ef7c51a20392?s=96&d=mm&r=g\",\"url\":\"https:\\\/\\\/secure.gravatar.com\\\/avatar\\\/57de8e5d4b15d43fb361a71fbb36338450fe67865b528a43dd10ef7c51a20392?s=96&d=mm&r=g\",\"contentUrl\":\"https:\\\/\\\/secure.gravatar.com\\\/avatar\\\/57de8e5d4b15d43fb361a71fbb36338450fe67865b528a43dd10ef7c51a20392?s=96&d=mm&r=g\",\"caption\":\"La Sentinelle\"},\"sameAs\":[\"http:\\\/\\\/www.lasentinelle.dz\"],\"url\":\"https:\\\/\\\/lasentinelle.dz\\\/author\\\/redaction\\\/\"}]}<\/script>\n<!-- \/ Yoast SEO plugin. -->","yoast_head_json":{"title":"Coupe de la CAF\u00a0: L&rsquo;USMA tr\u00e9buche - La Sentinelle","robots":{"index":"index","follow":"follow","max-snippet":"max-snippet:-1","max-image-preview":"max-image-preview:large","max-video-preview":"max-video-preview:-1"},"canonical":"https:\/\/lasentinelle.dz\/index.php\/2023\/03\/08\/coupe-de-la-caf-lusma-trebuche\/","og_locale":"fr_FR","og_type":"article","og_title":"Coupe de la CAF\u00a0: L&rsquo;USMA tr\u00e9buche - La Sentinelle","og_description":"L\u2019USMA a conc\u00e9d\u00e9 hier sa premi\u00e8re d\u00e9faite depuis la phase de poules de la Coupe de la CAF face aux","og_url":"https:\/\/lasentinelle.dz\/index.php\/2023\/03\/08\/coupe-de-la-caf-lusma-trebuche\/","og_site_name":"La Sentinelle","article_publisher":"https:\/\/www.facebook.com\/La-Sentinelle-104059864394773","article_published_time":"2023-03-08T21:00:00+00:00","og_image":[{"width":1049,"height":699,"url":"https:\/\/lasentinelle.dz\/wp-content\/uploads\/2023\/03\/USMA.jpeg","type":"image\/jpeg"}],"author":"La Sentinelle","twitter_card":"summary_large_image","twitter_misc":{"\u00c9crit par":"La Sentinelle","Dur\u00e9e de lecture estim\u00e9e":"2 minutes"},"schema":{"@context":"https:\/\/schema.org","@graph":[{"@type":"Article","@id":"https:\/\/lasentinelle.dz\/index.php\/2023\/03\/08\/coupe-de-la-caf-lusma-trebuche\/#article","isPartOf":{"@id":"https:\/\/lasentinelle.dz\/index.php\/2023\/03\/08\/coupe-de-la-caf-lusma-trebuche\/"},"author":{"name":"La Sentinelle","@id":"https:\/\/lasentinelle.dz\/#\/schema\/person\/d865044e22e70a75174ce8bcad3acfb3"},"headline":"Coupe de la CAF\u00a0: L&rsquo;USMA tr\u00e9buche","datePublished":"2023-03-08T21:00:00+00:00","mainEntityOfPage":{"@id":"https:\/\/lasentinelle.dz\/index.php\/2023\/03\/08\/coupe-de-la-caf-lusma-trebuche\/"},"wordCount":388,"commentCount":0,"publisher":{"@id":"https:\/\/lasentinelle.dz\/#organization"},"image":{"@id":"https:\/\/lasentinelle.dz\/index.php\/2023\/03\/08\/coupe-de-la-caf-lusma-trebuche\/#primaryimage"},"thumbnailUrl":"https:\/\/lasentinelle.dz\/wp-content\/uploads\/2023\/03\/USMA.jpeg","articleSection":["Sports"],"inLanguage":"fr-FR","potentialAction":[{"@type":"CommentAction","name":"Comment","target":["https:\/\/lasentinelle.dz\/index.php\/2023\/03\/08\/coupe-de-la-caf-lusma-trebuche\/#respond"]}]},{"@type":"WebPage","@id":"https:\/\/lasentinelle.dz\/index.php\/2023\/03\/08\/coupe-de-la-caf-lusma-trebuche\/","url":"https:\/\/lasentinelle.dz\/index.php\/2023\/03\/08\/coupe-de-la-caf-lusma-trebuche\/","name":"Coupe de la CAF\u00a0: L&rsquo;USMA tr\u00e9buche - La Sentinelle","isPartOf":{"@id":"https:\/\/lasentinelle.dz\/#website"},"primaryImageOfPage":{"@id":"https:\/\/lasentinelle.dz\/index.php\/2023\/03\/08\/coupe-de-la-caf-lusma-trebuche\/#primaryimage"},"image":{"@id":"https:\/\/lasentinelle.dz\/index.php\/2023\/03\/08\/coupe-de-la-caf-lusma-trebuche\/#primaryimage"},"thumbnailUrl":"https:\/\/lasentinelle.dz\/wp-content\/uploads\/2023\/03\/USMA.jpeg","datePublished":"2023-03-08T21:00:00+00:00","breadcrumb":{"@id":"https:\/\/lasentinelle.dz\/index.php\/2023\/03\/08\/coupe-de-la-caf-lusma-trebuche\/#breadcrumb"},"inLanguage":"fr-FR","potentialAction":[{"@type":"ReadAction","target":["https:\/\/lasentinelle.dz\/index.php\/2023\/03\/08\/coupe-de-la-caf-lusma-trebuche\/"]}]},{"@type":"ImageObject","inLanguage":"fr-FR","@id":"https:\/\/lasentinelle.dz\/index.php\/2023\/03\/08\/coupe-de-la-caf-lusma-trebuche\/#primaryimage","url":"https:\/\/lasentinelle.dz\/wp-content\/uploads\/2023\/03\/USMA.jpeg","contentUrl":"https:\/\/lasentinelle.dz\/wp-content\/uploads\/2023\/03\/USMA.jpeg","width":1049,"height":699},{"@type":"BreadcrumbList","@id":"https:\/\/lasentinelle.dz\/index.php\/2023\/03\/08\/coupe-de-la-caf-lusma-trebuche\/#breadcrumb","itemListElement":[{"@type":"ListItem","position":1,"name":"Accueil","item":"https:\/\/lasentinelle.dz\/"},{"@type":"ListItem","position":2,"name":"Coupe de la CAF\u00a0: L&rsquo;USMA tr\u00e9buche"}]},{"@type":"WebSite","@id":"https:\/\/lasentinelle.dz\/#website","url":"https:\/\/lasentinelle.dz\/","name":"La Sentinelle","description":"Quotidien national d&#039;information","publisher":{"@id":"https:\/\/lasentinelle.dz\/#organization"},"potentialAction":[{"@type":"SearchAction","target":{"@type":"EntryPoint","urlTemplate":"https:\/\/lasentinelle.dz\/?s={search_term_string}"},"query-input":{"@type":"PropertyValueSpecification","valueRequired":true,"valueName":"search_term_string"}}],"inLanguage":"fr-FR"},{"@type":"Organization","@id":"https:\/\/lasentinelle.dz\/#organization","name":"Quotidien La Sentinelle","url":"https:\/\/lasentinelle.dz\/","logo":{"@type":"ImageObject","inLanguage":"fr-FR","@id":"https:\/\/lasentinelle.dz\/#\/schema\/logo\/image\/","url":"https:\/\/lasentinelle.dz\/wp-content\/uploads\/2021\/09\/logo-sentinelleSLOGAN-1.png","contentUrl":"https:\/\/lasentinelle.dz\/wp-content\/uploads\/2021\/09\/logo-sentinelleSLOGAN-1.png","width":615,"height":142,"caption":"Quotidien La Sentinelle"},"image":{"@id":"https:\/\/lasentinelle.dz\/#\/schema\/logo\/image\/"},"sameAs":["https:\/\/www.facebook.com\/La-Sentinelle-104059864394773"]},{"@type":"Person","@id":"https:\/\/lasentinelle.dz\/#\/schema\/person\/d865044e22e70a75174ce8bcad3acfb3","name":"La Sentinelle","image":{"@type":"ImageObject","inLanguage":"fr-FR","@id":"https:\/\/secure.gravatar.com\/avatar\/57de8e5d4b15d43fb361a71fbb36338450fe67865b528a43dd10ef7c51a20392?s=96&d=mm&r=g","url":"https:\/\/secure.gravatar.com\/avatar\/57de8e5d4b15d43fb361a71fbb36338450fe67865b528a43dd10ef7c51a20392?s=96&d=mm&r=g","contentUrl":"https:\/\/secure.gravatar.com\/avatar\/57de8e5d4b15d43fb361a71fbb36338450fe67865b528a43dd10ef7c51a20392?s=96&d=mm&r=g","caption":"La Sentinelle"},"sameAs":["http:\/\/www.lasentinelle.dz"],"url":"https:\/\/lasentinelle.dz\/author\/redaction\/"}]}},"_links":{"self":[{"href":"https:\/\/lasentinelle.dz\/index.php\/wp-json\/wp\/v2\/posts\/37523","targetHints":{"allow":["GET"]}}],"collection":[{"href":"https:\/\/lasentinelle.dz\/index.php\/wp-json\/wp\/v2\/posts"}],"about":[{"href":"https:\/\/lasentinelle.dz\/index.php\/wp-json\/wp\/v2\/types\/post"}],"author":[{"embeddable":true,"href":"https:\/\/lasentinelle.dz\/index.php\/wp-json\/wp\/v2\/users\/3"}],"replies":[{"embeddable":true,"href":"https:\/\/lasentinelle.dz\/index.php\/wp-json\/wp\/v2\/comments?post=37523"}],"version-history":[{"count":1,"href":"https:\/\/lasentinelle.dz\/index.php\/wp-json\/wp\/v2\/posts\/37523\/revisions"}],"predecessor-version":[{"id":37527,"href":"https:\/\/lasentinelle.dz\/index.php\/wp-json\/wp\/v2\/posts\/37523\/revisions\/37527"}],"wp:featuredmedia":[{"embeddable":true,"href":"https:\/\/lasentinelle.dz\/index.php\/wp-json\/wp\/v2\/media\/37526"}],"wp:attachment":[{"href":"https:\/\/lasentinelle.dz\/index.php\/wp-json\/wp\/v2\/media?parent=37523"}],"wp:term":[{"taxonomy":"category","embeddable":true,"href":"https:\/\/lasentinelle.dz\/index.php\/wp-json\/wp\/v2\/categories?post=37523"},{"taxonomy":"post_tag","embeddable":true,"href":"https:\/\/lasentinelle.dz\/index.php\/wp-json\/wp\/v2\/tags?post=37523"}],"curies":[{"name":"wp","href":"https:\/\/api.w.org\/{rel}","templated":true}]}}