{"id":37538,"date":"2023-03-08T22:00:00","date_gmt":"2023-03-08T21:00:00","guid":{"rendered":"https:\/\/lasentinelle.dz\/?p=37538"},"modified":"2023-03-08T18:50:02","modified_gmt":"2023-03-08T17:50:02","slug":"nord-stream-ce-que-moscou-pense-des-revelations-du-new-york-times-sur-la-piste-ukrainienne","status":"publish","type":"post","link":"https:\/\/lasentinelle.dz\/index.php\/2023\/03\/08\/nord-stream-ce-que-moscou-pense-des-revelations-du-new-york-times-sur-la-piste-ukrainienne\/","title":{"rendered":"Nord Stream\u00a0: Ce que Moscou pense des \u00abr\u00e9v\u00e9lations \u00bb du New York Times sur la \u00ab piste ukrainienne \u00bb"},"content":{"rendered":"\n<p>La \u00ab\u00a0piste ukrainienne\u00a0\u00bb pr\u00e9tendument d\u00e9couverte dans l\u2019enqu\u00eate sur les explosions sur les gazoducs Nord Stream n\u2019est qu\u2019une tentative \u00ab\u00a0d\u2019\u00e9garer ceux qui essaient sinc\u00e8rement de trouver la v\u00e9rit\u00e9\u00a0\u00bb. C\u2019est ce qu\u2019a d\u00e9clar\u00e9 un diplomate russe \u00e0 Washington commentant une nouvelle publication retentissante du New York Times. Les publications dans la presse am\u00e9ricaine sur la pr\u00e9tendue implication d\u2019un groupe pro-ukrainien dans l\u2019attaque des gazoducs russes Nord Stream en 2022 visent \u00e0 envoyer sur une fausse piste l\u2019enqu\u00eate sur l\u2019incident, a d\u00e9clar\u00e9 le ministre conseiller de l\u2019ambassade de Russie aux \u00c9tats-Unis Andre\u00ef Ledeniov. Le quotidien New York Times (NYT) a en effet affirm\u00e9 la veille, se r\u00e9f\u00e9rant \u00e0 de nouvelles donn\u00e9es de renseignement, que le sabotage avait \u00e9t\u00e9 perp\u00e9tr\u00e9 par \u00ab\u00a0un groupe pro-ukrainien\u00a0\u00bb. Sans pour autant pr\u00e9ciser sa composition ou ses chefs. \u00ab\u00a0Nous n\u2019avons aucune confiance dans l\u2019\u2019impartialit\u00e9\u2019 des conclusions des services secrets am\u00e9ricains. Nous ne voyons dans ces \u2018\u2019fuites\u2019\u2019 anonymes rien d\u2019autre qu\u2019une tentative d\u2019\u00e9garer ceux qui essaient sinc\u00e8rement de trouver la v\u00e9rit\u00e9 dans ce crime r\u00e9voltant. De retirer les soup\u00e7ons concernant les hommes d&rsquo;\u00c9tat ayant commandit\u00e9 et coordonn\u00e9 les attaques en mer Baltique et de les faire peser sur des individus abstraits\u00a0\u00bb, a comment\u00e9 le diplomate sur la cha\u00eene Telegram de l\u2019ambassade. Il s\u2019est dit convaincu que la justice finirait par triompher. L\u2019ambassade d\u00e9ploiera tous ses efforts pour cela, selon lui. La publication dans ce journal proche de la Maison-Blanche contredit les conclusions de l\u2019enqu\u00eate du journaliste am\u00e9ricain Seymour Hersh. Celui-ci pointe l\u2019administration des \u00c9tats-Unis et de la Norv\u00e8ge. Pour M. Ledeniov, la publication dans le NYT vise \u00e0 mettre dans l\u2019ombre l\u2019enqu\u00eate de Seymour Hersh. Le porte-parole du Kremlin Dmitri Peskov a comment\u00e9 l\u2019information en \u00e9cho au diplomate russe. Le nouvel article du NYT, rapidement diffus\u00e9 par d\u2019autres m\u00e9dias am\u00e9ricains, est destin\u00e9 \u00e0 mettre en circulation de fausses informations, selon lui. \u00ab\u00a0Il est \u00e9vident que les auteurs de l\u2019attentat veulent d\u00e9tourner l\u2019attention\u00a0\u00bb, a-t-il d\u00e9clar\u00e9 hier \u00e0 Sputnik. Et de rappeler que la Russie est toujours tenue \u00e0 l\u2019\u00e9cart de l\u2019enqu\u00eate sur ce sabotage. Selon lui, Moscou vient de recevoir des notes ad hoc de Copenhague et de Stockholm.<\/p>\n\n\n\n<p>Agences<\/p>\n","protected":false},"excerpt":{"rendered":"<p>La \u00ab\u00a0piste ukrainienne\u00a0\u00bb pr\u00e9tendument d\u00e9couverte dans l\u2019enqu\u00eate sur les explosions sur les gazoducs Nord Stream n\u2019est qu\u2019une tentative \u00ab\u00a0d\u2019\u00e9garer ceux<\/p>\n","protected":false},"author":3,"featured_media":37540,"comment_status":"open","ping_status":"closed","sticky":false,"template":"","format":"standard","meta":{"colormag_page_container_layout":"default_layout","colormag_page_sidebar_layout":"default_layout","om_disable_all_campaigns":false,"_monsterinsights_skip_tracking":false,"_monsterinsights_sitenote_active":false,"_monsterinsights_sitenote_note":"","_monsterinsights_sitenote_category":0,"footnotes":"","_wpscppro_dont_share_socialmedia":false,"_wpscppro_custom_social_share_image":0,"_facebook_share_type":"","_twitter_share_type":"","_linkedin_share_type":"","_pinterest_share_type":"","_linkedin_share_type_page":"","_instagram_share_type":"","_medium_share_type":"","_threads_share_type":"","_google_business_share_type":"","_selected_social_profile":[],"_wpsp_enable_custom_social_template":false,"_wpsp_social_scheduling":{"enabled":false,"datetime":null,"platforms":[],"status":"template_only","dateOption":"today","timeOption":"now","customDays":"","customHours":"","customDate":"","customTime":"","schedulingType":"absolute"},"_wpsp_active_default_template":true},"categories":[37],"tags":[],"class_list":["post-37538","post","type-post","status-publish","format-standard","has-post-thumbnail","hentry","category-monde"],"aioseo_notices":[],"yoast_head":"<!-- This site is optimized with the Yoast SEO plugin v27.4 - https:\/\/yoast.com\/product\/yoast-seo-wordpress\/ -->\n<title>Nord Stream\u00a0: Ce que Moscou pense des \u00abr\u00e9v\u00e9lations \u00bb du New York Times sur la \u00ab piste ukrainienne \u00bb - La Sentinelle<\/title>\n<meta name=\"robots\" content=\"index, follow, max-snippet:-1, max-image-preview:large, max-video-preview:-1\" \/>\n<link rel=\"canonical\" href=\"https:\/\/lasentinelle.dz\/index.php\/2023\/03\/08\/nord-stream-ce-que-moscou-pense-des-revelations-du-new-york-times-sur-la-piste-ukrainienne\/\" \/>\n<meta property=\"og:locale\" content=\"fr_FR\" \/>\n<meta property=\"og:type\" content=\"article\" \/>\n<meta property=\"og:title\" content=\"Nord Stream\u00a0: Ce que Moscou pense des \u00abr\u00e9v\u00e9lations \u00bb du New York Times sur la \u00ab piste ukrainienne \u00bb - La Sentinelle\" \/>\n<meta property=\"og:description\" content=\"La \u00ab\u00a0piste ukrainienne\u00a0\u00bb pr\u00e9tendument d\u00e9couverte dans l\u2019enqu\u00eate sur les explosions sur les gazoducs Nord Stream n\u2019est qu\u2019une tentative \u00ab\u00a0d\u2019\u00e9garer ceux\" \/>\n<meta property=\"og:url\" content=\"https:\/\/lasentinelle.dz\/index.php\/2023\/03\/08\/nord-stream-ce-que-moscou-pense-des-revelations-du-new-york-times-sur-la-piste-ukrainienne\/\" \/>\n<meta property=\"og:site_name\" content=\"La Sentinelle\" \/>\n<meta property=\"article:publisher\" content=\"https:\/\/www.facebook.com\/La-Sentinelle-104059864394773\" \/>\n<meta property=\"article:published_time\" content=\"2023-03-08T21:00:00+00:00\" \/>\n<meta property=\"og:image\" content=\"https:\/\/lasentinelle.dz\/wp-content\/uploads\/2023\/03\/image_2023-03-08_184857523-1024x683.png\" \/>\n\t<meta property=\"og:image:width\" content=\"1024\" \/>\n\t<meta property=\"og:image:height\" content=\"683\" \/>\n\t<meta property=\"og:image:type\" content=\"image\/png\" \/>\n<meta name=\"author\" content=\"La Sentinelle\" \/>\n<meta name=\"twitter:card\" content=\"summary_large_image\" \/>\n<meta name=\"twitter:label1\" content=\"\u00c9crit par\" \/>\n\t<meta name=\"twitter:data1\" content=\"La Sentinelle\" \/>\n\t<meta name=\"twitter:label2\" content=\"Dur\u00e9e de lecture estim\u00e9e\" \/>\n\t<meta name=\"twitter:data2\" content=\"2 minutes\" \/>\n<script type=\"application\/ld+json\" class=\"yoast-schema-graph\">{\"@context\":\"https:\\\/\\\/schema.org\",\"@graph\":[{\"@type\":\"Article\",\"@id\":\"https:\\\/\\\/lasentinelle.dz\\\/index.php\\\/2023\\\/03\\\/08\\\/nord-stream-ce-que-moscou-pense-des-revelations-du-new-york-times-sur-la-piste-ukrainienne\\\/#article\",\"isPartOf\":{\"@id\":\"https:\\\/\\\/lasentinelle.dz\\\/index.php\\\/2023\\\/03\\\/08\\\/nord-stream-ce-que-moscou-pense-des-revelations-du-new-york-times-sur-la-piste-ukrainienne\\\/\"},\"author\":{\"name\":\"La Sentinelle\",\"@id\":\"https:\\\/\\\/lasentinelle.dz\\\/#\\\/schema\\\/person\\\/d865044e22e70a75174ce8bcad3acfb3\"},\"headline\":\"Nord Stream\u00a0: Ce que Moscou pense des \u00abr\u00e9v\u00e9lations \u00bb du New York Times sur la \u00ab piste ukrainienne \u00bb\",\"datePublished\":\"2023-03-08T21:00:00+00:00\",\"mainEntityOfPage\":{\"@id\":\"https:\\\/\\\/lasentinelle.dz\\\/index.php\\\/2023\\\/03\\\/08\\\/nord-stream-ce-que-moscou-pense-des-revelations-du-new-york-times-sur-la-piste-ukrainienne\\\/\"},\"wordCount\":420,\"commentCount\":0,\"publisher\":{\"@id\":\"https:\\\/\\\/lasentinelle.dz\\\/#organization\"},\"image\":{\"@id\":\"https:\\\/\\\/lasentinelle.dz\\\/index.php\\\/2023\\\/03\\\/08\\\/nord-stream-ce-que-moscou-pense-des-revelations-du-new-york-times-sur-la-piste-ukrainienne\\\/#primaryimage\"},\"thumbnailUrl\":\"https:\\\/\\\/lasentinelle.dz\\\/wp-content\\\/uploads\\\/2023\\\/03\\\/image_2023-03-08_184857523.png\",\"articleSection\":[\"Monde\"],\"inLanguage\":\"fr-FR\",\"potentialAction\":[{\"@type\":\"CommentAction\",\"name\":\"Comment\",\"target\":[\"https:\\\/\\\/lasentinelle.dz\\\/index.php\\\/2023\\\/03\\\/08\\\/nord-stream-ce-que-moscou-pense-des-revelations-du-new-york-times-sur-la-piste-ukrainienne\\\/#respond\"]}]},{\"@type\":\"WebPage\",\"@id\":\"https:\\\/\\\/lasentinelle.dz\\\/index.php\\\/2023\\\/03\\\/08\\\/nord-stream-ce-que-moscou-pense-des-revelations-du-new-york-times-sur-la-piste-ukrainienne\\\/\",\"url\":\"https:\\\/\\\/lasentinelle.dz\\\/index.php\\\/2023\\\/03\\\/08\\\/nord-stream-ce-que-moscou-pense-des-revelations-du-new-york-times-sur-la-piste-ukrainienne\\\/\",\"name\":\"Nord Stream\u00a0: Ce que Moscou pense des \u00abr\u00e9v\u00e9lations \u00bb du New York Times sur la \u00ab piste ukrainienne \u00bb - La Sentinelle\",\"isPartOf\":{\"@id\":\"https:\\\/\\\/lasentinelle.dz\\\/#website\"},\"primaryImageOfPage\":{\"@id\":\"https:\\\/\\\/lasentinelle.dz\\\/index.php\\\/2023\\\/03\\\/08\\\/nord-stream-ce-que-moscou-pense-des-revelations-du-new-york-times-sur-la-piste-ukrainienne\\\/#primaryimage\"},\"image\":{\"@id\":\"https:\\\/\\\/lasentinelle.dz\\\/index.php\\\/2023\\\/03\\\/08\\\/nord-stream-ce-que-moscou-pense-des-revelations-du-new-york-times-sur-la-piste-ukrainienne\\\/#primaryimage\"},\"thumbnailUrl\":\"https:\\\/\\\/lasentinelle.dz\\\/wp-content\\\/uploads\\\/2023\\\/03\\\/image_2023-03-08_184857523.png\",\"datePublished\":\"2023-03-08T21:00:00+00:00\",\"breadcrumb\":{\"@id\":\"https:\\\/\\\/lasentinelle.dz\\\/index.php\\\/2023\\\/03\\\/08\\\/nord-stream-ce-que-moscou-pense-des-revelations-du-new-york-times-sur-la-piste-ukrainienne\\\/#breadcrumb\"},\"inLanguage\":\"fr-FR\",\"potentialAction\":[{\"@type\":\"ReadAction\",\"target\":[\"https:\\\/\\\/lasentinelle.dz\\\/index.php\\\/2023\\\/03\\\/08\\\/nord-stream-ce-que-moscou-pense-des-revelations-du-new-york-times-sur-la-piste-ukrainienne\\\/\"]}]},{\"@type\":\"ImageObject\",\"inLanguage\":\"fr-FR\",\"@id\":\"https:\\\/\\\/lasentinelle.dz\\\/index.php\\\/2023\\\/03\\\/08\\\/nord-stream-ce-que-moscou-pense-des-revelations-du-new-york-times-sur-la-piste-ukrainienne\\\/#primaryimage\",\"url\":\"https:\\\/\\\/lasentinelle.dz\\\/wp-content\\\/uploads\\\/2023\\\/03\\\/image_2023-03-08_184857523.png\",\"contentUrl\":\"https:\\\/\\\/lasentinelle.dz\\\/wp-content\\\/uploads\\\/2023\\\/03\\\/image_2023-03-08_184857523.png\",\"width\":1800,\"height\":1200},{\"@type\":\"BreadcrumbList\",\"@id\":\"https:\\\/\\\/lasentinelle.dz\\\/index.php\\\/2023\\\/03\\\/08\\\/nord-stream-ce-que-moscou-pense-des-revelations-du-new-york-times-sur-la-piste-ukrainienne\\\/#breadcrumb\",\"itemListElement\":[{\"@type\":\"ListItem\",\"position\":1,\"name\":\"Accueil\",\"item\":\"https:\\\/\\\/lasentinelle.dz\\\/\"},{\"@type\":\"ListItem\",\"position\":2,\"name\":\"Nord Stream\u00a0: Ce que Moscou pense des \u00abr\u00e9v\u00e9lations \u00bb du New York Times sur la \u00ab piste ukrainienne \u00bb\"}]},{\"@type\":\"WebSite\",\"@id\":\"https:\\\/\\\/lasentinelle.dz\\\/#website\",\"url\":\"https:\\\/\\\/lasentinelle.dz\\\/\",\"name\":\"La Sentinelle\",\"description\":\"Quotidien national d&#039;information\",\"publisher\":{\"@id\":\"https:\\\/\\\/lasentinelle.dz\\\/#organization\"},\"potentialAction\":[{\"@type\":\"SearchAction\",\"target\":{\"@type\":\"EntryPoint\",\"urlTemplate\":\"https:\\\/\\\/lasentinelle.dz\\\/?s={search_term_string}\"},\"query-input\":{\"@type\":\"PropertyValueSpecification\",\"valueRequired\":true,\"valueName\":\"search_term_string\"}}],\"inLanguage\":\"fr-FR\"},{\"@type\":\"Organization\",\"@id\":\"https:\\\/\\\/lasentinelle.dz\\\/#organization\",\"name\":\"Quotidien La Sentinelle\",\"url\":\"https:\\\/\\\/lasentinelle.dz\\\/\",\"logo\":{\"@type\":\"ImageObject\",\"inLanguage\":\"fr-FR\",\"@id\":\"https:\\\/\\\/lasentinelle.dz\\\/#\\\/schema\\\/logo\\\/image\\\/\",\"url\":\"https:\\\/\\\/lasentinelle.dz\\\/wp-content\\\/uploads\\\/2021\\\/09\\\/logo-sentinelleSLOGAN-1.png\",\"contentUrl\":\"https:\\\/\\\/lasentinelle.dz\\\/wp-content\\\/uploads\\\/2021\\\/09\\\/logo-sentinelleSLOGAN-1.png\",\"width\":615,\"height\":142,\"caption\":\"Quotidien La Sentinelle\"},\"image\":{\"@id\":\"https:\\\/\\\/lasentinelle.dz\\\/#\\\/schema\\\/logo\\\/image\\\/\"},\"sameAs\":[\"https:\\\/\\\/www.facebook.com\\\/La-Sentinelle-104059864394773\"]},{\"@type\":\"Person\",\"@id\":\"https:\\\/\\\/lasentinelle.dz\\\/#\\\/schema\\\/person\\\/d865044e22e70a75174ce8bcad3acfb3\",\"name\":\"La Sentinelle\",\"image\":{\"@type\":\"ImageObject\",\"inLanguage\":\"fr-FR\",\"@id\":\"https:\\\/\\\/secure.gravatar.com\\\/avatar\\\/57de8e5d4b15d43fb361a71fbb36338450fe67865b528a43dd10ef7c51a20392?s=96&d=mm&r=g\",\"url\":\"https:\\\/\\\/secure.gravatar.com\\\/avatar\\\/57de8e5d4b15d43fb361a71fbb36338450fe67865b528a43dd10ef7c51a20392?s=96&d=mm&r=g\",\"contentUrl\":\"https:\\\/\\\/secure.gravatar.com\\\/avatar\\\/57de8e5d4b15d43fb361a71fbb36338450fe67865b528a43dd10ef7c51a20392?s=96&d=mm&r=g\",\"caption\":\"La Sentinelle\"},\"sameAs\":[\"http:\\\/\\\/www.lasentinelle.dz\"],\"url\":\"https:\\\/\\\/lasentinelle.dz\\\/author\\\/redaction\\\/\"}]}<\/script>\n<!-- \/ Yoast SEO plugin. -->","yoast_head_json":{"title":"Nord Stream\u00a0: Ce que Moscou pense des \u00abr\u00e9v\u00e9lations \u00bb du New York Times sur la \u00ab piste ukrainienne \u00bb - La Sentinelle","robots":{"index":"index","follow":"follow","max-snippet":"max-snippet:-1","max-image-preview":"max-image-preview:large","max-video-preview":"max-video-preview:-1"},"canonical":"https:\/\/lasentinelle.dz\/index.php\/2023\/03\/08\/nord-stream-ce-que-moscou-pense-des-revelations-du-new-york-times-sur-la-piste-ukrainienne\/","og_locale":"fr_FR","og_type":"article","og_title":"Nord Stream\u00a0: Ce que Moscou pense des \u00abr\u00e9v\u00e9lations \u00bb du New York Times sur la \u00ab piste ukrainienne \u00bb - La Sentinelle","og_description":"La \u00ab\u00a0piste ukrainienne\u00a0\u00bb pr\u00e9tendument d\u00e9couverte dans l\u2019enqu\u00eate sur les explosions sur les gazoducs Nord Stream n\u2019est qu\u2019une tentative \u00ab\u00a0d\u2019\u00e9garer ceux","og_url":"https:\/\/lasentinelle.dz\/index.php\/2023\/03\/08\/nord-stream-ce-que-moscou-pense-des-revelations-du-new-york-times-sur-la-piste-ukrainienne\/","og_site_name":"La Sentinelle","article_publisher":"https:\/\/www.facebook.com\/La-Sentinelle-104059864394773","article_published_time":"2023-03-08T21:00:00+00:00","og_image":[{"width":1024,"height":683,"url":"https:\/\/lasentinelle.dz\/wp-content\/uploads\/2023\/03\/image_2023-03-08_184857523-1024x683.png","type":"image\/png"}],"author":"La Sentinelle","twitter_card":"summary_large_image","twitter_misc":{"\u00c9crit par":"La Sentinelle","Dur\u00e9e de lecture estim\u00e9e":"2 minutes"},"schema":{"@context":"https:\/\/schema.org","@graph":[{"@type":"Article","@id":"https:\/\/lasentinelle.dz\/index.php\/2023\/03\/08\/nord-stream-ce-que-moscou-pense-des-revelations-du-new-york-times-sur-la-piste-ukrainienne\/#article","isPartOf":{"@id":"https:\/\/lasentinelle.dz\/index.php\/2023\/03\/08\/nord-stream-ce-que-moscou-pense-des-revelations-du-new-york-times-sur-la-piste-ukrainienne\/"},"author":{"name":"La Sentinelle","@id":"https:\/\/lasentinelle.dz\/#\/schema\/person\/d865044e22e70a75174ce8bcad3acfb3"},"headline":"Nord Stream\u00a0: Ce que Moscou pense des \u00abr\u00e9v\u00e9lations \u00bb du New York Times sur la \u00ab piste ukrainienne \u00bb","datePublished":"2023-03-08T21:00:00+00:00","mainEntityOfPage":{"@id":"https:\/\/lasentinelle.dz\/index.php\/2023\/03\/08\/nord-stream-ce-que-moscou-pense-des-revelations-du-new-york-times-sur-la-piste-ukrainienne\/"},"wordCount":420,"commentCount":0,"publisher":{"@id":"https:\/\/lasentinelle.dz\/#organization"},"image":{"@id":"https:\/\/lasentinelle.dz\/index.php\/2023\/03\/08\/nord-stream-ce-que-moscou-pense-des-revelations-du-new-york-times-sur-la-piste-ukrainienne\/#primaryimage"},"thumbnailUrl":"https:\/\/lasentinelle.dz\/wp-content\/uploads\/2023\/03\/image_2023-03-08_184857523.png","articleSection":["Monde"],"inLanguage":"fr-FR","potentialAction":[{"@type":"CommentAction","name":"Comment","target":["https:\/\/lasentinelle.dz\/index.php\/2023\/03\/08\/nord-stream-ce-que-moscou-pense-des-revelations-du-new-york-times-sur-la-piste-ukrainienne\/#respond"]}]},{"@type":"WebPage","@id":"https:\/\/lasentinelle.dz\/index.php\/2023\/03\/08\/nord-stream-ce-que-moscou-pense-des-revelations-du-new-york-times-sur-la-piste-ukrainienne\/","url":"https:\/\/lasentinelle.dz\/index.php\/2023\/03\/08\/nord-stream-ce-que-moscou-pense-des-revelations-du-new-york-times-sur-la-piste-ukrainienne\/","name":"Nord Stream\u00a0: Ce que Moscou pense des \u00abr\u00e9v\u00e9lations \u00bb du New York Times sur la \u00ab piste ukrainienne \u00bb - La Sentinelle","isPartOf":{"@id":"https:\/\/lasentinelle.dz\/#website"},"primaryImageOfPage":{"@id":"https:\/\/lasentinelle.dz\/index.php\/2023\/03\/08\/nord-stream-ce-que-moscou-pense-des-revelations-du-new-york-times-sur-la-piste-ukrainienne\/#primaryimage"},"image":{"@id":"https:\/\/lasentinelle.dz\/index.php\/2023\/03\/08\/nord-stream-ce-que-moscou-pense-des-revelations-du-new-york-times-sur-la-piste-ukrainienne\/#primaryimage"},"thumbnailUrl":"https:\/\/lasentinelle.dz\/wp-content\/uploads\/2023\/03\/image_2023-03-08_184857523.png","datePublished":"2023-03-08T21:00:00+00:00","breadcrumb":{"@id":"https:\/\/lasentinelle.dz\/index.php\/2023\/03\/08\/nord-stream-ce-que-moscou-pense-des-revelations-du-new-york-times-sur-la-piste-ukrainienne\/#breadcrumb"},"inLanguage":"fr-FR","potentialAction":[{"@type":"ReadAction","target":["https:\/\/lasentinelle.dz\/index.php\/2023\/03\/08\/nord-stream-ce-que-moscou-pense-des-revelations-du-new-york-times-sur-la-piste-ukrainienne\/"]}]},{"@type":"ImageObject","inLanguage":"fr-FR","@id":"https:\/\/lasentinelle.dz\/index.php\/2023\/03\/08\/nord-stream-ce-que-moscou-pense-des-revelations-du-new-york-times-sur-la-piste-ukrainienne\/#primaryimage","url":"https:\/\/lasentinelle.dz\/wp-content\/uploads\/2023\/03\/image_2023-03-08_184857523.png","contentUrl":"https:\/\/lasentinelle.dz\/wp-content\/uploads\/2023\/03\/image_2023-03-08_184857523.png","width":1800,"height":1200},{"@type":"BreadcrumbList","@id":"https:\/\/lasentinelle.dz\/index.php\/2023\/03\/08\/nord-stream-ce-que-moscou-pense-des-revelations-du-new-york-times-sur-la-piste-ukrainienne\/#breadcrumb","itemListElement":[{"@type":"ListItem","position":1,"name":"Accueil","item":"https:\/\/lasentinelle.dz\/"},{"@type":"ListItem","position":2,"name":"Nord Stream\u00a0: Ce que Moscou pense des \u00abr\u00e9v\u00e9lations \u00bb du New York Times sur la \u00ab piste ukrainienne \u00bb"}]},{"@type":"WebSite","@id":"https:\/\/lasentinelle.dz\/#website","url":"https:\/\/lasentinelle.dz\/","name":"La Sentinelle","description":"Quotidien national d&#039;information","publisher":{"@id":"https:\/\/lasentinelle.dz\/#organization"},"potentialAction":[{"@type":"SearchAction","target":{"@type":"EntryPoint","urlTemplate":"https:\/\/lasentinelle.dz\/?s={search_term_string}"},"query-input":{"@type":"PropertyValueSpecification","valueRequired":true,"valueName":"search_term_string"}}],"inLanguage":"fr-FR"},{"@type":"Organization","@id":"https:\/\/lasentinelle.dz\/#organization","name":"Quotidien La Sentinelle","url":"https:\/\/lasentinelle.dz\/","logo":{"@type":"ImageObject","inLanguage":"fr-FR","@id":"https:\/\/lasentinelle.dz\/#\/schema\/logo\/image\/","url":"https:\/\/lasentinelle.dz\/wp-content\/uploads\/2021\/09\/logo-sentinelleSLOGAN-1.png","contentUrl":"https:\/\/lasentinelle.dz\/wp-content\/uploads\/2021\/09\/logo-sentinelleSLOGAN-1.png","width":615,"height":142,"caption":"Quotidien La Sentinelle"},"image":{"@id":"https:\/\/lasentinelle.dz\/#\/schema\/logo\/image\/"},"sameAs":["https:\/\/www.facebook.com\/La-Sentinelle-104059864394773"]},{"@type":"Person","@id":"https:\/\/lasentinelle.dz\/#\/schema\/person\/d865044e22e70a75174ce8bcad3acfb3","name":"La Sentinelle","image":{"@type":"ImageObject","inLanguage":"fr-FR","@id":"https:\/\/secure.gravatar.com\/avatar\/57de8e5d4b15d43fb361a71fbb36338450fe67865b528a43dd10ef7c51a20392?s=96&d=mm&r=g","url":"https:\/\/secure.gravatar.com\/avatar\/57de8e5d4b15d43fb361a71fbb36338450fe67865b528a43dd10ef7c51a20392?s=96&d=mm&r=g","contentUrl":"https:\/\/secure.gravatar.com\/avatar\/57de8e5d4b15d43fb361a71fbb36338450fe67865b528a43dd10ef7c51a20392?s=96&d=mm&r=g","caption":"La Sentinelle"},"sameAs":["http:\/\/www.lasentinelle.dz"],"url":"https:\/\/lasentinelle.dz\/author\/redaction\/"}]}},"_links":{"self":[{"href":"https:\/\/lasentinelle.dz\/index.php\/wp-json\/wp\/v2\/posts\/37538","targetHints":{"allow":["GET"]}}],"collection":[{"href":"https:\/\/lasentinelle.dz\/index.php\/wp-json\/wp\/v2\/posts"}],"about":[{"href":"https:\/\/lasentinelle.dz\/index.php\/wp-json\/wp\/v2\/types\/post"}],"author":[{"embeddable":true,"href":"https:\/\/lasentinelle.dz\/index.php\/wp-json\/wp\/v2\/users\/3"}],"replies":[{"embeddable":true,"href":"https:\/\/lasentinelle.dz\/index.php\/wp-json\/wp\/v2\/comments?post=37538"}],"version-history":[{"count":1,"href":"https:\/\/lasentinelle.dz\/index.php\/wp-json\/wp\/v2\/posts\/37538\/revisions"}],"predecessor-version":[{"id":37541,"href":"https:\/\/lasentinelle.dz\/index.php\/wp-json\/wp\/v2\/posts\/37538\/revisions\/37541"}],"wp:featuredmedia":[{"embeddable":true,"href":"https:\/\/lasentinelle.dz\/index.php\/wp-json\/wp\/v2\/media\/37540"}],"wp:attachment":[{"href":"https:\/\/lasentinelle.dz\/index.php\/wp-json\/wp\/v2\/media?parent=37538"}],"wp:term":[{"taxonomy":"category","embeddable":true,"href":"https:\/\/lasentinelle.dz\/index.php\/wp-json\/wp\/v2\/categories?post=37538"},{"taxonomy":"post_tag","embeddable":true,"href":"https:\/\/lasentinelle.dz\/index.php\/wp-json\/wp\/v2\/tags?post=37538"}],"curies":[{"name":"wp","href":"https:\/\/api.w.org\/{rel}","templated":true}]}}