{"id":37582,"date":"2023-03-08T22:05:00","date_gmt":"2023-03-08T21:05:00","guid":{"rendered":"https:\/\/lasentinelle.dz\/?p=37582"},"modified":"2023-03-08T21:35:47","modified_gmt":"2023-03-08T20:35:47","slug":"valorisation-des-dechets-petroliers-convention-de-cooperation-entre-luniversite-doran-1-et-sonatrach","status":"publish","type":"post","link":"https:\/\/lasentinelle.dz\/index.php\/2023\/03\/08\/valorisation-des-dechets-petroliers-convention-de-cooperation-entre-luniversite-doran-1-et-sonatrach\/","title":{"rendered":"Valorisation des d\u00e9chets p\u00e9troliers\u00a0: Convention de coop\u00e9ration entre l&rsquo;Universit\u00e9 d\u2019Oran 1 et Sonatrach"},"content":{"rendered":"\n<p>L&rsquo;Universit\u00e9 d&rsquo;Oran 1 Ahmed Ben Bella a sign\u00e9 une convention cadre de coop\u00e9ration avec le Groupe Sonatrach pour accompagner la recherche scientifique dans le domaine de la valorisation des d\u00e9chets p\u00e9troliers, a appris l\u2019APS du doyen de la Facult\u00e9 des Sciences naturelles et vie Mellouk Zoheir. La convention stipule que \u00ab\u00a0Sonatrach accompagnera une \u00e9quipe de recherche affili\u00e9e \u00e0 la Facult\u00e9 des Sciences naturelles et de la vie de l&rsquo;Universit\u00e9 d&rsquo;Oran 1 qui a trouv\u00e9 une solution scientifique et technique pour le traitement et la valorisation des d\u00e9chets p\u00e9troliers\u00a0\u00bb. Cette solution, a indiqu\u00e9 M. Mellouk sera d\u00e9velopp\u00e9e d&rsquo;ici \u00e0 deux ou trois ann\u00e9es, pr\u00e9cisant qu&rsquo;il sera mis en place, ult\u00e9rieurement, une unit\u00e9 de fabrication du biogaz, biocarburant et de la bio\u00e9nergie. Le doyen de la Facult\u00e9 des Sciences naturelles et vie a ajout\u00e9 que le groupe Sonatrach acquerra et fournira les \u00e9quipements de laboratoire et de recherche n\u00e9cessaires et les produits chimiques utilis\u00e9s dans la recherche, en plus de permettre aux membres de l&rsquo;\u00e9quipe et aux \u00e9tudiants de solliciter l&rsquo;assistance de ses experts dans le domaine de la valorisation et du traitement des d\u00e9chets p\u00e9troliers.<\/p>\n\n\n\n<p>R.E.<\/p>\n","protected":false},"excerpt":{"rendered":"<p>L&rsquo;Universit\u00e9 d&rsquo;Oran 1 Ahmed Ben Bella a sign\u00e9 une convention cadre de coop\u00e9ration avec le Groupe Sonatrach pour accompagner la<\/p>\n","protected":false},"author":3,"featured_media":37588,"comment_status":"open","ping_status":"closed","sticky":false,"template":"","format":"standard","meta":{"colormag_page_container_layout":"default_layout","colormag_page_sidebar_layout":"default_layout","om_disable_all_campaigns":false,"_monsterinsights_skip_tracking":false,"_monsterinsights_sitenote_active":false,"_monsterinsights_sitenote_note":"","_monsterinsights_sitenote_category":0,"footnotes":"","_wpscppro_dont_share_socialmedia":false,"_wpscppro_custom_social_share_image":0,"_facebook_share_type":"","_twitter_share_type":"","_linkedin_share_type":"","_pinterest_share_type":"","_linkedin_share_type_page":"","_instagram_share_type":"","_medium_share_type":"","_threads_share_type":"","_google_business_share_type":"","_selected_social_profile":[],"_wpsp_enable_custom_social_template":false,"_wpsp_social_scheduling":{"enabled":false,"datetime":null,"platforms":[],"status":"template_only","dateOption":"today","timeOption":"now","customDays":"","customHours":"","customDate":"","customTime":"","schedulingType":"absolute"},"_wpsp_active_default_template":true},"categories":[29],"tags":[],"class_list":["post-37582","post","type-post","status-publish","format-standard","has-post-thumbnail","hentry","category-economie"],"aioseo_notices":[],"yoast_head":"<!-- This site is optimized with the Yoast SEO plugin v27.4 - https:\/\/yoast.com\/product\/yoast-seo-wordpress\/ -->\n<title>Valorisation des d\u00e9chets p\u00e9troliers\u00a0: Convention de coop\u00e9ration entre l&rsquo;Universit\u00e9 d\u2019Oran 1 et Sonatrach - La Sentinelle<\/title>\n<meta name=\"robots\" content=\"index, follow, max-snippet:-1, max-image-preview:large, max-video-preview:-1\" \/>\n<link rel=\"canonical\" href=\"https:\/\/lasentinelle.dz\/index.php\/2023\/03\/08\/valorisation-des-dechets-petroliers-convention-de-cooperation-entre-luniversite-doran-1-et-sonatrach\/\" \/>\n<meta property=\"og:locale\" content=\"fr_FR\" \/>\n<meta property=\"og:type\" content=\"article\" \/>\n<meta property=\"og:title\" content=\"Valorisation des d\u00e9chets p\u00e9troliers\u00a0: Convention de coop\u00e9ration entre l&rsquo;Universit\u00e9 d\u2019Oran 1 et Sonatrach - La Sentinelle\" \/>\n<meta property=\"og:description\" content=\"L&rsquo;Universit\u00e9 d&rsquo;Oran 1 Ahmed Ben Bella a sign\u00e9 une convention cadre de coop\u00e9ration avec le Groupe Sonatrach pour accompagner la\" \/>\n<meta property=\"og:url\" content=\"https:\/\/lasentinelle.dz\/index.php\/2023\/03\/08\/valorisation-des-dechets-petroliers-convention-de-cooperation-entre-luniversite-doran-1-et-sonatrach\/\" \/>\n<meta property=\"og:site_name\" content=\"La Sentinelle\" \/>\n<meta property=\"article:publisher\" content=\"https:\/\/www.facebook.com\/La-Sentinelle-104059864394773\" \/>\n<meta property=\"article:published_time\" content=\"2023-03-08T21:05:00+00:00\" \/>\n<meta property=\"og:image\" content=\"https:\/\/lasentinelle.dz\/wp-content\/uploads\/2023\/03\/image_2023-03-08_213534402.png\" \/>\n\t<meta property=\"og:image:width\" content=\"580\" \/>\n\t<meta property=\"og:image:height\" content=\"350\" \/>\n\t<meta property=\"og:image:type\" content=\"image\/png\" \/>\n<meta name=\"author\" content=\"La Sentinelle\" \/>\n<meta name=\"twitter:card\" content=\"summary_large_image\" \/>\n<meta name=\"twitter:label1\" content=\"\u00c9crit par\" \/>\n\t<meta name=\"twitter:data1\" content=\"La Sentinelle\" \/>\n\t<meta name=\"twitter:label2\" content=\"Dur\u00e9e de lecture estim\u00e9e\" \/>\n\t<meta name=\"twitter:data2\" content=\"1 minute\" \/>\n<script type=\"application\/ld+json\" class=\"yoast-schema-graph\">{\"@context\":\"https:\\\/\\\/schema.org\",\"@graph\":[{\"@type\":\"Article\",\"@id\":\"https:\\\/\\\/lasentinelle.dz\\\/index.php\\\/2023\\\/03\\\/08\\\/valorisation-des-dechets-petroliers-convention-de-cooperation-entre-luniversite-doran-1-et-sonatrach\\\/#article\",\"isPartOf\":{\"@id\":\"https:\\\/\\\/lasentinelle.dz\\\/index.php\\\/2023\\\/03\\\/08\\\/valorisation-des-dechets-petroliers-convention-de-cooperation-entre-luniversite-doran-1-et-sonatrach\\\/\"},\"author\":{\"name\":\"La Sentinelle\",\"@id\":\"https:\\\/\\\/lasentinelle.dz\\\/#\\\/schema\\\/person\\\/d865044e22e70a75174ce8bcad3acfb3\"},\"headline\":\"Valorisation des d\u00e9chets p\u00e9troliers\u00a0: Convention de coop\u00e9ration entre l&rsquo;Universit\u00e9 d\u2019Oran 1 et Sonatrach\",\"datePublished\":\"2023-03-08T21:05:00+00:00\",\"mainEntityOfPage\":{\"@id\":\"https:\\\/\\\/lasentinelle.dz\\\/index.php\\\/2023\\\/03\\\/08\\\/valorisation-des-dechets-petroliers-convention-de-cooperation-entre-luniversite-doran-1-et-sonatrach\\\/\"},\"wordCount\":225,\"commentCount\":0,\"publisher\":{\"@id\":\"https:\\\/\\\/lasentinelle.dz\\\/#organization\"},\"image\":{\"@id\":\"https:\\\/\\\/lasentinelle.dz\\\/index.php\\\/2023\\\/03\\\/08\\\/valorisation-des-dechets-petroliers-convention-de-cooperation-entre-luniversite-doran-1-et-sonatrach\\\/#primaryimage\"},\"thumbnailUrl\":\"https:\\\/\\\/lasentinelle.dz\\\/wp-content\\\/uploads\\\/2023\\\/03\\\/image_2023-03-08_213534402.png\",\"articleSection\":[\"\u00c9conomie\"],\"inLanguage\":\"fr-FR\",\"potentialAction\":[{\"@type\":\"CommentAction\",\"name\":\"Comment\",\"target\":[\"https:\\\/\\\/lasentinelle.dz\\\/index.php\\\/2023\\\/03\\\/08\\\/valorisation-des-dechets-petroliers-convention-de-cooperation-entre-luniversite-doran-1-et-sonatrach\\\/#respond\"]}]},{\"@type\":\"WebPage\",\"@id\":\"https:\\\/\\\/lasentinelle.dz\\\/index.php\\\/2023\\\/03\\\/08\\\/valorisation-des-dechets-petroliers-convention-de-cooperation-entre-luniversite-doran-1-et-sonatrach\\\/\",\"url\":\"https:\\\/\\\/lasentinelle.dz\\\/index.php\\\/2023\\\/03\\\/08\\\/valorisation-des-dechets-petroliers-convention-de-cooperation-entre-luniversite-doran-1-et-sonatrach\\\/\",\"name\":\"Valorisation des d\u00e9chets p\u00e9troliers\u00a0: Convention de coop\u00e9ration entre l&rsquo;Universit\u00e9 d\u2019Oran 1 et Sonatrach - La Sentinelle\",\"isPartOf\":{\"@id\":\"https:\\\/\\\/lasentinelle.dz\\\/#website\"},\"primaryImageOfPage\":{\"@id\":\"https:\\\/\\\/lasentinelle.dz\\\/index.php\\\/2023\\\/03\\\/08\\\/valorisation-des-dechets-petroliers-convention-de-cooperation-entre-luniversite-doran-1-et-sonatrach\\\/#primaryimage\"},\"image\":{\"@id\":\"https:\\\/\\\/lasentinelle.dz\\\/index.php\\\/2023\\\/03\\\/08\\\/valorisation-des-dechets-petroliers-convention-de-cooperation-entre-luniversite-doran-1-et-sonatrach\\\/#primaryimage\"},\"thumbnailUrl\":\"https:\\\/\\\/lasentinelle.dz\\\/wp-content\\\/uploads\\\/2023\\\/03\\\/image_2023-03-08_213534402.png\",\"datePublished\":\"2023-03-08T21:05:00+00:00\",\"breadcrumb\":{\"@id\":\"https:\\\/\\\/lasentinelle.dz\\\/index.php\\\/2023\\\/03\\\/08\\\/valorisation-des-dechets-petroliers-convention-de-cooperation-entre-luniversite-doran-1-et-sonatrach\\\/#breadcrumb\"},\"inLanguage\":\"fr-FR\",\"potentialAction\":[{\"@type\":\"ReadAction\",\"target\":[\"https:\\\/\\\/lasentinelle.dz\\\/index.php\\\/2023\\\/03\\\/08\\\/valorisation-des-dechets-petroliers-convention-de-cooperation-entre-luniversite-doran-1-et-sonatrach\\\/\"]}]},{\"@type\":\"ImageObject\",\"inLanguage\":\"fr-FR\",\"@id\":\"https:\\\/\\\/lasentinelle.dz\\\/index.php\\\/2023\\\/03\\\/08\\\/valorisation-des-dechets-petroliers-convention-de-cooperation-entre-luniversite-doran-1-et-sonatrach\\\/#primaryimage\",\"url\":\"https:\\\/\\\/lasentinelle.dz\\\/wp-content\\\/uploads\\\/2023\\\/03\\\/image_2023-03-08_213534402.png\",\"contentUrl\":\"https:\\\/\\\/lasentinelle.dz\\\/wp-content\\\/uploads\\\/2023\\\/03\\\/image_2023-03-08_213534402.png\",\"width\":580,\"height\":350},{\"@type\":\"BreadcrumbList\",\"@id\":\"https:\\\/\\\/lasentinelle.dz\\\/index.php\\\/2023\\\/03\\\/08\\\/valorisation-des-dechets-petroliers-convention-de-cooperation-entre-luniversite-doran-1-et-sonatrach\\\/#breadcrumb\",\"itemListElement\":[{\"@type\":\"ListItem\",\"position\":1,\"name\":\"Accueil\",\"item\":\"https:\\\/\\\/lasentinelle.dz\\\/\"},{\"@type\":\"ListItem\",\"position\":2,\"name\":\"Valorisation des d\u00e9chets p\u00e9troliers\u00a0: Convention de coop\u00e9ration entre l&rsquo;Universit\u00e9 d\u2019Oran 1 et Sonatrach\"}]},{\"@type\":\"WebSite\",\"@id\":\"https:\\\/\\\/lasentinelle.dz\\\/#website\",\"url\":\"https:\\\/\\\/lasentinelle.dz\\\/\",\"name\":\"La Sentinelle\",\"description\":\"Quotidien national d&#039;information\",\"publisher\":{\"@id\":\"https:\\\/\\\/lasentinelle.dz\\\/#organization\"},\"potentialAction\":[{\"@type\":\"SearchAction\",\"target\":{\"@type\":\"EntryPoint\",\"urlTemplate\":\"https:\\\/\\\/lasentinelle.dz\\\/?s={search_term_string}\"},\"query-input\":{\"@type\":\"PropertyValueSpecification\",\"valueRequired\":true,\"valueName\":\"search_term_string\"}}],\"inLanguage\":\"fr-FR\"},{\"@type\":\"Organization\",\"@id\":\"https:\\\/\\\/lasentinelle.dz\\\/#organization\",\"name\":\"Quotidien La Sentinelle\",\"url\":\"https:\\\/\\\/lasentinelle.dz\\\/\",\"logo\":{\"@type\":\"ImageObject\",\"inLanguage\":\"fr-FR\",\"@id\":\"https:\\\/\\\/lasentinelle.dz\\\/#\\\/schema\\\/logo\\\/image\\\/\",\"url\":\"https:\\\/\\\/lasentinelle.dz\\\/wp-content\\\/uploads\\\/2021\\\/09\\\/logo-sentinelleSLOGAN-1.png\",\"contentUrl\":\"https:\\\/\\\/lasentinelle.dz\\\/wp-content\\\/uploads\\\/2021\\\/09\\\/logo-sentinelleSLOGAN-1.png\",\"width\":615,\"height\":142,\"caption\":\"Quotidien La Sentinelle\"},\"image\":{\"@id\":\"https:\\\/\\\/lasentinelle.dz\\\/#\\\/schema\\\/logo\\\/image\\\/\"},\"sameAs\":[\"https:\\\/\\\/www.facebook.com\\\/La-Sentinelle-104059864394773\"]},{\"@type\":\"Person\",\"@id\":\"https:\\\/\\\/lasentinelle.dz\\\/#\\\/schema\\\/person\\\/d865044e22e70a75174ce8bcad3acfb3\",\"name\":\"La Sentinelle\",\"image\":{\"@type\":\"ImageObject\",\"inLanguage\":\"fr-FR\",\"@id\":\"https:\\\/\\\/secure.gravatar.com\\\/avatar\\\/57de8e5d4b15d43fb361a71fbb36338450fe67865b528a43dd10ef7c51a20392?s=96&d=mm&r=g\",\"url\":\"https:\\\/\\\/secure.gravatar.com\\\/avatar\\\/57de8e5d4b15d43fb361a71fbb36338450fe67865b528a43dd10ef7c51a20392?s=96&d=mm&r=g\",\"contentUrl\":\"https:\\\/\\\/secure.gravatar.com\\\/avatar\\\/57de8e5d4b15d43fb361a71fbb36338450fe67865b528a43dd10ef7c51a20392?s=96&d=mm&r=g\",\"caption\":\"La Sentinelle\"},\"sameAs\":[\"http:\\\/\\\/www.lasentinelle.dz\"],\"url\":\"https:\\\/\\\/lasentinelle.dz\\\/author\\\/redaction\\\/\"}]}<\/script>\n<!-- \/ Yoast SEO plugin. -->","yoast_head_json":{"title":"Valorisation des d\u00e9chets p\u00e9troliers\u00a0: Convention de coop\u00e9ration entre l&rsquo;Universit\u00e9 d\u2019Oran 1 et Sonatrach - La Sentinelle","robots":{"index":"index","follow":"follow","max-snippet":"max-snippet:-1","max-image-preview":"max-image-preview:large","max-video-preview":"max-video-preview:-1"},"canonical":"https:\/\/lasentinelle.dz\/index.php\/2023\/03\/08\/valorisation-des-dechets-petroliers-convention-de-cooperation-entre-luniversite-doran-1-et-sonatrach\/","og_locale":"fr_FR","og_type":"article","og_title":"Valorisation des d\u00e9chets p\u00e9troliers\u00a0: Convention de coop\u00e9ration entre l&rsquo;Universit\u00e9 d\u2019Oran 1 et Sonatrach - La Sentinelle","og_description":"L&rsquo;Universit\u00e9 d&rsquo;Oran 1 Ahmed Ben Bella a sign\u00e9 une convention cadre de coop\u00e9ration avec le Groupe Sonatrach pour accompagner la","og_url":"https:\/\/lasentinelle.dz\/index.php\/2023\/03\/08\/valorisation-des-dechets-petroliers-convention-de-cooperation-entre-luniversite-doran-1-et-sonatrach\/","og_site_name":"La Sentinelle","article_publisher":"https:\/\/www.facebook.com\/La-Sentinelle-104059864394773","article_published_time":"2023-03-08T21:05:00+00:00","og_image":[{"width":580,"height":350,"url":"https:\/\/lasentinelle.dz\/wp-content\/uploads\/2023\/03\/image_2023-03-08_213534402.png","type":"image\/png"}],"author":"La Sentinelle","twitter_card":"summary_large_image","twitter_misc":{"\u00c9crit par":"La Sentinelle","Dur\u00e9e de lecture estim\u00e9e":"1 minute"},"schema":{"@context":"https:\/\/schema.org","@graph":[{"@type":"Article","@id":"https:\/\/lasentinelle.dz\/index.php\/2023\/03\/08\/valorisation-des-dechets-petroliers-convention-de-cooperation-entre-luniversite-doran-1-et-sonatrach\/#article","isPartOf":{"@id":"https:\/\/lasentinelle.dz\/index.php\/2023\/03\/08\/valorisation-des-dechets-petroliers-convention-de-cooperation-entre-luniversite-doran-1-et-sonatrach\/"},"author":{"name":"La Sentinelle","@id":"https:\/\/lasentinelle.dz\/#\/schema\/person\/d865044e22e70a75174ce8bcad3acfb3"},"headline":"Valorisation des d\u00e9chets p\u00e9troliers\u00a0: Convention de coop\u00e9ration entre l&rsquo;Universit\u00e9 d\u2019Oran 1 et Sonatrach","datePublished":"2023-03-08T21:05:00+00:00","mainEntityOfPage":{"@id":"https:\/\/lasentinelle.dz\/index.php\/2023\/03\/08\/valorisation-des-dechets-petroliers-convention-de-cooperation-entre-luniversite-doran-1-et-sonatrach\/"},"wordCount":225,"commentCount":0,"publisher":{"@id":"https:\/\/lasentinelle.dz\/#organization"},"image":{"@id":"https:\/\/lasentinelle.dz\/index.php\/2023\/03\/08\/valorisation-des-dechets-petroliers-convention-de-cooperation-entre-luniversite-doran-1-et-sonatrach\/#primaryimage"},"thumbnailUrl":"https:\/\/lasentinelle.dz\/wp-content\/uploads\/2023\/03\/image_2023-03-08_213534402.png","articleSection":["\u00c9conomie"],"inLanguage":"fr-FR","potentialAction":[{"@type":"CommentAction","name":"Comment","target":["https:\/\/lasentinelle.dz\/index.php\/2023\/03\/08\/valorisation-des-dechets-petroliers-convention-de-cooperation-entre-luniversite-doran-1-et-sonatrach\/#respond"]}]},{"@type":"WebPage","@id":"https:\/\/lasentinelle.dz\/index.php\/2023\/03\/08\/valorisation-des-dechets-petroliers-convention-de-cooperation-entre-luniversite-doran-1-et-sonatrach\/","url":"https:\/\/lasentinelle.dz\/index.php\/2023\/03\/08\/valorisation-des-dechets-petroliers-convention-de-cooperation-entre-luniversite-doran-1-et-sonatrach\/","name":"Valorisation des d\u00e9chets p\u00e9troliers\u00a0: Convention de coop\u00e9ration entre l&rsquo;Universit\u00e9 d\u2019Oran 1 et Sonatrach - La Sentinelle","isPartOf":{"@id":"https:\/\/lasentinelle.dz\/#website"},"primaryImageOfPage":{"@id":"https:\/\/lasentinelle.dz\/index.php\/2023\/03\/08\/valorisation-des-dechets-petroliers-convention-de-cooperation-entre-luniversite-doran-1-et-sonatrach\/#primaryimage"},"image":{"@id":"https:\/\/lasentinelle.dz\/index.php\/2023\/03\/08\/valorisation-des-dechets-petroliers-convention-de-cooperation-entre-luniversite-doran-1-et-sonatrach\/#primaryimage"},"thumbnailUrl":"https:\/\/lasentinelle.dz\/wp-content\/uploads\/2023\/03\/image_2023-03-08_213534402.png","datePublished":"2023-03-08T21:05:00+00:00","breadcrumb":{"@id":"https:\/\/lasentinelle.dz\/index.php\/2023\/03\/08\/valorisation-des-dechets-petroliers-convention-de-cooperation-entre-luniversite-doran-1-et-sonatrach\/#breadcrumb"},"inLanguage":"fr-FR","potentialAction":[{"@type":"ReadAction","target":["https:\/\/lasentinelle.dz\/index.php\/2023\/03\/08\/valorisation-des-dechets-petroliers-convention-de-cooperation-entre-luniversite-doran-1-et-sonatrach\/"]}]},{"@type":"ImageObject","inLanguage":"fr-FR","@id":"https:\/\/lasentinelle.dz\/index.php\/2023\/03\/08\/valorisation-des-dechets-petroliers-convention-de-cooperation-entre-luniversite-doran-1-et-sonatrach\/#primaryimage","url":"https:\/\/lasentinelle.dz\/wp-content\/uploads\/2023\/03\/image_2023-03-08_213534402.png","contentUrl":"https:\/\/lasentinelle.dz\/wp-content\/uploads\/2023\/03\/image_2023-03-08_213534402.png","width":580,"height":350},{"@type":"BreadcrumbList","@id":"https:\/\/lasentinelle.dz\/index.php\/2023\/03\/08\/valorisation-des-dechets-petroliers-convention-de-cooperation-entre-luniversite-doran-1-et-sonatrach\/#breadcrumb","itemListElement":[{"@type":"ListItem","position":1,"name":"Accueil","item":"https:\/\/lasentinelle.dz\/"},{"@type":"ListItem","position":2,"name":"Valorisation des d\u00e9chets p\u00e9troliers\u00a0: Convention de coop\u00e9ration entre l&rsquo;Universit\u00e9 d\u2019Oran 1 et Sonatrach"}]},{"@type":"WebSite","@id":"https:\/\/lasentinelle.dz\/#website","url":"https:\/\/lasentinelle.dz\/","name":"La Sentinelle","description":"Quotidien national d&#039;information","publisher":{"@id":"https:\/\/lasentinelle.dz\/#organization"},"potentialAction":[{"@type":"SearchAction","target":{"@type":"EntryPoint","urlTemplate":"https:\/\/lasentinelle.dz\/?s={search_term_string}"},"query-input":{"@type":"PropertyValueSpecification","valueRequired":true,"valueName":"search_term_string"}}],"inLanguage":"fr-FR"},{"@type":"Organization","@id":"https:\/\/lasentinelle.dz\/#organization","name":"Quotidien La Sentinelle","url":"https:\/\/lasentinelle.dz\/","logo":{"@type":"ImageObject","inLanguage":"fr-FR","@id":"https:\/\/lasentinelle.dz\/#\/schema\/logo\/image\/","url":"https:\/\/lasentinelle.dz\/wp-content\/uploads\/2021\/09\/logo-sentinelleSLOGAN-1.png","contentUrl":"https:\/\/lasentinelle.dz\/wp-content\/uploads\/2021\/09\/logo-sentinelleSLOGAN-1.png","width":615,"height":142,"caption":"Quotidien La Sentinelle"},"image":{"@id":"https:\/\/lasentinelle.dz\/#\/schema\/logo\/image\/"},"sameAs":["https:\/\/www.facebook.com\/La-Sentinelle-104059864394773"]},{"@type":"Person","@id":"https:\/\/lasentinelle.dz\/#\/schema\/person\/d865044e22e70a75174ce8bcad3acfb3","name":"La Sentinelle","image":{"@type":"ImageObject","inLanguage":"fr-FR","@id":"https:\/\/secure.gravatar.com\/avatar\/57de8e5d4b15d43fb361a71fbb36338450fe67865b528a43dd10ef7c51a20392?s=96&d=mm&r=g","url":"https:\/\/secure.gravatar.com\/avatar\/57de8e5d4b15d43fb361a71fbb36338450fe67865b528a43dd10ef7c51a20392?s=96&d=mm&r=g","contentUrl":"https:\/\/secure.gravatar.com\/avatar\/57de8e5d4b15d43fb361a71fbb36338450fe67865b528a43dd10ef7c51a20392?s=96&d=mm&r=g","caption":"La Sentinelle"},"sameAs":["http:\/\/www.lasentinelle.dz"],"url":"https:\/\/lasentinelle.dz\/author\/redaction\/"}]}},"_links":{"self":[{"href":"https:\/\/lasentinelle.dz\/index.php\/wp-json\/wp\/v2\/posts\/37582","targetHints":{"allow":["GET"]}}],"collection":[{"href":"https:\/\/lasentinelle.dz\/index.php\/wp-json\/wp\/v2\/posts"}],"about":[{"href":"https:\/\/lasentinelle.dz\/index.php\/wp-json\/wp\/v2\/types\/post"}],"author":[{"embeddable":true,"href":"https:\/\/lasentinelle.dz\/index.php\/wp-json\/wp\/v2\/users\/3"}],"replies":[{"embeddable":true,"href":"https:\/\/lasentinelle.dz\/index.php\/wp-json\/wp\/v2\/comments?post=37582"}],"version-history":[{"count":1,"href":"https:\/\/lasentinelle.dz\/index.php\/wp-json\/wp\/v2\/posts\/37582\/revisions"}],"predecessor-version":[{"id":37590,"href":"https:\/\/lasentinelle.dz\/index.php\/wp-json\/wp\/v2\/posts\/37582\/revisions\/37590"}],"wp:featuredmedia":[{"embeddable":true,"href":"https:\/\/lasentinelle.dz\/index.php\/wp-json\/wp\/v2\/media\/37588"}],"wp:attachment":[{"href":"https:\/\/lasentinelle.dz\/index.php\/wp-json\/wp\/v2\/media?parent=37582"}],"wp:term":[{"taxonomy":"category","embeddable":true,"href":"https:\/\/lasentinelle.dz\/index.php\/wp-json\/wp\/v2\/categories?post=37582"},{"taxonomy":"post_tag","embeddable":true,"href":"https:\/\/lasentinelle.dz\/index.php\/wp-json\/wp\/v2\/tags?post=37582"}],"curies":[{"name":"wp","href":"https:\/\/api.w.org\/{rel}","templated":true}]}}