{"id":376,"date":"2020-10-08T15:57:20","date_gmt":"2020-10-08T14:57:20","guid":{"rendered":"http:\/\/lasentinelle.dz\/?p=376"},"modified":"2021-07-12T14:56:23","modified_gmt":"2021-07-12T13:56:23","slug":"comment-les-objectifs-climatiques-peuvent-contribuer-a-la-relance-economique","status":"publish","type":"post","link":"https:\/\/lasentinelle.dz\/index.php\/2020\/10\/08\/comment-les-objectifs-climatiques-peuvent-contribuer-a-la-relance-economique\/","title":{"rendered":"Comment les objectifs climatiques peuvent contribuer \u00e0 la relance \u00e9conomique"},"content":{"rendered":"\n<p><\/p>\n\n\n\n<p><strong><em>Par Francisca Tondreau<\/em><\/strong><\/p>\n\n\n\n<p>SANTIAGO DU CHILI&nbsp;\u2013 Face \u00e0 la pand\u00e9mie de Covid-19 qui frappe le monde entier, les responsables politiques se consacrent \u00e0 la relance \u00e9conomique et aux mesures de soutien financier en direction des m\u00e9nages et des entreprises. En cons\u00e9quence de quoi nombre de pays tardent \u00e0 soumettre leurs objectifs actualis\u00e9s de r\u00e9duction des \u00e9missions carbon\u00e9es, comme l\u2019exige pourtant l\u2019Accord de Paris. Ces \u00ab&nbsp;contributions d\u00e9termin\u00e9es au niveau national&nbsp;\u00bb (NDC) auraient normalement d\u00fb \u00eatre connues plus t\u00f4t cette ann\u00e9e, afin de pr\u00e9parer la conf\u00e9rence sur le climat, la COP26, pr\u00e9vue au mois de novembre en \u00c9cosse, \u00e0 Glasgow, mais finalement report\u00e9e \u00e0 l\u2019an prochain.<\/p>\n\n\n\n<p>S\u2019il est compr\u00e9hensible que les sommets se voient remplac\u00e9s par des plans de relance, nous ne devrions pas perdre de vue l\u2019importance des NDC dans les mesures qui permettront la reprise \u00e9conomique. Les NDC sont parmi les meilleurs v\u00e9hicules dont disposent les gouvernements pour d\u00e9finir leurs priorit\u00e9s concernant la croissance et la transformation technologique, l\u2019une et l\u2019autre \u00e9tant \u00e9videmment li\u00e9es \u00e0 la cr\u00e9ation d\u2019emplois. En outre, la d\u00e9finition des objectifs fournit aux pays une occasion en or pour s\u00e9lectionner les projets et les initiatives pr\u00eates \u00e0 \u00eatre men\u00e9es susceptibles d\u2019apporter des b\u00e9n\u00e9fices tant climatiques qu\u2019\u00e9conomiques.<\/p>\n\n\n\n<p>Le Chili en offre un bon exemple. Le gouvernement a communiqu\u00e9 en avril ses engagements climatiques r\u00e9actualis\u00e9s, assortis d\u2019un projet de loi actuellement en examen au Congr\u00e8s. Les NDC actualis\u00e9s relient l\u2019action climatique au d\u00e9veloppement durable et \u00e0 une transition \u00e9nerg\u00e9tique \u00e9quitable. L\u2019engagement d\u2019atteindre la neutralit\u00e9 carbone d\u2019ici 2050 est au c\u0153ur de ce dispositif, et l\u2019on peut facilement voir comment la r\u00e9ponse des pouvoirs publics \u00e0 la pand\u00e9mie contribue \u00e0 rapprocher le Chili de son objectif en acc\u00e9l\u00e9rant les transitions n\u00e9cessaires dans les secteurs de l\u2019\u00e9nergie et des transports.<\/p>\n\n\n\n<p>Mais les nouveaux NDC chiliens ouvrent aussi un autre front, qui peut s\u2019av\u00e9rer d\u2019une utilit\u00e9 non n\u00e9gligeable pour les plans de relance \u00e9conomique&nbsp;: celui des solutions bas\u00e9es sur la nature. Le projet chilien fait preuve de sa compr\u00e9hension du r\u00f4le que peut jouer la nature afin de parvenir \u00e0 la neutralit\u00e9 carbone, mais aussi de permettre une meilleure adaptation aux effets du changement climatique en reconnaissant combien il est important de cr\u00e9er des puits naturels de carbone ou de les entretenir lorsqu\u2019ils existent.<\/p>\n\n\n\n<p>Pour commencer, le plan climat chilien consid\u00e8re que l\u2019oc\u00e9an est li\u00e9 \u00e0 la bonne sant\u00e9 du climat, et prend acte de la valeur \u00e9conomique des \u00e9cosyst\u00e8mes c\u00f4tiers. Nous n\u2019avons pas besoin de porter tr\u00e8s loin notre regard pour d\u00e9couvrir un exemple de ce que peuvent apporter \u00e0 l\u2019\u00e9conomie locale des \u00e9cosyst\u00e8mes marins en bonne sant\u00e9. Au Mexique, si l\u2019on ne consid\u00e8re que le golfe de Californie et la p\u00e9ninsule de Basse-Californie, les \u00e9cosyst\u00e8mes marins g\u00e9n\u00e8rent 518&nbsp;millions de dollars de recettes touristiques et fournissent 3&nbsp;575 emplois directs. Les c\u00f4tes chiliennes s\u2019\u00e9tendent sur une longueur consid\u00e9rable et les possibilit\u00e9s y sont donc en proportion. \u00c0 cet \u00e9gard, les NDC chiliennes prennent leurs responsabilit\u00e9s&nbsp;: elles s\u2019engagent \u00e0 classer en zone prot\u00e9g\u00e9e 25&nbsp;% de la zone \u00e9conomique exclusive (ZEE) du pays. S\u2019il est correctement respect\u00e9, cet engagement cr\u00e9era de nouvelles opportunit\u00e9s \u00e9conomiques.<\/p>\n\n\n\n<p>Les nouvelles NDC renforcent aussi consid\u00e9rablement l\u2019action du Chili concernant ses for\u00eats. Le gouvernement a fix\u00e9 un objectif deux fois plus ambitieux pour l\u2019entretien et le reboisement de for\u00eats durables, qui passe de 100&nbsp;000&nbsp;\u00e0 200&nbsp;000 hectares concern\u00e9s d\u2019ici 2030. De m\u00eame, 200&nbsp;000 hectares de for\u00eats seront plant\u00e9s (100&nbsp;000 \u00e9taient originellement pr\u00e9vus), dont au moins la moiti\u00e9 sera constitu\u00e9e de for\u00eats \u00e0 couverture permanente, avec 70&nbsp;000 hectares plant\u00e9s en esp\u00e8ces natives. Enfin, le Chili s\u2019est engag\u00e9 \u00e0 r\u00e9duire de 25 % d\u2019ici 2030 ses \u00e9missions de gaz carbonique li\u00e9es \u00e0 la d\u00e9forestation et \u00e0 la d\u00e9gradation des sols.<\/p>\n\n\n\n<p>Les cons\u00e9quences sur la croissance \u00e9conomique, quoiqu\u2019encore mal \u00e9tudi\u00e9es et sous-estim\u00e9es, sont, l\u00e0 encore, indubitables. La poursuite de ces objectifs permettra aux pouvoirs publics de cr\u00e9er quantit\u00e9 d\u2019emplois, qu\u2019il s\u2019agisse de forestiers, de botanistes, de conducteurs de chantier ou de travailleurs manuels. Les paysages remis en \u00e9tat ou conserv\u00e9s offrent par ailleurs d\u2019autres avantages. Une \u00e9tude r\u00e9alis\u00e9e en 2016 par le World Resources Institute a \u00e9tabli que la r\u00e9habilitation des sols d\u00e9grad\u00e9s rapporterait sur cinquante ans 23 milliards de dollars de b\u00e9n\u00e9fices nets. En moyenne, un agriculteur qui r\u00e9habilite son sol peut gagner 1,40 dollar suppl\u00e9mentaire par hectare sur la valeur \u00e9conomique nette de celui-ci.<\/p>\n\n\n\n<p>Soyons clairs&nbsp;: le Chili a encore du chemin \u00e0 parcourir avant d\u2019atteindre les objectifs fix\u00e9s par ses engagements climatiques initiaux. Jusqu\u2019\u00e0 pr\u00e9sent, la r\u00e9action des pouvoirs publics \u00e0 la crise du Covid-19 comporte du bon et du moins bon, et le gouvernement doit encore prouver sa d\u00e9termination \u00e0 mettre en \u0153uvre les actions climatiques pr\u00e9sent\u00e9es voici quelques mois dans son projet. Mais les NDC chiliens ont au moins le m\u00e9rite de fournir un bon exemple de ce que doivent et peuvent \u00eatre les actualisations des objectifs nationaux&nbsp;: plut\u00f4t qu\u2019un document d\u2019orientation juridiquement contraignant, un signal politique envoy\u00e9 aux minist\u00e8res comme aux acteurs du secteur priv\u00e9 et aux institutions de financement du d\u00e9veloppement afin d\u2019identifier et de mettre en \u0153uvre les opportunit\u00e9s d\u2019articuler les plans publics climatiques \u00e0 la reprise \u00e9conomique.<\/p>\n\n\n\n<p>\u00c0 chaque actualisation, les contributions nationales \u00e0 la lutte contre le changement climatique cr\u00e9ent un nouvel \u00e9lan politique et construisent une indispensable confiance internationale. Plut\u00f4t que de surseoir aux mesures d\u2019actualisation des contributions nationales alors que la pand\u00e9mie poursuit ses ravages, les gouvernements devraient consid\u00e9rer que les objectifs ainsi fix\u00e9s peuvent \u00eatre utilis\u00e9s pour tirer un meilleur parti des solutions bas\u00e9es sur la nature. En somme, l\u2019action climatique, telle qu\u2019elle s\u2019exprime au moyen des NDC peut parfaitement faire bon m\u00e9nage avec les plans de relance \u00e9conomique. Lorsqu\u2019on la prot\u00e8ge, la nature sait se montrer g\u00e9n\u00e9reuse.<\/p>\n\n\n\n<p><strong>Traduit de l\u2019anglais par Fran\u00e7ois Boisivon<\/strong><\/p>\n\n\n\n<p><\/p>\n\n\n\n<p><strong><em>Copyright: Project Syndicate, 2020.www.project-syndicate.org<\/em><\/strong><\/p>\n\n\n\n<p><\/p>\n\n\n\n<p><strong>Francisca Tondreau est directrice pays pour le Chili, le Paraguay et la Bolivie de l\u2019organisation de protection de l\u2019environnement The Nature Conservancy.<\/strong><\/p>\n","protected":false},"excerpt":{"rendered":"<p>Par Francisca Tondreau SANTIAGO DU CHILI&nbsp;\u2013 Face \u00e0 la pand\u00e9mie de Covid-19 qui frappe le monde entier, les responsables politiques<\/p>\n","protected":false},"author":3,"featured_media":0,"comment_status":"open","ping_status":"closed","sticky":false,"template":"","format":"standard","meta":{"colormag_page_container_layout":"default_layout","colormag_page_sidebar_layout":"default_layout","om_disable_all_campaigns":false,"_monsterinsights_skip_tracking":false,"_monsterinsights_sitenote_active":false,"_monsterinsights_sitenote_note":"","_monsterinsights_sitenote_category":0,"footnotes":"","_wpscppro_dont_share_socialmedia":false,"_wpscppro_custom_social_share_image":0,"_facebook_share_type":"","_twitter_share_type":"","_linkedin_share_type":"","_pinterest_share_type":"","_linkedin_share_type_page":"","_instagram_share_type":"","_medium_share_type":"","_threads_share_type":"","_google_business_share_type":"","_selected_social_profile":[],"_wpsp_enable_custom_social_template":false,"_wpsp_social_scheduling":{"enabled":false,"datetime":null,"platforms":[],"status":"template_only","dateOption":"today","timeOption":"now","customDays":"","customHours":"","customDate":"","customTime":"","schedulingType":"absolute"},"_wpsp_active_default_template":true},"categories":[38],"tags":[],"class_list":["post-376","post","type-post","status-publish","format-standard","hentry","category-debats"],"aioseo_notices":[],"yoast_head":"<!-- This site is optimized with the Yoast SEO plugin v27.4 - https:\/\/yoast.com\/product\/yoast-seo-wordpress\/ -->\n<title>Comment les objectifs climatiques peuvent contribuer \u00e0 la relance \u00e9conomique - La Sentinelle<\/title>\n<meta name=\"robots\" content=\"index, follow, max-snippet:-1, max-image-preview:large, max-video-preview:-1\" \/>\n<link rel=\"canonical\" href=\"https:\/\/lasentinelle.dz\/index.php\/2020\/10\/08\/comment-les-objectifs-climatiques-peuvent-contribuer-a-la-relance-economique\/\" \/>\n<meta property=\"og:locale\" content=\"fr_FR\" \/>\n<meta property=\"og:type\" content=\"article\" \/>\n<meta property=\"og:title\" content=\"Comment les objectifs climatiques peuvent contribuer \u00e0 la relance \u00e9conomique - La Sentinelle\" \/>\n<meta property=\"og:description\" content=\"Par Francisca Tondreau SANTIAGO DU CHILI&nbsp;\u2013 Face \u00e0 la pand\u00e9mie de Covid-19 qui frappe le monde entier, les responsables politiques\" \/>\n<meta property=\"og:url\" content=\"https:\/\/lasentinelle.dz\/index.php\/2020\/10\/08\/comment-les-objectifs-climatiques-peuvent-contribuer-a-la-relance-economique\/\" \/>\n<meta property=\"og:site_name\" content=\"La Sentinelle\" \/>\n<meta property=\"article:publisher\" content=\"https:\/\/www.facebook.com\/La-Sentinelle-104059864394773\" \/>\n<meta property=\"article:published_time\" content=\"2020-10-08T14:57:20+00:00\" \/>\n<meta property=\"article:modified_time\" content=\"2021-07-12T13:56:23+00:00\" \/>\n<meta property=\"og:image\" content=\"https:\/\/lasentinelle.dz\/wp-content\/uploads\/2020\/10\/transition-energetique.jpg\" \/>\n\t<meta property=\"og:image:width\" content=\"1688\" \/>\n\t<meta property=\"og:image:height\" content=\"1125\" \/>\n\t<meta property=\"og:image:type\" content=\"image\/jpeg\" \/>\n<meta name=\"author\" content=\"La Sentinelle\" \/>\n<meta name=\"twitter:card\" content=\"summary_large_image\" \/>\n<meta name=\"twitter:label1\" content=\"\u00c9crit par\" \/>\n\t<meta name=\"twitter:data1\" content=\"La Sentinelle\" \/>\n\t<meta name=\"twitter:label2\" content=\"Dur\u00e9e de lecture estim\u00e9e\" \/>\n\t<meta name=\"twitter:data2\" content=\"5 minutes\" \/>\n<script type=\"application\/ld+json\" class=\"yoast-schema-graph\">{\"@context\":\"https:\\\/\\\/schema.org\",\"@graph\":[{\"@type\":\"Article\",\"@id\":\"https:\\\/\\\/lasentinelle.dz\\\/index.php\\\/2020\\\/10\\\/08\\\/comment-les-objectifs-climatiques-peuvent-contribuer-a-la-relance-economique\\\/#article\",\"isPartOf\":{\"@id\":\"https:\\\/\\\/lasentinelle.dz\\\/index.php\\\/2020\\\/10\\\/08\\\/comment-les-objectifs-climatiques-peuvent-contribuer-a-la-relance-economique\\\/\"},\"author\":{\"name\":\"La Sentinelle\",\"@id\":\"https:\\\/\\\/lasentinelle.dz\\\/#\\\/schema\\\/person\\\/d865044e22e70a75174ce8bcad3acfb3\"},\"headline\":\"Comment les objectifs climatiques peuvent contribuer \u00e0 la relance \u00e9conomique\",\"datePublished\":\"2020-10-08T14:57:20+00:00\",\"dateModified\":\"2021-07-12T13:56:23+00:00\",\"mainEntityOfPage\":{\"@id\":\"https:\\\/\\\/lasentinelle.dz\\\/index.php\\\/2020\\\/10\\\/08\\\/comment-les-objectifs-climatiques-peuvent-contribuer-a-la-relance-economique\\\/\"},\"wordCount\":1124,\"commentCount\":0,\"publisher\":{\"@id\":\"https:\\\/\\\/lasentinelle.dz\\\/#organization\"},\"articleSection\":[\"D\u00e9bats\"],\"inLanguage\":\"fr-FR\",\"potentialAction\":[{\"@type\":\"CommentAction\",\"name\":\"Comment\",\"target\":[\"https:\\\/\\\/lasentinelle.dz\\\/index.php\\\/2020\\\/10\\\/08\\\/comment-les-objectifs-climatiques-peuvent-contribuer-a-la-relance-economique\\\/#respond\"]}]},{\"@type\":\"WebPage\",\"@id\":\"https:\\\/\\\/lasentinelle.dz\\\/index.php\\\/2020\\\/10\\\/08\\\/comment-les-objectifs-climatiques-peuvent-contribuer-a-la-relance-economique\\\/\",\"url\":\"https:\\\/\\\/lasentinelle.dz\\\/index.php\\\/2020\\\/10\\\/08\\\/comment-les-objectifs-climatiques-peuvent-contribuer-a-la-relance-economique\\\/\",\"name\":\"Comment les objectifs climatiques peuvent contribuer \u00e0 la relance \u00e9conomique - La Sentinelle\",\"isPartOf\":{\"@id\":\"https:\\\/\\\/lasentinelle.dz\\\/#website\"},\"datePublished\":\"2020-10-08T14:57:20+00:00\",\"dateModified\":\"2021-07-12T13:56:23+00:00\",\"breadcrumb\":{\"@id\":\"https:\\\/\\\/lasentinelle.dz\\\/index.php\\\/2020\\\/10\\\/08\\\/comment-les-objectifs-climatiques-peuvent-contribuer-a-la-relance-economique\\\/#breadcrumb\"},\"inLanguage\":\"fr-FR\",\"potentialAction\":[{\"@type\":\"ReadAction\",\"target\":[\"https:\\\/\\\/lasentinelle.dz\\\/index.php\\\/2020\\\/10\\\/08\\\/comment-les-objectifs-climatiques-peuvent-contribuer-a-la-relance-economique\\\/\"]}]},{\"@type\":\"BreadcrumbList\",\"@id\":\"https:\\\/\\\/lasentinelle.dz\\\/index.php\\\/2020\\\/10\\\/08\\\/comment-les-objectifs-climatiques-peuvent-contribuer-a-la-relance-economique\\\/#breadcrumb\",\"itemListElement\":[{\"@type\":\"ListItem\",\"position\":1,\"name\":\"Accueil\",\"item\":\"https:\\\/\\\/lasentinelle.dz\\\/\"},{\"@type\":\"ListItem\",\"position\":2,\"name\":\"Comment les objectifs climatiques peuvent contribuer \u00e0 la relance \u00e9conomique\"}]},{\"@type\":\"WebSite\",\"@id\":\"https:\\\/\\\/lasentinelle.dz\\\/#website\",\"url\":\"https:\\\/\\\/lasentinelle.dz\\\/\",\"name\":\"La Sentinelle\",\"description\":\"Quotidien national d&#039;information\",\"publisher\":{\"@id\":\"https:\\\/\\\/lasentinelle.dz\\\/#organization\"},\"potentialAction\":[{\"@type\":\"SearchAction\",\"target\":{\"@type\":\"EntryPoint\",\"urlTemplate\":\"https:\\\/\\\/lasentinelle.dz\\\/?s={search_term_string}\"},\"query-input\":{\"@type\":\"PropertyValueSpecification\",\"valueRequired\":true,\"valueName\":\"search_term_string\"}}],\"inLanguage\":\"fr-FR\"},{\"@type\":\"Organization\",\"@id\":\"https:\\\/\\\/lasentinelle.dz\\\/#organization\",\"name\":\"Quotidien La Sentinelle\",\"url\":\"https:\\\/\\\/lasentinelle.dz\\\/\",\"logo\":{\"@type\":\"ImageObject\",\"inLanguage\":\"fr-FR\",\"@id\":\"https:\\\/\\\/lasentinelle.dz\\\/#\\\/schema\\\/logo\\\/image\\\/\",\"url\":\"https:\\\/\\\/lasentinelle.dz\\\/wp-content\\\/uploads\\\/2021\\\/09\\\/logo-sentinelleSLOGAN-1.png\",\"contentUrl\":\"https:\\\/\\\/lasentinelle.dz\\\/wp-content\\\/uploads\\\/2021\\\/09\\\/logo-sentinelleSLOGAN-1.png\",\"width\":615,\"height\":142,\"caption\":\"Quotidien La Sentinelle\"},\"image\":{\"@id\":\"https:\\\/\\\/lasentinelle.dz\\\/#\\\/schema\\\/logo\\\/image\\\/\"},\"sameAs\":[\"https:\\\/\\\/www.facebook.com\\\/La-Sentinelle-104059864394773\"]},{\"@type\":\"Person\",\"@id\":\"https:\\\/\\\/lasentinelle.dz\\\/#\\\/schema\\\/person\\\/d865044e22e70a75174ce8bcad3acfb3\",\"name\":\"La Sentinelle\",\"image\":{\"@type\":\"ImageObject\",\"inLanguage\":\"fr-FR\",\"@id\":\"https:\\\/\\\/secure.gravatar.com\\\/avatar\\\/57de8e5d4b15d43fb361a71fbb36338450fe67865b528a43dd10ef7c51a20392?s=96&d=mm&r=g\",\"url\":\"https:\\\/\\\/secure.gravatar.com\\\/avatar\\\/57de8e5d4b15d43fb361a71fbb36338450fe67865b528a43dd10ef7c51a20392?s=96&d=mm&r=g\",\"contentUrl\":\"https:\\\/\\\/secure.gravatar.com\\\/avatar\\\/57de8e5d4b15d43fb361a71fbb36338450fe67865b528a43dd10ef7c51a20392?s=96&d=mm&r=g\",\"caption\":\"La Sentinelle\"},\"sameAs\":[\"http:\\\/\\\/www.lasentinelle.dz\"],\"url\":\"https:\\\/\\\/lasentinelle.dz\\\/author\\\/redaction\\\/\"}]}<\/script>\n<!-- \/ Yoast SEO plugin. -->","yoast_head_json":{"title":"Comment les objectifs climatiques peuvent contribuer \u00e0 la relance \u00e9conomique - La Sentinelle","robots":{"index":"index","follow":"follow","max-snippet":"max-snippet:-1","max-image-preview":"max-image-preview:large","max-video-preview":"max-video-preview:-1"},"canonical":"https:\/\/lasentinelle.dz\/index.php\/2020\/10\/08\/comment-les-objectifs-climatiques-peuvent-contribuer-a-la-relance-economique\/","og_locale":"fr_FR","og_type":"article","og_title":"Comment les objectifs climatiques peuvent contribuer \u00e0 la relance \u00e9conomique - La Sentinelle","og_description":"Par Francisca Tondreau SANTIAGO DU CHILI&nbsp;\u2013 Face \u00e0 la pand\u00e9mie de Covid-19 qui frappe le monde entier, les responsables politiques","og_url":"https:\/\/lasentinelle.dz\/index.php\/2020\/10\/08\/comment-les-objectifs-climatiques-peuvent-contribuer-a-la-relance-economique\/","og_site_name":"La Sentinelle","article_publisher":"https:\/\/www.facebook.com\/La-Sentinelle-104059864394773","article_published_time":"2020-10-08T14:57:20+00:00","article_modified_time":"2021-07-12T13:56:23+00:00","og_image":[{"width":1688,"height":1125,"url":"https:\/\/lasentinelle.dz\/wp-content\/uploads\/2020\/10\/transition-energetique.jpg","type":"image\/jpeg"}],"author":"La Sentinelle","twitter_card":"summary_large_image","twitter_misc":{"\u00c9crit par":"La Sentinelle","Dur\u00e9e de lecture estim\u00e9e":"5 minutes"},"schema":{"@context":"https:\/\/schema.org","@graph":[{"@type":"Article","@id":"https:\/\/lasentinelle.dz\/index.php\/2020\/10\/08\/comment-les-objectifs-climatiques-peuvent-contribuer-a-la-relance-economique\/#article","isPartOf":{"@id":"https:\/\/lasentinelle.dz\/index.php\/2020\/10\/08\/comment-les-objectifs-climatiques-peuvent-contribuer-a-la-relance-economique\/"},"author":{"name":"La Sentinelle","@id":"https:\/\/lasentinelle.dz\/#\/schema\/person\/d865044e22e70a75174ce8bcad3acfb3"},"headline":"Comment les objectifs climatiques peuvent contribuer \u00e0 la relance \u00e9conomique","datePublished":"2020-10-08T14:57:20+00:00","dateModified":"2021-07-12T13:56:23+00:00","mainEntityOfPage":{"@id":"https:\/\/lasentinelle.dz\/index.php\/2020\/10\/08\/comment-les-objectifs-climatiques-peuvent-contribuer-a-la-relance-economique\/"},"wordCount":1124,"commentCount":0,"publisher":{"@id":"https:\/\/lasentinelle.dz\/#organization"},"articleSection":["D\u00e9bats"],"inLanguage":"fr-FR","potentialAction":[{"@type":"CommentAction","name":"Comment","target":["https:\/\/lasentinelle.dz\/index.php\/2020\/10\/08\/comment-les-objectifs-climatiques-peuvent-contribuer-a-la-relance-economique\/#respond"]}]},{"@type":"WebPage","@id":"https:\/\/lasentinelle.dz\/index.php\/2020\/10\/08\/comment-les-objectifs-climatiques-peuvent-contribuer-a-la-relance-economique\/","url":"https:\/\/lasentinelle.dz\/index.php\/2020\/10\/08\/comment-les-objectifs-climatiques-peuvent-contribuer-a-la-relance-economique\/","name":"Comment les objectifs climatiques peuvent contribuer \u00e0 la relance \u00e9conomique - La Sentinelle","isPartOf":{"@id":"https:\/\/lasentinelle.dz\/#website"},"datePublished":"2020-10-08T14:57:20+00:00","dateModified":"2021-07-12T13:56:23+00:00","breadcrumb":{"@id":"https:\/\/lasentinelle.dz\/index.php\/2020\/10\/08\/comment-les-objectifs-climatiques-peuvent-contribuer-a-la-relance-economique\/#breadcrumb"},"inLanguage":"fr-FR","potentialAction":[{"@type":"ReadAction","target":["https:\/\/lasentinelle.dz\/index.php\/2020\/10\/08\/comment-les-objectifs-climatiques-peuvent-contribuer-a-la-relance-economique\/"]}]},{"@type":"BreadcrumbList","@id":"https:\/\/lasentinelle.dz\/index.php\/2020\/10\/08\/comment-les-objectifs-climatiques-peuvent-contribuer-a-la-relance-economique\/#breadcrumb","itemListElement":[{"@type":"ListItem","position":1,"name":"Accueil","item":"https:\/\/lasentinelle.dz\/"},{"@type":"ListItem","position":2,"name":"Comment les objectifs climatiques peuvent contribuer \u00e0 la relance \u00e9conomique"}]},{"@type":"WebSite","@id":"https:\/\/lasentinelle.dz\/#website","url":"https:\/\/lasentinelle.dz\/","name":"La Sentinelle","description":"Quotidien national d&#039;information","publisher":{"@id":"https:\/\/lasentinelle.dz\/#organization"},"potentialAction":[{"@type":"SearchAction","target":{"@type":"EntryPoint","urlTemplate":"https:\/\/lasentinelle.dz\/?s={search_term_string}"},"query-input":{"@type":"PropertyValueSpecification","valueRequired":true,"valueName":"search_term_string"}}],"inLanguage":"fr-FR"},{"@type":"Organization","@id":"https:\/\/lasentinelle.dz\/#organization","name":"Quotidien La Sentinelle","url":"https:\/\/lasentinelle.dz\/","logo":{"@type":"ImageObject","inLanguage":"fr-FR","@id":"https:\/\/lasentinelle.dz\/#\/schema\/logo\/image\/","url":"https:\/\/lasentinelle.dz\/wp-content\/uploads\/2021\/09\/logo-sentinelleSLOGAN-1.png","contentUrl":"https:\/\/lasentinelle.dz\/wp-content\/uploads\/2021\/09\/logo-sentinelleSLOGAN-1.png","width":615,"height":142,"caption":"Quotidien La Sentinelle"},"image":{"@id":"https:\/\/lasentinelle.dz\/#\/schema\/logo\/image\/"},"sameAs":["https:\/\/www.facebook.com\/La-Sentinelle-104059864394773"]},{"@type":"Person","@id":"https:\/\/lasentinelle.dz\/#\/schema\/person\/d865044e22e70a75174ce8bcad3acfb3","name":"La Sentinelle","image":{"@type":"ImageObject","inLanguage":"fr-FR","@id":"https:\/\/secure.gravatar.com\/avatar\/57de8e5d4b15d43fb361a71fbb36338450fe67865b528a43dd10ef7c51a20392?s=96&d=mm&r=g","url":"https:\/\/secure.gravatar.com\/avatar\/57de8e5d4b15d43fb361a71fbb36338450fe67865b528a43dd10ef7c51a20392?s=96&d=mm&r=g","contentUrl":"https:\/\/secure.gravatar.com\/avatar\/57de8e5d4b15d43fb361a71fbb36338450fe67865b528a43dd10ef7c51a20392?s=96&d=mm&r=g","caption":"La Sentinelle"},"sameAs":["http:\/\/www.lasentinelle.dz"],"url":"https:\/\/lasentinelle.dz\/author\/redaction\/"}]}},"_links":{"self":[{"href":"https:\/\/lasentinelle.dz\/index.php\/wp-json\/wp\/v2\/posts\/376","targetHints":{"allow":["GET"]}}],"collection":[{"href":"https:\/\/lasentinelle.dz\/index.php\/wp-json\/wp\/v2\/posts"}],"about":[{"href":"https:\/\/lasentinelle.dz\/index.php\/wp-json\/wp\/v2\/types\/post"}],"author":[{"embeddable":true,"href":"https:\/\/lasentinelle.dz\/index.php\/wp-json\/wp\/v2\/users\/3"}],"replies":[{"embeddable":true,"href":"https:\/\/lasentinelle.dz\/index.php\/wp-json\/wp\/v2\/comments?post=376"}],"version-history":[{"count":0,"href":"https:\/\/lasentinelle.dz\/index.php\/wp-json\/wp\/v2\/posts\/376\/revisions"}],"wp:attachment":[{"href":"https:\/\/lasentinelle.dz\/index.php\/wp-json\/wp\/v2\/media?parent=376"}],"wp:term":[{"taxonomy":"category","embeddable":true,"href":"https:\/\/lasentinelle.dz\/index.php\/wp-json\/wp\/v2\/categories?post=376"},{"taxonomy":"post_tag","embeddable":true,"href":"https:\/\/lasentinelle.dz\/index.php\/wp-json\/wp\/v2\/tags?post=376"}],"curies":[{"name":"wp","href":"https:\/\/api.w.org\/{rel}","templated":true}]}}