{"id":37612,"date":"2023-03-11T22:00:00","date_gmt":"2023-03-11T21:00:00","guid":{"rendered":"https:\/\/lasentinelle.dz\/?p=37612"},"modified":"2023-03-11T17:27:31","modified_gmt":"2023-03-11T16:27:31","slug":"ligue-1-mobilis-coup-darret-pour-la-jss-abid-sauve-lusb","status":"publish","type":"post","link":"https:\/\/lasentinelle.dz\/index.php\/2023\/03\/11\/ligue-1-mobilis-coup-darret-pour-la-jss-abid-sauve-lusb\/","title":{"rendered":"Ligue 1 Mobilis\u00a0: Coup d&rsquo;arr\u00eat pour la JSS, Abid sauve l&rsquo;USB"},"content":{"rendered":"\n<p>La JS Saoura, battue vendredi en d\u00e9placement face au RC Arba\u00e2 (2-0), a conc\u00e9d\u00e9 un v\u00e9ritable coup d&rsquo;arr\u00eat, alors que l&rsquo;US Biskra a d\u00fb attendre la fin du match en d\u00e9placement face au MCE El-Bayadh pour arracher le point du nul, en ouverture de la 19e journ\u00e9e du championnat de Ligue 1 Mobilis de football, devant se poursuivre samedi et lundi. Le RC Arba\u00e2, qui restait sur une d\u00e9faite conc\u00e9d\u00e9e en d\u00e9placement face au MC Alger (2-0), a bien r\u00e9agi devant son public. L&rsquo;attaquant Aboubakeur Kessili s&rsquo;est distingu\u00e9 en signant un doubl\u00e9 (7e, 73e) qui permet \u00e0 la formation de Larba\u00e2 de faire une bonne op\u00e9ration, rejoignant provisoirement le MC Oran \u00e0 la 7e place, avec 25 points chacun. Par contre, la JSS qui visait la victoire pour monter sur le podium, a vu sa s\u00e9rie de sept matchs d&rsquo;invincibilit\u00e9, toutes comp\u00e9titions confondues, prendre fin face \u00e0 une \u00e9quipe du RCA plus volontaire. Aux portes du sud, le MC El-Bayadh croyait tenir une pr\u00e9cieuse victoire \u00e0 domicile devant l&rsquo;USB. Les locaux ont ouvert le score gr\u00e2ce \u00e0 Merouane Benzid, peu avant la pause (45e+1), avant que les gars des \u00ab\u00a0Zibans\u00a0\u00bb ne reviennent de loin pour arracher l&rsquo;\u00e9galisation en fin de match, sur un penalty transform\u00e9 par Mohamed Amine Abid (89e). Un match nul qui n&rsquo;arrange pas les deux teams log\u00e9s conjointement \u00e0 la 9e place, en compagnie de l&rsquo;USM Khenchela avec 24 pts chacun, et ne sont pas \u00e0 l&rsquo;abri d&rsquo;un retour des mal-class\u00e9s. Cette 19e journ\u00e9e se poursuivra samedi avec une belle affiche \u00e0 l&rsquo;ouest entre l&rsquo;ASO Chlef (13e, 22 pts) et le MC Oran (7e, 25 pts). Les Ch\u00e9lifiens retrouveront par l&rsquo;occasion leur antre de Mohamed Boumezrag, qui a fait objectif d&rsquo;une pose d&rsquo;une nouvelle pelouse. Le dernier match programm\u00e9 de cette journ\u00e9e opposera lundi l&rsquo;USM Alger (6e, 26 pts) \u00e0 la lanterne rouge le HB Chelghoum La\u00efd (16e, 2 pts). Quatre matchs sont report\u00e9s \u00e0 une date ult\u00e9rieure, il s&rsquo;agit de CR Belouizdad &#8211; ES S\u00e9tif, NC Magra &#8211; MC Alger,CS Constantine-Paradou AC, et USM Khenchela-JS Kabylie, en raison du match que doit livrer la formation de la ville des \u00ab\u00a0Gen\u00eats\u00a0\u00bb, samedi \u00e0 domicile face aux Congolais de l&rsquo;AS Vita Club (20h00), dans le cadre de la 4e journ\u00e9e (Gr.A) de la Ligue des champions d&rsquo;Afrique, mais \u00e9galement en raison du stage qu&rsquo;effectue actuellement la s\u00e9lection des U23 \u00e0 Annaba.<\/p>\n\n\n\n<p>APS<\/p>\n","protected":false},"excerpt":{"rendered":"<p>La JS Saoura, battue vendredi en d\u00e9placement face au RC Arba\u00e2 (2-0), a conc\u00e9d\u00e9 un v\u00e9ritable coup d&rsquo;arr\u00eat, alors que<\/p>\n","protected":false},"author":3,"featured_media":37625,"comment_status":"open","ping_status":"closed","sticky":false,"template":"","format":"standard","meta":{"colormag_page_container_layout":"default_layout","colormag_page_sidebar_layout":"default_layout","om_disable_all_campaigns":false,"_monsterinsights_skip_tracking":false,"_monsterinsights_sitenote_active":false,"_monsterinsights_sitenote_note":"","_monsterinsights_sitenote_category":0,"footnotes":"","_wpscppro_dont_share_socialmedia":false,"_wpscppro_custom_social_share_image":0,"_facebook_share_type":"","_twitter_share_type":"","_linkedin_share_type":"","_pinterest_share_type":"","_linkedin_share_type_page":"","_instagram_share_type":"","_medium_share_type":"","_threads_share_type":"","_google_business_share_type":"","_selected_social_profile":[],"_wpsp_enable_custom_social_template":false,"_wpsp_social_scheduling":{"enabled":false,"datetime":null,"platforms":[],"status":"template_only","dateOption":"today","timeOption":"now","customDays":"","customHours":"","customDate":"","customTime":"","schedulingType":"absolute"},"_wpsp_active_default_template":true},"categories":[33],"tags":[],"class_list":["post-37612","post","type-post","status-publish","format-standard","has-post-thumbnail","hentry","category-sports"],"aioseo_notices":[],"yoast_head":"<!-- This site is optimized with the Yoast SEO plugin v27.5 - https:\/\/yoast.com\/product\/yoast-seo-wordpress\/ -->\n<title>Ligue 1 Mobilis\u00a0: Coup d&rsquo;arr\u00eat pour la JSS, Abid sauve l&rsquo;USB - La Sentinelle<\/title>\n<meta name=\"robots\" content=\"index, follow, max-snippet:-1, max-image-preview:large, max-video-preview:-1\" \/>\n<link rel=\"canonical\" href=\"https:\/\/lasentinelle.dz\/index.php\/2023\/03\/11\/ligue-1-mobilis-coup-darret-pour-la-jss-abid-sauve-lusb\/\" \/>\n<meta property=\"og:locale\" content=\"fr_FR\" \/>\n<meta property=\"og:type\" content=\"article\" \/>\n<meta property=\"og:title\" content=\"Ligue 1 Mobilis\u00a0: Coup d&rsquo;arr\u00eat pour la JSS, Abid sauve l&rsquo;USB - La Sentinelle\" \/>\n<meta property=\"og:description\" content=\"La JS Saoura, battue vendredi en d\u00e9placement face au RC Arba\u00e2 (2-0), a conc\u00e9d\u00e9 un v\u00e9ritable coup d&rsquo;arr\u00eat, alors que\" \/>\n<meta property=\"og:url\" content=\"https:\/\/lasentinelle.dz\/index.php\/2023\/03\/11\/ligue-1-mobilis-coup-darret-pour-la-jss-abid-sauve-lusb\/\" \/>\n<meta property=\"og:site_name\" content=\"La Sentinelle\" \/>\n<meta property=\"article:publisher\" content=\"https:\/\/www.facebook.com\/La-Sentinelle-104059864394773\" \/>\n<meta property=\"article:published_time\" content=\"2023-03-11T21:00:00+00:00\" \/>\n<meta property=\"og:image\" content=\"https:\/\/lasentinelle.dz\/wp-content\/uploads\/2023\/03\/JSS.jpeg\" \/>\n\t<meta property=\"og:image:width\" content=\"960\" \/>\n\t<meta property=\"og:image:height\" content=\"640\" \/>\n\t<meta property=\"og:image:type\" content=\"image\/jpeg\" \/>\n<meta name=\"author\" content=\"La Sentinelle\" \/>\n<meta name=\"twitter:card\" content=\"summary_large_image\" \/>\n<meta name=\"twitter:label1\" content=\"\u00c9crit par\" \/>\n\t<meta name=\"twitter:data1\" content=\"La Sentinelle\" \/>\n\t<meta name=\"twitter:label2\" content=\"Dur\u00e9e de lecture estim\u00e9e\" \/>\n\t<meta name=\"twitter:data2\" content=\"3 minutes\" \/>\n<script type=\"application\/ld+json\" class=\"yoast-schema-graph\">{\"@context\":\"https:\\\/\\\/schema.org\",\"@graph\":[{\"@type\":\"Article\",\"@id\":\"https:\\\/\\\/lasentinelle.dz\\\/index.php\\\/2023\\\/03\\\/11\\\/ligue-1-mobilis-coup-darret-pour-la-jss-abid-sauve-lusb\\\/#article\",\"isPartOf\":{\"@id\":\"https:\\\/\\\/lasentinelle.dz\\\/index.php\\\/2023\\\/03\\\/11\\\/ligue-1-mobilis-coup-darret-pour-la-jss-abid-sauve-lusb\\\/\"},\"author\":{\"name\":\"La Sentinelle\",\"@id\":\"https:\\\/\\\/lasentinelle.dz\\\/#\\\/schema\\\/person\\\/d865044e22e70a75174ce8bcad3acfb3\"},\"headline\":\"Ligue 1 Mobilis\u00a0: Coup d&rsquo;arr\u00eat pour la JSS, Abid sauve l&rsquo;USB\",\"datePublished\":\"2023-03-11T21:00:00+00:00\",\"mainEntityOfPage\":{\"@id\":\"https:\\\/\\\/lasentinelle.dz\\\/index.php\\\/2023\\\/03\\\/11\\\/ligue-1-mobilis-coup-darret-pour-la-jss-abid-sauve-lusb\\\/\"},\"wordCount\":441,\"commentCount\":0,\"publisher\":{\"@id\":\"https:\\\/\\\/lasentinelle.dz\\\/#organization\"},\"image\":{\"@id\":\"https:\\\/\\\/lasentinelle.dz\\\/index.php\\\/2023\\\/03\\\/11\\\/ligue-1-mobilis-coup-darret-pour-la-jss-abid-sauve-lusb\\\/#primaryimage\"},\"thumbnailUrl\":\"https:\\\/\\\/lasentinelle.dz\\\/wp-content\\\/uploads\\\/2023\\\/03\\\/JSS.jpeg\",\"articleSection\":[\"Sports\"],\"inLanguage\":\"fr-FR\",\"potentialAction\":[{\"@type\":\"CommentAction\",\"name\":\"Comment\",\"target\":[\"https:\\\/\\\/lasentinelle.dz\\\/index.php\\\/2023\\\/03\\\/11\\\/ligue-1-mobilis-coup-darret-pour-la-jss-abid-sauve-lusb\\\/#respond\"]}]},{\"@type\":\"WebPage\",\"@id\":\"https:\\\/\\\/lasentinelle.dz\\\/index.php\\\/2023\\\/03\\\/11\\\/ligue-1-mobilis-coup-darret-pour-la-jss-abid-sauve-lusb\\\/\",\"url\":\"https:\\\/\\\/lasentinelle.dz\\\/index.php\\\/2023\\\/03\\\/11\\\/ligue-1-mobilis-coup-darret-pour-la-jss-abid-sauve-lusb\\\/\",\"name\":\"Ligue 1 Mobilis\u00a0: Coup d&rsquo;arr\u00eat pour la JSS, Abid sauve l&rsquo;USB - La Sentinelle\",\"isPartOf\":{\"@id\":\"https:\\\/\\\/lasentinelle.dz\\\/#website\"},\"primaryImageOfPage\":{\"@id\":\"https:\\\/\\\/lasentinelle.dz\\\/index.php\\\/2023\\\/03\\\/11\\\/ligue-1-mobilis-coup-darret-pour-la-jss-abid-sauve-lusb\\\/#primaryimage\"},\"image\":{\"@id\":\"https:\\\/\\\/lasentinelle.dz\\\/index.php\\\/2023\\\/03\\\/11\\\/ligue-1-mobilis-coup-darret-pour-la-jss-abid-sauve-lusb\\\/#primaryimage\"},\"thumbnailUrl\":\"https:\\\/\\\/lasentinelle.dz\\\/wp-content\\\/uploads\\\/2023\\\/03\\\/JSS.jpeg\",\"datePublished\":\"2023-03-11T21:00:00+00:00\",\"breadcrumb\":{\"@id\":\"https:\\\/\\\/lasentinelle.dz\\\/index.php\\\/2023\\\/03\\\/11\\\/ligue-1-mobilis-coup-darret-pour-la-jss-abid-sauve-lusb\\\/#breadcrumb\"},\"inLanguage\":\"fr-FR\",\"potentialAction\":[{\"@type\":\"ReadAction\",\"target\":[\"https:\\\/\\\/lasentinelle.dz\\\/index.php\\\/2023\\\/03\\\/11\\\/ligue-1-mobilis-coup-darret-pour-la-jss-abid-sauve-lusb\\\/\"]}]},{\"@type\":\"ImageObject\",\"inLanguage\":\"fr-FR\",\"@id\":\"https:\\\/\\\/lasentinelle.dz\\\/index.php\\\/2023\\\/03\\\/11\\\/ligue-1-mobilis-coup-darret-pour-la-jss-abid-sauve-lusb\\\/#primaryimage\",\"url\":\"https:\\\/\\\/lasentinelle.dz\\\/wp-content\\\/uploads\\\/2023\\\/03\\\/JSS.jpeg\",\"contentUrl\":\"https:\\\/\\\/lasentinelle.dz\\\/wp-content\\\/uploads\\\/2023\\\/03\\\/JSS.jpeg\",\"width\":960,\"height\":640},{\"@type\":\"BreadcrumbList\",\"@id\":\"https:\\\/\\\/lasentinelle.dz\\\/index.php\\\/2023\\\/03\\\/11\\\/ligue-1-mobilis-coup-darret-pour-la-jss-abid-sauve-lusb\\\/#breadcrumb\",\"itemListElement\":[{\"@type\":\"ListItem\",\"position\":1,\"name\":\"Accueil\",\"item\":\"https:\\\/\\\/lasentinelle.dz\\\/\"},{\"@type\":\"ListItem\",\"position\":2,\"name\":\"Ligue 1 Mobilis\u00a0: Coup d&rsquo;arr\u00eat pour la JSS, Abid sauve l&rsquo;USB\"}]},{\"@type\":\"WebSite\",\"@id\":\"https:\\\/\\\/lasentinelle.dz\\\/#website\",\"url\":\"https:\\\/\\\/lasentinelle.dz\\\/\",\"name\":\"La Sentinelle\",\"description\":\"Quotidien national d&#039;information\",\"publisher\":{\"@id\":\"https:\\\/\\\/lasentinelle.dz\\\/#organization\"},\"potentialAction\":[{\"@type\":\"SearchAction\",\"target\":{\"@type\":\"EntryPoint\",\"urlTemplate\":\"https:\\\/\\\/lasentinelle.dz\\\/?s={search_term_string}\"},\"query-input\":{\"@type\":\"PropertyValueSpecification\",\"valueRequired\":true,\"valueName\":\"search_term_string\"}}],\"inLanguage\":\"fr-FR\"},{\"@type\":\"Organization\",\"@id\":\"https:\\\/\\\/lasentinelle.dz\\\/#organization\",\"name\":\"Quotidien La Sentinelle\",\"url\":\"https:\\\/\\\/lasentinelle.dz\\\/\",\"logo\":{\"@type\":\"ImageObject\",\"inLanguage\":\"fr-FR\",\"@id\":\"https:\\\/\\\/lasentinelle.dz\\\/#\\\/schema\\\/logo\\\/image\\\/\",\"url\":\"https:\\\/\\\/lasentinelle.dz\\\/wp-content\\\/uploads\\\/2021\\\/09\\\/logo-sentinelleSLOGAN-1.png\",\"contentUrl\":\"https:\\\/\\\/lasentinelle.dz\\\/wp-content\\\/uploads\\\/2021\\\/09\\\/logo-sentinelleSLOGAN-1.png\",\"width\":615,\"height\":142,\"caption\":\"Quotidien La Sentinelle\"},\"image\":{\"@id\":\"https:\\\/\\\/lasentinelle.dz\\\/#\\\/schema\\\/logo\\\/image\\\/\"},\"sameAs\":[\"https:\\\/\\\/www.facebook.com\\\/La-Sentinelle-104059864394773\"]},{\"@type\":\"Person\",\"@id\":\"https:\\\/\\\/lasentinelle.dz\\\/#\\\/schema\\\/person\\\/d865044e22e70a75174ce8bcad3acfb3\",\"name\":\"La Sentinelle\",\"image\":{\"@type\":\"ImageObject\",\"inLanguage\":\"fr-FR\",\"@id\":\"https:\\\/\\\/secure.gravatar.com\\\/avatar\\\/57de8e5d4b15d43fb361a71fbb36338450fe67865b528a43dd10ef7c51a20392?s=96&d=mm&r=g\",\"url\":\"https:\\\/\\\/secure.gravatar.com\\\/avatar\\\/57de8e5d4b15d43fb361a71fbb36338450fe67865b528a43dd10ef7c51a20392?s=96&d=mm&r=g\",\"contentUrl\":\"https:\\\/\\\/secure.gravatar.com\\\/avatar\\\/57de8e5d4b15d43fb361a71fbb36338450fe67865b528a43dd10ef7c51a20392?s=96&d=mm&r=g\",\"caption\":\"La Sentinelle\"},\"sameAs\":[\"http:\\\/\\\/www.lasentinelle.dz\"],\"url\":\"https:\\\/\\\/lasentinelle.dz\\\/author\\\/redaction\\\/\"}]}<\/script>\n<!-- \/ Yoast SEO plugin. -->","yoast_head_json":{"title":"Ligue 1 Mobilis\u00a0: Coup d&rsquo;arr\u00eat pour la JSS, Abid sauve l&rsquo;USB - La Sentinelle","robots":{"index":"index","follow":"follow","max-snippet":"max-snippet:-1","max-image-preview":"max-image-preview:large","max-video-preview":"max-video-preview:-1"},"canonical":"https:\/\/lasentinelle.dz\/index.php\/2023\/03\/11\/ligue-1-mobilis-coup-darret-pour-la-jss-abid-sauve-lusb\/","og_locale":"fr_FR","og_type":"article","og_title":"Ligue 1 Mobilis\u00a0: Coup d&rsquo;arr\u00eat pour la JSS, Abid sauve l&rsquo;USB - La Sentinelle","og_description":"La JS Saoura, battue vendredi en d\u00e9placement face au RC Arba\u00e2 (2-0), a conc\u00e9d\u00e9 un v\u00e9ritable coup d&rsquo;arr\u00eat, alors que","og_url":"https:\/\/lasentinelle.dz\/index.php\/2023\/03\/11\/ligue-1-mobilis-coup-darret-pour-la-jss-abid-sauve-lusb\/","og_site_name":"La Sentinelle","article_publisher":"https:\/\/www.facebook.com\/La-Sentinelle-104059864394773","article_published_time":"2023-03-11T21:00:00+00:00","og_image":[{"width":960,"height":640,"url":"https:\/\/lasentinelle.dz\/wp-content\/uploads\/2023\/03\/JSS.jpeg","type":"image\/jpeg"}],"author":"La Sentinelle","twitter_card":"summary_large_image","twitter_misc":{"\u00c9crit par":"La Sentinelle","Dur\u00e9e de lecture estim\u00e9e":"3 minutes"},"schema":{"@context":"https:\/\/schema.org","@graph":[{"@type":"Article","@id":"https:\/\/lasentinelle.dz\/index.php\/2023\/03\/11\/ligue-1-mobilis-coup-darret-pour-la-jss-abid-sauve-lusb\/#article","isPartOf":{"@id":"https:\/\/lasentinelle.dz\/index.php\/2023\/03\/11\/ligue-1-mobilis-coup-darret-pour-la-jss-abid-sauve-lusb\/"},"author":{"name":"La Sentinelle","@id":"https:\/\/lasentinelle.dz\/#\/schema\/person\/d865044e22e70a75174ce8bcad3acfb3"},"headline":"Ligue 1 Mobilis\u00a0: Coup d&rsquo;arr\u00eat pour la JSS, Abid sauve l&rsquo;USB","datePublished":"2023-03-11T21:00:00+00:00","mainEntityOfPage":{"@id":"https:\/\/lasentinelle.dz\/index.php\/2023\/03\/11\/ligue-1-mobilis-coup-darret-pour-la-jss-abid-sauve-lusb\/"},"wordCount":441,"commentCount":0,"publisher":{"@id":"https:\/\/lasentinelle.dz\/#organization"},"image":{"@id":"https:\/\/lasentinelle.dz\/index.php\/2023\/03\/11\/ligue-1-mobilis-coup-darret-pour-la-jss-abid-sauve-lusb\/#primaryimage"},"thumbnailUrl":"https:\/\/lasentinelle.dz\/wp-content\/uploads\/2023\/03\/JSS.jpeg","articleSection":["Sports"],"inLanguage":"fr-FR","potentialAction":[{"@type":"CommentAction","name":"Comment","target":["https:\/\/lasentinelle.dz\/index.php\/2023\/03\/11\/ligue-1-mobilis-coup-darret-pour-la-jss-abid-sauve-lusb\/#respond"]}]},{"@type":"WebPage","@id":"https:\/\/lasentinelle.dz\/index.php\/2023\/03\/11\/ligue-1-mobilis-coup-darret-pour-la-jss-abid-sauve-lusb\/","url":"https:\/\/lasentinelle.dz\/index.php\/2023\/03\/11\/ligue-1-mobilis-coup-darret-pour-la-jss-abid-sauve-lusb\/","name":"Ligue 1 Mobilis\u00a0: Coup d&rsquo;arr\u00eat pour la JSS, Abid sauve l&rsquo;USB - La Sentinelle","isPartOf":{"@id":"https:\/\/lasentinelle.dz\/#website"},"primaryImageOfPage":{"@id":"https:\/\/lasentinelle.dz\/index.php\/2023\/03\/11\/ligue-1-mobilis-coup-darret-pour-la-jss-abid-sauve-lusb\/#primaryimage"},"image":{"@id":"https:\/\/lasentinelle.dz\/index.php\/2023\/03\/11\/ligue-1-mobilis-coup-darret-pour-la-jss-abid-sauve-lusb\/#primaryimage"},"thumbnailUrl":"https:\/\/lasentinelle.dz\/wp-content\/uploads\/2023\/03\/JSS.jpeg","datePublished":"2023-03-11T21:00:00+00:00","breadcrumb":{"@id":"https:\/\/lasentinelle.dz\/index.php\/2023\/03\/11\/ligue-1-mobilis-coup-darret-pour-la-jss-abid-sauve-lusb\/#breadcrumb"},"inLanguage":"fr-FR","potentialAction":[{"@type":"ReadAction","target":["https:\/\/lasentinelle.dz\/index.php\/2023\/03\/11\/ligue-1-mobilis-coup-darret-pour-la-jss-abid-sauve-lusb\/"]}]},{"@type":"ImageObject","inLanguage":"fr-FR","@id":"https:\/\/lasentinelle.dz\/index.php\/2023\/03\/11\/ligue-1-mobilis-coup-darret-pour-la-jss-abid-sauve-lusb\/#primaryimage","url":"https:\/\/lasentinelle.dz\/wp-content\/uploads\/2023\/03\/JSS.jpeg","contentUrl":"https:\/\/lasentinelle.dz\/wp-content\/uploads\/2023\/03\/JSS.jpeg","width":960,"height":640},{"@type":"BreadcrumbList","@id":"https:\/\/lasentinelle.dz\/index.php\/2023\/03\/11\/ligue-1-mobilis-coup-darret-pour-la-jss-abid-sauve-lusb\/#breadcrumb","itemListElement":[{"@type":"ListItem","position":1,"name":"Accueil","item":"https:\/\/lasentinelle.dz\/"},{"@type":"ListItem","position":2,"name":"Ligue 1 Mobilis\u00a0: Coup d&rsquo;arr\u00eat pour la JSS, Abid sauve l&rsquo;USB"}]},{"@type":"WebSite","@id":"https:\/\/lasentinelle.dz\/#website","url":"https:\/\/lasentinelle.dz\/","name":"La Sentinelle","description":"Quotidien national d&#039;information","publisher":{"@id":"https:\/\/lasentinelle.dz\/#organization"},"potentialAction":[{"@type":"SearchAction","target":{"@type":"EntryPoint","urlTemplate":"https:\/\/lasentinelle.dz\/?s={search_term_string}"},"query-input":{"@type":"PropertyValueSpecification","valueRequired":true,"valueName":"search_term_string"}}],"inLanguage":"fr-FR"},{"@type":"Organization","@id":"https:\/\/lasentinelle.dz\/#organization","name":"Quotidien La Sentinelle","url":"https:\/\/lasentinelle.dz\/","logo":{"@type":"ImageObject","inLanguage":"fr-FR","@id":"https:\/\/lasentinelle.dz\/#\/schema\/logo\/image\/","url":"https:\/\/lasentinelle.dz\/wp-content\/uploads\/2021\/09\/logo-sentinelleSLOGAN-1.png","contentUrl":"https:\/\/lasentinelle.dz\/wp-content\/uploads\/2021\/09\/logo-sentinelleSLOGAN-1.png","width":615,"height":142,"caption":"Quotidien La Sentinelle"},"image":{"@id":"https:\/\/lasentinelle.dz\/#\/schema\/logo\/image\/"},"sameAs":["https:\/\/www.facebook.com\/La-Sentinelle-104059864394773"]},{"@type":"Person","@id":"https:\/\/lasentinelle.dz\/#\/schema\/person\/d865044e22e70a75174ce8bcad3acfb3","name":"La Sentinelle","image":{"@type":"ImageObject","inLanguage":"fr-FR","@id":"https:\/\/secure.gravatar.com\/avatar\/57de8e5d4b15d43fb361a71fbb36338450fe67865b528a43dd10ef7c51a20392?s=96&d=mm&r=g","url":"https:\/\/secure.gravatar.com\/avatar\/57de8e5d4b15d43fb361a71fbb36338450fe67865b528a43dd10ef7c51a20392?s=96&d=mm&r=g","contentUrl":"https:\/\/secure.gravatar.com\/avatar\/57de8e5d4b15d43fb361a71fbb36338450fe67865b528a43dd10ef7c51a20392?s=96&d=mm&r=g","caption":"La Sentinelle"},"sameAs":["http:\/\/www.lasentinelle.dz"],"url":"https:\/\/lasentinelle.dz\/author\/redaction\/"}]}},"_links":{"self":[{"href":"https:\/\/lasentinelle.dz\/index.php\/wp-json\/wp\/v2\/posts\/37612","targetHints":{"allow":["GET"]}}],"collection":[{"href":"https:\/\/lasentinelle.dz\/index.php\/wp-json\/wp\/v2\/posts"}],"about":[{"href":"https:\/\/lasentinelle.dz\/index.php\/wp-json\/wp\/v2\/types\/post"}],"author":[{"embeddable":true,"href":"https:\/\/lasentinelle.dz\/index.php\/wp-json\/wp\/v2\/users\/3"}],"replies":[{"embeddable":true,"href":"https:\/\/lasentinelle.dz\/index.php\/wp-json\/wp\/v2\/comments?post=37612"}],"version-history":[{"count":1,"href":"https:\/\/lasentinelle.dz\/index.php\/wp-json\/wp\/v2\/posts\/37612\/revisions"}],"predecessor-version":[{"id":37626,"href":"https:\/\/lasentinelle.dz\/index.php\/wp-json\/wp\/v2\/posts\/37612\/revisions\/37626"}],"wp:featuredmedia":[{"embeddable":true,"href":"https:\/\/lasentinelle.dz\/index.php\/wp-json\/wp\/v2\/media\/37625"}],"wp:attachment":[{"href":"https:\/\/lasentinelle.dz\/index.php\/wp-json\/wp\/v2\/media?parent=37612"}],"wp:term":[{"taxonomy":"category","embeddable":true,"href":"https:\/\/lasentinelle.dz\/index.php\/wp-json\/wp\/v2\/categories?post=37612"},{"taxonomy":"post_tag","embeddable":true,"href":"https:\/\/lasentinelle.dz\/index.php\/wp-json\/wp\/v2\/tags?post=37612"}],"curies":[{"name":"wp","href":"https:\/\/api.w.org\/{rel}","templated":true}]}}