{"id":37619,"date":"2023-03-11T22:05:00","date_gmt":"2023-03-11T21:05:00","guid":{"rendered":"https:\/\/lasentinelle.dz\/?p=37619"},"modified":"2023-03-11T18:14:03","modified_gmt":"2023-03-11T17:14:03","slug":"education-nationale-les-questions-sociales-a-lordre-du-jour","status":"publish","type":"post","link":"https:\/\/lasentinelle.dz\/index.php\/2023\/03\/11\/education-nationale-les-questions-sociales-a-lordre-du-jour\/","title":{"rendered":"\u00c9ducation nationale\u00a0: Les questions sociales \u00e0 l\u2019ordre du jour"},"content":{"rendered":"\n<p>&nbsp;Le ministre de l&rsquo;Education nationale, Abdelhakim Belaabed a pr\u00e9sid\u00e9 une conf\u00e9rence nationale consacr\u00e9e au suivi des op\u00e9rations li\u00e9es \u00e0 la gestion des ressources financi\u00e8res, mat\u00e9rielles et humaines, des \u00e9quipements, des structures et des diff\u00e9rentes op\u00e9rations de soutien scolaire qui constituent les grands axes de la rentr\u00e9e scolaire 2023-2024, indique, samedi, un communiqu\u00e9 du minist\u00e8re. Belaabed a r\u00e9affirm\u00e9 \u00ab\u00a0l&rsquo;importance de travailler avec la m\u00eame d\u00e9termination pour ex\u00e9cuter les op\u00e9rations li\u00e9es \u00e0 la prise en charge des arri\u00e9r\u00e9s financiers de l&rsquo;exercice 2022, ainsi que ceux issus de l&rsquo;augmentation du point indiciaire pour les mois de janvier et f\u00e9vrier derniers\u00a0\u00bb. Il a \u00e9t\u00e9 question \u00e9galement de la mise en \u0153uvre des mesures relatives \u00e0 la r\u00e9gulation de la situation des logements de fonction en s&rsquo;assurant de l&rsquo;exactitude des informations saisies sur la plateforme num\u00e9rique du minist\u00e8re en vue de proc\u00e9der \u00e0 l&rsquo;organisation du parc de logements et la gestion num\u00e9rique des diff\u00e9rentes op\u00e9rations. Le ministre a insist\u00e9, en outre, sur le suivi de la mise en \u0153uvre du programme d&rsquo;\u00e9quipement inscrit au programme sectoriel d\u00e9centralis\u00e9 et l&rsquo;inspection sur terrain des chantiers de construction notamment en ce qui concerne les structures scolaires programm\u00e9es pour la rentr\u00e9e scolaire 2023-2024, avec la mise en place d&rsquo;un plan d\u00e9taill\u00e9 des diff\u00e9rentes op\u00e9rations de gestion des ressources humaines. Parmi les instructions donn\u00e9es par le ministre de l&rsquo;Education nationale lors de la rencontre, figure l&rsquo;imp\u00e9ratif de veiller \u00e0 ce que les mutations des fonctionnaires se d\u00e9roulent dans les d\u00e9lais fix\u00e9s, outre la bonne pr\u00e9paration des proc\u00e9dures relatives au versement de la prime de scolarit\u00e9 (5.000 Da), l&rsquo;intensification des visites sur terrain aux \u00e9tablissements de l&rsquo;\u00e9ducation et la protection des structures des \u00e9tablissements \u00e9ducatifs\u00a0\u00bb. Concernant le volet p\u00e9dagogique, le ministre a mis l&rsquo;accent sur l&rsquo;imp\u00e9ratif de respecter le calendrier de la fin du deuxi\u00e8me trimestre et de proc\u00e9der \u00e0 la correction collective avec les \u00e9l\u00e8ves et \u00e0 la remise des copies d&rsquo;examen, outre la tenue des conseils de classe, la remise des notes dans les d\u00e9lais fix\u00e9s, et la poursuite de l&rsquo;intensification des op\u00e9rations de sensibilisation pour encourager les \u00e9l\u00e8ves talentueux afin de les orienter vers la fili\u00e8re des arts.<\/p>\n\n\n\n<p>R.N.<\/p>\n","protected":false},"excerpt":{"rendered":"<p>&nbsp;Le ministre de l&rsquo;Education nationale, Abdelhakim Belaabed a pr\u00e9sid\u00e9 une conf\u00e9rence nationale consacr\u00e9e au suivi des op\u00e9rations li\u00e9es \u00e0 la<\/p>\n","protected":false},"author":2,"featured_media":28547,"comment_status":"open","ping_status":"closed","sticky":false,"template":"","format":"standard","meta":{"colormag_page_container_layout":"default_layout","colormag_page_sidebar_layout":"default_layout","om_disable_all_campaigns":false,"_monsterinsights_skip_tracking":false,"_monsterinsights_sitenote_active":false,"_monsterinsights_sitenote_note":"","_monsterinsights_sitenote_category":0,"footnotes":"","_wpscppro_dont_share_socialmedia":false,"_wpscppro_custom_social_share_image":0,"_facebook_share_type":"","_twitter_share_type":"","_linkedin_share_type":"","_pinterest_share_type":"","_linkedin_share_type_page":"","_instagram_share_type":"","_medium_share_type":"","_threads_share_type":"","_google_business_share_type":"","_selected_social_profile":[],"_wpsp_enable_custom_social_template":false,"_wpsp_social_scheduling":{"enabled":false,"datetime":null,"platforms":[],"status":"template_only","dateOption":"today","timeOption":"now","customDays":"","customHours":"","customDate":"","customTime":"","schedulingType":"absolute"},"_wpsp_active_default_template":true},"categories":[27],"tags":[],"class_list":["post-37619","post","type-post","status-publish","format-standard","has-post-thumbnail","hentry","category-actualite"],"aioseo_notices":[],"yoast_head":"<!-- This site is optimized with the Yoast SEO plugin v27.5 - https:\/\/yoast.com\/product\/yoast-seo-wordpress\/ -->\n<title>\u00c9ducation nationale\u00a0: Les questions sociales \u00e0 l\u2019ordre du jour - La Sentinelle<\/title>\n<meta name=\"robots\" content=\"index, follow, max-snippet:-1, max-image-preview:large, max-video-preview:-1\" \/>\n<link rel=\"canonical\" href=\"https:\/\/lasentinelle.dz\/index.php\/2023\/03\/11\/education-nationale-les-questions-sociales-a-lordre-du-jour\/\" \/>\n<meta property=\"og:locale\" content=\"fr_FR\" \/>\n<meta property=\"og:type\" content=\"article\" \/>\n<meta property=\"og:title\" content=\"\u00c9ducation nationale\u00a0: Les questions sociales \u00e0 l\u2019ordre du jour - La Sentinelle\" \/>\n<meta property=\"og:description\" content=\"&nbsp;Le ministre de l&rsquo;Education nationale, Abdelhakim Belaabed a pr\u00e9sid\u00e9 une conf\u00e9rence nationale consacr\u00e9e au suivi des op\u00e9rations li\u00e9es \u00e0 la\" \/>\n<meta property=\"og:url\" content=\"https:\/\/lasentinelle.dz\/index.php\/2023\/03\/11\/education-nationale-les-questions-sociales-a-lordre-du-jour\/\" \/>\n<meta property=\"og:site_name\" content=\"La Sentinelle\" \/>\n<meta property=\"article:publisher\" content=\"https:\/\/www.facebook.com\/La-Sentinelle-104059864394773\" \/>\n<meta property=\"article:published_time\" content=\"2023-03-11T21:05:00+00:00\" \/>\n<meta property=\"og:image\" content=\"https:\/\/lasentinelle.dz\/wp-content\/uploads\/2022\/10\/belabed.png\" \/>\n\t<meta property=\"og:image:width\" content=\"1670\" \/>\n\t<meta property=\"og:image:height\" content=\"900\" \/>\n\t<meta property=\"og:image:type\" content=\"image\/png\" \/>\n<meta name=\"author\" content=\"Azzedine Belferag\" \/>\n<meta name=\"twitter:card\" content=\"summary_large_image\" \/>\n<meta name=\"twitter:label1\" content=\"\u00c9crit par\" \/>\n\t<meta name=\"twitter:data1\" content=\"Azzedine Belferag\" \/>\n\t<meta name=\"twitter:label2\" content=\"Dur\u00e9e de lecture estim\u00e9e\" \/>\n\t<meta name=\"twitter:data2\" content=\"2 minutes\" \/>\n<script type=\"application\/ld+json\" class=\"yoast-schema-graph\">{\"@context\":\"https:\\\/\\\/schema.org\",\"@graph\":[{\"@type\":\"Article\",\"@id\":\"https:\\\/\\\/lasentinelle.dz\\\/index.php\\\/2023\\\/03\\\/11\\\/education-nationale-les-questions-sociales-a-lordre-du-jour\\\/#article\",\"isPartOf\":{\"@id\":\"https:\\\/\\\/lasentinelle.dz\\\/index.php\\\/2023\\\/03\\\/11\\\/education-nationale-les-questions-sociales-a-lordre-du-jour\\\/\"},\"author\":{\"name\":\"Azzedine Belferag\",\"@id\":\"https:\\\/\\\/lasentinelle.dz\\\/#\\\/schema\\\/person\\\/e22c868643946ece5f328ac9d185b29f\"},\"headline\":\"\u00c9ducation nationale\u00a0: Les questions sociales \u00e0 l\u2019ordre du jour\",\"datePublished\":\"2023-03-11T21:05:00+00:00\",\"mainEntityOfPage\":{\"@id\":\"https:\\\/\\\/lasentinelle.dz\\\/index.php\\\/2023\\\/03\\\/11\\\/education-nationale-les-questions-sociales-a-lordre-du-jour\\\/\"},\"wordCount\":421,\"commentCount\":0,\"publisher\":{\"@id\":\"https:\\\/\\\/lasentinelle.dz\\\/#organization\"},\"image\":{\"@id\":\"https:\\\/\\\/lasentinelle.dz\\\/index.php\\\/2023\\\/03\\\/11\\\/education-nationale-les-questions-sociales-a-lordre-du-jour\\\/#primaryimage\"},\"thumbnailUrl\":\"https:\\\/\\\/lasentinelle.dz\\\/wp-content\\\/uploads\\\/2022\\\/10\\\/belabed.png\",\"articleSection\":[\"Actualit\u00e9\"],\"inLanguage\":\"fr-FR\",\"potentialAction\":[{\"@type\":\"CommentAction\",\"name\":\"Comment\",\"target\":[\"https:\\\/\\\/lasentinelle.dz\\\/index.php\\\/2023\\\/03\\\/11\\\/education-nationale-les-questions-sociales-a-lordre-du-jour\\\/#respond\"]}]},{\"@type\":\"WebPage\",\"@id\":\"https:\\\/\\\/lasentinelle.dz\\\/index.php\\\/2023\\\/03\\\/11\\\/education-nationale-les-questions-sociales-a-lordre-du-jour\\\/\",\"url\":\"https:\\\/\\\/lasentinelle.dz\\\/index.php\\\/2023\\\/03\\\/11\\\/education-nationale-les-questions-sociales-a-lordre-du-jour\\\/\",\"name\":\"\u00c9ducation nationale\u00a0: Les questions sociales \u00e0 l\u2019ordre du jour - La Sentinelle\",\"isPartOf\":{\"@id\":\"https:\\\/\\\/lasentinelle.dz\\\/#website\"},\"primaryImageOfPage\":{\"@id\":\"https:\\\/\\\/lasentinelle.dz\\\/index.php\\\/2023\\\/03\\\/11\\\/education-nationale-les-questions-sociales-a-lordre-du-jour\\\/#primaryimage\"},\"image\":{\"@id\":\"https:\\\/\\\/lasentinelle.dz\\\/index.php\\\/2023\\\/03\\\/11\\\/education-nationale-les-questions-sociales-a-lordre-du-jour\\\/#primaryimage\"},\"thumbnailUrl\":\"https:\\\/\\\/lasentinelle.dz\\\/wp-content\\\/uploads\\\/2022\\\/10\\\/belabed.png\",\"datePublished\":\"2023-03-11T21:05:00+00:00\",\"breadcrumb\":{\"@id\":\"https:\\\/\\\/lasentinelle.dz\\\/index.php\\\/2023\\\/03\\\/11\\\/education-nationale-les-questions-sociales-a-lordre-du-jour\\\/#breadcrumb\"},\"inLanguage\":\"fr-FR\",\"potentialAction\":[{\"@type\":\"ReadAction\",\"target\":[\"https:\\\/\\\/lasentinelle.dz\\\/index.php\\\/2023\\\/03\\\/11\\\/education-nationale-les-questions-sociales-a-lordre-du-jour\\\/\"]}]},{\"@type\":\"ImageObject\",\"inLanguage\":\"fr-FR\",\"@id\":\"https:\\\/\\\/lasentinelle.dz\\\/index.php\\\/2023\\\/03\\\/11\\\/education-nationale-les-questions-sociales-a-lordre-du-jour\\\/#primaryimage\",\"url\":\"https:\\\/\\\/lasentinelle.dz\\\/wp-content\\\/uploads\\\/2022\\\/10\\\/belabed.png\",\"contentUrl\":\"https:\\\/\\\/lasentinelle.dz\\\/wp-content\\\/uploads\\\/2022\\\/10\\\/belabed.png\",\"width\":1670,\"height\":900},{\"@type\":\"BreadcrumbList\",\"@id\":\"https:\\\/\\\/lasentinelle.dz\\\/index.php\\\/2023\\\/03\\\/11\\\/education-nationale-les-questions-sociales-a-lordre-du-jour\\\/#breadcrumb\",\"itemListElement\":[{\"@type\":\"ListItem\",\"position\":1,\"name\":\"Accueil\",\"item\":\"https:\\\/\\\/lasentinelle.dz\\\/\"},{\"@type\":\"ListItem\",\"position\":2,\"name\":\"\u00c9ducation nationale\u00a0: Les questions sociales \u00e0 l\u2019ordre du jour\"}]},{\"@type\":\"WebSite\",\"@id\":\"https:\\\/\\\/lasentinelle.dz\\\/#website\",\"url\":\"https:\\\/\\\/lasentinelle.dz\\\/\",\"name\":\"La Sentinelle\",\"description\":\"Quotidien national d&#039;information\",\"publisher\":{\"@id\":\"https:\\\/\\\/lasentinelle.dz\\\/#organization\"},\"potentialAction\":[{\"@type\":\"SearchAction\",\"target\":{\"@type\":\"EntryPoint\",\"urlTemplate\":\"https:\\\/\\\/lasentinelle.dz\\\/?s={search_term_string}\"},\"query-input\":{\"@type\":\"PropertyValueSpecification\",\"valueRequired\":true,\"valueName\":\"search_term_string\"}}],\"inLanguage\":\"fr-FR\"},{\"@type\":\"Organization\",\"@id\":\"https:\\\/\\\/lasentinelle.dz\\\/#organization\",\"name\":\"Quotidien La Sentinelle\",\"url\":\"https:\\\/\\\/lasentinelle.dz\\\/\",\"logo\":{\"@type\":\"ImageObject\",\"inLanguage\":\"fr-FR\",\"@id\":\"https:\\\/\\\/lasentinelle.dz\\\/#\\\/schema\\\/logo\\\/image\\\/\",\"url\":\"https:\\\/\\\/lasentinelle.dz\\\/wp-content\\\/uploads\\\/2021\\\/09\\\/logo-sentinelleSLOGAN-1.png\",\"contentUrl\":\"https:\\\/\\\/lasentinelle.dz\\\/wp-content\\\/uploads\\\/2021\\\/09\\\/logo-sentinelleSLOGAN-1.png\",\"width\":615,\"height\":142,\"caption\":\"Quotidien La Sentinelle\"},\"image\":{\"@id\":\"https:\\\/\\\/lasentinelle.dz\\\/#\\\/schema\\\/logo\\\/image\\\/\"},\"sameAs\":[\"https:\\\/\\\/www.facebook.com\\\/La-Sentinelle-104059864394773\"]},{\"@type\":\"Person\",\"@id\":\"https:\\\/\\\/lasentinelle.dz\\\/#\\\/schema\\\/person\\\/e22c868643946ece5f328ac9d185b29f\",\"name\":\"Azzedine Belferag\",\"image\":{\"@type\":\"ImageObject\",\"inLanguage\":\"fr-FR\",\"@id\":\"https:\\\/\\\/secure.gravatar.com\\\/avatar\\\/767ecc3bfcf23cd6d0dae1705f124feb13a88fded1daa56498e4fb3aa3fc36a1?s=96&d=mm&r=g\",\"url\":\"https:\\\/\\\/secure.gravatar.com\\\/avatar\\\/767ecc3bfcf23cd6d0dae1705f124feb13a88fded1daa56498e4fb3aa3fc36a1?s=96&d=mm&r=g\",\"contentUrl\":\"https:\\\/\\\/secure.gravatar.com\\\/avatar\\\/767ecc3bfcf23cd6d0dae1705f124feb13a88fded1daa56498e4fb3aa3fc36a1?s=96&d=mm&r=g\",\"caption\":\"Azzedine Belferag\"},\"sameAs\":[\"http:\\\/\\\/www.lasentinelle.dz\"],\"url\":\"https:\\\/\\\/lasentinelle.dz\\\/author\\\/belferag\\\/\"}]}<\/script>\n<!-- \/ Yoast SEO plugin. -->","yoast_head_json":{"title":"\u00c9ducation nationale\u00a0: Les questions sociales \u00e0 l\u2019ordre du jour - La Sentinelle","robots":{"index":"index","follow":"follow","max-snippet":"max-snippet:-1","max-image-preview":"max-image-preview:large","max-video-preview":"max-video-preview:-1"},"canonical":"https:\/\/lasentinelle.dz\/index.php\/2023\/03\/11\/education-nationale-les-questions-sociales-a-lordre-du-jour\/","og_locale":"fr_FR","og_type":"article","og_title":"\u00c9ducation nationale\u00a0: Les questions sociales \u00e0 l\u2019ordre du jour - La Sentinelle","og_description":"&nbsp;Le ministre de l&rsquo;Education nationale, Abdelhakim Belaabed a pr\u00e9sid\u00e9 une conf\u00e9rence nationale consacr\u00e9e au suivi des op\u00e9rations li\u00e9es \u00e0 la","og_url":"https:\/\/lasentinelle.dz\/index.php\/2023\/03\/11\/education-nationale-les-questions-sociales-a-lordre-du-jour\/","og_site_name":"La Sentinelle","article_publisher":"https:\/\/www.facebook.com\/La-Sentinelle-104059864394773","article_published_time":"2023-03-11T21:05:00+00:00","og_image":[{"width":1670,"height":900,"url":"https:\/\/lasentinelle.dz\/wp-content\/uploads\/2022\/10\/belabed.png","type":"image\/png"}],"author":"Azzedine Belferag","twitter_card":"summary_large_image","twitter_misc":{"\u00c9crit par":"Azzedine Belferag","Dur\u00e9e de lecture estim\u00e9e":"2 minutes"},"schema":{"@context":"https:\/\/schema.org","@graph":[{"@type":"Article","@id":"https:\/\/lasentinelle.dz\/index.php\/2023\/03\/11\/education-nationale-les-questions-sociales-a-lordre-du-jour\/#article","isPartOf":{"@id":"https:\/\/lasentinelle.dz\/index.php\/2023\/03\/11\/education-nationale-les-questions-sociales-a-lordre-du-jour\/"},"author":{"name":"Azzedine Belferag","@id":"https:\/\/lasentinelle.dz\/#\/schema\/person\/e22c868643946ece5f328ac9d185b29f"},"headline":"\u00c9ducation nationale\u00a0: Les questions sociales \u00e0 l\u2019ordre du jour","datePublished":"2023-03-11T21:05:00+00:00","mainEntityOfPage":{"@id":"https:\/\/lasentinelle.dz\/index.php\/2023\/03\/11\/education-nationale-les-questions-sociales-a-lordre-du-jour\/"},"wordCount":421,"commentCount":0,"publisher":{"@id":"https:\/\/lasentinelle.dz\/#organization"},"image":{"@id":"https:\/\/lasentinelle.dz\/index.php\/2023\/03\/11\/education-nationale-les-questions-sociales-a-lordre-du-jour\/#primaryimage"},"thumbnailUrl":"https:\/\/lasentinelle.dz\/wp-content\/uploads\/2022\/10\/belabed.png","articleSection":["Actualit\u00e9"],"inLanguage":"fr-FR","potentialAction":[{"@type":"CommentAction","name":"Comment","target":["https:\/\/lasentinelle.dz\/index.php\/2023\/03\/11\/education-nationale-les-questions-sociales-a-lordre-du-jour\/#respond"]}]},{"@type":"WebPage","@id":"https:\/\/lasentinelle.dz\/index.php\/2023\/03\/11\/education-nationale-les-questions-sociales-a-lordre-du-jour\/","url":"https:\/\/lasentinelle.dz\/index.php\/2023\/03\/11\/education-nationale-les-questions-sociales-a-lordre-du-jour\/","name":"\u00c9ducation nationale\u00a0: Les questions sociales \u00e0 l\u2019ordre du jour - La Sentinelle","isPartOf":{"@id":"https:\/\/lasentinelle.dz\/#website"},"primaryImageOfPage":{"@id":"https:\/\/lasentinelle.dz\/index.php\/2023\/03\/11\/education-nationale-les-questions-sociales-a-lordre-du-jour\/#primaryimage"},"image":{"@id":"https:\/\/lasentinelle.dz\/index.php\/2023\/03\/11\/education-nationale-les-questions-sociales-a-lordre-du-jour\/#primaryimage"},"thumbnailUrl":"https:\/\/lasentinelle.dz\/wp-content\/uploads\/2022\/10\/belabed.png","datePublished":"2023-03-11T21:05:00+00:00","breadcrumb":{"@id":"https:\/\/lasentinelle.dz\/index.php\/2023\/03\/11\/education-nationale-les-questions-sociales-a-lordre-du-jour\/#breadcrumb"},"inLanguage":"fr-FR","potentialAction":[{"@type":"ReadAction","target":["https:\/\/lasentinelle.dz\/index.php\/2023\/03\/11\/education-nationale-les-questions-sociales-a-lordre-du-jour\/"]}]},{"@type":"ImageObject","inLanguage":"fr-FR","@id":"https:\/\/lasentinelle.dz\/index.php\/2023\/03\/11\/education-nationale-les-questions-sociales-a-lordre-du-jour\/#primaryimage","url":"https:\/\/lasentinelle.dz\/wp-content\/uploads\/2022\/10\/belabed.png","contentUrl":"https:\/\/lasentinelle.dz\/wp-content\/uploads\/2022\/10\/belabed.png","width":1670,"height":900},{"@type":"BreadcrumbList","@id":"https:\/\/lasentinelle.dz\/index.php\/2023\/03\/11\/education-nationale-les-questions-sociales-a-lordre-du-jour\/#breadcrumb","itemListElement":[{"@type":"ListItem","position":1,"name":"Accueil","item":"https:\/\/lasentinelle.dz\/"},{"@type":"ListItem","position":2,"name":"\u00c9ducation nationale\u00a0: Les questions sociales \u00e0 l\u2019ordre du jour"}]},{"@type":"WebSite","@id":"https:\/\/lasentinelle.dz\/#website","url":"https:\/\/lasentinelle.dz\/","name":"La Sentinelle","description":"Quotidien national d&#039;information","publisher":{"@id":"https:\/\/lasentinelle.dz\/#organization"},"potentialAction":[{"@type":"SearchAction","target":{"@type":"EntryPoint","urlTemplate":"https:\/\/lasentinelle.dz\/?s={search_term_string}"},"query-input":{"@type":"PropertyValueSpecification","valueRequired":true,"valueName":"search_term_string"}}],"inLanguage":"fr-FR"},{"@type":"Organization","@id":"https:\/\/lasentinelle.dz\/#organization","name":"Quotidien La Sentinelle","url":"https:\/\/lasentinelle.dz\/","logo":{"@type":"ImageObject","inLanguage":"fr-FR","@id":"https:\/\/lasentinelle.dz\/#\/schema\/logo\/image\/","url":"https:\/\/lasentinelle.dz\/wp-content\/uploads\/2021\/09\/logo-sentinelleSLOGAN-1.png","contentUrl":"https:\/\/lasentinelle.dz\/wp-content\/uploads\/2021\/09\/logo-sentinelleSLOGAN-1.png","width":615,"height":142,"caption":"Quotidien La Sentinelle"},"image":{"@id":"https:\/\/lasentinelle.dz\/#\/schema\/logo\/image\/"},"sameAs":["https:\/\/www.facebook.com\/La-Sentinelle-104059864394773"]},{"@type":"Person","@id":"https:\/\/lasentinelle.dz\/#\/schema\/person\/e22c868643946ece5f328ac9d185b29f","name":"Azzedine Belferag","image":{"@type":"ImageObject","inLanguage":"fr-FR","@id":"https:\/\/secure.gravatar.com\/avatar\/767ecc3bfcf23cd6d0dae1705f124feb13a88fded1daa56498e4fb3aa3fc36a1?s=96&d=mm&r=g","url":"https:\/\/secure.gravatar.com\/avatar\/767ecc3bfcf23cd6d0dae1705f124feb13a88fded1daa56498e4fb3aa3fc36a1?s=96&d=mm&r=g","contentUrl":"https:\/\/secure.gravatar.com\/avatar\/767ecc3bfcf23cd6d0dae1705f124feb13a88fded1daa56498e4fb3aa3fc36a1?s=96&d=mm&r=g","caption":"Azzedine Belferag"},"sameAs":["http:\/\/www.lasentinelle.dz"],"url":"https:\/\/lasentinelle.dz\/author\/belferag\/"}]}},"_links":{"self":[{"href":"https:\/\/lasentinelle.dz\/index.php\/wp-json\/wp\/v2\/posts\/37619","targetHints":{"allow":["GET"]}}],"collection":[{"href":"https:\/\/lasentinelle.dz\/index.php\/wp-json\/wp\/v2\/posts"}],"about":[{"href":"https:\/\/lasentinelle.dz\/index.php\/wp-json\/wp\/v2\/types\/post"}],"author":[{"embeddable":true,"href":"https:\/\/lasentinelle.dz\/index.php\/wp-json\/wp\/v2\/users\/2"}],"replies":[{"embeddable":true,"href":"https:\/\/lasentinelle.dz\/index.php\/wp-json\/wp\/v2\/comments?post=37619"}],"version-history":[{"count":1,"href":"https:\/\/lasentinelle.dz\/index.php\/wp-json\/wp\/v2\/posts\/37619\/revisions"}],"predecessor-version":[{"id":37636,"href":"https:\/\/lasentinelle.dz\/index.php\/wp-json\/wp\/v2\/posts\/37619\/revisions\/37636"}],"wp:featuredmedia":[{"embeddable":true,"href":"https:\/\/lasentinelle.dz\/index.php\/wp-json\/wp\/v2\/media\/28547"}],"wp:attachment":[{"href":"https:\/\/lasentinelle.dz\/index.php\/wp-json\/wp\/v2\/media?parent=37619"}],"wp:term":[{"taxonomy":"category","embeddable":true,"href":"https:\/\/lasentinelle.dz\/index.php\/wp-json\/wp\/v2\/categories?post=37619"},{"taxonomy":"post_tag","embeddable":true,"href":"https:\/\/lasentinelle.dz\/index.php\/wp-json\/wp\/v2\/tags?post=37619"}],"curies":[{"name":"wp","href":"https:\/\/api.w.org\/{rel}","templated":true}]}}