{"id":37637,"date":"2023-03-11T22:05:00","date_gmt":"2023-03-11T21:05:00","guid":{"rendered":"https:\/\/lasentinelle.dz\/?p=37637"},"modified":"2023-03-11T19:49:55","modified_gmt":"2023-03-11T18:49:55","slug":"anp-le-colonel-mahrez-djeribi-dcsa-par-interim","status":"publish","type":"post","link":"https:\/\/lasentinelle.dz\/index.php\/2023\/03\/11\/anp-le-colonel-mahrez-djeribi-dcsa-par-interim\/","title":{"rendered":"ANP\u00a0: Le Colonel Mahrez Djeribi DCSA par int\u00e9rim"},"content":{"rendered":"\n<p>Le G\u00e9n\u00e9ral d&rsquo;Arm\u00e9e, Sa\u00efd Chanegriha, Chef d&rsquo;Etat-Major de l&rsquo;Arm\u00e9e nationale populaire (ANP) a pr\u00e9sid\u00e9, hier, au nom du pr\u00e9sident de la R\u00e9publique, Chef supr\u00eame des Forces arm\u00e9es, ministre de la D\u00e9fense nationale, l&rsquo;installation officielle du Colonel Mahrez Djeribi, dans ses fonctions de Directeur central de la S\u00e9curit\u00e9 de l&rsquo;Arm\u00e9e par int\u00e9rim, indique un communiqu\u00e9 du minist\u00e8re de la D\u00e9fense nationale (MDN). \u00ab\u00a0Au nom de Monsieur le Pr\u00e9sident de la R\u00e9publique, Chef supr\u00eame des Forces arm\u00e9es, ministre de la D\u00e9fense nationale, le G\u00e9n\u00e9ral d&rsquo;Arm\u00e9e Sa\u00efd Chanegriha, Chef d&rsquo;Etat-Major de l&rsquo;ANP a pr\u00e9sid\u00e9, ce samedi 11 mars 2023, l&rsquo;installation officielle du Colonel Mahrez Djeribi, dans les fonctions de Directeur central de la S\u00e9curit\u00e9 de l&rsquo;Arm\u00e9e par int\u00e9rim\u00a0\u00bb, pr\u00e9cise la m\u00eame source. \u00ab\u00a0Au nom de Monsieur le Pr\u00e9sident de la R\u00e9publique, Chef supr\u00eame des Forces arm\u00e9es, ministre de la D\u00e9fense nationale et conform\u00e9ment au d\u00e9cret pr\u00e9sidentiel du 02 mars 2023, j&rsquo;installe officiellement le Colonel Mahrez Djeribi, dans les fonctions de Directeur central de la S\u00e9curit\u00e9 de l&rsquo;Arm\u00e9e par int\u00e9rim, en succession au G\u00e9n\u00e9ral Abdelaziz Nouiouet Chouiter\u00a0\u00bb, a affirm\u00e9 le G\u00e9n\u00e9ral d&rsquo;Arm\u00e9e. \u00ab\u00a0A ce titre, je vous ordonne de travailler sous son autorit\u00e9 et d&rsquo;ex\u00e9cuter ses ordres et instructions dans l&rsquo;int\u00e9r\u00eat du service, conform\u00e9ment aux r\u00e8glements militaires et aux lois de la R\u00e9publique en vigueur, par fid\u00e9lit\u00e9 aux sacrifices de nos vaillants Chouhada et aux valeurs \u00e9ternelles de notre Glorieuse R\u00e9volution\u00a0\u00bb, a-t-il ajout\u00e9. Cette occasion \u00e9tait \u00ab\u00a0une opportunit\u00e9 pour le G\u00e9n\u00e9ral d&rsquo;Arm\u00e9e pour donner aux cadres de cette Direction, un ensemble d&rsquo;instructions et d&rsquo;orientations, mettant l&rsquo;accent sur la n\u00e9cessit\u00e9 de fournir davantage d&rsquo;efforts d\u00e9vou\u00e9s au service de la patrie et faire preuve d&rsquo;engagement immuable dans l&rsquo;accomplissement des missions assign\u00e9es\u00a0\u00bb, note le communiqu\u00e9 du MDN. A l&rsquo;issue, le G\u00e9n\u00e9ral d&rsquo;Arm\u00e9e a supervis\u00e9 la c\u00e9r\u00e9monie de signature et d&rsquo;approbation du proc\u00e8s-verbal de passation de consignes, conclut le communiqu\u00e9.<\/p>\n\n\n\n<p><strong>APS<\/strong><\/p>\n","protected":false},"excerpt":{"rendered":"<p>Le G\u00e9n\u00e9ral d&rsquo;Arm\u00e9e, Sa\u00efd Chanegriha, Chef d&rsquo;Etat-Major de l&rsquo;Arm\u00e9e nationale populaire (ANP) a pr\u00e9sid\u00e9, hier, au nom du pr\u00e9sident de<\/p>\n","protected":false},"author":3,"featured_media":37646,"comment_status":"open","ping_status":"closed","sticky":false,"template":"","format":"standard","meta":{"colormag_page_container_layout":"default_layout","colormag_page_sidebar_layout":"default_layout","om_disable_all_campaigns":false,"_monsterinsights_skip_tracking":false,"_monsterinsights_sitenote_active":false,"_monsterinsights_sitenote_note":"","_monsterinsights_sitenote_category":0,"footnotes":"","_wpscppro_dont_share_socialmedia":false,"_wpscppro_custom_social_share_image":0,"_facebook_share_type":"","_twitter_share_type":"","_linkedin_share_type":"","_pinterest_share_type":"","_linkedin_share_type_page":"","_instagram_share_type":"","_medium_share_type":"","_threads_share_type":"","_google_business_share_type":"","_selected_social_profile":[],"_wpsp_enable_custom_social_template":false,"_wpsp_social_scheduling":{"enabled":false,"datetime":null,"platforms":[],"status":"template_only","dateOption":"today","timeOption":"now","customDays":"","customHours":"","customDate":"","customTime":"","schedulingType":"absolute"},"_wpsp_active_default_template":true},"categories":[27],"tags":[],"class_list":["post-37637","post","type-post","status-publish","format-standard","has-post-thumbnail","hentry","category-actualite"],"aioseo_notices":[],"yoast_head":"<!-- This site is optimized with the Yoast SEO plugin v27.5 - https:\/\/yoast.com\/product\/yoast-seo-wordpress\/ -->\n<title>ANP\u00a0: Le Colonel Mahrez Djeribi DCSA par int\u00e9rim - La Sentinelle<\/title>\n<meta name=\"robots\" content=\"index, follow, max-snippet:-1, max-image-preview:large, max-video-preview:-1\" \/>\n<link rel=\"canonical\" href=\"https:\/\/lasentinelle.dz\/index.php\/2023\/03\/11\/anp-le-colonel-mahrez-djeribi-dcsa-par-interim\/\" \/>\n<meta property=\"og:locale\" content=\"fr_FR\" \/>\n<meta property=\"og:type\" content=\"article\" \/>\n<meta property=\"og:title\" content=\"ANP\u00a0: Le Colonel Mahrez Djeribi DCSA par int\u00e9rim - La Sentinelle\" \/>\n<meta property=\"og:description\" content=\"Le G\u00e9n\u00e9ral d&rsquo;Arm\u00e9e, Sa\u00efd Chanegriha, Chef d&rsquo;Etat-Major de l&rsquo;Arm\u00e9e nationale populaire (ANP) a pr\u00e9sid\u00e9, hier, au nom du pr\u00e9sident de\" \/>\n<meta property=\"og:url\" content=\"https:\/\/lasentinelle.dz\/index.php\/2023\/03\/11\/anp-le-colonel-mahrez-djeribi-dcsa-par-interim\/\" \/>\n<meta property=\"og:site_name\" content=\"La Sentinelle\" \/>\n<meta property=\"article:publisher\" content=\"https:\/\/www.facebook.com\/La-Sentinelle-104059864394773\" \/>\n<meta property=\"article:published_time\" content=\"2023-03-11T21:05:00+00:00\" \/>\n<meta property=\"og:image\" content=\"https:\/\/lasentinelle.dz\/wp-content\/uploads\/2023\/03\/image_2023-03-11_193250349.png\" \/>\n\t<meta property=\"og:image:width\" content=\"960\" \/>\n\t<meta property=\"og:image:height\" content=\"640\" \/>\n\t<meta property=\"og:image:type\" content=\"image\/png\" \/>\n<meta name=\"author\" content=\"La Sentinelle\" \/>\n<meta name=\"twitter:card\" content=\"summary_large_image\" \/>\n<meta name=\"twitter:label1\" content=\"\u00c9crit par\" \/>\n\t<meta name=\"twitter:data1\" content=\"La Sentinelle\" \/>\n\t<meta name=\"twitter:label2\" content=\"Dur\u00e9e de lecture estim\u00e9e\" \/>\n\t<meta name=\"twitter:data2\" content=\"2 minutes\" \/>\n<script type=\"application\/ld+json\" class=\"yoast-schema-graph\">{\"@context\":\"https:\\\/\\\/schema.org\",\"@graph\":[{\"@type\":\"Article\",\"@id\":\"https:\\\/\\\/lasentinelle.dz\\\/index.php\\\/2023\\\/03\\\/11\\\/anp-le-colonel-mahrez-djeribi-dcsa-par-interim\\\/#article\",\"isPartOf\":{\"@id\":\"https:\\\/\\\/lasentinelle.dz\\\/index.php\\\/2023\\\/03\\\/11\\\/anp-le-colonel-mahrez-djeribi-dcsa-par-interim\\\/\"},\"author\":{\"name\":\"La Sentinelle\",\"@id\":\"https:\\\/\\\/lasentinelle.dz\\\/#\\\/schema\\\/person\\\/d865044e22e70a75174ce8bcad3acfb3\"},\"headline\":\"ANP\u00a0: Le Colonel Mahrez Djeribi DCSA par int\u00e9rim\",\"datePublished\":\"2023-03-11T21:05:00+00:00\",\"mainEntityOfPage\":{\"@id\":\"https:\\\/\\\/lasentinelle.dz\\\/index.php\\\/2023\\\/03\\\/11\\\/anp-le-colonel-mahrez-djeribi-dcsa-par-interim\\\/\"},\"wordCount\":401,\"commentCount\":0,\"publisher\":{\"@id\":\"https:\\\/\\\/lasentinelle.dz\\\/#organization\"},\"image\":{\"@id\":\"https:\\\/\\\/lasentinelle.dz\\\/index.php\\\/2023\\\/03\\\/11\\\/anp-le-colonel-mahrez-djeribi-dcsa-par-interim\\\/#primaryimage\"},\"thumbnailUrl\":\"https:\\\/\\\/lasentinelle.dz\\\/wp-content\\\/uploads\\\/2023\\\/03\\\/image_2023-03-11_193250349.png\",\"articleSection\":[\"Actualit\u00e9\"],\"inLanguage\":\"fr-FR\",\"potentialAction\":[{\"@type\":\"CommentAction\",\"name\":\"Comment\",\"target\":[\"https:\\\/\\\/lasentinelle.dz\\\/index.php\\\/2023\\\/03\\\/11\\\/anp-le-colonel-mahrez-djeribi-dcsa-par-interim\\\/#respond\"]}]},{\"@type\":\"WebPage\",\"@id\":\"https:\\\/\\\/lasentinelle.dz\\\/index.php\\\/2023\\\/03\\\/11\\\/anp-le-colonel-mahrez-djeribi-dcsa-par-interim\\\/\",\"url\":\"https:\\\/\\\/lasentinelle.dz\\\/index.php\\\/2023\\\/03\\\/11\\\/anp-le-colonel-mahrez-djeribi-dcsa-par-interim\\\/\",\"name\":\"ANP\u00a0: Le Colonel Mahrez Djeribi DCSA par int\u00e9rim - La Sentinelle\",\"isPartOf\":{\"@id\":\"https:\\\/\\\/lasentinelle.dz\\\/#website\"},\"primaryImageOfPage\":{\"@id\":\"https:\\\/\\\/lasentinelle.dz\\\/index.php\\\/2023\\\/03\\\/11\\\/anp-le-colonel-mahrez-djeribi-dcsa-par-interim\\\/#primaryimage\"},\"image\":{\"@id\":\"https:\\\/\\\/lasentinelle.dz\\\/index.php\\\/2023\\\/03\\\/11\\\/anp-le-colonel-mahrez-djeribi-dcsa-par-interim\\\/#primaryimage\"},\"thumbnailUrl\":\"https:\\\/\\\/lasentinelle.dz\\\/wp-content\\\/uploads\\\/2023\\\/03\\\/image_2023-03-11_193250349.png\",\"datePublished\":\"2023-03-11T21:05:00+00:00\",\"breadcrumb\":{\"@id\":\"https:\\\/\\\/lasentinelle.dz\\\/index.php\\\/2023\\\/03\\\/11\\\/anp-le-colonel-mahrez-djeribi-dcsa-par-interim\\\/#breadcrumb\"},\"inLanguage\":\"fr-FR\",\"potentialAction\":[{\"@type\":\"ReadAction\",\"target\":[\"https:\\\/\\\/lasentinelle.dz\\\/index.php\\\/2023\\\/03\\\/11\\\/anp-le-colonel-mahrez-djeribi-dcsa-par-interim\\\/\"]}]},{\"@type\":\"ImageObject\",\"inLanguage\":\"fr-FR\",\"@id\":\"https:\\\/\\\/lasentinelle.dz\\\/index.php\\\/2023\\\/03\\\/11\\\/anp-le-colonel-mahrez-djeribi-dcsa-par-interim\\\/#primaryimage\",\"url\":\"https:\\\/\\\/lasentinelle.dz\\\/wp-content\\\/uploads\\\/2023\\\/03\\\/image_2023-03-11_193250349.png\",\"contentUrl\":\"https:\\\/\\\/lasentinelle.dz\\\/wp-content\\\/uploads\\\/2023\\\/03\\\/image_2023-03-11_193250349.png\",\"width\":960,\"height\":640},{\"@type\":\"BreadcrumbList\",\"@id\":\"https:\\\/\\\/lasentinelle.dz\\\/index.php\\\/2023\\\/03\\\/11\\\/anp-le-colonel-mahrez-djeribi-dcsa-par-interim\\\/#breadcrumb\",\"itemListElement\":[{\"@type\":\"ListItem\",\"position\":1,\"name\":\"Accueil\",\"item\":\"https:\\\/\\\/lasentinelle.dz\\\/\"},{\"@type\":\"ListItem\",\"position\":2,\"name\":\"ANP\u00a0: Le Colonel Mahrez Djeribi DCSA par int\u00e9rim\"}]},{\"@type\":\"WebSite\",\"@id\":\"https:\\\/\\\/lasentinelle.dz\\\/#website\",\"url\":\"https:\\\/\\\/lasentinelle.dz\\\/\",\"name\":\"La Sentinelle\",\"description\":\"Quotidien national d&#039;information\",\"publisher\":{\"@id\":\"https:\\\/\\\/lasentinelle.dz\\\/#organization\"},\"potentialAction\":[{\"@type\":\"SearchAction\",\"target\":{\"@type\":\"EntryPoint\",\"urlTemplate\":\"https:\\\/\\\/lasentinelle.dz\\\/?s={search_term_string}\"},\"query-input\":{\"@type\":\"PropertyValueSpecification\",\"valueRequired\":true,\"valueName\":\"search_term_string\"}}],\"inLanguage\":\"fr-FR\"},{\"@type\":\"Organization\",\"@id\":\"https:\\\/\\\/lasentinelle.dz\\\/#organization\",\"name\":\"Quotidien La Sentinelle\",\"url\":\"https:\\\/\\\/lasentinelle.dz\\\/\",\"logo\":{\"@type\":\"ImageObject\",\"inLanguage\":\"fr-FR\",\"@id\":\"https:\\\/\\\/lasentinelle.dz\\\/#\\\/schema\\\/logo\\\/image\\\/\",\"url\":\"https:\\\/\\\/lasentinelle.dz\\\/wp-content\\\/uploads\\\/2021\\\/09\\\/logo-sentinelleSLOGAN-1.png\",\"contentUrl\":\"https:\\\/\\\/lasentinelle.dz\\\/wp-content\\\/uploads\\\/2021\\\/09\\\/logo-sentinelleSLOGAN-1.png\",\"width\":615,\"height\":142,\"caption\":\"Quotidien La Sentinelle\"},\"image\":{\"@id\":\"https:\\\/\\\/lasentinelle.dz\\\/#\\\/schema\\\/logo\\\/image\\\/\"},\"sameAs\":[\"https:\\\/\\\/www.facebook.com\\\/La-Sentinelle-104059864394773\"]},{\"@type\":\"Person\",\"@id\":\"https:\\\/\\\/lasentinelle.dz\\\/#\\\/schema\\\/person\\\/d865044e22e70a75174ce8bcad3acfb3\",\"name\":\"La Sentinelle\",\"image\":{\"@type\":\"ImageObject\",\"inLanguage\":\"fr-FR\",\"@id\":\"https:\\\/\\\/secure.gravatar.com\\\/avatar\\\/57de8e5d4b15d43fb361a71fbb36338450fe67865b528a43dd10ef7c51a20392?s=96&d=mm&r=g\",\"url\":\"https:\\\/\\\/secure.gravatar.com\\\/avatar\\\/57de8e5d4b15d43fb361a71fbb36338450fe67865b528a43dd10ef7c51a20392?s=96&d=mm&r=g\",\"contentUrl\":\"https:\\\/\\\/secure.gravatar.com\\\/avatar\\\/57de8e5d4b15d43fb361a71fbb36338450fe67865b528a43dd10ef7c51a20392?s=96&d=mm&r=g\",\"caption\":\"La Sentinelle\"},\"sameAs\":[\"http:\\\/\\\/www.lasentinelle.dz\"],\"url\":\"https:\\\/\\\/lasentinelle.dz\\\/author\\\/redaction\\\/\"}]}<\/script>\n<!-- \/ Yoast SEO plugin. -->","yoast_head_json":{"title":"ANP\u00a0: Le Colonel Mahrez Djeribi DCSA par int\u00e9rim - La Sentinelle","robots":{"index":"index","follow":"follow","max-snippet":"max-snippet:-1","max-image-preview":"max-image-preview:large","max-video-preview":"max-video-preview:-1"},"canonical":"https:\/\/lasentinelle.dz\/index.php\/2023\/03\/11\/anp-le-colonel-mahrez-djeribi-dcsa-par-interim\/","og_locale":"fr_FR","og_type":"article","og_title":"ANP\u00a0: Le Colonel Mahrez Djeribi DCSA par int\u00e9rim - La Sentinelle","og_description":"Le G\u00e9n\u00e9ral d&rsquo;Arm\u00e9e, Sa\u00efd Chanegriha, Chef d&rsquo;Etat-Major de l&rsquo;Arm\u00e9e nationale populaire (ANP) a pr\u00e9sid\u00e9, hier, au nom du pr\u00e9sident de","og_url":"https:\/\/lasentinelle.dz\/index.php\/2023\/03\/11\/anp-le-colonel-mahrez-djeribi-dcsa-par-interim\/","og_site_name":"La Sentinelle","article_publisher":"https:\/\/www.facebook.com\/La-Sentinelle-104059864394773","article_published_time":"2023-03-11T21:05:00+00:00","og_image":[{"width":960,"height":640,"url":"https:\/\/lasentinelle.dz\/wp-content\/uploads\/2023\/03\/image_2023-03-11_193250349.png","type":"image\/png"}],"author":"La Sentinelle","twitter_card":"summary_large_image","twitter_misc":{"\u00c9crit par":"La Sentinelle","Dur\u00e9e de lecture estim\u00e9e":"2 minutes"},"schema":{"@context":"https:\/\/schema.org","@graph":[{"@type":"Article","@id":"https:\/\/lasentinelle.dz\/index.php\/2023\/03\/11\/anp-le-colonel-mahrez-djeribi-dcsa-par-interim\/#article","isPartOf":{"@id":"https:\/\/lasentinelle.dz\/index.php\/2023\/03\/11\/anp-le-colonel-mahrez-djeribi-dcsa-par-interim\/"},"author":{"name":"La Sentinelle","@id":"https:\/\/lasentinelle.dz\/#\/schema\/person\/d865044e22e70a75174ce8bcad3acfb3"},"headline":"ANP\u00a0: Le Colonel Mahrez Djeribi DCSA par int\u00e9rim","datePublished":"2023-03-11T21:05:00+00:00","mainEntityOfPage":{"@id":"https:\/\/lasentinelle.dz\/index.php\/2023\/03\/11\/anp-le-colonel-mahrez-djeribi-dcsa-par-interim\/"},"wordCount":401,"commentCount":0,"publisher":{"@id":"https:\/\/lasentinelle.dz\/#organization"},"image":{"@id":"https:\/\/lasentinelle.dz\/index.php\/2023\/03\/11\/anp-le-colonel-mahrez-djeribi-dcsa-par-interim\/#primaryimage"},"thumbnailUrl":"https:\/\/lasentinelle.dz\/wp-content\/uploads\/2023\/03\/image_2023-03-11_193250349.png","articleSection":["Actualit\u00e9"],"inLanguage":"fr-FR","potentialAction":[{"@type":"CommentAction","name":"Comment","target":["https:\/\/lasentinelle.dz\/index.php\/2023\/03\/11\/anp-le-colonel-mahrez-djeribi-dcsa-par-interim\/#respond"]}]},{"@type":"WebPage","@id":"https:\/\/lasentinelle.dz\/index.php\/2023\/03\/11\/anp-le-colonel-mahrez-djeribi-dcsa-par-interim\/","url":"https:\/\/lasentinelle.dz\/index.php\/2023\/03\/11\/anp-le-colonel-mahrez-djeribi-dcsa-par-interim\/","name":"ANP\u00a0: Le Colonel Mahrez Djeribi DCSA par int\u00e9rim - La Sentinelle","isPartOf":{"@id":"https:\/\/lasentinelle.dz\/#website"},"primaryImageOfPage":{"@id":"https:\/\/lasentinelle.dz\/index.php\/2023\/03\/11\/anp-le-colonel-mahrez-djeribi-dcsa-par-interim\/#primaryimage"},"image":{"@id":"https:\/\/lasentinelle.dz\/index.php\/2023\/03\/11\/anp-le-colonel-mahrez-djeribi-dcsa-par-interim\/#primaryimage"},"thumbnailUrl":"https:\/\/lasentinelle.dz\/wp-content\/uploads\/2023\/03\/image_2023-03-11_193250349.png","datePublished":"2023-03-11T21:05:00+00:00","breadcrumb":{"@id":"https:\/\/lasentinelle.dz\/index.php\/2023\/03\/11\/anp-le-colonel-mahrez-djeribi-dcsa-par-interim\/#breadcrumb"},"inLanguage":"fr-FR","potentialAction":[{"@type":"ReadAction","target":["https:\/\/lasentinelle.dz\/index.php\/2023\/03\/11\/anp-le-colonel-mahrez-djeribi-dcsa-par-interim\/"]}]},{"@type":"ImageObject","inLanguage":"fr-FR","@id":"https:\/\/lasentinelle.dz\/index.php\/2023\/03\/11\/anp-le-colonel-mahrez-djeribi-dcsa-par-interim\/#primaryimage","url":"https:\/\/lasentinelle.dz\/wp-content\/uploads\/2023\/03\/image_2023-03-11_193250349.png","contentUrl":"https:\/\/lasentinelle.dz\/wp-content\/uploads\/2023\/03\/image_2023-03-11_193250349.png","width":960,"height":640},{"@type":"BreadcrumbList","@id":"https:\/\/lasentinelle.dz\/index.php\/2023\/03\/11\/anp-le-colonel-mahrez-djeribi-dcsa-par-interim\/#breadcrumb","itemListElement":[{"@type":"ListItem","position":1,"name":"Accueil","item":"https:\/\/lasentinelle.dz\/"},{"@type":"ListItem","position":2,"name":"ANP\u00a0: Le Colonel Mahrez Djeribi DCSA par int\u00e9rim"}]},{"@type":"WebSite","@id":"https:\/\/lasentinelle.dz\/#website","url":"https:\/\/lasentinelle.dz\/","name":"La Sentinelle","description":"Quotidien national d&#039;information","publisher":{"@id":"https:\/\/lasentinelle.dz\/#organization"},"potentialAction":[{"@type":"SearchAction","target":{"@type":"EntryPoint","urlTemplate":"https:\/\/lasentinelle.dz\/?s={search_term_string}"},"query-input":{"@type":"PropertyValueSpecification","valueRequired":true,"valueName":"search_term_string"}}],"inLanguage":"fr-FR"},{"@type":"Organization","@id":"https:\/\/lasentinelle.dz\/#organization","name":"Quotidien La Sentinelle","url":"https:\/\/lasentinelle.dz\/","logo":{"@type":"ImageObject","inLanguage":"fr-FR","@id":"https:\/\/lasentinelle.dz\/#\/schema\/logo\/image\/","url":"https:\/\/lasentinelle.dz\/wp-content\/uploads\/2021\/09\/logo-sentinelleSLOGAN-1.png","contentUrl":"https:\/\/lasentinelle.dz\/wp-content\/uploads\/2021\/09\/logo-sentinelleSLOGAN-1.png","width":615,"height":142,"caption":"Quotidien La Sentinelle"},"image":{"@id":"https:\/\/lasentinelle.dz\/#\/schema\/logo\/image\/"},"sameAs":["https:\/\/www.facebook.com\/La-Sentinelle-104059864394773"]},{"@type":"Person","@id":"https:\/\/lasentinelle.dz\/#\/schema\/person\/d865044e22e70a75174ce8bcad3acfb3","name":"La Sentinelle","image":{"@type":"ImageObject","inLanguage":"fr-FR","@id":"https:\/\/secure.gravatar.com\/avatar\/57de8e5d4b15d43fb361a71fbb36338450fe67865b528a43dd10ef7c51a20392?s=96&d=mm&r=g","url":"https:\/\/secure.gravatar.com\/avatar\/57de8e5d4b15d43fb361a71fbb36338450fe67865b528a43dd10ef7c51a20392?s=96&d=mm&r=g","contentUrl":"https:\/\/secure.gravatar.com\/avatar\/57de8e5d4b15d43fb361a71fbb36338450fe67865b528a43dd10ef7c51a20392?s=96&d=mm&r=g","caption":"La Sentinelle"},"sameAs":["http:\/\/www.lasentinelle.dz"],"url":"https:\/\/lasentinelle.dz\/author\/redaction\/"}]}},"_links":{"self":[{"href":"https:\/\/lasentinelle.dz\/index.php\/wp-json\/wp\/v2\/posts\/37637","targetHints":{"allow":["GET"]}}],"collection":[{"href":"https:\/\/lasentinelle.dz\/index.php\/wp-json\/wp\/v2\/posts"}],"about":[{"href":"https:\/\/lasentinelle.dz\/index.php\/wp-json\/wp\/v2\/types\/post"}],"author":[{"embeddable":true,"href":"https:\/\/lasentinelle.dz\/index.php\/wp-json\/wp\/v2\/users\/3"}],"replies":[{"embeddable":true,"href":"https:\/\/lasentinelle.dz\/index.php\/wp-json\/wp\/v2\/comments?post=37637"}],"version-history":[{"count":1,"href":"https:\/\/lasentinelle.dz\/index.php\/wp-json\/wp\/v2\/posts\/37637\/revisions"}],"predecessor-version":[{"id":37647,"href":"https:\/\/lasentinelle.dz\/index.php\/wp-json\/wp\/v2\/posts\/37637\/revisions\/37647"}],"wp:featuredmedia":[{"embeddable":true,"href":"https:\/\/lasentinelle.dz\/index.php\/wp-json\/wp\/v2\/media\/37646"}],"wp:attachment":[{"href":"https:\/\/lasentinelle.dz\/index.php\/wp-json\/wp\/v2\/media?parent=37637"}],"wp:term":[{"taxonomy":"category","embeddable":true,"href":"https:\/\/lasentinelle.dz\/index.php\/wp-json\/wp\/v2\/categories?post=37637"},{"taxonomy":"post_tag","embeddable":true,"href":"https:\/\/lasentinelle.dz\/index.php\/wp-json\/wp\/v2\/tags?post=37637"}],"curies":[{"name":"wp","href":"https:\/\/api.w.org\/{rel}","templated":true}]}}