{"id":37653,"date":"2023-03-11T22:05:00","date_gmt":"2023-03-11T21:05:00","guid":{"rendered":"https:\/\/lasentinelle.dz\/?p=37653"},"modified":"2023-03-11T19:55:00","modified_gmt":"2023-03-11T18:55:00","slug":"rezig-rencontre-des-associations-de-protection-du-consommateur-les-preparatifs-du-ramadhan-au-menu-des-discussions","status":"publish","type":"post","link":"https:\/\/lasentinelle.dz\/index.php\/2023\/03\/11\/rezig-rencontre-des-associations-de-protection-du-consommateur-les-preparatifs-du-ramadhan-au-menu-des-discussions\/","title":{"rendered":"Rezig rencontre des associations de protection du consommateur\u00a0: Les pr\u00e9paratifs du Ramadhan au menu des discussions"},"content":{"rendered":"\n<p>Le ministre du Commerce et de la Promotion des exportations, Kamel Rezig, a pr\u00e9sid\u00e9 hier\u00e0 Alger, une r\u00e9union de coordination avec les repr\u00e9sentants d&rsquo;associations de protection du consommateur, consacr\u00e9e au suivi des pr\u00e9paratifs du prochain mois de Ramadhan, indique un communiqu\u00e9 du minist\u00e8re. La rencontre, qui intervient \u00e0 la veille de l&rsquo;ouverture de march\u00e9s de proximit\u00e9 au niveau de 58 wilayas, a permis d&rsquo;aborder plusieurs questions relatives \u00e0 la pr\u00e9paration du mois de Ramadhan, ajoute le communiqu\u00e9. Les repr\u00e9sentants de l&rsquo;Organisation nationale de protection du consommateur, de l&rsquo;association \u00ab\u00a0AMANE\u00a0\u00bb pour la protection du consommateur, de l&rsquo;organisation Alg\u00e9rienne pour la d\u00e9fense du consommateur \u00ab\u00a0HIMAYATEC\u00a0\u00bb, de la F\u00e9d\u00e9ration alg\u00e9rienne des consommateurs (FAC), l&rsquo;Union g\u00e9n\u00e9rale des commer\u00e7ants et artisans alg\u00e9riens (UGCAA), ont pris part \u00e0 cette r\u00e9union qui s&rsquo;est d\u00e9roul\u00e9e au si\u00e8ge du minist\u00e8re, pr\u00e9cise la m\u00eame source. Pour rappel, Kamel Rezig a affirm\u00e9, vendredi en &nbsp;marge d&rsquo;une visite de travail \u00e0 El Menia, que \u00ab\u00a0les produits alimentaires de large consommation seront disponibles tout au long du mois sacr\u00e9 de Ramadhan\u00a0\u00bb. Le ministre a aussi affirm\u00e9 que \u00ab\u00a0le lait sera, \u00e0 son tour, disponible durant Ramadhan, \u00e0 travers toutes les wilayas du pays\u00a0\u00bb. Selon le ministre, des instructions ont \u00e9t\u00e9 adress\u00e9es aux services de contr\u00f4le et de la r\u00e9pression des fraudes, sur la n\u00e9cessit\u00e9 d&rsquo;assurer la coordination avec les services de s\u00e9curit\u00e9, en vue de s&rsquo;enqu\u00e9rir de la disponibilit\u00e9 des produits alimentaires de base sur les march\u00e9s, durant le mois sacr\u00e9 de Ramadhan.<\/p>\n\n\n\n<p><strong>C. Hafed<\/strong><\/p>\n","protected":false},"excerpt":{"rendered":"<p>Le ministre du Commerce et de la Promotion des exportations, Kamel Rezig, a pr\u00e9sid\u00e9 hier\u00e0 Alger, une r\u00e9union de coordination<\/p>\n","protected":false},"author":3,"featured_media":37654,"comment_status":"open","ping_status":"closed","sticky":false,"template":"","format":"standard","meta":{"colormag_page_container_layout":"default_layout","colormag_page_sidebar_layout":"default_layout","om_disable_all_campaigns":false,"_monsterinsights_skip_tracking":false,"_monsterinsights_sitenote_active":false,"_monsterinsights_sitenote_note":"","_monsterinsights_sitenote_category":0,"footnotes":"","_wpscppro_dont_share_socialmedia":false,"_wpscppro_custom_social_share_image":0,"_facebook_share_type":"","_twitter_share_type":"","_linkedin_share_type":"","_pinterest_share_type":"","_linkedin_share_type_page":"","_instagram_share_type":"","_medium_share_type":"","_threads_share_type":"","_google_business_share_type":"","_selected_social_profile":[],"_wpsp_enable_custom_social_template":false,"_wpsp_social_scheduling":{"enabled":false,"datetime":null,"platforms":[],"status":"template_only","dateOption":"today","timeOption":"now","customDays":"","customHours":"","customDate":"","customTime":"","schedulingType":"absolute"},"_wpsp_active_default_template":true},"categories":[29],"tags":[],"class_list":["post-37653","post","type-post","status-publish","format-standard","has-post-thumbnail","hentry","category-economie"],"aioseo_notices":[],"yoast_head":"<!-- This site is optimized with the Yoast SEO plugin v27.5 - https:\/\/yoast.com\/product\/yoast-seo-wordpress\/ -->\n<title>Rezig rencontre des associations de protection du consommateur\u00a0: Les pr\u00e9paratifs du Ramadhan au menu des discussions - La Sentinelle<\/title>\n<meta name=\"robots\" content=\"index, follow, max-snippet:-1, max-image-preview:large, max-video-preview:-1\" \/>\n<link rel=\"canonical\" href=\"https:\/\/lasentinelle.dz\/index.php\/2023\/03\/11\/rezig-rencontre-des-associations-de-protection-du-consommateur-les-preparatifs-du-ramadhan-au-menu-des-discussions\/\" \/>\n<meta property=\"og:locale\" content=\"fr_FR\" \/>\n<meta property=\"og:type\" content=\"article\" \/>\n<meta property=\"og:title\" content=\"Rezig rencontre des associations de protection du consommateur\u00a0: Les pr\u00e9paratifs du Ramadhan au menu des discussions - La Sentinelle\" \/>\n<meta property=\"og:description\" content=\"Le ministre du Commerce et de la Promotion des exportations, Kamel Rezig, a pr\u00e9sid\u00e9 hier\u00e0 Alger, une r\u00e9union de coordination\" \/>\n<meta property=\"og:url\" content=\"https:\/\/lasentinelle.dz\/index.php\/2023\/03\/11\/rezig-rencontre-des-associations-de-protection-du-consommateur-les-preparatifs-du-ramadhan-au-menu-des-discussions\/\" \/>\n<meta property=\"og:site_name\" content=\"La Sentinelle\" \/>\n<meta property=\"article:publisher\" content=\"https:\/\/www.facebook.com\/La-Sentinelle-104059864394773\" \/>\n<meta property=\"article:published_time\" content=\"2023-03-11T21:05:00+00:00\" \/>\n<meta property=\"og:image\" content=\"https:\/\/lasentinelle.dz\/wp-content\/uploads\/2023\/03\/sssss.png\" \/>\n\t<meta property=\"og:image:width\" content=\"2008\" \/>\n\t<meta property=\"og:image:height\" content=\"900\" \/>\n\t<meta property=\"og:image:type\" content=\"image\/png\" \/>\n<meta name=\"author\" content=\"La Sentinelle\" \/>\n<meta name=\"twitter:card\" content=\"summary_large_image\" \/>\n<meta name=\"twitter:label1\" content=\"\u00c9crit par\" \/>\n\t<meta name=\"twitter:data1\" content=\"La Sentinelle\" \/>\n\t<meta name=\"twitter:label2\" content=\"Dur\u00e9e de lecture estim\u00e9e\" \/>\n\t<meta name=\"twitter:data2\" content=\"2 minutes\" \/>\n<script type=\"application\/ld+json\" class=\"yoast-schema-graph\">{\"@context\":\"https:\\\/\\\/schema.org\",\"@graph\":[{\"@type\":\"Article\",\"@id\":\"https:\\\/\\\/lasentinelle.dz\\\/index.php\\\/2023\\\/03\\\/11\\\/rezig-rencontre-des-associations-de-protection-du-consommateur-les-preparatifs-du-ramadhan-au-menu-des-discussions\\\/#article\",\"isPartOf\":{\"@id\":\"https:\\\/\\\/lasentinelle.dz\\\/index.php\\\/2023\\\/03\\\/11\\\/rezig-rencontre-des-associations-de-protection-du-consommateur-les-preparatifs-du-ramadhan-au-menu-des-discussions\\\/\"},\"author\":{\"name\":\"La Sentinelle\",\"@id\":\"https:\\\/\\\/lasentinelle.dz\\\/#\\\/schema\\\/person\\\/d865044e22e70a75174ce8bcad3acfb3\"},\"headline\":\"Rezig rencontre des associations de protection du consommateur\u00a0: Les pr\u00e9paratifs du Ramadhan au menu des discussions\",\"datePublished\":\"2023-03-11T21:05:00+00:00\",\"mainEntityOfPage\":{\"@id\":\"https:\\\/\\\/lasentinelle.dz\\\/index.php\\\/2023\\\/03\\\/11\\\/rezig-rencontre-des-associations-de-protection-du-consommateur-les-preparatifs-du-ramadhan-au-menu-des-discussions\\\/\"},\"wordCount\":296,\"commentCount\":0,\"publisher\":{\"@id\":\"https:\\\/\\\/lasentinelle.dz\\\/#organization\"},\"image\":{\"@id\":\"https:\\\/\\\/lasentinelle.dz\\\/index.php\\\/2023\\\/03\\\/11\\\/rezig-rencontre-des-associations-de-protection-du-consommateur-les-preparatifs-du-ramadhan-au-menu-des-discussions\\\/#primaryimage\"},\"thumbnailUrl\":\"https:\\\/\\\/lasentinelle.dz\\\/wp-content\\\/uploads\\\/2023\\\/03\\\/sssss.png\",\"articleSection\":[\"\u00c9conomie\"],\"inLanguage\":\"fr-FR\",\"potentialAction\":[{\"@type\":\"CommentAction\",\"name\":\"Comment\",\"target\":[\"https:\\\/\\\/lasentinelle.dz\\\/index.php\\\/2023\\\/03\\\/11\\\/rezig-rencontre-des-associations-de-protection-du-consommateur-les-preparatifs-du-ramadhan-au-menu-des-discussions\\\/#respond\"]}]},{\"@type\":\"WebPage\",\"@id\":\"https:\\\/\\\/lasentinelle.dz\\\/index.php\\\/2023\\\/03\\\/11\\\/rezig-rencontre-des-associations-de-protection-du-consommateur-les-preparatifs-du-ramadhan-au-menu-des-discussions\\\/\",\"url\":\"https:\\\/\\\/lasentinelle.dz\\\/index.php\\\/2023\\\/03\\\/11\\\/rezig-rencontre-des-associations-de-protection-du-consommateur-les-preparatifs-du-ramadhan-au-menu-des-discussions\\\/\",\"name\":\"Rezig rencontre des associations de protection du consommateur\u00a0: Les pr\u00e9paratifs du Ramadhan au menu des discussions - La Sentinelle\",\"isPartOf\":{\"@id\":\"https:\\\/\\\/lasentinelle.dz\\\/#website\"},\"primaryImageOfPage\":{\"@id\":\"https:\\\/\\\/lasentinelle.dz\\\/index.php\\\/2023\\\/03\\\/11\\\/rezig-rencontre-des-associations-de-protection-du-consommateur-les-preparatifs-du-ramadhan-au-menu-des-discussions\\\/#primaryimage\"},\"image\":{\"@id\":\"https:\\\/\\\/lasentinelle.dz\\\/index.php\\\/2023\\\/03\\\/11\\\/rezig-rencontre-des-associations-de-protection-du-consommateur-les-preparatifs-du-ramadhan-au-menu-des-discussions\\\/#primaryimage\"},\"thumbnailUrl\":\"https:\\\/\\\/lasentinelle.dz\\\/wp-content\\\/uploads\\\/2023\\\/03\\\/sssss.png\",\"datePublished\":\"2023-03-11T21:05:00+00:00\",\"breadcrumb\":{\"@id\":\"https:\\\/\\\/lasentinelle.dz\\\/index.php\\\/2023\\\/03\\\/11\\\/rezig-rencontre-des-associations-de-protection-du-consommateur-les-preparatifs-du-ramadhan-au-menu-des-discussions\\\/#breadcrumb\"},\"inLanguage\":\"fr-FR\",\"potentialAction\":[{\"@type\":\"ReadAction\",\"target\":[\"https:\\\/\\\/lasentinelle.dz\\\/index.php\\\/2023\\\/03\\\/11\\\/rezig-rencontre-des-associations-de-protection-du-consommateur-les-preparatifs-du-ramadhan-au-menu-des-discussions\\\/\"]}]},{\"@type\":\"ImageObject\",\"inLanguage\":\"fr-FR\",\"@id\":\"https:\\\/\\\/lasentinelle.dz\\\/index.php\\\/2023\\\/03\\\/11\\\/rezig-rencontre-des-associations-de-protection-du-consommateur-les-preparatifs-du-ramadhan-au-menu-des-discussions\\\/#primaryimage\",\"url\":\"https:\\\/\\\/lasentinelle.dz\\\/wp-content\\\/uploads\\\/2023\\\/03\\\/sssss.png\",\"contentUrl\":\"https:\\\/\\\/lasentinelle.dz\\\/wp-content\\\/uploads\\\/2023\\\/03\\\/sssss.png\",\"width\":2008,\"height\":900},{\"@type\":\"BreadcrumbList\",\"@id\":\"https:\\\/\\\/lasentinelle.dz\\\/index.php\\\/2023\\\/03\\\/11\\\/rezig-rencontre-des-associations-de-protection-du-consommateur-les-preparatifs-du-ramadhan-au-menu-des-discussions\\\/#breadcrumb\",\"itemListElement\":[{\"@type\":\"ListItem\",\"position\":1,\"name\":\"Accueil\",\"item\":\"https:\\\/\\\/lasentinelle.dz\\\/\"},{\"@type\":\"ListItem\",\"position\":2,\"name\":\"Rezig rencontre des associations de protection du consommateur\u00a0: Les pr\u00e9paratifs du Ramadhan au menu des discussions\"}]},{\"@type\":\"WebSite\",\"@id\":\"https:\\\/\\\/lasentinelle.dz\\\/#website\",\"url\":\"https:\\\/\\\/lasentinelle.dz\\\/\",\"name\":\"La Sentinelle\",\"description\":\"Quotidien national d&#039;information\",\"publisher\":{\"@id\":\"https:\\\/\\\/lasentinelle.dz\\\/#organization\"},\"potentialAction\":[{\"@type\":\"SearchAction\",\"target\":{\"@type\":\"EntryPoint\",\"urlTemplate\":\"https:\\\/\\\/lasentinelle.dz\\\/?s={search_term_string}\"},\"query-input\":{\"@type\":\"PropertyValueSpecification\",\"valueRequired\":true,\"valueName\":\"search_term_string\"}}],\"inLanguage\":\"fr-FR\"},{\"@type\":\"Organization\",\"@id\":\"https:\\\/\\\/lasentinelle.dz\\\/#organization\",\"name\":\"Quotidien La Sentinelle\",\"url\":\"https:\\\/\\\/lasentinelle.dz\\\/\",\"logo\":{\"@type\":\"ImageObject\",\"inLanguage\":\"fr-FR\",\"@id\":\"https:\\\/\\\/lasentinelle.dz\\\/#\\\/schema\\\/logo\\\/image\\\/\",\"url\":\"https:\\\/\\\/lasentinelle.dz\\\/wp-content\\\/uploads\\\/2021\\\/09\\\/logo-sentinelleSLOGAN-1.png\",\"contentUrl\":\"https:\\\/\\\/lasentinelle.dz\\\/wp-content\\\/uploads\\\/2021\\\/09\\\/logo-sentinelleSLOGAN-1.png\",\"width\":615,\"height\":142,\"caption\":\"Quotidien La Sentinelle\"},\"image\":{\"@id\":\"https:\\\/\\\/lasentinelle.dz\\\/#\\\/schema\\\/logo\\\/image\\\/\"},\"sameAs\":[\"https:\\\/\\\/www.facebook.com\\\/La-Sentinelle-104059864394773\"]},{\"@type\":\"Person\",\"@id\":\"https:\\\/\\\/lasentinelle.dz\\\/#\\\/schema\\\/person\\\/d865044e22e70a75174ce8bcad3acfb3\",\"name\":\"La Sentinelle\",\"image\":{\"@type\":\"ImageObject\",\"inLanguage\":\"fr-FR\",\"@id\":\"https:\\\/\\\/secure.gravatar.com\\\/avatar\\\/57de8e5d4b15d43fb361a71fbb36338450fe67865b528a43dd10ef7c51a20392?s=96&d=mm&r=g\",\"url\":\"https:\\\/\\\/secure.gravatar.com\\\/avatar\\\/57de8e5d4b15d43fb361a71fbb36338450fe67865b528a43dd10ef7c51a20392?s=96&d=mm&r=g\",\"contentUrl\":\"https:\\\/\\\/secure.gravatar.com\\\/avatar\\\/57de8e5d4b15d43fb361a71fbb36338450fe67865b528a43dd10ef7c51a20392?s=96&d=mm&r=g\",\"caption\":\"La Sentinelle\"},\"sameAs\":[\"http:\\\/\\\/www.lasentinelle.dz\"],\"url\":\"https:\\\/\\\/lasentinelle.dz\\\/author\\\/redaction\\\/\"}]}<\/script>\n<!-- \/ Yoast SEO plugin. -->","yoast_head_json":{"title":"Rezig rencontre des associations de protection du consommateur\u00a0: Les pr\u00e9paratifs du Ramadhan au menu des discussions - La Sentinelle","robots":{"index":"index","follow":"follow","max-snippet":"max-snippet:-1","max-image-preview":"max-image-preview:large","max-video-preview":"max-video-preview:-1"},"canonical":"https:\/\/lasentinelle.dz\/index.php\/2023\/03\/11\/rezig-rencontre-des-associations-de-protection-du-consommateur-les-preparatifs-du-ramadhan-au-menu-des-discussions\/","og_locale":"fr_FR","og_type":"article","og_title":"Rezig rencontre des associations de protection du consommateur\u00a0: Les pr\u00e9paratifs du Ramadhan au menu des discussions - La Sentinelle","og_description":"Le ministre du Commerce et de la Promotion des exportations, Kamel Rezig, a pr\u00e9sid\u00e9 hier\u00e0 Alger, une r\u00e9union de coordination","og_url":"https:\/\/lasentinelle.dz\/index.php\/2023\/03\/11\/rezig-rencontre-des-associations-de-protection-du-consommateur-les-preparatifs-du-ramadhan-au-menu-des-discussions\/","og_site_name":"La Sentinelle","article_publisher":"https:\/\/www.facebook.com\/La-Sentinelle-104059864394773","article_published_time":"2023-03-11T21:05:00+00:00","og_image":[{"width":2008,"height":900,"url":"https:\/\/lasentinelle.dz\/wp-content\/uploads\/2023\/03\/sssss.png","type":"image\/png"}],"author":"La Sentinelle","twitter_card":"summary_large_image","twitter_misc":{"\u00c9crit par":"La Sentinelle","Dur\u00e9e de lecture estim\u00e9e":"2 minutes"},"schema":{"@context":"https:\/\/schema.org","@graph":[{"@type":"Article","@id":"https:\/\/lasentinelle.dz\/index.php\/2023\/03\/11\/rezig-rencontre-des-associations-de-protection-du-consommateur-les-preparatifs-du-ramadhan-au-menu-des-discussions\/#article","isPartOf":{"@id":"https:\/\/lasentinelle.dz\/index.php\/2023\/03\/11\/rezig-rencontre-des-associations-de-protection-du-consommateur-les-preparatifs-du-ramadhan-au-menu-des-discussions\/"},"author":{"name":"La Sentinelle","@id":"https:\/\/lasentinelle.dz\/#\/schema\/person\/d865044e22e70a75174ce8bcad3acfb3"},"headline":"Rezig rencontre des associations de protection du consommateur\u00a0: Les pr\u00e9paratifs du Ramadhan au menu des discussions","datePublished":"2023-03-11T21:05:00+00:00","mainEntityOfPage":{"@id":"https:\/\/lasentinelle.dz\/index.php\/2023\/03\/11\/rezig-rencontre-des-associations-de-protection-du-consommateur-les-preparatifs-du-ramadhan-au-menu-des-discussions\/"},"wordCount":296,"commentCount":0,"publisher":{"@id":"https:\/\/lasentinelle.dz\/#organization"},"image":{"@id":"https:\/\/lasentinelle.dz\/index.php\/2023\/03\/11\/rezig-rencontre-des-associations-de-protection-du-consommateur-les-preparatifs-du-ramadhan-au-menu-des-discussions\/#primaryimage"},"thumbnailUrl":"https:\/\/lasentinelle.dz\/wp-content\/uploads\/2023\/03\/sssss.png","articleSection":["\u00c9conomie"],"inLanguage":"fr-FR","potentialAction":[{"@type":"CommentAction","name":"Comment","target":["https:\/\/lasentinelle.dz\/index.php\/2023\/03\/11\/rezig-rencontre-des-associations-de-protection-du-consommateur-les-preparatifs-du-ramadhan-au-menu-des-discussions\/#respond"]}]},{"@type":"WebPage","@id":"https:\/\/lasentinelle.dz\/index.php\/2023\/03\/11\/rezig-rencontre-des-associations-de-protection-du-consommateur-les-preparatifs-du-ramadhan-au-menu-des-discussions\/","url":"https:\/\/lasentinelle.dz\/index.php\/2023\/03\/11\/rezig-rencontre-des-associations-de-protection-du-consommateur-les-preparatifs-du-ramadhan-au-menu-des-discussions\/","name":"Rezig rencontre des associations de protection du consommateur\u00a0: Les pr\u00e9paratifs du Ramadhan au menu des discussions - La Sentinelle","isPartOf":{"@id":"https:\/\/lasentinelle.dz\/#website"},"primaryImageOfPage":{"@id":"https:\/\/lasentinelle.dz\/index.php\/2023\/03\/11\/rezig-rencontre-des-associations-de-protection-du-consommateur-les-preparatifs-du-ramadhan-au-menu-des-discussions\/#primaryimage"},"image":{"@id":"https:\/\/lasentinelle.dz\/index.php\/2023\/03\/11\/rezig-rencontre-des-associations-de-protection-du-consommateur-les-preparatifs-du-ramadhan-au-menu-des-discussions\/#primaryimage"},"thumbnailUrl":"https:\/\/lasentinelle.dz\/wp-content\/uploads\/2023\/03\/sssss.png","datePublished":"2023-03-11T21:05:00+00:00","breadcrumb":{"@id":"https:\/\/lasentinelle.dz\/index.php\/2023\/03\/11\/rezig-rencontre-des-associations-de-protection-du-consommateur-les-preparatifs-du-ramadhan-au-menu-des-discussions\/#breadcrumb"},"inLanguage":"fr-FR","potentialAction":[{"@type":"ReadAction","target":["https:\/\/lasentinelle.dz\/index.php\/2023\/03\/11\/rezig-rencontre-des-associations-de-protection-du-consommateur-les-preparatifs-du-ramadhan-au-menu-des-discussions\/"]}]},{"@type":"ImageObject","inLanguage":"fr-FR","@id":"https:\/\/lasentinelle.dz\/index.php\/2023\/03\/11\/rezig-rencontre-des-associations-de-protection-du-consommateur-les-preparatifs-du-ramadhan-au-menu-des-discussions\/#primaryimage","url":"https:\/\/lasentinelle.dz\/wp-content\/uploads\/2023\/03\/sssss.png","contentUrl":"https:\/\/lasentinelle.dz\/wp-content\/uploads\/2023\/03\/sssss.png","width":2008,"height":900},{"@type":"BreadcrumbList","@id":"https:\/\/lasentinelle.dz\/index.php\/2023\/03\/11\/rezig-rencontre-des-associations-de-protection-du-consommateur-les-preparatifs-du-ramadhan-au-menu-des-discussions\/#breadcrumb","itemListElement":[{"@type":"ListItem","position":1,"name":"Accueil","item":"https:\/\/lasentinelle.dz\/"},{"@type":"ListItem","position":2,"name":"Rezig rencontre des associations de protection du consommateur\u00a0: Les pr\u00e9paratifs du Ramadhan au menu des discussions"}]},{"@type":"WebSite","@id":"https:\/\/lasentinelle.dz\/#website","url":"https:\/\/lasentinelle.dz\/","name":"La Sentinelle","description":"Quotidien national d&#039;information","publisher":{"@id":"https:\/\/lasentinelle.dz\/#organization"},"potentialAction":[{"@type":"SearchAction","target":{"@type":"EntryPoint","urlTemplate":"https:\/\/lasentinelle.dz\/?s={search_term_string}"},"query-input":{"@type":"PropertyValueSpecification","valueRequired":true,"valueName":"search_term_string"}}],"inLanguage":"fr-FR"},{"@type":"Organization","@id":"https:\/\/lasentinelle.dz\/#organization","name":"Quotidien La Sentinelle","url":"https:\/\/lasentinelle.dz\/","logo":{"@type":"ImageObject","inLanguage":"fr-FR","@id":"https:\/\/lasentinelle.dz\/#\/schema\/logo\/image\/","url":"https:\/\/lasentinelle.dz\/wp-content\/uploads\/2021\/09\/logo-sentinelleSLOGAN-1.png","contentUrl":"https:\/\/lasentinelle.dz\/wp-content\/uploads\/2021\/09\/logo-sentinelleSLOGAN-1.png","width":615,"height":142,"caption":"Quotidien La Sentinelle"},"image":{"@id":"https:\/\/lasentinelle.dz\/#\/schema\/logo\/image\/"},"sameAs":["https:\/\/www.facebook.com\/La-Sentinelle-104059864394773"]},{"@type":"Person","@id":"https:\/\/lasentinelle.dz\/#\/schema\/person\/d865044e22e70a75174ce8bcad3acfb3","name":"La Sentinelle","image":{"@type":"ImageObject","inLanguage":"fr-FR","@id":"https:\/\/secure.gravatar.com\/avatar\/57de8e5d4b15d43fb361a71fbb36338450fe67865b528a43dd10ef7c51a20392?s=96&d=mm&r=g","url":"https:\/\/secure.gravatar.com\/avatar\/57de8e5d4b15d43fb361a71fbb36338450fe67865b528a43dd10ef7c51a20392?s=96&d=mm&r=g","contentUrl":"https:\/\/secure.gravatar.com\/avatar\/57de8e5d4b15d43fb361a71fbb36338450fe67865b528a43dd10ef7c51a20392?s=96&d=mm&r=g","caption":"La Sentinelle"},"sameAs":["http:\/\/www.lasentinelle.dz"],"url":"https:\/\/lasentinelle.dz\/author\/redaction\/"}]}},"_links":{"self":[{"href":"https:\/\/lasentinelle.dz\/index.php\/wp-json\/wp\/v2\/posts\/37653","targetHints":{"allow":["GET"]}}],"collection":[{"href":"https:\/\/lasentinelle.dz\/index.php\/wp-json\/wp\/v2\/posts"}],"about":[{"href":"https:\/\/lasentinelle.dz\/index.php\/wp-json\/wp\/v2\/types\/post"}],"author":[{"embeddable":true,"href":"https:\/\/lasentinelle.dz\/index.php\/wp-json\/wp\/v2\/users\/3"}],"replies":[{"embeddable":true,"href":"https:\/\/lasentinelle.dz\/index.php\/wp-json\/wp\/v2\/comments?post=37653"}],"version-history":[{"count":1,"href":"https:\/\/lasentinelle.dz\/index.php\/wp-json\/wp\/v2\/posts\/37653\/revisions"}],"predecessor-version":[{"id":37657,"href":"https:\/\/lasentinelle.dz\/index.php\/wp-json\/wp\/v2\/posts\/37653\/revisions\/37657"}],"wp:featuredmedia":[{"embeddable":true,"href":"https:\/\/lasentinelle.dz\/index.php\/wp-json\/wp\/v2\/media\/37654"}],"wp:attachment":[{"href":"https:\/\/lasentinelle.dz\/index.php\/wp-json\/wp\/v2\/media?parent=37653"}],"wp:term":[{"taxonomy":"category","embeddable":true,"href":"https:\/\/lasentinelle.dz\/index.php\/wp-json\/wp\/v2\/categories?post=37653"},{"taxonomy":"post_tag","embeddable":true,"href":"https:\/\/lasentinelle.dz\/index.php\/wp-json\/wp\/v2\/tags?post=37653"}],"curies":[{"name":"wp","href":"https:\/\/api.w.org\/{rel}","templated":true}]}}