{"id":37709,"date":"2023-03-12T22:00:00","date_gmt":"2023-03-12T21:00:00","guid":{"rendered":"https:\/\/lasentinelle.dz\/?p=37709"},"modified":"2023-03-12T19:11:37","modified_gmt":"2023-03-12T18:11:37","slug":"can-2023-des-u20-et-de-quatre-pour-le-senegal","status":"publish","type":"post","link":"https:\/\/lasentinelle.dz\/index.php\/2023\/03\/12\/can-2023-des-u20-et-de-quatre-pour-le-senegal\/","title":{"rendered":"CAN-2023 des U20\u00a0: Et de quatre pour le S\u00e9n\u00e9gal"},"content":{"rendered":"\n<p>Le S\u00e9n\u00e9gal a remport\u00e9 la Coupe d\u2019Afrique des Nations 2023 des moins de 20 ans, et c\u2019est la quatri\u00e8me fois que les Lions de la T\u00e9ranga remporte un titre continental en un an. Apr\u00e8s l\u2019\u00e9quipe A lors de la CAN 2021, l\u2019\u00e9quipe de Beach Soccer, l\u2019\u00e9quipe locale au CHAN, c\u2019est au tour de la s\u00e9lection des moins de 20 ans du S\u00e9n\u00e9gal de se hisser sur le toit du continent, gr\u00e2ce \u00e0 sa pr\u00e9cieuse victoire sur son voisin, la Gambie.<\/p>\n\n\n\n<p>D\u2019entr\u00e9e de jeu, le S\u00e9n\u00e9gal impose sa puissance avec toute son armada offensive install\u00e9e dans la surface gambienne. Cela se traduit par l\u2019ouverture du score d\u00e8s la 7e minute, gr\u00e2ce \u00e0 un coup de t\u00eate de l\u2019attaquant Souleymane Faye qui devance le portier adverse, Pape Ebrima Dampha sur un centre de Pape Amadou Diallo. Ce but permet aux Lionceaux de g\u00e9rer la suite avec plus de tranquillit\u00e9. Organis\u00e9 autour de l\u2019imprenable sentinelle Mamadou Lamine Camara, le S\u00e9n\u00e9gal verrouille le chemin menant vers son camp. Les offensives adverses sont annihil\u00e9es d\u00e8s l\u2019entrejeu par le travail de fourmi du trio du milieu (Mamadou Lamine Camara &#8211; Lamine Camara &#8211; Pape Demba Diop) et les replis du trio d\u2019attaque (Samba Diallo &#8211; Pape Amadou Diallo &#8211; Souleymane Faye). Ce dernier manque de peu de r\u00e9ussir un doubl\u00e9 quand le tir surpuissant de Lamine Camara est rel\u00e2ch\u00e9 dans ses pieds par Dampha. Mais le manque de lucidit\u00e9 de Faye sauve la Gambie du but du break. Pour mieux fermer le jeu, le S\u00e9n\u00e9gal n\u2019h\u00e9site pas \u00e0 multiplier les duels, quitte \u00e0 r\u00e9colter deux avertissements (Babacar Ndiaye et Pape Diop) avant la pause.<\/p>\n\n\n\n<p>Au retour des vestiaires, la Gambie op\u00e8re un sursaut d\u2019orgueil en prenant d\u2019assaut le camp s\u00e9n\u00e9galais. Mais les Lionceaux ont d\u00e9j\u00e0 montr\u00e9 dans ce tournoi qu\u2019ils savent faire dos rond et ressurgir quand l\u2019adversaire s\u2019y attend le moins. C\u2019est exactement le sc\u00e9nario qui s\u2019est d\u00e9roul\u00e9 au stade international du Caire. Au plus fort de la domination gambienne, le S\u00e9n\u00e9gal r\u00e9ussit \u00e0 se d\u00e9faire de la pression et obtenir un corner. Tr\u00e8s bien tir\u00e9 par Lamine Camara, le ballon atterrit sur la t\u00eate de Souleymane Faye qui transmet \u00e0 Mamadou Lamine Camara pour un autre coup de t\u00eate cette fois ci direct dans le but, pour le 2-0 (56e).<\/p>\n\n\n\n<p>L\u2019\u00e9cart est creus\u00e9 et \u00e0 partir de ce moment, plus rien ne pouvait plus arriver au S\u00e9n\u00e9gal. Les changements du s\u00e9lectionneur gambien Ablie Bojang n\u2019y feront rien. Par trois fois, le S\u00e9n\u00e9gal manque m\u00eame de tr\u00e8s peu la balle du 3-0.<\/p>\n\n\n\n<p>R.S.<\/p>\n","protected":false},"excerpt":{"rendered":"<p>Le S\u00e9n\u00e9gal a remport\u00e9 la Coupe d\u2019Afrique des Nations 2023 des moins de 20 ans, et c\u2019est la quatri\u00e8me fois<\/p>\n","protected":false},"author":3,"featured_media":37711,"comment_status":"open","ping_status":"closed","sticky":false,"template":"","format":"standard","meta":{"colormag_page_container_layout":"default_layout","colormag_page_sidebar_layout":"default_layout","om_disable_all_campaigns":false,"_monsterinsights_skip_tracking":false,"_monsterinsights_sitenote_active":false,"_monsterinsights_sitenote_note":"","_monsterinsights_sitenote_category":0,"footnotes":"","_wpscppro_dont_share_socialmedia":false,"_wpscppro_custom_social_share_image":0,"_facebook_share_type":"","_twitter_share_type":"","_linkedin_share_type":"","_pinterest_share_type":"","_linkedin_share_type_page":"","_instagram_share_type":"","_medium_share_type":"","_threads_share_type":"","_google_business_share_type":"","_selected_social_profile":[],"_wpsp_enable_custom_social_template":false,"_wpsp_social_scheduling":{"enabled":false,"datetime":null,"platforms":[],"status":"template_only","dateOption":"today","timeOption":"now","customDays":"","customHours":"","customDate":"","customTime":"","schedulingType":"absolute"},"_wpsp_active_default_template":true},"categories":[33],"tags":[],"class_list":["post-37709","post","type-post","status-publish","format-standard","has-post-thumbnail","hentry","category-sports"],"aioseo_notices":[],"yoast_head":"<!-- This site is optimized with the Yoast SEO plugin v27.5 - https:\/\/yoast.com\/product\/yoast-seo-wordpress\/ -->\n<title>CAN-2023 des U20\u00a0: Et de quatre pour le S\u00e9n\u00e9gal - La Sentinelle<\/title>\n<meta name=\"robots\" content=\"index, follow, max-snippet:-1, max-image-preview:large, max-video-preview:-1\" \/>\n<link rel=\"canonical\" href=\"https:\/\/lasentinelle.dz\/index.php\/2023\/03\/12\/can-2023-des-u20-et-de-quatre-pour-le-senegal\/\" \/>\n<meta property=\"og:locale\" content=\"fr_FR\" \/>\n<meta property=\"og:type\" content=\"article\" \/>\n<meta property=\"og:title\" content=\"CAN-2023 des U20\u00a0: Et de quatre pour le S\u00e9n\u00e9gal - La Sentinelle\" \/>\n<meta property=\"og:description\" content=\"Le S\u00e9n\u00e9gal a remport\u00e9 la Coupe d\u2019Afrique des Nations 2023 des moins de 20 ans, et c\u2019est la quatri\u00e8me fois\" \/>\n<meta property=\"og:url\" content=\"https:\/\/lasentinelle.dz\/index.php\/2023\/03\/12\/can-2023-des-u20-et-de-quatre-pour-le-senegal\/\" \/>\n<meta property=\"og:site_name\" content=\"La Sentinelle\" \/>\n<meta property=\"article:publisher\" content=\"https:\/\/www.facebook.com\/La-Sentinelle-104059864394773\" \/>\n<meta property=\"article:published_time\" content=\"2023-03-12T21:00:00+00:00\" \/>\n<meta property=\"og:image\" content=\"https:\/\/lasentinelle.dz\/wp-content\/uploads\/2023\/03\/image_2023-03-12_181048113-1024x656.png\" \/>\n\t<meta property=\"og:image:width\" content=\"1024\" \/>\n\t<meta property=\"og:image:height\" content=\"656\" \/>\n\t<meta property=\"og:image:type\" content=\"image\/png\" \/>\n<meta name=\"author\" content=\"La Sentinelle\" \/>\n<meta name=\"twitter:card\" content=\"summary_large_image\" \/>\n<meta name=\"twitter:label1\" content=\"\u00c9crit par\" \/>\n\t<meta name=\"twitter:data1\" content=\"La Sentinelle\" \/>\n\t<meta name=\"twitter:label2\" content=\"Dur\u00e9e de lecture estim\u00e9e\" \/>\n\t<meta name=\"twitter:data2\" content=\"3 minutes\" \/>\n<script type=\"application\/ld+json\" class=\"yoast-schema-graph\">{\"@context\":\"https:\\\/\\\/schema.org\",\"@graph\":[{\"@type\":\"Article\",\"@id\":\"https:\\\/\\\/lasentinelle.dz\\\/index.php\\\/2023\\\/03\\\/12\\\/can-2023-des-u20-et-de-quatre-pour-le-senegal\\\/#article\",\"isPartOf\":{\"@id\":\"https:\\\/\\\/lasentinelle.dz\\\/index.php\\\/2023\\\/03\\\/12\\\/can-2023-des-u20-et-de-quatre-pour-le-senegal\\\/\"},\"author\":{\"name\":\"La Sentinelle\",\"@id\":\"https:\\\/\\\/lasentinelle.dz\\\/#\\\/schema\\\/person\\\/d865044e22e70a75174ce8bcad3acfb3\"},\"headline\":\"CAN-2023 des U20\u00a0: Et de quatre pour le S\u00e9n\u00e9gal\",\"datePublished\":\"2023-03-12T21:00:00+00:00\",\"mainEntityOfPage\":{\"@id\":\"https:\\\/\\\/lasentinelle.dz\\\/index.php\\\/2023\\\/03\\\/12\\\/can-2023-des-u20-et-de-quatre-pour-le-senegal\\\/\"},\"wordCount\":489,\"commentCount\":0,\"publisher\":{\"@id\":\"https:\\\/\\\/lasentinelle.dz\\\/#organization\"},\"image\":{\"@id\":\"https:\\\/\\\/lasentinelle.dz\\\/index.php\\\/2023\\\/03\\\/12\\\/can-2023-des-u20-et-de-quatre-pour-le-senegal\\\/#primaryimage\"},\"thumbnailUrl\":\"https:\\\/\\\/lasentinelle.dz\\\/wp-content\\\/uploads\\\/2023\\\/03\\\/image_2023-03-12_181048113.png\",\"articleSection\":[\"Sports\"],\"inLanguage\":\"fr-FR\",\"potentialAction\":[{\"@type\":\"CommentAction\",\"name\":\"Comment\",\"target\":[\"https:\\\/\\\/lasentinelle.dz\\\/index.php\\\/2023\\\/03\\\/12\\\/can-2023-des-u20-et-de-quatre-pour-le-senegal\\\/#respond\"]}]},{\"@type\":\"WebPage\",\"@id\":\"https:\\\/\\\/lasentinelle.dz\\\/index.php\\\/2023\\\/03\\\/12\\\/can-2023-des-u20-et-de-quatre-pour-le-senegal\\\/\",\"url\":\"https:\\\/\\\/lasentinelle.dz\\\/index.php\\\/2023\\\/03\\\/12\\\/can-2023-des-u20-et-de-quatre-pour-le-senegal\\\/\",\"name\":\"CAN-2023 des U20\u00a0: Et de quatre pour le S\u00e9n\u00e9gal - La Sentinelle\",\"isPartOf\":{\"@id\":\"https:\\\/\\\/lasentinelle.dz\\\/#website\"},\"primaryImageOfPage\":{\"@id\":\"https:\\\/\\\/lasentinelle.dz\\\/index.php\\\/2023\\\/03\\\/12\\\/can-2023-des-u20-et-de-quatre-pour-le-senegal\\\/#primaryimage\"},\"image\":{\"@id\":\"https:\\\/\\\/lasentinelle.dz\\\/index.php\\\/2023\\\/03\\\/12\\\/can-2023-des-u20-et-de-quatre-pour-le-senegal\\\/#primaryimage\"},\"thumbnailUrl\":\"https:\\\/\\\/lasentinelle.dz\\\/wp-content\\\/uploads\\\/2023\\\/03\\\/image_2023-03-12_181048113.png\",\"datePublished\":\"2023-03-12T21:00:00+00:00\",\"breadcrumb\":{\"@id\":\"https:\\\/\\\/lasentinelle.dz\\\/index.php\\\/2023\\\/03\\\/12\\\/can-2023-des-u20-et-de-quatre-pour-le-senegal\\\/#breadcrumb\"},\"inLanguage\":\"fr-FR\",\"potentialAction\":[{\"@type\":\"ReadAction\",\"target\":[\"https:\\\/\\\/lasentinelle.dz\\\/index.php\\\/2023\\\/03\\\/12\\\/can-2023-des-u20-et-de-quatre-pour-le-senegal\\\/\"]}]},{\"@type\":\"ImageObject\",\"inLanguage\":\"fr-FR\",\"@id\":\"https:\\\/\\\/lasentinelle.dz\\\/index.php\\\/2023\\\/03\\\/12\\\/can-2023-des-u20-et-de-quatre-pour-le-senegal\\\/#primaryimage\",\"url\":\"https:\\\/\\\/lasentinelle.dz\\\/wp-content\\\/uploads\\\/2023\\\/03\\\/image_2023-03-12_181048113.png\",\"contentUrl\":\"https:\\\/\\\/lasentinelle.dz\\\/wp-content\\\/uploads\\\/2023\\\/03\\\/image_2023-03-12_181048113.png\",\"width\":2560,\"height\":1641},{\"@type\":\"BreadcrumbList\",\"@id\":\"https:\\\/\\\/lasentinelle.dz\\\/index.php\\\/2023\\\/03\\\/12\\\/can-2023-des-u20-et-de-quatre-pour-le-senegal\\\/#breadcrumb\",\"itemListElement\":[{\"@type\":\"ListItem\",\"position\":1,\"name\":\"Accueil\",\"item\":\"https:\\\/\\\/lasentinelle.dz\\\/\"},{\"@type\":\"ListItem\",\"position\":2,\"name\":\"CAN-2023 des U20\u00a0: Et de quatre pour le S\u00e9n\u00e9gal\"}]},{\"@type\":\"WebSite\",\"@id\":\"https:\\\/\\\/lasentinelle.dz\\\/#website\",\"url\":\"https:\\\/\\\/lasentinelle.dz\\\/\",\"name\":\"La Sentinelle\",\"description\":\"Quotidien national d&#039;information\",\"publisher\":{\"@id\":\"https:\\\/\\\/lasentinelle.dz\\\/#organization\"},\"potentialAction\":[{\"@type\":\"SearchAction\",\"target\":{\"@type\":\"EntryPoint\",\"urlTemplate\":\"https:\\\/\\\/lasentinelle.dz\\\/?s={search_term_string}\"},\"query-input\":{\"@type\":\"PropertyValueSpecification\",\"valueRequired\":true,\"valueName\":\"search_term_string\"}}],\"inLanguage\":\"fr-FR\"},{\"@type\":\"Organization\",\"@id\":\"https:\\\/\\\/lasentinelle.dz\\\/#organization\",\"name\":\"Quotidien La Sentinelle\",\"url\":\"https:\\\/\\\/lasentinelle.dz\\\/\",\"logo\":{\"@type\":\"ImageObject\",\"inLanguage\":\"fr-FR\",\"@id\":\"https:\\\/\\\/lasentinelle.dz\\\/#\\\/schema\\\/logo\\\/image\\\/\",\"url\":\"https:\\\/\\\/lasentinelle.dz\\\/wp-content\\\/uploads\\\/2021\\\/09\\\/logo-sentinelleSLOGAN-1.png\",\"contentUrl\":\"https:\\\/\\\/lasentinelle.dz\\\/wp-content\\\/uploads\\\/2021\\\/09\\\/logo-sentinelleSLOGAN-1.png\",\"width\":615,\"height\":142,\"caption\":\"Quotidien La Sentinelle\"},\"image\":{\"@id\":\"https:\\\/\\\/lasentinelle.dz\\\/#\\\/schema\\\/logo\\\/image\\\/\"},\"sameAs\":[\"https:\\\/\\\/www.facebook.com\\\/La-Sentinelle-104059864394773\"]},{\"@type\":\"Person\",\"@id\":\"https:\\\/\\\/lasentinelle.dz\\\/#\\\/schema\\\/person\\\/d865044e22e70a75174ce8bcad3acfb3\",\"name\":\"La Sentinelle\",\"image\":{\"@type\":\"ImageObject\",\"inLanguage\":\"fr-FR\",\"@id\":\"https:\\\/\\\/secure.gravatar.com\\\/avatar\\\/57de8e5d4b15d43fb361a71fbb36338450fe67865b528a43dd10ef7c51a20392?s=96&d=mm&r=g\",\"url\":\"https:\\\/\\\/secure.gravatar.com\\\/avatar\\\/57de8e5d4b15d43fb361a71fbb36338450fe67865b528a43dd10ef7c51a20392?s=96&d=mm&r=g\",\"contentUrl\":\"https:\\\/\\\/secure.gravatar.com\\\/avatar\\\/57de8e5d4b15d43fb361a71fbb36338450fe67865b528a43dd10ef7c51a20392?s=96&d=mm&r=g\",\"caption\":\"La Sentinelle\"},\"sameAs\":[\"http:\\\/\\\/www.lasentinelle.dz\"],\"url\":\"https:\\\/\\\/lasentinelle.dz\\\/author\\\/redaction\\\/\"}]}<\/script>\n<!-- \/ Yoast SEO plugin. -->","yoast_head_json":{"title":"CAN-2023 des U20\u00a0: Et de quatre pour le S\u00e9n\u00e9gal - La Sentinelle","robots":{"index":"index","follow":"follow","max-snippet":"max-snippet:-1","max-image-preview":"max-image-preview:large","max-video-preview":"max-video-preview:-1"},"canonical":"https:\/\/lasentinelle.dz\/index.php\/2023\/03\/12\/can-2023-des-u20-et-de-quatre-pour-le-senegal\/","og_locale":"fr_FR","og_type":"article","og_title":"CAN-2023 des U20\u00a0: Et de quatre pour le S\u00e9n\u00e9gal - La Sentinelle","og_description":"Le S\u00e9n\u00e9gal a remport\u00e9 la Coupe d\u2019Afrique des Nations 2023 des moins de 20 ans, et c\u2019est la quatri\u00e8me fois","og_url":"https:\/\/lasentinelle.dz\/index.php\/2023\/03\/12\/can-2023-des-u20-et-de-quatre-pour-le-senegal\/","og_site_name":"La Sentinelle","article_publisher":"https:\/\/www.facebook.com\/La-Sentinelle-104059864394773","article_published_time":"2023-03-12T21:00:00+00:00","og_image":[{"width":1024,"height":656,"url":"https:\/\/lasentinelle.dz\/wp-content\/uploads\/2023\/03\/image_2023-03-12_181048113-1024x656.png","type":"image\/png"}],"author":"La Sentinelle","twitter_card":"summary_large_image","twitter_misc":{"\u00c9crit par":"La Sentinelle","Dur\u00e9e de lecture estim\u00e9e":"3 minutes"},"schema":{"@context":"https:\/\/schema.org","@graph":[{"@type":"Article","@id":"https:\/\/lasentinelle.dz\/index.php\/2023\/03\/12\/can-2023-des-u20-et-de-quatre-pour-le-senegal\/#article","isPartOf":{"@id":"https:\/\/lasentinelle.dz\/index.php\/2023\/03\/12\/can-2023-des-u20-et-de-quatre-pour-le-senegal\/"},"author":{"name":"La Sentinelle","@id":"https:\/\/lasentinelle.dz\/#\/schema\/person\/d865044e22e70a75174ce8bcad3acfb3"},"headline":"CAN-2023 des U20\u00a0: Et de quatre pour le S\u00e9n\u00e9gal","datePublished":"2023-03-12T21:00:00+00:00","mainEntityOfPage":{"@id":"https:\/\/lasentinelle.dz\/index.php\/2023\/03\/12\/can-2023-des-u20-et-de-quatre-pour-le-senegal\/"},"wordCount":489,"commentCount":0,"publisher":{"@id":"https:\/\/lasentinelle.dz\/#organization"},"image":{"@id":"https:\/\/lasentinelle.dz\/index.php\/2023\/03\/12\/can-2023-des-u20-et-de-quatre-pour-le-senegal\/#primaryimage"},"thumbnailUrl":"https:\/\/lasentinelle.dz\/wp-content\/uploads\/2023\/03\/image_2023-03-12_181048113.png","articleSection":["Sports"],"inLanguage":"fr-FR","potentialAction":[{"@type":"CommentAction","name":"Comment","target":["https:\/\/lasentinelle.dz\/index.php\/2023\/03\/12\/can-2023-des-u20-et-de-quatre-pour-le-senegal\/#respond"]}]},{"@type":"WebPage","@id":"https:\/\/lasentinelle.dz\/index.php\/2023\/03\/12\/can-2023-des-u20-et-de-quatre-pour-le-senegal\/","url":"https:\/\/lasentinelle.dz\/index.php\/2023\/03\/12\/can-2023-des-u20-et-de-quatre-pour-le-senegal\/","name":"CAN-2023 des U20\u00a0: Et de quatre pour le S\u00e9n\u00e9gal - La Sentinelle","isPartOf":{"@id":"https:\/\/lasentinelle.dz\/#website"},"primaryImageOfPage":{"@id":"https:\/\/lasentinelle.dz\/index.php\/2023\/03\/12\/can-2023-des-u20-et-de-quatre-pour-le-senegal\/#primaryimage"},"image":{"@id":"https:\/\/lasentinelle.dz\/index.php\/2023\/03\/12\/can-2023-des-u20-et-de-quatre-pour-le-senegal\/#primaryimage"},"thumbnailUrl":"https:\/\/lasentinelle.dz\/wp-content\/uploads\/2023\/03\/image_2023-03-12_181048113.png","datePublished":"2023-03-12T21:00:00+00:00","breadcrumb":{"@id":"https:\/\/lasentinelle.dz\/index.php\/2023\/03\/12\/can-2023-des-u20-et-de-quatre-pour-le-senegal\/#breadcrumb"},"inLanguage":"fr-FR","potentialAction":[{"@type":"ReadAction","target":["https:\/\/lasentinelle.dz\/index.php\/2023\/03\/12\/can-2023-des-u20-et-de-quatre-pour-le-senegal\/"]}]},{"@type":"ImageObject","inLanguage":"fr-FR","@id":"https:\/\/lasentinelle.dz\/index.php\/2023\/03\/12\/can-2023-des-u20-et-de-quatre-pour-le-senegal\/#primaryimage","url":"https:\/\/lasentinelle.dz\/wp-content\/uploads\/2023\/03\/image_2023-03-12_181048113.png","contentUrl":"https:\/\/lasentinelle.dz\/wp-content\/uploads\/2023\/03\/image_2023-03-12_181048113.png","width":2560,"height":1641},{"@type":"BreadcrumbList","@id":"https:\/\/lasentinelle.dz\/index.php\/2023\/03\/12\/can-2023-des-u20-et-de-quatre-pour-le-senegal\/#breadcrumb","itemListElement":[{"@type":"ListItem","position":1,"name":"Accueil","item":"https:\/\/lasentinelle.dz\/"},{"@type":"ListItem","position":2,"name":"CAN-2023 des U20\u00a0: Et de quatre pour le S\u00e9n\u00e9gal"}]},{"@type":"WebSite","@id":"https:\/\/lasentinelle.dz\/#website","url":"https:\/\/lasentinelle.dz\/","name":"La Sentinelle","description":"Quotidien national d&#039;information","publisher":{"@id":"https:\/\/lasentinelle.dz\/#organization"},"potentialAction":[{"@type":"SearchAction","target":{"@type":"EntryPoint","urlTemplate":"https:\/\/lasentinelle.dz\/?s={search_term_string}"},"query-input":{"@type":"PropertyValueSpecification","valueRequired":true,"valueName":"search_term_string"}}],"inLanguage":"fr-FR"},{"@type":"Organization","@id":"https:\/\/lasentinelle.dz\/#organization","name":"Quotidien La Sentinelle","url":"https:\/\/lasentinelle.dz\/","logo":{"@type":"ImageObject","inLanguage":"fr-FR","@id":"https:\/\/lasentinelle.dz\/#\/schema\/logo\/image\/","url":"https:\/\/lasentinelle.dz\/wp-content\/uploads\/2021\/09\/logo-sentinelleSLOGAN-1.png","contentUrl":"https:\/\/lasentinelle.dz\/wp-content\/uploads\/2021\/09\/logo-sentinelleSLOGAN-1.png","width":615,"height":142,"caption":"Quotidien La Sentinelle"},"image":{"@id":"https:\/\/lasentinelle.dz\/#\/schema\/logo\/image\/"},"sameAs":["https:\/\/www.facebook.com\/La-Sentinelle-104059864394773"]},{"@type":"Person","@id":"https:\/\/lasentinelle.dz\/#\/schema\/person\/d865044e22e70a75174ce8bcad3acfb3","name":"La Sentinelle","image":{"@type":"ImageObject","inLanguage":"fr-FR","@id":"https:\/\/secure.gravatar.com\/avatar\/57de8e5d4b15d43fb361a71fbb36338450fe67865b528a43dd10ef7c51a20392?s=96&d=mm&r=g","url":"https:\/\/secure.gravatar.com\/avatar\/57de8e5d4b15d43fb361a71fbb36338450fe67865b528a43dd10ef7c51a20392?s=96&d=mm&r=g","contentUrl":"https:\/\/secure.gravatar.com\/avatar\/57de8e5d4b15d43fb361a71fbb36338450fe67865b528a43dd10ef7c51a20392?s=96&d=mm&r=g","caption":"La Sentinelle"},"sameAs":["http:\/\/www.lasentinelle.dz"],"url":"https:\/\/lasentinelle.dz\/author\/redaction\/"}]}},"_links":{"self":[{"href":"https:\/\/lasentinelle.dz\/index.php\/wp-json\/wp\/v2\/posts\/37709","targetHints":{"allow":["GET"]}}],"collection":[{"href":"https:\/\/lasentinelle.dz\/index.php\/wp-json\/wp\/v2\/posts"}],"about":[{"href":"https:\/\/lasentinelle.dz\/index.php\/wp-json\/wp\/v2\/types\/post"}],"author":[{"embeddable":true,"href":"https:\/\/lasentinelle.dz\/index.php\/wp-json\/wp\/v2\/users\/3"}],"replies":[{"embeddable":true,"href":"https:\/\/lasentinelle.dz\/index.php\/wp-json\/wp\/v2\/comments?post=37709"}],"version-history":[{"count":1,"href":"https:\/\/lasentinelle.dz\/index.php\/wp-json\/wp\/v2\/posts\/37709\/revisions"}],"predecessor-version":[{"id":37712,"href":"https:\/\/lasentinelle.dz\/index.php\/wp-json\/wp\/v2\/posts\/37709\/revisions\/37712"}],"wp:featuredmedia":[{"embeddable":true,"href":"https:\/\/lasentinelle.dz\/index.php\/wp-json\/wp\/v2\/media\/37711"}],"wp:attachment":[{"href":"https:\/\/lasentinelle.dz\/index.php\/wp-json\/wp\/v2\/media?parent=37709"}],"wp:term":[{"taxonomy":"category","embeddable":true,"href":"https:\/\/lasentinelle.dz\/index.php\/wp-json\/wp\/v2\/categories?post=37709"},{"taxonomy":"post_tag","embeddable":true,"href":"https:\/\/lasentinelle.dz\/index.php\/wp-json\/wp\/v2\/tags?post=37709"}],"curies":[{"name":"wp","href":"https:\/\/api.w.org\/{rel}","templated":true}]}}