{"id":37721,"date":"2023-03-12T22:05:00","date_gmt":"2023-03-12T21:05:00","guid":{"rendered":"https:\/\/lasentinelle.dz\/?p=37721"},"modified":"2023-03-12T19:38:19","modified_gmt":"2023-03-12T18:38:19","slug":"autoroute-est-ouest-le-dernier-troncon-sera-acheve-dici-fin-juin-2023","status":"publish","type":"post","link":"https:\/\/lasentinelle.dz\/index.php\/2023\/03\/12\/autoroute-est-ouest-le-dernier-troncon-sera-acheve-dici-fin-juin-2023\/","title":{"rendered":"Autoroute Est-Ouest\u00a0: Le dernier tron\u00e7on sera achev\u00e9 \u00abd&rsquo;ici fin juin 2023\u00bb"},"content":{"rendered":"\n<p>Les travaux de r\u00e9alisation du dernier tron\u00e7on de l&rsquo;autoroute Est-Ouest reliant la wilaya d&rsquo;El-Tarf aux fronti\u00e8res alg\u00e9ro-tunisiennes s\u2019ach\u00e8veront \u00abd&rsquo;ici fin juin 2023\u00bb, a indiqu\u00e9 dimanche le directeur r\u00e9gional de l\u2019Alg\u00e9rienne des autoroutes (ADA), Mohamed Salah Kafi. Affirmant que la r\u00e9alisation de ce tron\u00e7on s\u2019\u00e9tendant sur 32 km affiche un taux d\u2019avancement \u00abtr\u00e8s appr\u00e9ciable\u00bb, le m\u00eame responsable a pr\u00e9cis\u00e9 que le chantier a \u00e9t\u00e9 renforc\u00e9 en moyens humain et mat\u00e9riel pour permettre sa prochaine r\u00e9ception. Il a affirm\u00e9 que la r\u00e9alisation de ce tron\u00e7on est \u00abpresque achev\u00e9e et ne reste que des travaux de finition sur 3 segments de la route\u00bb, rappelant qu\u2019un tron\u00e7on de 52 km du total du dernier tron\u00e7on de l&rsquo;autoroute Est-Ouest qui s\u2019\u00e9tend sur 84 km de la commune de Dr\u00e9an jusqu&rsquo;aux fronti\u00e8res alg\u00e9ro-tunisiennes avait \u00e9t\u00e9 d\u00e9j\u00e0 r\u00e9alis\u00e9. A ce titre, le directeur r\u00e9gional de l\u2019ADA qui a mis l\u2019accent sur l\u2019importance de ce tron\u00e7on dans la rentabilisation de l\u2019autoroute Est-Ouestdans sa partie orientale, a pr\u00e9cis\u00e9 qu\u2019il s\u2019agit l\u00e0 d\u2019un acquis de premi\u00e8re importance, car contribuant \u00e0 la dynamisation de la circulation routi\u00e8re au service de l\u2019\u00e9panouissement national. Il a ajout\u00e9 que le dernier tron\u00e7on du trac\u00e9 de l\u2019autoroute Est-ouest allant de l\u2019\u00e9changeur de Dr\u00e9an jusqu\u2019aux fronti\u00e8res alg\u00e9ro-tunisiennes traverse plusieurs communes, dont Dr\u00e9an, Bebes, Sidi Kaci, Z\u00e9rizer, Ain el Assel, El Tarf et Khenguet Aoun, ce qui va permettre, a-t-il ajout\u00e9, de booster l\u2019activit\u00e9 dans ces r\u00e9gions pour un d\u00e9veloppement local durable.<\/p>\n\n\n\n<p>APS<\/p>\n","protected":false},"excerpt":{"rendered":"<p>Les travaux de r\u00e9alisation du dernier tron\u00e7on de l&rsquo;autoroute Est-Ouest reliant la wilaya d&rsquo;El-Tarf aux fronti\u00e8res alg\u00e9ro-tunisiennes s\u2019ach\u00e8veront \u00abd&rsquo;ici fin<\/p>\n","protected":false},"author":3,"featured_media":37724,"comment_status":"open","ping_status":"closed","sticky":false,"template":"","format":"standard","meta":{"colormag_page_container_layout":"default_layout","colormag_page_sidebar_layout":"default_layout","om_disable_all_campaigns":false,"_monsterinsights_skip_tracking":false,"_monsterinsights_sitenote_active":false,"_monsterinsights_sitenote_note":"","_monsterinsights_sitenote_category":0,"footnotes":"","_wpscppro_dont_share_socialmedia":false,"_wpscppro_custom_social_share_image":0,"_facebook_share_type":"","_twitter_share_type":"","_linkedin_share_type":"","_pinterest_share_type":"","_linkedin_share_type_page":"","_instagram_share_type":"","_medium_share_type":"","_threads_share_type":"","_google_business_share_type":"","_selected_social_profile":[],"_wpsp_enable_custom_social_template":false,"_wpsp_social_scheduling":{"enabled":false,"datetime":null,"platforms":[],"status":"template_only","dateOption":"today","timeOption":"now","customDays":"","customHours":"","customDate":"","customTime":"","schedulingType":"absolute"},"_wpsp_active_default_template":true},"categories":[27],"tags":[],"class_list":["post-37721","post","type-post","status-publish","format-standard","has-post-thumbnail","hentry","category-actualite"],"aioseo_notices":[],"yoast_head":"<!-- This site is optimized with the Yoast SEO plugin v27.5 - https:\/\/yoast.com\/product\/yoast-seo-wordpress\/ -->\n<title>Autoroute Est-Ouest\u00a0: Le dernier tron\u00e7on sera achev\u00e9 \u00abd&rsquo;ici fin juin 2023\u00bb - La Sentinelle<\/title>\n<meta name=\"robots\" content=\"index, follow, max-snippet:-1, max-image-preview:large, max-video-preview:-1\" \/>\n<link rel=\"canonical\" href=\"https:\/\/lasentinelle.dz\/index.php\/2023\/03\/12\/autoroute-est-ouest-le-dernier-troncon-sera-acheve-dici-fin-juin-2023\/\" \/>\n<meta property=\"og:locale\" content=\"fr_FR\" \/>\n<meta property=\"og:type\" content=\"article\" \/>\n<meta property=\"og:title\" content=\"Autoroute Est-Ouest\u00a0: Le dernier tron\u00e7on sera achev\u00e9 \u00abd&rsquo;ici fin juin 2023\u00bb - La Sentinelle\" \/>\n<meta property=\"og:description\" content=\"Les travaux de r\u00e9alisation du dernier tron\u00e7on de l&rsquo;autoroute Est-Ouest reliant la wilaya d&rsquo;El-Tarf aux fronti\u00e8res alg\u00e9ro-tunisiennes s\u2019ach\u00e8veront \u00abd&rsquo;ici fin\" \/>\n<meta property=\"og:url\" content=\"https:\/\/lasentinelle.dz\/index.php\/2023\/03\/12\/autoroute-est-ouest-le-dernier-troncon-sera-acheve-dici-fin-juin-2023\/\" \/>\n<meta property=\"og:site_name\" content=\"La Sentinelle\" \/>\n<meta property=\"article:publisher\" content=\"https:\/\/www.facebook.com\/La-Sentinelle-104059864394773\" \/>\n<meta property=\"article:published_time\" content=\"2023-03-12T21:05:00+00:00\" \/>\n<meta property=\"og:image\" content=\"https:\/\/lasentinelle.dz\/wp-content\/uploads\/2023\/03\/autoroute-est-ouest.png\" \/>\n\t<meta property=\"og:image:width\" content=\"1200\" \/>\n\t<meta property=\"og:image:height\" content=\"900\" \/>\n\t<meta property=\"og:image:type\" content=\"image\/png\" \/>\n<meta name=\"author\" content=\"La Sentinelle\" \/>\n<meta name=\"twitter:card\" content=\"summary_large_image\" \/>\n<meta name=\"twitter:label1\" content=\"\u00c9crit par\" \/>\n\t<meta name=\"twitter:data1\" content=\"La Sentinelle\" \/>\n\t<meta name=\"twitter:label2\" content=\"Dur\u00e9e de lecture estim\u00e9e\" \/>\n\t<meta name=\"twitter:data2\" content=\"2 minutes\" \/>\n<script type=\"application\/ld+json\" class=\"yoast-schema-graph\">{\"@context\":\"https:\\\/\\\/schema.org\",\"@graph\":[{\"@type\":\"Article\",\"@id\":\"https:\\\/\\\/lasentinelle.dz\\\/index.php\\\/2023\\\/03\\\/12\\\/autoroute-est-ouest-le-dernier-troncon-sera-acheve-dici-fin-juin-2023\\\/#article\",\"isPartOf\":{\"@id\":\"https:\\\/\\\/lasentinelle.dz\\\/index.php\\\/2023\\\/03\\\/12\\\/autoroute-est-ouest-le-dernier-troncon-sera-acheve-dici-fin-juin-2023\\\/\"},\"author\":{\"name\":\"La Sentinelle\",\"@id\":\"https:\\\/\\\/lasentinelle.dz\\\/#\\\/schema\\\/person\\\/d865044e22e70a75174ce8bcad3acfb3\"},\"headline\":\"Autoroute Est-Ouest\u00a0: Le dernier tron\u00e7on sera achev\u00e9 \u00abd&rsquo;ici fin juin 2023\u00bb\",\"datePublished\":\"2023-03-12T21:05:00+00:00\",\"mainEntityOfPage\":{\"@id\":\"https:\\\/\\\/lasentinelle.dz\\\/index.php\\\/2023\\\/03\\\/12\\\/autoroute-est-ouest-le-dernier-troncon-sera-acheve-dici-fin-juin-2023\\\/\"},\"wordCount\":304,\"commentCount\":0,\"publisher\":{\"@id\":\"https:\\\/\\\/lasentinelle.dz\\\/#organization\"},\"image\":{\"@id\":\"https:\\\/\\\/lasentinelle.dz\\\/index.php\\\/2023\\\/03\\\/12\\\/autoroute-est-ouest-le-dernier-troncon-sera-acheve-dici-fin-juin-2023\\\/#primaryimage\"},\"thumbnailUrl\":\"https:\\\/\\\/lasentinelle.dz\\\/wp-content\\\/uploads\\\/2023\\\/03\\\/autoroute-est-ouest.png\",\"articleSection\":[\"Actualit\u00e9\"],\"inLanguage\":\"fr-FR\",\"potentialAction\":[{\"@type\":\"CommentAction\",\"name\":\"Comment\",\"target\":[\"https:\\\/\\\/lasentinelle.dz\\\/index.php\\\/2023\\\/03\\\/12\\\/autoroute-est-ouest-le-dernier-troncon-sera-acheve-dici-fin-juin-2023\\\/#respond\"]}]},{\"@type\":\"WebPage\",\"@id\":\"https:\\\/\\\/lasentinelle.dz\\\/index.php\\\/2023\\\/03\\\/12\\\/autoroute-est-ouest-le-dernier-troncon-sera-acheve-dici-fin-juin-2023\\\/\",\"url\":\"https:\\\/\\\/lasentinelle.dz\\\/index.php\\\/2023\\\/03\\\/12\\\/autoroute-est-ouest-le-dernier-troncon-sera-acheve-dici-fin-juin-2023\\\/\",\"name\":\"Autoroute Est-Ouest\u00a0: Le dernier tron\u00e7on sera achev\u00e9 \u00abd&rsquo;ici fin juin 2023\u00bb - La Sentinelle\",\"isPartOf\":{\"@id\":\"https:\\\/\\\/lasentinelle.dz\\\/#website\"},\"primaryImageOfPage\":{\"@id\":\"https:\\\/\\\/lasentinelle.dz\\\/index.php\\\/2023\\\/03\\\/12\\\/autoroute-est-ouest-le-dernier-troncon-sera-acheve-dici-fin-juin-2023\\\/#primaryimage\"},\"image\":{\"@id\":\"https:\\\/\\\/lasentinelle.dz\\\/index.php\\\/2023\\\/03\\\/12\\\/autoroute-est-ouest-le-dernier-troncon-sera-acheve-dici-fin-juin-2023\\\/#primaryimage\"},\"thumbnailUrl\":\"https:\\\/\\\/lasentinelle.dz\\\/wp-content\\\/uploads\\\/2023\\\/03\\\/autoroute-est-ouest.png\",\"datePublished\":\"2023-03-12T21:05:00+00:00\",\"breadcrumb\":{\"@id\":\"https:\\\/\\\/lasentinelle.dz\\\/index.php\\\/2023\\\/03\\\/12\\\/autoroute-est-ouest-le-dernier-troncon-sera-acheve-dici-fin-juin-2023\\\/#breadcrumb\"},\"inLanguage\":\"fr-FR\",\"potentialAction\":[{\"@type\":\"ReadAction\",\"target\":[\"https:\\\/\\\/lasentinelle.dz\\\/index.php\\\/2023\\\/03\\\/12\\\/autoroute-est-ouest-le-dernier-troncon-sera-acheve-dici-fin-juin-2023\\\/\"]}]},{\"@type\":\"ImageObject\",\"inLanguage\":\"fr-FR\",\"@id\":\"https:\\\/\\\/lasentinelle.dz\\\/index.php\\\/2023\\\/03\\\/12\\\/autoroute-est-ouest-le-dernier-troncon-sera-acheve-dici-fin-juin-2023\\\/#primaryimage\",\"url\":\"https:\\\/\\\/lasentinelle.dz\\\/wp-content\\\/uploads\\\/2023\\\/03\\\/autoroute-est-ouest.png\",\"contentUrl\":\"https:\\\/\\\/lasentinelle.dz\\\/wp-content\\\/uploads\\\/2023\\\/03\\\/autoroute-est-ouest.png\",\"width\":1200,\"height\":900},{\"@type\":\"BreadcrumbList\",\"@id\":\"https:\\\/\\\/lasentinelle.dz\\\/index.php\\\/2023\\\/03\\\/12\\\/autoroute-est-ouest-le-dernier-troncon-sera-acheve-dici-fin-juin-2023\\\/#breadcrumb\",\"itemListElement\":[{\"@type\":\"ListItem\",\"position\":1,\"name\":\"Accueil\",\"item\":\"https:\\\/\\\/lasentinelle.dz\\\/\"},{\"@type\":\"ListItem\",\"position\":2,\"name\":\"Autoroute Est-Ouest\u00a0: Le dernier tron\u00e7on sera achev\u00e9 \u00abd&rsquo;ici fin juin 2023\u00bb\"}]},{\"@type\":\"WebSite\",\"@id\":\"https:\\\/\\\/lasentinelle.dz\\\/#website\",\"url\":\"https:\\\/\\\/lasentinelle.dz\\\/\",\"name\":\"La Sentinelle\",\"description\":\"Quotidien national d&#039;information\",\"publisher\":{\"@id\":\"https:\\\/\\\/lasentinelle.dz\\\/#organization\"},\"potentialAction\":[{\"@type\":\"SearchAction\",\"target\":{\"@type\":\"EntryPoint\",\"urlTemplate\":\"https:\\\/\\\/lasentinelle.dz\\\/?s={search_term_string}\"},\"query-input\":{\"@type\":\"PropertyValueSpecification\",\"valueRequired\":true,\"valueName\":\"search_term_string\"}}],\"inLanguage\":\"fr-FR\"},{\"@type\":\"Organization\",\"@id\":\"https:\\\/\\\/lasentinelle.dz\\\/#organization\",\"name\":\"Quotidien La Sentinelle\",\"url\":\"https:\\\/\\\/lasentinelle.dz\\\/\",\"logo\":{\"@type\":\"ImageObject\",\"inLanguage\":\"fr-FR\",\"@id\":\"https:\\\/\\\/lasentinelle.dz\\\/#\\\/schema\\\/logo\\\/image\\\/\",\"url\":\"https:\\\/\\\/lasentinelle.dz\\\/wp-content\\\/uploads\\\/2021\\\/09\\\/logo-sentinelleSLOGAN-1.png\",\"contentUrl\":\"https:\\\/\\\/lasentinelle.dz\\\/wp-content\\\/uploads\\\/2021\\\/09\\\/logo-sentinelleSLOGAN-1.png\",\"width\":615,\"height\":142,\"caption\":\"Quotidien La Sentinelle\"},\"image\":{\"@id\":\"https:\\\/\\\/lasentinelle.dz\\\/#\\\/schema\\\/logo\\\/image\\\/\"},\"sameAs\":[\"https:\\\/\\\/www.facebook.com\\\/La-Sentinelle-104059864394773\"]},{\"@type\":\"Person\",\"@id\":\"https:\\\/\\\/lasentinelle.dz\\\/#\\\/schema\\\/person\\\/d865044e22e70a75174ce8bcad3acfb3\",\"name\":\"La Sentinelle\",\"image\":{\"@type\":\"ImageObject\",\"inLanguage\":\"fr-FR\",\"@id\":\"https:\\\/\\\/secure.gravatar.com\\\/avatar\\\/57de8e5d4b15d43fb361a71fbb36338450fe67865b528a43dd10ef7c51a20392?s=96&d=mm&r=g\",\"url\":\"https:\\\/\\\/secure.gravatar.com\\\/avatar\\\/57de8e5d4b15d43fb361a71fbb36338450fe67865b528a43dd10ef7c51a20392?s=96&d=mm&r=g\",\"contentUrl\":\"https:\\\/\\\/secure.gravatar.com\\\/avatar\\\/57de8e5d4b15d43fb361a71fbb36338450fe67865b528a43dd10ef7c51a20392?s=96&d=mm&r=g\",\"caption\":\"La Sentinelle\"},\"sameAs\":[\"http:\\\/\\\/www.lasentinelle.dz\"],\"url\":\"https:\\\/\\\/lasentinelle.dz\\\/author\\\/redaction\\\/\"}]}<\/script>\n<!-- \/ Yoast SEO plugin. -->","yoast_head_json":{"title":"Autoroute Est-Ouest\u00a0: Le dernier tron\u00e7on sera achev\u00e9 \u00abd&rsquo;ici fin juin 2023\u00bb - La Sentinelle","robots":{"index":"index","follow":"follow","max-snippet":"max-snippet:-1","max-image-preview":"max-image-preview:large","max-video-preview":"max-video-preview:-1"},"canonical":"https:\/\/lasentinelle.dz\/index.php\/2023\/03\/12\/autoroute-est-ouest-le-dernier-troncon-sera-acheve-dici-fin-juin-2023\/","og_locale":"fr_FR","og_type":"article","og_title":"Autoroute Est-Ouest\u00a0: Le dernier tron\u00e7on sera achev\u00e9 \u00abd&rsquo;ici fin juin 2023\u00bb - La Sentinelle","og_description":"Les travaux de r\u00e9alisation du dernier tron\u00e7on de l&rsquo;autoroute Est-Ouest reliant la wilaya d&rsquo;El-Tarf aux fronti\u00e8res alg\u00e9ro-tunisiennes s\u2019ach\u00e8veront \u00abd&rsquo;ici fin","og_url":"https:\/\/lasentinelle.dz\/index.php\/2023\/03\/12\/autoroute-est-ouest-le-dernier-troncon-sera-acheve-dici-fin-juin-2023\/","og_site_name":"La Sentinelle","article_publisher":"https:\/\/www.facebook.com\/La-Sentinelle-104059864394773","article_published_time":"2023-03-12T21:05:00+00:00","og_image":[{"width":1200,"height":900,"url":"https:\/\/lasentinelle.dz\/wp-content\/uploads\/2023\/03\/autoroute-est-ouest.png","type":"image\/png"}],"author":"La Sentinelle","twitter_card":"summary_large_image","twitter_misc":{"\u00c9crit par":"La Sentinelle","Dur\u00e9e de lecture estim\u00e9e":"2 minutes"},"schema":{"@context":"https:\/\/schema.org","@graph":[{"@type":"Article","@id":"https:\/\/lasentinelle.dz\/index.php\/2023\/03\/12\/autoroute-est-ouest-le-dernier-troncon-sera-acheve-dici-fin-juin-2023\/#article","isPartOf":{"@id":"https:\/\/lasentinelle.dz\/index.php\/2023\/03\/12\/autoroute-est-ouest-le-dernier-troncon-sera-acheve-dici-fin-juin-2023\/"},"author":{"name":"La Sentinelle","@id":"https:\/\/lasentinelle.dz\/#\/schema\/person\/d865044e22e70a75174ce8bcad3acfb3"},"headline":"Autoroute Est-Ouest\u00a0: Le dernier tron\u00e7on sera achev\u00e9 \u00abd&rsquo;ici fin juin 2023\u00bb","datePublished":"2023-03-12T21:05:00+00:00","mainEntityOfPage":{"@id":"https:\/\/lasentinelle.dz\/index.php\/2023\/03\/12\/autoroute-est-ouest-le-dernier-troncon-sera-acheve-dici-fin-juin-2023\/"},"wordCount":304,"commentCount":0,"publisher":{"@id":"https:\/\/lasentinelle.dz\/#organization"},"image":{"@id":"https:\/\/lasentinelle.dz\/index.php\/2023\/03\/12\/autoroute-est-ouest-le-dernier-troncon-sera-acheve-dici-fin-juin-2023\/#primaryimage"},"thumbnailUrl":"https:\/\/lasentinelle.dz\/wp-content\/uploads\/2023\/03\/autoroute-est-ouest.png","articleSection":["Actualit\u00e9"],"inLanguage":"fr-FR","potentialAction":[{"@type":"CommentAction","name":"Comment","target":["https:\/\/lasentinelle.dz\/index.php\/2023\/03\/12\/autoroute-est-ouest-le-dernier-troncon-sera-acheve-dici-fin-juin-2023\/#respond"]}]},{"@type":"WebPage","@id":"https:\/\/lasentinelle.dz\/index.php\/2023\/03\/12\/autoroute-est-ouest-le-dernier-troncon-sera-acheve-dici-fin-juin-2023\/","url":"https:\/\/lasentinelle.dz\/index.php\/2023\/03\/12\/autoroute-est-ouest-le-dernier-troncon-sera-acheve-dici-fin-juin-2023\/","name":"Autoroute Est-Ouest\u00a0: Le dernier tron\u00e7on sera achev\u00e9 \u00abd&rsquo;ici fin juin 2023\u00bb - La Sentinelle","isPartOf":{"@id":"https:\/\/lasentinelle.dz\/#website"},"primaryImageOfPage":{"@id":"https:\/\/lasentinelle.dz\/index.php\/2023\/03\/12\/autoroute-est-ouest-le-dernier-troncon-sera-acheve-dici-fin-juin-2023\/#primaryimage"},"image":{"@id":"https:\/\/lasentinelle.dz\/index.php\/2023\/03\/12\/autoroute-est-ouest-le-dernier-troncon-sera-acheve-dici-fin-juin-2023\/#primaryimage"},"thumbnailUrl":"https:\/\/lasentinelle.dz\/wp-content\/uploads\/2023\/03\/autoroute-est-ouest.png","datePublished":"2023-03-12T21:05:00+00:00","breadcrumb":{"@id":"https:\/\/lasentinelle.dz\/index.php\/2023\/03\/12\/autoroute-est-ouest-le-dernier-troncon-sera-acheve-dici-fin-juin-2023\/#breadcrumb"},"inLanguage":"fr-FR","potentialAction":[{"@type":"ReadAction","target":["https:\/\/lasentinelle.dz\/index.php\/2023\/03\/12\/autoroute-est-ouest-le-dernier-troncon-sera-acheve-dici-fin-juin-2023\/"]}]},{"@type":"ImageObject","inLanguage":"fr-FR","@id":"https:\/\/lasentinelle.dz\/index.php\/2023\/03\/12\/autoroute-est-ouest-le-dernier-troncon-sera-acheve-dici-fin-juin-2023\/#primaryimage","url":"https:\/\/lasentinelle.dz\/wp-content\/uploads\/2023\/03\/autoroute-est-ouest.png","contentUrl":"https:\/\/lasentinelle.dz\/wp-content\/uploads\/2023\/03\/autoroute-est-ouest.png","width":1200,"height":900},{"@type":"BreadcrumbList","@id":"https:\/\/lasentinelle.dz\/index.php\/2023\/03\/12\/autoroute-est-ouest-le-dernier-troncon-sera-acheve-dici-fin-juin-2023\/#breadcrumb","itemListElement":[{"@type":"ListItem","position":1,"name":"Accueil","item":"https:\/\/lasentinelle.dz\/"},{"@type":"ListItem","position":2,"name":"Autoroute Est-Ouest\u00a0: Le dernier tron\u00e7on sera achev\u00e9 \u00abd&rsquo;ici fin juin 2023\u00bb"}]},{"@type":"WebSite","@id":"https:\/\/lasentinelle.dz\/#website","url":"https:\/\/lasentinelle.dz\/","name":"La Sentinelle","description":"Quotidien national d&#039;information","publisher":{"@id":"https:\/\/lasentinelle.dz\/#organization"},"potentialAction":[{"@type":"SearchAction","target":{"@type":"EntryPoint","urlTemplate":"https:\/\/lasentinelle.dz\/?s={search_term_string}"},"query-input":{"@type":"PropertyValueSpecification","valueRequired":true,"valueName":"search_term_string"}}],"inLanguage":"fr-FR"},{"@type":"Organization","@id":"https:\/\/lasentinelle.dz\/#organization","name":"Quotidien La Sentinelle","url":"https:\/\/lasentinelle.dz\/","logo":{"@type":"ImageObject","inLanguage":"fr-FR","@id":"https:\/\/lasentinelle.dz\/#\/schema\/logo\/image\/","url":"https:\/\/lasentinelle.dz\/wp-content\/uploads\/2021\/09\/logo-sentinelleSLOGAN-1.png","contentUrl":"https:\/\/lasentinelle.dz\/wp-content\/uploads\/2021\/09\/logo-sentinelleSLOGAN-1.png","width":615,"height":142,"caption":"Quotidien La Sentinelle"},"image":{"@id":"https:\/\/lasentinelle.dz\/#\/schema\/logo\/image\/"},"sameAs":["https:\/\/www.facebook.com\/La-Sentinelle-104059864394773"]},{"@type":"Person","@id":"https:\/\/lasentinelle.dz\/#\/schema\/person\/d865044e22e70a75174ce8bcad3acfb3","name":"La Sentinelle","image":{"@type":"ImageObject","inLanguage":"fr-FR","@id":"https:\/\/secure.gravatar.com\/avatar\/57de8e5d4b15d43fb361a71fbb36338450fe67865b528a43dd10ef7c51a20392?s=96&d=mm&r=g","url":"https:\/\/secure.gravatar.com\/avatar\/57de8e5d4b15d43fb361a71fbb36338450fe67865b528a43dd10ef7c51a20392?s=96&d=mm&r=g","contentUrl":"https:\/\/secure.gravatar.com\/avatar\/57de8e5d4b15d43fb361a71fbb36338450fe67865b528a43dd10ef7c51a20392?s=96&d=mm&r=g","caption":"La Sentinelle"},"sameAs":["http:\/\/www.lasentinelle.dz"],"url":"https:\/\/lasentinelle.dz\/author\/redaction\/"}]}},"_links":{"self":[{"href":"https:\/\/lasentinelle.dz\/index.php\/wp-json\/wp\/v2\/posts\/37721","targetHints":{"allow":["GET"]}}],"collection":[{"href":"https:\/\/lasentinelle.dz\/index.php\/wp-json\/wp\/v2\/posts"}],"about":[{"href":"https:\/\/lasentinelle.dz\/index.php\/wp-json\/wp\/v2\/types\/post"}],"author":[{"embeddable":true,"href":"https:\/\/lasentinelle.dz\/index.php\/wp-json\/wp\/v2\/users\/3"}],"replies":[{"embeddable":true,"href":"https:\/\/lasentinelle.dz\/index.php\/wp-json\/wp\/v2\/comments?post=37721"}],"version-history":[{"count":1,"href":"https:\/\/lasentinelle.dz\/index.php\/wp-json\/wp\/v2\/posts\/37721\/revisions"}],"predecessor-version":[{"id":37725,"href":"https:\/\/lasentinelle.dz\/index.php\/wp-json\/wp\/v2\/posts\/37721\/revisions\/37725"}],"wp:featuredmedia":[{"embeddable":true,"href":"https:\/\/lasentinelle.dz\/index.php\/wp-json\/wp\/v2\/media\/37724"}],"wp:attachment":[{"href":"https:\/\/lasentinelle.dz\/index.php\/wp-json\/wp\/v2\/media?parent=37721"}],"wp:term":[{"taxonomy":"category","embeddable":true,"href":"https:\/\/lasentinelle.dz\/index.php\/wp-json\/wp\/v2\/categories?post=37721"},{"taxonomy":"post_tag","embeddable":true,"href":"https:\/\/lasentinelle.dz\/index.php\/wp-json\/wp\/v2\/tags?post=37721"}],"curies":[{"name":"wp","href":"https:\/\/api.w.org\/{rel}","templated":true}]}}