{"id":37780,"date":"2023-03-13T22:00:00","date_gmt":"2023-03-13T21:00:00","guid":{"rendered":"https:\/\/lasentinelle.dz\/?p=37780"},"modified":"2023-03-13T18:49:42","modified_gmt":"2023-03-13T17:49:42","slug":"tour-dalgerie-cycliste-hamza-yacine-soffre-un-troisieme-succes","status":"publish","type":"post","link":"https:\/\/lasentinelle.dz\/index.php\/2023\/03\/13\/tour-dalgerie-cycliste-hamza-yacine-soffre-un-troisieme-succes\/","title":{"rendered":"Tour d\u2019Alg\u00e9rie cycliste\u00a0: Hamza Yacine s&rsquo;offre un troisi\u00e8me succ\u00e8s"},"content":{"rendered":"\n<p>Le cycliste alg\u00e9rien Hamza Yacine (s\u00e9lection r\u00e9gionale Madar) a sign\u00e9 sa troisi\u00e8me victoire sur le Tour d&rsquo;Alg\u00e9rie 2023 (TAC-2023), en dominant le sprint final de la septi\u00e8me \u00e9tape disput\u00e9e lundi entre Constantine et Skikda, au moment o\u00f9 le Fran\u00e7ais Paul Hannequin a conserv\u00e9 le maillot jaune de leader.<\/p>\n\n\n\n<p>Sur cette plus courte \u00e9tape du TAC-2023 disput\u00e9e sur une distance de 83.6 km, Hamza Yacine a \u00e9t\u00e9 encore une fois le plus rapide au sprint final, franchissant la ligne d\u2019arriv\u00e9e avec un chrono de 1h40:59, devant le Malaisien Saleh Mohd Harrif de \u00ab\u00a0Terranganu Polygon\u00a0\u00bb et le Fran\u00e7ais Paul Hennequin de \u00ab\u00a0Nice M\u00e9tropole C\u00f4te d\u00a0\u00bbAzur\u00a0\u00bb, cr\u00e9dit\u00e9s du m\u00eame temps. Dans cette \u00e9tape conduisant les 79 coureurs du peloton au bord de la M\u00e9diterran\u00e9e, l\u2019\u00e9quipe du maillot jaune \u00ab\u00a0Nice M\u00e9tropole C\u00f4te d\u00a0\u00bbAzur\u00a0\u00bb n\u2019a laiss\u00e9 aucune \u00e9chapp\u00e9e se former, malgr\u00e9 plusieurs tentatives tout au long du parcours, dont celles des coureurs de la s\u00e9lection nationale \u00e9rythr\u00e9enne, qui \u00e9taient d\u00e9termin\u00e9s \u00e0 s\u2019adjuger la victoire d\u2019\u00e9tape. Mais c\u2019\u00e9tait sans compter sur la fougue de Hamza Yacine sur la derni\u00e8re ligne droite, qui a d\u00e9bord\u00e9 ses concurrents sur le c\u00f4t\u00e9 gauche de la chauss\u00e9 pour s\u2019adjuger une troisi\u00e8me victoire d\u2019\u00e9tape sur le Tour et r\u00e9cup\u00e9rer par la m\u00eame occasion le maillot vert du meilleur sprinter. \u00ab\u00a0J\u2019\u00e9tais mal plac\u00e9 au lancement du sprint final, j\u2019ai donc d\u00e9cid\u00e9 de prendre l\u2019ext\u00e9rieur pour d\u00e9passer les concurrents devant moi et j\u2019ai \u00e9t\u00e9 r\u00e9compens\u00e9. Je suis tr\u00e8s heureux de cette victoire et de r\u00e9cup\u00e9rer le maillot vert\u00a0\u00bb, a d\u00e9clar\u00e9 Hamza \u00e0 l\u2019APS, le sourire aux l\u00e8vres. C&rsquo;est la quatri\u00e8me victoire de la s\u00e9lection r\u00e9gionale Madar sur le TAC-2023, apr\u00e8s celles obtenues par Nassim Saidi, la veille \u00e0 Constantine, et Hamza Yacine \u00e0 M&rsquo;sila et Batna. Au terme de cette septi\u00e8me \u00e9tape, le Fran\u00e7ais Paul Hennequin, troisi\u00e8me de l&rsquo;\u00e9tape, conserve son maillot jaune de leader avec deux secondes d\u2019avance sur l\u2019Italien Edoardo Sandri (Q36.5 Continental Cycling Team) et quatre secondes sur l\u2019Erythr\u00e9en Aklilu Ghebrehiwet. Hennequin conserve \u00e9galement le maillot blanc du meilleur espoir (U23), alors que l&rsquo;Erythr\u00e9en Yemane Dawit a gard\u00e9 le maillot \u00e0 pois du meilleur grimpeur. Cette septi\u00e8me \u00e9tape du Tour a \u00e9t\u00e9 marqu\u00e9e par l\u2019abandon de deux nouveaux coureurs, \u00e0 savoir, l\u2019Irakien Mahdi Al Battah et le Tunisien Hatem Ben Amar, apr\u00e8s les forfaits avant le d\u00e9part des Irakiens Tuayen Abdullah et Al Rikabi Ahmed ainsi que le N\u00e9erlandais Luuk Schuurmans, vainqueur de la 5e \u00e9tape. Apr\u00e8s ces forfaits, le total des abandons s&rsquo;\u00e9l\u00e8ve \u00e0 16 coureurs depuis le d\u00e9but du Tour. Mardi, la 8e \u00e9tape du Tour m\u00e8nera le peloton compos\u00e9 d\u00e9sormais de 77 coureurs, de Skikda \u00e0 Jijel sur un parcours de 150 km. Inscrit au calendrier de l&rsquo;Africa Tour de l&rsquo;UCI, le Tour d&rsquo;Alg\u00e9rie cycliste compos\u00e9 de 10 \u00e9tapes, est r\u00e9gi par les r\u00e8glements de la FAC et ceux de l&rsquo;Union Cycliste Internationale. Les pays participant \u00e0 ce rendez-vous sont la France, l&rsquo;Allemagne, l&rsquo;Italie, la Turquie, les Pays-Bas, la Roumanie, l&rsquo;Erythr\u00e9e, l&rsquo;Irak, la Tunisie, la Malaisie, le Sultanat d&rsquo;Oman et l&rsquo;Alg\u00e9rie (pays h\u00f4te).<\/p>\n\n\n\n<p>APS<\/p>\n","protected":false},"excerpt":{"rendered":"<p>Le cycliste alg\u00e9rien Hamza Yacine (s\u00e9lection r\u00e9gionale Madar) a sign\u00e9 sa troisi\u00e8me victoire sur le Tour d&rsquo;Alg\u00e9rie 2023 (TAC-2023), en<\/p>\n","protected":false},"author":3,"featured_media":37781,"comment_status":"open","ping_status":"closed","sticky":false,"template":"","format":"standard","meta":{"colormag_page_container_layout":"default_layout","colormag_page_sidebar_layout":"default_layout","om_disable_all_campaigns":false,"_monsterinsights_skip_tracking":false,"_monsterinsights_sitenote_active":false,"_monsterinsights_sitenote_note":"","_monsterinsights_sitenote_category":0,"footnotes":"","_wpscppro_dont_share_socialmedia":false,"_wpscppro_custom_social_share_image":0,"_facebook_share_type":"","_twitter_share_type":"","_linkedin_share_type":"","_pinterest_share_type":"","_linkedin_share_type_page":"","_instagram_share_type":"","_medium_share_type":"","_threads_share_type":"","_google_business_share_type":"","_selected_social_profile":[],"_wpsp_enable_custom_social_template":false,"_wpsp_social_scheduling":{"enabled":false,"datetime":null,"platforms":[],"status":"template_only","dateOption":"today","timeOption":"now","customDays":"","customHours":"","customDate":"","customTime":"","schedulingType":"absolute"},"_wpsp_active_default_template":true},"categories":[33],"tags":[],"class_list":["post-37780","post","type-post","status-publish","format-standard","has-post-thumbnail","hentry","category-sports"],"aioseo_notices":[],"yoast_head":"<!-- This site is optimized with the Yoast SEO plugin v27.5 - https:\/\/yoast.com\/product\/yoast-seo-wordpress\/ -->\n<title>Tour d\u2019Alg\u00e9rie cycliste\u00a0: Hamza Yacine s&rsquo;offre un troisi\u00e8me succ\u00e8s - La Sentinelle<\/title>\n<meta name=\"robots\" content=\"index, follow, max-snippet:-1, max-image-preview:large, max-video-preview:-1\" \/>\n<link rel=\"canonical\" href=\"https:\/\/lasentinelle.dz\/index.php\/2023\/03\/13\/tour-dalgerie-cycliste-hamza-yacine-soffre-un-troisieme-succes\/\" \/>\n<meta property=\"og:locale\" content=\"fr_FR\" \/>\n<meta property=\"og:type\" content=\"article\" \/>\n<meta property=\"og:title\" content=\"Tour d\u2019Alg\u00e9rie cycliste\u00a0: Hamza Yacine s&rsquo;offre un troisi\u00e8me succ\u00e8s - La Sentinelle\" \/>\n<meta property=\"og:description\" content=\"Le cycliste alg\u00e9rien Hamza Yacine (s\u00e9lection r\u00e9gionale Madar) a sign\u00e9 sa troisi\u00e8me victoire sur le Tour d&rsquo;Alg\u00e9rie 2023 (TAC-2023), en\" \/>\n<meta property=\"og:url\" content=\"https:\/\/lasentinelle.dz\/index.php\/2023\/03\/13\/tour-dalgerie-cycliste-hamza-yacine-soffre-un-troisieme-succes\/\" \/>\n<meta property=\"og:site_name\" content=\"La Sentinelle\" \/>\n<meta property=\"article:publisher\" content=\"https:\/\/www.facebook.com\/La-Sentinelle-104059864394773\" \/>\n<meta property=\"article:published_time\" content=\"2023-03-13T21:00:00+00:00\" \/>\n<meta property=\"og:image\" content=\"https:\/\/lasentinelle.dz\/wp-content\/uploads\/2023\/03\/hamza-1.jpeg\" \/>\n\t<meta property=\"og:image:width\" content=\"780\" \/>\n\t<meta property=\"og:image:height\" content=\"1040\" \/>\n\t<meta property=\"og:image:type\" content=\"image\/jpeg\" \/>\n<meta name=\"author\" content=\"La Sentinelle\" \/>\n<meta name=\"twitter:card\" content=\"summary_large_image\" \/>\n<meta name=\"twitter:label1\" content=\"\u00c9crit par\" \/>\n\t<meta name=\"twitter:data1\" content=\"La Sentinelle\" \/>\n\t<meta name=\"twitter:label2\" content=\"Dur\u00e9e de lecture estim\u00e9e\" \/>\n\t<meta name=\"twitter:data2\" content=\"3 minutes\" \/>\n<script type=\"application\/ld+json\" class=\"yoast-schema-graph\">{\"@context\":\"https:\\\/\\\/schema.org\",\"@graph\":[{\"@type\":\"Article\",\"@id\":\"https:\\\/\\\/lasentinelle.dz\\\/index.php\\\/2023\\\/03\\\/13\\\/tour-dalgerie-cycliste-hamza-yacine-soffre-un-troisieme-succes\\\/#article\",\"isPartOf\":{\"@id\":\"https:\\\/\\\/lasentinelle.dz\\\/index.php\\\/2023\\\/03\\\/13\\\/tour-dalgerie-cycliste-hamza-yacine-soffre-un-troisieme-succes\\\/\"},\"author\":{\"name\":\"La Sentinelle\",\"@id\":\"https:\\\/\\\/lasentinelle.dz\\\/#\\\/schema\\\/person\\\/d865044e22e70a75174ce8bcad3acfb3\"},\"headline\":\"Tour d\u2019Alg\u00e9rie cycliste\u00a0: Hamza Yacine s&rsquo;offre un troisi\u00e8me succ\u00e8s\",\"datePublished\":\"2023-03-13T21:00:00+00:00\",\"mainEntityOfPage\":{\"@id\":\"https:\\\/\\\/lasentinelle.dz\\\/index.php\\\/2023\\\/03\\\/13\\\/tour-dalgerie-cycliste-hamza-yacine-soffre-un-troisieme-succes\\\/\"},\"wordCount\":598,\"commentCount\":0,\"publisher\":{\"@id\":\"https:\\\/\\\/lasentinelle.dz\\\/#organization\"},\"image\":{\"@id\":\"https:\\\/\\\/lasentinelle.dz\\\/index.php\\\/2023\\\/03\\\/13\\\/tour-dalgerie-cycliste-hamza-yacine-soffre-un-troisieme-succes\\\/#primaryimage\"},\"thumbnailUrl\":\"https:\\\/\\\/lasentinelle.dz\\\/wp-content\\\/uploads\\\/2023\\\/03\\\/hamza-1.jpeg\",\"articleSection\":[\"Sports\"],\"inLanguage\":\"fr-FR\",\"potentialAction\":[{\"@type\":\"CommentAction\",\"name\":\"Comment\",\"target\":[\"https:\\\/\\\/lasentinelle.dz\\\/index.php\\\/2023\\\/03\\\/13\\\/tour-dalgerie-cycliste-hamza-yacine-soffre-un-troisieme-succes\\\/#respond\"]}]},{\"@type\":\"WebPage\",\"@id\":\"https:\\\/\\\/lasentinelle.dz\\\/index.php\\\/2023\\\/03\\\/13\\\/tour-dalgerie-cycliste-hamza-yacine-soffre-un-troisieme-succes\\\/\",\"url\":\"https:\\\/\\\/lasentinelle.dz\\\/index.php\\\/2023\\\/03\\\/13\\\/tour-dalgerie-cycliste-hamza-yacine-soffre-un-troisieme-succes\\\/\",\"name\":\"Tour d\u2019Alg\u00e9rie cycliste\u00a0: Hamza Yacine s&rsquo;offre un troisi\u00e8me succ\u00e8s - La Sentinelle\",\"isPartOf\":{\"@id\":\"https:\\\/\\\/lasentinelle.dz\\\/#website\"},\"primaryImageOfPage\":{\"@id\":\"https:\\\/\\\/lasentinelle.dz\\\/index.php\\\/2023\\\/03\\\/13\\\/tour-dalgerie-cycliste-hamza-yacine-soffre-un-troisieme-succes\\\/#primaryimage\"},\"image\":{\"@id\":\"https:\\\/\\\/lasentinelle.dz\\\/index.php\\\/2023\\\/03\\\/13\\\/tour-dalgerie-cycliste-hamza-yacine-soffre-un-troisieme-succes\\\/#primaryimage\"},\"thumbnailUrl\":\"https:\\\/\\\/lasentinelle.dz\\\/wp-content\\\/uploads\\\/2023\\\/03\\\/hamza-1.jpeg\",\"datePublished\":\"2023-03-13T21:00:00+00:00\",\"breadcrumb\":{\"@id\":\"https:\\\/\\\/lasentinelle.dz\\\/index.php\\\/2023\\\/03\\\/13\\\/tour-dalgerie-cycliste-hamza-yacine-soffre-un-troisieme-succes\\\/#breadcrumb\"},\"inLanguage\":\"fr-FR\",\"potentialAction\":[{\"@type\":\"ReadAction\",\"target\":[\"https:\\\/\\\/lasentinelle.dz\\\/index.php\\\/2023\\\/03\\\/13\\\/tour-dalgerie-cycliste-hamza-yacine-soffre-un-troisieme-succes\\\/\"]}]},{\"@type\":\"ImageObject\",\"inLanguage\":\"fr-FR\",\"@id\":\"https:\\\/\\\/lasentinelle.dz\\\/index.php\\\/2023\\\/03\\\/13\\\/tour-dalgerie-cycliste-hamza-yacine-soffre-un-troisieme-succes\\\/#primaryimage\",\"url\":\"https:\\\/\\\/lasentinelle.dz\\\/wp-content\\\/uploads\\\/2023\\\/03\\\/hamza-1.jpeg\",\"contentUrl\":\"https:\\\/\\\/lasentinelle.dz\\\/wp-content\\\/uploads\\\/2023\\\/03\\\/hamza-1.jpeg\",\"width\":780,\"height\":1040},{\"@type\":\"BreadcrumbList\",\"@id\":\"https:\\\/\\\/lasentinelle.dz\\\/index.php\\\/2023\\\/03\\\/13\\\/tour-dalgerie-cycliste-hamza-yacine-soffre-un-troisieme-succes\\\/#breadcrumb\",\"itemListElement\":[{\"@type\":\"ListItem\",\"position\":1,\"name\":\"Accueil\",\"item\":\"https:\\\/\\\/lasentinelle.dz\\\/\"},{\"@type\":\"ListItem\",\"position\":2,\"name\":\"Tour d\u2019Alg\u00e9rie cycliste\u00a0: Hamza Yacine s&rsquo;offre un troisi\u00e8me succ\u00e8s\"}]},{\"@type\":\"WebSite\",\"@id\":\"https:\\\/\\\/lasentinelle.dz\\\/#website\",\"url\":\"https:\\\/\\\/lasentinelle.dz\\\/\",\"name\":\"La Sentinelle\",\"description\":\"Quotidien national d&#039;information\",\"publisher\":{\"@id\":\"https:\\\/\\\/lasentinelle.dz\\\/#organization\"},\"potentialAction\":[{\"@type\":\"SearchAction\",\"target\":{\"@type\":\"EntryPoint\",\"urlTemplate\":\"https:\\\/\\\/lasentinelle.dz\\\/?s={search_term_string}\"},\"query-input\":{\"@type\":\"PropertyValueSpecification\",\"valueRequired\":true,\"valueName\":\"search_term_string\"}}],\"inLanguage\":\"fr-FR\"},{\"@type\":\"Organization\",\"@id\":\"https:\\\/\\\/lasentinelle.dz\\\/#organization\",\"name\":\"Quotidien La Sentinelle\",\"url\":\"https:\\\/\\\/lasentinelle.dz\\\/\",\"logo\":{\"@type\":\"ImageObject\",\"inLanguage\":\"fr-FR\",\"@id\":\"https:\\\/\\\/lasentinelle.dz\\\/#\\\/schema\\\/logo\\\/image\\\/\",\"url\":\"https:\\\/\\\/lasentinelle.dz\\\/wp-content\\\/uploads\\\/2021\\\/09\\\/logo-sentinelleSLOGAN-1.png\",\"contentUrl\":\"https:\\\/\\\/lasentinelle.dz\\\/wp-content\\\/uploads\\\/2021\\\/09\\\/logo-sentinelleSLOGAN-1.png\",\"width\":615,\"height\":142,\"caption\":\"Quotidien La Sentinelle\"},\"image\":{\"@id\":\"https:\\\/\\\/lasentinelle.dz\\\/#\\\/schema\\\/logo\\\/image\\\/\"},\"sameAs\":[\"https:\\\/\\\/www.facebook.com\\\/La-Sentinelle-104059864394773\"]},{\"@type\":\"Person\",\"@id\":\"https:\\\/\\\/lasentinelle.dz\\\/#\\\/schema\\\/person\\\/d865044e22e70a75174ce8bcad3acfb3\",\"name\":\"La Sentinelle\",\"image\":{\"@type\":\"ImageObject\",\"inLanguage\":\"fr-FR\",\"@id\":\"https:\\\/\\\/secure.gravatar.com\\\/avatar\\\/57de8e5d4b15d43fb361a71fbb36338450fe67865b528a43dd10ef7c51a20392?s=96&d=mm&r=g\",\"url\":\"https:\\\/\\\/secure.gravatar.com\\\/avatar\\\/57de8e5d4b15d43fb361a71fbb36338450fe67865b528a43dd10ef7c51a20392?s=96&d=mm&r=g\",\"contentUrl\":\"https:\\\/\\\/secure.gravatar.com\\\/avatar\\\/57de8e5d4b15d43fb361a71fbb36338450fe67865b528a43dd10ef7c51a20392?s=96&d=mm&r=g\",\"caption\":\"La Sentinelle\"},\"sameAs\":[\"http:\\\/\\\/www.lasentinelle.dz\"],\"url\":\"https:\\\/\\\/lasentinelle.dz\\\/author\\\/redaction\\\/\"}]}<\/script>\n<!-- \/ Yoast SEO plugin. -->","yoast_head_json":{"title":"Tour d\u2019Alg\u00e9rie cycliste\u00a0: Hamza Yacine s&rsquo;offre un troisi\u00e8me succ\u00e8s - La Sentinelle","robots":{"index":"index","follow":"follow","max-snippet":"max-snippet:-1","max-image-preview":"max-image-preview:large","max-video-preview":"max-video-preview:-1"},"canonical":"https:\/\/lasentinelle.dz\/index.php\/2023\/03\/13\/tour-dalgerie-cycliste-hamza-yacine-soffre-un-troisieme-succes\/","og_locale":"fr_FR","og_type":"article","og_title":"Tour d\u2019Alg\u00e9rie cycliste\u00a0: Hamza Yacine s&rsquo;offre un troisi\u00e8me succ\u00e8s - La Sentinelle","og_description":"Le cycliste alg\u00e9rien Hamza Yacine (s\u00e9lection r\u00e9gionale Madar) a sign\u00e9 sa troisi\u00e8me victoire sur le Tour d&rsquo;Alg\u00e9rie 2023 (TAC-2023), en","og_url":"https:\/\/lasentinelle.dz\/index.php\/2023\/03\/13\/tour-dalgerie-cycliste-hamza-yacine-soffre-un-troisieme-succes\/","og_site_name":"La Sentinelle","article_publisher":"https:\/\/www.facebook.com\/La-Sentinelle-104059864394773","article_published_time":"2023-03-13T21:00:00+00:00","og_image":[{"width":780,"height":1040,"url":"https:\/\/lasentinelle.dz\/wp-content\/uploads\/2023\/03\/hamza-1.jpeg","type":"image\/jpeg"}],"author":"La Sentinelle","twitter_card":"summary_large_image","twitter_misc":{"\u00c9crit par":"La Sentinelle","Dur\u00e9e de lecture estim\u00e9e":"3 minutes"},"schema":{"@context":"https:\/\/schema.org","@graph":[{"@type":"Article","@id":"https:\/\/lasentinelle.dz\/index.php\/2023\/03\/13\/tour-dalgerie-cycliste-hamza-yacine-soffre-un-troisieme-succes\/#article","isPartOf":{"@id":"https:\/\/lasentinelle.dz\/index.php\/2023\/03\/13\/tour-dalgerie-cycliste-hamza-yacine-soffre-un-troisieme-succes\/"},"author":{"name":"La Sentinelle","@id":"https:\/\/lasentinelle.dz\/#\/schema\/person\/d865044e22e70a75174ce8bcad3acfb3"},"headline":"Tour d\u2019Alg\u00e9rie cycliste\u00a0: Hamza Yacine s&rsquo;offre un troisi\u00e8me succ\u00e8s","datePublished":"2023-03-13T21:00:00+00:00","mainEntityOfPage":{"@id":"https:\/\/lasentinelle.dz\/index.php\/2023\/03\/13\/tour-dalgerie-cycliste-hamza-yacine-soffre-un-troisieme-succes\/"},"wordCount":598,"commentCount":0,"publisher":{"@id":"https:\/\/lasentinelle.dz\/#organization"},"image":{"@id":"https:\/\/lasentinelle.dz\/index.php\/2023\/03\/13\/tour-dalgerie-cycliste-hamza-yacine-soffre-un-troisieme-succes\/#primaryimage"},"thumbnailUrl":"https:\/\/lasentinelle.dz\/wp-content\/uploads\/2023\/03\/hamza-1.jpeg","articleSection":["Sports"],"inLanguage":"fr-FR","potentialAction":[{"@type":"CommentAction","name":"Comment","target":["https:\/\/lasentinelle.dz\/index.php\/2023\/03\/13\/tour-dalgerie-cycliste-hamza-yacine-soffre-un-troisieme-succes\/#respond"]}]},{"@type":"WebPage","@id":"https:\/\/lasentinelle.dz\/index.php\/2023\/03\/13\/tour-dalgerie-cycliste-hamza-yacine-soffre-un-troisieme-succes\/","url":"https:\/\/lasentinelle.dz\/index.php\/2023\/03\/13\/tour-dalgerie-cycliste-hamza-yacine-soffre-un-troisieme-succes\/","name":"Tour d\u2019Alg\u00e9rie cycliste\u00a0: Hamza Yacine s&rsquo;offre un troisi\u00e8me succ\u00e8s - La Sentinelle","isPartOf":{"@id":"https:\/\/lasentinelle.dz\/#website"},"primaryImageOfPage":{"@id":"https:\/\/lasentinelle.dz\/index.php\/2023\/03\/13\/tour-dalgerie-cycliste-hamza-yacine-soffre-un-troisieme-succes\/#primaryimage"},"image":{"@id":"https:\/\/lasentinelle.dz\/index.php\/2023\/03\/13\/tour-dalgerie-cycliste-hamza-yacine-soffre-un-troisieme-succes\/#primaryimage"},"thumbnailUrl":"https:\/\/lasentinelle.dz\/wp-content\/uploads\/2023\/03\/hamza-1.jpeg","datePublished":"2023-03-13T21:00:00+00:00","breadcrumb":{"@id":"https:\/\/lasentinelle.dz\/index.php\/2023\/03\/13\/tour-dalgerie-cycliste-hamza-yacine-soffre-un-troisieme-succes\/#breadcrumb"},"inLanguage":"fr-FR","potentialAction":[{"@type":"ReadAction","target":["https:\/\/lasentinelle.dz\/index.php\/2023\/03\/13\/tour-dalgerie-cycliste-hamza-yacine-soffre-un-troisieme-succes\/"]}]},{"@type":"ImageObject","inLanguage":"fr-FR","@id":"https:\/\/lasentinelle.dz\/index.php\/2023\/03\/13\/tour-dalgerie-cycliste-hamza-yacine-soffre-un-troisieme-succes\/#primaryimage","url":"https:\/\/lasentinelle.dz\/wp-content\/uploads\/2023\/03\/hamza-1.jpeg","contentUrl":"https:\/\/lasentinelle.dz\/wp-content\/uploads\/2023\/03\/hamza-1.jpeg","width":780,"height":1040},{"@type":"BreadcrumbList","@id":"https:\/\/lasentinelle.dz\/index.php\/2023\/03\/13\/tour-dalgerie-cycliste-hamza-yacine-soffre-un-troisieme-succes\/#breadcrumb","itemListElement":[{"@type":"ListItem","position":1,"name":"Accueil","item":"https:\/\/lasentinelle.dz\/"},{"@type":"ListItem","position":2,"name":"Tour d\u2019Alg\u00e9rie cycliste\u00a0: Hamza Yacine s&rsquo;offre un troisi\u00e8me succ\u00e8s"}]},{"@type":"WebSite","@id":"https:\/\/lasentinelle.dz\/#website","url":"https:\/\/lasentinelle.dz\/","name":"La Sentinelle","description":"Quotidien national d&#039;information","publisher":{"@id":"https:\/\/lasentinelle.dz\/#organization"},"potentialAction":[{"@type":"SearchAction","target":{"@type":"EntryPoint","urlTemplate":"https:\/\/lasentinelle.dz\/?s={search_term_string}"},"query-input":{"@type":"PropertyValueSpecification","valueRequired":true,"valueName":"search_term_string"}}],"inLanguage":"fr-FR"},{"@type":"Organization","@id":"https:\/\/lasentinelle.dz\/#organization","name":"Quotidien La Sentinelle","url":"https:\/\/lasentinelle.dz\/","logo":{"@type":"ImageObject","inLanguage":"fr-FR","@id":"https:\/\/lasentinelle.dz\/#\/schema\/logo\/image\/","url":"https:\/\/lasentinelle.dz\/wp-content\/uploads\/2021\/09\/logo-sentinelleSLOGAN-1.png","contentUrl":"https:\/\/lasentinelle.dz\/wp-content\/uploads\/2021\/09\/logo-sentinelleSLOGAN-1.png","width":615,"height":142,"caption":"Quotidien La Sentinelle"},"image":{"@id":"https:\/\/lasentinelle.dz\/#\/schema\/logo\/image\/"},"sameAs":["https:\/\/www.facebook.com\/La-Sentinelle-104059864394773"]},{"@type":"Person","@id":"https:\/\/lasentinelle.dz\/#\/schema\/person\/d865044e22e70a75174ce8bcad3acfb3","name":"La Sentinelle","image":{"@type":"ImageObject","inLanguage":"fr-FR","@id":"https:\/\/secure.gravatar.com\/avatar\/57de8e5d4b15d43fb361a71fbb36338450fe67865b528a43dd10ef7c51a20392?s=96&d=mm&r=g","url":"https:\/\/secure.gravatar.com\/avatar\/57de8e5d4b15d43fb361a71fbb36338450fe67865b528a43dd10ef7c51a20392?s=96&d=mm&r=g","contentUrl":"https:\/\/secure.gravatar.com\/avatar\/57de8e5d4b15d43fb361a71fbb36338450fe67865b528a43dd10ef7c51a20392?s=96&d=mm&r=g","caption":"La Sentinelle"},"sameAs":["http:\/\/www.lasentinelle.dz"],"url":"https:\/\/lasentinelle.dz\/author\/redaction\/"}]}},"_links":{"self":[{"href":"https:\/\/lasentinelle.dz\/index.php\/wp-json\/wp\/v2\/posts\/37780","targetHints":{"allow":["GET"]}}],"collection":[{"href":"https:\/\/lasentinelle.dz\/index.php\/wp-json\/wp\/v2\/posts"}],"about":[{"href":"https:\/\/lasentinelle.dz\/index.php\/wp-json\/wp\/v2\/types\/post"}],"author":[{"embeddable":true,"href":"https:\/\/lasentinelle.dz\/index.php\/wp-json\/wp\/v2\/users\/3"}],"replies":[{"embeddable":true,"href":"https:\/\/lasentinelle.dz\/index.php\/wp-json\/wp\/v2\/comments?post=37780"}],"version-history":[{"count":1,"href":"https:\/\/lasentinelle.dz\/index.php\/wp-json\/wp\/v2\/posts\/37780\/revisions"}],"predecessor-version":[{"id":37782,"href":"https:\/\/lasentinelle.dz\/index.php\/wp-json\/wp\/v2\/posts\/37780\/revisions\/37782"}],"wp:featuredmedia":[{"embeddable":true,"href":"https:\/\/lasentinelle.dz\/index.php\/wp-json\/wp\/v2\/media\/37781"}],"wp:attachment":[{"href":"https:\/\/lasentinelle.dz\/index.php\/wp-json\/wp\/v2\/media?parent=37780"}],"wp:term":[{"taxonomy":"category","embeddable":true,"href":"https:\/\/lasentinelle.dz\/index.php\/wp-json\/wp\/v2\/categories?post=37780"},{"taxonomy":"post_tag","embeddable":true,"href":"https:\/\/lasentinelle.dz\/index.php\/wp-json\/wp\/v2\/tags?post=37780"}],"curies":[{"name":"wp","href":"https:\/\/api.w.org\/{rel}","templated":true}]}}