{"id":37784,"date":"2023-03-13T22:08:00","date_gmt":"2023-03-13T21:08:00","guid":{"rendered":"https:\/\/lasentinelle.dz\/?p=37784"},"modified":"2023-03-13T19:24:31","modified_gmt":"2023-03-13T18:24:31","slug":"prochain-stage-des-verts-le-dossier-des-binationaux-ressurgit","status":"publish","type":"post","link":"https:\/\/lasentinelle.dz\/index.php\/2023\/03\/13\/prochain-stage-des-verts-le-dossier-des-binationaux-ressurgit\/","title":{"rendered":"Prochain stage des Verts\u00a0: Le dossier des binationaux ressurgit"},"content":{"rendered":"\n<p>Le coach national, Djamel Belmadi devrait annoncer dans les tous prochains jours la liste des joueurs convoqu\u00e9s pour le nouveau stage des Verts, en pr\u00e9vision de la double confrontation de l\u2019EN contre son homologue nig\u00e9rienne comptant pour la troisi\u00e8me et quatri\u00e8me journ\u00e9e des \u00e9liminatoires de la CAN-2023 report\u00e9e \u00e0 2024 en C\u00f4te d\u2019Ivoire.<\/p>\n\n\n\n<p>Le stage des Fennecs doit commencer, annoncent plusieurs m\u00e9dias sp\u00e9cialis\u00e9s, d\u00e8s le 20 mars en cours. Et \u00e0 quelques jours du rendez-vous, les sp\u00e9culations fusent quant \u00e0 l\u2019identit\u00e9 des joueurs qui seront convoqu\u00e9s, d\u2019autant plus qu\u2019entre les cadors de l\u2019EN qui se sont compos\u00e9s comme les piliers de l\u2019\u00e9quipe, les joueurs locaux qui se sont particuli\u00e8rement lors du dernier championnat d\u2019Afrique des Nations et les binationaux que Belmadi et la FAF cherchent \u00e0 attirer au sein de l\u2019EN, le coach ne manque d\u2019options. Et c\u2019est d\u2019ailleurs la question des binationaux qui fait couler beaucoup d\u2019encre d\u2019autant plus que le projet du s\u00e9lectionneur national qui porte un nouveau projet pour les Fennecs et ambitionne de rajeunir les effectifs pour r\u00e9pondre aux objectifs qui lui ont \u00e9t\u00e9 fix\u00e9s par la FAF pour la CAN-2023, la CAN-2025 et le Mondial-2026 justifieront les changements profonds. C\u2019est cela m\u00eame qui semble motiver toutes les sp\u00e9culations sur les choix et les possibilit\u00e9s de Belmadi pour recruter au sein des joueurs binationaux qui se sont illustr\u00e9s au sein des jeunes cat\u00e9gories dans les s\u00e9lections europ\u00e9ennes. D\u2019ailleurs, c\u2019est le quotidien sportif fran\u00e7ais L\u2019\u00c9quipe qui semble s\u2019int\u00e9resser particuli\u00e8rement \u00e0 la question et ne cesse de proposer plusieurs pistes depuis quelques jours. Le m\u00e9dia qui annon\u00e7ait dimanche que le joueur du Werder de Br\u00eame Mitchell Weiser qui d\u00e9tient la nationalit\u00e9 allemande et alg\u00e9rienne souhaiterai rejoindre les Fennecs, a \u00e9galement fait une autre grande annonce hier. Selon L\u2019\u00c9quipe, le joueur prometteur de Nice aurait pris la d\u00e9cision de jouer avec les Fennecs. Et d\u2019ajouter que Bouanani dont le mod\u00e8le est Riyad Mahrez aurait \u00e9t\u00e9 convaincu par le discours de Djamel Belmadi, mais aussi ses \u00e9changes avec ses deux futurs partenaires de s\u00e9lection et co\u00e9quipiers en club, Youcef Atal et Hicham Boudaoui. Alors qu&rsquo;il perce cette saison en Ligue 1 avec Nice, Bouanani \u00e9tait consid\u00e9r\u00e9 comme un grand espoir par la FFF, mais c&rsquo;est l&rsquo;Alg\u00e9rie, qu\u2019il aurait choisi. Le m\u00eame m\u00e9dia indique aussi que Belmadi suivrait une autre piste, celle de Kevin Van Den Kerkhof, deuxi\u00e8me meilleur buteur et meilleur passeur de Bastia en Ligue 2. Le joueur de 26 ans aurait ainsi commenc\u00e9 les d\u00e9marches pour acqu\u00e9rir la nationalit\u00e9 alg\u00e9rienne. Selon les propos du joueur relayer par l\u2019\u00e9quipe celui-ci \u00ab doit aller \u00e0 des rendez-vous au consulat pour avoir la double nationalit\u00e9&nbsp;\u00bb. \u00ab&nbsp;Je suis attach\u00e9 \u00e0 mes origines et j&rsquo;en suis fier, confie le joueur. \u00ab&nbsp;C&rsquo;est un petit objectif dans ma t\u00eate. Malheureusement, ce sera trop juste pour le prochain rassemblement, mais je me tiens pr\u00eat pour les prochains. \u00bb, ajoute-il.<\/p>\n\n\n\n<p>Les m\u00e9dias \u00e9voquent \u00e9galement l\u2019arriv\u00e9e du jeune joueur de Toulouse FC Fares Cha\u00efbi aux c\u00f4t\u00e9s de Rayan Ait Nouri et de Houssam Aouar. Le joueur de 20 ans a affich\u00e9 son optimisme vis-\u00e0-vis de l\u2019id\u00e9e de rejoindre le prochain stage de la s\u00e9lection alg\u00e9rienne, sur un live Instagram.&nbsp;<\/p>\n\n\n\n<p>Pour rappel, le milieu de terrain devait rejoindre les Verts en novembre dernier, lors de la date FIFA pr\u00e9c\u00e9dant la Coupe du Monde au Qatar. Sauf que le joueur n&rsquo;a pas \u00e9t\u00e9 lib\u00e9r\u00e9 par le TFC. \u00ab Chaibi aurait pu \u00eatre dans les listes de jeunes de la France mais a choisi l&rsquo;Alg\u00e9rie. Pour autant, on rencontre des difficult\u00e9s pour cette date FIFA, j&rsquo;attends d&rsquo;avoir tous mes joueurs pour rentrer dans les d\u00e9tails \u00bb, avait annonc\u00e9 Belmadi en conf\u00e9rence de presse.<\/p>\n\n\n\n<p>Au-del\u00e0 des binationaux, la piste des joueurs de l\u2019EN A\u2019 qui pourraient \u00eatre promus en s\u00e9lection A est \u00e9galement scrut\u00e9e avec int\u00e9r\u00eat, d\u2019autant plus que cela permettrait de valoriser les joueurs locaux et le championnat national. M\u2019rizegue, Mahious, Belkhiter et Guendouz sont des noms qui sont r\u00e9guli\u00e8rement cit\u00e9s comme des joueurs pouvant offrir des options pour le s\u00e9lectionneur national.<\/p>\n\n\n\n<p><strong>Chokri Hafed<\/strong><\/p>\n","protected":false},"excerpt":{"rendered":"<p>Le coach national, Djamel Belmadi devrait annoncer dans les tous prochains jours la liste des joueurs convoqu\u00e9s pour le nouveau<\/p>\n","protected":false},"author":3,"featured_media":37787,"comment_status":"open","ping_status":"closed","sticky":false,"template":"","format":"standard","meta":{"colormag_page_container_layout":"default_layout","colormag_page_sidebar_layout":"default_layout","om_disable_all_campaigns":false,"_monsterinsights_skip_tracking":false,"_monsterinsights_sitenote_active":false,"_monsterinsights_sitenote_note":"","_monsterinsights_sitenote_category":0,"footnotes":"","_wpscppro_dont_share_socialmedia":false,"_wpscppro_custom_social_share_image":0,"_facebook_share_type":"","_twitter_share_type":"","_linkedin_share_type":"","_pinterest_share_type":"","_linkedin_share_type_page":"","_instagram_share_type":"","_medium_share_type":"","_threads_share_type":"","_google_business_share_type":"","_selected_social_profile":[],"_wpsp_enable_custom_social_template":false,"_wpsp_social_scheduling":{"enabled":false,"datetime":null,"platforms":[],"status":"template_only","dateOption":"today","timeOption":"now","customDays":"","customHours":"","customDate":"","customTime":"","schedulingType":"absolute"},"_wpsp_active_default_template":true},"categories":[52,33],"tags":[],"class_list":["post-37784","post","type-post","status-publish","format-standard","has-post-thumbnail","hentry","category-a-la-une","category-sports"],"aioseo_notices":[],"yoast_head":"<!-- This site is optimized with the Yoast SEO plugin v27.5 - https:\/\/yoast.com\/product\/yoast-seo-wordpress\/ -->\n<title>Prochain stage des Verts\u00a0: Le dossier des binationaux ressurgit - La Sentinelle<\/title>\n<meta name=\"robots\" content=\"index, follow, max-snippet:-1, max-image-preview:large, max-video-preview:-1\" \/>\n<link rel=\"canonical\" href=\"https:\/\/lasentinelle.dz\/index.php\/2023\/03\/13\/prochain-stage-des-verts-le-dossier-des-binationaux-ressurgit\/\" \/>\n<meta property=\"og:locale\" content=\"fr_FR\" \/>\n<meta property=\"og:type\" content=\"article\" \/>\n<meta property=\"og:title\" content=\"Prochain stage des Verts\u00a0: Le dossier des binationaux ressurgit - La Sentinelle\" \/>\n<meta property=\"og:description\" content=\"Le coach national, Djamel Belmadi devrait annoncer dans les tous prochains jours la liste des joueurs convoqu\u00e9s pour le nouveau\" \/>\n<meta property=\"og:url\" content=\"https:\/\/lasentinelle.dz\/index.php\/2023\/03\/13\/prochain-stage-des-verts-le-dossier-des-binationaux-ressurgit\/\" \/>\n<meta property=\"og:site_name\" content=\"La Sentinelle\" \/>\n<meta property=\"article:publisher\" content=\"https:\/\/www.facebook.com\/La-Sentinelle-104059864394773\" \/>\n<meta property=\"article:published_time\" content=\"2023-03-13T21:08:00+00:00\" \/>\n<meta property=\"og:image\" content=\"https:\/\/lasentinelle.dz\/wp-content\/uploads\/2023\/03\/Belmadi.png\" \/>\n\t<meta property=\"og:image:width\" content=\"1688\" \/>\n\t<meta property=\"og:image:height\" content=\"900\" \/>\n\t<meta property=\"og:image:type\" content=\"image\/png\" \/>\n<meta name=\"author\" content=\"La Sentinelle\" \/>\n<meta name=\"twitter:card\" content=\"summary_large_image\" \/>\n<meta name=\"twitter:label1\" content=\"\u00c9crit par\" \/>\n\t<meta name=\"twitter:data1\" content=\"La Sentinelle\" \/>\n\t<meta name=\"twitter:label2\" content=\"Dur\u00e9e de lecture estim\u00e9e\" \/>\n\t<meta name=\"twitter:data2\" content=\"4 minutes\" \/>\n<script type=\"application\/ld+json\" class=\"yoast-schema-graph\">{\"@context\":\"https:\\\/\\\/schema.org\",\"@graph\":[{\"@type\":\"Article\",\"@id\":\"https:\\\/\\\/lasentinelle.dz\\\/index.php\\\/2023\\\/03\\\/13\\\/prochain-stage-des-verts-le-dossier-des-binationaux-ressurgit\\\/#article\",\"isPartOf\":{\"@id\":\"https:\\\/\\\/lasentinelle.dz\\\/index.php\\\/2023\\\/03\\\/13\\\/prochain-stage-des-verts-le-dossier-des-binationaux-ressurgit\\\/\"},\"author\":{\"name\":\"La Sentinelle\",\"@id\":\"https:\\\/\\\/lasentinelle.dz\\\/#\\\/schema\\\/person\\\/d865044e22e70a75174ce8bcad3acfb3\"},\"headline\":\"Prochain stage des Verts\u00a0: Le dossier des binationaux ressurgit\",\"datePublished\":\"2023-03-13T21:08:00+00:00\",\"mainEntityOfPage\":{\"@id\":\"https:\\\/\\\/lasentinelle.dz\\\/index.php\\\/2023\\\/03\\\/13\\\/prochain-stage-des-verts-le-dossier-des-binationaux-ressurgit\\\/\"},\"wordCount\":768,\"commentCount\":0,\"publisher\":{\"@id\":\"https:\\\/\\\/lasentinelle.dz\\\/#organization\"},\"image\":{\"@id\":\"https:\\\/\\\/lasentinelle.dz\\\/index.php\\\/2023\\\/03\\\/13\\\/prochain-stage-des-verts-le-dossier-des-binationaux-ressurgit\\\/#primaryimage\"},\"thumbnailUrl\":\"https:\\\/\\\/lasentinelle.dz\\\/wp-content\\\/uploads\\\/2023\\\/03\\\/Belmadi.png\",\"articleSection\":[\"\u00c0 la Une\",\"Sports\"],\"inLanguage\":\"fr-FR\",\"potentialAction\":[{\"@type\":\"CommentAction\",\"name\":\"Comment\",\"target\":[\"https:\\\/\\\/lasentinelle.dz\\\/index.php\\\/2023\\\/03\\\/13\\\/prochain-stage-des-verts-le-dossier-des-binationaux-ressurgit\\\/#respond\"]}]},{\"@type\":\"WebPage\",\"@id\":\"https:\\\/\\\/lasentinelle.dz\\\/index.php\\\/2023\\\/03\\\/13\\\/prochain-stage-des-verts-le-dossier-des-binationaux-ressurgit\\\/\",\"url\":\"https:\\\/\\\/lasentinelle.dz\\\/index.php\\\/2023\\\/03\\\/13\\\/prochain-stage-des-verts-le-dossier-des-binationaux-ressurgit\\\/\",\"name\":\"Prochain stage des Verts\u00a0: Le dossier des binationaux ressurgit - La Sentinelle\",\"isPartOf\":{\"@id\":\"https:\\\/\\\/lasentinelle.dz\\\/#website\"},\"primaryImageOfPage\":{\"@id\":\"https:\\\/\\\/lasentinelle.dz\\\/index.php\\\/2023\\\/03\\\/13\\\/prochain-stage-des-verts-le-dossier-des-binationaux-ressurgit\\\/#primaryimage\"},\"image\":{\"@id\":\"https:\\\/\\\/lasentinelle.dz\\\/index.php\\\/2023\\\/03\\\/13\\\/prochain-stage-des-verts-le-dossier-des-binationaux-ressurgit\\\/#primaryimage\"},\"thumbnailUrl\":\"https:\\\/\\\/lasentinelle.dz\\\/wp-content\\\/uploads\\\/2023\\\/03\\\/Belmadi.png\",\"datePublished\":\"2023-03-13T21:08:00+00:00\",\"breadcrumb\":{\"@id\":\"https:\\\/\\\/lasentinelle.dz\\\/index.php\\\/2023\\\/03\\\/13\\\/prochain-stage-des-verts-le-dossier-des-binationaux-ressurgit\\\/#breadcrumb\"},\"inLanguage\":\"fr-FR\",\"potentialAction\":[{\"@type\":\"ReadAction\",\"target\":[\"https:\\\/\\\/lasentinelle.dz\\\/index.php\\\/2023\\\/03\\\/13\\\/prochain-stage-des-verts-le-dossier-des-binationaux-ressurgit\\\/\"]}]},{\"@type\":\"ImageObject\",\"inLanguage\":\"fr-FR\",\"@id\":\"https:\\\/\\\/lasentinelle.dz\\\/index.php\\\/2023\\\/03\\\/13\\\/prochain-stage-des-verts-le-dossier-des-binationaux-ressurgit\\\/#primaryimage\",\"url\":\"https:\\\/\\\/lasentinelle.dz\\\/wp-content\\\/uploads\\\/2023\\\/03\\\/Belmadi.png\",\"contentUrl\":\"https:\\\/\\\/lasentinelle.dz\\\/wp-content\\\/uploads\\\/2023\\\/03\\\/Belmadi.png\",\"width\":1688,\"height\":900},{\"@type\":\"BreadcrumbList\",\"@id\":\"https:\\\/\\\/lasentinelle.dz\\\/index.php\\\/2023\\\/03\\\/13\\\/prochain-stage-des-verts-le-dossier-des-binationaux-ressurgit\\\/#breadcrumb\",\"itemListElement\":[{\"@type\":\"ListItem\",\"position\":1,\"name\":\"Accueil\",\"item\":\"https:\\\/\\\/lasentinelle.dz\\\/\"},{\"@type\":\"ListItem\",\"position\":2,\"name\":\"Prochain stage des Verts\u00a0: Le dossier des binationaux ressurgit\"}]},{\"@type\":\"WebSite\",\"@id\":\"https:\\\/\\\/lasentinelle.dz\\\/#website\",\"url\":\"https:\\\/\\\/lasentinelle.dz\\\/\",\"name\":\"La Sentinelle\",\"description\":\"Quotidien national d&#039;information\",\"publisher\":{\"@id\":\"https:\\\/\\\/lasentinelle.dz\\\/#organization\"},\"potentialAction\":[{\"@type\":\"SearchAction\",\"target\":{\"@type\":\"EntryPoint\",\"urlTemplate\":\"https:\\\/\\\/lasentinelle.dz\\\/?s={search_term_string}\"},\"query-input\":{\"@type\":\"PropertyValueSpecification\",\"valueRequired\":true,\"valueName\":\"search_term_string\"}}],\"inLanguage\":\"fr-FR\"},{\"@type\":\"Organization\",\"@id\":\"https:\\\/\\\/lasentinelle.dz\\\/#organization\",\"name\":\"Quotidien La Sentinelle\",\"url\":\"https:\\\/\\\/lasentinelle.dz\\\/\",\"logo\":{\"@type\":\"ImageObject\",\"inLanguage\":\"fr-FR\",\"@id\":\"https:\\\/\\\/lasentinelle.dz\\\/#\\\/schema\\\/logo\\\/image\\\/\",\"url\":\"https:\\\/\\\/lasentinelle.dz\\\/wp-content\\\/uploads\\\/2021\\\/09\\\/logo-sentinelleSLOGAN-1.png\",\"contentUrl\":\"https:\\\/\\\/lasentinelle.dz\\\/wp-content\\\/uploads\\\/2021\\\/09\\\/logo-sentinelleSLOGAN-1.png\",\"width\":615,\"height\":142,\"caption\":\"Quotidien La Sentinelle\"},\"image\":{\"@id\":\"https:\\\/\\\/lasentinelle.dz\\\/#\\\/schema\\\/logo\\\/image\\\/\"},\"sameAs\":[\"https:\\\/\\\/www.facebook.com\\\/La-Sentinelle-104059864394773\"]},{\"@type\":\"Person\",\"@id\":\"https:\\\/\\\/lasentinelle.dz\\\/#\\\/schema\\\/person\\\/d865044e22e70a75174ce8bcad3acfb3\",\"name\":\"La Sentinelle\",\"image\":{\"@type\":\"ImageObject\",\"inLanguage\":\"fr-FR\",\"@id\":\"https:\\\/\\\/secure.gravatar.com\\\/avatar\\\/57de8e5d4b15d43fb361a71fbb36338450fe67865b528a43dd10ef7c51a20392?s=96&d=mm&r=g\",\"url\":\"https:\\\/\\\/secure.gravatar.com\\\/avatar\\\/57de8e5d4b15d43fb361a71fbb36338450fe67865b528a43dd10ef7c51a20392?s=96&d=mm&r=g\",\"contentUrl\":\"https:\\\/\\\/secure.gravatar.com\\\/avatar\\\/57de8e5d4b15d43fb361a71fbb36338450fe67865b528a43dd10ef7c51a20392?s=96&d=mm&r=g\",\"caption\":\"La Sentinelle\"},\"sameAs\":[\"http:\\\/\\\/www.lasentinelle.dz\"],\"url\":\"https:\\\/\\\/lasentinelle.dz\\\/author\\\/redaction\\\/\"}]}<\/script>\n<!-- \/ Yoast SEO plugin. -->","yoast_head_json":{"title":"Prochain stage des Verts\u00a0: Le dossier des binationaux ressurgit - La Sentinelle","robots":{"index":"index","follow":"follow","max-snippet":"max-snippet:-1","max-image-preview":"max-image-preview:large","max-video-preview":"max-video-preview:-1"},"canonical":"https:\/\/lasentinelle.dz\/index.php\/2023\/03\/13\/prochain-stage-des-verts-le-dossier-des-binationaux-ressurgit\/","og_locale":"fr_FR","og_type":"article","og_title":"Prochain stage des Verts\u00a0: Le dossier des binationaux ressurgit - La Sentinelle","og_description":"Le coach national, Djamel Belmadi devrait annoncer dans les tous prochains jours la liste des joueurs convoqu\u00e9s pour le nouveau","og_url":"https:\/\/lasentinelle.dz\/index.php\/2023\/03\/13\/prochain-stage-des-verts-le-dossier-des-binationaux-ressurgit\/","og_site_name":"La Sentinelle","article_publisher":"https:\/\/www.facebook.com\/La-Sentinelle-104059864394773","article_published_time":"2023-03-13T21:08:00+00:00","og_image":[{"width":1688,"height":900,"url":"https:\/\/lasentinelle.dz\/wp-content\/uploads\/2023\/03\/Belmadi.png","type":"image\/png"}],"author":"La Sentinelle","twitter_card":"summary_large_image","twitter_misc":{"\u00c9crit par":"La Sentinelle","Dur\u00e9e de lecture estim\u00e9e":"4 minutes"},"schema":{"@context":"https:\/\/schema.org","@graph":[{"@type":"Article","@id":"https:\/\/lasentinelle.dz\/index.php\/2023\/03\/13\/prochain-stage-des-verts-le-dossier-des-binationaux-ressurgit\/#article","isPartOf":{"@id":"https:\/\/lasentinelle.dz\/index.php\/2023\/03\/13\/prochain-stage-des-verts-le-dossier-des-binationaux-ressurgit\/"},"author":{"name":"La Sentinelle","@id":"https:\/\/lasentinelle.dz\/#\/schema\/person\/d865044e22e70a75174ce8bcad3acfb3"},"headline":"Prochain stage des Verts\u00a0: Le dossier des binationaux ressurgit","datePublished":"2023-03-13T21:08:00+00:00","mainEntityOfPage":{"@id":"https:\/\/lasentinelle.dz\/index.php\/2023\/03\/13\/prochain-stage-des-verts-le-dossier-des-binationaux-ressurgit\/"},"wordCount":768,"commentCount":0,"publisher":{"@id":"https:\/\/lasentinelle.dz\/#organization"},"image":{"@id":"https:\/\/lasentinelle.dz\/index.php\/2023\/03\/13\/prochain-stage-des-verts-le-dossier-des-binationaux-ressurgit\/#primaryimage"},"thumbnailUrl":"https:\/\/lasentinelle.dz\/wp-content\/uploads\/2023\/03\/Belmadi.png","articleSection":["\u00c0 la Une","Sports"],"inLanguage":"fr-FR","potentialAction":[{"@type":"CommentAction","name":"Comment","target":["https:\/\/lasentinelle.dz\/index.php\/2023\/03\/13\/prochain-stage-des-verts-le-dossier-des-binationaux-ressurgit\/#respond"]}]},{"@type":"WebPage","@id":"https:\/\/lasentinelle.dz\/index.php\/2023\/03\/13\/prochain-stage-des-verts-le-dossier-des-binationaux-ressurgit\/","url":"https:\/\/lasentinelle.dz\/index.php\/2023\/03\/13\/prochain-stage-des-verts-le-dossier-des-binationaux-ressurgit\/","name":"Prochain stage des Verts\u00a0: Le dossier des binationaux ressurgit - La Sentinelle","isPartOf":{"@id":"https:\/\/lasentinelle.dz\/#website"},"primaryImageOfPage":{"@id":"https:\/\/lasentinelle.dz\/index.php\/2023\/03\/13\/prochain-stage-des-verts-le-dossier-des-binationaux-ressurgit\/#primaryimage"},"image":{"@id":"https:\/\/lasentinelle.dz\/index.php\/2023\/03\/13\/prochain-stage-des-verts-le-dossier-des-binationaux-ressurgit\/#primaryimage"},"thumbnailUrl":"https:\/\/lasentinelle.dz\/wp-content\/uploads\/2023\/03\/Belmadi.png","datePublished":"2023-03-13T21:08:00+00:00","breadcrumb":{"@id":"https:\/\/lasentinelle.dz\/index.php\/2023\/03\/13\/prochain-stage-des-verts-le-dossier-des-binationaux-ressurgit\/#breadcrumb"},"inLanguage":"fr-FR","potentialAction":[{"@type":"ReadAction","target":["https:\/\/lasentinelle.dz\/index.php\/2023\/03\/13\/prochain-stage-des-verts-le-dossier-des-binationaux-ressurgit\/"]}]},{"@type":"ImageObject","inLanguage":"fr-FR","@id":"https:\/\/lasentinelle.dz\/index.php\/2023\/03\/13\/prochain-stage-des-verts-le-dossier-des-binationaux-ressurgit\/#primaryimage","url":"https:\/\/lasentinelle.dz\/wp-content\/uploads\/2023\/03\/Belmadi.png","contentUrl":"https:\/\/lasentinelle.dz\/wp-content\/uploads\/2023\/03\/Belmadi.png","width":1688,"height":900},{"@type":"BreadcrumbList","@id":"https:\/\/lasentinelle.dz\/index.php\/2023\/03\/13\/prochain-stage-des-verts-le-dossier-des-binationaux-ressurgit\/#breadcrumb","itemListElement":[{"@type":"ListItem","position":1,"name":"Accueil","item":"https:\/\/lasentinelle.dz\/"},{"@type":"ListItem","position":2,"name":"Prochain stage des Verts\u00a0: Le dossier des binationaux ressurgit"}]},{"@type":"WebSite","@id":"https:\/\/lasentinelle.dz\/#website","url":"https:\/\/lasentinelle.dz\/","name":"La Sentinelle","description":"Quotidien national d&#039;information","publisher":{"@id":"https:\/\/lasentinelle.dz\/#organization"},"potentialAction":[{"@type":"SearchAction","target":{"@type":"EntryPoint","urlTemplate":"https:\/\/lasentinelle.dz\/?s={search_term_string}"},"query-input":{"@type":"PropertyValueSpecification","valueRequired":true,"valueName":"search_term_string"}}],"inLanguage":"fr-FR"},{"@type":"Organization","@id":"https:\/\/lasentinelle.dz\/#organization","name":"Quotidien La Sentinelle","url":"https:\/\/lasentinelle.dz\/","logo":{"@type":"ImageObject","inLanguage":"fr-FR","@id":"https:\/\/lasentinelle.dz\/#\/schema\/logo\/image\/","url":"https:\/\/lasentinelle.dz\/wp-content\/uploads\/2021\/09\/logo-sentinelleSLOGAN-1.png","contentUrl":"https:\/\/lasentinelle.dz\/wp-content\/uploads\/2021\/09\/logo-sentinelleSLOGAN-1.png","width":615,"height":142,"caption":"Quotidien La Sentinelle"},"image":{"@id":"https:\/\/lasentinelle.dz\/#\/schema\/logo\/image\/"},"sameAs":["https:\/\/www.facebook.com\/La-Sentinelle-104059864394773"]},{"@type":"Person","@id":"https:\/\/lasentinelle.dz\/#\/schema\/person\/d865044e22e70a75174ce8bcad3acfb3","name":"La Sentinelle","image":{"@type":"ImageObject","inLanguage":"fr-FR","@id":"https:\/\/secure.gravatar.com\/avatar\/57de8e5d4b15d43fb361a71fbb36338450fe67865b528a43dd10ef7c51a20392?s=96&d=mm&r=g","url":"https:\/\/secure.gravatar.com\/avatar\/57de8e5d4b15d43fb361a71fbb36338450fe67865b528a43dd10ef7c51a20392?s=96&d=mm&r=g","contentUrl":"https:\/\/secure.gravatar.com\/avatar\/57de8e5d4b15d43fb361a71fbb36338450fe67865b528a43dd10ef7c51a20392?s=96&d=mm&r=g","caption":"La Sentinelle"},"sameAs":["http:\/\/www.lasentinelle.dz"],"url":"https:\/\/lasentinelle.dz\/author\/redaction\/"}]}},"_links":{"self":[{"href":"https:\/\/lasentinelle.dz\/index.php\/wp-json\/wp\/v2\/posts\/37784","targetHints":{"allow":["GET"]}}],"collection":[{"href":"https:\/\/lasentinelle.dz\/index.php\/wp-json\/wp\/v2\/posts"}],"about":[{"href":"https:\/\/lasentinelle.dz\/index.php\/wp-json\/wp\/v2\/types\/post"}],"author":[{"embeddable":true,"href":"https:\/\/lasentinelle.dz\/index.php\/wp-json\/wp\/v2\/users\/3"}],"replies":[{"embeddable":true,"href":"https:\/\/lasentinelle.dz\/index.php\/wp-json\/wp\/v2\/comments?post=37784"}],"version-history":[{"count":1,"href":"https:\/\/lasentinelle.dz\/index.php\/wp-json\/wp\/v2\/posts\/37784\/revisions"}],"predecessor-version":[{"id":37788,"href":"https:\/\/lasentinelle.dz\/index.php\/wp-json\/wp\/v2\/posts\/37784\/revisions\/37788"}],"wp:featuredmedia":[{"embeddable":true,"href":"https:\/\/lasentinelle.dz\/index.php\/wp-json\/wp\/v2\/media\/37787"}],"wp:attachment":[{"href":"https:\/\/lasentinelle.dz\/index.php\/wp-json\/wp\/v2\/media?parent=37784"}],"wp:term":[{"taxonomy":"category","embeddable":true,"href":"https:\/\/lasentinelle.dz\/index.php\/wp-json\/wp\/v2\/categories?post=37784"},{"taxonomy":"post_tag","embeddable":true,"href":"https:\/\/lasentinelle.dz\/index.php\/wp-json\/wp\/v2\/tags?post=37784"}],"curies":[{"name":"wp","href":"https:\/\/api.w.org\/{rel}","templated":true}]}}