{"id":37800,"date":"2023-03-13T22:08:00","date_gmt":"2023-03-13T21:08:00","guid":{"rendered":"https:\/\/lasentinelle.dz\/?p=37800"},"modified":"2023-03-13T21:54:20","modified_gmt":"2023-03-13T20:54:20","slug":"allocation-de-solidarite-ramadhan-27-millions-de-beneficiaires","status":"publish","type":"post","link":"https:\/\/lasentinelle.dz\/index.php\/2023\/03\/13\/allocation-de-solidarite-ramadhan-27-millions-de-beneficiaires\/","title":{"rendered":"Allocation de solidarit\u00e9 Ramadhan\u00a0: 2,7 millions de b\u00e9n\u00e9ficiaires\u00a0!"},"content":{"rendered":"\n<p>A mesure que le mois de Ramadhan approche, les pr\u00e9paratifs s\u2019acc\u00e9l\u00e8rent. Et la garantie d\u2019un mois de je\u00fbne serein d\u00e9pend principalement de l\u2019action des collectivit\u00e9s locales, que ce soit en mati\u00e8re d\u2019action sociale, de contr\u00f4le et stabilisation des march\u00e9s \u00e0 travers la multiplication des espaces commerciaux de proximit\u00e9. C\u2019est dans ce contexte que le Directeur du budget local au minist\u00e8re de l&rsquo;Int\u00e9rieur, des Collectivit\u00e9s locales et de l\u2019am\u00e9nagement du Territoire, Amara Merzouki, est intervenu hier sur les ondes de la Radio alg\u00e9rienne afin de d\u00e9rouler l\u2019essentiel des actions projet\u00e9s par le d\u00e9partement qu\u2019il repr\u00e9sente. C\u2019est ainsi qu\u2019en mati\u00e8re d\u2019action sociale, le m\u00eame responsable a \u00e9voqu\u00e9 l\u2019allocation de solidarit\u00e9 de 10.000 destin\u00e9e \u00e0 aider les m\u00e9nages vuln\u00e9rables pour le mois de Ramadhan et qui remplac\u00e9 depuis 2020 le fameux couffin de Ramadhan. Il a ainsi expliqu\u00e9 que le minist\u00e8re a finalis\u00e9 la pr\u00e9paration des listes des b\u00e9n\u00e9ficiaires, lanc\u00e9e en octobre dernier, en collaboration avec les communes et les repr\u00e9sentants de la soci\u00e9t\u00e9 civile. Des b\u00e9n\u00e9ficiaires dont le nombre a atteint 2,7 millions de personnes. Il explique dans ce sens que les cat\u00e9gories \u00e9ligibles \u00e0 l\u2019aide concernent les chefs de famille sans revenu, les b\u00e9n\u00e9ficiaires du soutien dans le cadre du programme national de solidarit\u00e9, ainsi que les employ\u00e9s dont le revenu net minimum garanti ne d\u00e9passe pas le SNMG. Et d\u2019ajouter que le d\u00e9partement de l\u2019Int\u00e9rieur a mobilis\u00e9 une enveloppe de 27,7 milliards de dinars pour financer cette aide.<\/p>\n\n\n\n<p>Le Directeur du budget local au minist\u00e8re de l&rsquo;Int\u00e9rieur, des Collectivit\u00e9s locales a \u00e9galement \u00e9voqu\u00e9 les mesures pr\u00e9vues pour stabiliser le march\u00e9 et lutter contre la sp\u00e9culation. Il annonce ainsi l&rsquo;ouverture de 1 284 espaces commerciaux de proximit\u00e9 en pr\u00e9vision du mois de Ramadan dans 700 communes et d\u2019ajouter que des instructions ont \u00e9t\u00e9 donn\u00e9es dans ce sens aux walis pour accompagner les secteurs de l&rsquo;agriculture et du commerce afin de garantir l&rsquo;approvisionnement du march\u00e9 en produits de large consommation.<\/p>\n\n\n\n<p>En ce qui concerne l&rsquo;hygi\u00e8ne publique, M. Merzouki a expliqu\u00e9 que des ordres avaient \u00e9t\u00e9 donn\u00e9s aux walis pour coordonner avec les P\/APC afin d&rsquo;augmenter le nombre de patrouilles d&rsquo;agents d&rsquo;hygi\u00e8ne charg\u00e9es de collecter les d\u00e9chets m\u00e9nagers et de mobiliser davantage de moyens pour mener \u00e0 bien cette op\u00e9ration afin d&rsquo;\u00e9viter l&rsquo;accumulation de d\u00e9chets dans les quartiers. Il a \u00e9galement demand\u00e9 aux walis de r\u00e9server des espaces pour les activit\u00e9s culturelles et de loisirs et de veiller \u00e0 assurer l&rsquo;abondance d&rsquo;eau potable pendant le mois de Ramadan, conform\u00e9ment \u00e0 un plan local de distribution d&rsquo;eau adapt\u00e9 aux capacit\u00e9s et les sp\u00e9cificit\u00e9s de chaque r\u00e9gion, ainsi que de faire appel \u00e0 des camions-citernes en cas de n\u00e9cessit\u00e9. En outre, le minist\u00e8re de l&rsquo;Int\u00e9rieur a d\u00e9cid\u00e9 de fournir et d&rsquo;intensifier l&rsquo;\u00e9clairage public, en particulier dans les zones \u00e0 forte densit\u00e9 de circulation et d&rsquo;activit\u00e9, notamment \u00e0 proximit\u00e9 des lieux de culte, tout en veillant \u00e0 \u00e9laborer un plan de s\u00e9curit\u00e9 pour assurer la s\u00e9curit\u00e9 et la tranquillit\u00e9 des citoyens.<\/p>\n\n\n\n<p>En ce qui concerne la situation financi\u00e8re des communes, notamment celles en situation pr\u00e9caire, le directeur du budget local au minist\u00e8re de l&rsquo;Int\u00e9rieur et des Collectivit\u00e9s locales a r\u00e9v\u00e9l\u00e9 que 900 municipalit\u00e9s \u00e0 travers le pays \u00e9prouvent des difficult\u00e9s financi\u00e8res pour payer les salaires et r\u00e9aliser les programmes de d\u00e9veloppement locaux. Il a \u00e9galement pr\u00e9cis\u00e9 que l&rsquo;\u00c9tat couvre ce d\u00e9ficit en utilisant le Fonds de garantie et de solidarit\u00e9 des collectivit\u00e9s locales, sous tutelle du ministre de l&rsquo;Int\u00e9rieur. Un montant de 360 milliards de dinars est allou\u00e9 pour financer le budget de fonctionnement de ces communes, en plus d&rsquo;une enveloppe de 110 milliards de dinars pour soutenir les programmes de d\u00e9veloppement locaux, pr\u00e9cise-t-il.<\/p>\n\n\n\n<p><strong>Hocine Fadheli<\/strong><\/p>\n","protected":false},"excerpt":{"rendered":"<p>A mesure que le mois de Ramadhan approche, les pr\u00e9paratifs s\u2019acc\u00e9l\u00e8rent. Et la garantie d\u2019un mois de je\u00fbne serein d\u00e9pend<\/p>\n","protected":false},"author":3,"featured_media":37805,"comment_status":"open","ping_status":"closed","sticky":false,"template":"","format":"standard","meta":{"colormag_page_container_layout":"default_layout","colormag_page_sidebar_layout":"default_layout","om_disable_all_campaigns":false,"_monsterinsights_skip_tracking":false,"_monsterinsights_sitenote_active":false,"_monsterinsights_sitenote_note":"","_monsterinsights_sitenote_category":0,"footnotes":"","_wpscppro_dont_share_socialmedia":false,"_wpscppro_custom_social_share_image":0,"_facebook_share_type":"","_twitter_share_type":"","_linkedin_share_type":"","_pinterest_share_type":"","_linkedin_share_type_page":"","_instagram_share_type":"","_medium_share_type":"","_threads_share_type":"","_google_business_share_type":"","_selected_social_profile":[],"_wpsp_enable_custom_social_template":false,"_wpsp_social_scheduling":{"enabled":false,"datetime":null,"platforms":[],"status":"template_only","dateOption":"today","timeOption":"now","customDays":"","customHours":"","customDate":"","customTime":"","schedulingType":"absolute"},"_wpsp_active_default_template":true},"categories":[52,27],"tags":[],"class_list":["post-37800","post","type-post","status-publish","format-standard","has-post-thumbnail","hentry","category-a-la-une","category-actualite"],"aioseo_notices":[],"yoast_head":"<!-- This site is optimized with the Yoast SEO plugin v27.5 - https:\/\/yoast.com\/product\/yoast-seo-wordpress\/ -->\n<title>Allocation de solidarit\u00e9 Ramadhan\u00a0: 2,7 millions de b\u00e9n\u00e9ficiaires\u00a0! - La Sentinelle<\/title>\n<meta name=\"robots\" content=\"index, follow, max-snippet:-1, max-image-preview:large, max-video-preview:-1\" \/>\n<link rel=\"canonical\" href=\"https:\/\/lasentinelle.dz\/index.php\/2023\/03\/13\/allocation-de-solidarite-ramadhan-27-millions-de-beneficiaires\/\" \/>\n<meta property=\"og:locale\" content=\"fr_FR\" \/>\n<meta property=\"og:type\" content=\"article\" \/>\n<meta property=\"og:title\" content=\"Allocation de solidarit\u00e9 Ramadhan\u00a0: 2,7 millions de b\u00e9n\u00e9ficiaires\u00a0! - La Sentinelle\" \/>\n<meta property=\"og:description\" content=\"A mesure que le mois de Ramadhan approche, les pr\u00e9paratifs s\u2019acc\u00e9l\u00e8rent. Et la garantie d\u2019un mois de je\u00fbne serein d\u00e9pend\" \/>\n<meta property=\"og:url\" content=\"https:\/\/lasentinelle.dz\/index.php\/2023\/03\/13\/allocation-de-solidarite-ramadhan-27-millions-de-beneficiaires\/\" \/>\n<meta property=\"og:site_name\" content=\"La Sentinelle\" \/>\n<meta property=\"article:publisher\" content=\"https:\/\/www.facebook.com\/La-Sentinelle-104059864394773\" \/>\n<meta property=\"article:published_time\" content=\"2023-03-13T21:08:00+00:00\" \/>\n<meta property=\"og:image\" content=\"https:\/\/lasentinelle.dz\/wp-content\/uploads\/2023\/03\/Sans-titre-1-6.png\" \/>\n\t<meta property=\"og:image:width\" content=\"1600\" \/>\n\t<meta property=\"og:image:height\" content=\"900\" \/>\n\t<meta property=\"og:image:type\" content=\"image\/png\" \/>\n<meta name=\"author\" content=\"La Sentinelle\" \/>\n<meta name=\"twitter:card\" content=\"summary_large_image\" \/>\n<meta name=\"twitter:label1\" content=\"\u00c9crit par\" \/>\n\t<meta name=\"twitter:data1\" content=\"La Sentinelle\" \/>\n\t<meta name=\"twitter:label2\" content=\"Dur\u00e9e de lecture estim\u00e9e\" \/>\n\t<meta name=\"twitter:data2\" content=\"4 minutes\" \/>\n<script type=\"application\/ld+json\" class=\"yoast-schema-graph\">{\"@context\":\"https:\\\/\\\/schema.org\",\"@graph\":[{\"@type\":\"Article\",\"@id\":\"https:\\\/\\\/lasentinelle.dz\\\/index.php\\\/2023\\\/03\\\/13\\\/allocation-de-solidarite-ramadhan-27-millions-de-beneficiaires\\\/#article\",\"isPartOf\":{\"@id\":\"https:\\\/\\\/lasentinelle.dz\\\/index.php\\\/2023\\\/03\\\/13\\\/allocation-de-solidarite-ramadhan-27-millions-de-beneficiaires\\\/\"},\"author\":{\"name\":\"La Sentinelle\",\"@id\":\"https:\\\/\\\/lasentinelle.dz\\\/#\\\/schema\\\/person\\\/d865044e22e70a75174ce8bcad3acfb3\"},\"headline\":\"Allocation de solidarit\u00e9 Ramadhan\u00a0: 2,7 millions de b\u00e9n\u00e9ficiaires\u00a0!\",\"datePublished\":\"2023-03-13T21:08:00+00:00\",\"mainEntityOfPage\":{\"@id\":\"https:\\\/\\\/lasentinelle.dz\\\/index.php\\\/2023\\\/03\\\/13\\\/allocation-de-solidarite-ramadhan-27-millions-de-beneficiaires\\\/\"},\"wordCount\":712,\"commentCount\":0,\"publisher\":{\"@id\":\"https:\\\/\\\/lasentinelle.dz\\\/#organization\"},\"image\":{\"@id\":\"https:\\\/\\\/lasentinelle.dz\\\/index.php\\\/2023\\\/03\\\/13\\\/allocation-de-solidarite-ramadhan-27-millions-de-beneficiaires\\\/#primaryimage\"},\"thumbnailUrl\":\"https:\\\/\\\/lasentinelle.dz\\\/wp-content\\\/uploads\\\/2023\\\/03\\\/Sans-titre-1-6.png\",\"articleSection\":[\"\u00c0 la Une\",\"Actualit\u00e9\"],\"inLanguage\":\"fr-FR\",\"potentialAction\":[{\"@type\":\"CommentAction\",\"name\":\"Comment\",\"target\":[\"https:\\\/\\\/lasentinelle.dz\\\/index.php\\\/2023\\\/03\\\/13\\\/allocation-de-solidarite-ramadhan-27-millions-de-beneficiaires\\\/#respond\"]}]},{\"@type\":\"WebPage\",\"@id\":\"https:\\\/\\\/lasentinelle.dz\\\/index.php\\\/2023\\\/03\\\/13\\\/allocation-de-solidarite-ramadhan-27-millions-de-beneficiaires\\\/\",\"url\":\"https:\\\/\\\/lasentinelle.dz\\\/index.php\\\/2023\\\/03\\\/13\\\/allocation-de-solidarite-ramadhan-27-millions-de-beneficiaires\\\/\",\"name\":\"Allocation de solidarit\u00e9 Ramadhan\u00a0: 2,7 millions de b\u00e9n\u00e9ficiaires\u00a0! - La Sentinelle\",\"isPartOf\":{\"@id\":\"https:\\\/\\\/lasentinelle.dz\\\/#website\"},\"primaryImageOfPage\":{\"@id\":\"https:\\\/\\\/lasentinelle.dz\\\/index.php\\\/2023\\\/03\\\/13\\\/allocation-de-solidarite-ramadhan-27-millions-de-beneficiaires\\\/#primaryimage\"},\"image\":{\"@id\":\"https:\\\/\\\/lasentinelle.dz\\\/index.php\\\/2023\\\/03\\\/13\\\/allocation-de-solidarite-ramadhan-27-millions-de-beneficiaires\\\/#primaryimage\"},\"thumbnailUrl\":\"https:\\\/\\\/lasentinelle.dz\\\/wp-content\\\/uploads\\\/2023\\\/03\\\/Sans-titre-1-6.png\",\"datePublished\":\"2023-03-13T21:08:00+00:00\",\"breadcrumb\":{\"@id\":\"https:\\\/\\\/lasentinelle.dz\\\/index.php\\\/2023\\\/03\\\/13\\\/allocation-de-solidarite-ramadhan-27-millions-de-beneficiaires\\\/#breadcrumb\"},\"inLanguage\":\"fr-FR\",\"potentialAction\":[{\"@type\":\"ReadAction\",\"target\":[\"https:\\\/\\\/lasentinelle.dz\\\/index.php\\\/2023\\\/03\\\/13\\\/allocation-de-solidarite-ramadhan-27-millions-de-beneficiaires\\\/\"]}]},{\"@type\":\"ImageObject\",\"inLanguage\":\"fr-FR\",\"@id\":\"https:\\\/\\\/lasentinelle.dz\\\/index.php\\\/2023\\\/03\\\/13\\\/allocation-de-solidarite-ramadhan-27-millions-de-beneficiaires\\\/#primaryimage\",\"url\":\"https:\\\/\\\/lasentinelle.dz\\\/wp-content\\\/uploads\\\/2023\\\/03\\\/Sans-titre-1-6.png\",\"contentUrl\":\"https:\\\/\\\/lasentinelle.dz\\\/wp-content\\\/uploads\\\/2023\\\/03\\\/Sans-titre-1-6.png\",\"width\":1600,\"height\":900},{\"@type\":\"BreadcrumbList\",\"@id\":\"https:\\\/\\\/lasentinelle.dz\\\/index.php\\\/2023\\\/03\\\/13\\\/allocation-de-solidarite-ramadhan-27-millions-de-beneficiaires\\\/#breadcrumb\",\"itemListElement\":[{\"@type\":\"ListItem\",\"position\":1,\"name\":\"Accueil\",\"item\":\"https:\\\/\\\/lasentinelle.dz\\\/\"},{\"@type\":\"ListItem\",\"position\":2,\"name\":\"Allocation de solidarit\u00e9 Ramadhan\u00a0: 2,7 millions de b\u00e9n\u00e9ficiaires\u00a0!\"}]},{\"@type\":\"WebSite\",\"@id\":\"https:\\\/\\\/lasentinelle.dz\\\/#website\",\"url\":\"https:\\\/\\\/lasentinelle.dz\\\/\",\"name\":\"La Sentinelle\",\"description\":\"Quotidien national d&#039;information\",\"publisher\":{\"@id\":\"https:\\\/\\\/lasentinelle.dz\\\/#organization\"},\"potentialAction\":[{\"@type\":\"SearchAction\",\"target\":{\"@type\":\"EntryPoint\",\"urlTemplate\":\"https:\\\/\\\/lasentinelle.dz\\\/?s={search_term_string}\"},\"query-input\":{\"@type\":\"PropertyValueSpecification\",\"valueRequired\":true,\"valueName\":\"search_term_string\"}}],\"inLanguage\":\"fr-FR\"},{\"@type\":\"Organization\",\"@id\":\"https:\\\/\\\/lasentinelle.dz\\\/#organization\",\"name\":\"Quotidien La Sentinelle\",\"url\":\"https:\\\/\\\/lasentinelle.dz\\\/\",\"logo\":{\"@type\":\"ImageObject\",\"inLanguage\":\"fr-FR\",\"@id\":\"https:\\\/\\\/lasentinelle.dz\\\/#\\\/schema\\\/logo\\\/image\\\/\",\"url\":\"https:\\\/\\\/lasentinelle.dz\\\/wp-content\\\/uploads\\\/2021\\\/09\\\/logo-sentinelleSLOGAN-1.png\",\"contentUrl\":\"https:\\\/\\\/lasentinelle.dz\\\/wp-content\\\/uploads\\\/2021\\\/09\\\/logo-sentinelleSLOGAN-1.png\",\"width\":615,\"height\":142,\"caption\":\"Quotidien La Sentinelle\"},\"image\":{\"@id\":\"https:\\\/\\\/lasentinelle.dz\\\/#\\\/schema\\\/logo\\\/image\\\/\"},\"sameAs\":[\"https:\\\/\\\/www.facebook.com\\\/La-Sentinelle-104059864394773\"]},{\"@type\":\"Person\",\"@id\":\"https:\\\/\\\/lasentinelle.dz\\\/#\\\/schema\\\/person\\\/d865044e22e70a75174ce8bcad3acfb3\",\"name\":\"La Sentinelle\",\"image\":{\"@type\":\"ImageObject\",\"inLanguage\":\"fr-FR\",\"@id\":\"https:\\\/\\\/secure.gravatar.com\\\/avatar\\\/57de8e5d4b15d43fb361a71fbb36338450fe67865b528a43dd10ef7c51a20392?s=96&d=mm&r=g\",\"url\":\"https:\\\/\\\/secure.gravatar.com\\\/avatar\\\/57de8e5d4b15d43fb361a71fbb36338450fe67865b528a43dd10ef7c51a20392?s=96&d=mm&r=g\",\"contentUrl\":\"https:\\\/\\\/secure.gravatar.com\\\/avatar\\\/57de8e5d4b15d43fb361a71fbb36338450fe67865b528a43dd10ef7c51a20392?s=96&d=mm&r=g\",\"caption\":\"La Sentinelle\"},\"sameAs\":[\"http:\\\/\\\/www.lasentinelle.dz\"],\"url\":\"https:\\\/\\\/lasentinelle.dz\\\/author\\\/redaction\\\/\"}]}<\/script>\n<!-- \/ Yoast SEO plugin. -->","yoast_head_json":{"title":"Allocation de solidarit\u00e9 Ramadhan\u00a0: 2,7 millions de b\u00e9n\u00e9ficiaires\u00a0! - La Sentinelle","robots":{"index":"index","follow":"follow","max-snippet":"max-snippet:-1","max-image-preview":"max-image-preview:large","max-video-preview":"max-video-preview:-1"},"canonical":"https:\/\/lasentinelle.dz\/index.php\/2023\/03\/13\/allocation-de-solidarite-ramadhan-27-millions-de-beneficiaires\/","og_locale":"fr_FR","og_type":"article","og_title":"Allocation de solidarit\u00e9 Ramadhan\u00a0: 2,7 millions de b\u00e9n\u00e9ficiaires\u00a0! - La Sentinelle","og_description":"A mesure que le mois de Ramadhan approche, les pr\u00e9paratifs s\u2019acc\u00e9l\u00e8rent. Et la garantie d\u2019un mois de je\u00fbne serein d\u00e9pend","og_url":"https:\/\/lasentinelle.dz\/index.php\/2023\/03\/13\/allocation-de-solidarite-ramadhan-27-millions-de-beneficiaires\/","og_site_name":"La Sentinelle","article_publisher":"https:\/\/www.facebook.com\/La-Sentinelle-104059864394773","article_published_time":"2023-03-13T21:08:00+00:00","og_image":[{"width":1600,"height":900,"url":"https:\/\/lasentinelle.dz\/wp-content\/uploads\/2023\/03\/Sans-titre-1-6.png","type":"image\/png"}],"author":"La Sentinelle","twitter_card":"summary_large_image","twitter_misc":{"\u00c9crit par":"La Sentinelle","Dur\u00e9e de lecture estim\u00e9e":"4 minutes"},"schema":{"@context":"https:\/\/schema.org","@graph":[{"@type":"Article","@id":"https:\/\/lasentinelle.dz\/index.php\/2023\/03\/13\/allocation-de-solidarite-ramadhan-27-millions-de-beneficiaires\/#article","isPartOf":{"@id":"https:\/\/lasentinelle.dz\/index.php\/2023\/03\/13\/allocation-de-solidarite-ramadhan-27-millions-de-beneficiaires\/"},"author":{"name":"La Sentinelle","@id":"https:\/\/lasentinelle.dz\/#\/schema\/person\/d865044e22e70a75174ce8bcad3acfb3"},"headline":"Allocation de solidarit\u00e9 Ramadhan\u00a0: 2,7 millions de b\u00e9n\u00e9ficiaires\u00a0!","datePublished":"2023-03-13T21:08:00+00:00","mainEntityOfPage":{"@id":"https:\/\/lasentinelle.dz\/index.php\/2023\/03\/13\/allocation-de-solidarite-ramadhan-27-millions-de-beneficiaires\/"},"wordCount":712,"commentCount":0,"publisher":{"@id":"https:\/\/lasentinelle.dz\/#organization"},"image":{"@id":"https:\/\/lasentinelle.dz\/index.php\/2023\/03\/13\/allocation-de-solidarite-ramadhan-27-millions-de-beneficiaires\/#primaryimage"},"thumbnailUrl":"https:\/\/lasentinelle.dz\/wp-content\/uploads\/2023\/03\/Sans-titre-1-6.png","articleSection":["\u00c0 la Une","Actualit\u00e9"],"inLanguage":"fr-FR","potentialAction":[{"@type":"CommentAction","name":"Comment","target":["https:\/\/lasentinelle.dz\/index.php\/2023\/03\/13\/allocation-de-solidarite-ramadhan-27-millions-de-beneficiaires\/#respond"]}]},{"@type":"WebPage","@id":"https:\/\/lasentinelle.dz\/index.php\/2023\/03\/13\/allocation-de-solidarite-ramadhan-27-millions-de-beneficiaires\/","url":"https:\/\/lasentinelle.dz\/index.php\/2023\/03\/13\/allocation-de-solidarite-ramadhan-27-millions-de-beneficiaires\/","name":"Allocation de solidarit\u00e9 Ramadhan\u00a0: 2,7 millions de b\u00e9n\u00e9ficiaires\u00a0! - La Sentinelle","isPartOf":{"@id":"https:\/\/lasentinelle.dz\/#website"},"primaryImageOfPage":{"@id":"https:\/\/lasentinelle.dz\/index.php\/2023\/03\/13\/allocation-de-solidarite-ramadhan-27-millions-de-beneficiaires\/#primaryimage"},"image":{"@id":"https:\/\/lasentinelle.dz\/index.php\/2023\/03\/13\/allocation-de-solidarite-ramadhan-27-millions-de-beneficiaires\/#primaryimage"},"thumbnailUrl":"https:\/\/lasentinelle.dz\/wp-content\/uploads\/2023\/03\/Sans-titre-1-6.png","datePublished":"2023-03-13T21:08:00+00:00","breadcrumb":{"@id":"https:\/\/lasentinelle.dz\/index.php\/2023\/03\/13\/allocation-de-solidarite-ramadhan-27-millions-de-beneficiaires\/#breadcrumb"},"inLanguage":"fr-FR","potentialAction":[{"@type":"ReadAction","target":["https:\/\/lasentinelle.dz\/index.php\/2023\/03\/13\/allocation-de-solidarite-ramadhan-27-millions-de-beneficiaires\/"]}]},{"@type":"ImageObject","inLanguage":"fr-FR","@id":"https:\/\/lasentinelle.dz\/index.php\/2023\/03\/13\/allocation-de-solidarite-ramadhan-27-millions-de-beneficiaires\/#primaryimage","url":"https:\/\/lasentinelle.dz\/wp-content\/uploads\/2023\/03\/Sans-titre-1-6.png","contentUrl":"https:\/\/lasentinelle.dz\/wp-content\/uploads\/2023\/03\/Sans-titre-1-6.png","width":1600,"height":900},{"@type":"BreadcrumbList","@id":"https:\/\/lasentinelle.dz\/index.php\/2023\/03\/13\/allocation-de-solidarite-ramadhan-27-millions-de-beneficiaires\/#breadcrumb","itemListElement":[{"@type":"ListItem","position":1,"name":"Accueil","item":"https:\/\/lasentinelle.dz\/"},{"@type":"ListItem","position":2,"name":"Allocation de solidarit\u00e9 Ramadhan\u00a0: 2,7 millions de b\u00e9n\u00e9ficiaires\u00a0!"}]},{"@type":"WebSite","@id":"https:\/\/lasentinelle.dz\/#website","url":"https:\/\/lasentinelle.dz\/","name":"La Sentinelle","description":"Quotidien national d&#039;information","publisher":{"@id":"https:\/\/lasentinelle.dz\/#organization"},"potentialAction":[{"@type":"SearchAction","target":{"@type":"EntryPoint","urlTemplate":"https:\/\/lasentinelle.dz\/?s={search_term_string}"},"query-input":{"@type":"PropertyValueSpecification","valueRequired":true,"valueName":"search_term_string"}}],"inLanguage":"fr-FR"},{"@type":"Organization","@id":"https:\/\/lasentinelle.dz\/#organization","name":"Quotidien La Sentinelle","url":"https:\/\/lasentinelle.dz\/","logo":{"@type":"ImageObject","inLanguage":"fr-FR","@id":"https:\/\/lasentinelle.dz\/#\/schema\/logo\/image\/","url":"https:\/\/lasentinelle.dz\/wp-content\/uploads\/2021\/09\/logo-sentinelleSLOGAN-1.png","contentUrl":"https:\/\/lasentinelle.dz\/wp-content\/uploads\/2021\/09\/logo-sentinelleSLOGAN-1.png","width":615,"height":142,"caption":"Quotidien La Sentinelle"},"image":{"@id":"https:\/\/lasentinelle.dz\/#\/schema\/logo\/image\/"},"sameAs":["https:\/\/www.facebook.com\/La-Sentinelle-104059864394773"]},{"@type":"Person","@id":"https:\/\/lasentinelle.dz\/#\/schema\/person\/d865044e22e70a75174ce8bcad3acfb3","name":"La Sentinelle","image":{"@type":"ImageObject","inLanguage":"fr-FR","@id":"https:\/\/secure.gravatar.com\/avatar\/57de8e5d4b15d43fb361a71fbb36338450fe67865b528a43dd10ef7c51a20392?s=96&d=mm&r=g","url":"https:\/\/secure.gravatar.com\/avatar\/57de8e5d4b15d43fb361a71fbb36338450fe67865b528a43dd10ef7c51a20392?s=96&d=mm&r=g","contentUrl":"https:\/\/secure.gravatar.com\/avatar\/57de8e5d4b15d43fb361a71fbb36338450fe67865b528a43dd10ef7c51a20392?s=96&d=mm&r=g","caption":"La Sentinelle"},"sameAs":["http:\/\/www.lasentinelle.dz"],"url":"https:\/\/lasentinelle.dz\/author\/redaction\/"}]}},"_links":{"self":[{"href":"https:\/\/lasentinelle.dz\/index.php\/wp-json\/wp\/v2\/posts\/37800","targetHints":{"allow":["GET"]}}],"collection":[{"href":"https:\/\/lasentinelle.dz\/index.php\/wp-json\/wp\/v2\/posts"}],"about":[{"href":"https:\/\/lasentinelle.dz\/index.php\/wp-json\/wp\/v2\/types\/post"}],"author":[{"embeddable":true,"href":"https:\/\/lasentinelle.dz\/index.php\/wp-json\/wp\/v2\/users\/3"}],"replies":[{"embeddable":true,"href":"https:\/\/lasentinelle.dz\/index.php\/wp-json\/wp\/v2\/comments?post=37800"}],"version-history":[{"count":2,"href":"https:\/\/lasentinelle.dz\/index.php\/wp-json\/wp\/v2\/posts\/37800\/revisions"}],"predecessor-version":[{"id":37816,"href":"https:\/\/lasentinelle.dz\/index.php\/wp-json\/wp\/v2\/posts\/37800\/revisions\/37816"}],"wp:featuredmedia":[{"embeddable":true,"href":"https:\/\/lasentinelle.dz\/index.php\/wp-json\/wp\/v2\/media\/37805"}],"wp:attachment":[{"href":"https:\/\/lasentinelle.dz\/index.php\/wp-json\/wp\/v2\/media?parent=37800"}],"wp:term":[{"taxonomy":"category","embeddable":true,"href":"https:\/\/lasentinelle.dz\/index.php\/wp-json\/wp\/v2\/categories?post=37800"},{"taxonomy":"post_tag","embeddable":true,"href":"https:\/\/lasentinelle.dz\/index.php\/wp-json\/wp\/v2\/tags?post=37800"}],"curies":[{"name":"wp","href":"https:\/\/api.w.org\/{rel}","templated":true}]}}