{"id":37876,"date":"2023-03-14T22:05:00","date_gmt":"2023-03-14T21:05:00","guid":{"rendered":"https:\/\/lasentinelle.dz\/?p=37876"},"modified":"2023-03-14T21:59:20","modified_gmt":"2023-03-14T20:59:20","slug":"arkab-recoit-une-delegation-de-lentreprise-russe-rosatom-lalgerie-mise-sur-le-nucleaire-civil","status":"publish","type":"post","link":"https:\/\/lasentinelle.dz\/index.php\/2023\/03\/14\/arkab-recoit-une-delegation-de-lentreprise-russe-rosatom-lalgerie-mise-sur-le-nucleaire-civil\/","title":{"rendered":"Arkab re\u00e7oit une d\u00e9l\u00e9gation de l&rsquo;entreprise russe Rosatom\u00a0: L\u2019Alg\u00e9rie mise sur le nucl\u00e9aire civil"},"content":{"rendered":"\n<p>Le ministre de l&rsquo;Energie et des Mines, Mohamed Arkab, a re\u00e7u une d\u00e9l\u00e9gation de l&rsquo;entreprise publique russe sp\u00e9cialis\u00e9e dans l&rsquo;\u00e9nergie nucl\u00e9aire \u00ab\u00a0Rosatom\u00a0\u00bb, conduite par son directeur g\u00e9n\u00e9ral adjoint, directeur de la coop\u00e9ration internationale, Boris Arseev, durant laquelle il \u00e9t\u00e9 \u00e9voqu\u00e9 les opportunit\u00e9s de coop\u00e9ration notamment en mati\u00e8re de techniques nucl\u00e9aires destin\u00e9es au domaine de la sant\u00e9. Selon un communiqu\u00e9 du minist\u00e8re, les entretiens lors de cette rencontre, tenue en pr\u00e9sence du Commissaire \u00e0 l&rsquo;\u00e9nergie atomique et des cadres du minist\u00e8re, ont port\u00e9 sur \u00ab\u00a0l&rsquo;\u00e9tat des relations de coop\u00e9ration entre le Commissariat \u00e0 l&rsquo;\u00e9nergie atomique (Comena) et Rosatom dans le domaine de l&rsquo;\u00e9nergie nucl\u00e9aire et ses utilisations \u00e9nerg\u00e9tiques, et non-\u00e9nerg\u00e9tiques \u00e0 des fins pacifiques, ainsi que sur les perspectives de leur d\u00e9veloppement\u00a0\u00bb.Les deux parties ont \u00e9voqu\u00e9 des sujets li\u00e9s au \u00ab\u00a0d\u00e9veloppement de la coop\u00e9ration notamment dans le domaine l&rsquo;utilisation de la technologie nucl\u00e9aire en m\u00e9decine et des proc\u00e9dures d&rsquo;imagerie diagnostique, ainsi que la production des isotopes radioactifs en Alg\u00e9rie\u00a0\u00bb. Ils ont abord\u00e9 \u00e9galement \u00ab\u00a0les diff\u00e9rents domaines dans lesquels il existe des opportunit\u00e9s d&rsquo;\u00e9changer les exp\u00e9riences et de d\u00e9velopper des solutions \u00e0 des pr\u00e9occupations communes dans ce domaine\u00a0\u00bb, souligne le communiqu\u00e9.<\/p>\n\n\n\n<p><strong>APS<\/strong><\/p>\n","protected":false},"excerpt":{"rendered":"<p>Le ministre de l&rsquo;Energie et des Mines, Mohamed Arkab, a re\u00e7u une d\u00e9l\u00e9gation de l&rsquo;entreprise publique russe sp\u00e9cialis\u00e9e dans l&rsquo;\u00e9nergie<\/p>\n","protected":false},"author":3,"featured_media":37887,"comment_status":"open","ping_status":"closed","sticky":false,"template":"","format":"standard","meta":{"colormag_page_container_layout":"default_layout","colormag_page_sidebar_layout":"default_layout","om_disable_all_campaigns":false,"_monsterinsights_skip_tracking":false,"_monsterinsights_sitenote_active":false,"_monsterinsights_sitenote_note":"","_monsterinsights_sitenote_category":0,"footnotes":"","_wpscppro_dont_share_socialmedia":false,"_wpscppro_custom_social_share_image":0,"_facebook_share_type":"","_twitter_share_type":"","_linkedin_share_type":"","_pinterest_share_type":"","_linkedin_share_type_page":"","_instagram_share_type":"","_medium_share_type":"","_threads_share_type":"","_google_business_share_type":"","_selected_social_profile":[],"_wpsp_enable_custom_social_template":false,"_wpsp_social_scheduling":{"enabled":false,"datetime":null,"platforms":[],"status":"template_only","dateOption":"today","timeOption":"now","customDays":"","customHours":"","customDate":"","customTime":"","schedulingType":"absolute"},"_wpsp_active_default_template":true},"categories":[29],"tags":[],"class_list":["post-37876","post","type-post","status-publish","format-standard","has-post-thumbnail","hentry","category-economie"],"aioseo_notices":[],"yoast_head":"<!-- This site is optimized with the Yoast SEO plugin v27.4 - https:\/\/yoast.com\/product\/yoast-seo-wordpress\/ -->\n<title>Arkab re\u00e7oit une d\u00e9l\u00e9gation de l&rsquo;entreprise russe Rosatom\u00a0: L\u2019Alg\u00e9rie mise sur le nucl\u00e9aire civil - La Sentinelle<\/title>\n<meta name=\"robots\" content=\"index, follow, max-snippet:-1, max-image-preview:large, max-video-preview:-1\" \/>\n<link rel=\"canonical\" href=\"https:\/\/lasentinelle.dz\/index.php\/2023\/03\/14\/arkab-recoit-une-delegation-de-lentreprise-russe-rosatom-lalgerie-mise-sur-le-nucleaire-civil\/\" \/>\n<meta property=\"og:locale\" content=\"fr_FR\" \/>\n<meta property=\"og:type\" content=\"article\" \/>\n<meta property=\"og:title\" content=\"Arkab re\u00e7oit une d\u00e9l\u00e9gation de l&rsquo;entreprise russe Rosatom\u00a0: L\u2019Alg\u00e9rie mise sur le nucl\u00e9aire civil - La Sentinelle\" \/>\n<meta property=\"og:description\" content=\"Le ministre de l&rsquo;Energie et des Mines, Mohamed Arkab, a re\u00e7u une d\u00e9l\u00e9gation de l&rsquo;entreprise publique russe sp\u00e9cialis\u00e9e dans l&rsquo;\u00e9nergie\" \/>\n<meta property=\"og:url\" content=\"https:\/\/lasentinelle.dz\/index.php\/2023\/03\/14\/arkab-recoit-une-delegation-de-lentreprise-russe-rosatom-lalgerie-mise-sur-le-nucleaire-civil\/\" \/>\n<meta property=\"og:site_name\" content=\"La Sentinelle\" \/>\n<meta property=\"article:publisher\" content=\"https:\/\/www.facebook.com\/La-Sentinelle-104059864394773\" \/>\n<meta property=\"article:published_time\" content=\"2023-03-14T21:05:00+00:00\" \/>\n<meta property=\"og:image\" content=\"https:\/\/lasentinelle.dz\/wp-content\/uploads\/2023\/03\/image_2023-03-14_215904067.png\" \/>\n\t<meta property=\"og:image:width\" content=\"700\" \/>\n\t<meta property=\"og:image:height\" content=\"437\" \/>\n\t<meta property=\"og:image:type\" content=\"image\/png\" \/>\n<meta name=\"author\" content=\"La Sentinelle\" \/>\n<meta name=\"twitter:card\" content=\"summary_large_image\" \/>\n<meta name=\"twitter:label1\" content=\"\u00c9crit par\" \/>\n\t<meta name=\"twitter:data1\" content=\"La Sentinelle\" \/>\n\t<meta name=\"twitter:label2\" content=\"Dur\u00e9e de lecture estim\u00e9e\" \/>\n\t<meta name=\"twitter:data2\" content=\"1 minute\" \/>\n<script type=\"application\/ld+json\" class=\"yoast-schema-graph\">{\"@context\":\"https:\\\/\\\/schema.org\",\"@graph\":[{\"@type\":\"Article\",\"@id\":\"https:\\\/\\\/lasentinelle.dz\\\/index.php\\\/2023\\\/03\\\/14\\\/arkab-recoit-une-delegation-de-lentreprise-russe-rosatom-lalgerie-mise-sur-le-nucleaire-civil\\\/#article\",\"isPartOf\":{\"@id\":\"https:\\\/\\\/lasentinelle.dz\\\/index.php\\\/2023\\\/03\\\/14\\\/arkab-recoit-une-delegation-de-lentreprise-russe-rosatom-lalgerie-mise-sur-le-nucleaire-civil\\\/\"},\"author\":{\"name\":\"La Sentinelle\",\"@id\":\"https:\\\/\\\/lasentinelle.dz\\\/#\\\/schema\\\/person\\\/d865044e22e70a75174ce8bcad3acfb3\"},\"headline\":\"Arkab re\u00e7oit une d\u00e9l\u00e9gation de l&rsquo;entreprise russe Rosatom\u00a0: L\u2019Alg\u00e9rie mise sur le nucl\u00e9aire civil\",\"datePublished\":\"2023-03-14T21:05:00+00:00\",\"mainEntityOfPage\":{\"@id\":\"https:\\\/\\\/lasentinelle.dz\\\/index.php\\\/2023\\\/03\\\/14\\\/arkab-recoit-une-delegation-de-lentreprise-russe-rosatom-lalgerie-mise-sur-le-nucleaire-civil\\\/\"},\"wordCount\":254,\"commentCount\":0,\"publisher\":{\"@id\":\"https:\\\/\\\/lasentinelle.dz\\\/#organization\"},\"image\":{\"@id\":\"https:\\\/\\\/lasentinelle.dz\\\/index.php\\\/2023\\\/03\\\/14\\\/arkab-recoit-une-delegation-de-lentreprise-russe-rosatom-lalgerie-mise-sur-le-nucleaire-civil\\\/#primaryimage\"},\"thumbnailUrl\":\"https:\\\/\\\/lasentinelle.dz\\\/wp-content\\\/uploads\\\/2023\\\/03\\\/image_2023-03-14_215904067.png\",\"articleSection\":[\"\u00c9conomie\"],\"inLanguage\":\"fr-FR\",\"potentialAction\":[{\"@type\":\"CommentAction\",\"name\":\"Comment\",\"target\":[\"https:\\\/\\\/lasentinelle.dz\\\/index.php\\\/2023\\\/03\\\/14\\\/arkab-recoit-une-delegation-de-lentreprise-russe-rosatom-lalgerie-mise-sur-le-nucleaire-civil\\\/#respond\"]}]},{\"@type\":\"WebPage\",\"@id\":\"https:\\\/\\\/lasentinelle.dz\\\/index.php\\\/2023\\\/03\\\/14\\\/arkab-recoit-une-delegation-de-lentreprise-russe-rosatom-lalgerie-mise-sur-le-nucleaire-civil\\\/\",\"url\":\"https:\\\/\\\/lasentinelle.dz\\\/index.php\\\/2023\\\/03\\\/14\\\/arkab-recoit-une-delegation-de-lentreprise-russe-rosatom-lalgerie-mise-sur-le-nucleaire-civil\\\/\",\"name\":\"Arkab re\u00e7oit une d\u00e9l\u00e9gation de l&rsquo;entreprise russe Rosatom\u00a0: L\u2019Alg\u00e9rie mise sur le nucl\u00e9aire civil - La Sentinelle\",\"isPartOf\":{\"@id\":\"https:\\\/\\\/lasentinelle.dz\\\/#website\"},\"primaryImageOfPage\":{\"@id\":\"https:\\\/\\\/lasentinelle.dz\\\/index.php\\\/2023\\\/03\\\/14\\\/arkab-recoit-une-delegation-de-lentreprise-russe-rosatom-lalgerie-mise-sur-le-nucleaire-civil\\\/#primaryimage\"},\"image\":{\"@id\":\"https:\\\/\\\/lasentinelle.dz\\\/index.php\\\/2023\\\/03\\\/14\\\/arkab-recoit-une-delegation-de-lentreprise-russe-rosatom-lalgerie-mise-sur-le-nucleaire-civil\\\/#primaryimage\"},\"thumbnailUrl\":\"https:\\\/\\\/lasentinelle.dz\\\/wp-content\\\/uploads\\\/2023\\\/03\\\/image_2023-03-14_215904067.png\",\"datePublished\":\"2023-03-14T21:05:00+00:00\",\"breadcrumb\":{\"@id\":\"https:\\\/\\\/lasentinelle.dz\\\/index.php\\\/2023\\\/03\\\/14\\\/arkab-recoit-une-delegation-de-lentreprise-russe-rosatom-lalgerie-mise-sur-le-nucleaire-civil\\\/#breadcrumb\"},\"inLanguage\":\"fr-FR\",\"potentialAction\":[{\"@type\":\"ReadAction\",\"target\":[\"https:\\\/\\\/lasentinelle.dz\\\/index.php\\\/2023\\\/03\\\/14\\\/arkab-recoit-une-delegation-de-lentreprise-russe-rosatom-lalgerie-mise-sur-le-nucleaire-civil\\\/\"]}]},{\"@type\":\"ImageObject\",\"inLanguage\":\"fr-FR\",\"@id\":\"https:\\\/\\\/lasentinelle.dz\\\/index.php\\\/2023\\\/03\\\/14\\\/arkab-recoit-une-delegation-de-lentreprise-russe-rosatom-lalgerie-mise-sur-le-nucleaire-civil\\\/#primaryimage\",\"url\":\"https:\\\/\\\/lasentinelle.dz\\\/wp-content\\\/uploads\\\/2023\\\/03\\\/image_2023-03-14_215904067.png\",\"contentUrl\":\"https:\\\/\\\/lasentinelle.dz\\\/wp-content\\\/uploads\\\/2023\\\/03\\\/image_2023-03-14_215904067.png\",\"width\":700,\"height\":437},{\"@type\":\"BreadcrumbList\",\"@id\":\"https:\\\/\\\/lasentinelle.dz\\\/index.php\\\/2023\\\/03\\\/14\\\/arkab-recoit-une-delegation-de-lentreprise-russe-rosatom-lalgerie-mise-sur-le-nucleaire-civil\\\/#breadcrumb\",\"itemListElement\":[{\"@type\":\"ListItem\",\"position\":1,\"name\":\"Accueil\",\"item\":\"https:\\\/\\\/lasentinelle.dz\\\/\"},{\"@type\":\"ListItem\",\"position\":2,\"name\":\"Arkab re\u00e7oit une d\u00e9l\u00e9gation de l&rsquo;entreprise russe Rosatom\u00a0: L\u2019Alg\u00e9rie mise sur le nucl\u00e9aire civil\"}]},{\"@type\":\"WebSite\",\"@id\":\"https:\\\/\\\/lasentinelle.dz\\\/#website\",\"url\":\"https:\\\/\\\/lasentinelle.dz\\\/\",\"name\":\"La Sentinelle\",\"description\":\"Quotidien national d&#039;information\",\"publisher\":{\"@id\":\"https:\\\/\\\/lasentinelle.dz\\\/#organization\"},\"potentialAction\":[{\"@type\":\"SearchAction\",\"target\":{\"@type\":\"EntryPoint\",\"urlTemplate\":\"https:\\\/\\\/lasentinelle.dz\\\/?s={search_term_string}\"},\"query-input\":{\"@type\":\"PropertyValueSpecification\",\"valueRequired\":true,\"valueName\":\"search_term_string\"}}],\"inLanguage\":\"fr-FR\"},{\"@type\":\"Organization\",\"@id\":\"https:\\\/\\\/lasentinelle.dz\\\/#organization\",\"name\":\"Quotidien La Sentinelle\",\"url\":\"https:\\\/\\\/lasentinelle.dz\\\/\",\"logo\":{\"@type\":\"ImageObject\",\"inLanguage\":\"fr-FR\",\"@id\":\"https:\\\/\\\/lasentinelle.dz\\\/#\\\/schema\\\/logo\\\/image\\\/\",\"url\":\"https:\\\/\\\/lasentinelle.dz\\\/wp-content\\\/uploads\\\/2021\\\/09\\\/logo-sentinelleSLOGAN-1.png\",\"contentUrl\":\"https:\\\/\\\/lasentinelle.dz\\\/wp-content\\\/uploads\\\/2021\\\/09\\\/logo-sentinelleSLOGAN-1.png\",\"width\":615,\"height\":142,\"caption\":\"Quotidien La Sentinelle\"},\"image\":{\"@id\":\"https:\\\/\\\/lasentinelle.dz\\\/#\\\/schema\\\/logo\\\/image\\\/\"},\"sameAs\":[\"https:\\\/\\\/www.facebook.com\\\/La-Sentinelle-104059864394773\"]},{\"@type\":\"Person\",\"@id\":\"https:\\\/\\\/lasentinelle.dz\\\/#\\\/schema\\\/person\\\/d865044e22e70a75174ce8bcad3acfb3\",\"name\":\"La Sentinelle\",\"image\":{\"@type\":\"ImageObject\",\"inLanguage\":\"fr-FR\",\"@id\":\"https:\\\/\\\/secure.gravatar.com\\\/avatar\\\/57de8e5d4b15d43fb361a71fbb36338450fe67865b528a43dd10ef7c51a20392?s=96&d=mm&r=g\",\"url\":\"https:\\\/\\\/secure.gravatar.com\\\/avatar\\\/57de8e5d4b15d43fb361a71fbb36338450fe67865b528a43dd10ef7c51a20392?s=96&d=mm&r=g\",\"contentUrl\":\"https:\\\/\\\/secure.gravatar.com\\\/avatar\\\/57de8e5d4b15d43fb361a71fbb36338450fe67865b528a43dd10ef7c51a20392?s=96&d=mm&r=g\",\"caption\":\"La Sentinelle\"},\"sameAs\":[\"http:\\\/\\\/www.lasentinelle.dz\"],\"url\":\"https:\\\/\\\/lasentinelle.dz\\\/author\\\/redaction\\\/\"}]}<\/script>\n<!-- \/ Yoast SEO plugin. -->","yoast_head_json":{"title":"Arkab re\u00e7oit une d\u00e9l\u00e9gation de l&rsquo;entreprise russe Rosatom\u00a0: L\u2019Alg\u00e9rie mise sur le nucl\u00e9aire civil - La Sentinelle","robots":{"index":"index","follow":"follow","max-snippet":"max-snippet:-1","max-image-preview":"max-image-preview:large","max-video-preview":"max-video-preview:-1"},"canonical":"https:\/\/lasentinelle.dz\/index.php\/2023\/03\/14\/arkab-recoit-une-delegation-de-lentreprise-russe-rosatom-lalgerie-mise-sur-le-nucleaire-civil\/","og_locale":"fr_FR","og_type":"article","og_title":"Arkab re\u00e7oit une d\u00e9l\u00e9gation de l&rsquo;entreprise russe Rosatom\u00a0: L\u2019Alg\u00e9rie mise sur le nucl\u00e9aire civil - La Sentinelle","og_description":"Le ministre de l&rsquo;Energie et des Mines, Mohamed Arkab, a re\u00e7u une d\u00e9l\u00e9gation de l&rsquo;entreprise publique russe sp\u00e9cialis\u00e9e dans l&rsquo;\u00e9nergie","og_url":"https:\/\/lasentinelle.dz\/index.php\/2023\/03\/14\/arkab-recoit-une-delegation-de-lentreprise-russe-rosatom-lalgerie-mise-sur-le-nucleaire-civil\/","og_site_name":"La Sentinelle","article_publisher":"https:\/\/www.facebook.com\/La-Sentinelle-104059864394773","article_published_time":"2023-03-14T21:05:00+00:00","og_image":[{"width":700,"height":437,"url":"https:\/\/lasentinelle.dz\/wp-content\/uploads\/2023\/03\/image_2023-03-14_215904067.png","type":"image\/png"}],"author":"La Sentinelle","twitter_card":"summary_large_image","twitter_misc":{"\u00c9crit par":"La Sentinelle","Dur\u00e9e de lecture estim\u00e9e":"1 minute"},"schema":{"@context":"https:\/\/schema.org","@graph":[{"@type":"Article","@id":"https:\/\/lasentinelle.dz\/index.php\/2023\/03\/14\/arkab-recoit-une-delegation-de-lentreprise-russe-rosatom-lalgerie-mise-sur-le-nucleaire-civil\/#article","isPartOf":{"@id":"https:\/\/lasentinelle.dz\/index.php\/2023\/03\/14\/arkab-recoit-une-delegation-de-lentreprise-russe-rosatom-lalgerie-mise-sur-le-nucleaire-civil\/"},"author":{"name":"La Sentinelle","@id":"https:\/\/lasentinelle.dz\/#\/schema\/person\/d865044e22e70a75174ce8bcad3acfb3"},"headline":"Arkab re\u00e7oit une d\u00e9l\u00e9gation de l&rsquo;entreprise russe Rosatom\u00a0: L\u2019Alg\u00e9rie mise sur le nucl\u00e9aire civil","datePublished":"2023-03-14T21:05:00+00:00","mainEntityOfPage":{"@id":"https:\/\/lasentinelle.dz\/index.php\/2023\/03\/14\/arkab-recoit-une-delegation-de-lentreprise-russe-rosatom-lalgerie-mise-sur-le-nucleaire-civil\/"},"wordCount":254,"commentCount":0,"publisher":{"@id":"https:\/\/lasentinelle.dz\/#organization"},"image":{"@id":"https:\/\/lasentinelle.dz\/index.php\/2023\/03\/14\/arkab-recoit-une-delegation-de-lentreprise-russe-rosatom-lalgerie-mise-sur-le-nucleaire-civil\/#primaryimage"},"thumbnailUrl":"https:\/\/lasentinelle.dz\/wp-content\/uploads\/2023\/03\/image_2023-03-14_215904067.png","articleSection":["\u00c9conomie"],"inLanguage":"fr-FR","potentialAction":[{"@type":"CommentAction","name":"Comment","target":["https:\/\/lasentinelle.dz\/index.php\/2023\/03\/14\/arkab-recoit-une-delegation-de-lentreprise-russe-rosatom-lalgerie-mise-sur-le-nucleaire-civil\/#respond"]}]},{"@type":"WebPage","@id":"https:\/\/lasentinelle.dz\/index.php\/2023\/03\/14\/arkab-recoit-une-delegation-de-lentreprise-russe-rosatom-lalgerie-mise-sur-le-nucleaire-civil\/","url":"https:\/\/lasentinelle.dz\/index.php\/2023\/03\/14\/arkab-recoit-une-delegation-de-lentreprise-russe-rosatom-lalgerie-mise-sur-le-nucleaire-civil\/","name":"Arkab re\u00e7oit une d\u00e9l\u00e9gation de l&rsquo;entreprise russe Rosatom\u00a0: L\u2019Alg\u00e9rie mise sur le nucl\u00e9aire civil - La Sentinelle","isPartOf":{"@id":"https:\/\/lasentinelle.dz\/#website"},"primaryImageOfPage":{"@id":"https:\/\/lasentinelle.dz\/index.php\/2023\/03\/14\/arkab-recoit-une-delegation-de-lentreprise-russe-rosatom-lalgerie-mise-sur-le-nucleaire-civil\/#primaryimage"},"image":{"@id":"https:\/\/lasentinelle.dz\/index.php\/2023\/03\/14\/arkab-recoit-une-delegation-de-lentreprise-russe-rosatom-lalgerie-mise-sur-le-nucleaire-civil\/#primaryimage"},"thumbnailUrl":"https:\/\/lasentinelle.dz\/wp-content\/uploads\/2023\/03\/image_2023-03-14_215904067.png","datePublished":"2023-03-14T21:05:00+00:00","breadcrumb":{"@id":"https:\/\/lasentinelle.dz\/index.php\/2023\/03\/14\/arkab-recoit-une-delegation-de-lentreprise-russe-rosatom-lalgerie-mise-sur-le-nucleaire-civil\/#breadcrumb"},"inLanguage":"fr-FR","potentialAction":[{"@type":"ReadAction","target":["https:\/\/lasentinelle.dz\/index.php\/2023\/03\/14\/arkab-recoit-une-delegation-de-lentreprise-russe-rosatom-lalgerie-mise-sur-le-nucleaire-civil\/"]}]},{"@type":"ImageObject","inLanguage":"fr-FR","@id":"https:\/\/lasentinelle.dz\/index.php\/2023\/03\/14\/arkab-recoit-une-delegation-de-lentreprise-russe-rosatom-lalgerie-mise-sur-le-nucleaire-civil\/#primaryimage","url":"https:\/\/lasentinelle.dz\/wp-content\/uploads\/2023\/03\/image_2023-03-14_215904067.png","contentUrl":"https:\/\/lasentinelle.dz\/wp-content\/uploads\/2023\/03\/image_2023-03-14_215904067.png","width":700,"height":437},{"@type":"BreadcrumbList","@id":"https:\/\/lasentinelle.dz\/index.php\/2023\/03\/14\/arkab-recoit-une-delegation-de-lentreprise-russe-rosatom-lalgerie-mise-sur-le-nucleaire-civil\/#breadcrumb","itemListElement":[{"@type":"ListItem","position":1,"name":"Accueil","item":"https:\/\/lasentinelle.dz\/"},{"@type":"ListItem","position":2,"name":"Arkab re\u00e7oit une d\u00e9l\u00e9gation de l&rsquo;entreprise russe Rosatom\u00a0: L\u2019Alg\u00e9rie mise sur le nucl\u00e9aire civil"}]},{"@type":"WebSite","@id":"https:\/\/lasentinelle.dz\/#website","url":"https:\/\/lasentinelle.dz\/","name":"La Sentinelle","description":"Quotidien national d&#039;information","publisher":{"@id":"https:\/\/lasentinelle.dz\/#organization"},"potentialAction":[{"@type":"SearchAction","target":{"@type":"EntryPoint","urlTemplate":"https:\/\/lasentinelle.dz\/?s={search_term_string}"},"query-input":{"@type":"PropertyValueSpecification","valueRequired":true,"valueName":"search_term_string"}}],"inLanguage":"fr-FR"},{"@type":"Organization","@id":"https:\/\/lasentinelle.dz\/#organization","name":"Quotidien La Sentinelle","url":"https:\/\/lasentinelle.dz\/","logo":{"@type":"ImageObject","inLanguage":"fr-FR","@id":"https:\/\/lasentinelle.dz\/#\/schema\/logo\/image\/","url":"https:\/\/lasentinelle.dz\/wp-content\/uploads\/2021\/09\/logo-sentinelleSLOGAN-1.png","contentUrl":"https:\/\/lasentinelle.dz\/wp-content\/uploads\/2021\/09\/logo-sentinelleSLOGAN-1.png","width":615,"height":142,"caption":"Quotidien La Sentinelle"},"image":{"@id":"https:\/\/lasentinelle.dz\/#\/schema\/logo\/image\/"},"sameAs":["https:\/\/www.facebook.com\/La-Sentinelle-104059864394773"]},{"@type":"Person","@id":"https:\/\/lasentinelle.dz\/#\/schema\/person\/d865044e22e70a75174ce8bcad3acfb3","name":"La Sentinelle","image":{"@type":"ImageObject","inLanguage":"fr-FR","@id":"https:\/\/secure.gravatar.com\/avatar\/57de8e5d4b15d43fb361a71fbb36338450fe67865b528a43dd10ef7c51a20392?s=96&d=mm&r=g","url":"https:\/\/secure.gravatar.com\/avatar\/57de8e5d4b15d43fb361a71fbb36338450fe67865b528a43dd10ef7c51a20392?s=96&d=mm&r=g","contentUrl":"https:\/\/secure.gravatar.com\/avatar\/57de8e5d4b15d43fb361a71fbb36338450fe67865b528a43dd10ef7c51a20392?s=96&d=mm&r=g","caption":"La Sentinelle"},"sameAs":["http:\/\/www.lasentinelle.dz"],"url":"https:\/\/lasentinelle.dz\/author\/redaction\/"}]}},"_links":{"self":[{"href":"https:\/\/lasentinelle.dz\/index.php\/wp-json\/wp\/v2\/posts\/37876","targetHints":{"allow":["GET"]}}],"collection":[{"href":"https:\/\/lasentinelle.dz\/index.php\/wp-json\/wp\/v2\/posts"}],"about":[{"href":"https:\/\/lasentinelle.dz\/index.php\/wp-json\/wp\/v2\/types\/post"}],"author":[{"embeddable":true,"href":"https:\/\/lasentinelle.dz\/index.php\/wp-json\/wp\/v2\/users\/3"}],"replies":[{"embeddable":true,"href":"https:\/\/lasentinelle.dz\/index.php\/wp-json\/wp\/v2\/comments?post=37876"}],"version-history":[{"count":1,"href":"https:\/\/lasentinelle.dz\/index.php\/wp-json\/wp\/v2\/posts\/37876\/revisions"}],"predecessor-version":[{"id":37888,"href":"https:\/\/lasentinelle.dz\/index.php\/wp-json\/wp\/v2\/posts\/37876\/revisions\/37888"}],"wp:featuredmedia":[{"embeddable":true,"href":"https:\/\/lasentinelle.dz\/index.php\/wp-json\/wp\/v2\/media\/37887"}],"wp:attachment":[{"href":"https:\/\/lasentinelle.dz\/index.php\/wp-json\/wp\/v2\/media?parent=37876"}],"wp:term":[{"taxonomy":"category","embeddable":true,"href":"https:\/\/lasentinelle.dz\/index.php\/wp-json\/wp\/v2\/categories?post=37876"},{"taxonomy":"post_tag","embeddable":true,"href":"https:\/\/lasentinelle.dz\/index.php\/wp-json\/wp\/v2\/tags?post=37876"}],"curies":[{"name":"wp","href":"https:\/\/api.w.org\/{rel}","templated":true}]}}