{"id":37919,"date":"2023-03-15T22:05:00","date_gmt":"2023-03-15T21:05:00","guid":{"rendered":"https:\/\/lasentinelle.dz\/?p=37919"},"modified":"2023-03-15T19:26:12","modified_gmt":"2023-03-15T18:26:12","slug":"le-projet-de-loi-relatif-a-la-lutte-contre-la-traite-des-etres-humains-presente-a-lapn-garantir-la-protection-des-victimes","status":"publish","type":"post","link":"https:\/\/lasentinelle.dz\/index.php\/2023\/03\/15\/le-projet-de-loi-relatif-a-la-lutte-contre-la-traite-des-etres-humains-presente-a-lapn-garantir-la-protection-des-victimes\/","title":{"rendered":"Le projet de loi relatif \u00e0 la lutte contre la traite des \u00eatres humains pr\u00e9sent\u00e9 \u00e0 l\u2019APN\u00a0: Garantir la protection des victimes"},"content":{"rendered":"\n<p>Le ministre de la Justice, garde des Sceaux, Abderrachid Tabi a indiqu\u00e9 hier lors de la pr\u00e9sentation devant les membres de l&rsquo;Assembl\u00e9e populaire nationale (APN), le projet de loi relatif \u00e0 la pr\u00e9vention et \u00e0 la lutte contre la traite des \u00eatres humains que le texte&nbsp; pour objectif \u00ab d&rsquo;assurer la protection des victimes de la traite des \u00eatre humains et de renforcer la coop\u00e9ration institutionnelle et internationale en mati\u00e8re de pr\u00e9vention contre ce crime, outre l&rsquo;implication des Collectivit\u00e9s locales et des institutions publiques dans la pr\u00e9vention contre ce ph\u00e9nom\u00e8ne, \u00e0 travers l&rsquo;\u00e9laboration d&rsquo;une strat\u00e9gie nationale qui associe la soci\u00e9t\u00e9 civile&nbsp;\u00bb. Il pr\u00e9voit pour ce ph\u00e9nom\u00e8ne des sanctions allant jusqu&rsquo;\u00e0 la perp\u00e9tuit\u00e9 si la victime subit des actes de torture, une violence sexuelle ou une invalidit\u00e9. La peine est \u00e9galement durcie en cas de crime commis dans le cadre d&rsquo;un groupe organis\u00e9 ou lorsqu&rsquo;il s&rsquo;agit d&rsquo;un crime transfrontalier.<\/p>\n\n\n\n<p>Il a \u00e9galement soulign\u00e9 que le projet de loi r\u00e9pond \u00e0 la n\u00e9cessit\u00e9 de \u00ab\u00a0la lutte contre ce ph\u00e9nom\u00e8ne \u00e9tranger \u00e0 notre soci\u00e9t\u00e9, au vu de ses r\u00e9percussions n\u00e9fastes notamment sur les femmes et les enfants\u00a0\u00bb, ajoutant que \u00ab\u00a0ce crime transfrontalier en appelle \u00e0 la mise en place d&rsquo;une l\u00e9gislation sp\u00e9cifique\u00a0\u00bb, d&rsquo;o\u00f9 l&rsquo;importance de ce projet de loi qui tend \u00e0 \u00ab\u00a0permettre \u00e0 notre pays de s&rsquo;adapter aux engagements internationaux, en \u00e9laborant un texte qui regroupe toutes les formes de ce crime\u00a0\u00bb. Le projet de loi met l&rsquo;accent aussi, a-t-il dit, sur \u00ab\u00a0les missions de la Commission nationale de pr\u00e9vention contre la traite des \u00eatre humains cr\u00e9\u00e9e en 2016, laquelle est charg\u00e9e de l&rsquo;\u00e9laboration du projet de strat\u00e9gie nationale et de l&rsquo;adoption de m\u00e9canismes de vigilance permettant de d\u00e9voiler \u00e0 l&rsquo;avance les diff\u00e9rentes formes de ce crime\u00a0\u00bb. Ledit projet de loi instaure \u00ab\u00a0la proc\u00e9dure de fuite \u00e9lectronique comme proc\u00e9dure d&rsquo;investigation et d&rsquo;enqu\u00eate, \u00e0 travers laquelle, les officiers de la police judiciaire peuvent, sur d\u00e9cision judiciaire, acc\u00e9der aux syst\u00e8mes informatiques ou tout autre syst\u00e8me \u00e9lectronique visant \u00e0 contr\u00f4ler les suspects\u00a0\u00bb. Le projet renferme des dispositions relatives \u00e0 la coop\u00e9ration internationale, notamment dans le cadre des mesures judiciaires, l&rsquo;extradition des criminels et la r\u00e9cup\u00e9ration des revenus criminels, en stipulant le respect du principe de \u00ab\u00a0r\u00e9ciprocit\u00e9\u00a0\u00bb, \u00e0 l&rsquo;exception des demandes de coop\u00e9ration judiciaire susceptibles de porter atteinte \u00e0 la souverainet\u00e9 nationale ou \u00e0 l&rsquo;ordre public.<\/p>\n\n\n\n<p>R.N.<\/p>\n","protected":false},"excerpt":{"rendered":"<p>Le ministre de la Justice, garde des Sceaux, Abderrachid Tabi a indiqu\u00e9 hier lors de la pr\u00e9sentation devant les membres<\/p>\n","protected":false},"author":3,"featured_media":37922,"comment_status":"open","ping_status":"closed","sticky":false,"template":"","format":"standard","meta":{"colormag_page_container_layout":"default_layout","colormag_page_sidebar_layout":"default_layout","om_disable_all_campaigns":false,"_monsterinsights_skip_tracking":false,"_monsterinsights_sitenote_active":false,"_monsterinsights_sitenote_note":"","_monsterinsights_sitenote_category":0,"footnotes":"","_wpscppro_dont_share_socialmedia":false,"_wpscppro_custom_social_share_image":0,"_facebook_share_type":"","_twitter_share_type":"","_linkedin_share_type":"","_pinterest_share_type":"","_linkedin_share_type_page":"","_instagram_share_type":"","_medium_share_type":"","_threads_share_type":"","_google_business_share_type":"","_selected_social_profile":[],"_wpsp_enable_custom_social_template":false,"_wpsp_social_scheduling":{"enabled":false,"datetime":null,"platforms":[],"status":"template_only","dateOption":"today","timeOption":"now","customDays":"","customHours":"","customDate":"","customTime":"","schedulingType":"absolute"},"_wpsp_active_default_template":true},"categories":[27],"tags":[],"class_list":["post-37919","post","type-post","status-publish","format-standard","has-post-thumbnail","hentry","category-actualite"],"aioseo_notices":[],"yoast_head":"<!-- This site is optimized with the Yoast SEO plugin v27.5 - https:\/\/yoast.com\/product\/yoast-seo-wordpress\/ -->\n<title>Le projet de loi relatif \u00e0 la lutte contre la traite des \u00eatres humains pr\u00e9sent\u00e9 \u00e0 l\u2019APN\u00a0: Garantir la protection des victimes - La Sentinelle<\/title>\n<meta name=\"robots\" content=\"index, follow, max-snippet:-1, max-image-preview:large, max-video-preview:-1\" \/>\n<link rel=\"canonical\" href=\"https:\/\/lasentinelle.dz\/index.php\/2023\/03\/15\/le-projet-de-loi-relatif-a-la-lutte-contre-la-traite-des-etres-humains-presente-a-lapn-garantir-la-protection-des-victimes\/\" \/>\n<meta property=\"og:locale\" content=\"fr_FR\" \/>\n<meta property=\"og:type\" content=\"article\" \/>\n<meta property=\"og:title\" content=\"Le projet de loi relatif \u00e0 la lutte contre la traite des \u00eatres humains pr\u00e9sent\u00e9 \u00e0 l\u2019APN\u00a0: Garantir la protection des victimes - La Sentinelle\" \/>\n<meta property=\"og:description\" content=\"Le ministre de la Justice, garde des Sceaux, Abderrachid Tabi a indiqu\u00e9 hier lors de la pr\u00e9sentation devant les membres\" \/>\n<meta property=\"og:url\" content=\"https:\/\/lasentinelle.dz\/index.php\/2023\/03\/15\/le-projet-de-loi-relatif-a-la-lutte-contre-la-traite-des-etres-humains-presente-a-lapn-garantir-la-protection-des-victimes\/\" \/>\n<meta property=\"og:site_name\" content=\"La Sentinelle\" \/>\n<meta property=\"article:publisher\" content=\"https:\/\/www.facebook.com\/La-Sentinelle-104059864394773\" \/>\n<meta property=\"article:published_time\" content=\"2023-03-15T21:05:00+00:00\" \/>\n<meta property=\"og:image\" content=\"https:\/\/lasentinelle.dz\/wp-content\/uploads\/2023\/03\/tabi-3.png\" \/>\n\t<meta property=\"og:image:width\" content=\"1349\" \/>\n\t<meta property=\"og:image:height\" content=\"900\" \/>\n\t<meta property=\"og:image:type\" content=\"image\/png\" \/>\n<meta name=\"author\" content=\"La Sentinelle\" \/>\n<meta name=\"twitter:card\" content=\"summary_large_image\" \/>\n<meta name=\"twitter:label1\" content=\"\u00c9crit par\" \/>\n\t<meta name=\"twitter:data1\" content=\"La Sentinelle\" \/>\n\t<meta name=\"twitter:label2\" content=\"Dur\u00e9e de lecture estim\u00e9e\" \/>\n\t<meta name=\"twitter:data2\" content=\"2 minutes\" \/>\n<script type=\"application\/ld+json\" class=\"yoast-schema-graph\">{\"@context\":\"https:\\\/\\\/schema.org\",\"@graph\":[{\"@type\":\"Article\",\"@id\":\"https:\\\/\\\/lasentinelle.dz\\\/index.php\\\/2023\\\/03\\\/15\\\/le-projet-de-loi-relatif-a-la-lutte-contre-la-traite-des-etres-humains-presente-a-lapn-garantir-la-protection-des-victimes\\\/#article\",\"isPartOf\":{\"@id\":\"https:\\\/\\\/lasentinelle.dz\\\/index.php\\\/2023\\\/03\\\/15\\\/le-projet-de-loi-relatif-a-la-lutte-contre-la-traite-des-etres-humains-presente-a-lapn-garantir-la-protection-des-victimes\\\/\"},\"author\":{\"name\":\"La Sentinelle\",\"@id\":\"https:\\\/\\\/lasentinelle.dz\\\/#\\\/schema\\\/person\\\/d865044e22e70a75174ce8bcad3acfb3\"},\"headline\":\"Le projet de loi relatif \u00e0 la lutte contre la traite des \u00eatres humains pr\u00e9sent\u00e9 \u00e0 l\u2019APN\u00a0: Garantir la protection des victimes\",\"datePublished\":\"2023-03-15T21:05:00+00:00\",\"mainEntityOfPage\":{\"@id\":\"https:\\\/\\\/lasentinelle.dz\\\/index.php\\\/2023\\\/03\\\/15\\\/le-projet-de-loi-relatif-a-la-lutte-contre-la-traite-des-etres-humains-presente-a-lapn-garantir-la-protection-des-victimes\\\/\"},\"wordCount\":456,\"commentCount\":0,\"publisher\":{\"@id\":\"https:\\\/\\\/lasentinelle.dz\\\/#organization\"},\"image\":{\"@id\":\"https:\\\/\\\/lasentinelle.dz\\\/index.php\\\/2023\\\/03\\\/15\\\/le-projet-de-loi-relatif-a-la-lutte-contre-la-traite-des-etres-humains-presente-a-lapn-garantir-la-protection-des-victimes\\\/#primaryimage\"},\"thumbnailUrl\":\"https:\\\/\\\/lasentinelle.dz\\\/wp-content\\\/uploads\\\/2023\\\/03\\\/tabi-3.png\",\"articleSection\":[\"Actualit\u00e9\"],\"inLanguage\":\"fr-FR\",\"potentialAction\":[{\"@type\":\"CommentAction\",\"name\":\"Comment\",\"target\":[\"https:\\\/\\\/lasentinelle.dz\\\/index.php\\\/2023\\\/03\\\/15\\\/le-projet-de-loi-relatif-a-la-lutte-contre-la-traite-des-etres-humains-presente-a-lapn-garantir-la-protection-des-victimes\\\/#respond\"]}]},{\"@type\":\"WebPage\",\"@id\":\"https:\\\/\\\/lasentinelle.dz\\\/index.php\\\/2023\\\/03\\\/15\\\/le-projet-de-loi-relatif-a-la-lutte-contre-la-traite-des-etres-humains-presente-a-lapn-garantir-la-protection-des-victimes\\\/\",\"url\":\"https:\\\/\\\/lasentinelle.dz\\\/index.php\\\/2023\\\/03\\\/15\\\/le-projet-de-loi-relatif-a-la-lutte-contre-la-traite-des-etres-humains-presente-a-lapn-garantir-la-protection-des-victimes\\\/\",\"name\":\"Le projet de loi relatif \u00e0 la lutte contre la traite des \u00eatres humains pr\u00e9sent\u00e9 \u00e0 l\u2019APN\u00a0: Garantir la protection des victimes - La Sentinelle\",\"isPartOf\":{\"@id\":\"https:\\\/\\\/lasentinelle.dz\\\/#website\"},\"primaryImageOfPage\":{\"@id\":\"https:\\\/\\\/lasentinelle.dz\\\/index.php\\\/2023\\\/03\\\/15\\\/le-projet-de-loi-relatif-a-la-lutte-contre-la-traite-des-etres-humains-presente-a-lapn-garantir-la-protection-des-victimes\\\/#primaryimage\"},\"image\":{\"@id\":\"https:\\\/\\\/lasentinelle.dz\\\/index.php\\\/2023\\\/03\\\/15\\\/le-projet-de-loi-relatif-a-la-lutte-contre-la-traite-des-etres-humains-presente-a-lapn-garantir-la-protection-des-victimes\\\/#primaryimage\"},\"thumbnailUrl\":\"https:\\\/\\\/lasentinelle.dz\\\/wp-content\\\/uploads\\\/2023\\\/03\\\/tabi-3.png\",\"datePublished\":\"2023-03-15T21:05:00+00:00\",\"breadcrumb\":{\"@id\":\"https:\\\/\\\/lasentinelle.dz\\\/index.php\\\/2023\\\/03\\\/15\\\/le-projet-de-loi-relatif-a-la-lutte-contre-la-traite-des-etres-humains-presente-a-lapn-garantir-la-protection-des-victimes\\\/#breadcrumb\"},\"inLanguage\":\"fr-FR\",\"potentialAction\":[{\"@type\":\"ReadAction\",\"target\":[\"https:\\\/\\\/lasentinelle.dz\\\/index.php\\\/2023\\\/03\\\/15\\\/le-projet-de-loi-relatif-a-la-lutte-contre-la-traite-des-etres-humains-presente-a-lapn-garantir-la-protection-des-victimes\\\/\"]}]},{\"@type\":\"ImageObject\",\"inLanguage\":\"fr-FR\",\"@id\":\"https:\\\/\\\/lasentinelle.dz\\\/index.php\\\/2023\\\/03\\\/15\\\/le-projet-de-loi-relatif-a-la-lutte-contre-la-traite-des-etres-humains-presente-a-lapn-garantir-la-protection-des-victimes\\\/#primaryimage\",\"url\":\"https:\\\/\\\/lasentinelle.dz\\\/wp-content\\\/uploads\\\/2023\\\/03\\\/tabi-3.png\",\"contentUrl\":\"https:\\\/\\\/lasentinelle.dz\\\/wp-content\\\/uploads\\\/2023\\\/03\\\/tabi-3.png\",\"width\":1349,\"height\":900},{\"@type\":\"BreadcrumbList\",\"@id\":\"https:\\\/\\\/lasentinelle.dz\\\/index.php\\\/2023\\\/03\\\/15\\\/le-projet-de-loi-relatif-a-la-lutte-contre-la-traite-des-etres-humains-presente-a-lapn-garantir-la-protection-des-victimes\\\/#breadcrumb\",\"itemListElement\":[{\"@type\":\"ListItem\",\"position\":1,\"name\":\"Accueil\",\"item\":\"https:\\\/\\\/lasentinelle.dz\\\/\"},{\"@type\":\"ListItem\",\"position\":2,\"name\":\"Le projet de loi relatif \u00e0 la lutte contre la traite des \u00eatres humains pr\u00e9sent\u00e9 \u00e0 l\u2019APN\u00a0: Garantir la protection des victimes\"}]},{\"@type\":\"WebSite\",\"@id\":\"https:\\\/\\\/lasentinelle.dz\\\/#website\",\"url\":\"https:\\\/\\\/lasentinelle.dz\\\/\",\"name\":\"La Sentinelle\",\"description\":\"Quotidien national d&#039;information\",\"publisher\":{\"@id\":\"https:\\\/\\\/lasentinelle.dz\\\/#organization\"},\"potentialAction\":[{\"@type\":\"SearchAction\",\"target\":{\"@type\":\"EntryPoint\",\"urlTemplate\":\"https:\\\/\\\/lasentinelle.dz\\\/?s={search_term_string}\"},\"query-input\":{\"@type\":\"PropertyValueSpecification\",\"valueRequired\":true,\"valueName\":\"search_term_string\"}}],\"inLanguage\":\"fr-FR\"},{\"@type\":\"Organization\",\"@id\":\"https:\\\/\\\/lasentinelle.dz\\\/#organization\",\"name\":\"Quotidien La Sentinelle\",\"url\":\"https:\\\/\\\/lasentinelle.dz\\\/\",\"logo\":{\"@type\":\"ImageObject\",\"inLanguage\":\"fr-FR\",\"@id\":\"https:\\\/\\\/lasentinelle.dz\\\/#\\\/schema\\\/logo\\\/image\\\/\",\"url\":\"https:\\\/\\\/lasentinelle.dz\\\/wp-content\\\/uploads\\\/2021\\\/09\\\/logo-sentinelleSLOGAN-1.png\",\"contentUrl\":\"https:\\\/\\\/lasentinelle.dz\\\/wp-content\\\/uploads\\\/2021\\\/09\\\/logo-sentinelleSLOGAN-1.png\",\"width\":615,\"height\":142,\"caption\":\"Quotidien La Sentinelle\"},\"image\":{\"@id\":\"https:\\\/\\\/lasentinelle.dz\\\/#\\\/schema\\\/logo\\\/image\\\/\"},\"sameAs\":[\"https:\\\/\\\/www.facebook.com\\\/La-Sentinelle-104059864394773\"]},{\"@type\":\"Person\",\"@id\":\"https:\\\/\\\/lasentinelle.dz\\\/#\\\/schema\\\/person\\\/d865044e22e70a75174ce8bcad3acfb3\",\"name\":\"La Sentinelle\",\"image\":{\"@type\":\"ImageObject\",\"inLanguage\":\"fr-FR\",\"@id\":\"https:\\\/\\\/secure.gravatar.com\\\/avatar\\\/57de8e5d4b15d43fb361a71fbb36338450fe67865b528a43dd10ef7c51a20392?s=96&d=mm&r=g\",\"url\":\"https:\\\/\\\/secure.gravatar.com\\\/avatar\\\/57de8e5d4b15d43fb361a71fbb36338450fe67865b528a43dd10ef7c51a20392?s=96&d=mm&r=g\",\"contentUrl\":\"https:\\\/\\\/secure.gravatar.com\\\/avatar\\\/57de8e5d4b15d43fb361a71fbb36338450fe67865b528a43dd10ef7c51a20392?s=96&d=mm&r=g\",\"caption\":\"La Sentinelle\"},\"sameAs\":[\"http:\\\/\\\/www.lasentinelle.dz\"],\"url\":\"https:\\\/\\\/lasentinelle.dz\\\/author\\\/redaction\\\/\"}]}<\/script>\n<!-- \/ Yoast SEO plugin. -->","yoast_head_json":{"title":"Le projet de loi relatif \u00e0 la lutte contre la traite des \u00eatres humains pr\u00e9sent\u00e9 \u00e0 l\u2019APN\u00a0: Garantir la protection des victimes - La Sentinelle","robots":{"index":"index","follow":"follow","max-snippet":"max-snippet:-1","max-image-preview":"max-image-preview:large","max-video-preview":"max-video-preview:-1"},"canonical":"https:\/\/lasentinelle.dz\/index.php\/2023\/03\/15\/le-projet-de-loi-relatif-a-la-lutte-contre-la-traite-des-etres-humains-presente-a-lapn-garantir-la-protection-des-victimes\/","og_locale":"fr_FR","og_type":"article","og_title":"Le projet de loi relatif \u00e0 la lutte contre la traite des \u00eatres humains pr\u00e9sent\u00e9 \u00e0 l\u2019APN\u00a0: Garantir la protection des victimes - La Sentinelle","og_description":"Le ministre de la Justice, garde des Sceaux, Abderrachid Tabi a indiqu\u00e9 hier lors de la pr\u00e9sentation devant les membres","og_url":"https:\/\/lasentinelle.dz\/index.php\/2023\/03\/15\/le-projet-de-loi-relatif-a-la-lutte-contre-la-traite-des-etres-humains-presente-a-lapn-garantir-la-protection-des-victimes\/","og_site_name":"La Sentinelle","article_publisher":"https:\/\/www.facebook.com\/La-Sentinelle-104059864394773","article_published_time":"2023-03-15T21:05:00+00:00","og_image":[{"width":1349,"height":900,"url":"https:\/\/lasentinelle.dz\/wp-content\/uploads\/2023\/03\/tabi-3.png","type":"image\/png"}],"author":"La Sentinelle","twitter_card":"summary_large_image","twitter_misc":{"\u00c9crit par":"La Sentinelle","Dur\u00e9e de lecture estim\u00e9e":"2 minutes"},"schema":{"@context":"https:\/\/schema.org","@graph":[{"@type":"Article","@id":"https:\/\/lasentinelle.dz\/index.php\/2023\/03\/15\/le-projet-de-loi-relatif-a-la-lutte-contre-la-traite-des-etres-humains-presente-a-lapn-garantir-la-protection-des-victimes\/#article","isPartOf":{"@id":"https:\/\/lasentinelle.dz\/index.php\/2023\/03\/15\/le-projet-de-loi-relatif-a-la-lutte-contre-la-traite-des-etres-humains-presente-a-lapn-garantir-la-protection-des-victimes\/"},"author":{"name":"La Sentinelle","@id":"https:\/\/lasentinelle.dz\/#\/schema\/person\/d865044e22e70a75174ce8bcad3acfb3"},"headline":"Le projet de loi relatif \u00e0 la lutte contre la traite des \u00eatres humains pr\u00e9sent\u00e9 \u00e0 l\u2019APN\u00a0: Garantir la protection des victimes","datePublished":"2023-03-15T21:05:00+00:00","mainEntityOfPage":{"@id":"https:\/\/lasentinelle.dz\/index.php\/2023\/03\/15\/le-projet-de-loi-relatif-a-la-lutte-contre-la-traite-des-etres-humains-presente-a-lapn-garantir-la-protection-des-victimes\/"},"wordCount":456,"commentCount":0,"publisher":{"@id":"https:\/\/lasentinelle.dz\/#organization"},"image":{"@id":"https:\/\/lasentinelle.dz\/index.php\/2023\/03\/15\/le-projet-de-loi-relatif-a-la-lutte-contre-la-traite-des-etres-humains-presente-a-lapn-garantir-la-protection-des-victimes\/#primaryimage"},"thumbnailUrl":"https:\/\/lasentinelle.dz\/wp-content\/uploads\/2023\/03\/tabi-3.png","articleSection":["Actualit\u00e9"],"inLanguage":"fr-FR","potentialAction":[{"@type":"CommentAction","name":"Comment","target":["https:\/\/lasentinelle.dz\/index.php\/2023\/03\/15\/le-projet-de-loi-relatif-a-la-lutte-contre-la-traite-des-etres-humains-presente-a-lapn-garantir-la-protection-des-victimes\/#respond"]}]},{"@type":"WebPage","@id":"https:\/\/lasentinelle.dz\/index.php\/2023\/03\/15\/le-projet-de-loi-relatif-a-la-lutte-contre-la-traite-des-etres-humains-presente-a-lapn-garantir-la-protection-des-victimes\/","url":"https:\/\/lasentinelle.dz\/index.php\/2023\/03\/15\/le-projet-de-loi-relatif-a-la-lutte-contre-la-traite-des-etres-humains-presente-a-lapn-garantir-la-protection-des-victimes\/","name":"Le projet de loi relatif \u00e0 la lutte contre la traite des \u00eatres humains pr\u00e9sent\u00e9 \u00e0 l\u2019APN\u00a0: Garantir la protection des victimes - La Sentinelle","isPartOf":{"@id":"https:\/\/lasentinelle.dz\/#website"},"primaryImageOfPage":{"@id":"https:\/\/lasentinelle.dz\/index.php\/2023\/03\/15\/le-projet-de-loi-relatif-a-la-lutte-contre-la-traite-des-etres-humains-presente-a-lapn-garantir-la-protection-des-victimes\/#primaryimage"},"image":{"@id":"https:\/\/lasentinelle.dz\/index.php\/2023\/03\/15\/le-projet-de-loi-relatif-a-la-lutte-contre-la-traite-des-etres-humains-presente-a-lapn-garantir-la-protection-des-victimes\/#primaryimage"},"thumbnailUrl":"https:\/\/lasentinelle.dz\/wp-content\/uploads\/2023\/03\/tabi-3.png","datePublished":"2023-03-15T21:05:00+00:00","breadcrumb":{"@id":"https:\/\/lasentinelle.dz\/index.php\/2023\/03\/15\/le-projet-de-loi-relatif-a-la-lutte-contre-la-traite-des-etres-humains-presente-a-lapn-garantir-la-protection-des-victimes\/#breadcrumb"},"inLanguage":"fr-FR","potentialAction":[{"@type":"ReadAction","target":["https:\/\/lasentinelle.dz\/index.php\/2023\/03\/15\/le-projet-de-loi-relatif-a-la-lutte-contre-la-traite-des-etres-humains-presente-a-lapn-garantir-la-protection-des-victimes\/"]}]},{"@type":"ImageObject","inLanguage":"fr-FR","@id":"https:\/\/lasentinelle.dz\/index.php\/2023\/03\/15\/le-projet-de-loi-relatif-a-la-lutte-contre-la-traite-des-etres-humains-presente-a-lapn-garantir-la-protection-des-victimes\/#primaryimage","url":"https:\/\/lasentinelle.dz\/wp-content\/uploads\/2023\/03\/tabi-3.png","contentUrl":"https:\/\/lasentinelle.dz\/wp-content\/uploads\/2023\/03\/tabi-3.png","width":1349,"height":900},{"@type":"BreadcrumbList","@id":"https:\/\/lasentinelle.dz\/index.php\/2023\/03\/15\/le-projet-de-loi-relatif-a-la-lutte-contre-la-traite-des-etres-humains-presente-a-lapn-garantir-la-protection-des-victimes\/#breadcrumb","itemListElement":[{"@type":"ListItem","position":1,"name":"Accueil","item":"https:\/\/lasentinelle.dz\/"},{"@type":"ListItem","position":2,"name":"Le projet de loi relatif \u00e0 la lutte contre la traite des \u00eatres humains pr\u00e9sent\u00e9 \u00e0 l\u2019APN\u00a0: Garantir la protection des victimes"}]},{"@type":"WebSite","@id":"https:\/\/lasentinelle.dz\/#website","url":"https:\/\/lasentinelle.dz\/","name":"La Sentinelle","description":"Quotidien national d&#039;information","publisher":{"@id":"https:\/\/lasentinelle.dz\/#organization"},"potentialAction":[{"@type":"SearchAction","target":{"@type":"EntryPoint","urlTemplate":"https:\/\/lasentinelle.dz\/?s={search_term_string}"},"query-input":{"@type":"PropertyValueSpecification","valueRequired":true,"valueName":"search_term_string"}}],"inLanguage":"fr-FR"},{"@type":"Organization","@id":"https:\/\/lasentinelle.dz\/#organization","name":"Quotidien La Sentinelle","url":"https:\/\/lasentinelle.dz\/","logo":{"@type":"ImageObject","inLanguage":"fr-FR","@id":"https:\/\/lasentinelle.dz\/#\/schema\/logo\/image\/","url":"https:\/\/lasentinelle.dz\/wp-content\/uploads\/2021\/09\/logo-sentinelleSLOGAN-1.png","contentUrl":"https:\/\/lasentinelle.dz\/wp-content\/uploads\/2021\/09\/logo-sentinelleSLOGAN-1.png","width":615,"height":142,"caption":"Quotidien La Sentinelle"},"image":{"@id":"https:\/\/lasentinelle.dz\/#\/schema\/logo\/image\/"},"sameAs":["https:\/\/www.facebook.com\/La-Sentinelle-104059864394773"]},{"@type":"Person","@id":"https:\/\/lasentinelle.dz\/#\/schema\/person\/d865044e22e70a75174ce8bcad3acfb3","name":"La Sentinelle","image":{"@type":"ImageObject","inLanguage":"fr-FR","@id":"https:\/\/secure.gravatar.com\/avatar\/57de8e5d4b15d43fb361a71fbb36338450fe67865b528a43dd10ef7c51a20392?s=96&d=mm&r=g","url":"https:\/\/secure.gravatar.com\/avatar\/57de8e5d4b15d43fb361a71fbb36338450fe67865b528a43dd10ef7c51a20392?s=96&d=mm&r=g","contentUrl":"https:\/\/secure.gravatar.com\/avatar\/57de8e5d4b15d43fb361a71fbb36338450fe67865b528a43dd10ef7c51a20392?s=96&d=mm&r=g","caption":"La Sentinelle"},"sameAs":["http:\/\/www.lasentinelle.dz"],"url":"https:\/\/lasentinelle.dz\/author\/redaction\/"}]}},"_links":{"self":[{"href":"https:\/\/lasentinelle.dz\/index.php\/wp-json\/wp\/v2\/posts\/37919","targetHints":{"allow":["GET"]}}],"collection":[{"href":"https:\/\/lasentinelle.dz\/index.php\/wp-json\/wp\/v2\/posts"}],"about":[{"href":"https:\/\/lasentinelle.dz\/index.php\/wp-json\/wp\/v2\/types\/post"}],"author":[{"embeddable":true,"href":"https:\/\/lasentinelle.dz\/index.php\/wp-json\/wp\/v2\/users\/3"}],"replies":[{"embeddable":true,"href":"https:\/\/lasentinelle.dz\/index.php\/wp-json\/wp\/v2\/comments?post=37919"}],"version-history":[{"count":1,"href":"https:\/\/lasentinelle.dz\/index.php\/wp-json\/wp\/v2\/posts\/37919\/revisions"}],"predecessor-version":[{"id":37926,"href":"https:\/\/lasentinelle.dz\/index.php\/wp-json\/wp\/v2\/posts\/37919\/revisions\/37926"}],"wp:featuredmedia":[{"embeddable":true,"href":"https:\/\/lasentinelle.dz\/index.php\/wp-json\/wp\/v2\/media\/37922"}],"wp:attachment":[{"href":"https:\/\/lasentinelle.dz\/index.php\/wp-json\/wp\/v2\/media?parent=37919"}],"wp:term":[{"taxonomy":"category","embeddable":true,"href":"https:\/\/lasentinelle.dz\/index.php\/wp-json\/wp\/v2\/categories?post=37919"},{"taxonomy":"post_tag","embeddable":true,"href":"https:\/\/lasentinelle.dz\/index.php\/wp-json\/wp\/v2\/tags?post=37919"}],"curies":[{"name":"wp","href":"https:\/\/api.w.org\/{rel}","templated":true}]}}