{"id":37929,"date":"2023-03-15T22:05:00","date_gmt":"2023-03-15T21:05:00","guid":{"rendered":"https:\/\/lasentinelle.dz\/?p=37929"},"modified":"2023-03-15T21:05:04","modified_gmt":"2023-03-15T20:05:04","slug":"gisement-de-ghar-djebilet-un-accord-signe-avec-le-partenaire-chinois-au-cours-de-ce-semestre","status":"publish","type":"post","link":"https:\/\/lasentinelle.dz\/index.php\/2023\/03\/15\/gisement-de-ghar-djebilet-un-accord-signe-avec-le-partenaire-chinois-au-cours-de-ce-semestre\/","title":{"rendered":"Gisement de Ghar Djebilet\u00a0: Un accord sign\u00e9 avec le partenaire chinois au cours de ce semestre"},"content":{"rendered":"\n<p>Le directeur g\u00e9n\u00e9ral adjoint de la Soci\u00e9t\u00e9 nationale du fer et de l&rsquo;acier (Feraal), Reda Belhaj, a indiqu\u00e9 hier sur les ondes de la Radio alg\u00e9rienne qu\u2019un accord portant sur le traitement su minerai de fer du gisement g\u00e9rant de Ghar Djebilet dans la wilaya de Tindouf sera sign\u00e9 aau cours du premier semestre 2023. Il a indiqu\u00e9 que le traitement du minerai de fer \u00e0 Gara Djebilet commencera bient\u00f4t avec une capacit\u00e9 de production pouvant atteindre deux millions de tonnes d&rsquo;ici 2025. Belhadj a pr\u00e9cis\u00e9 que \u00ab\u00a0la signature de l\u2019accord se fera u cours du premier semestre de 2023 avec un partenaire \u00e9tranger pour commencer le traitement du minerai de fer \u00e0 Gara Djebilet, ce qui permettra de proc\u00e9der \u00e0 l&rsquo;extraction de grandes quantit\u00e9s de cette substance\u00a0\u00bb.<\/p>\n\n\n\n<p>Il a \u00e9galement expliqu\u00e9 que \u00ab\u00a0la premi\u00e8re unit\u00e9 extraira au moins un million de tonnes de minerai de fer, puis une deuxi\u00e8me unit\u00e9 sera mise en place avec un d partenaire \u00e9tranger, le partenaire chinois, qui permettra l&rsquo;extraction d&rsquo;au moins deux million de tonnes \u00e0 l\u2019horizon 2025\u00a0\u00bb. Rappelons que l\u2019extraction du minerai de fer de Ghar Djebilet a \u00e9t\u00e9 lanc\u00e9e au mois de juillet dernier par Feraal. L\u2019exploitation de la mine qui renforme des r\u00e9serves de 3,5 milliards de tonnes de fer, doit se faire dans le cadre d\u2019un partenariat alg\u00e9ro-chinois. Notons que le pr\u00e9sident de la R\u00e9publique a r\u00e9cemment ordonn\u00e9 de parachever la mise en place des structures logistiques sur lesquels doit s\u2019adosser le projet, notamment la ligne entre Tindouf et B\u00e9char pour permettre le transport du minerai. Il a \u00e9galement ordonn\u00e9 de proc\u00e9der \u00e0 l\u2019am\u00e9nagement et \u00e0 l\u2019exploitation, en concomitance, concernant les diff\u00e9rents travaux, en vue de parachever l\u2019exploitation de la mine de Gara Djebilet.<\/p>\n\n\n\n<p>Pour rappel, le d\u00e9veloppement de la mine de Ghar Djebilet est l\u2019un des projets axiaux du plan de d\u00e9veloppement minier au c\u0153ur de la diversification de l\u2019\u00e9conomie nationale.<\/p>\n\n\n\n<p><strong>Chokri Hafed<\/strong><\/p>\n","protected":false},"excerpt":{"rendered":"<p>Le directeur g\u00e9n\u00e9ral adjoint de la Soci\u00e9t\u00e9 nationale du fer et de l&rsquo;acier (Feraal), Reda Belhaj, a indiqu\u00e9 hier sur<\/p>\n","protected":false},"author":3,"featured_media":20756,"comment_status":"open","ping_status":"closed","sticky":false,"template":"","format":"standard","meta":{"colormag_page_container_layout":"default_layout","colormag_page_sidebar_layout":"default_layout","om_disable_all_campaigns":false,"_monsterinsights_skip_tracking":false,"_monsterinsights_sitenote_active":false,"_monsterinsights_sitenote_note":"","_monsterinsights_sitenote_category":0,"footnotes":"","_wpscppro_dont_share_socialmedia":false,"_wpscppro_custom_social_share_image":0,"_facebook_share_type":"","_twitter_share_type":"","_linkedin_share_type":"","_pinterest_share_type":"","_linkedin_share_type_page":"","_instagram_share_type":"","_medium_share_type":"","_threads_share_type":"","_google_business_share_type":"","_selected_social_profile":[],"_wpsp_enable_custom_social_template":false,"_wpsp_social_scheduling":{"enabled":false,"datetime":null,"platforms":[],"status":"template_only","dateOption":"today","timeOption":"now","customDays":"","customHours":"","customDate":"","customTime":"","schedulingType":"absolute"},"_wpsp_active_default_template":true},"categories":[29],"tags":[],"class_list":["post-37929","post","type-post","status-publish","format-standard","has-post-thumbnail","hentry","category-economie"],"aioseo_notices":[],"yoast_head":"<!-- This site is optimized with the Yoast SEO plugin v27.5 - https:\/\/yoast.com\/product\/yoast-seo-wordpress\/ -->\n<title>Gisement de Ghar Djebilet\u00a0: Un accord sign\u00e9 avec le partenaire chinois au cours de ce semestre - La Sentinelle<\/title>\n<meta name=\"robots\" content=\"index, follow, max-snippet:-1, max-image-preview:large, max-video-preview:-1\" \/>\n<link rel=\"canonical\" href=\"https:\/\/lasentinelle.dz\/index.php\/2023\/03\/15\/gisement-de-ghar-djebilet-un-accord-signe-avec-le-partenaire-chinois-au-cours-de-ce-semestre\/\" \/>\n<meta property=\"og:locale\" content=\"fr_FR\" \/>\n<meta property=\"og:type\" content=\"article\" \/>\n<meta property=\"og:title\" content=\"Gisement de Ghar Djebilet\u00a0: Un accord sign\u00e9 avec le partenaire chinois au cours de ce semestre - La Sentinelle\" \/>\n<meta property=\"og:description\" content=\"Le directeur g\u00e9n\u00e9ral adjoint de la Soci\u00e9t\u00e9 nationale du fer et de l&rsquo;acier (Feraal), Reda Belhaj, a indiqu\u00e9 hier sur\" \/>\n<meta property=\"og:url\" content=\"https:\/\/lasentinelle.dz\/index.php\/2023\/03\/15\/gisement-de-ghar-djebilet-un-accord-signe-avec-le-partenaire-chinois-au-cours-de-ce-semestre\/\" \/>\n<meta property=\"og:site_name\" content=\"La Sentinelle\" \/>\n<meta property=\"article:publisher\" content=\"https:\/\/www.facebook.com\/La-Sentinelle-104059864394773\" \/>\n<meta property=\"article:published_time\" content=\"2023-03-15T21:05:00+00:00\" \/>\n<meta property=\"og:image\" content=\"https:\/\/lasentinelle.dz\/wp-content\/uploads\/2022\/05\/ghar-djebilet.png\" \/>\n\t<meta property=\"og:image:width\" content=\"1491\" \/>\n\t<meta property=\"og:image:height\" content=\"900\" \/>\n\t<meta property=\"og:image:type\" content=\"image\/png\" \/>\n<meta name=\"author\" content=\"La Sentinelle\" \/>\n<meta name=\"twitter:card\" content=\"summary_large_image\" \/>\n<meta name=\"twitter:label1\" content=\"\u00c9crit par\" \/>\n\t<meta name=\"twitter:data1\" content=\"La Sentinelle\" \/>\n\t<meta name=\"twitter:label2\" content=\"Dur\u00e9e de lecture estim\u00e9e\" \/>\n\t<meta name=\"twitter:data2\" content=\"2 minutes\" \/>\n<script type=\"application\/ld+json\" class=\"yoast-schema-graph\">{\"@context\":\"https:\\\/\\\/schema.org\",\"@graph\":[{\"@type\":\"Article\",\"@id\":\"https:\\\/\\\/lasentinelle.dz\\\/index.php\\\/2023\\\/03\\\/15\\\/gisement-de-ghar-djebilet-un-accord-signe-avec-le-partenaire-chinois-au-cours-de-ce-semestre\\\/#article\",\"isPartOf\":{\"@id\":\"https:\\\/\\\/lasentinelle.dz\\\/index.php\\\/2023\\\/03\\\/15\\\/gisement-de-ghar-djebilet-un-accord-signe-avec-le-partenaire-chinois-au-cours-de-ce-semestre\\\/\"},\"author\":{\"name\":\"La Sentinelle\",\"@id\":\"https:\\\/\\\/lasentinelle.dz\\\/#\\\/schema\\\/person\\\/d865044e22e70a75174ce8bcad3acfb3\"},\"headline\":\"Gisement de Ghar Djebilet\u00a0: Un accord sign\u00e9 avec le partenaire chinois au cours de ce semestre\",\"datePublished\":\"2023-03-15T21:05:00+00:00\",\"mainEntityOfPage\":{\"@id\":\"https:\\\/\\\/lasentinelle.dz\\\/index.php\\\/2023\\\/03\\\/15\\\/gisement-de-ghar-djebilet-un-accord-signe-avec-le-partenaire-chinois-au-cours-de-ce-semestre\\\/\"},\"wordCount\":361,\"commentCount\":0,\"publisher\":{\"@id\":\"https:\\\/\\\/lasentinelle.dz\\\/#organization\"},\"image\":{\"@id\":\"https:\\\/\\\/lasentinelle.dz\\\/index.php\\\/2023\\\/03\\\/15\\\/gisement-de-ghar-djebilet-un-accord-signe-avec-le-partenaire-chinois-au-cours-de-ce-semestre\\\/#primaryimage\"},\"thumbnailUrl\":\"https:\\\/\\\/lasentinelle.dz\\\/wp-content\\\/uploads\\\/2022\\\/05\\\/ghar-djebilet.png\",\"articleSection\":[\"\u00c9conomie\"],\"inLanguage\":\"fr-FR\",\"potentialAction\":[{\"@type\":\"CommentAction\",\"name\":\"Comment\",\"target\":[\"https:\\\/\\\/lasentinelle.dz\\\/index.php\\\/2023\\\/03\\\/15\\\/gisement-de-ghar-djebilet-un-accord-signe-avec-le-partenaire-chinois-au-cours-de-ce-semestre\\\/#respond\"]}]},{\"@type\":\"WebPage\",\"@id\":\"https:\\\/\\\/lasentinelle.dz\\\/index.php\\\/2023\\\/03\\\/15\\\/gisement-de-ghar-djebilet-un-accord-signe-avec-le-partenaire-chinois-au-cours-de-ce-semestre\\\/\",\"url\":\"https:\\\/\\\/lasentinelle.dz\\\/index.php\\\/2023\\\/03\\\/15\\\/gisement-de-ghar-djebilet-un-accord-signe-avec-le-partenaire-chinois-au-cours-de-ce-semestre\\\/\",\"name\":\"Gisement de Ghar Djebilet\u00a0: Un accord sign\u00e9 avec le partenaire chinois au cours de ce semestre - La Sentinelle\",\"isPartOf\":{\"@id\":\"https:\\\/\\\/lasentinelle.dz\\\/#website\"},\"primaryImageOfPage\":{\"@id\":\"https:\\\/\\\/lasentinelle.dz\\\/index.php\\\/2023\\\/03\\\/15\\\/gisement-de-ghar-djebilet-un-accord-signe-avec-le-partenaire-chinois-au-cours-de-ce-semestre\\\/#primaryimage\"},\"image\":{\"@id\":\"https:\\\/\\\/lasentinelle.dz\\\/index.php\\\/2023\\\/03\\\/15\\\/gisement-de-ghar-djebilet-un-accord-signe-avec-le-partenaire-chinois-au-cours-de-ce-semestre\\\/#primaryimage\"},\"thumbnailUrl\":\"https:\\\/\\\/lasentinelle.dz\\\/wp-content\\\/uploads\\\/2022\\\/05\\\/ghar-djebilet.png\",\"datePublished\":\"2023-03-15T21:05:00+00:00\",\"breadcrumb\":{\"@id\":\"https:\\\/\\\/lasentinelle.dz\\\/index.php\\\/2023\\\/03\\\/15\\\/gisement-de-ghar-djebilet-un-accord-signe-avec-le-partenaire-chinois-au-cours-de-ce-semestre\\\/#breadcrumb\"},\"inLanguage\":\"fr-FR\",\"potentialAction\":[{\"@type\":\"ReadAction\",\"target\":[\"https:\\\/\\\/lasentinelle.dz\\\/index.php\\\/2023\\\/03\\\/15\\\/gisement-de-ghar-djebilet-un-accord-signe-avec-le-partenaire-chinois-au-cours-de-ce-semestre\\\/\"]}]},{\"@type\":\"ImageObject\",\"inLanguage\":\"fr-FR\",\"@id\":\"https:\\\/\\\/lasentinelle.dz\\\/index.php\\\/2023\\\/03\\\/15\\\/gisement-de-ghar-djebilet-un-accord-signe-avec-le-partenaire-chinois-au-cours-de-ce-semestre\\\/#primaryimage\",\"url\":\"https:\\\/\\\/lasentinelle.dz\\\/wp-content\\\/uploads\\\/2022\\\/05\\\/ghar-djebilet.png\",\"contentUrl\":\"https:\\\/\\\/lasentinelle.dz\\\/wp-content\\\/uploads\\\/2022\\\/05\\\/ghar-djebilet.png\",\"width\":1491,\"height\":900},{\"@type\":\"BreadcrumbList\",\"@id\":\"https:\\\/\\\/lasentinelle.dz\\\/index.php\\\/2023\\\/03\\\/15\\\/gisement-de-ghar-djebilet-un-accord-signe-avec-le-partenaire-chinois-au-cours-de-ce-semestre\\\/#breadcrumb\",\"itemListElement\":[{\"@type\":\"ListItem\",\"position\":1,\"name\":\"Accueil\",\"item\":\"https:\\\/\\\/lasentinelle.dz\\\/\"},{\"@type\":\"ListItem\",\"position\":2,\"name\":\"Gisement de Ghar Djebilet\u00a0: Un accord sign\u00e9 avec le partenaire chinois au cours de ce semestre\"}]},{\"@type\":\"WebSite\",\"@id\":\"https:\\\/\\\/lasentinelle.dz\\\/#website\",\"url\":\"https:\\\/\\\/lasentinelle.dz\\\/\",\"name\":\"La Sentinelle\",\"description\":\"Quotidien national d&#039;information\",\"publisher\":{\"@id\":\"https:\\\/\\\/lasentinelle.dz\\\/#organization\"},\"potentialAction\":[{\"@type\":\"SearchAction\",\"target\":{\"@type\":\"EntryPoint\",\"urlTemplate\":\"https:\\\/\\\/lasentinelle.dz\\\/?s={search_term_string}\"},\"query-input\":{\"@type\":\"PropertyValueSpecification\",\"valueRequired\":true,\"valueName\":\"search_term_string\"}}],\"inLanguage\":\"fr-FR\"},{\"@type\":\"Organization\",\"@id\":\"https:\\\/\\\/lasentinelle.dz\\\/#organization\",\"name\":\"Quotidien La Sentinelle\",\"url\":\"https:\\\/\\\/lasentinelle.dz\\\/\",\"logo\":{\"@type\":\"ImageObject\",\"inLanguage\":\"fr-FR\",\"@id\":\"https:\\\/\\\/lasentinelle.dz\\\/#\\\/schema\\\/logo\\\/image\\\/\",\"url\":\"https:\\\/\\\/lasentinelle.dz\\\/wp-content\\\/uploads\\\/2021\\\/09\\\/logo-sentinelleSLOGAN-1.png\",\"contentUrl\":\"https:\\\/\\\/lasentinelle.dz\\\/wp-content\\\/uploads\\\/2021\\\/09\\\/logo-sentinelleSLOGAN-1.png\",\"width\":615,\"height\":142,\"caption\":\"Quotidien La Sentinelle\"},\"image\":{\"@id\":\"https:\\\/\\\/lasentinelle.dz\\\/#\\\/schema\\\/logo\\\/image\\\/\"},\"sameAs\":[\"https:\\\/\\\/www.facebook.com\\\/La-Sentinelle-104059864394773\"]},{\"@type\":\"Person\",\"@id\":\"https:\\\/\\\/lasentinelle.dz\\\/#\\\/schema\\\/person\\\/d865044e22e70a75174ce8bcad3acfb3\",\"name\":\"La Sentinelle\",\"image\":{\"@type\":\"ImageObject\",\"inLanguage\":\"fr-FR\",\"@id\":\"https:\\\/\\\/secure.gravatar.com\\\/avatar\\\/57de8e5d4b15d43fb361a71fbb36338450fe67865b528a43dd10ef7c51a20392?s=96&d=mm&r=g\",\"url\":\"https:\\\/\\\/secure.gravatar.com\\\/avatar\\\/57de8e5d4b15d43fb361a71fbb36338450fe67865b528a43dd10ef7c51a20392?s=96&d=mm&r=g\",\"contentUrl\":\"https:\\\/\\\/secure.gravatar.com\\\/avatar\\\/57de8e5d4b15d43fb361a71fbb36338450fe67865b528a43dd10ef7c51a20392?s=96&d=mm&r=g\",\"caption\":\"La Sentinelle\"},\"sameAs\":[\"http:\\\/\\\/www.lasentinelle.dz\"],\"url\":\"https:\\\/\\\/lasentinelle.dz\\\/author\\\/redaction\\\/\"}]}<\/script>\n<!-- \/ Yoast SEO plugin. -->","yoast_head_json":{"title":"Gisement de Ghar Djebilet\u00a0: Un accord sign\u00e9 avec le partenaire chinois au cours de ce semestre - La Sentinelle","robots":{"index":"index","follow":"follow","max-snippet":"max-snippet:-1","max-image-preview":"max-image-preview:large","max-video-preview":"max-video-preview:-1"},"canonical":"https:\/\/lasentinelle.dz\/index.php\/2023\/03\/15\/gisement-de-ghar-djebilet-un-accord-signe-avec-le-partenaire-chinois-au-cours-de-ce-semestre\/","og_locale":"fr_FR","og_type":"article","og_title":"Gisement de Ghar Djebilet\u00a0: Un accord sign\u00e9 avec le partenaire chinois au cours de ce semestre - La Sentinelle","og_description":"Le directeur g\u00e9n\u00e9ral adjoint de la Soci\u00e9t\u00e9 nationale du fer et de l&rsquo;acier (Feraal), Reda Belhaj, a indiqu\u00e9 hier sur","og_url":"https:\/\/lasentinelle.dz\/index.php\/2023\/03\/15\/gisement-de-ghar-djebilet-un-accord-signe-avec-le-partenaire-chinois-au-cours-de-ce-semestre\/","og_site_name":"La Sentinelle","article_publisher":"https:\/\/www.facebook.com\/La-Sentinelle-104059864394773","article_published_time":"2023-03-15T21:05:00+00:00","og_image":[{"width":1491,"height":900,"url":"https:\/\/lasentinelle.dz\/wp-content\/uploads\/2022\/05\/ghar-djebilet.png","type":"image\/png"}],"author":"La Sentinelle","twitter_card":"summary_large_image","twitter_misc":{"\u00c9crit par":"La Sentinelle","Dur\u00e9e de lecture estim\u00e9e":"2 minutes"},"schema":{"@context":"https:\/\/schema.org","@graph":[{"@type":"Article","@id":"https:\/\/lasentinelle.dz\/index.php\/2023\/03\/15\/gisement-de-ghar-djebilet-un-accord-signe-avec-le-partenaire-chinois-au-cours-de-ce-semestre\/#article","isPartOf":{"@id":"https:\/\/lasentinelle.dz\/index.php\/2023\/03\/15\/gisement-de-ghar-djebilet-un-accord-signe-avec-le-partenaire-chinois-au-cours-de-ce-semestre\/"},"author":{"name":"La Sentinelle","@id":"https:\/\/lasentinelle.dz\/#\/schema\/person\/d865044e22e70a75174ce8bcad3acfb3"},"headline":"Gisement de Ghar Djebilet\u00a0: Un accord sign\u00e9 avec le partenaire chinois au cours de ce semestre","datePublished":"2023-03-15T21:05:00+00:00","mainEntityOfPage":{"@id":"https:\/\/lasentinelle.dz\/index.php\/2023\/03\/15\/gisement-de-ghar-djebilet-un-accord-signe-avec-le-partenaire-chinois-au-cours-de-ce-semestre\/"},"wordCount":361,"commentCount":0,"publisher":{"@id":"https:\/\/lasentinelle.dz\/#organization"},"image":{"@id":"https:\/\/lasentinelle.dz\/index.php\/2023\/03\/15\/gisement-de-ghar-djebilet-un-accord-signe-avec-le-partenaire-chinois-au-cours-de-ce-semestre\/#primaryimage"},"thumbnailUrl":"https:\/\/lasentinelle.dz\/wp-content\/uploads\/2022\/05\/ghar-djebilet.png","articleSection":["\u00c9conomie"],"inLanguage":"fr-FR","potentialAction":[{"@type":"CommentAction","name":"Comment","target":["https:\/\/lasentinelle.dz\/index.php\/2023\/03\/15\/gisement-de-ghar-djebilet-un-accord-signe-avec-le-partenaire-chinois-au-cours-de-ce-semestre\/#respond"]}]},{"@type":"WebPage","@id":"https:\/\/lasentinelle.dz\/index.php\/2023\/03\/15\/gisement-de-ghar-djebilet-un-accord-signe-avec-le-partenaire-chinois-au-cours-de-ce-semestre\/","url":"https:\/\/lasentinelle.dz\/index.php\/2023\/03\/15\/gisement-de-ghar-djebilet-un-accord-signe-avec-le-partenaire-chinois-au-cours-de-ce-semestre\/","name":"Gisement de Ghar Djebilet\u00a0: Un accord sign\u00e9 avec le partenaire chinois au cours de ce semestre - La Sentinelle","isPartOf":{"@id":"https:\/\/lasentinelle.dz\/#website"},"primaryImageOfPage":{"@id":"https:\/\/lasentinelle.dz\/index.php\/2023\/03\/15\/gisement-de-ghar-djebilet-un-accord-signe-avec-le-partenaire-chinois-au-cours-de-ce-semestre\/#primaryimage"},"image":{"@id":"https:\/\/lasentinelle.dz\/index.php\/2023\/03\/15\/gisement-de-ghar-djebilet-un-accord-signe-avec-le-partenaire-chinois-au-cours-de-ce-semestre\/#primaryimage"},"thumbnailUrl":"https:\/\/lasentinelle.dz\/wp-content\/uploads\/2022\/05\/ghar-djebilet.png","datePublished":"2023-03-15T21:05:00+00:00","breadcrumb":{"@id":"https:\/\/lasentinelle.dz\/index.php\/2023\/03\/15\/gisement-de-ghar-djebilet-un-accord-signe-avec-le-partenaire-chinois-au-cours-de-ce-semestre\/#breadcrumb"},"inLanguage":"fr-FR","potentialAction":[{"@type":"ReadAction","target":["https:\/\/lasentinelle.dz\/index.php\/2023\/03\/15\/gisement-de-ghar-djebilet-un-accord-signe-avec-le-partenaire-chinois-au-cours-de-ce-semestre\/"]}]},{"@type":"ImageObject","inLanguage":"fr-FR","@id":"https:\/\/lasentinelle.dz\/index.php\/2023\/03\/15\/gisement-de-ghar-djebilet-un-accord-signe-avec-le-partenaire-chinois-au-cours-de-ce-semestre\/#primaryimage","url":"https:\/\/lasentinelle.dz\/wp-content\/uploads\/2022\/05\/ghar-djebilet.png","contentUrl":"https:\/\/lasentinelle.dz\/wp-content\/uploads\/2022\/05\/ghar-djebilet.png","width":1491,"height":900},{"@type":"BreadcrumbList","@id":"https:\/\/lasentinelle.dz\/index.php\/2023\/03\/15\/gisement-de-ghar-djebilet-un-accord-signe-avec-le-partenaire-chinois-au-cours-de-ce-semestre\/#breadcrumb","itemListElement":[{"@type":"ListItem","position":1,"name":"Accueil","item":"https:\/\/lasentinelle.dz\/"},{"@type":"ListItem","position":2,"name":"Gisement de Ghar Djebilet\u00a0: Un accord sign\u00e9 avec le partenaire chinois au cours de ce semestre"}]},{"@type":"WebSite","@id":"https:\/\/lasentinelle.dz\/#website","url":"https:\/\/lasentinelle.dz\/","name":"La Sentinelle","description":"Quotidien national d&#039;information","publisher":{"@id":"https:\/\/lasentinelle.dz\/#organization"},"potentialAction":[{"@type":"SearchAction","target":{"@type":"EntryPoint","urlTemplate":"https:\/\/lasentinelle.dz\/?s={search_term_string}"},"query-input":{"@type":"PropertyValueSpecification","valueRequired":true,"valueName":"search_term_string"}}],"inLanguage":"fr-FR"},{"@type":"Organization","@id":"https:\/\/lasentinelle.dz\/#organization","name":"Quotidien La Sentinelle","url":"https:\/\/lasentinelle.dz\/","logo":{"@type":"ImageObject","inLanguage":"fr-FR","@id":"https:\/\/lasentinelle.dz\/#\/schema\/logo\/image\/","url":"https:\/\/lasentinelle.dz\/wp-content\/uploads\/2021\/09\/logo-sentinelleSLOGAN-1.png","contentUrl":"https:\/\/lasentinelle.dz\/wp-content\/uploads\/2021\/09\/logo-sentinelleSLOGAN-1.png","width":615,"height":142,"caption":"Quotidien La Sentinelle"},"image":{"@id":"https:\/\/lasentinelle.dz\/#\/schema\/logo\/image\/"},"sameAs":["https:\/\/www.facebook.com\/La-Sentinelle-104059864394773"]},{"@type":"Person","@id":"https:\/\/lasentinelle.dz\/#\/schema\/person\/d865044e22e70a75174ce8bcad3acfb3","name":"La Sentinelle","image":{"@type":"ImageObject","inLanguage":"fr-FR","@id":"https:\/\/secure.gravatar.com\/avatar\/57de8e5d4b15d43fb361a71fbb36338450fe67865b528a43dd10ef7c51a20392?s=96&d=mm&r=g","url":"https:\/\/secure.gravatar.com\/avatar\/57de8e5d4b15d43fb361a71fbb36338450fe67865b528a43dd10ef7c51a20392?s=96&d=mm&r=g","contentUrl":"https:\/\/secure.gravatar.com\/avatar\/57de8e5d4b15d43fb361a71fbb36338450fe67865b528a43dd10ef7c51a20392?s=96&d=mm&r=g","caption":"La Sentinelle"},"sameAs":["http:\/\/www.lasentinelle.dz"],"url":"https:\/\/lasentinelle.dz\/author\/redaction\/"}]}},"_links":{"self":[{"href":"https:\/\/lasentinelle.dz\/index.php\/wp-json\/wp\/v2\/posts\/37929","targetHints":{"allow":["GET"]}}],"collection":[{"href":"https:\/\/lasentinelle.dz\/index.php\/wp-json\/wp\/v2\/posts"}],"about":[{"href":"https:\/\/lasentinelle.dz\/index.php\/wp-json\/wp\/v2\/types\/post"}],"author":[{"embeddable":true,"href":"https:\/\/lasentinelle.dz\/index.php\/wp-json\/wp\/v2\/users\/3"}],"replies":[{"embeddable":true,"href":"https:\/\/lasentinelle.dz\/index.php\/wp-json\/wp\/v2\/comments?post=37929"}],"version-history":[{"count":1,"href":"https:\/\/lasentinelle.dz\/index.php\/wp-json\/wp\/v2\/posts\/37929\/revisions"}],"predecessor-version":[{"id":37936,"href":"https:\/\/lasentinelle.dz\/index.php\/wp-json\/wp\/v2\/posts\/37929\/revisions\/37936"}],"wp:featuredmedia":[{"embeddable":true,"href":"https:\/\/lasentinelle.dz\/index.php\/wp-json\/wp\/v2\/media\/20756"}],"wp:attachment":[{"href":"https:\/\/lasentinelle.dz\/index.php\/wp-json\/wp\/v2\/media?parent=37929"}],"wp:term":[{"taxonomy":"category","embeddable":true,"href":"https:\/\/lasentinelle.dz\/index.php\/wp-json\/wp\/v2\/categories?post=37929"},{"taxonomy":"post_tag","embeddable":true,"href":"https:\/\/lasentinelle.dz\/index.php\/wp-json\/wp\/v2\/tags?post=37929"}],"curies":[{"name":"wp","href":"https:\/\/api.w.org\/{rel}","templated":true}]}}