{"id":37931,"date":"2023-03-15T22:05:00","date_gmt":"2023-03-15T21:05:00","guid":{"rendered":"https:\/\/lasentinelle.dz\/?p=37931"},"modified":"2023-03-15T21:40:23","modified_gmt":"2023-03-15T20:40:23","slug":"interdiction-dutilisation-de-ble-dans-lalimentation-du-betail-lavertissement-du-ministere-de-lagriculture","status":"publish","type":"post","link":"https:\/\/lasentinelle.dz\/index.php\/2023\/03\/15\/interdiction-dutilisation-de-ble-dans-lalimentation-du-betail-lavertissement-du-ministere-de-lagriculture\/","title":{"rendered":"Interdiction d&rsquo;utilisation de bl\u00e9 dans l&rsquo;alimentation du b\u00e9tail\u00a0: L\u2019avertissement du minist\u00e8re de l\u2019Agriculture"},"content":{"rendered":"\n<p>Le minist\u00e8re de l&rsquo;Agriculture et du D\u00e9veloppement rural a rappel\u00e9, dans un communiqu\u00e9 rendu public hier, l&rsquo;interdiction d&rsquo;utilisation des c\u00e9r\u00e9ales (bl\u00e9s dur et tendre) dans l&rsquo;alimentation animale, pr\u00e9venant que le d\u00e9tournement de ces produits destin\u00e9s exclusivement \u00e0 la consommation humaine de leur usage initial s&rsquo;apparentait \u00e0 de la sp\u00e9culation illicite et \u00e0 du monopole.<\/p>\n\n\n\n<p>\u00ab\u00a0Apr\u00e8s avoir enregistr\u00e9 plusieurs d\u00e9passements li\u00e9s au d\u00e9tournement des c\u00e9r\u00e9ales de leur usage initial, \u00e0 savoir la consommation humaine, pour l&rsquo;alimentation animale, le minist\u00e8re de l&rsquo;Agriculture et du D\u00e9veloppement&nbsp; rural informe l&rsquo;ensemble des producteurs, transformateurs et \u00e9leveurs que ces d\u00e9passements et comportements illicites entrent dans le cadre des affaires de monopole et de sp\u00e9culation et sont punis par la loi 21-15 relative \u00e0 la lutte contre la sp\u00e9culation illicite, comme c&rsquo;est le cas pour les autres produits strat\u00e9giques\u00a0\u00bb, lit-on dans le communiqu\u00e9. Le minist\u00e8re a expliqu\u00e9 avoir publi\u00e9 des communiqu\u00e9s interdisant l&rsquo;utilisation des bl\u00e9s dur et tendre comme mati\u00e8res premi\u00e8res dans l&rsquo;alimentation animale car \u00ab\u00a0ce comportement entra\u00eene le gaspillage de ce produit strat\u00e9gique destin\u00e9 exclusivement \u00e0 la consommation humaine\u00a0\u00bb, pr\u00e9venant que \u00ab\u00a0toute infraction aux dispositions l\u00e9gales susmentionn\u00e9es par la sp\u00e9culation ou le d\u00e9tournement des c\u00e9r\u00e9ales de leur usage initial, soit la consommation humaine, expose son auteur aux sanctions pr\u00e9vues par la loi\u00a0\u00bb. Le minist\u00e8re avait publi\u00e9, le 28 juin et le 15 d\u00e9cembre 2022, des communiqu\u00e9s interdisant l&rsquo;utilisation des bl\u00e9s dur et tendre comme mati\u00e8res premi\u00e8res dans l&rsquo;alimentation animale.<\/p>\n\n\n\n<p>APS<\/p>\n","protected":false},"excerpt":{"rendered":"<p>Le minist\u00e8re de l&rsquo;Agriculture et du D\u00e9veloppement rural a rappel\u00e9, dans un communiqu\u00e9 rendu public hier, l&rsquo;interdiction d&rsquo;utilisation des c\u00e9r\u00e9ales<\/p>\n","protected":false},"author":3,"featured_media":37948,"comment_status":"open","ping_status":"closed","sticky":false,"template":"","format":"standard","meta":{"colormag_page_container_layout":"default_layout","colormag_page_sidebar_layout":"default_layout","om_disable_all_campaigns":false,"_monsterinsights_skip_tracking":false,"_monsterinsights_sitenote_active":false,"_monsterinsights_sitenote_note":"","_monsterinsights_sitenote_category":0,"footnotes":"","_wpscppro_dont_share_socialmedia":false,"_wpscppro_custom_social_share_image":0,"_facebook_share_type":"","_twitter_share_type":"","_linkedin_share_type":"","_pinterest_share_type":"","_linkedin_share_type_page":"","_instagram_share_type":"","_medium_share_type":"","_threads_share_type":"","_google_business_share_type":"","_selected_social_profile":[],"_wpsp_enable_custom_social_template":false,"_wpsp_social_scheduling":{"enabled":false,"datetime":null,"platforms":[],"status":"template_only","dateOption":"today","timeOption":"now","customDays":"","customHours":"","customDate":"","customTime":"","schedulingType":"absolute"},"_wpsp_active_default_template":true},"categories":[27],"tags":[],"class_list":["post-37931","post","type-post","status-publish","format-standard","has-post-thumbnail","hentry","category-actualite"],"aioseo_notices":[],"yoast_head":"<!-- This site is optimized with the Yoast SEO plugin v27.5 - https:\/\/yoast.com\/product\/yoast-seo-wordpress\/ -->\n<title>Interdiction d&rsquo;utilisation de bl\u00e9 dans l&rsquo;alimentation du b\u00e9tail\u00a0: L\u2019avertissement du minist\u00e8re de l\u2019Agriculture - La Sentinelle<\/title>\n<meta name=\"robots\" content=\"index, follow, max-snippet:-1, max-image-preview:large, max-video-preview:-1\" \/>\n<link rel=\"canonical\" href=\"https:\/\/lasentinelle.dz\/index.php\/2023\/03\/15\/interdiction-dutilisation-de-ble-dans-lalimentation-du-betail-lavertissement-du-ministere-de-lagriculture\/\" \/>\n<meta property=\"og:locale\" content=\"fr_FR\" \/>\n<meta property=\"og:type\" content=\"article\" \/>\n<meta property=\"og:title\" content=\"Interdiction d&rsquo;utilisation de bl\u00e9 dans l&rsquo;alimentation du b\u00e9tail\u00a0: L\u2019avertissement du minist\u00e8re de l\u2019Agriculture - La Sentinelle\" \/>\n<meta property=\"og:description\" content=\"Le minist\u00e8re de l&rsquo;Agriculture et du D\u00e9veloppement rural a rappel\u00e9, dans un communiqu\u00e9 rendu public hier, l&rsquo;interdiction d&rsquo;utilisation des c\u00e9r\u00e9ales\" \/>\n<meta property=\"og:url\" content=\"https:\/\/lasentinelle.dz\/index.php\/2023\/03\/15\/interdiction-dutilisation-de-ble-dans-lalimentation-du-betail-lavertissement-du-ministere-de-lagriculture\/\" \/>\n<meta property=\"og:site_name\" content=\"La Sentinelle\" \/>\n<meta property=\"article:publisher\" content=\"https:\/\/www.facebook.com\/La-Sentinelle-104059864394773\" \/>\n<meta property=\"article:published_time\" content=\"2023-03-15T21:05:00+00:00\" \/>\n<meta property=\"og:image\" content=\"https:\/\/lasentinelle.dz\/wp-content\/uploads\/2023\/03\/image_2023-03-15_213719552.png\" \/>\n\t<meta property=\"og:image:width\" content=\"567\" \/>\n\t<meta property=\"og:image:height\" content=\"332\" \/>\n\t<meta property=\"og:image:type\" content=\"image\/png\" \/>\n<meta name=\"author\" content=\"La Sentinelle\" \/>\n<meta name=\"twitter:card\" content=\"summary_large_image\" \/>\n<meta name=\"twitter:label1\" content=\"\u00c9crit par\" \/>\n\t<meta name=\"twitter:data1\" content=\"La Sentinelle\" \/>\n\t<meta name=\"twitter:label2\" content=\"Dur\u00e9e de lecture estim\u00e9e\" \/>\n\t<meta name=\"twitter:data2\" content=\"2 minutes\" \/>\n<script type=\"application\/ld+json\" class=\"yoast-schema-graph\">{\"@context\":\"https:\\\/\\\/schema.org\",\"@graph\":[{\"@type\":\"Article\",\"@id\":\"https:\\\/\\\/lasentinelle.dz\\\/index.php\\\/2023\\\/03\\\/15\\\/interdiction-dutilisation-de-ble-dans-lalimentation-du-betail-lavertissement-du-ministere-de-lagriculture\\\/#article\",\"isPartOf\":{\"@id\":\"https:\\\/\\\/lasentinelle.dz\\\/index.php\\\/2023\\\/03\\\/15\\\/interdiction-dutilisation-de-ble-dans-lalimentation-du-betail-lavertissement-du-ministere-de-lagriculture\\\/\"},\"author\":{\"name\":\"La Sentinelle\",\"@id\":\"https:\\\/\\\/lasentinelle.dz\\\/#\\\/schema\\\/person\\\/d865044e22e70a75174ce8bcad3acfb3\"},\"headline\":\"Interdiction d&rsquo;utilisation de bl\u00e9 dans l&rsquo;alimentation du b\u00e9tail\u00a0: L\u2019avertissement du minist\u00e8re de l\u2019Agriculture\",\"datePublished\":\"2023-03-15T21:05:00+00:00\",\"mainEntityOfPage\":{\"@id\":\"https:\\\/\\\/lasentinelle.dz\\\/index.php\\\/2023\\\/03\\\/15\\\/interdiction-dutilisation-de-ble-dans-lalimentation-du-betail-lavertissement-du-ministere-de-lagriculture\\\/\"},\"wordCount\":302,\"commentCount\":0,\"publisher\":{\"@id\":\"https:\\\/\\\/lasentinelle.dz\\\/#organization\"},\"image\":{\"@id\":\"https:\\\/\\\/lasentinelle.dz\\\/index.php\\\/2023\\\/03\\\/15\\\/interdiction-dutilisation-de-ble-dans-lalimentation-du-betail-lavertissement-du-ministere-de-lagriculture\\\/#primaryimage\"},\"thumbnailUrl\":\"https:\\\/\\\/lasentinelle.dz\\\/wp-content\\\/uploads\\\/2023\\\/03\\\/image_2023-03-15_213719552.png\",\"articleSection\":[\"Actualit\u00e9\"],\"inLanguage\":\"fr-FR\",\"potentialAction\":[{\"@type\":\"CommentAction\",\"name\":\"Comment\",\"target\":[\"https:\\\/\\\/lasentinelle.dz\\\/index.php\\\/2023\\\/03\\\/15\\\/interdiction-dutilisation-de-ble-dans-lalimentation-du-betail-lavertissement-du-ministere-de-lagriculture\\\/#respond\"]}]},{\"@type\":\"WebPage\",\"@id\":\"https:\\\/\\\/lasentinelle.dz\\\/index.php\\\/2023\\\/03\\\/15\\\/interdiction-dutilisation-de-ble-dans-lalimentation-du-betail-lavertissement-du-ministere-de-lagriculture\\\/\",\"url\":\"https:\\\/\\\/lasentinelle.dz\\\/index.php\\\/2023\\\/03\\\/15\\\/interdiction-dutilisation-de-ble-dans-lalimentation-du-betail-lavertissement-du-ministere-de-lagriculture\\\/\",\"name\":\"Interdiction d&rsquo;utilisation de bl\u00e9 dans l&rsquo;alimentation du b\u00e9tail\u00a0: L\u2019avertissement du minist\u00e8re de l\u2019Agriculture - La Sentinelle\",\"isPartOf\":{\"@id\":\"https:\\\/\\\/lasentinelle.dz\\\/#website\"},\"primaryImageOfPage\":{\"@id\":\"https:\\\/\\\/lasentinelle.dz\\\/index.php\\\/2023\\\/03\\\/15\\\/interdiction-dutilisation-de-ble-dans-lalimentation-du-betail-lavertissement-du-ministere-de-lagriculture\\\/#primaryimage\"},\"image\":{\"@id\":\"https:\\\/\\\/lasentinelle.dz\\\/index.php\\\/2023\\\/03\\\/15\\\/interdiction-dutilisation-de-ble-dans-lalimentation-du-betail-lavertissement-du-ministere-de-lagriculture\\\/#primaryimage\"},\"thumbnailUrl\":\"https:\\\/\\\/lasentinelle.dz\\\/wp-content\\\/uploads\\\/2023\\\/03\\\/image_2023-03-15_213719552.png\",\"datePublished\":\"2023-03-15T21:05:00+00:00\",\"breadcrumb\":{\"@id\":\"https:\\\/\\\/lasentinelle.dz\\\/index.php\\\/2023\\\/03\\\/15\\\/interdiction-dutilisation-de-ble-dans-lalimentation-du-betail-lavertissement-du-ministere-de-lagriculture\\\/#breadcrumb\"},\"inLanguage\":\"fr-FR\",\"potentialAction\":[{\"@type\":\"ReadAction\",\"target\":[\"https:\\\/\\\/lasentinelle.dz\\\/index.php\\\/2023\\\/03\\\/15\\\/interdiction-dutilisation-de-ble-dans-lalimentation-du-betail-lavertissement-du-ministere-de-lagriculture\\\/\"]}]},{\"@type\":\"ImageObject\",\"inLanguage\":\"fr-FR\",\"@id\":\"https:\\\/\\\/lasentinelle.dz\\\/index.php\\\/2023\\\/03\\\/15\\\/interdiction-dutilisation-de-ble-dans-lalimentation-du-betail-lavertissement-du-ministere-de-lagriculture\\\/#primaryimage\",\"url\":\"https:\\\/\\\/lasentinelle.dz\\\/wp-content\\\/uploads\\\/2023\\\/03\\\/image_2023-03-15_213719552.png\",\"contentUrl\":\"https:\\\/\\\/lasentinelle.dz\\\/wp-content\\\/uploads\\\/2023\\\/03\\\/image_2023-03-15_213719552.png\",\"width\":567,\"height\":332},{\"@type\":\"BreadcrumbList\",\"@id\":\"https:\\\/\\\/lasentinelle.dz\\\/index.php\\\/2023\\\/03\\\/15\\\/interdiction-dutilisation-de-ble-dans-lalimentation-du-betail-lavertissement-du-ministere-de-lagriculture\\\/#breadcrumb\",\"itemListElement\":[{\"@type\":\"ListItem\",\"position\":1,\"name\":\"Accueil\",\"item\":\"https:\\\/\\\/lasentinelle.dz\\\/\"},{\"@type\":\"ListItem\",\"position\":2,\"name\":\"Interdiction d&rsquo;utilisation de bl\u00e9 dans l&rsquo;alimentation du b\u00e9tail\u00a0: L\u2019avertissement du minist\u00e8re de l\u2019Agriculture\"}]},{\"@type\":\"WebSite\",\"@id\":\"https:\\\/\\\/lasentinelle.dz\\\/#website\",\"url\":\"https:\\\/\\\/lasentinelle.dz\\\/\",\"name\":\"La Sentinelle\",\"description\":\"Quotidien national d&#039;information\",\"publisher\":{\"@id\":\"https:\\\/\\\/lasentinelle.dz\\\/#organization\"},\"potentialAction\":[{\"@type\":\"SearchAction\",\"target\":{\"@type\":\"EntryPoint\",\"urlTemplate\":\"https:\\\/\\\/lasentinelle.dz\\\/?s={search_term_string}\"},\"query-input\":{\"@type\":\"PropertyValueSpecification\",\"valueRequired\":true,\"valueName\":\"search_term_string\"}}],\"inLanguage\":\"fr-FR\"},{\"@type\":\"Organization\",\"@id\":\"https:\\\/\\\/lasentinelle.dz\\\/#organization\",\"name\":\"Quotidien La Sentinelle\",\"url\":\"https:\\\/\\\/lasentinelle.dz\\\/\",\"logo\":{\"@type\":\"ImageObject\",\"inLanguage\":\"fr-FR\",\"@id\":\"https:\\\/\\\/lasentinelle.dz\\\/#\\\/schema\\\/logo\\\/image\\\/\",\"url\":\"https:\\\/\\\/lasentinelle.dz\\\/wp-content\\\/uploads\\\/2021\\\/09\\\/logo-sentinelleSLOGAN-1.png\",\"contentUrl\":\"https:\\\/\\\/lasentinelle.dz\\\/wp-content\\\/uploads\\\/2021\\\/09\\\/logo-sentinelleSLOGAN-1.png\",\"width\":615,\"height\":142,\"caption\":\"Quotidien La Sentinelle\"},\"image\":{\"@id\":\"https:\\\/\\\/lasentinelle.dz\\\/#\\\/schema\\\/logo\\\/image\\\/\"},\"sameAs\":[\"https:\\\/\\\/www.facebook.com\\\/La-Sentinelle-104059864394773\"]},{\"@type\":\"Person\",\"@id\":\"https:\\\/\\\/lasentinelle.dz\\\/#\\\/schema\\\/person\\\/d865044e22e70a75174ce8bcad3acfb3\",\"name\":\"La Sentinelle\",\"image\":{\"@type\":\"ImageObject\",\"inLanguage\":\"fr-FR\",\"@id\":\"https:\\\/\\\/secure.gravatar.com\\\/avatar\\\/57de8e5d4b15d43fb361a71fbb36338450fe67865b528a43dd10ef7c51a20392?s=96&d=mm&r=g\",\"url\":\"https:\\\/\\\/secure.gravatar.com\\\/avatar\\\/57de8e5d4b15d43fb361a71fbb36338450fe67865b528a43dd10ef7c51a20392?s=96&d=mm&r=g\",\"contentUrl\":\"https:\\\/\\\/secure.gravatar.com\\\/avatar\\\/57de8e5d4b15d43fb361a71fbb36338450fe67865b528a43dd10ef7c51a20392?s=96&d=mm&r=g\",\"caption\":\"La Sentinelle\"},\"sameAs\":[\"http:\\\/\\\/www.lasentinelle.dz\"],\"url\":\"https:\\\/\\\/lasentinelle.dz\\\/author\\\/redaction\\\/\"}]}<\/script>\n<!-- \/ Yoast SEO plugin. -->","yoast_head_json":{"title":"Interdiction d&rsquo;utilisation de bl\u00e9 dans l&rsquo;alimentation du b\u00e9tail\u00a0: L\u2019avertissement du minist\u00e8re de l\u2019Agriculture - La Sentinelle","robots":{"index":"index","follow":"follow","max-snippet":"max-snippet:-1","max-image-preview":"max-image-preview:large","max-video-preview":"max-video-preview:-1"},"canonical":"https:\/\/lasentinelle.dz\/index.php\/2023\/03\/15\/interdiction-dutilisation-de-ble-dans-lalimentation-du-betail-lavertissement-du-ministere-de-lagriculture\/","og_locale":"fr_FR","og_type":"article","og_title":"Interdiction d&rsquo;utilisation de bl\u00e9 dans l&rsquo;alimentation du b\u00e9tail\u00a0: L\u2019avertissement du minist\u00e8re de l\u2019Agriculture - La Sentinelle","og_description":"Le minist\u00e8re de l&rsquo;Agriculture et du D\u00e9veloppement rural a rappel\u00e9, dans un communiqu\u00e9 rendu public hier, l&rsquo;interdiction d&rsquo;utilisation des c\u00e9r\u00e9ales","og_url":"https:\/\/lasentinelle.dz\/index.php\/2023\/03\/15\/interdiction-dutilisation-de-ble-dans-lalimentation-du-betail-lavertissement-du-ministere-de-lagriculture\/","og_site_name":"La Sentinelle","article_publisher":"https:\/\/www.facebook.com\/La-Sentinelle-104059864394773","article_published_time":"2023-03-15T21:05:00+00:00","og_image":[{"width":567,"height":332,"url":"https:\/\/lasentinelle.dz\/wp-content\/uploads\/2023\/03\/image_2023-03-15_213719552.png","type":"image\/png"}],"author":"La Sentinelle","twitter_card":"summary_large_image","twitter_misc":{"\u00c9crit par":"La Sentinelle","Dur\u00e9e de lecture estim\u00e9e":"2 minutes"},"schema":{"@context":"https:\/\/schema.org","@graph":[{"@type":"Article","@id":"https:\/\/lasentinelle.dz\/index.php\/2023\/03\/15\/interdiction-dutilisation-de-ble-dans-lalimentation-du-betail-lavertissement-du-ministere-de-lagriculture\/#article","isPartOf":{"@id":"https:\/\/lasentinelle.dz\/index.php\/2023\/03\/15\/interdiction-dutilisation-de-ble-dans-lalimentation-du-betail-lavertissement-du-ministere-de-lagriculture\/"},"author":{"name":"La Sentinelle","@id":"https:\/\/lasentinelle.dz\/#\/schema\/person\/d865044e22e70a75174ce8bcad3acfb3"},"headline":"Interdiction d&rsquo;utilisation de bl\u00e9 dans l&rsquo;alimentation du b\u00e9tail\u00a0: L\u2019avertissement du minist\u00e8re de l\u2019Agriculture","datePublished":"2023-03-15T21:05:00+00:00","mainEntityOfPage":{"@id":"https:\/\/lasentinelle.dz\/index.php\/2023\/03\/15\/interdiction-dutilisation-de-ble-dans-lalimentation-du-betail-lavertissement-du-ministere-de-lagriculture\/"},"wordCount":302,"commentCount":0,"publisher":{"@id":"https:\/\/lasentinelle.dz\/#organization"},"image":{"@id":"https:\/\/lasentinelle.dz\/index.php\/2023\/03\/15\/interdiction-dutilisation-de-ble-dans-lalimentation-du-betail-lavertissement-du-ministere-de-lagriculture\/#primaryimage"},"thumbnailUrl":"https:\/\/lasentinelle.dz\/wp-content\/uploads\/2023\/03\/image_2023-03-15_213719552.png","articleSection":["Actualit\u00e9"],"inLanguage":"fr-FR","potentialAction":[{"@type":"CommentAction","name":"Comment","target":["https:\/\/lasentinelle.dz\/index.php\/2023\/03\/15\/interdiction-dutilisation-de-ble-dans-lalimentation-du-betail-lavertissement-du-ministere-de-lagriculture\/#respond"]}]},{"@type":"WebPage","@id":"https:\/\/lasentinelle.dz\/index.php\/2023\/03\/15\/interdiction-dutilisation-de-ble-dans-lalimentation-du-betail-lavertissement-du-ministere-de-lagriculture\/","url":"https:\/\/lasentinelle.dz\/index.php\/2023\/03\/15\/interdiction-dutilisation-de-ble-dans-lalimentation-du-betail-lavertissement-du-ministere-de-lagriculture\/","name":"Interdiction d&rsquo;utilisation de bl\u00e9 dans l&rsquo;alimentation du b\u00e9tail\u00a0: L\u2019avertissement du minist\u00e8re de l\u2019Agriculture - La Sentinelle","isPartOf":{"@id":"https:\/\/lasentinelle.dz\/#website"},"primaryImageOfPage":{"@id":"https:\/\/lasentinelle.dz\/index.php\/2023\/03\/15\/interdiction-dutilisation-de-ble-dans-lalimentation-du-betail-lavertissement-du-ministere-de-lagriculture\/#primaryimage"},"image":{"@id":"https:\/\/lasentinelle.dz\/index.php\/2023\/03\/15\/interdiction-dutilisation-de-ble-dans-lalimentation-du-betail-lavertissement-du-ministere-de-lagriculture\/#primaryimage"},"thumbnailUrl":"https:\/\/lasentinelle.dz\/wp-content\/uploads\/2023\/03\/image_2023-03-15_213719552.png","datePublished":"2023-03-15T21:05:00+00:00","breadcrumb":{"@id":"https:\/\/lasentinelle.dz\/index.php\/2023\/03\/15\/interdiction-dutilisation-de-ble-dans-lalimentation-du-betail-lavertissement-du-ministere-de-lagriculture\/#breadcrumb"},"inLanguage":"fr-FR","potentialAction":[{"@type":"ReadAction","target":["https:\/\/lasentinelle.dz\/index.php\/2023\/03\/15\/interdiction-dutilisation-de-ble-dans-lalimentation-du-betail-lavertissement-du-ministere-de-lagriculture\/"]}]},{"@type":"ImageObject","inLanguage":"fr-FR","@id":"https:\/\/lasentinelle.dz\/index.php\/2023\/03\/15\/interdiction-dutilisation-de-ble-dans-lalimentation-du-betail-lavertissement-du-ministere-de-lagriculture\/#primaryimage","url":"https:\/\/lasentinelle.dz\/wp-content\/uploads\/2023\/03\/image_2023-03-15_213719552.png","contentUrl":"https:\/\/lasentinelle.dz\/wp-content\/uploads\/2023\/03\/image_2023-03-15_213719552.png","width":567,"height":332},{"@type":"BreadcrumbList","@id":"https:\/\/lasentinelle.dz\/index.php\/2023\/03\/15\/interdiction-dutilisation-de-ble-dans-lalimentation-du-betail-lavertissement-du-ministere-de-lagriculture\/#breadcrumb","itemListElement":[{"@type":"ListItem","position":1,"name":"Accueil","item":"https:\/\/lasentinelle.dz\/"},{"@type":"ListItem","position":2,"name":"Interdiction d&rsquo;utilisation de bl\u00e9 dans l&rsquo;alimentation du b\u00e9tail\u00a0: L\u2019avertissement du minist\u00e8re de l\u2019Agriculture"}]},{"@type":"WebSite","@id":"https:\/\/lasentinelle.dz\/#website","url":"https:\/\/lasentinelle.dz\/","name":"La Sentinelle","description":"Quotidien national d&#039;information","publisher":{"@id":"https:\/\/lasentinelle.dz\/#organization"},"potentialAction":[{"@type":"SearchAction","target":{"@type":"EntryPoint","urlTemplate":"https:\/\/lasentinelle.dz\/?s={search_term_string}"},"query-input":{"@type":"PropertyValueSpecification","valueRequired":true,"valueName":"search_term_string"}}],"inLanguage":"fr-FR"},{"@type":"Organization","@id":"https:\/\/lasentinelle.dz\/#organization","name":"Quotidien La Sentinelle","url":"https:\/\/lasentinelle.dz\/","logo":{"@type":"ImageObject","inLanguage":"fr-FR","@id":"https:\/\/lasentinelle.dz\/#\/schema\/logo\/image\/","url":"https:\/\/lasentinelle.dz\/wp-content\/uploads\/2021\/09\/logo-sentinelleSLOGAN-1.png","contentUrl":"https:\/\/lasentinelle.dz\/wp-content\/uploads\/2021\/09\/logo-sentinelleSLOGAN-1.png","width":615,"height":142,"caption":"Quotidien La Sentinelle"},"image":{"@id":"https:\/\/lasentinelle.dz\/#\/schema\/logo\/image\/"},"sameAs":["https:\/\/www.facebook.com\/La-Sentinelle-104059864394773"]},{"@type":"Person","@id":"https:\/\/lasentinelle.dz\/#\/schema\/person\/d865044e22e70a75174ce8bcad3acfb3","name":"La Sentinelle","image":{"@type":"ImageObject","inLanguage":"fr-FR","@id":"https:\/\/secure.gravatar.com\/avatar\/57de8e5d4b15d43fb361a71fbb36338450fe67865b528a43dd10ef7c51a20392?s=96&d=mm&r=g","url":"https:\/\/secure.gravatar.com\/avatar\/57de8e5d4b15d43fb361a71fbb36338450fe67865b528a43dd10ef7c51a20392?s=96&d=mm&r=g","contentUrl":"https:\/\/secure.gravatar.com\/avatar\/57de8e5d4b15d43fb361a71fbb36338450fe67865b528a43dd10ef7c51a20392?s=96&d=mm&r=g","caption":"La Sentinelle"},"sameAs":["http:\/\/www.lasentinelle.dz"],"url":"https:\/\/lasentinelle.dz\/author\/redaction\/"}]}},"_links":{"self":[{"href":"https:\/\/lasentinelle.dz\/index.php\/wp-json\/wp\/v2\/posts\/37931","targetHints":{"allow":["GET"]}}],"collection":[{"href":"https:\/\/lasentinelle.dz\/index.php\/wp-json\/wp\/v2\/posts"}],"about":[{"href":"https:\/\/lasentinelle.dz\/index.php\/wp-json\/wp\/v2\/types\/post"}],"author":[{"embeddable":true,"href":"https:\/\/lasentinelle.dz\/index.php\/wp-json\/wp\/v2\/users\/3"}],"replies":[{"embeddable":true,"href":"https:\/\/lasentinelle.dz\/index.php\/wp-json\/wp\/v2\/comments?post=37931"}],"version-history":[{"count":1,"href":"https:\/\/lasentinelle.dz\/index.php\/wp-json\/wp\/v2\/posts\/37931\/revisions"}],"predecessor-version":[{"id":37949,"href":"https:\/\/lasentinelle.dz\/index.php\/wp-json\/wp\/v2\/posts\/37931\/revisions\/37949"}],"wp:featuredmedia":[{"embeddable":true,"href":"https:\/\/lasentinelle.dz\/index.php\/wp-json\/wp\/v2\/media\/37948"}],"wp:attachment":[{"href":"https:\/\/lasentinelle.dz\/index.php\/wp-json\/wp\/v2\/media?parent=37931"}],"wp:term":[{"taxonomy":"category","embeddable":true,"href":"https:\/\/lasentinelle.dz\/index.php\/wp-json\/wp\/v2\/categories?post=37931"},{"taxonomy":"post_tag","embeddable":true,"href":"https:\/\/lasentinelle.dz\/index.php\/wp-json\/wp\/v2\/tags?post=37931"}],"curies":[{"name":"wp","href":"https:\/\/api.w.org\/{rel}","templated":true}]}}