{"id":37950,"date":"2023-03-15T22:08:00","date_gmt":"2023-03-15T21:08:00","guid":{"rendered":"https:\/\/lasentinelle.dz\/?p=37950"},"modified":"2023-03-15T22:13:44","modified_gmt":"2023-03-15T21:13:44","slug":"cooperation-en-matiere-de-defense-alger-et-pretoria-veulent-aller-au-dela-du-politique","status":"publish","type":"post","link":"https:\/\/lasentinelle.dz\/index.php\/2023\/03\/15\/cooperation-en-matiere-de-defense-alger-et-pretoria-veulent-aller-au-dela-du-politique\/","title":{"rendered":"Coop\u00e9ration en mati\u00e8re de d\u00e9fense\u00a0: Alger et Pretoria veulent aller au-del\u00e0 du politique\u00a0"},"content":{"rendered":"\n<p>C\u2019est un fait connu de tous, les relations alg\u00e9ro-sud africaines sont excellentes au plan politique. Elles sont tellement bonnes que de nombreux sp\u00e9cialistes parlent d\u2019axe Alger-Pretoria. Cet axe p\u00e8se beaucoup sur la politique de l\u2019Union africaine. La force du couple Alg\u00e9rie-Afrique du Sud s\u2019explique par le fait que les deux pays ont des analyses pratiquement similaires des grandes questions qui int\u00e9ressent le continent africain. C\u2019est le cas, par exemple, du conflit du Sahara Occidental. Alger comme Pretoria militent en faveur de la d\u00e9colonisation de ce territoire occup\u00e9 ill\u00e9galement par le Maroc. Le partenariat militaire entre les deux pays n\u2019est en revanche pas \u00e0 la hauteur de leurs \u00e9changes politiques. C\u2019est sans doute pour combler cette lacune que le G\u00e9n\u00e9ral d&rsquo;Arm\u00e9e, Rudzani Maphwanya, Commandant des Forces de D\u00e9fense nationale de l&rsquo;Afrique du Sud, a effectu\u00e9 mardi une visite \u00e0 Alger \u00e0 la t\u00eate d&rsquo;une importante d\u00e9l\u00e9gation. Il a \u00e9t\u00e9 re\u00e7u par le G\u00e9n\u00e9ral d&rsquo;Arm\u00e9e, Sa\u00efd Chanegriha, Chef&nbsp;&nbsp; d&rsquo;\u00c9tat-major de l&rsquo;Arm\u00e9e nationale populaire (EM-ANP). Lors de cette audience, les deux parties \u00ab ont pass\u00e9 en revue l&rsquo;\u00e9tat de la coop\u00e9ration militaire entre les arm\u00e9es des deux pays, ainsi que les moyens et perspectives de leur d\u00e9veloppement \u00bb, indique un communiqu\u00e9 du minist\u00e8re de la D\u00e9fense nationale, ajoutant&nbsp; qu&rsquo;elles ont, par ailleurs, \u00ab \u00e9voqu\u00e9 les d\u00e9fis s\u00e9curitaires qui se posent au monde, en g\u00e9n\u00e9ral, et au continent africain, en particulier, et \u00e9chang\u00e9 les points de vue sur les questions d&rsquo;int\u00e9r\u00eat commun \u00bb.<\/p>\n\n\n\n<p>A cette occasion, le G\u00e9n\u00e9ral d&rsquo;Arm\u00e9e a soulign\u00e9 lors de son allocution de bienvenue que \u00ab cette visite en Alg\u00e9rie refl\u00e8te la volont\u00e9 politique des hautes autorit\u00e9s des deux pays de promouvoir la coop\u00e9ration militaire bilat\u00e9rale au niveau des relations historiques et d&rsquo;amiti\u00e9 qui lient les deux pays \u00bb. \u00abCette visite est un signe de notre engagement commun en faveur de la volont\u00e9 politique des hautes autorit\u00e9s des deux pays d&rsquo;\u0153uvre ensemble pour l&rsquo;instauration d&rsquo;une coop\u00e9ration dense, bas\u00e9e sur les \u00e9changes, la concertation et le pragmatisme, et hiss\u00e9e au niveau des relations historiques entre les deux pays et des ambitions qui les animent \u00bb, a relev\u00e9 le G\u00e9n\u00e9ral d&rsquo;Arm\u00e9e.<\/p>\n\n\n\n<p>Pour y parvenir, le G\u00e9n\u00e9ral d&rsquo;Arm\u00e9e, Sa\u00efd Chanegriha a soulign\u00e9 la n\u00e9cessit\u00e9 d\u2019inscrire cette coop\u00e9ration \u00ab dans le cadre d&rsquo;un protocole de coop\u00e9ration militaire, \u00e0 ratifier par les deux arm\u00e9es \u00bb. \u00ab Je suis persuad\u00e9 que votre visite, aujourd&rsquo;hui, contribuera \u00e0 la d\u00e9finition des contours de cette coop\u00e9ration et, partant, \u00e0 la signature d&rsquo;un accord y aff\u00e9rent entre nos deux institutions \u00bb, a affirm\u00e9 M. Chanegriha.&nbsp; A l\u2019occasion, le G\u00e9n\u00e9ral d&rsquo;Arm\u00e9e a mis en exergue \u00ab la r\u00e9elle volont\u00e9 qui anime les deux pays en mati\u00e8re de f\u00e9d\u00e9ration des efforts pour l&rsquo;instauration de la paix et de la stabilit\u00e9 au niveau du continent africain \u00bb. \u00ab Je tiens \u00e0 r\u00e9affirmer notre sinc\u00e8re volont\u00e9 de f\u00e9d\u00e9rer nos efforts, pour mettre en \u0153uvre une coop\u00e9ration dynamique qui r\u00e9pond aux aspirations de nos peuples, d&rsquo;autant plus que les relations entre les deux pays rev\u00eatent un cachet d&rsquo;excellence, traduit notamment par la volont\u00e9 commune de contribuer efficacement \u00e0 l&rsquo;instauration de la paix et de la stabilit\u00e9 au niveau du continent africain \u00bb, a-t-il soutenu. Pour sa part, le G\u00e9n\u00e9ral d&rsquo;Arm\u00e9e, Rudzani Maphwanya, a \u00abexprim\u00e9 ses remerciements pour les marques d&rsquo;hospitalit\u00e9 dont il a \u00e9t\u00e9 entour\u00e9, lui et sa d\u00e9l\u00e9gation, avant de souligner la convergence des points de vue et des&nbsp; analyses sur les questions d&rsquo;actualit\u00e9 continentale et internationale, ainsi que la disponibilit\u00e9 de son pays \u00e0 \u0153uvrer pour le renforcement de la coop\u00e9ration militaire bilat\u00e9rale\u00bb. A entendre donc les responsables des deux arm\u00e9es, il y a une volont\u00e9 affirm\u00e9e et affich\u00e9e de nouer un partenariat militaire et s\u00e9curitaire solide. Ce partenariat en mati\u00e8re de d\u00e9fense naissant devrait \u00eatre b\u00e9n\u00e9fique \u00e0 la fois aux deux pays et \u00e0 l\u2019Afrique. De par leur poids, leur exp\u00e9rience, leur potentiel et leur influence, l\u2019Alg\u00e9rie et l\u2019Afrique du Sud peuvent en effet constituer une locomotive pour l\u2019Afrique et contribuer \u00e0 sa stabilit\u00e9. L\u2019entente entre l\u2019Alg\u00e9rie et l\u2019Afrique du Sud peut permettre \u00e0 l\u2019Afrique d\u2019avoir des r\u00e9ponses s\u00e9curitaires africaines \u00e0 ses probl\u00e8mes. C\u2019est probablement en ayant \u00e0 l\u2019esprit ce souci que l\u2019Arm\u00e9e nationale populaire (ANP) a multipli\u00e9 ces derniers mois les contacts avec les chefs de nombreuses arm\u00e9es africaines. Ces contacts se sont souvent sold\u00e9s par la&nbsp; signature de protocoles de coop\u00e9ration, comme ce fut le cas par exemple avec le Cameroun.<\/p>\n\n\n\n<p><strong>&nbsp;Khider Larbi&nbsp;<\/strong><\/p>\n","protected":false},"excerpt":{"rendered":"<p>C\u2019est un fait connu de tous, les relations alg\u00e9ro-sud africaines sont excellentes au plan politique. Elles sont tellement bonnes que<\/p>\n","protected":false},"author":3,"featured_media":37953,"comment_status":"open","ping_status":"closed","sticky":false,"template":"","format":"standard","meta":{"colormag_page_container_layout":"default_layout","colormag_page_sidebar_layout":"default_layout","om_disable_all_campaigns":false,"_monsterinsights_skip_tracking":false,"_monsterinsights_sitenote_active":false,"_monsterinsights_sitenote_note":"","_monsterinsights_sitenote_category":0,"footnotes":"","_wpscppro_dont_share_socialmedia":false,"_wpscppro_custom_social_share_image":0,"_facebook_share_type":"","_twitter_share_type":"","_linkedin_share_type":"","_pinterest_share_type":"","_linkedin_share_type_page":"","_instagram_share_type":"","_medium_share_type":"","_threads_share_type":"","_google_business_share_type":"","_selected_social_profile":[],"_wpsp_enable_custom_social_template":false,"_wpsp_social_scheduling":{"enabled":false,"datetime":null,"platforms":[],"status":"template_only","dateOption":"today","timeOption":"now","customDays":"","customHours":"","customDate":"","customTime":"","schedulingType":"absolute"},"_wpsp_active_default_template":true},"categories":[52,27],"tags":[],"class_list":["post-37950","post","type-post","status-publish","format-standard","has-post-thumbnail","hentry","category-a-la-une","category-actualite"],"aioseo_notices":[],"yoast_head":"<!-- This site is optimized with the Yoast SEO plugin v27.5 - https:\/\/yoast.com\/product\/yoast-seo-wordpress\/ -->\n<title>Coop\u00e9ration en mati\u00e8re de d\u00e9fense\u00a0: Alger et Pretoria veulent aller au-del\u00e0 du politique\u00a0 - La Sentinelle<\/title>\n<meta name=\"robots\" content=\"index, follow, max-snippet:-1, max-image-preview:large, max-video-preview:-1\" \/>\n<link rel=\"canonical\" href=\"https:\/\/lasentinelle.dz\/index.php\/2023\/03\/15\/cooperation-en-matiere-de-defense-alger-et-pretoria-veulent-aller-au-dela-du-politique\/\" \/>\n<meta property=\"og:locale\" content=\"fr_FR\" \/>\n<meta property=\"og:type\" content=\"article\" \/>\n<meta property=\"og:title\" content=\"Coop\u00e9ration en mati\u00e8re de d\u00e9fense\u00a0: Alger et Pretoria veulent aller au-del\u00e0 du politique\u00a0 - La Sentinelle\" \/>\n<meta property=\"og:description\" content=\"C\u2019est un fait connu de tous, les relations alg\u00e9ro-sud africaines sont excellentes au plan politique. Elles sont tellement bonnes que\" \/>\n<meta property=\"og:url\" content=\"https:\/\/lasentinelle.dz\/index.php\/2023\/03\/15\/cooperation-en-matiere-de-defense-alger-et-pretoria-veulent-aller-au-dela-du-politique\/\" \/>\n<meta property=\"og:site_name\" content=\"La Sentinelle\" \/>\n<meta property=\"article:publisher\" content=\"https:\/\/www.facebook.com\/La-Sentinelle-104059864394773\" \/>\n<meta property=\"article:published_time\" content=\"2023-03-15T21:08:00+00:00\" \/>\n<meta property=\"article:modified_time\" content=\"2023-03-15T21:13:44+00:00\" \/>\n<meta property=\"og:image\" content=\"https:\/\/lasentinelle.dz\/wp-content\/uploads\/2023\/03\/Lamamra-en-Sud-dAfrique.png\" \/>\n\t<meta property=\"og:image:width\" content=\"1351\" \/>\n\t<meta property=\"og:image:height\" content=\"900\" \/>\n\t<meta property=\"og:image:type\" content=\"image\/png\" \/>\n<meta name=\"author\" content=\"La Sentinelle\" \/>\n<meta name=\"twitter:card\" content=\"summary_large_image\" \/>\n<meta name=\"twitter:label1\" content=\"\u00c9crit par\" \/>\n\t<meta name=\"twitter:data1\" content=\"La Sentinelle\" \/>\n\t<meta name=\"twitter:label2\" content=\"Dur\u00e9e de lecture estim\u00e9e\" \/>\n\t<meta name=\"twitter:data2\" content=\"4 minutes\" \/>\n<script type=\"application\/ld+json\" class=\"yoast-schema-graph\">{\"@context\":\"https:\\\/\\\/schema.org\",\"@graph\":[{\"@type\":\"Article\",\"@id\":\"https:\\\/\\\/lasentinelle.dz\\\/index.php\\\/2023\\\/03\\\/15\\\/cooperation-en-matiere-de-defense-alger-et-pretoria-veulent-aller-au-dela-du-politique\\\/#article\",\"isPartOf\":{\"@id\":\"https:\\\/\\\/lasentinelle.dz\\\/index.php\\\/2023\\\/03\\\/15\\\/cooperation-en-matiere-de-defense-alger-et-pretoria-veulent-aller-au-dela-du-politique\\\/\"},\"author\":{\"name\":\"La Sentinelle\",\"@id\":\"https:\\\/\\\/lasentinelle.dz\\\/#\\\/schema\\\/person\\\/d865044e22e70a75174ce8bcad3acfb3\"},\"headline\":\"Coop\u00e9ration en mati\u00e8re de d\u00e9fense\u00a0: Alger et Pretoria veulent aller au-del\u00e0 du politique\u00a0\",\"datePublished\":\"2023-03-15T21:08:00+00:00\",\"dateModified\":\"2023-03-15T21:13:44+00:00\",\"mainEntityOfPage\":{\"@id\":\"https:\\\/\\\/lasentinelle.dz\\\/index.php\\\/2023\\\/03\\\/15\\\/cooperation-en-matiere-de-defense-alger-et-pretoria-veulent-aller-au-dela-du-politique\\\/\"},\"wordCount\":860,\"commentCount\":0,\"publisher\":{\"@id\":\"https:\\\/\\\/lasentinelle.dz\\\/#organization\"},\"image\":{\"@id\":\"https:\\\/\\\/lasentinelle.dz\\\/index.php\\\/2023\\\/03\\\/15\\\/cooperation-en-matiere-de-defense-alger-et-pretoria-veulent-aller-au-dela-du-politique\\\/#primaryimage\"},\"thumbnailUrl\":\"https:\\\/\\\/lasentinelle.dz\\\/wp-content\\\/uploads\\\/2023\\\/03\\\/Lamamra-en-Sud-dAfrique.png\",\"articleSection\":[\"\u00c0 la Une\",\"Actualit\u00e9\"],\"inLanguage\":\"fr-FR\",\"potentialAction\":[{\"@type\":\"CommentAction\",\"name\":\"Comment\",\"target\":[\"https:\\\/\\\/lasentinelle.dz\\\/index.php\\\/2023\\\/03\\\/15\\\/cooperation-en-matiere-de-defense-alger-et-pretoria-veulent-aller-au-dela-du-politique\\\/#respond\"]}]},{\"@type\":\"WebPage\",\"@id\":\"https:\\\/\\\/lasentinelle.dz\\\/index.php\\\/2023\\\/03\\\/15\\\/cooperation-en-matiere-de-defense-alger-et-pretoria-veulent-aller-au-dela-du-politique\\\/\",\"url\":\"https:\\\/\\\/lasentinelle.dz\\\/index.php\\\/2023\\\/03\\\/15\\\/cooperation-en-matiere-de-defense-alger-et-pretoria-veulent-aller-au-dela-du-politique\\\/\",\"name\":\"Coop\u00e9ration en mati\u00e8re de d\u00e9fense\u00a0: Alger et Pretoria veulent aller au-del\u00e0 du politique\u00a0 - La Sentinelle\",\"isPartOf\":{\"@id\":\"https:\\\/\\\/lasentinelle.dz\\\/#website\"},\"primaryImageOfPage\":{\"@id\":\"https:\\\/\\\/lasentinelle.dz\\\/index.php\\\/2023\\\/03\\\/15\\\/cooperation-en-matiere-de-defense-alger-et-pretoria-veulent-aller-au-dela-du-politique\\\/#primaryimage\"},\"image\":{\"@id\":\"https:\\\/\\\/lasentinelle.dz\\\/index.php\\\/2023\\\/03\\\/15\\\/cooperation-en-matiere-de-defense-alger-et-pretoria-veulent-aller-au-dela-du-politique\\\/#primaryimage\"},\"thumbnailUrl\":\"https:\\\/\\\/lasentinelle.dz\\\/wp-content\\\/uploads\\\/2023\\\/03\\\/Lamamra-en-Sud-dAfrique.png\",\"datePublished\":\"2023-03-15T21:08:00+00:00\",\"dateModified\":\"2023-03-15T21:13:44+00:00\",\"breadcrumb\":{\"@id\":\"https:\\\/\\\/lasentinelle.dz\\\/index.php\\\/2023\\\/03\\\/15\\\/cooperation-en-matiere-de-defense-alger-et-pretoria-veulent-aller-au-dela-du-politique\\\/#breadcrumb\"},\"inLanguage\":\"fr-FR\",\"potentialAction\":[{\"@type\":\"ReadAction\",\"target\":[\"https:\\\/\\\/lasentinelle.dz\\\/index.php\\\/2023\\\/03\\\/15\\\/cooperation-en-matiere-de-defense-alger-et-pretoria-veulent-aller-au-dela-du-politique\\\/\"]}]},{\"@type\":\"ImageObject\",\"inLanguage\":\"fr-FR\",\"@id\":\"https:\\\/\\\/lasentinelle.dz\\\/index.php\\\/2023\\\/03\\\/15\\\/cooperation-en-matiere-de-defense-alger-et-pretoria-veulent-aller-au-dela-du-politique\\\/#primaryimage\",\"url\":\"https:\\\/\\\/lasentinelle.dz\\\/wp-content\\\/uploads\\\/2023\\\/03\\\/Lamamra-en-Sud-dAfrique.png\",\"contentUrl\":\"https:\\\/\\\/lasentinelle.dz\\\/wp-content\\\/uploads\\\/2023\\\/03\\\/Lamamra-en-Sud-dAfrique.png\",\"width\":1351,\"height\":900},{\"@type\":\"BreadcrumbList\",\"@id\":\"https:\\\/\\\/lasentinelle.dz\\\/index.php\\\/2023\\\/03\\\/15\\\/cooperation-en-matiere-de-defense-alger-et-pretoria-veulent-aller-au-dela-du-politique\\\/#breadcrumb\",\"itemListElement\":[{\"@type\":\"ListItem\",\"position\":1,\"name\":\"Accueil\",\"item\":\"https:\\\/\\\/lasentinelle.dz\\\/\"},{\"@type\":\"ListItem\",\"position\":2,\"name\":\"Coop\u00e9ration en mati\u00e8re de d\u00e9fense\u00a0: Alger et Pretoria veulent aller au-del\u00e0 du politique\u00a0\"}]},{\"@type\":\"WebSite\",\"@id\":\"https:\\\/\\\/lasentinelle.dz\\\/#website\",\"url\":\"https:\\\/\\\/lasentinelle.dz\\\/\",\"name\":\"La Sentinelle\",\"description\":\"Quotidien national d&#039;information\",\"publisher\":{\"@id\":\"https:\\\/\\\/lasentinelle.dz\\\/#organization\"},\"potentialAction\":[{\"@type\":\"SearchAction\",\"target\":{\"@type\":\"EntryPoint\",\"urlTemplate\":\"https:\\\/\\\/lasentinelle.dz\\\/?s={search_term_string}\"},\"query-input\":{\"@type\":\"PropertyValueSpecification\",\"valueRequired\":true,\"valueName\":\"search_term_string\"}}],\"inLanguage\":\"fr-FR\"},{\"@type\":\"Organization\",\"@id\":\"https:\\\/\\\/lasentinelle.dz\\\/#organization\",\"name\":\"Quotidien La Sentinelle\",\"url\":\"https:\\\/\\\/lasentinelle.dz\\\/\",\"logo\":{\"@type\":\"ImageObject\",\"inLanguage\":\"fr-FR\",\"@id\":\"https:\\\/\\\/lasentinelle.dz\\\/#\\\/schema\\\/logo\\\/image\\\/\",\"url\":\"https:\\\/\\\/lasentinelle.dz\\\/wp-content\\\/uploads\\\/2021\\\/09\\\/logo-sentinelleSLOGAN-1.png\",\"contentUrl\":\"https:\\\/\\\/lasentinelle.dz\\\/wp-content\\\/uploads\\\/2021\\\/09\\\/logo-sentinelleSLOGAN-1.png\",\"width\":615,\"height\":142,\"caption\":\"Quotidien La Sentinelle\"},\"image\":{\"@id\":\"https:\\\/\\\/lasentinelle.dz\\\/#\\\/schema\\\/logo\\\/image\\\/\"},\"sameAs\":[\"https:\\\/\\\/www.facebook.com\\\/La-Sentinelle-104059864394773\"]},{\"@type\":\"Person\",\"@id\":\"https:\\\/\\\/lasentinelle.dz\\\/#\\\/schema\\\/person\\\/d865044e22e70a75174ce8bcad3acfb3\",\"name\":\"La Sentinelle\",\"image\":{\"@type\":\"ImageObject\",\"inLanguage\":\"fr-FR\",\"@id\":\"https:\\\/\\\/secure.gravatar.com\\\/avatar\\\/57de8e5d4b15d43fb361a71fbb36338450fe67865b528a43dd10ef7c51a20392?s=96&d=mm&r=g\",\"url\":\"https:\\\/\\\/secure.gravatar.com\\\/avatar\\\/57de8e5d4b15d43fb361a71fbb36338450fe67865b528a43dd10ef7c51a20392?s=96&d=mm&r=g\",\"contentUrl\":\"https:\\\/\\\/secure.gravatar.com\\\/avatar\\\/57de8e5d4b15d43fb361a71fbb36338450fe67865b528a43dd10ef7c51a20392?s=96&d=mm&r=g\",\"caption\":\"La Sentinelle\"},\"sameAs\":[\"http:\\\/\\\/www.lasentinelle.dz\"],\"url\":\"https:\\\/\\\/lasentinelle.dz\\\/author\\\/redaction\\\/\"}]}<\/script>\n<!-- \/ Yoast SEO plugin. -->","yoast_head_json":{"title":"Coop\u00e9ration en mati\u00e8re de d\u00e9fense\u00a0: Alger et Pretoria veulent aller au-del\u00e0 du politique\u00a0 - La Sentinelle","robots":{"index":"index","follow":"follow","max-snippet":"max-snippet:-1","max-image-preview":"max-image-preview:large","max-video-preview":"max-video-preview:-1"},"canonical":"https:\/\/lasentinelle.dz\/index.php\/2023\/03\/15\/cooperation-en-matiere-de-defense-alger-et-pretoria-veulent-aller-au-dela-du-politique\/","og_locale":"fr_FR","og_type":"article","og_title":"Coop\u00e9ration en mati\u00e8re de d\u00e9fense\u00a0: Alger et Pretoria veulent aller au-del\u00e0 du politique\u00a0 - La Sentinelle","og_description":"C\u2019est un fait connu de tous, les relations alg\u00e9ro-sud africaines sont excellentes au plan politique. Elles sont tellement bonnes que","og_url":"https:\/\/lasentinelle.dz\/index.php\/2023\/03\/15\/cooperation-en-matiere-de-defense-alger-et-pretoria-veulent-aller-au-dela-du-politique\/","og_site_name":"La Sentinelle","article_publisher":"https:\/\/www.facebook.com\/La-Sentinelle-104059864394773","article_published_time":"2023-03-15T21:08:00+00:00","article_modified_time":"2023-03-15T21:13:44+00:00","og_image":[{"width":1351,"height":900,"url":"https:\/\/lasentinelle.dz\/wp-content\/uploads\/2023\/03\/Lamamra-en-Sud-dAfrique.png","type":"image\/png"}],"author":"La Sentinelle","twitter_card":"summary_large_image","twitter_misc":{"\u00c9crit par":"La Sentinelle","Dur\u00e9e de lecture estim\u00e9e":"4 minutes"},"schema":{"@context":"https:\/\/schema.org","@graph":[{"@type":"Article","@id":"https:\/\/lasentinelle.dz\/index.php\/2023\/03\/15\/cooperation-en-matiere-de-defense-alger-et-pretoria-veulent-aller-au-dela-du-politique\/#article","isPartOf":{"@id":"https:\/\/lasentinelle.dz\/index.php\/2023\/03\/15\/cooperation-en-matiere-de-defense-alger-et-pretoria-veulent-aller-au-dela-du-politique\/"},"author":{"name":"La Sentinelle","@id":"https:\/\/lasentinelle.dz\/#\/schema\/person\/d865044e22e70a75174ce8bcad3acfb3"},"headline":"Coop\u00e9ration en mati\u00e8re de d\u00e9fense\u00a0: Alger et Pretoria veulent aller au-del\u00e0 du politique\u00a0","datePublished":"2023-03-15T21:08:00+00:00","dateModified":"2023-03-15T21:13:44+00:00","mainEntityOfPage":{"@id":"https:\/\/lasentinelle.dz\/index.php\/2023\/03\/15\/cooperation-en-matiere-de-defense-alger-et-pretoria-veulent-aller-au-dela-du-politique\/"},"wordCount":860,"commentCount":0,"publisher":{"@id":"https:\/\/lasentinelle.dz\/#organization"},"image":{"@id":"https:\/\/lasentinelle.dz\/index.php\/2023\/03\/15\/cooperation-en-matiere-de-defense-alger-et-pretoria-veulent-aller-au-dela-du-politique\/#primaryimage"},"thumbnailUrl":"https:\/\/lasentinelle.dz\/wp-content\/uploads\/2023\/03\/Lamamra-en-Sud-dAfrique.png","articleSection":["\u00c0 la Une","Actualit\u00e9"],"inLanguage":"fr-FR","potentialAction":[{"@type":"CommentAction","name":"Comment","target":["https:\/\/lasentinelle.dz\/index.php\/2023\/03\/15\/cooperation-en-matiere-de-defense-alger-et-pretoria-veulent-aller-au-dela-du-politique\/#respond"]}]},{"@type":"WebPage","@id":"https:\/\/lasentinelle.dz\/index.php\/2023\/03\/15\/cooperation-en-matiere-de-defense-alger-et-pretoria-veulent-aller-au-dela-du-politique\/","url":"https:\/\/lasentinelle.dz\/index.php\/2023\/03\/15\/cooperation-en-matiere-de-defense-alger-et-pretoria-veulent-aller-au-dela-du-politique\/","name":"Coop\u00e9ration en mati\u00e8re de d\u00e9fense\u00a0: Alger et Pretoria veulent aller au-del\u00e0 du politique\u00a0 - La Sentinelle","isPartOf":{"@id":"https:\/\/lasentinelle.dz\/#website"},"primaryImageOfPage":{"@id":"https:\/\/lasentinelle.dz\/index.php\/2023\/03\/15\/cooperation-en-matiere-de-defense-alger-et-pretoria-veulent-aller-au-dela-du-politique\/#primaryimage"},"image":{"@id":"https:\/\/lasentinelle.dz\/index.php\/2023\/03\/15\/cooperation-en-matiere-de-defense-alger-et-pretoria-veulent-aller-au-dela-du-politique\/#primaryimage"},"thumbnailUrl":"https:\/\/lasentinelle.dz\/wp-content\/uploads\/2023\/03\/Lamamra-en-Sud-dAfrique.png","datePublished":"2023-03-15T21:08:00+00:00","dateModified":"2023-03-15T21:13:44+00:00","breadcrumb":{"@id":"https:\/\/lasentinelle.dz\/index.php\/2023\/03\/15\/cooperation-en-matiere-de-defense-alger-et-pretoria-veulent-aller-au-dela-du-politique\/#breadcrumb"},"inLanguage":"fr-FR","potentialAction":[{"@type":"ReadAction","target":["https:\/\/lasentinelle.dz\/index.php\/2023\/03\/15\/cooperation-en-matiere-de-defense-alger-et-pretoria-veulent-aller-au-dela-du-politique\/"]}]},{"@type":"ImageObject","inLanguage":"fr-FR","@id":"https:\/\/lasentinelle.dz\/index.php\/2023\/03\/15\/cooperation-en-matiere-de-defense-alger-et-pretoria-veulent-aller-au-dela-du-politique\/#primaryimage","url":"https:\/\/lasentinelle.dz\/wp-content\/uploads\/2023\/03\/Lamamra-en-Sud-dAfrique.png","contentUrl":"https:\/\/lasentinelle.dz\/wp-content\/uploads\/2023\/03\/Lamamra-en-Sud-dAfrique.png","width":1351,"height":900},{"@type":"BreadcrumbList","@id":"https:\/\/lasentinelle.dz\/index.php\/2023\/03\/15\/cooperation-en-matiere-de-defense-alger-et-pretoria-veulent-aller-au-dela-du-politique\/#breadcrumb","itemListElement":[{"@type":"ListItem","position":1,"name":"Accueil","item":"https:\/\/lasentinelle.dz\/"},{"@type":"ListItem","position":2,"name":"Coop\u00e9ration en mati\u00e8re de d\u00e9fense\u00a0: Alger et Pretoria veulent aller au-del\u00e0 du politique\u00a0"}]},{"@type":"WebSite","@id":"https:\/\/lasentinelle.dz\/#website","url":"https:\/\/lasentinelle.dz\/","name":"La Sentinelle","description":"Quotidien national d&#039;information","publisher":{"@id":"https:\/\/lasentinelle.dz\/#organization"},"potentialAction":[{"@type":"SearchAction","target":{"@type":"EntryPoint","urlTemplate":"https:\/\/lasentinelle.dz\/?s={search_term_string}"},"query-input":{"@type":"PropertyValueSpecification","valueRequired":true,"valueName":"search_term_string"}}],"inLanguage":"fr-FR"},{"@type":"Organization","@id":"https:\/\/lasentinelle.dz\/#organization","name":"Quotidien La Sentinelle","url":"https:\/\/lasentinelle.dz\/","logo":{"@type":"ImageObject","inLanguage":"fr-FR","@id":"https:\/\/lasentinelle.dz\/#\/schema\/logo\/image\/","url":"https:\/\/lasentinelle.dz\/wp-content\/uploads\/2021\/09\/logo-sentinelleSLOGAN-1.png","contentUrl":"https:\/\/lasentinelle.dz\/wp-content\/uploads\/2021\/09\/logo-sentinelleSLOGAN-1.png","width":615,"height":142,"caption":"Quotidien La Sentinelle"},"image":{"@id":"https:\/\/lasentinelle.dz\/#\/schema\/logo\/image\/"},"sameAs":["https:\/\/www.facebook.com\/La-Sentinelle-104059864394773"]},{"@type":"Person","@id":"https:\/\/lasentinelle.dz\/#\/schema\/person\/d865044e22e70a75174ce8bcad3acfb3","name":"La Sentinelle","image":{"@type":"ImageObject","inLanguage":"fr-FR","@id":"https:\/\/secure.gravatar.com\/avatar\/57de8e5d4b15d43fb361a71fbb36338450fe67865b528a43dd10ef7c51a20392?s=96&d=mm&r=g","url":"https:\/\/secure.gravatar.com\/avatar\/57de8e5d4b15d43fb361a71fbb36338450fe67865b528a43dd10ef7c51a20392?s=96&d=mm&r=g","contentUrl":"https:\/\/secure.gravatar.com\/avatar\/57de8e5d4b15d43fb361a71fbb36338450fe67865b528a43dd10ef7c51a20392?s=96&d=mm&r=g","caption":"La Sentinelle"},"sameAs":["http:\/\/www.lasentinelle.dz"],"url":"https:\/\/lasentinelle.dz\/author\/redaction\/"}]}},"_links":{"self":[{"href":"https:\/\/lasentinelle.dz\/index.php\/wp-json\/wp\/v2\/posts\/37950","targetHints":{"allow":["GET"]}}],"collection":[{"href":"https:\/\/lasentinelle.dz\/index.php\/wp-json\/wp\/v2\/posts"}],"about":[{"href":"https:\/\/lasentinelle.dz\/index.php\/wp-json\/wp\/v2\/types\/post"}],"author":[{"embeddable":true,"href":"https:\/\/lasentinelle.dz\/index.php\/wp-json\/wp\/v2\/users\/3"}],"replies":[{"embeddable":true,"href":"https:\/\/lasentinelle.dz\/index.php\/wp-json\/wp\/v2\/comments?post=37950"}],"version-history":[{"count":1,"href":"https:\/\/lasentinelle.dz\/index.php\/wp-json\/wp\/v2\/posts\/37950\/revisions"}],"predecessor-version":[{"id":37955,"href":"https:\/\/lasentinelle.dz\/index.php\/wp-json\/wp\/v2\/posts\/37950\/revisions\/37955"}],"wp:featuredmedia":[{"embeddable":true,"href":"https:\/\/lasentinelle.dz\/index.php\/wp-json\/wp\/v2\/media\/37953"}],"wp:attachment":[{"href":"https:\/\/lasentinelle.dz\/index.php\/wp-json\/wp\/v2\/media?parent=37950"}],"wp:term":[{"taxonomy":"category","embeddable":true,"href":"https:\/\/lasentinelle.dz\/index.php\/wp-json\/wp\/v2\/categories?post=37950"},{"taxonomy":"post_tag","embeddable":true,"href":"https:\/\/lasentinelle.dz\/index.php\/wp-json\/wp\/v2\/tags?post=37950"}],"curies":[{"name":"wp","href":"https:\/\/api.w.org\/{rel}","templated":true}]}}