{"id":37961,"date":"2023-03-18T22:00:00","date_gmt":"2023-03-18T21:00:00","guid":{"rendered":"https:\/\/lasentinelle.dz\/?p=37961"},"modified":"2023-03-18T17:08:56","modified_gmt":"2023-03-18T16:08:56","slug":"systeme-de-reconnaissance-faciale-a-lapc-dannaba-une-decision-qui-fait-polemique","status":"publish","type":"post","link":"https:\/\/lasentinelle.dz\/index.php\/2023\/03\/18\/systeme-de-reconnaissance-faciale-a-lapc-dannaba-une-decision-qui-fait-polemique\/","title":{"rendered":"Syst\u00e8me de reconnaissance faciale \u00e0 l\u2019APC d\u2019Annaba\u00a0: Une d\u00e9cision qui fait pol\u00e9mique"},"content":{"rendered":"\n<p>La d\u00e9cision du pr\u00e9sident de l\u2019Assembl\u00e9e populaire communale d\u2019Annaba de mettre en place un syst\u00e8me de reconnaissance faciale pour surveiller l\u2019assiduit\u00e9 du personnel a suscit\u00e9 des r\u00e9actions mitig\u00e9es. Si certains employ\u00e9s se sont montr\u00e9s favorables \u00e0 cette initiative, d\u2019autres&nbsp; ont estim\u00e9 qu\u2019il y a des priorit\u00e9s plus importantes \u00e0 prendre en consid\u00e9ration.<\/p>\n\n\n\n<p>En effet, plusieurs employ\u00e9s de la municipalit\u00e9 d\u2019Annaba&nbsp; ont&nbsp; exprim\u00e9 leur m\u00e9contentement \u00e0 l\u2019\u00e9gard de cette d\u00e9cision. Selon eux, les employ\u00e9s de la municipalit\u00e9 sont confront\u00e9s \u00e0 des conditions de travail inad\u00e9quates, avec des \u00e9quipements obsol\u00e8tes et d\u00e9fectueux. Ils ont notamment soulign\u00e9&nbsp; l\u2019encombrement dans les bureaux. Ils ont aussi soulev\u00e9 le d\u00e9sagr\u00e9ment du transport, notamment pour ceux habitant la nouvelle ville de Draa Erich. Pour nos interlocuteurs, le mieux aurait \u00e9t\u00e9 d\u2019assurer le transport aux employ\u00e9s de la mairie.&nbsp; Ils ont estim\u00e9 que les autorit\u00e9s locales doivent accorder une plus grande importance \u00e0 la satisfaction des besoins des employ\u00e9s, avant de mettre en place des syst\u00e8mes de surveillance qui pourraient \u00eatre per\u00e7us comme une atteinte.<\/p>\n\n\n\n<p>De leur c\u00f4t\u00e9, les autorit\u00e9s estiment que syst\u00e8me a \u00e9t\u00e9 mis en place afin de pr\u00e9server ce milieu de l\u2019irresponsabilit\u00e9 de centaines d\u2019agents et employ\u00e9s de la mairie. Ceux qui se sont dit favorables \u00e0 la mise en place du syst\u00e8me de la reconnaissance faciale ont lou\u00e9 la d\u00e9cision. Selon eux, outre que le syst\u00e8me soit une forme&nbsp; moderne de pointage, c\u2019est surtout&nbsp; une mani\u00e8re pour mieux contr\u00f4ler la pr\u00e9sence du personnel. Celui-ci&nbsp; habitu\u00e9 \u00e0 la d\u00e9bandade, les absences non justifi\u00e9es et non contr\u00f4l\u00e9es, et les arriv\u00e9es en retard. Selon les m\u00eames interlocuteurs, plus de 40% de l\u2019effectif des services de l\u2019\u00e9tat civile relevant de la mairie d\u2019Annaba&nbsp; occupent des si\u00e8ges pour ne rien faire. D\u2019ailleurs, se sont ces employ\u00e9s-l\u00e0 qui, nous dit-on, refusent l\u2019installation d\u2019un syst\u00e8me de reconnaissance faciale. On nous explique que le P\/APC de la commune d\u2019Annaba a d\u00e9cid\u00e9 de la d\u00e9marche apr\u00e8s avoir constat\u00e9 par lui-m\u00eame l\u2019end\u00e9mique anarchie qui caract\u00e9rise les services et le personnel de sa mairie. Ainsi, pour la grande majorit\u00e9 du personnel de l\u2019APC d\u2019Annaba, la mise en place d\u2019un syst\u00e8me de reconnaissance faciale pour surveiller l\u2019assiduit\u00e9 du personnel est une initiative, dont&nbsp; le principal avantage est d\u2019instaurer la responsabilit\u00e9 et la discipline au sein de l\u2019administration locale.<\/p>\n\n\n\n<p><strong>S<\/strong><strong>. Chahine<\/strong><\/p>\n","protected":false},"excerpt":{"rendered":"<p>La d\u00e9cision du pr\u00e9sident de l\u2019Assembl\u00e9e populaire communale d\u2019Annaba de mettre en place un syst\u00e8me de reconnaissance faciale pour surveiller<\/p>\n","protected":false},"author":3,"featured_media":37987,"comment_status":"open","ping_status":"closed","sticky":false,"template":"","format":"standard","meta":{"colormag_page_container_layout":"default_layout","colormag_page_sidebar_layout":"default_layout","om_disable_all_campaigns":false,"_monsterinsights_skip_tracking":false,"_monsterinsights_sitenote_active":false,"_monsterinsights_sitenote_note":"","_monsterinsights_sitenote_category":0,"footnotes":"","_wpscppro_dont_share_socialmedia":false,"_wpscppro_custom_social_share_image":0,"_facebook_share_type":"","_twitter_share_type":"","_linkedin_share_type":"","_pinterest_share_type":"","_linkedin_share_type_page":"","_instagram_share_type":"","_medium_share_type":"","_threads_share_type":"","_google_business_share_type":"","_selected_social_profile":[],"_wpsp_enable_custom_social_template":false,"_wpsp_social_scheduling":{"enabled":false,"datetime":null,"platforms":[],"status":"template_only","dateOption":"today","timeOption":"now","customDays":"","customHours":"","customDate":"","customTime":"","schedulingType":"absolute"},"_wpsp_active_default_template":true},"categories":[31],"tags":[],"class_list":["post-37961","post","type-post","status-publish","format-standard","has-post-thumbnail","hentry","category-regions"],"aioseo_notices":[],"yoast_head":"<!-- This site is optimized with the Yoast SEO plugin v27.5 - https:\/\/yoast.com\/product\/yoast-seo-wordpress\/ -->\n<title>Syst\u00e8me de reconnaissance faciale \u00e0 l\u2019APC d\u2019Annaba\u00a0: Une d\u00e9cision qui fait pol\u00e9mique - La Sentinelle<\/title>\n<meta name=\"robots\" content=\"index, follow, max-snippet:-1, max-image-preview:large, max-video-preview:-1\" \/>\n<link rel=\"canonical\" href=\"https:\/\/lasentinelle.dz\/index.php\/2023\/03\/18\/systeme-de-reconnaissance-faciale-a-lapc-dannaba-une-decision-qui-fait-polemique\/\" \/>\n<meta property=\"og:locale\" content=\"fr_FR\" \/>\n<meta property=\"og:type\" content=\"article\" \/>\n<meta property=\"og:title\" content=\"Syst\u00e8me de reconnaissance faciale \u00e0 l\u2019APC d\u2019Annaba\u00a0: Une d\u00e9cision qui fait pol\u00e9mique - La Sentinelle\" \/>\n<meta property=\"og:description\" content=\"La d\u00e9cision du pr\u00e9sident de l\u2019Assembl\u00e9e populaire communale d\u2019Annaba de mettre en place un syst\u00e8me de reconnaissance faciale pour surveiller\" \/>\n<meta property=\"og:url\" content=\"https:\/\/lasentinelle.dz\/index.php\/2023\/03\/18\/systeme-de-reconnaissance-faciale-a-lapc-dannaba-une-decision-qui-fait-polemique\/\" \/>\n<meta property=\"og:site_name\" content=\"La Sentinelle\" \/>\n<meta property=\"article:publisher\" content=\"https:\/\/www.facebook.com\/La-Sentinelle-104059864394773\" \/>\n<meta property=\"article:published_time\" content=\"2023-03-18T21:00:00+00:00\" \/>\n<meta property=\"og:image\" content=\"https:\/\/lasentinelle.dz\/wp-content\/uploads\/2023\/03\/image_2023-03-18_170832486.png\" \/>\n\t<meta property=\"og:image:width\" content=\"620\" \/>\n\t<meta property=\"og:image:height\" content=\"410\" \/>\n\t<meta property=\"og:image:type\" content=\"image\/png\" \/>\n<meta name=\"author\" content=\"La Sentinelle\" \/>\n<meta name=\"twitter:card\" content=\"summary_large_image\" \/>\n<meta name=\"twitter:label1\" content=\"\u00c9crit par\" \/>\n\t<meta name=\"twitter:data1\" content=\"La Sentinelle\" \/>\n\t<meta name=\"twitter:label2\" content=\"Dur\u00e9e de lecture estim\u00e9e\" \/>\n\t<meta name=\"twitter:data2\" content=\"2 minutes\" \/>\n<script type=\"application\/ld+json\" class=\"yoast-schema-graph\">{\"@context\":\"https:\\\/\\\/schema.org\",\"@graph\":[{\"@type\":\"Article\",\"@id\":\"https:\\\/\\\/lasentinelle.dz\\\/index.php\\\/2023\\\/03\\\/18\\\/systeme-de-reconnaissance-faciale-a-lapc-dannaba-une-decision-qui-fait-polemique\\\/#article\",\"isPartOf\":{\"@id\":\"https:\\\/\\\/lasentinelle.dz\\\/index.php\\\/2023\\\/03\\\/18\\\/systeme-de-reconnaissance-faciale-a-lapc-dannaba-une-decision-qui-fait-polemique\\\/\"},\"author\":{\"name\":\"La Sentinelle\",\"@id\":\"https:\\\/\\\/lasentinelle.dz\\\/#\\\/schema\\\/person\\\/d865044e22e70a75174ce8bcad3acfb3\"},\"headline\":\"Syst\u00e8me de reconnaissance faciale \u00e0 l\u2019APC d\u2019Annaba\u00a0: Une d\u00e9cision qui fait pol\u00e9mique\",\"datePublished\":\"2023-03-18T21:00:00+00:00\",\"mainEntityOfPage\":{\"@id\":\"https:\\\/\\\/lasentinelle.dz\\\/index.php\\\/2023\\\/03\\\/18\\\/systeme-de-reconnaissance-faciale-a-lapc-dannaba-une-decision-qui-fait-polemique\\\/\"},\"wordCount\":471,\"commentCount\":0,\"publisher\":{\"@id\":\"https:\\\/\\\/lasentinelle.dz\\\/#organization\"},\"image\":{\"@id\":\"https:\\\/\\\/lasentinelle.dz\\\/index.php\\\/2023\\\/03\\\/18\\\/systeme-de-reconnaissance-faciale-a-lapc-dannaba-une-decision-qui-fait-polemique\\\/#primaryimage\"},\"thumbnailUrl\":\"https:\\\/\\\/lasentinelle.dz\\\/wp-content\\\/uploads\\\/2023\\\/03\\\/image_2023-03-18_170832486.png\",\"articleSection\":[\"R\u00e9gions\"],\"inLanguage\":\"fr-FR\",\"potentialAction\":[{\"@type\":\"CommentAction\",\"name\":\"Comment\",\"target\":[\"https:\\\/\\\/lasentinelle.dz\\\/index.php\\\/2023\\\/03\\\/18\\\/systeme-de-reconnaissance-faciale-a-lapc-dannaba-une-decision-qui-fait-polemique\\\/#respond\"]}]},{\"@type\":\"WebPage\",\"@id\":\"https:\\\/\\\/lasentinelle.dz\\\/index.php\\\/2023\\\/03\\\/18\\\/systeme-de-reconnaissance-faciale-a-lapc-dannaba-une-decision-qui-fait-polemique\\\/\",\"url\":\"https:\\\/\\\/lasentinelle.dz\\\/index.php\\\/2023\\\/03\\\/18\\\/systeme-de-reconnaissance-faciale-a-lapc-dannaba-une-decision-qui-fait-polemique\\\/\",\"name\":\"Syst\u00e8me de reconnaissance faciale \u00e0 l\u2019APC d\u2019Annaba\u00a0: Une d\u00e9cision qui fait pol\u00e9mique - La Sentinelle\",\"isPartOf\":{\"@id\":\"https:\\\/\\\/lasentinelle.dz\\\/#website\"},\"primaryImageOfPage\":{\"@id\":\"https:\\\/\\\/lasentinelle.dz\\\/index.php\\\/2023\\\/03\\\/18\\\/systeme-de-reconnaissance-faciale-a-lapc-dannaba-une-decision-qui-fait-polemique\\\/#primaryimage\"},\"image\":{\"@id\":\"https:\\\/\\\/lasentinelle.dz\\\/index.php\\\/2023\\\/03\\\/18\\\/systeme-de-reconnaissance-faciale-a-lapc-dannaba-une-decision-qui-fait-polemique\\\/#primaryimage\"},\"thumbnailUrl\":\"https:\\\/\\\/lasentinelle.dz\\\/wp-content\\\/uploads\\\/2023\\\/03\\\/image_2023-03-18_170832486.png\",\"datePublished\":\"2023-03-18T21:00:00+00:00\",\"breadcrumb\":{\"@id\":\"https:\\\/\\\/lasentinelle.dz\\\/index.php\\\/2023\\\/03\\\/18\\\/systeme-de-reconnaissance-faciale-a-lapc-dannaba-une-decision-qui-fait-polemique\\\/#breadcrumb\"},\"inLanguage\":\"fr-FR\",\"potentialAction\":[{\"@type\":\"ReadAction\",\"target\":[\"https:\\\/\\\/lasentinelle.dz\\\/index.php\\\/2023\\\/03\\\/18\\\/systeme-de-reconnaissance-faciale-a-lapc-dannaba-une-decision-qui-fait-polemique\\\/\"]}]},{\"@type\":\"ImageObject\",\"inLanguage\":\"fr-FR\",\"@id\":\"https:\\\/\\\/lasentinelle.dz\\\/index.php\\\/2023\\\/03\\\/18\\\/systeme-de-reconnaissance-faciale-a-lapc-dannaba-une-decision-qui-fait-polemique\\\/#primaryimage\",\"url\":\"https:\\\/\\\/lasentinelle.dz\\\/wp-content\\\/uploads\\\/2023\\\/03\\\/image_2023-03-18_170832486.png\",\"contentUrl\":\"https:\\\/\\\/lasentinelle.dz\\\/wp-content\\\/uploads\\\/2023\\\/03\\\/image_2023-03-18_170832486.png\",\"width\":620,\"height\":410},{\"@type\":\"BreadcrumbList\",\"@id\":\"https:\\\/\\\/lasentinelle.dz\\\/index.php\\\/2023\\\/03\\\/18\\\/systeme-de-reconnaissance-faciale-a-lapc-dannaba-une-decision-qui-fait-polemique\\\/#breadcrumb\",\"itemListElement\":[{\"@type\":\"ListItem\",\"position\":1,\"name\":\"Accueil\",\"item\":\"https:\\\/\\\/lasentinelle.dz\\\/\"},{\"@type\":\"ListItem\",\"position\":2,\"name\":\"Syst\u00e8me de reconnaissance faciale \u00e0 l\u2019APC d\u2019Annaba\u00a0: Une d\u00e9cision qui fait pol\u00e9mique\"}]},{\"@type\":\"WebSite\",\"@id\":\"https:\\\/\\\/lasentinelle.dz\\\/#website\",\"url\":\"https:\\\/\\\/lasentinelle.dz\\\/\",\"name\":\"La Sentinelle\",\"description\":\"Quotidien national d&#039;information\",\"publisher\":{\"@id\":\"https:\\\/\\\/lasentinelle.dz\\\/#organization\"},\"potentialAction\":[{\"@type\":\"SearchAction\",\"target\":{\"@type\":\"EntryPoint\",\"urlTemplate\":\"https:\\\/\\\/lasentinelle.dz\\\/?s={search_term_string}\"},\"query-input\":{\"@type\":\"PropertyValueSpecification\",\"valueRequired\":true,\"valueName\":\"search_term_string\"}}],\"inLanguage\":\"fr-FR\"},{\"@type\":\"Organization\",\"@id\":\"https:\\\/\\\/lasentinelle.dz\\\/#organization\",\"name\":\"Quotidien La Sentinelle\",\"url\":\"https:\\\/\\\/lasentinelle.dz\\\/\",\"logo\":{\"@type\":\"ImageObject\",\"inLanguage\":\"fr-FR\",\"@id\":\"https:\\\/\\\/lasentinelle.dz\\\/#\\\/schema\\\/logo\\\/image\\\/\",\"url\":\"https:\\\/\\\/lasentinelle.dz\\\/wp-content\\\/uploads\\\/2021\\\/09\\\/logo-sentinelleSLOGAN-1.png\",\"contentUrl\":\"https:\\\/\\\/lasentinelle.dz\\\/wp-content\\\/uploads\\\/2021\\\/09\\\/logo-sentinelleSLOGAN-1.png\",\"width\":615,\"height\":142,\"caption\":\"Quotidien La Sentinelle\"},\"image\":{\"@id\":\"https:\\\/\\\/lasentinelle.dz\\\/#\\\/schema\\\/logo\\\/image\\\/\"},\"sameAs\":[\"https:\\\/\\\/www.facebook.com\\\/La-Sentinelle-104059864394773\"]},{\"@type\":\"Person\",\"@id\":\"https:\\\/\\\/lasentinelle.dz\\\/#\\\/schema\\\/person\\\/d865044e22e70a75174ce8bcad3acfb3\",\"name\":\"La Sentinelle\",\"image\":{\"@type\":\"ImageObject\",\"inLanguage\":\"fr-FR\",\"@id\":\"https:\\\/\\\/secure.gravatar.com\\\/avatar\\\/57de8e5d4b15d43fb361a71fbb36338450fe67865b528a43dd10ef7c51a20392?s=96&d=mm&r=g\",\"url\":\"https:\\\/\\\/secure.gravatar.com\\\/avatar\\\/57de8e5d4b15d43fb361a71fbb36338450fe67865b528a43dd10ef7c51a20392?s=96&d=mm&r=g\",\"contentUrl\":\"https:\\\/\\\/secure.gravatar.com\\\/avatar\\\/57de8e5d4b15d43fb361a71fbb36338450fe67865b528a43dd10ef7c51a20392?s=96&d=mm&r=g\",\"caption\":\"La Sentinelle\"},\"sameAs\":[\"http:\\\/\\\/www.lasentinelle.dz\"],\"url\":\"https:\\\/\\\/lasentinelle.dz\\\/author\\\/redaction\\\/\"}]}<\/script>\n<!-- \/ Yoast SEO plugin. -->","yoast_head_json":{"title":"Syst\u00e8me de reconnaissance faciale \u00e0 l\u2019APC d\u2019Annaba\u00a0: Une d\u00e9cision qui fait pol\u00e9mique - La Sentinelle","robots":{"index":"index","follow":"follow","max-snippet":"max-snippet:-1","max-image-preview":"max-image-preview:large","max-video-preview":"max-video-preview:-1"},"canonical":"https:\/\/lasentinelle.dz\/index.php\/2023\/03\/18\/systeme-de-reconnaissance-faciale-a-lapc-dannaba-une-decision-qui-fait-polemique\/","og_locale":"fr_FR","og_type":"article","og_title":"Syst\u00e8me de reconnaissance faciale \u00e0 l\u2019APC d\u2019Annaba\u00a0: Une d\u00e9cision qui fait pol\u00e9mique - La Sentinelle","og_description":"La d\u00e9cision du pr\u00e9sident de l\u2019Assembl\u00e9e populaire communale d\u2019Annaba de mettre en place un syst\u00e8me de reconnaissance faciale pour surveiller","og_url":"https:\/\/lasentinelle.dz\/index.php\/2023\/03\/18\/systeme-de-reconnaissance-faciale-a-lapc-dannaba-une-decision-qui-fait-polemique\/","og_site_name":"La Sentinelle","article_publisher":"https:\/\/www.facebook.com\/La-Sentinelle-104059864394773","article_published_time":"2023-03-18T21:00:00+00:00","og_image":[{"width":620,"height":410,"url":"https:\/\/lasentinelle.dz\/wp-content\/uploads\/2023\/03\/image_2023-03-18_170832486.png","type":"image\/png"}],"author":"La Sentinelle","twitter_card":"summary_large_image","twitter_misc":{"\u00c9crit par":"La Sentinelle","Dur\u00e9e de lecture estim\u00e9e":"2 minutes"},"schema":{"@context":"https:\/\/schema.org","@graph":[{"@type":"Article","@id":"https:\/\/lasentinelle.dz\/index.php\/2023\/03\/18\/systeme-de-reconnaissance-faciale-a-lapc-dannaba-une-decision-qui-fait-polemique\/#article","isPartOf":{"@id":"https:\/\/lasentinelle.dz\/index.php\/2023\/03\/18\/systeme-de-reconnaissance-faciale-a-lapc-dannaba-une-decision-qui-fait-polemique\/"},"author":{"name":"La Sentinelle","@id":"https:\/\/lasentinelle.dz\/#\/schema\/person\/d865044e22e70a75174ce8bcad3acfb3"},"headline":"Syst\u00e8me de reconnaissance faciale \u00e0 l\u2019APC d\u2019Annaba\u00a0: Une d\u00e9cision qui fait pol\u00e9mique","datePublished":"2023-03-18T21:00:00+00:00","mainEntityOfPage":{"@id":"https:\/\/lasentinelle.dz\/index.php\/2023\/03\/18\/systeme-de-reconnaissance-faciale-a-lapc-dannaba-une-decision-qui-fait-polemique\/"},"wordCount":471,"commentCount":0,"publisher":{"@id":"https:\/\/lasentinelle.dz\/#organization"},"image":{"@id":"https:\/\/lasentinelle.dz\/index.php\/2023\/03\/18\/systeme-de-reconnaissance-faciale-a-lapc-dannaba-une-decision-qui-fait-polemique\/#primaryimage"},"thumbnailUrl":"https:\/\/lasentinelle.dz\/wp-content\/uploads\/2023\/03\/image_2023-03-18_170832486.png","articleSection":["R\u00e9gions"],"inLanguage":"fr-FR","potentialAction":[{"@type":"CommentAction","name":"Comment","target":["https:\/\/lasentinelle.dz\/index.php\/2023\/03\/18\/systeme-de-reconnaissance-faciale-a-lapc-dannaba-une-decision-qui-fait-polemique\/#respond"]}]},{"@type":"WebPage","@id":"https:\/\/lasentinelle.dz\/index.php\/2023\/03\/18\/systeme-de-reconnaissance-faciale-a-lapc-dannaba-une-decision-qui-fait-polemique\/","url":"https:\/\/lasentinelle.dz\/index.php\/2023\/03\/18\/systeme-de-reconnaissance-faciale-a-lapc-dannaba-une-decision-qui-fait-polemique\/","name":"Syst\u00e8me de reconnaissance faciale \u00e0 l\u2019APC d\u2019Annaba\u00a0: Une d\u00e9cision qui fait pol\u00e9mique - La Sentinelle","isPartOf":{"@id":"https:\/\/lasentinelle.dz\/#website"},"primaryImageOfPage":{"@id":"https:\/\/lasentinelle.dz\/index.php\/2023\/03\/18\/systeme-de-reconnaissance-faciale-a-lapc-dannaba-une-decision-qui-fait-polemique\/#primaryimage"},"image":{"@id":"https:\/\/lasentinelle.dz\/index.php\/2023\/03\/18\/systeme-de-reconnaissance-faciale-a-lapc-dannaba-une-decision-qui-fait-polemique\/#primaryimage"},"thumbnailUrl":"https:\/\/lasentinelle.dz\/wp-content\/uploads\/2023\/03\/image_2023-03-18_170832486.png","datePublished":"2023-03-18T21:00:00+00:00","breadcrumb":{"@id":"https:\/\/lasentinelle.dz\/index.php\/2023\/03\/18\/systeme-de-reconnaissance-faciale-a-lapc-dannaba-une-decision-qui-fait-polemique\/#breadcrumb"},"inLanguage":"fr-FR","potentialAction":[{"@type":"ReadAction","target":["https:\/\/lasentinelle.dz\/index.php\/2023\/03\/18\/systeme-de-reconnaissance-faciale-a-lapc-dannaba-une-decision-qui-fait-polemique\/"]}]},{"@type":"ImageObject","inLanguage":"fr-FR","@id":"https:\/\/lasentinelle.dz\/index.php\/2023\/03\/18\/systeme-de-reconnaissance-faciale-a-lapc-dannaba-une-decision-qui-fait-polemique\/#primaryimage","url":"https:\/\/lasentinelle.dz\/wp-content\/uploads\/2023\/03\/image_2023-03-18_170832486.png","contentUrl":"https:\/\/lasentinelle.dz\/wp-content\/uploads\/2023\/03\/image_2023-03-18_170832486.png","width":620,"height":410},{"@type":"BreadcrumbList","@id":"https:\/\/lasentinelle.dz\/index.php\/2023\/03\/18\/systeme-de-reconnaissance-faciale-a-lapc-dannaba-une-decision-qui-fait-polemique\/#breadcrumb","itemListElement":[{"@type":"ListItem","position":1,"name":"Accueil","item":"https:\/\/lasentinelle.dz\/"},{"@type":"ListItem","position":2,"name":"Syst\u00e8me de reconnaissance faciale \u00e0 l\u2019APC d\u2019Annaba\u00a0: Une d\u00e9cision qui fait pol\u00e9mique"}]},{"@type":"WebSite","@id":"https:\/\/lasentinelle.dz\/#website","url":"https:\/\/lasentinelle.dz\/","name":"La Sentinelle","description":"Quotidien national d&#039;information","publisher":{"@id":"https:\/\/lasentinelle.dz\/#organization"},"potentialAction":[{"@type":"SearchAction","target":{"@type":"EntryPoint","urlTemplate":"https:\/\/lasentinelle.dz\/?s={search_term_string}"},"query-input":{"@type":"PropertyValueSpecification","valueRequired":true,"valueName":"search_term_string"}}],"inLanguage":"fr-FR"},{"@type":"Organization","@id":"https:\/\/lasentinelle.dz\/#organization","name":"Quotidien La Sentinelle","url":"https:\/\/lasentinelle.dz\/","logo":{"@type":"ImageObject","inLanguage":"fr-FR","@id":"https:\/\/lasentinelle.dz\/#\/schema\/logo\/image\/","url":"https:\/\/lasentinelle.dz\/wp-content\/uploads\/2021\/09\/logo-sentinelleSLOGAN-1.png","contentUrl":"https:\/\/lasentinelle.dz\/wp-content\/uploads\/2021\/09\/logo-sentinelleSLOGAN-1.png","width":615,"height":142,"caption":"Quotidien La Sentinelle"},"image":{"@id":"https:\/\/lasentinelle.dz\/#\/schema\/logo\/image\/"},"sameAs":["https:\/\/www.facebook.com\/La-Sentinelle-104059864394773"]},{"@type":"Person","@id":"https:\/\/lasentinelle.dz\/#\/schema\/person\/d865044e22e70a75174ce8bcad3acfb3","name":"La Sentinelle","image":{"@type":"ImageObject","inLanguage":"fr-FR","@id":"https:\/\/secure.gravatar.com\/avatar\/57de8e5d4b15d43fb361a71fbb36338450fe67865b528a43dd10ef7c51a20392?s=96&d=mm&r=g","url":"https:\/\/secure.gravatar.com\/avatar\/57de8e5d4b15d43fb361a71fbb36338450fe67865b528a43dd10ef7c51a20392?s=96&d=mm&r=g","contentUrl":"https:\/\/secure.gravatar.com\/avatar\/57de8e5d4b15d43fb361a71fbb36338450fe67865b528a43dd10ef7c51a20392?s=96&d=mm&r=g","caption":"La Sentinelle"},"sameAs":["http:\/\/www.lasentinelle.dz"],"url":"https:\/\/lasentinelle.dz\/author\/redaction\/"}]}},"_links":{"self":[{"href":"https:\/\/lasentinelle.dz\/index.php\/wp-json\/wp\/v2\/posts\/37961","targetHints":{"allow":["GET"]}}],"collection":[{"href":"https:\/\/lasentinelle.dz\/index.php\/wp-json\/wp\/v2\/posts"}],"about":[{"href":"https:\/\/lasentinelle.dz\/index.php\/wp-json\/wp\/v2\/types\/post"}],"author":[{"embeddable":true,"href":"https:\/\/lasentinelle.dz\/index.php\/wp-json\/wp\/v2\/users\/3"}],"replies":[{"embeddable":true,"href":"https:\/\/lasentinelle.dz\/index.php\/wp-json\/wp\/v2\/comments?post=37961"}],"version-history":[{"count":1,"href":"https:\/\/lasentinelle.dz\/index.php\/wp-json\/wp\/v2\/posts\/37961\/revisions"}],"predecessor-version":[{"id":37989,"href":"https:\/\/lasentinelle.dz\/index.php\/wp-json\/wp\/v2\/posts\/37961\/revisions\/37989"}],"wp:featuredmedia":[{"embeddable":true,"href":"https:\/\/lasentinelle.dz\/index.php\/wp-json\/wp\/v2\/media\/37987"}],"wp:attachment":[{"href":"https:\/\/lasentinelle.dz\/index.php\/wp-json\/wp\/v2\/media?parent=37961"}],"wp:term":[{"taxonomy":"category","embeddable":true,"href":"https:\/\/lasentinelle.dz\/index.php\/wp-json\/wp\/v2\/categories?post=37961"},{"taxonomy":"post_tag","embeddable":true,"href":"https:\/\/lasentinelle.dz\/index.php\/wp-json\/wp\/v2\/tags?post=37961"}],"curies":[{"name":"wp","href":"https:\/\/api.w.org\/{rel}","templated":true}]}}