{"id":38050,"date":"2023-03-18T22:05:00","date_gmt":"2023-03-18T21:05:00","guid":{"rendered":"https:\/\/lasentinelle.dz\/?p=38050"},"modified":"2023-03-18T21:38:16","modified_gmt":"2023-03-18T20:38:16","slug":"le-nouveau-ministre-des-affaires-etrangeres-prend-ses-fonctions-les-defis-actuels-necessitent-la-mobilisation-de-la-politique-etrangere","status":"publish","type":"post","link":"https:\/\/lasentinelle.dz\/index.php\/2023\/03\/18\/le-nouveau-ministre-des-affaires-etrangeres-prend-ses-fonctions-les-defis-actuels-necessitent-la-mobilisation-de-la-politique-etrangere\/","title":{"rendered":"Le nouveau ministre des Affaires \u00e9trang\u00e8res prend ses fonctions\u00a0: Les d\u00e9fis actuels \u00ab\u00a0n\u00e9cessitent la mobilisation de la politique \u00e9trang\u00e8re\u00a0\u00bb"},"content":{"rendered":"\n<p>Ahmed Attaf a pris, hier \u00e0 Alger, ses fonctions de ministre des Affaires \u00e9trang\u00e8res et de la Communaut\u00e9 nationale \u00e0 l&rsquo;\u00e9tranger, en remplacement de Ramtane Lamamra, suite au remaniement minist\u00e9riel op\u00e9r\u00e9 jeudi par le pr\u00e9sident de la R\u00e9publique, M. Abdelmadjid Tebboune. Dans une d\u00e9claration \u00e0 la presse \u00e0 l&rsquo;issue de la c\u00e9r\u00e9monie de passation des pouvoirs qui s&rsquo;est d\u00e9roul\u00e9e au si\u00e8ge du minist\u00e8re, M. Attaf a exprim\u00e9 sa reconnaissance au Pr\u00e9sident de la R\u00e9publique pour la confiance plac\u00e9e en lui, en le nommant \u00e0 ce poste, en vue de contribuer \u00e0 promouvoir \u00ab\u00a0la politique \u00e9trang\u00e8re du pays et lui permettre de r\u00e9aliser de nouveaux progr\u00e8s qualitatifs, \u00e0 la hauteur de la place de l&rsquo;Alg\u00e9rie, de ses valeurs, de son poids et de ses aspirations l\u00e9gitimes\u00a0\u00bb. Indiquant avoir rencontr\u00e9, il y a deux jours, le Pr\u00e9sident de la R\u00e9publique qui lui a donn\u00e9 des orientations afin de \u00ab\u00a0hisser la politique ext\u00e9rieure \u00e0 de hauts niveaux d&rsquo;efficacit\u00e9 et d&rsquo;influence\u00a0\u00bb, M. Attaf a affirm\u00e9 que \u00ab\u00a0l&rsquo;int\u00e9r\u00eat national est la boussole qui oriente le Pr\u00e9sident de la R\u00e9publique dans l&rsquo;analyse, l&rsquo;\u00e9valuation, l&rsquo;extrapolation et la prospective\u00a0\u00bb. Pour servir l&rsquo;int\u00e9r\u00eat national, M. Attaf a d\u00e9clar\u00e9 que le Pr\u00e9sident de la R\u00e9publique avait d\u00e9fini les priorit\u00e9s, les approches et la m\u00e9thodologie \u00e0 suivre, soulignant que son d\u00e9partement minist\u00e9riel \u00ab\u00a0aura dans un avenir proche l&rsquo;occasion de d\u00e9terminer chaque chantier pour le transformer en plan d&rsquo;action qui s&rsquo;adapte aux exigences de chacun des dossiers class\u00e9s par le pr\u00e9sident de la R\u00e9publique comme prioritaires et urgents\u00a0\u00bb. La p\u00e9riode actuelle est sensible \u00e0 tous les niveaux, aussi bien aux plans national, r\u00e9gional qu&rsquo;international, a-t-il estim\u00e9. \u00ab\u00a0Au plan national, le pays conna\u00eet des mutations importantes desquelles la politique ext\u00e9rieure doit \u00eatre au diapason et s&rsquo;adapter \u00e0 toutes leurs exigences, de m\u00eame qu&rsquo;au plan r\u00e9gional et dans les espaces auxquels nous appartenons connaissent des mutations profondes qui appellent la politique ext\u00e9rieure \u00e0 davantage de vigilance face \u00e0 leurs r\u00e9percussions\u00a0\u00bb, a-t-il ajout\u00e9. Concernant les crises interconnect\u00e9es et la mondialisation, ainsi que les d\u00e9s\u00e9quilibres de \u00ab\u00a0la structure de la s\u00e9curit\u00e9 collective\u00a0\u00bb dans le syst\u00e8me des relations internationales, la conjoncture actuelle, marqu\u00e9e par les d\u00e9fis et les risques, \u00ab\u00a0requiert la mobilisation de notre politique \u00e9trang\u00e8re en vue d&rsquo;assurer la s\u00e9curit\u00e9 et la stabilit\u00e9 auxquelles nous aspirons\u00a0\u00bb, a-t-il poursuivi.<\/p>\n\n\n\n<p><strong>APS<\/strong><\/p>\n","protected":false},"excerpt":{"rendered":"<p>Ahmed Attaf a pris, hier \u00e0 Alger, ses fonctions de ministre des Affaires \u00e9trang\u00e8res et de la Communaut\u00e9 nationale \u00e0<\/p>\n","protected":false},"author":2,"featured_media":38053,"comment_status":"open","ping_status":"closed","sticky":false,"template":"","format":"standard","meta":{"colormag_page_container_layout":"default_layout","colormag_page_sidebar_layout":"default_layout","om_disable_all_campaigns":false,"_monsterinsights_skip_tracking":false,"_monsterinsights_sitenote_active":false,"_monsterinsights_sitenote_note":"","_monsterinsights_sitenote_category":0,"footnotes":"","_wpscppro_dont_share_socialmedia":false,"_wpscppro_custom_social_share_image":0,"_facebook_share_type":"","_twitter_share_type":"","_linkedin_share_type":"","_pinterest_share_type":"","_linkedin_share_type_page":"","_instagram_share_type":"","_medium_share_type":"","_threads_share_type":"","_google_business_share_type":"","_selected_social_profile":[],"_wpsp_enable_custom_social_template":false,"_wpsp_social_scheduling":{"enabled":false,"datetime":null,"platforms":[],"status":"template_only","dateOption":"today","timeOption":"now","customDays":"","customHours":"","customDate":"","customTime":"","schedulingType":"absolute"},"_wpsp_active_default_template":true},"categories":[27],"tags":[],"class_list":["post-38050","post","type-post","status-publish","format-standard","has-post-thumbnail","hentry","category-actualite"],"aioseo_notices":[],"yoast_head":"<!-- This site is optimized with the Yoast SEO plugin v27.5 - https:\/\/yoast.com\/product\/yoast-seo-wordpress\/ -->\n<title>Le nouveau ministre des Affaires \u00e9trang\u00e8res prend ses fonctions\u00a0: Les d\u00e9fis actuels \u00ab\u00a0n\u00e9cessitent la mobilisation de la politique \u00e9trang\u00e8re\u00a0\u00bb - La Sentinelle<\/title>\n<meta name=\"robots\" content=\"index, follow, max-snippet:-1, max-image-preview:large, max-video-preview:-1\" \/>\n<link rel=\"canonical\" href=\"https:\/\/lasentinelle.dz\/index.php\/2023\/03\/18\/le-nouveau-ministre-des-affaires-etrangeres-prend-ses-fonctions-les-defis-actuels-necessitent-la-mobilisation-de-la-politique-etrangere\/\" \/>\n<meta property=\"og:locale\" content=\"fr_FR\" \/>\n<meta property=\"og:type\" content=\"article\" \/>\n<meta property=\"og:title\" content=\"Le nouveau ministre des Affaires \u00e9trang\u00e8res prend ses fonctions\u00a0: Les d\u00e9fis actuels \u00ab\u00a0n\u00e9cessitent la mobilisation de la politique \u00e9trang\u00e8re\u00a0\u00bb - La Sentinelle\" \/>\n<meta property=\"og:description\" content=\"Ahmed Attaf a pris, hier \u00e0 Alger, ses fonctions de ministre des Affaires \u00e9trang\u00e8res et de la Communaut\u00e9 nationale \u00e0\" \/>\n<meta property=\"og:url\" content=\"https:\/\/lasentinelle.dz\/index.php\/2023\/03\/18\/le-nouveau-ministre-des-affaires-etrangeres-prend-ses-fonctions-les-defis-actuels-necessitent-la-mobilisation-de-la-politique-etrangere\/\" \/>\n<meta property=\"og:site_name\" content=\"La Sentinelle\" \/>\n<meta property=\"article:publisher\" content=\"https:\/\/www.facebook.com\/La-Sentinelle-104059864394773\" \/>\n<meta property=\"article:published_time\" content=\"2023-03-18T21:05:00+00:00\" \/>\n<meta property=\"og:image\" content=\"https:\/\/lasentinelle.dz\/wp-content\/uploads\/2023\/03\/image_2023-03-18_213635453.png\" \/>\n\t<meta property=\"og:image:width\" content=\"295\" \/>\n\t<meta property=\"og:image:height\" content=\"171\" \/>\n\t<meta property=\"og:image:type\" content=\"image\/png\" \/>\n<meta name=\"author\" content=\"Azzedine Belferag\" \/>\n<meta name=\"twitter:card\" content=\"summary_large_image\" \/>\n<meta name=\"twitter:label1\" content=\"\u00c9crit par\" \/>\n\t<meta name=\"twitter:data1\" content=\"Azzedine Belferag\" \/>\n\t<meta name=\"twitter:label2\" content=\"Dur\u00e9e de lecture estim\u00e9e\" \/>\n\t<meta name=\"twitter:data2\" content=\"2 minutes\" \/>\n<script type=\"application\/ld+json\" class=\"yoast-schema-graph\">{\"@context\":\"https:\\\/\\\/schema.org\",\"@graph\":[{\"@type\":\"Article\",\"@id\":\"https:\\\/\\\/lasentinelle.dz\\\/index.php\\\/2023\\\/03\\\/18\\\/le-nouveau-ministre-des-affaires-etrangeres-prend-ses-fonctions-les-defis-actuels-necessitent-la-mobilisation-de-la-politique-etrangere\\\/#article\",\"isPartOf\":{\"@id\":\"https:\\\/\\\/lasentinelle.dz\\\/index.php\\\/2023\\\/03\\\/18\\\/le-nouveau-ministre-des-affaires-etrangeres-prend-ses-fonctions-les-defis-actuels-necessitent-la-mobilisation-de-la-politique-etrangere\\\/\"},\"author\":{\"name\":\"Azzedine Belferag\",\"@id\":\"https:\\\/\\\/lasentinelle.dz\\\/#\\\/schema\\\/person\\\/e22c868643946ece5f328ac9d185b29f\"},\"headline\":\"Le nouveau ministre des Affaires \u00e9trang\u00e8res prend ses fonctions\u00a0: Les d\u00e9fis actuels \u00ab\u00a0n\u00e9cessitent la mobilisation de la politique \u00e9trang\u00e8re\u00a0\u00bb\",\"datePublished\":\"2023-03-18T21:05:00+00:00\",\"mainEntityOfPage\":{\"@id\":\"https:\\\/\\\/lasentinelle.dz\\\/index.php\\\/2023\\\/03\\\/18\\\/le-nouveau-ministre-des-affaires-etrangeres-prend-ses-fonctions-les-defis-actuels-necessitent-la-mobilisation-de-la-politique-etrangere\\\/\"},\"wordCount\":459,\"commentCount\":0,\"publisher\":{\"@id\":\"https:\\\/\\\/lasentinelle.dz\\\/#organization\"},\"image\":{\"@id\":\"https:\\\/\\\/lasentinelle.dz\\\/index.php\\\/2023\\\/03\\\/18\\\/le-nouveau-ministre-des-affaires-etrangeres-prend-ses-fonctions-les-defis-actuels-necessitent-la-mobilisation-de-la-politique-etrangere\\\/#primaryimage\"},\"thumbnailUrl\":\"https:\\\/\\\/lasentinelle.dz\\\/wp-content\\\/uploads\\\/2023\\\/03\\\/image_2023-03-18_213635453.png\",\"articleSection\":[\"Actualit\u00e9\"],\"inLanguage\":\"fr-FR\",\"potentialAction\":[{\"@type\":\"CommentAction\",\"name\":\"Comment\",\"target\":[\"https:\\\/\\\/lasentinelle.dz\\\/index.php\\\/2023\\\/03\\\/18\\\/le-nouveau-ministre-des-affaires-etrangeres-prend-ses-fonctions-les-defis-actuels-necessitent-la-mobilisation-de-la-politique-etrangere\\\/#respond\"]}]},{\"@type\":\"WebPage\",\"@id\":\"https:\\\/\\\/lasentinelle.dz\\\/index.php\\\/2023\\\/03\\\/18\\\/le-nouveau-ministre-des-affaires-etrangeres-prend-ses-fonctions-les-defis-actuels-necessitent-la-mobilisation-de-la-politique-etrangere\\\/\",\"url\":\"https:\\\/\\\/lasentinelle.dz\\\/index.php\\\/2023\\\/03\\\/18\\\/le-nouveau-ministre-des-affaires-etrangeres-prend-ses-fonctions-les-defis-actuels-necessitent-la-mobilisation-de-la-politique-etrangere\\\/\",\"name\":\"Le nouveau ministre des Affaires \u00e9trang\u00e8res prend ses fonctions\u00a0: Les d\u00e9fis actuels \u00ab\u00a0n\u00e9cessitent la mobilisation de la politique \u00e9trang\u00e8re\u00a0\u00bb - La Sentinelle\",\"isPartOf\":{\"@id\":\"https:\\\/\\\/lasentinelle.dz\\\/#website\"},\"primaryImageOfPage\":{\"@id\":\"https:\\\/\\\/lasentinelle.dz\\\/index.php\\\/2023\\\/03\\\/18\\\/le-nouveau-ministre-des-affaires-etrangeres-prend-ses-fonctions-les-defis-actuels-necessitent-la-mobilisation-de-la-politique-etrangere\\\/#primaryimage\"},\"image\":{\"@id\":\"https:\\\/\\\/lasentinelle.dz\\\/index.php\\\/2023\\\/03\\\/18\\\/le-nouveau-ministre-des-affaires-etrangeres-prend-ses-fonctions-les-defis-actuels-necessitent-la-mobilisation-de-la-politique-etrangere\\\/#primaryimage\"},\"thumbnailUrl\":\"https:\\\/\\\/lasentinelle.dz\\\/wp-content\\\/uploads\\\/2023\\\/03\\\/image_2023-03-18_213635453.png\",\"datePublished\":\"2023-03-18T21:05:00+00:00\",\"breadcrumb\":{\"@id\":\"https:\\\/\\\/lasentinelle.dz\\\/index.php\\\/2023\\\/03\\\/18\\\/le-nouveau-ministre-des-affaires-etrangeres-prend-ses-fonctions-les-defis-actuels-necessitent-la-mobilisation-de-la-politique-etrangere\\\/#breadcrumb\"},\"inLanguage\":\"fr-FR\",\"potentialAction\":[{\"@type\":\"ReadAction\",\"target\":[\"https:\\\/\\\/lasentinelle.dz\\\/index.php\\\/2023\\\/03\\\/18\\\/le-nouveau-ministre-des-affaires-etrangeres-prend-ses-fonctions-les-defis-actuels-necessitent-la-mobilisation-de-la-politique-etrangere\\\/\"]}]},{\"@type\":\"ImageObject\",\"inLanguage\":\"fr-FR\",\"@id\":\"https:\\\/\\\/lasentinelle.dz\\\/index.php\\\/2023\\\/03\\\/18\\\/le-nouveau-ministre-des-affaires-etrangeres-prend-ses-fonctions-les-defis-actuels-necessitent-la-mobilisation-de-la-politique-etrangere\\\/#primaryimage\",\"url\":\"https:\\\/\\\/lasentinelle.dz\\\/wp-content\\\/uploads\\\/2023\\\/03\\\/image_2023-03-18_213635453.png\",\"contentUrl\":\"https:\\\/\\\/lasentinelle.dz\\\/wp-content\\\/uploads\\\/2023\\\/03\\\/image_2023-03-18_213635453.png\",\"width\":295,\"height\":171},{\"@type\":\"BreadcrumbList\",\"@id\":\"https:\\\/\\\/lasentinelle.dz\\\/index.php\\\/2023\\\/03\\\/18\\\/le-nouveau-ministre-des-affaires-etrangeres-prend-ses-fonctions-les-defis-actuels-necessitent-la-mobilisation-de-la-politique-etrangere\\\/#breadcrumb\",\"itemListElement\":[{\"@type\":\"ListItem\",\"position\":1,\"name\":\"Accueil\",\"item\":\"https:\\\/\\\/lasentinelle.dz\\\/\"},{\"@type\":\"ListItem\",\"position\":2,\"name\":\"Le nouveau ministre des Affaires \u00e9trang\u00e8res prend ses fonctions\u00a0: Les d\u00e9fis actuels \u00ab\u00a0n\u00e9cessitent la mobilisation de la politique \u00e9trang\u00e8re\u00a0\u00bb\"}]},{\"@type\":\"WebSite\",\"@id\":\"https:\\\/\\\/lasentinelle.dz\\\/#website\",\"url\":\"https:\\\/\\\/lasentinelle.dz\\\/\",\"name\":\"La Sentinelle\",\"description\":\"Quotidien national d&#039;information\",\"publisher\":{\"@id\":\"https:\\\/\\\/lasentinelle.dz\\\/#organization\"},\"potentialAction\":[{\"@type\":\"SearchAction\",\"target\":{\"@type\":\"EntryPoint\",\"urlTemplate\":\"https:\\\/\\\/lasentinelle.dz\\\/?s={search_term_string}\"},\"query-input\":{\"@type\":\"PropertyValueSpecification\",\"valueRequired\":true,\"valueName\":\"search_term_string\"}}],\"inLanguage\":\"fr-FR\"},{\"@type\":\"Organization\",\"@id\":\"https:\\\/\\\/lasentinelle.dz\\\/#organization\",\"name\":\"Quotidien La Sentinelle\",\"url\":\"https:\\\/\\\/lasentinelle.dz\\\/\",\"logo\":{\"@type\":\"ImageObject\",\"inLanguage\":\"fr-FR\",\"@id\":\"https:\\\/\\\/lasentinelle.dz\\\/#\\\/schema\\\/logo\\\/image\\\/\",\"url\":\"https:\\\/\\\/lasentinelle.dz\\\/wp-content\\\/uploads\\\/2021\\\/09\\\/logo-sentinelleSLOGAN-1.png\",\"contentUrl\":\"https:\\\/\\\/lasentinelle.dz\\\/wp-content\\\/uploads\\\/2021\\\/09\\\/logo-sentinelleSLOGAN-1.png\",\"width\":615,\"height\":142,\"caption\":\"Quotidien La Sentinelle\"},\"image\":{\"@id\":\"https:\\\/\\\/lasentinelle.dz\\\/#\\\/schema\\\/logo\\\/image\\\/\"},\"sameAs\":[\"https:\\\/\\\/www.facebook.com\\\/La-Sentinelle-104059864394773\"]},{\"@type\":\"Person\",\"@id\":\"https:\\\/\\\/lasentinelle.dz\\\/#\\\/schema\\\/person\\\/e22c868643946ece5f328ac9d185b29f\",\"name\":\"Azzedine Belferag\",\"image\":{\"@type\":\"ImageObject\",\"inLanguage\":\"fr-FR\",\"@id\":\"https:\\\/\\\/secure.gravatar.com\\\/avatar\\\/767ecc3bfcf23cd6d0dae1705f124feb13a88fded1daa56498e4fb3aa3fc36a1?s=96&d=mm&r=g\",\"url\":\"https:\\\/\\\/secure.gravatar.com\\\/avatar\\\/767ecc3bfcf23cd6d0dae1705f124feb13a88fded1daa56498e4fb3aa3fc36a1?s=96&d=mm&r=g\",\"contentUrl\":\"https:\\\/\\\/secure.gravatar.com\\\/avatar\\\/767ecc3bfcf23cd6d0dae1705f124feb13a88fded1daa56498e4fb3aa3fc36a1?s=96&d=mm&r=g\",\"caption\":\"Azzedine Belferag\"},\"sameAs\":[\"http:\\\/\\\/www.lasentinelle.dz\"],\"url\":\"https:\\\/\\\/lasentinelle.dz\\\/author\\\/belferag\\\/\"}]}<\/script>\n<!-- \/ Yoast SEO plugin. -->","yoast_head_json":{"title":"Le nouveau ministre des Affaires \u00e9trang\u00e8res prend ses fonctions\u00a0: Les d\u00e9fis actuels \u00ab\u00a0n\u00e9cessitent la mobilisation de la politique \u00e9trang\u00e8re\u00a0\u00bb - La Sentinelle","robots":{"index":"index","follow":"follow","max-snippet":"max-snippet:-1","max-image-preview":"max-image-preview:large","max-video-preview":"max-video-preview:-1"},"canonical":"https:\/\/lasentinelle.dz\/index.php\/2023\/03\/18\/le-nouveau-ministre-des-affaires-etrangeres-prend-ses-fonctions-les-defis-actuels-necessitent-la-mobilisation-de-la-politique-etrangere\/","og_locale":"fr_FR","og_type":"article","og_title":"Le nouveau ministre des Affaires \u00e9trang\u00e8res prend ses fonctions\u00a0: Les d\u00e9fis actuels \u00ab\u00a0n\u00e9cessitent la mobilisation de la politique \u00e9trang\u00e8re\u00a0\u00bb - La Sentinelle","og_description":"Ahmed Attaf a pris, hier \u00e0 Alger, ses fonctions de ministre des Affaires \u00e9trang\u00e8res et de la Communaut\u00e9 nationale \u00e0","og_url":"https:\/\/lasentinelle.dz\/index.php\/2023\/03\/18\/le-nouveau-ministre-des-affaires-etrangeres-prend-ses-fonctions-les-defis-actuels-necessitent-la-mobilisation-de-la-politique-etrangere\/","og_site_name":"La Sentinelle","article_publisher":"https:\/\/www.facebook.com\/La-Sentinelle-104059864394773","article_published_time":"2023-03-18T21:05:00+00:00","og_image":[{"width":295,"height":171,"url":"https:\/\/lasentinelle.dz\/wp-content\/uploads\/2023\/03\/image_2023-03-18_213635453.png","type":"image\/png"}],"author":"Azzedine Belferag","twitter_card":"summary_large_image","twitter_misc":{"\u00c9crit par":"Azzedine Belferag","Dur\u00e9e de lecture estim\u00e9e":"2 minutes"},"schema":{"@context":"https:\/\/schema.org","@graph":[{"@type":"Article","@id":"https:\/\/lasentinelle.dz\/index.php\/2023\/03\/18\/le-nouveau-ministre-des-affaires-etrangeres-prend-ses-fonctions-les-defis-actuels-necessitent-la-mobilisation-de-la-politique-etrangere\/#article","isPartOf":{"@id":"https:\/\/lasentinelle.dz\/index.php\/2023\/03\/18\/le-nouveau-ministre-des-affaires-etrangeres-prend-ses-fonctions-les-defis-actuels-necessitent-la-mobilisation-de-la-politique-etrangere\/"},"author":{"name":"Azzedine Belferag","@id":"https:\/\/lasentinelle.dz\/#\/schema\/person\/e22c868643946ece5f328ac9d185b29f"},"headline":"Le nouveau ministre des Affaires \u00e9trang\u00e8res prend ses fonctions\u00a0: Les d\u00e9fis actuels \u00ab\u00a0n\u00e9cessitent la mobilisation de la politique \u00e9trang\u00e8re\u00a0\u00bb","datePublished":"2023-03-18T21:05:00+00:00","mainEntityOfPage":{"@id":"https:\/\/lasentinelle.dz\/index.php\/2023\/03\/18\/le-nouveau-ministre-des-affaires-etrangeres-prend-ses-fonctions-les-defis-actuels-necessitent-la-mobilisation-de-la-politique-etrangere\/"},"wordCount":459,"commentCount":0,"publisher":{"@id":"https:\/\/lasentinelle.dz\/#organization"},"image":{"@id":"https:\/\/lasentinelle.dz\/index.php\/2023\/03\/18\/le-nouveau-ministre-des-affaires-etrangeres-prend-ses-fonctions-les-defis-actuels-necessitent-la-mobilisation-de-la-politique-etrangere\/#primaryimage"},"thumbnailUrl":"https:\/\/lasentinelle.dz\/wp-content\/uploads\/2023\/03\/image_2023-03-18_213635453.png","articleSection":["Actualit\u00e9"],"inLanguage":"fr-FR","potentialAction":[{"@type":"CommentAction","name":"Comment","target":["https:\/\/lasentinelle.dz\/index.php\/2023\/03\/18\/le-nouveau-ministre-des-affaires-etrangeres-prend-ses-fonctions-les-defis-actuels-necessitent-la-mobilisation-de-la-politique-etrangere\/#respond"]}]},{"@type":"WebPage","@id":"https:\/\/lasentinelle.dz\/index.php\/2023\/03\/18\/le-nouveau-ministre-des-affaires-etrangeres-prend-ses-fonctions-les-defis-actuels-necessitent-la-mobilisation-de-la-politique-etrangere\/","url":"https:\/\/lasentinelle.dz\/index.php\/2023\/03\/18\/le-nouveau-ministre-des-affaires-etrangeres-prend-ses-fonctions-les-defis-actuels-necessitent-la-mobilisation-de-la-politique-etrangere\/","name":"Le nouveau ministre des Affaires \u00e9trang\u00e8res prend ses fonctions\u00a0: Les d\u00e9fis actuels \u00ab\u00a0n\u00e9cessitent la mobilisation de la politique \u00e9trang\u00e8re\u00a0\u00bb - La Sentinelle","isPartOf":{"@id":"https:\/\/lasentinelle.dz\/#website"},"primaryImageOfPage":{"@id":"https:\/\/lasentinelle.dz\/index.php\/2023\/03\/18\/le-nouveau-ministre-des-affaires-etrangeres-prend-ses-fonctions-les-defis-actuels-necessitent-la-mobilisation-de-la-politique-etrangere\/#primaryimage"},"image":{"@id":"https:\/\/lasentinelle.dz\/index.php\/2023\/03\/18\/le-nouveau-ministre-des-affaires-etrangeres-prend-ses-fonctions-les-defis-actuels-necessitent-la-mobilisation-de-la-politique-etrangere\/#primaryimage"},"thumbnailUrl":"https:\/\/lasentinelle.dz\/wp-content\/uploads\/2023\/03\/image_2023-03-18_213635453.png","datePublished":"2023-03-18T21:05:00+00:00","breadcrumb":{"@id":"https:\/\/lasentinelle.dz\/index.php\/2023\/03\/18\/le-nouveau-ministre-des-affaires-etrangeres-prend-ses-fonctions-les-defis-actuels-necessitent-la-mobilisation-de-la-politique-etrangere\/#breadcrumb"},"inLanguage":"fr-FR","potentialAction":[{"@type":"ReadAction","target":["https:\/\/lasentinelle.dz\/index.php\/2023\/03\/18\/le-nouveau-ministre-des-affaires-etrangeres-prend-ses-fonctions-les-defis-actuels-necessitent-la-mobilisation-de-la-politique-etrangere\/"]}]},{"@type":"ImageObject","inLanguage":"fr-FR","@id":"https:\/\/lasentinelle.dz\/index.php\/2023\/03\/18\/le-nouveau-ministre-des-affaires-etrangeres-prend-ses-fonctions-les-defis-actuels-necessitent-la-mobilisation-de-la-politique-etrangere\/#primaryimage","url":"https:\/\/lasentinelle.dz\/wp-content\/uploads\/2023\/03\/image_2023-03-18_213635453.png","contentUrl":"https:\/\/lasentinelle.dz\/wp-content\/uploads\/2023\/03\/image_2023-03-18_213635453.png","width":295,"height":171},{"@type":"BreadcrumbList","@id":"https:\/\/lasentinelle.dz\/index.php\/2023\/03\/18\/le-nouveau-ministre-des-affaires-etrangeres-prend-ses-fonctions-les-defis-actuels-necessitent-la-mobilisation-de-la-politique-etrangere\/#breadcrumb","itemListElement":[{"@type":"ListItem","position":1,"name":"Accueil","item":"https:\/\/lasentinelle.dz\/"},{"@type":"ListItem","position":2,"name":"Le nouveau ministre des Affaires \u00e9trang\u00e8res prend ses fonctions\u00a0: Les d\u00e9fis actuels \u00ab\u00a0n\u00e9cessitent la mobilisation de la politique \u00e9trang\u00e8re\u00a0\u00bb"}]},{"@type":"WebSite","@id":"https:\/\/lasentinelle.dz\/#website","url":"https:\/\/lasentinelle.dz\/","name":"La Sentinelle","description":"Quotidien national d&#039;information","publisher":{"@id":"https:\/\/lasentinelle.dz\/#organization"},"potentialAction":[{"@type":"SearchAction","target":{"@type":"EntryPoint","urlTemplate":"https:\/\/lasentinelle.dz\/?s={search_term_string}"},"query-input":{"@type":"PropertyValueSpecification","valueRequired":true,"valueName":"search_term_string"}}],"inLanguage":"fr-FR"},{"@type":"Organization","@id":"https:\/\/lasentinelle.dz\/#organization","name":"Quotidien La Sentinelle","url":"https:\/\/lasentinelle.dz\/","logo":{"@type":"ImageObject","inLanguage":"fr-FR","@id":"https:\/\/lasentinelle.dz\/#\/schema\/logo\/image\/","url":"https:\/\/lasentinelle.dz\/wp-content\/uploads\/2021\/09\/logo-sentinelleSLOGAN-1.png","contentUrl":"https:\/\/lasentinelle.dz\/wp-content\/uploads\/2021\/09\/logo-sentinelleSLOGAN-1.png","width":615,"height":142,"caption":"Quotidien La Sentinelle"},"image":{"@id":"https:\/\/lasentinelle.dz\/#\/schema\/logo\/image\/"},"sameAs":["https:\/\/www.facebook.com\/La-Sentinelle-104059864394773"]},{"@type":"Person","@id":"https:\/\/lasentinelle.dz\/#\/schema\/person\/e22c868643946ece5f328ac9d185b29f","name":"Azzedine Belferag","image":{"@type":"ImageObject","inLanguage":"fr-FR","@id":"https:\/\/secure.gravatar.com\/avatar\/767ecc3bfcf23cd6d0dae1705f124feb13a88fded1daa56498e4fb3aa3fc36a1?s=96&d=mm&r=g","url":"https:\/\/secure.gravatar.com\/avatar\/767ecc3bfcf23cd6d0dae1705f124feb13a88fded1daa56498e4fb3aa3fc36a1?s=96&d=mm&r=g","contentUrl":"https:\/\/secure.gravatar.com\/avatar\/767ecc3bfcf23cd6d0dae1705f124feb13a88fded1daa56498e4fb3aa3fc36a1?s=96&d=mm&r=g","caption":"Azzedine Belferag"},"sameAs":["http:\/\/www.lasentinelle.dz"],"url":"https:\/\/lasentinelle.dz\/author\/belferag\/"}]}},"_links":{"self":[{"href":"https:\/\/lasentinelle.dz\/index.php\/wp-json\/wp\/v2\/posts\/38050","targetHints":{"allow":["GET"]}}],"collection":[{"href":"https:\/\/lasentinelle.dz\/index.php\/wp-json\/wp\/v2\/posts"}],"about":[{"href":"https:\/\/lasentinelle.dz\/index.php\/wp-json\/wp\/v2\/types\/post"}],"author":[{"embeddable":true,"href":"https:\/\/lasentinelle.dz\/index.php\/wp-json\/wp\/v2\/users\/2"}],"replies":[{"embeddable":true,"href":"https:\/\/lasentinelle.dz\/index.php\/wp-json\/wp\/v2\/comments?post=38050"}],"version-history":[{"count":1,"href":"https:\/\/lasentinelle.dz\/index.php\/wp-json\/wp\/v2\/posts\/38050\/revisions"}],"predecessor-version":[{"id":38054,"href":"https:\/\/lasentinelle.dz\/index.php\/wp-json\/wp\/v2\/posts\/38050\/revisions\/38054"}],"wp:featuredmedia":[{"embeddable":true,"href":"https:\/\/lasentinelle.dz\/index.php\/wp-json\/wp\/v2\/media\/38053"}],"wp:attachment":[{"href":"https:\/\/lasentinelle.dz\/index.php\/wp-json\/wp\/v2\/media?parent=38050"}],"wp:term":[{"taxonomy":"category","embeddable":true,"href":"https:\/\/lasentinelle.dz\/index.php\/wp-json\/wp\/v2\/categories?post=38050"},{"taxonomy":"post_tag","embeddable":true,"href":"https:\/\/lasentinelle.dz\/index.php\/wp-json\/wp\/v2\/tags?post=38050"}],"curies":[{"name":"wp","href":"https:\/\/api.w.org\/{rel}","templated":true}]}}