{"id":3806,"date":"2021-08-08T17:53:46","date_gmt":"2021-08-08T16:53:46","guid":{"rendered":"https:\/\/lasentinelle.dz\/?p=3806"},"modified":"2021-08-08T17:55:14","modified_gmt":"2021-08-08T16:55:14","slug":"operations-de-solidarite-de-lutte-contre-le-covid19-lambassade-dalgerie-en-france-fixe-les-regles","status":"publish","type":"post","link":"https:\/\/lasentinelle.dz\/index.php\/2021\/08\/08\/operations-de-solidarite-de-lutte-contre-le-covid19-lambassade-dalgerie-en-france-fixe-les-regles\/","title":{"rendered":"Op\u00e9rations de solidarit\u00e9 de lutte contre le covid19 : L\u2019ambassade d\u2019Alg\u00e9rie en France fixe les r\u00e8gles"},"content":{"rendered":"\n<p>L\u2019ambassade d\u2019Alg\u00e9rie en France a fix\u00e9 vendredi les modalit\u00e9s d\u2019acheminements des dons en mat\u00e9riels m\u00e9dicaux collect\u00e9s \u00e0 l\u2019\u00e9trangerdans le cadre des op\u00e9rations de solidarit\u00e9 de lutte contre le coronavirus.<\/p>\n\n\n\n<p>C\u2019est du moins ce qui en ressort dans le communiqu\u00e9 de l\u2019ambassade d\u2019Alg\u00e9rie en France indiquant que \u00ab les op\u00e9rations de solidarit\u00e9 visant la lutte contre la propagation de la pand\u00e9mie du covid19, initi\u00e9e par les membres de la diaspora alg\u00e9rienne, sont d\u00e9sormais soumises \u00e0une autorisation d\u2019acheminement de dons \u00bb.<\/p>\n\n\n\n<p>\u00abL\u2019ambassade d\u2019Alg\u00e9rie en France porte \u00e0 la connaissance des associations communautaires, collectif et ressortissants alg\u00e9riens, que la concr\u00e9tisation des op\u00e9rations de solidarit\u00e9 initi\u00e9e par les membres de la communaut\u00e9 nationale \u00e0 l\u2019\u00e9tranger, venant en appoint des actions men\u00e9es par l\u2019\u00c9tat dans la lutte contre la propagation de la pand\u00e9mie du covid 19, ob\u00e9issent \u00e0 des conditions \u00bb, est-il mentionn\u00e9 dans ce document de l\u2019ambassade, pr\u00e9cisant que \u00ab les initiateurs d\u2019op\u00e9ration de collecte de dons sont tenus de prendre attache avec les repr\u00e9sentations consulaires territorialement comp\u00e9tentes \u00e0 l\u2019effet de solliciter la d\u00e9livrance d\u2019autorisation d\u2019acheminement de dons \u00bb.Concernant cette demande d\u2019autorisation, celle-ci doit contenir l\u2019identit\u00e9 des donateurs (associations, collectifs ou particuliers), agr\u00e9ment le cas \u00e9ch\u00e9ant, la liste du mat\u00e9riel m\u00e9dical, concentrateur d\u2019oxyg\u00e8ne, du mat\u00e9riel consommable et des produits pharmaceutiques collect\u00e9s, comportant les indications sur le volume, le poids et la valeur.Le communiqu\u00e9 pr\u00e9cise aussi que \u00ab le minist\u00e8re de la Sant\u00e9, (pharmacie centrale) est le seul et unique destinataire des dons recueillis \u00bb, indiquant que c\u2019est le minist\u00e8re de la Sant\u00e9 qui\u00ab se charge de la r\u00e9partition du mat\u00e9riel m\u00e9dical, des consommables et des produits pharmaceutiques collect\u00e9s selon son \u00e9valuation des besoins au niveau national \u00bb, ajoutant que l\u2019acheminement de ces aides, \u00ab s\u2019op\u00e8re \u00e0 partir des trois plateformes au niveau des a\u00e9roports de Paris, Marseille et Lyon \u00bb.<\/p>\n\n\n\n<p>Concernant le d\u00e9placement en Alg\u00e9rie des praticiensdans le cadre du b\u00e9n\u00e9volat, l\u2019ambassade invite les praticiens et les professionnels de la sant\u00e9 d\u00e9sireux de se rendre dans le pays pour contribuer \u00e0 la prise en charge des malades atteints de Covid \u00e0 se rapprocher de la repr\u00e9sentation consulaire dont il rel\u00e8vent afin de manifester leur engagement et d\u2019\u00eatre port\u00e9s sur la liste des volontaires.Pour assurer le d\u00e9placement de ces volontaires, ces derniers doivent au pr\u00e9alable communiquer les \u00e9l\u00e9ments d\u2019informations n\u00e9cessaires, notamment la sp\u00e9cialit\u00e9 et la p\u00e9riode de disponibilit\u00e9 indiquant que \u00ab la r\u00e9partition des personnes volontaires au niveau des infrastructures sanitaires, rel\u00e8ve du ressort exclusif du minist\u00e8re de la Sant\u00e9 \u00bb, pr\u00e9cisant au passage que ces volontaires seront contact\u00e9s par les repr\u00e9sentations consulairespour notification de la destination et la p\u00e9riode retenue pour leur mission.Et \u00e0 la fin de ce communiqu\u00e9, l\u2019ambassade d\u2019Alg\u00e9rie en France, souligne que \u00ab les volontaires, trouveront \u00e0 leur arriv\u00e9e les moyens de transports ad\u00e9quats pour rejoindre leur lieu d\u2019affectation de m\u00eame qu\u2019ils seront inform\u00e9s de leurs conditions de travail et de s\u00e9jour \u00bb.<\/p>\n\n\n\n<p>Boubekeur Amrani<\/p>\n","protected":false},"excerpt":{"rendered":"<p>L\u2019ambassade d\u2019Alg\u00e9rie en France a fix\u00e9 vendredi les modalit\u00e9s d\u2019acheminements des dons en mat\u00e9riels m\u00e9dicaux collect\u00e9s \u00e0 l\u2019\u00e9trangerdans le cadre<\/p>\n","protected":false},"author":3,"featured_media":3818,"comment_status":"open","ping_status":"closed","sticky":false,"template":"","format":"standard","meta":{"colormag_page_container_layout":"default_layout","colormag_page_sidebar_layout":"default_layout","om_disable_all_campaigns":false,"_monsterinsights_skip_tracking":false,"_monsterinsights_sitenote_active":false,"_monsterinsights_sitenote_note":"","_monsterinsights_sitenote_category":0,"footnotes":"","_wpscppro_dont_share_socialmedia":false,"_wpscppro_custom_social_share_image":0,"_facebook_share_type":"","_twitter_share_type":"","_linkedin_share_type":"","_pinterest_share_type":"","_linkedin_share_type_page":"","_instagram_share_type":"","_medium_share_type":"","_threads_share_type":"","_google_business_share_type":"","_selected_social_profile":[],"_wpsp_enable_custom_social_template":false,"_wpsp_social_scheduling":{"enabled":false,"datetime":null,"platforms":[],"status":"template_only","dateOption":"today","timeOption":"now","customDays":"","customHours":"","customDate":"","customTime":"","schedulingType":"absolute"},"_wpsp_active_default_template":true},"categories":[52,27],"tags":[],"class_list":["post-3806","post","type-post","status-publish","format-standard","has-post-thumbnail","hentry","category-a-la-une","category-actualite"],"aioseo_notices":[],"yoast_head":"<!-- This site is optimized with the Yoast SEO plugin v27.5 - https:\/\/yoast.com\/product\/yoast-seo-wordpress\/ -->\n<title>Op\u00e9rations de solidarit\u00e9 de lutte contre le covid19 : L\u2019ambassade d\u2019Alg\u00e9rie en France fixe les r\u00e8gles - La Sentinelle<\/title>\n<meta name=\"robots\" content=\"index, follow, max-snippet:-1, max-image-preview:large, max-video-preview:-1\" \/>\n<link rel=\"canonical\" href=\"https:\/\/lasentinelle.dz\/index.php\/2021\/08\/08\/operations-de-solidarite-de-lutte-contre-le-covid19-lambassade-dalgerie-en-france-fixe-les-regles\/\" \/>\n<meta property=\"og:locale\" content=\"fr_FR\" \/>\n<meta property=\"og:type\" content=\"article\" \/>\n<meta property=\"og:title\" content=\"Op\u00e9rations de solidarit\u00e9 de lutte contre le covid19 : L\u2019ambassade d\u2019Alg\u00e9rie en France fixe les r\u00e8gles - La Sentinelle\" \/>\n<meta property=\"og:description\" content=\"L\u2019ambassade d\u2019Alg\u00e9rie en France a fix\u00e9 vendredi les modalit\u00e9s d\u2019acheminements des dons en mat\u00e9riels m\u00e9dicaux collect\u00e9s \u00e0 l\u2019\u00e9trangerdans le cadre\" \/>\n<meta property=\"og:url\" content=\"https:\/\/lasentinelle.dz\/index.php\/2021\/08\/08\/operations-de-solidarite-de-lutte-contre-le-covid19-lambassade-dalgerie-en-france-fixe-les-regles\/\" \/>\n<meta property=\"og:site_name\" content=\"La Sentinelle\" \/>\n<meta property=\"article:publisher\" content=\"https:\/\/www.facebook.com\/La-Sentinelle-104059864394773\" \/>\n<meta property=\"article:published_time\" content=\"2021-08-08T16:53:46+00:00\" \/>\n<meta property=\"article:modified_time\" content=\"2021-08-08T16:55:14+00:00\" \/>\n<meta property=\"og:image\" content=\"https:\/\/lasentinelle.dz\/wp-content\/uploads\/2021\/08\/image_2021-08-08_175337.png\" \/>\n\t<meta property=\"og:image:width\" content=\"287\" \/>\n\t<meta property=\"og:image:height\" content=\"176\" \/>\n\t<meta property=\"og:image:type\" content=\"image\/png\" \/>\n<meta name=\"author\" content=\"La Sentinelle\" \/>\n<meta name=\"twitter:card\" content=\"summary_large_image\" \/>\n<meta name=\"twitter:label1\" content=\"\u00c9crit par\" \/>\n\t<meta name=\"twitter:data1\" content=\"La Sentinelle\" \/>\n\t<meta name=\"twitter:label2\" content=\"Dur\u00e9e de lecture estim\u00e9e\" \/>\n\t<meta name=\"twitter:data2\" content=\"3 minutes\" \/>\n<script type=\"application\/ld+json\" class=\"yoast-schema-graph\">{\"@context\":\"https:\\\/\\\/schema.org\",\"@graph\":[{\"@type\":\"Article\",\"@id\":\"https:\\\/\\\/lasentinelle.dz\\\/index.php\\\/2021\\\/08\\\/08\\\/operations-de-solidarite-de-lutte-contre-le-covid19-lambassade-dalgerie-en-france-fixe-les-regles\\\/#article\",\"isPartOf\":{\"@id\":\"https:\\\/\\\/lasentinelle.dz\\\/index.php\\\/2021\\\/08\\\/08\\\/operations-de-solidarite-de-lutte-contre-le-covid19-lambassade-dalgerie-en-france-fixe-les-regles\\\/\"},\"author\":{\"name\":\"La Sentinelle\",\"@id\":\"https:\\\/\\\/lasentinelle.dz\\\/#\\\/schema\\\/person\\\/d865044e22e70a75174ce8bcad3acfb3\"},\"headline\":\"Op\u00e9rations de solidarit\u00e9 de lutte contre le covid19 : L\u2019ambassade d\u2019Alg\u00e9rie en France fixe les r\u00e8gles\",\"datePublished\":\"2021-08-08T16:53:46+00:00\",\"dateModified\":\"2021-08-08T16:55:14+00:00\",\"mainEntityOfPage\":{\"@id\":\"https:\\\/\\\/lasentinelle.dz\\\/index.php\\\/2021\\\/08\\\/08\\\/operations-de-solidarite-de-lutte-contre-le-covid19-lambassade-dalgerie-en-france-fixe-les-regles\\\/\"},\"wordCount\":571,\"commentCount\":0,\"publisher\":{\"@id\":\"https:\\\/\\\/lasentinelle.dz\\\/#organization\"},\"image\":{\"@id\":\"https:\\\/\\\/lasentinelle.dz\\\/index.php\\\/2021\\\/08\\\/08\\\/operations-de-solidarite-de-lutte-contre-le-covid19-lambassade-dalgerie-en-france-fixe-les-regles\\\/#primaryimage\"},\"thumbnailUrl\":\"https:\\\/\\\/lasentinelle.dz\\\/wp-content\\\/uploads\\\/2021\\\/08\\\/image_2021-08-08_175337.png\",\"articleSection\":[\"\u00c0 la Une\",\"Actualit\u00e9\"],\"inLanguage\":\"fr-FR\",\"potentialAction\":[{\"@type\":\"CommentAction\",\"name\":\"Comment\",\"target\":[\"https:\\\/\\\/lasentinelle.dz\\\/index.php\\\/2021\\\/08\\\/08\\\/operations-de-solidarite-de-lutte-contre-le-covid19-lambassade-dalgerie-en-france-fixe-les-regles\\\/#respond\"]}]},{\"@type\":\"WebPage\",\"@id\":\"https:\\\/\\\/lasentinelle.dz\\\/index.php\\\/2021\\\/08\\\/08\\\/operations-de-solidarite-de-lutte-contre-le-covid19-lambassade-dalgerie-en-france-fixe-les-regles\\\/\",\"url\":\"https:\\\/\\\/lasentinelle.dz\\\/index.php\\\/2021\\\/08\\\/08\\\/operations-de-solidarite-de-lutte-contre-le-covid19-lambassade-dalgerie-en-france-fixe-les-regles\\\/\",\"name\":\"Op\u00e9rations de solidarit\u00e9 de lutte contre le covid19 : L\u2019ambassade d\u2019Alg\u00e9rie en France fixe les r\u00e8gles - La Sentinelle\",\"isPartOf\":{\"@id\":\"https:\\\/\\\/lasentinelle.dz\\\/#website\"},\"primaryImageOfPage\":{\"@id\":\"https:\\\/\\\/lasentinelle.dz\\\/index.php\\\/2021\\\/08\\\/08\\\/operations-de-solidarite-de-lutte-contre-le-covid19-lambassade-dalgerie-en-france-fixe-les-regles\\\/#primaryimage\"},\"image\":{\"@id\":\"https:\\\/\\\/lasentinelle.dz\\\/index.php\\\/2021\\\/08\\\/08\\\/operations-de-solidarite-de-lutte-contre-le-covid19-lambassade-dalgerie-en-france-fixe-les-regles\\\/#primaryimage\"},\"thumbnailUrl\":\"https:\\\/\\\/lasentinelle.dz\\\/wp-content\\\/uploads\\\/2021\\\/08\\\/image_2021-08-08_175337.png\",\"datePublished\":\"2021-08-08T16:53:46+00:00\",\"dateModified\":\"2021-08-08T16:55:14+00:00\",\"breadcrumb\":{\"@id\":\"https:\\\/\\\/lasentinelle.dz\\\/index.php\\\/2021\\\/08\\\/08\\\/operations-de-solidarite-de-lutte-contre-le-covid19-lambassade-dalgerie-en-france-fixe-les-regles\\\/#breadcrumb\"},\"inLanguage\":\"fr-FR\",\"potentialAction\":[{\"@type\":\"ReadAction\",\"target\":[\"https:\\\/\\\/lasentinelle.dz\\\/index.php\\\/2021\\\/08\\\/08\\\/operations-de-solidarite-de-lutte-contre-le-covid19-lambassade-dalgerie-en-france-fixe-les-regles\\\/\"]}]},{\"@type\":\"ImageObject\",\"inLanguage\":\"fr-FR\",\"@id\":\"https:\\\/\\\/lasentinelle.dz\\\/index.php\\\/2021\\\/08\\\/08\\\/operations-de-solidarite-de-lutte-contre-le-covid19-lambassade-dalgerie-en-france-fixe-les-regles\\\/#primaryimage\",\"url\":\"https:\\\/\\\/lasentinelle.dz\\\/wp-content\\\/uploads\\\/2021\\\/08\\\/image_2021-08-08_175337.png\",\"contentUrl\":\"https:\\\/\\\/lasentinelle.dz\\\/wp-content\\\/uploads\\\/2021\\\/08\\\/image_2021-08-08_175337.png\",\"width\":287,\"height\":176},{\"@type\":\"BreadcrumbList\",\"@id\":\"https:\\\/\\\/lasentinelle.dz\\\/index.php\\\/2021\\\/08\\\/08\\\/operations-de-solidarite-de-lutte-contre-le-covid19-lambassade-dalgerie-en-france-fixe-les-regles\\\/#breadcrumb\",\"itemListElement\":[{\"@type\":\"ListItem\",\"position\":1,\"name\":\"Accueil\",\"item\":\"https:\\\/\\\/lasentinelle.dz\\\/\"},{\"@type\":\"ListItem\",\"position\":2,\"name\":\"Op\u00e9rations de solidarit\u00e9 de lutte contre le covid19 : L\u2019ambassade d\u2019Alg\u00e9rie en France fixe les r\u00e8gles\"}]},{\"@type\":\"WebSite\",\"@id\":\"https:\\\/\\\/lasentinelle.dz\\\/#website\",\"url\":\"https:\\\/\\\/lasentinelle.dz\\\/\",\"name\":\"La Sentinelle\",\"description\":\"Quotidien national d&#039;information\",\"publisher\":{\"@id\":\"https:\\\/\\\/lasentinelle.dz\\\/#organization\"},\"potentialAction\":[{\"@type\":\"SearchAction\",\"target\":{\"@type\":\"EntryPoint\",\"urlTemplate\":\"https:\\\/\\\/lasentinelle.dz\\\/?s={search_term_string}\"},\"query-input\":{\"@type\":\"PropertyValueSpecification\",\"valueRequired\":true,\"valueName\":\"search_term_string\"}}],\"inLanguage\":\"fr-FR\"},{\"@type\":\"Organization\",\"@id\":\"https:\\\/\\\/lasentinelle.dz\\\/#organization\",\"name\":\"Quotidien La Sentinelle\",\"url\":\"https:\\\/\\\/lasentinelle.dz\\\/\",\"logo\":{\"@type\":\"ImageObject\",\"inLanguage\":\"fr-FR\",\"@id\":\"https:\\\/\\\/lasentinelle.dz\\\/#\\\/schema\\\/logo\\\/image\\\/\",\"url\":\"https:\\\/\\\/lasentinelle.dz\\\/wp-content\\\/uploads\\\/2021\\\/09\\\/logo-sentinelleSLOGAN-1.png\",\"contentUrl\":\"https:\\\/\\\/lasentinelle.dz\\\/wp-content\\\/uploads\\\/2021\\\/09\\\/logo-sentinelleSLOGAN-1.png\",\"width\":615,\"height\":142,\"caption\":\"Quotidien La Sentinelle\"},\"image\":{\"@id\":\"https:\\\/\\\/lasentinelle.dz\\\/#\\\/schema\\\/logo\\\/image\\\/\"},\"sameAs\":[\"https:\\\/\\\/www.facebook.com\\\/La-Sentinelle-104059864394773\"]},{\"@type\":\"Person\",\"@id\":\"https:\\\/\\\/lasentinelle.dz\\\/#\\\/schema\\\/person\\\/d865044e22e70a75174ce8bcad3acfb3\",\"name\":\"La Sentinelle\",\"image\":{\"@type\":\"ImageObject\",\"inLanguage\":\"fr-FR\",\"@id\":\"https:\\\/\\\/secure.gravatar.com\\\/avatar\\\/57de8e5d4b15d43fb361a71fbb36338450fe67865b528a43dd10ef7c51a20392?s=96&d=mm&r=g\",\"url\":\"https:\\\/\\\/secure.gravatar.com\\\/avatar\\\/57de8e5d4b15d43fb361a71fbb36338450fe67865b528a43dd10ef7c51a20392?s=96&d=mm&r=g\",\"contentUrl\":\"https:\\\/\\\/secure.gravatar.com\\\/avatar\\\/57de8e5d4b15d43fb361a71fbb36338450fe67865b528a43dd10ef7c51a20392?s=96&d=mm&r=g\",\"caption\":\"La Sentinelle\"},\"sameAs\":[\"http:\\\/\\\/www.lasentinelle.dz\"],\"url\":\"https:\\\/\\\/lasentinelle.dz\\\/author\\\/redaction\\\/\"}]}<\/script>\n<!-- \/ Yoast SEO plugin. -->","yoast_head_json":{"title":"Op\u00e9rations de solidarit\u00e9 de lutte contre le covid19 : L\u2019ambassade d\u2019Alg\u00e9rie en France fixe les r\u00e8gles - La Sentinelle","robots":{"index":"index","follow":"follow","max-snippet":"max-snippet:-1","max-image-preview":"max-image-preview:large","max-video-preview":"max-video-preview:-1"},"canonical":"https:\/\/lasentinelle.dz\/index.php\/2021\/08\/08\/operations-de-solidarite-de-lutte-contre-le-covid19-lambassade-dalgerie-en-france-fixe-les-regles\/","og_locale":"fr_FR","og_type":"article","og_title":"Op\u00e9rations de solidarit\u00e9 de lutte contre le covid19 : L\u2019ambassade d\u2019Alg\u00e9rie en France fixe les r\u00e8gles - La Sentinelle","og_description":"L\u2019ambassade d\u2019Alg\u00e9rie en France a fix\u00e9 vendredi les modalit\u00e9s d\u2019acheminements des dons en mat\u00e9riels m\u00e9dicaux collect\u00e9s \u00e0 l\u2019\u00e9trangerdans le cadre","og_url":"https:\/\/lasentinelle.dz\/index.php\/2021\/08\/08\/operations-de-solidarite-de-lutte-contre-le-covid19-lambassade-dalgerie-en-france-fixe-les-regles\/","og_site_name":"La Sentinelle","article_publisher":"https:\/\/www.facebook.com\/La-Sentinelle-104059864394773","article_published_time":"2021-08-08T16:53:46+00:00","article_modified_time":"2021-08-08T16:55:14+00:00","og_image":[{"width":287,"height":176,"url":"https:\/\/lasentinelle.dz\/wp-content\/uploads\/2021\/08\/image_2021-08-08_175337.png","type":"image\/png"}],"author":"La Sentinelle","twitter_card":"summary_large_image","twitter_misc":{"\u00c9crit par":"La Sentinelle","Dur\u00e9e de lecture estim\u00e9e":"3 minutes"},"schema":{"@context":"https:\/\/schema.org","@graph":[{"@type":"Article","@id":"https:\/\/lasentinelle.dz\/index.php\/2021\/08\/08\/operations-de-solidarite-de-lutte-contre-le-covid19-lambassade-dalgerie-en-france-fixe-les-regles\/#article","isPartOf":{"@id":"https:\/\/lasentinelle.dz\/index.php\/2021\/08\/08\/operations-de-solidarite-de-lutte-contre-le-covid19-lambassade-dalgerie-en-france-fixe-les-regles\/"},"author":{"name":"La Sentinelle","@id":"https:\/\/lasentinelle.dz\/#\/schema\/person\/d865044e22e70a75174ce8bcad3acfb3"},"headline":"Op\u00e9rations de solidarit\u00e9 de lutte contre le covid19 : L\u2019ambassade d\u2019Alg\u00e9rie en France fixe les r\u00e8gles","datePublished":"2021-08-08T16:53:46+00:00","dateModified":"2021-08-08T16:55:14+00:00","mainEntityOfPage":{"@id":"https:\/\/lasentinelle.dz\/index.php\/2021\/08\/08\/operations-de-solidarite-de-lutte-contre-le-covid19-lambassade-dalgerie-en-france-fixe-les-regles\/"},"wordCount":571,"commentCount":0,"publisher":{"@id":"https:\/\/lasentinelle.dz\/#organization"},"image":{"@id":"https:\/\/lasentinelle.dz\/index.php\/2021\/08\/08\/operations-de-solidarite-de-lutte-contre-le-covid19-lambassade-dalgerie-en-france-fixe-les-regles\/#primaryimage"},"thumbnailUrl":"https:\/\/lasentinelle.dz\/wp-content\/uploads\/2021\/08\/image_2021-08-08_175337.png","articleSection":["\u00c0 la Une","Actualit\u00e9"],"inLanguage":"fr-FR","potentialAction":[{"@type":"CommentAction","name":"Comment","target":["https:\/\/lasentinelle.dz\/index.php\/2021\/08\/08\/operations-de-solidarite-de-lutte-contre-le-covid19-lambassade-dalgerie-en-france-fixe-les-regles\/#respond"]}]},{"@type":"WebPage","@id":"https:\/\/lasentinelle.dz\/index.php\/2021\/08\/08\/operations-de-solidarite-de-lutte-contre-le-covid19-lambassade-dalgerie-en-france-fixe-les-regles\/","url":"https:\/\/lasentinelle.dz\/index.php\/2021\/08\/08\/operations-de-solidarite-de-lutte-contre-le-covid19-lambassade-dalgerie-en-france-fixe-les-regles\/","name":"Op\u00e9rations de solidarit\u00e9 de lutte contre le covid19 : L\u2019ambassade d\u2019Alg\u00e9rie en France fixe les r\u00e8gles - La Sentinelle","isPartOf":{"@id":"https:\/\/lasentinelle.dz\/#website"},"primaryImageOfPage":{"@id":"https:\/\/lasentinelle.dz\/index.php\/2021\/08\/08\/operations-de-solidarite-de-lutte-contre-le-covid19-lambassade-dalgerie-en-france-fixe-les-regles\/#primaryimage"},"image":{"@id":"https:\/\/lasentinelle.dz\/index.php\/2021\/08\/08\/operations-de-solidarite-de-lutte-contre-le-covid19-lambassade-dalgerie-en-france-fixe-les-regles\/#primaryimage"},"thumbnailUrl":"https:\/\/lasentinelle.dz\/wp-content\/uploads\/2021\/08\/image_2021-08-08_175337.png","datePublished":"2021-08-08T16:53:46+00:00","dateModified":"2021-08-08T16:55:14+00:00","breadcrumb":{"@id":"https:\/\/lasentinelle.dz\/index.php\/2021\/08\/08\/operations-de-solidarite-de-lutte-contre-le-covid19-lambassade-dalgerie-en-france-fixe-les-regles\/#breadcrumb"},"inLanguage":"fr-FR","potentialAction":[{"@type":"ReadAction","target":["https:\/\/lasentinelle.dz\/index.php\/2021\/08\/08\/operations-de-solidarite-de-lutte-contre-le-covid19-lambassade-dalgerie-en-france-fixe-les-regles\/"]}]},{"@type":"ImageObject","inLanguage":"fr-FR","@id":"https:\/\/lasentinelle.dz\/index.php\/2021\/08\/08\/operations-de-solidarite-de-lutte-contre-le-covid19-lambassade-dalgerie-en-france-fixe-les-regles\/#primaryimage","url":"https:\/\/lasentinelle.dz\/wp-content\/uploads\/2021\/08\/image_2021-08-08_175337.png","contentUrl":"https:\/\/lasentinelle.dz\/wp-content\/uploads\/2021\/08\/image_2021-08-08_175337.png","width":287,"height":176},{"@type":"BreadcrumbList","@id":"https:\/\/lasentinelle.dz\/index.php\/2021\/08\/08\/operations-de-solidarite-de-lutte-contre-le-covid19-lambassade-dalgerie-en-france-fixe-les-regles\/#breadcrumb","itemListElement":[{"@type":"ListItem","position":1,"name":"Accueil","item":"https:\/\/lasentinelle.dz\/"},{"@type":"ListItem","position":2,"name":"Op\u00e9rations de solidarit\u00e9 de lutte contre le covid19 : L\u2019ambassade d\u2019Alg\u00e9rie en France fixe les r\u00e8gles"}]},{"@type":"WebSite","@id":"https:\/\/lasentinelle.dz\/#website","url":"https:\/\/lasentinelle.dz\/","name":"La Sentinelle","description":"Quotidien national d&#039;information","publisher":{"@id":"https:\/\/lasentinelle.dz\/#organization"},"potentialAction":[{"@type":"SearchAction","target":{"@type":"EntryPoint","urlTemplate":"https:\/\/lasentinelle.dz\/?s={search_term_string}"},"query-input":{"@type":"PropertyValueSpecification","valueRequired":true,"valueName":"search_term_string"}}],"inLanguage":"fr-FR"},{"@type":"Organization","@id":"https:\/\/lasentinelle.dz\/#organization","name":"Quotidien La Sentinelle","url":"https:\/\/lasentinelle.dz\/","logo":{"@type":"ImageObject","inLanguage":"fr-FR","@id":"https:\/\/lasentinelle.dz\/#\/schema\/logo\/image\/","url":"https:\/\/lasentinelle.dz\/wp-content\/uploads\/2021\/09\/logo-sentinelleSLOGAN-1.png","contentUrl":"https:\/\/lasentinelle.dz\/wp-content\/uploads\/2021\/09\/logo-sentinelleSLOGAN-1.png","width":615,"height":142,"caption":"Quotidien La Sentinelle"},"image":{"@id":"https:\/\/lasentinelle.dz\/#\/schema\/logo\/image\/"},"sameAs":["https:\/\/www.facebook.com\/La-Sentinelle-104059864394773"]},{"@type":"Person","@id":"https:\/\/lasentinelle.dz\/#\/schema\/person\/d865044e22e70a75174ce8bcad3acfb3","name":"La Sentinelle","image":{"@type":"ImageObject","inLanguage":"fr-FR","@id":"https:\/\/secure.gravatar.com\/avatar\/57de8e5d4b15d43fb361a71fbb36338450fe67865b528a43dd10ef7c51a20392?s=96&d=mm&r=g","url":"https:\/\/secure.gravatar.com\/avatar\/57de8e5d4b15d43fb361a71fbb36338450fe67865b528a43dd10ef7c51a20392?s=96&d=mm&r=g","contentUrl":"https:\/\/secure.gravatar.com\/avatar\/57de8e5d4b15d43fb361a71fbb36338450fe67865b528a43dd10ef7c51a20392?s=96&d=mm&r=g","caption":"La Sentinelle"},"sameAs":["http:\/\/www.lasentinelle.dz"],"url":"https:\/\/lasentinelle.dz\/author\/redaction\/"}]}},"_links":{"self":[{"href":"https:\/\/lasentinelle.dz\/index.php\/wp-json\/wp\/v2\/posts\/3806","targetHints":{"allow":["GET"]}}],"collection":[{"href":"https:\/\/lasentinelle.dz\/index.php\/wp-json\/wp\/v2\/posts"}],"about":[{"href":"https:\/\/lasentinelle.dz\/index.php\/wp-json\/wp\/v2\/types\/post"}],"author":[{"embeddable":true,"href":"https:\/\/lasentinelle.dz\/index.php\/wp-json\/wp\/v2\/users\/3"}],"replies":[{"embeddable":true,"href":"https:\/\/lasentinelle.dz\/index.php\/wp-json\/wp\/v2\/comments?post=3806"}],"version-history":[{"count":1,"href":"https:\/\/lasentinelle.dz\/index.php\/wp-json\/wp\/v2\/posts\/3806\/revisions"}],"predecessor-version":[{"id":3819,"href":"https:\/\/lasentinelle.dz\/index.php\/wp-json\/wp\/v2\/posts\/3806\/revisions\/3819"}],"wp:featuredmedia":[{"embeddable":true,"href":"https:\/\/lasentinelle.dz\/index.php\/wp-json\/wp\/v2\/media\/3818"}],"wp:attachment":[{"href":"https:\/\/lasentinelle.dz\/index.php\/wp-json\/wp\/v2\/media?parent=3806"}],"wp:term":[{"taxonomy":"category","embeddable":true,"href":"https:\/\/lasentinelle.dz\/index.php\/wp-json\/wp\/v2\/categories?post=3806"},{"taxonomy":"post_tag","embeddable":true,"href":"https:\/\/lasentinelle.dz\/index.php\/wp-json\/wp\/v2\/tags?post=3806"}],"curies":[{"name":"wp","href":"https:\/\/api.w.org\/{rel}","templated":true}]}}