{"id":38070,"date":"2023-03-19T22:00:00","date_gmt":"2023-03-19T21:00:00","guid":{"rendered":"https:\/\/lasentinelle.dz\/?p=38070"},"modified":"2023-03-19T17:26:44","modified_gmt":"2023-03-19T16:26:44","slug":"detenus-palestiniens-34eme-jour-de-desobeissance-dans-les-prisons-de-loccupation-sioniste","status":"publish","type":"post","link":"https:\/\/lasentinelle.dz\/index.php\/2023\/03\/19\/detenus-palestiniens-34eme-jour-de-desobeissance-dans-les-prisons-de-loccupation-sioniste\/","title":{"rendered":"D\u00e9tenus Palestiniens\u00a0: 34\u00e8me jour de d\u00e9sob\u00e9issance dans les prisons de l\u2019occupation sioniste"},"content":{"rendered":"\n<p>Les d\u00e9tenus Palestiniens poursuivaient hier leur 34\u00e8me jour de d\u00e9sob\u00e9issance collective contre l&rsquo;application de mesures arbitraires de l&rsquo;occupation dans les prisons sionistes, selon l&rsquo;agence palestinienne de presse, Wafa. Lanc\u00e9e le 14 f\u00e9vrier dernier, cette mobilisation engag\u00e9e par des milliers de Palestiniens en d\u00e9tention injuste dans les prisons sionistes, s\u2019inscrit dans le cadre d&rsquo;une contestation face aux nouvelles mesures restrictives et aux s\u00e9ries de provocations mises en place par l&rsquo;administration p\u00e9nitentiaire de l&rsquo;occupation. Dans un communiqu\u00e9, repris par Wafa, la Commission charg\u00e9e des affaires des prisonniers et ex-prisonniers palestiniens et le Club du prisonnier ont indiqu\u00e9 que les d\u00e9tenus palestiniens devraient porter l&rsquo;uniforme marron en signe de protestation contre ces mesures, et organiseront des rassemblements dans les cours des prisons.<\/p>\n\n\n\n<p>Le mouvement de d\u00e9sob\u00e9issance se poursuivra avec le maintien de la d\u00e9cision de lancer une gr\u00e8ve de la faim au d\u00e9but du mois de Ramadhan, selon les m\u00eames sources. Mardi, un grand nombre de manifestations a \u00e9t\u00e9 organis\u00e9 en Cisjordanie-occup\u00e9e, afin d\u2019exprimer le soutien de la population aux milliers de prisonniers (hommes et femmes) enferm\u00e9s dans les ge\u00f4les sionistes. Fin f\u00e9vrier, le Comit\u00e9 supr\u00eame d&rsquo;urgence du Mouvement national des prisonniers Palestiniens, avait fait savoir que les d\u00e9marches initi\u00e9es par les prisonniers palestiniens dans les ge\u00f4les de l&rsquo;occupation \u00ab\u00a0ne s&rsquo;arr\u00eateront pas tant que leur libert\u00e9 ne sera pas obtenue\u00a0\u00bb. Le nombre de prisonniers et d\u00e9tenus palestiniens atteignait fin janvier dernier environ 4.780, dont 29 femmes, environ 160 mineurs et 914 d\u00e9tenus administratifs, selon les organisations en charge du dossier des prisonniers.<\/p>\n\n\n\n<p>A rappeler que le Conseil des ministres des Affaires \u00e9trang\u00e8res de l\u2019Organisation de la coop\u00e9ration islamique (OCI) a appel\u00e9 samedi la communaut\u00e9 internationale \u00e0 intensifier ses efforts afin de h\u00e2ter la fin de l\u2019occupation sioniste dans les territoires palestiniens. Dans ce sens, les ministres ont r\u00e9affirm\u00e9 en cl\u00f4ture de leur r\u00e9union \u00e0 Nouakchott, l\u2019importance de la question palestinienne, notamment la ville d&rsquo;Al-Qods, ainsi que la n\u00e9cessit\u00e9 de d\u00e9fendre ses lieux saints. Ils ont d\u00e9nonc\u00e9 la poursuite de l\u2019occupation sioniste ill\u00e9gale des territoires palestiniens, appelant \u00ab\u00a0la communaut\u00e9 et les organisations internationales \u00e0 y mettre fin\u00a0\u00bb.<\/p>\n\n\n\n<p>Le Conseil a estim\u00e9, en outre, que toute d\u00e9marche visant \u00e0 changer le statu quo juridique dans la ville d&rsquo;Al-Qods-Est est ill\u00e9gale, inacceptable et est une violation de la loi internationale et des r\u00e9solutions onusiennes, notamment les d\u00e9cisions du Conseil de s\u00e9curit\u00e9 252, 267, 465, 476 et 2334. Il a \u00e9galement d\u00e9nonc\u00e9 la politique coloniale dans les territoires palestiniens occup\u00e9s, y compris \u00e0 Al-Qods-Est qui constitue \u00ab\u00a0un crime de guerre\u00a0\u00bb. Par ailleurs, le Conseil a salu\u00e9 la r\u00e9sistance du peuple palestinien et sa lutte pour d\u00e9fendre ses lieux saints et arracher sa libert\u00e9 et ses droits. Il a, \u00e0 cet \u00e9gard, refus\u00e9 fermement toute division des territoires palestiniens, mettant en garde contre les tentatives d&rsquo;enterrer la question palestinienne. Le Conseil a condamn\u00e9, dans le m\u00eame sillage, les agressions sionistes r\u00e9p\u00e9t\u00e9es contre la Mosqu\u00e9e Al-Ibrahimi dans la ville d&rsquo;El-Khallil et l&rsquo;interdiction des appels \u00e0 la pri\u00e8re, ainsi que les tentatives de d\u00e9figurer son identit\u00e9.<\/p>\n\n\n\n<p><strong>Khider L. et agences<\/strong><\/p>\n","protected":false},"excerpt":{"rendered":"<p>Les d\u00e9tenus Palestiniens poursuivaient hier leur 34\u00e8me jour de d\u00e9sob\u00e9issance collective contre l&rsquo;application de mesures arbitraires de l&rsquo;occupation dans les<\/p>\n","protected":false},"author":3,"featured_media":38074,"comment_status":"open","ping_status":"closed","sticky":false,"template":"","format":"standard","meta":{"colormag_page_container_layout":"default_layout","colormag_page_sidebar_layout":"default_layout","om_disable_all_campaigns":false,"_monsterinsights_skip_tracking":false,"_monsterinsights_sitenote_active":false,"_monsterinsights_sitenote_note":"","_monsterinsights_sitenote_category":0,"footnotes":"","_wpscppro_dont_share_socialmedia":false,"_wpscppro_custom_social_share_image":0,"_facebook_share_type":"","_twitter_share_type":"","_linkedin_share_type":"","_pinterest_share_type":"","_linkedin_share_type_page":"","_instagram_share_type":"","_medium_share_type":"","_threads_share_type":"","_google_business_share_type":"","_selected_social_profile":[],"_wpsp_enable_custom_social_template":false,"_wpsp_social_scheduling":{"enabled":false,"datetime":null,"platforms":[],"status":"template_only","dateOption":"today","timeOption":"now","customDays":"","customHours":"","customDate":"","customTime":"","schedulingType":"absolute"},"_wpsp_active_default_template":true},"categories":[37],"tags":[],"class_list":["post-38070","post","type-post","status-publish","format-standard","has-post-thumbnail","hentry","category-monde"],"aioseo_notices":[],"yoast_head":"<!-- This site is optimized with the Yoast SEO plugin v27.5 - https:\/\/yoast.com\/product\/yoast-seo-wordpress\/ -->\n<title>D\u00e9tenus Palestiniens\u00a0: 34\u00e8me jour de d\u00e9sob\u00e9issance dans les prisons de l\u2019occupation sioniste - La Sentinelle<\/title>\n<meta name=\"robots\" content=\"index, follow, max-snippet:-1, max-image-preview:large, max-video-preview:-1\" \/>\n<link rel=\"canonical\" href=\"https:\/\/lasentinelle.dz\/index.php\/2023\/03\/19\/detenus-palestiniens-34eme-jour-de-desobeissance-dans-les-prisons-de-loccupation-sioniste\/\" \/>\n<meta property=\"og:locale\" content=\"fr_FR\" \/>\n<meta property=\"og:type\" content=\"article\" \/>\n<meta property=\"og:title\" content=\"D\u00e9tenus Palestiniens\u00a0: 34\u00e8me jour de d\u00e9sob\u00e9issance dans les prisons de l\u2019occupation sioniste - La Sentinelle\" \/>\n<meta property=\"og:description\" content=\"Les d\u00e9tenus Palestiniens poursuivaient hier leur 34\u00e8me jour de d\u00e9sob\u00e9issance collective contre l&rsquo;application de mesures arbitraires de l&rsquo;occupation dans les\" \/>\n<meta property=\"og:url\" content=\"https:\/\/lasentinelle.dz\/index.php\/2023\/03\/19\/detenus-palestiniens-34eme-jour-de-desobeissance-dans-les-prisons-de-loccupation-sioniste\/\" \/>\n<meta property=\"og:site_name\" content=\"La Sentinelle\" \/>\n<meta property=\"article:publisher\" content=\"https:\/\/www.facebook.com\/La-Sentinelle-104059864394773\" \/>\n<meta property=\"article:published_time\" content=\"2023-03-19T21:00:00+00:00\" \/>\n<meta property=\"og:image\" content=\"https:\/\/lasentinelle.dz\/wp-content\/uploads\/2023\/03\/image_2023-03-19_172622224.png\" \/>\n\t<meta property=\"og:image:width\" content=\"855\" \/>\n\t<meta property=\"og:image:height\" content=\"516\" \/>\n\t<meta property=\"og:image:type\" content=\"image\/png\" \/>\n<meta name=\"author\" content=\"La Sentinelle\" \/>\n<meta name=\"twitter:card\" content=\"summary_large_image\" \/>\n<meta name=\"twitter:label1\" content=\"\u00c9crit par\" \/>\n\t<meta name=\"twitter:data1\" content=\"La Sentinelle\" \/>\n\t<meta name=\"twitter:label2\" content=\"Dur\u00e9e de lecture estim\u00e9e\" \/>\n\t<meta name=\"twitter:data2\" content=\"3 minutes\" \/>\n<script type=\"application\/ld+json\" class=\"yoast-schema-graph\">{\"@context\":\"https:\\\/\\\/schema.org\",\"@graph\":[{\"@type\":\"Article\",\"@id\":\"https:\\\/\\\/lasentinelle.dz\\\/index.php\\\/2023\\\/03\\\/19\\\/detenus-palestiniens-34eme-jour-de-desobeissance-dans-les-prisons-de-loccupation-sioniste\\\/#article\",\"isPartOf\":{\"@id\":\"https:\\\/\\\/lasentinelle.dz\\\/index.php\\\/2023\\\/03\\\/19\\\/detenus-palestiniens-34eme-jour-de-desobeissance-dans-les-prisons-de-loccupation-sioniste\\\/\"},\"author\":{\"name\":\"La Sentinelle\",\"@id\":\"https:\\\/\\\/lasentinelle.dz\\\/#\\\/schema\\\/person\\\/d865044e22e70a75174ce8bcad3acfb3\"},\"headline\":\"D\u00e9tenus Palestiniens\u00a0: 34\u00e8me jour de d\u00e9sob\u00e9issance dans les prisons de l\u2019occupation sioniste\",\"datePublished\":\"2023-03-19T21:00:00+00:00\",\"mainEntityOfPage\":{\"@id\":\"https:\\\/\\\/lasentinelle.dz\\\/index.php\\\/2023\\\/03\\\/19\\\/detenus-palestiniens-34eme-jour-de-desobeissance-dans-les-prisons-de-loccupation-sioniste\\\/\"},\"wordCount\":574,\"commentCount\":0,\"publisher\":{\"@id\":\"https:\\\/\\\/lasentinelle.dz\\\/#organization\"},\"image\":{\"@id\":\"https:\\\/\\\/lasentinelle.dz\\\/index.php\\\/2023\\\/03\\\/19\\\/detenus-palestiniens-34eme-jour-de-desobeissance-dans-les-prisons-de-loccupation-sioniste\\\/#primaryimage\"},\"thumbnailUrl\":\"https:\\\/\\\/lasentinelle.dz\\\/wp-content\\\/uploads\\\/2023\\\/03\\\/image_2023-03-19_172622224.png\",\"articleSection\":[\"Monde\"],\"inLanguage\":\"fr-FR\",\"potentialAction\":[{\"@type\":\"CommentAction\",\"name\":\"Comment\",\"target\":[\"https:\\\/\\\/lasentinelle.dz\\\/index.php\\\/2023\\\/03\\\/19\\\/detenus-palestiniens-34eme-jour-de-desobeissance-dans-les-prisons-de-loccupation-sioniste\\\/#respond\"]}]},{\"@type\":\"WebPage\",\"@id\":\"https:\\\/\\\/lasentinelle.dz\\\/index.php\\\/2023\\\/03\\\/19\\\/detenus-palestiniens-34eme-jour-de-desobeissance-dans-les-prisons-de-loccupation-sioniste\\\/\",\"url\":\"https:\\\/\\\/lasentinelle.dz\\\/index.php\\\/2023\\\/03\\\/19\\\/detenus-palestiniens-34eme-jour-de-desobeissance-dans-les-prisons-de-loccupation-sioniste\\\/\",\"name\":\"D\u00e9tenus Palestiniens\u00a0: 34\u00e8me jour de d\u00e9sob\u00e9issance dans les prisons de l\u2019occupation sioniste - La Sentinelle\",\"isPartOf\":{\"@id\":\"https:\\\/\\\/lasentinelle.dz\\\/#website\"},\"primaryImageOfPage\":{\"@id\":\"https:\\\/\\\/lasentinelle.dz\\\/index.php\\\/2023\\\/03\\\/19\\\/detenus-palestiniens-34eme-jour-de-desobeissance-dans-les-prisons-de-loccupation-sioniste\\\/#primaryimage\"},\"image\":{\"@id\":\"https:\\\/\\\/lasentinelle.dz\\\/index.php\\\/2023\\\/03\\\/19\\\/detenus-palestiniens-34eme-jour-de-desobeissance-dans-les-prisons-de-loccupation-sioniste\\\/#primaryimage\"},\"thumbnailUrl\":\"https:\\\/\\\/lasentinelle.dz\\\/wp-content\\\/uploads\\\/2023\\\/03\\\/image_2023-03-19_172622224.png\",\"datePublished\":\"2023-03-19T21:00:00+00:00\",\"breadcrumb\":{\"@id\":\"https:\\\/\\\/lasentinelle.dz\\\/index.php\\\/2023\\\/03\\\/19\\\/detenus-palestiniens-34eme-jour-de-desobeissance-dans-les-prisons-de-loccupation-sioniste\\\/#breadcrumb\"},\"inLanguage\":\"fr-FR\",\"potentialAction\":[{\"@type\":\"ReadAction\",\"target\":[\"https:\\\/\\\/lasentinelle.dz\\\/index.php\\\/2023\\\/03\\\/19\\\/detenus-palestiniens-34eme-jour-de-desobeissance-dans-les-prisons-de-loccupation-sioniste\\\/\"]}]},{\"@type\":\"ImageObject\",\"inLanguage\":\"fr-FR\",\"@id\":\"https:\\\/\\\/lasentinelle.dz\\\/index.php\\\/2023\\\/03\\\/19\\\/detenus-palestiniens-34eme-jour-de-desobeissance-dans-les-prisons-de-loccupation-sioniste\\\/#primaryimage\",\"url\":\"https:\\\/\\\/lasentinelle.dz\\\/wp-content\\\/uploads\\\/2023\\\/03\\\/image_2023-03-19_172622224.png\",\"contentUrl\":\"https:\\\/\\\/lasentinelle.dz\\\/wp-content\\\/uploads\\\/2023\\\/03\\\/image_2023-03-19_172622224.png\",\"width\":855,\"height\":516},{\"@type\":\"BreadcrumbList\",\"@id\":\"https:\\\/\\\/lasentinelle.dz\\\/index.php\\\/2023\\\/03\\\/19\\\/detenus-palestiniens-34eme-jour-de-desobeissance-dans-les-prisons-de-loccupation-sioniste\\\/#breadcrumb\",\"itemListElement\":[{\"@type\":\"ListItem\",\"position\":1,\"name\":\"Accueil\",\"item\":\"https:\\\/\\\/lasentinelle.dz\\\/\"},{\"@type\":\"ListItem\",\"position\":2,\"name\":\"D\u00e9tenus Palestiniens\u00a0: 34\u00e8me jour de d\u00e9sob\u00e9issance dans les prisons de l\u2019occupation sioniste\"}]},{\"@type\":\"WebSite\",\"@id\":\"https:\\\/\\\/lasentinelle.dz\\\/#website\",\"url\":\"https:\\\/\\\/lasentinelle.dz\\\/\",\"name\":\"La Sentinelle\",\"description\":\"Quotidien national d&#039;information\",\"publisher\":{\"@id\":\"https:\\\/\\\/lasentinelle.dz\\\/#organization\"},\"potentialAction\":[{\"@type\":\"SearchAction\",\"target\":{\"@type\":\"EntryPoint\",\"urlTemplate\":\"https:\\\/\\\/lasentinelle.dz\\\/?s={search_term_string}\"},\"query-input\":{\"@type\":\"PropertyValueSpecification\",\"valueRequired\":true,\"valueName\":\"search_term_string\"}}],\"inLanguage\":\"fr-FR\"},{\"@type\":\"Organization\",\"@id\":\"https:\\\/\\\/lasentinelle.dz\\\/#organization\",\"name\":\"Quotidien La Sentinelle\",\"url\":\"https:\\\/\\\/lasentinelle.dz\\\/\",\"logo\":{\"@type\":\"ImageObject\",\"inLanguage\":\"fr-FR\",\"@id\":\"https:\\\/\\\/lasentinelle.dz\\\/#\\\/schema\\\/logo\\\/image\\\/\",\"url\":\"https:\\\/\\\/lasentinelle.dz\\\/wp-content\\\/uploads\\\/2021\\\/09\\\/logo-sentinelleSLOGAN-1.png\",\"contentUrl\":\"https:\\\/\\\/lasentinelle.dz\\\/wp-content\\\/uploads\\\/2021\\\/09\\\/logo-sentinelleSLOGAN-1.png\",\"width\":615,\"height\":142,\"caption\":\"Quotidien La Sentinelle\"},\"image\":{\"@id\":\"https:\\\/\\\/lasentinelle.dz\\\/#\\\/schema\\\/logo\\\/image\\\/\"},\"sameAs\":[\"https:\\\/\\\/www.facebook.com\\\/La-Sentinelle-104059864394773\"]},{\"@type\":\"Person\",\"@id\":\"https:\\\/\\\/lasentinelle.dz\\\/#\\\/schema\\\/person\\\/d865044e22e70a75174ce8bcad3acfb3\",\"name\":\"La Sentinelle\",\"image\":{\"@type\":\"ImageObject\",\"inLanguage\":\"fr-FR\",\"@id\":\"https:\\\/\\\/secure.gravatar.com\\\/avatar\\\/57de8e5d4b15d43fb361a71fbb36338450fe67865b528a43dd10ef7c51a20392?s=96&d=mm&r=g\",\"url\":\"https:\\\/\\\/secure.gravatar.com\\\/avatar\\\/57de8e5d4b15d43fb361a71fbb36338450fe67865b528a43dd10ef7c51a20392?s=96&d=mm&r=g\",\"contentUrl\":\"https:\\\/\\\/secure.gravatar.com\\\/avatar\\\/57de8e5d4b15d43fb361a71fbb36338450fe67865b528a43dd10ef7c51a20392?s=96&d=mm&r=g\",\"caption\":\"La Sentinelle\"},\"sameAs\":[\"http:\\\/\\\/www.lasentinelle.dz\"],\"url\":\"https:\\\/\\\/lasentinelle.dz\\\/author\\\/redaction\\\/\"}]}<\/script>\n<!-- \/ Yoast SEO plugin. -->","yoast_head_json":{"title":"D\u00e9tenus Palestiniens\u00a0: 34\u00e8me jour de d\u00e9sob\u00e9issance dans les prisons de l\u2019occupation sioniste - La Sentinelle","robots":{"index":"index","follow":"follow","max-snippet":"max-snippet:-1","max-image-preview":"max-image-preview:large","max-video-preview":"max-video-preview:-1"},"canonical":"https:\/\/lasentinelle.dz\/index.php\/2023\/03\/19\/detenus-palestiniens-34eme-jour-de-desobeissance-dans-les-prisons-de-loccupation-sioniste\/","og_locale":"fr_FR","og_type":"article","og_title":"D\u00e9tenus Palestiniens\u00a0: 34\u00e8me jour de d\u00e9sob\u00e9issance dans les prisons de l\u2019occupation sioniste - La Sentinelle","og_description":"Les d\u00e9tenus Palestiniens poursuivaient hier leur 34\u00e8me jour de d\u00e9sob\u00e9issance collective contre l&rsquo;application de mesures arbitraires de l&rsquo;occupation dans les","og_url":"https:\/\/lasentinelle.dz\/index.php\/2023\/03\/19\/detenus-palestiniens-34eme-jour-de-desobeissance-dans-les-prisons-de-loccupation-sioniste\/","og_site_name":"La Sentinelle","article_publisher":"https:\/\/www.facebook.com\/La-Sentinelle-104059864394773","article_published_time":"2023-03-19T21:00:00+00:00","og_image":[{"width":855,"height":516,"url":"https:\/\/lasentinelle.dz\/wp-content\/uploads\/2023\/03\/image_2023-03-19_172622224.png","type":"image\/png"}],"author":"La Sentinelle","twitter_card":"summary_large_image","twitter_misc":{"\u00c9crit par":"La Sentinelle","Dur\u00e9e de lecture estim\u00e9e":"3 minutes"},"schema":{"@context":"https:\/\/schema.org","@graph":[{"@type":"Article","@id":"https:\/\/lasentinelle.dz\/index.php\/2023\/03\/19\/detenus-palestiniens-34eme-jour-de-desobeissance-dans-les-prisons-de-loccupation-sioniste\/#article","isPartOf":{"@id":"https:\/\/lasentinelle.dz\/index.php\/2023\/03\/19\/detenus-palestiniens-34eme-jour-de-desobeissance-dans-les-prisons-de-loccupation-sioniste\/"},"author":{"name":"La Sentinelle","@id":"https:\/\/lasentinelle.dz\/#\/schema\/person\/d865044e22e70a75174ce8bcad3acfb3"},"headline":"D\u00e9tenus Palestiniens\u00a0: 34\u00e8me jour de d\u00e9sob\u00e9issance dans les prisons de l\u2019occupation sioniste","datePublished":"2023-03-19T21:00:00+00:00","mainEntityOfPage":{"@id":"https:\/\/lasentinelle.dz\/index.php\/2023\/03\/19\/detenus-palestiniens-34eme-jour-de-desobeissance-dans-les-prisons-de-loccupation-sioniste\/"},"wordCount":574,"commentCount":0,"publisher":{"@id":"https:\/\/lasentinelle.dz\/#organization"},"image":{"@id":"https:\/\/lasentinelle.dz\/index.php\/2023\/03\/19\/detenus-palestiniens-34eme-jour-de-desobeissance-dans-les-prisons-de-loccupation-sioniste\/#primaryimage"},"thumbnailUrl":"https:\/\/lasentinelle.dz\/wp-content\/uploads\/2023\/03\/image_2023-03-19_172622224.png","articleSection":["Monde"],"inLanguage":"fr-FR","potentialAction":[{"@type":"CommentAction","name":"Comment","target":["https:\/\/lasentinelle.dz\/index.php\/2023\/03\/19\/detenus-palestiniens-34eme-jour-de-desobeissance-dans-les-prisons-de-loccupation-sioniste\/#respond"]}]},{"@type":"WebPage","@id":"https:\/\/lasentinelle.dz\/index.php\/2023\/03\/19\/detenus-palestiniens-34eme-jour-de-desobeissance-dans-les-prisons-de-loccupation-sioniste\/","url":"https:\/\/lasentinelle.dz\/index.php\/2023\/03\/19\/detenus-palestiniens-34eme-jour-de-desobeissance-dans-les-prisons-de-loccupation-sioniste\/","name":"D\u00e9tenus Palestiniens\u00a0: 34\u00e8me jour de d\u00e9sob\u00e9issance dans les prisons de l\u2019occupation sioniste - La Sentinelle","isPartOf":{"@id":"https:\/\/lasentinelle.dz\/#website"},"primaryImageOfPage":{"@id":"https:\/\/lasentinelle.dz\/index.php\/2023\/03\/19\/detenus-palestiniens-34eme-jour-de-desobeissance-dans-les-prisons-de-loccupation-sioniste\/#primaryimage"},"image":{"@id":"https:\/\/lasentinelle.dz\/index.php\/2023\/03\/19\/detenus-palestiniens-34eme-jour-de-desobeissance-dans-les-prisons-de-loccupation-sioniste\/#primaryimage"},"thumbnailUrl":"https:\/\/lasentinelle.dz\/wp-content\/uploads\/2023\/03\/image_2023-03-19_172622224.png","datePublished":"2023-03-19T21:00:00+00:00","breadcrumb":{"@id":"https:\/\/lasentinelle.dz\/index.php\/2023\/03\/19\/detenus-palestiniens-34eme-jour-de-desobeissance-dans-les-prisons-de-loccupation-sioniste\/#breadcrumb"},"inLanguage":"fr-FR","potentialAction":[{"@type":"ReadAction","target":["https:\/\/lasentinelle.dz\/index.php\/2023\/03\/19\/detenus-palestiniens-34eme-jour-de-desobeissance-dans-les-prisons-de-loccupation-sioniste\/"]}]},{"@type":"ImageObject","inLanguage":"fr-FR","@id":"https:\/\/lasentinelle.dz\/index.php\/2023\/03\/19\/detenus-palestiniens-34eme-jour-de-desobeissance-dans-les-prisons-de-loccupation-sioniste\/#primaryimage","url":"https:\/\/lasentinelle.dz\/wp-content\/uploads\/2023\/03\/image_2023-03-19_172622224.png","contentUrl":"https:\/\/lasentinelle.dz\/wp-content\/uploads\/2023\/03\/image_2023-03-19_172622224.png","width":855,"height":516},{"@type":"BreadcrumbList","@id":"https:\/\/lasentinelle.dz\/index.php\/2023\/03\/19\/detenus-palestiniens-34eme-jour-de-desobeissance-dans-les-prisons-de-loccupation-sioniste\/#breadcrumb","itemListElement":[{"@type":"ListItem","position":1,"name":"Accueil","item":"https:\/\/lasentinelle.dz\/"},{"@type":"ListItem","position":2,"name":"D\u00e9tenus Palestiniens\u00a0: 34\u00e8me jour de d\u00e9sob\u00e9issance dans les prisons de l\u2019occupation sioniste"}]},{"@type":"WebSite","@id":"https:\/\/lasentinelle.dz\/#website","url":"https:\/\/lasentinelle.dz\/","name":"La Sentinelle","description":"Quotidien national d&#039;information","publisher":{"@id":"https:\/\/lasentinelle.dz\/#organization"},"potentialAction":[{"@type":"SearchAction","target":{"@type":"EntryPoint","urlTemplate":"https:\/\/lasentinelle.dz\/?s={search_term_string}"},"query-input":{"@type":"PropertyValueSpecification","valueRequired":true,"valueName":"search_term_string"}}],"inLanguage":"fr-FR"},{"@type":"Organization","@id":"https:\/\/lasentinelle.dz\/#organization","name":"Quotidien La Sentinelle","url":"https:\/\/lasentinelle.dz\/","logo":{"@type":"ImageObject","inLanguage":"fr-FR","@id":"https:\/\/lasentinelle.dz\/#\/schema\/logo\/image\/","url":"https:\/\/lasentinelle.dz\/wp-content\/uploads\/2021\/09\/logo-sentinelleSLOGAN-1.png","contentUrl":"https:\/\/lasentinelle.dz\/wp-content\/uploads\/2021\/09\/logo-sentinelleSLOGAN-1.png","width":615,"height":142,"caption":"Quotidien La Sentinelle"},"image":{"@id":"https:\/\/lasentinelle.dz\/#\/schema\/logo\/image\/"},"sameAs":["https:\/\/www.facebook.com\/La-Sentinelle-104059864394773"]},{"@type":"Person","@id":"https:\/\/lasentinelle.dz\/#\/schema\/person\/d865044e22e70a75174ce8bcad3acfb3","name":"La Sentinelle","image":{"@type":"ImageObject","inLanguage":"fr-FR","@id":"https:\/\/secure.gravatar.com\/avatar\/57de8e5d4b15d43fb361a71fbb36338450fe67865b528a43dd10ef7c51a20392?s=96&d=mm&r=g","url":"https:\/\/secure.gravatar.com\/avatar\/57de8e5d4b15d43fb361a71fbb36338450fe67865b528a43dd10ef7c51a20392?s=96&d=mm&r=g","contentUrl":"https:\/\/secure.gravatar.com\/avatar\/57de8e5d4b15d43fb361a71fbb36338450fe67865b528a43dd10ef7c51a20392?s=96&d=mm&r=g","caption":"La Sentinelle"},"sameAs":["http:\/\/www.lasentinelle.dz"],"url":"https:\/\/lasentinelle.dz\/author\/redaction\/"}]}},"_links":{"self":[{"href":"https:\/\/lasentinelle.dz\/index.php\/wp-json\/wp\/v2\/posts\/38070","targetHints":{"allow":["GET"]}}],"collection":[{"href":"https:\/\/lasentinelle.dz\/index.php\/wp-json\/wp\/v2\/posts"}],"about":[{"href":"https:\/\/lasentinelle.dz\/index.php\/wp-json\/wp\/v2\/types\/post"}],"author":[{"embeddable":true,"href":"https:\/\/lasentinelle.dz\/index.php\/wp-json\/wp\/v2\/users\/3"}],"replies":[{"embeddable":true,"href":"https:\/\/lasentinelle.dz\/index.php\/wp-json\/wp\/v2\/comments?post=38070"}],"version-history":[{"count":1,"href":"https:\/\/lasentinelle.dz\/index.php\/wp-json\/wp\/v2\/posts\/38070\/revisions"}],"predecessor-version":[{"id":38075,"href":"https:\/\/lasentinelle.dz\/index.php\/wp-json\/wp\/v2\/posts\/38070\/revisions\/38075"}],"wp:featuredmedia":[{"embeddable":true,"href":"https:\/\/lasentinelle.dz\/index.php\/wp-json\/wp\/v2\/media\/38074"}],"wp:attachment":[{"href":"https:\/\/lasentinelle.dz\/index.php\/wp-json\/wp\/v2\/media?parent=38070"}],"wp:term":[{"taxonomy":"category","embeddable":true,"href":"https:\/\/lasentinelle.dz\/index.php\/wp-json\/wp\/v2\/categories?post=38070"},{"taxonomy":"post_tag","embeddable":true,"href":"https:\/\/lasentinelle.dz\/index.php\/wp-json\/wp\/v2\/tags?post=38070"}],"curies":[{"name":"wp","href":"https:\/\/api.w.org\/{rel}","templated":true}]}}