{"id":3808,"date":"2021-08-08T18:21:13","date_gmt":"2021-08-08T17:21:13","guid":{"rendered":"https:\/\/lasentinelle.dz\/?p=3808"},"modified":"2021-08-08T18:21:13","modified_gmt":"2021-08-08T17:21:13","slug":"trois-artistes-disparaissent-ce-week-end-le-theatre-et-la-musique-endeuilles","status":"publish","type":"post","link":"https:\/\/lasentinelle.dz\/index.php\/2021\/08\/08\/trois-artistes-disparaissent-ce-week-end-le-theatre-et-la-musique-endeuilles\/","title":{"rendered":"Trois artistes disparaissent ce week-end Le th\u00e9\u00e2tre et la musique endeuill\u00e9s"},"content":{"rendered":"\n<p>Trois artistes ont disparu ce week-end, deux d\u2019entre-eux ayant \u00e9t\u00e9 emport\u00e9s par le covid-19. Ainsi, Cheikh Hac\u00e8ne Benchoubane, un des doyens de la musique andalouse est d\u00e9c\u00e9d\u00e9 vendredi \u00e0 l\u2019\u00e2ge de 87 ans des suites des complications li\u00e9es \u00e0 sa contamination au coronavirus, a-t-on appris aupr\u00e8s de ses proches.N\u00e9 au quartier de Notre-Dame d\u2019Afrique \u00e0 Alger, Hac\u00e8ne Benchoubane a \u00e9t\u00e9 nourri d\u00e8s son enfance aux sources de la musique andalouse et p\u00e9tri dans le moule d\u2019une lign\u00e9e de m\u00e9lomanes.Le d\u00e9funt sera initi\u00e9 \u00e0 la musique andalouse par son p\u00e8re Rachid, lui-m\u00eame \u00e9l\u00e8ve de l\u2019association El Moutribia, cr\u00e9\u00e9e en 1909, avant d\u2019int\u00e9grer, plus tard, des ensembles andalous compos\u00e9s notamment des musiciens comme les regrett\u00e9s Dahmane Benachour, Hadj Mahfoud Saddek Bejaoui, Mustapha Kechkoul et Mahieddine Lakehal.Au d\u00e9but des ann\u00e9es 50, Hac\u00e8ne Benchoubane rejoint le conservatoire d\u2019Hussein-dey sous le regard bienveillant du regrett\u00e9 ma\u00eetre Abdelkrim Dali qui lui apprit les rudiments de la Sen\u00e2a.Embarqu\u00e9 en 1956 par l\u2019arm\u00e9e coloniale pour son militantisme au sein du FLN, Hac\u00e8ne Benchoubane est emprisonn\u00e9 jusqu\u2019\u00e0 la fin 1961. A sa lib\u00e9ration, il entre au conservatoire municipal de musique et de d\u00e9clamation d\u2019Alger o\u00f9 il poursuit de 1962 \u00e0 1968 son apprentissage \u00e0 l\u2019instrument et au chant avec le regrett\u00e9 professeur Abderrahmane Belhocine.Obtenant plusieurs prix au conservatoire, il poursuit sa formation musicale au quartier du Ruisseau o\u00f9 il put d\u00e9nicher entre 1963 et 1964 un local au sein duquel l\u2019Association musicale \u00ab\u00a0El Fen Ouel Adab\u00a0\u00bb verra le jour.Poursuivant son cursus, le d\u00e9funt \u00e9volua sous la houlette de Omar Khodja, alors premier pr\u00e9sident de l\u2019association et professeur de musique, avec des musiciens qui deviendront de grands ma\u00eetres de la musique andalouse dont, les fr\u00e8res Mustapha et Mohamed Boutriche, Boualem Hamroune, Abdelhafid Djenidi, Slimane Loubari et Yahia Guidri.L\u2019Association El Fen Ouel Adab accueillera d\u00e8s 1975, gr\u00e2ce \u00e0 l\u2019impulsion de Mohamed Boutriche de jeunes artistes promis \u00e0 de belles carri\u00e8res, \u00e0 l\u2019instar de Hamid Khedim, Nasreddine Chaouli, Hamidou et Yacine Bouzama.Le d\u00e9funt fera ensuite partie de l\u2019orchestre national andalou la Radio nationale, dirig\u00e9 par le ma\u00eetre Abderrazak Fakhardji et \u00e9voluera aux c\u00f4t\u00e9s d\u2019illustres instrumentistes dont les regrett\u00e9s Abdelkrim Mahamesadji, Boudjemaa Fergu\u00e8ne, Zerrouk Mokdad et les fr\u00e8res Bahar.Virtuose de la mandoline, il int\u00e8gre l\u2019orchestre du grand Mohamed Kheznadji, avec lequel il animera plusieurs concerts en Alg\u00e9rie et se produira dans nombre de villes du monde, Paris, New York, Washington, S\u00e9ville et Rome notamment.Dans son volet formateur au Conservatoire de d\u00e9clamation et de chant d\u2019Alger, Hac\u00e8ne Benchoubane verra transiter par ses classes nombre de jeunes qui connaitront la c\u00e9l\u00e9brit\u00e9, \u00e0 l\u2019image, entre autres de Selma Kouiret, Radia Manel, Sid-Ali Driss et Toufik Aoun.Depuis 2001, Hac\u00e8ne Benchoubane a rejoint l\u2019orchestre du musicologue Rachid Guerbas qui rassemble les trois \u00e9coles du pays (Sen\u00e2a d\u2019Alger, Gharnati de Tlemcen et Malouf de Constantine) dans le but de donner un souffle nouveau au patrimoine musical andalou.<\/p>\n\n\n\n<p>Jeudi, le com\u00e9dien Abdelghani Chouar du Th\u00e9\u00e2tre r\u00e9gional d&rsquo;El Eulma est d\u00e9c\u00e9d\u00e9 \u00e0 l\u2019\u00e2ge de 57 ans des suites des complications li\u00e9es \u00e0 sa contamination au coronavirus, a-t-on appris aupr\u00e8s de ses proches.N\u00e9 \u00e0 la cit\u00e9 Said-Boukhalfa au quartier des abattoirs \u00e0 El Eulma, le d\u00e9funt, connu de tous sous le nom de \u00ab\u00a0Abb\u00e8s\u00a0\u00bb, avait d\u00e9but\u00e9 dans le th\u00e9\u00e2tre en 1979, alors qu\u2019il \u00e9tait encore lyc\u00e9en, dans les locaux de l\u2019Union nationale de la jeunesse alg\u00e9rienne (Unja).Se faisant vite rep\u00e9rer par les professionnels du 4e Art, Abb\u00e8s Chouar s\u2019est vu distribu\u00e9 dans plusieurs pi\u00e8ces de th\u00e9\u00e2tre dont \u00ab\u00a0A\u00e2mmi Hamma\u00a0\u00bb de Nacer Chouar, un des spectacles r\u00e9ussis, enregistr\u00e9 et diffus\u00e9 \u00e0 la T\u00e9l\u00e9vision nationale.Auteur d\u2019un parcours artistique intense, le d\u00e9funt a particip\u00e9 \u00e0 la cr\u00e9ation de plusieurs troupes de th\u00e9\u00e2tre \u00e0 El Eulma et pris part \u00e0 nombre de manifestations, \u00e0 l\u2019instar du Festival national du Th\u00e9\u00e2tre amateur de Mostaganem.Parmi les travaux comptant \u00e0 son actif, \u00ab\u00a0Ezilzel\u00a0\u00bb, \u00ab\u00a0ma idoum ghir essah\u00a0\u00bb et \u00ab\u00a0El Hamel\u00a0\u00bb.<\/p>\n\n\n\n<p>Enfin, l&rsquo;auteur, compositeur, chef d&rsquo;orchestre et chanteur Far\u00e8s Benamar est d\u00e9c\u00e9d\u00e9 jeudi \u00e0 l&rsquo;\u00e2ge de 84 ans, \u00e0 l&rsquo;h\u00f4pital d\u2019Ain Temouchent des suite d&rsquo;une longue maladie, a-t-on appris de ses proches.Connu sous le nom d&rsquo;artiste de \u00ab\u00a0Benamar Es&rsquo;Soussi\u00a0\u00bb, le d\u00e9funt \u00e9tait un des doyens de la chanson moderne qui a fond\u00e9 entre 1957 et 1958 l&rsquo;Ensemble \u00ab\u00a0El Farah\u00a0\u00bb, premier orchestre \u00e0 adopter les sonorit\u00e9s \u00ab\u00a0avant-gardistes\u00a0\u00bb d&rsquo;instruments comme l&rsquo;accord\u00e9on, le piano, el oud (luth) et le violon.Avec ses musiciens, il avait mont\u00e9 un r\u00e9pertoire de reprises riche et vari\u00e9, fait de chansons \u00e0 succ\u00e8s de grands nom de la vari\u00e9t\u00e9 alg\u00e9rienne et orientale.Au del\u00e0 de ses penchants pour les chansons de Farid El Atr\u00e8che qu&rsquo;il imitait \u00ab\u00a0parfaitement bien\u00a0\u00bb selon diff\u00e9rents t\u00e9moignages, et de ses choix \u00e0 interpr\u00e9ter les genres marocain ou tunisien, Benamar Es&rsquo;Soussi \u00e9tait surtout un fervent d\u00e9fenseur du patrimoine culturel alg\u00e9rien.Le d\u00e9funt reprenait de c\u00e9l\u00e8bres chansons d&rsquo;artistes de renom, \u00e0 l&rsquo;instar de Ahmed Wahbi, Blaoui El Houari, El Hadj M&rsquo;Hamed El Anka, Missoum, Benzerga et Cheikha El Wachma, une des doyennes de la chanson b\u00e9douie, dite \u00ab\u00a0Baladie\u00a0\u00bb, selon l&rsquo;appellation de l&rsquo;\u00e9poque.Durant la guerre d&rsquo;ind\u00e9pendance, Far\u00e8s Benamar, alors infirmier de son \u00e9tat \u00e0 l&rsquo;h\u00f4pital d&rsquo;Ain Temouchent, pratiquait sa passion pour la chanson dans la clandestinit\u00e9, faisant ses classes en animant avec son orchestre, au del\u00e0 des heures de travail, f\u00eates familiales et petites c\u00e9r\u00e9monies.Le 5 juillet 1962 lors d&rsquo;un spectacle public c\u00e9l\u00e9brant le recouvrement de la souverainet\u00e9 nationale, il appara\u00eet \u00e0 la lumi\u00e8re du jour, en professionnel ma\u00eetrisant son m\u00e9tier d\u2019artiste tant sur le plan du chant que celui de la pratique de l\u2019instrument.Artiste cosmopolite et auteur de plusieurs chansons patriotiques, Far\u00e8s Benamar s\u2019\u00e9tait \u00e9galement beaucoup investi dans la formation avec le souci permanent de transmettre et de pr\u00e9server le patrimoine musical alg\u00e9rien.Sa derni\u00e8re apparition fut le 8 juin dernier \u00e0 Ain temouchent, lors de la f\u00eate national de l\u2019artiste, o\u00f9 il figurait parmi les invit\u00e9s officiels.<\/p>\n\n\n\n<p>R.C.<\/p>\n","protected":false},"excerpt":{"rendered":"<p>Trois artistes ont disparu ce week-end, deux d\u2019entre-eux ayant \u00e9t\u00e9 emport\u00e9s par le covid-19. Ainsi, Cheikh Hac\u00e8ne Benchoubane, un des<\/p>\n","protected":false},"author":3,"featured_media":3826,"comment_status":"open","ping_status":"closed","sticky":false,"template":"","format":"standard","meta":{"colormag_page_container_layout":"default_layout","colormag_page_sidebar_layout":"default_layout","om_disable_all_campaigns":false,"_monsterinsights_skip_tracking":false,"_monsterinsights_sitenote_active":false,"_monsterinsights_sitenote_note":"","_monsterinsights_sitenote_category":0,"footnotes":"","_wpscppro_dont_share_socialmedia":false,"_wpscppro_custom_social_share_image":0,"_facebook_share_type":"","_twitter_share_type":"","_linkedin_share_type":"","_pinterest_share_type":"","_linkedin_share_type_page":"","_instagram_share_type":"","_medium_share_type":"","_threads_share_type":"","_google_business_share_type":"","_selected_social_profile":[],"_wpsp_enable_custom_social_template":false,"_wpsp_social_scheduling":{"enabled":false,"datetime":null,"platforms":[],"status":"template_only","dateOption":"today","timeOption":"now","customDays":"","customHours":"","customDate":"","customTime":"","schedulingType":"absolute"},"_wpsp_active_default_template":true},"categories":[36],"tags":[],"class_list":["post-3808","post","type-post","status-publish","format-standard","has-post-thumbnail","hentry","category-culture"],"aioseo_notices":[],"yoast_head":"<!-- This site is optimized with the Yoast SEO plugin v27.4 - https:\/\/yoast.com\/product\/yoast-seo-wordpress\/ -->\n<title>Trois artistes disparaissent ce week-end Le th\u00e9\u00e2tre et la musique endeuill\u00e9s - La Sentinelle<\/title>\n<meta name=\"robots\" content=\"index, follow, max-snippet:-1, max-image-preview:large, max-video-preview:-1\" \/>\n<link rel=\"canonical\" href=\"https:\/\/lasentinelle.dz\/index.php\/2021\/08\/08\/trois-artistes-disparaissent-ce-week-end-le-theatre-et-la-musique-endeuilles\/\" \/>\n<meta property=\"og:locale\" content=\"fr_FR\" \/>\n<meta property=\"og:type\" content=\"article\" \/>\n<meta property=\"og:title\" content=\"Trois artistes disparaissent ce week-end Le th\u00e9\u00e2tre et la musique endeuill\u00e9s - La Sentinelle\" \/>\n<meta property=\"og:description\" content=\"Trois artistes ont disparu ce week-end, deux d\u2019entre-eux ayant \u00e9t\u00e9 emport\u00e9s par le covid-19. Ainsi, Cheikh Hac\u00e8ne Benchoubane, un des\" \/>\n<meta property=\"og:url\" content=\"https:\/\/lasentinelle.dz\/index.php\/2021\/08\/08\/trois-artistes-disparaissent-ce-week-end-le-theatre-et-la-musique-endeuilles\/\" \/>\n<meta property=\"og:site_name\" content=\"La Sentinelle\" \/>\n<meta property=\"article:publisher\" content=\"https:\/\/www.facebook.com\/La-Sentinelle-104059864394773\" \/>\n<meta property=\"article:published_time\" content=\"2021-08-08T17:21:13+00:00\" \/>\n<meta property=\"og:image\" content=\"https:\/\/lasentinelle.dz\/wp-content\/uploads\/2021\/08\/image_2021-08-08_182058.png\" \/>\n\t<meta property=\"og:image:width\" content=\"620\" \/>\n\t<meta property=\"og:image:height\" content=\"413\" \/>\n\t<meta property=\"og:image:type\" content=\"image\/png\" \/>\n<meta name=\"author\" content=\"La Sentinelle\" \/>\n<meta name=\"twitter:card\" content=\"summary_large_image\" \/>\n<meta name=\"twitter:label1\" content=\"\u00c9crit par\" \/>\n\t<meta name=\"twitter:data1\" content=\"La Sentinelle\" \/>\n\t<meta name=\"twitter:label2\" content=\"Dur\u00e9e de lecture estim\u00e9e\" \/>\n\t<meta name=\"twitter:data2\" content=\"5 minutes\" \/>\n<script type=\"application\/ld+json\" class=\"yoast-schema-graph\">{\"@context\":\"https:\\\/\\\/schema.org\",\"@graph\":[{\"@type\":\"Article\",\"@id\":\"https:\\\/\\\/lasentinelle.dz\\\/index.php\\\/2021\\\/08\\\/08\\\/trois-artistes-disparaissent-ce-week-end-le-theatre-et-la-musique-endeuilles\\\/#article\",\"isPartOf\":{\"@id\":\"https:\\\/\\\/lasentinelle.dz\\\/index.php\\\/2021\\\/08\\\/08\\\/trois-artistes-disparaissent-ce-week-end-le-theatre-et-la-musique-endeuilles\\\/\"},\"author\":{\"name\":\"La Sentinelle\",\"@id\":\"https:\\\/\\\/lasentinelle.dz\\\/#\\\/schema\\\/person\\\/d865044e22e70a75174ce8bcad3acfb3\"},\"headline\":\"Trois artistes disparaissent ce week-end Le th\u00e9\u00e2tre et la musique endeuill\u00e9s\",\"datePublished\":\"2021-08-08T17:21:13+00:00\",\"mainEntityOfPage\":{\"@id\":\"https:\\\/\\\/lasentinelle.dz\\\/index.php\\\/2021\\\/08\\\/08\\\/trois-artistes-disparaissent-ce-week-end-le-theatre-et-la-musique-endeuilles\\\/\"},\"wordCount\":1109,\"commentCount\":0,\"publisher\":{\"@id\":\"https:\\\/\\\/lasentinelle.dz\\\/#organization\"},\"image\":{\"@id\":\"https:\\\/\\\/lasentinelle.dz\\\/index.php\\\/2021\\\/08\\\/08\\\/trois-artistes-disparaissent-ce-week-end-le-theatre-et-la-musique-endeuilles\\\/#primaryimage\"},\"thumbnailUrl\":\"https:\\\/\\\/lasentinelle.dz\\\/wp-content\\\/uploads\\\/2021\\\/08\\\/image_2021-08-08_182058.png\",\"articleSection\":[\"Culture\"],\"inLanguage\":\"fr-FR\",\"potentialAction\":[{\"@type\":\"CommentAction\",\"name\":\"Comment\",\"target\":[\"https:\\\/\\\/lasentinelle.dz\\\/index.php\\\/2021\\\/08\\\/08\\\/trois-artistes-disparaissent-ce-week-end-le-theatre-et-la-musique-endeuilles\\\/#respond\"]}]},{\"@type\":\"WebPage\",\"@id\":\"https:\\\/\\\/lasentinelle.dz\\\/index.php\\\/2021\\\/08\\\/08\\\/trois-artistes-disparaissent-ce-week-end-le-theatre-et-la-musique-endeuilles\\\/\",\"url\":\"https:\\\/\\\/lasentinelle.dz\\\/index.php\\\/2021\\\/08\\\/08\\\/trois-artistes-disparaissent-ce-week-end-le-theatre-et-la-musique-endeuilles\\\/\",\"name\":\"Trois artistes disparaissent ce week-end Le th\u00e9\u00e2tre et la musique endeuill\u00e9s - La Sentinelle\",\"isPartOf\":{\"@id\":\"https:\\\/\\\/lasentinelle.dz\\\/#website\"},\"primaryImageOfPage\":{\"@id\":\"https:\\\/\\\/lasentinelle.dz\\\/index.php\\\/2021\\\/08\\\/08\\\/trois-artistes-disparaissent-ce-week-end-le-theatre-et-la-musique-endeuilles\\\/#primaryimage\"},\"image\":{\"@id\":\"https:\\\/\\\/lasentinelle.dz\\\/index.php\\\/2021\\\/08\\\/08\\\/trois-artistes-disparaissent-ce-week-end-le-theatre-et-la-musique-endeuilles\\\/#primaryimage\"},\"thumbnailUrl\":\"https:\\\/\\\/lasentinelle.dz\\\/wp-content\\\/uploads\\\/2021\\\/08\\\/image_2021-08-08_182058.png\",\"datePublished\":\"2021-08-08T17:21:13+00:00\",\"breadcrumb\":{\"@id\":\"https:\\\/\\\/lasentinelle.dz\\\/index.php\\\/2021\\\/08\\\/08\\\/trois-artistes-disparaissent-ce-week-end-le-theatre-et-la-musique-endeuilles\\\/#breadcrumb\"},\"inLanguage\":\"fr-FR\",\"potentialAction\":[{\"@type\":\"ReadAction\",\"target\":[\"https:\\\/\\\/lasentinelle.dz\\\/index.php\\\/2021\\\/08\\\/08\\\/trois-artistes-disparaissent-ce-week-end-le-theatre-et-la-musique-endeuilles\\\/\"]}]},{\"@type\":\"ImageObject\",\"inLanguage\":\"fr-FR\",\"@id\":\"https:\\\/\\\/lasentinelle.dz\\\/index.php\\\/2021\\\/08\\\/08\\\/trois-artistes-disparaissent-ce-week-end-le-theatre-et-la-musique-endeuilles\\\/#primaryimage\",\"url\":\"https:\\\/\\\/lasentinelle.dz\\\/wp-content\\\/uploads\\\/2021\\\/08\\\/image_2021-08-08_182058.png\",\"contentUrl\":\"https:\\\/\\\/lasentinelle.dz\\\/wp-content\\\/uploads\\\/2021\\\/08\\\/image_2021-08-08_182058.png\",\"width\":620,\"height\":413},{\"@type\":\"BreadcrumbList\",\"@id\":\"https:\\\/\\\/lasentinelle.dz\\\/index.php\\\/2021\\\/08\\\/08\\\/trois-artistes-disparaissent-ce-week-end-le-theatre-et-la-musique-endeuilles\\\/#breadcrumb\",\"itemListElement\":[{\"@type\":\"ListItem\",\"position\":1,\"name\":\"Accueil\",\"item\":\"https:\\\/\\\/lasentinelle.dz\\\/\"},{\"@type\":\"ListItem\",\"position\":2,\"name\":\"Trois artistes disparaissent ce week-end Le th\u00e9\u00e2tre et la musique endeuill\u00e9s\"}]},{\"@type\":\"WebSite\",\"@id\":\"https:\\\/\\\/lasentinelle.dz\\\/#website\",\"url\":\"https:\\\/\\\/lasentinelle.dz\\\/\",\"name\":\"La Sentinelle\",\"description\":\"Quotidien national d&#039;information\",\"publisher\":{\"@id\":\"https:\\\/\\\/lasentinelle.dz\\\/#organization\"},\"potentialAction\":[{\"@type\":\"SearchAction\",\"target\":{\"@type\":\"EntryPoint\",\"urlTemplate\":\"https:\\\/\\\/lasentinelle.dz\\\/?s={search_term_string}\"},\"query-input\":{\"@type\":\"PropertyValueSpecification\",\"valueRequired\":true,\"valueName\":\"search_term_string\"}}],\"inLanguage\":\"fr-FR\"},{\"@type\":\"Organization\",\"@id\":\"https:\\\/\\\/lasentinelle.dz\\\/#organization\",\"name\":\"Quotidien La Sentinelle\",\"url\":\"https:\\\/\\\/lasentinelle.dz\\\/\",\"logo\":{\"@type\":\"ImageObject\",\"inLanguage\":\"fr-FR\",\"@id\":\"https:\\\/\\\/lasentinelle.dz\\\/#\\\/schema\\\/logo\\\/image\\\/\",\"url\":\"https:\\\/\\\/lasentinelle.dz\\\/wp-content\\\/uploads\\\/2021\\\/09\\\/logo-sentinelleSLOGAN-1.png\",\"contentUrl\":\"https:\\\/\\\/lasentinelle.dz\\\/wp-content\\\/uploads\\\/2021\\\/09\\\/logo-sentinelleSLOGAN-1.png\",\"width\":615,\"height\":142,\"caption\":\"Quotidien La Sentinelle\"},\"image\":{\"@id\":\"https:\\\/\\\/lasentinelle.dz\\\/#\\\/schema\\\/logo\\\/image\\\/\"},\"sameAs\":[\"https:\\\/\\\/www.facebook.com\\\/La-Sentinelle-104059864394773\"]},{\"@type\":\"Person\",\"@id\":\"https:\\\/\\\/lasentinelle.dz\\\/#\\\/schema\\\/person\\\/d865044e22e70a75174ce8bcad3acfb3\",\"name\":\"La Sentinelle\",\"image\":{\"@type\":\"ImageObject\",\"inLanguage\":\"fr-FR\",\"@id\":\"https:\\\/\\\/secure.gravatar.com\\\/avatar\\\/57de8e5d4b15d43fb361a71fbb36338450fe67865b528a43dd10ef7c51a20392?s=96&d=mm&r=g\",\"url\":\"https:\\\/\\\/secure.gravatar.com\\\/avatar\\\/57de8e5d4b15d43fb361a71fbb36338450fe67865b528a43dd10ef7c51a20392?s=96&d=mm&r=g\",\"contentUrl\":\"https:\\\/\\\/secure.gravatar.com\\\/avatar\\\/57de8e5d4b15d43fb361a71fbb36338450fe67865b528a43dd10ef7c51a20392?s=96&d=mm&r=g\",\"caption\":\"La Sentinelle\"},\"sameAs\":[\"http:\\\/\\\/www.lasentinelle.dz\"],\"url\":\"https:\\\/\\\/lasentinelle.dz\\\/author\\\/redaction\\\/\"}]}<\/script>\n<!-- \/ Yoast SEO plugin. -->","yoast_head_json":{"title":"Trois artistes disparaissent ce week-end Le th\u00e9\u00e2tre et la musique endeuill\u00e9s - La Sentinelle","robots":{"index":"index","follow":"follow","max-snippet":"max-snippet:-1","max-image-preview":"max-image-preview:large","max-video-preview":"max-video-preview:-1"},"canonical":"https:\/\/lasentinelle.dz\/index.php\/2021\/08\/08\/trois-artistes-disparaissent-ce-week-end-le-theatre-et-la-musique-endeuilles\/","og_locale":"fr_FR","og_type":"article","og_title":"Trois artistes disparaissent ce week-end Le th\u00e9\u00e2tre et la musique endeuill\u00e9s - La Sentinelle","og_description":"Trois artistes ont disparu ce week-end, deux d\u2019entre-eux ayant \u00e9t\u00e9 emport\u00e9s par le covid-19. Ainsi, Cheikh Hac\u00e8ne Benchoubane, un des","og_url":"https:\/\/lasentinelle.dz\/index.php\/2021\/08\/08\/trois-artistes-disparaissent-ce-week-end-le-theatre-et-la-musique-endeuilles\/","og_site_name":"La Sentinelle","article_publisher":"https:\/\/www.facebook.com\/La-Sentinelle-104059864394773","article_published_time":"2021-08-08T17:21:13+00:00","og_image":[{"width":620,"height":413,"url":"https:\/\/lasentinelle.dz\/wp-content\/uploads\/2021\/08\/image_2021-08-08_182058.png","type":"image\/png"}],"author":"La Sentinelle","twitter_card":"summary_large_image","twitter_misc":{"\u00c9crit par":"La Sentinelle","Dur\u00e9e de lecture estim\u00e9e":"5 minutes"},"schema":{"@context":"https:\/\/schema.org","@graph":[{"@type":"Article","@id":"https:\/\/lasentinelle.dz\/index.php\/2021\/08\/08\/trois-artistes-disparaissent-ce-week-end-le-theatre-et-la-musique-endeuilles\/#article","isPartOf":{"@id":"https:\/\/lasentinelle.dz\/index.php\/2021\/08\/08\/trois-artistes-disparaissent-ce-week-end-le-theatre-et-la-musique-endeuilles\/"},"author":{"name":"La Sentinelle","@id":"https:\/\/lasentinelle.dz\/#\/schema\/person\/d865044e22e70a75174ce8bcad3acfb3"},"headline":"Trois artistes disparaissent ce week-end Le th\u00e9\u00e2tre et la musique endeuill\u00e9s","datePublished":"2021-08-08T17:21:13+00:00","mainEntityOfPage":{"@id":"https:\/\/lasentinelle.dz\/index.php\/2021\/08\/08\/trois-artistes-disparaissent-ce-week-end-le-theatre-et-la-musique-endeuilles\/"},"wordCount":1109,"commentCount":0,"publisher":{"@id":"https:\/\/lasentinelle.dz\/#organization"},"image":{"@id":"https:\/\/lasentinelle.dz\/index.php\/2021\/08\/08\/trois-artistes-disparaissent-ce-week-end-le-theatre-et-la-musique-endeuilles\/#primaryimage"},"thumbnailUrl":"https:\/\/lasentinelle.dz\/wp-content\/uploads\/2021\/08\/image_2021-08-08_182058.png","articleSection":["Culture"],"inLanguage":"fr-FR","potentialAction":[{"@type":"CommentAction","name":"Comment","target":["https:\/\/lasentinelle.dz\/index.php\/2021\/08\/08\/trois-artistes-disparaissent-ce-week-end-le-theatre-et-la-musique-endeuilles\/#respond"]}]},{"@type":"WebPage","@id":"https:\/\/lasentinelle.dz\/index.php\/2021\/08\/08\/trois-artistes-disparaissent-ce-week-end-le-theatre-et-la-musique-endeuilles\/","url":"https:\/\/lasentinelle.dz\/index.php\/2021\/08\/08\/trois-artistes-disparaissent-ce-week-end-le-theatre-et-la-musique-endeuilles\/","name":"Trois artistes disparaissent ce week-end Le th\u00e9\u00e2tre et la musique endeuill\u00e9s - La Sentinelle","isPartOf":{"@id":"https:\/\/lasentinelle.dz\/#website"},"primaryImageOfPage":{"@id":"https:\/\/lasentinelle.dz\/index.php\/2021\/08\/08\/trois-artistes-disparaissent-ce-week-end-le-theatre-et-la-musique-endeuilles\/#primaryimage"},"image":{"@id":"https:\/\/lasentinelle.dz\/index.php\/2021\/08\/08\/trois-artistes-disparaissent-ce-week-end-le-theatre-et-la-musique-endeuilles\/#primaryimage"},"thumbnailUrl":"https:\/\/lasentinelle.dz\/wp-content\/uploads\/2021\/08\/image_2021-08-08_182058.png","datePublished":"2021-08-08T17:21:13+00:00","breadcrumb":{"@id":"https:\/\/lasentinelle.dz\/index.php\/2021\/08\/08\/trois-artistes-disparaissent-ce-week-end-le-theatre-et-la-musique-endeuilles\/#breadcrumb"},"inLanguage":"fr-FR","potentialAction":[{"@type":"ReadAction","target":["https:\/\/lasentinelle.dz\/index.php\/2021\/08\/08\/trois-artistes-disparaissent-ce-week-end-le-theatre-et-la-musique-endeuilles\/"]}]},{"@type":"ImageObject","inLanguage":"fr-FR","@id":"https:\/\/lasentinelle.dz\/index.php\/2021\/08\/08\/trois-artistes-disparaissent-ce-week-end-le-theatre-et-la-musique-endeuilles\/#primaryimage","url":"https:\/\/lasentinelle.dz\/wp-content\/uploads\/2021\/08\/image_2021-08-08_182058.png","contentUrl":"https:\/\/lasentinelle.dz\/wp-content\/uploads\/2021\/08\/image_2021-08-08_182058.png","width":620,"height":413},{"@type":"BreadcrumbList","@id":"https:\/\/lasentinelle.dz\/index.php\/2021\/08\/08\/trois-artistes-disparaissent-ce-week-end-le-theatre-et-la-musique-endeuilles\/#breadcrumb","itemListElement":[{"@type":"ListItem","position":1,"name":"Accueil","item":"https:\/\/lasentinelle.dz\/"},{"@type":"ListItem","position":2,"name":"Trois artistes disparaissent ce week-end Le th\u00e9\u00e2tre et la musique endeuill\u00e9s"}]},{"@type":"WebSite","@id":"https:\/\/lasentinelle.dz\/#website","url":"https:\/\/lasentinelle.dz\/","name":"La Sentinelle","description":"Quotidien national d&#039;information","publisher":{"@id":"https:\/\/lasentinelle.dz\/#organization"},"potentialAction":[{"@type":"SearchAction","target":{"@type":"EntryPoint","urlTemplate":"https:\/\/lasentinelle.dz\/?s={search_term_string}"},"query-input":{"@type":"PropertyValueSpecification","valueRequired":true,"valueName":"search_term_string"}}],"inLanguage":"fr-FR"},{"@type":"Organization","@id":"https:\/\/lasentinelle.dz\/#organization","name":"Quotidien La Sentinelle","url":"https:\/\/lasentinelle.dz\/","logo":{"@type":"ImageObject","inLanguage":"fr-FR","@id":"https:\/\/lasentinelle.dz\/#\/schema\/logo\/image\/","url":"https:\/\/lasentinelle.dz\/wp-content\/uploads\/2021\/09\/logo-sentinelleSLOGAN-1.png","contentUrl":"https:\/\/lasentinelle.dz\/wp-content\/uploads\/2021\/09\/logo-sentinelleSLOGAN-1.png","width":615,"height":142,"caption":"Quotidien La Sentinelle"},"image":{"@id":"https:\/\/lasentinelle.dz\/#\/schema\/logo\/image\/"},"sameAs":["https:\/\/www.facebook.com\/La-Sentinelle-104059864394773"]},{"@type":"Person","@id":"https:\/\/lasentinelle.dz\/#\/schema\/person\/d865044e22e70a75174ce8bcad3acfb3","name":"La Sentinelle","image":{"@type":"ImageObject","inLanguage":"fr-FR","@id":"https:\/\/secure.gravatar.com\/avatar\/57de8e5d4b15d43fb361a71fbb36338450fe67865b528a43dd10ef7c51a20392?s=96&d=mm&r=g","url":"https:\/\/secure.gravatar.com\/avatar\/57de8e5d4b15d43fb361a71fbb36338450fe67865b528a43dd10ef7c51a20392?s=96&d=mm&r=g","contentUrl":"https:\/\/secure.gravatar.com\/avatar\/57de8e5d4b15d43fb361a71fbb36338450fe67865b528a43dd10ef7c51a20392?s=96&d=mm&r=g","caption":"La Sentinelle"},"sameAs":["http:\/\/www.lasentinelle.dz"],"url":"https:\/\/lasentinelle.dz\/author\/redaction\/"}]}},"_links":{"self":[{"href":"https:\/\/lasentinelle.dz\/index.php\/wp-json\/wp\/v2\/posts\/3808","targetHints":{"allow":["GET"]}}],"collection":[{"href":"https:\/\/lasentinelle.dz\/index.php\/wp-json\/wp\/v2\/posts"}],"about":[{"href":"https:\/\/lasentinelle.dz\/index.php\/wp-json\/wp\/v2\/types\/post"}],"author":[{"embeddable":true,"href":"https:\/\/lasentinelle.dz\/index.php\/wp-json\/wp\/v2\/users\/3"}],"replies":[{"embeddable":true,"href":"https:\/\/lasentinelle.dz\/index.php\/wp-json\/wp\/v2\/comments?post=3808"}],"version-history":[{"count":1,"href":"https:\/\/lasentinelle.dz\/index.php\/wp-json\/wp\/v2\/posts\/3808\/revisions"}],"predecessor-version":[{"id":3827,"href":"https:\/\/lasentinelle.dz\/index.php\/wp-json\/wp\/v2\/posts\/3808\/revisions\/3827"}],"wp:featuredmedia":[{"embeddable":true,"href":"https:\/\/lasentinelle.dz\/index.php\/wp-json\/wp\/v2\/media\/3826"}],"wp:attachment":[{"href":"https:\/\/lasentinelle.dz\/index.php\/wp-json\/wp\/v2\/media?parent=3808"}],"wp:term":[{"taxonomy":"category","embeddable":true,"href":"https:\/\/lasentinelle.dz\/index.php\/wp-json\/wp\/v2\/categories?post=3808"},{"taxonomy":"post_tag","embeddable":true,"href":"https:\/\/lasentinelle.dz\/index.php\/wp-json\/wp\/v2\/tags?post=3808"}],"curies":[{"name":"wp","href":"https:\/\/api.w.org\/{rel}","templated":true}]}}