{"id":38090,"date":"2023-03-19T22:05:00","date_gmt":"2023-03-19T21:05:00","guid":{"rendered":"https:\/\/lasentinelle.dz\/?p=38090"},"modified":"2023-03-19T19:24:39","modified_gmt":"2023-03-19T18:24:39","slug":"fete-de-la-victoire-les-membres-de-la-communaute-algerienne-etablie-en-france-organisent-un-rassemblement","status":"publish","type":"post","link":"https:\/\/lasentinelle.dz\/index.php\/2023\/03\/19\/fete-de-la-victoire-les-membres-de-la-communaute-algerienne-etablie-en-france-organisent-un-rassemblement\/","title":{"rendered":"F\u00eate de la Victoire\u00a0: Les membres de la communaut\u00e9 alg\u00e9rienne \u00e9tablie en France organisent un rassemblement"},"content":{"rendered":"\n<p>Les membres de la communaut\u00e9 alg\u00e9rienne \u00e9tablie en France ont organis\u00e9, hier au c\u0153ur de la capitale fran\u00e7aise, un rassemblement pour c\u00e9l\u00e9brer la f\u00eate de la Victoire (19 mars), exprimer leur attachement \u00e0 leur m\u00e8re patrie et saluer les acquis remport\u00e9s \u00e0 la faveur du programme du pr\u00e9sident de la R\u00e9publique, M. Abdelmadjid Tebboune. Brandissant le drapeau national et scandant des slogans de soutien et de fiert\u00e9 d&rsquo;appartenir \u00e0 leur m\u00e8re patrie en cette journ\u00e9e qui rev\u00eat une symbolique historique, ces Alg\u00e9riens, femmes et hommes, rassembl\u00e9s en masse sur une place publique \u00e0 Paris, ont exprim\u00e9 leur attachement \u00e0 \u00ab\u00a0la souverainet\u00e9 nationale\u00a0\u00bb et fustig\u00e9 \u00ab\u00a0les supp\u00f4ts et traitres\u00a0\u00bb d\u00e9cha\u00een\u00e9s contre leur propre pays. \u00ab\u00a0Vive l&rsquo;Alg\u00e9rie\u00a0\u00bb, \u00ab\u00a0Vive le pr\u00e9sident Tebboune\u00a0\u00bb, \u00ab\u00a0Vive l&rsquo;Arm\u00e9e nationale populaire\u00a0\u00bb et \u00ab\u00a0Gloire \u00e0 nos martyrs\u00a0\u00bb, c&rsquo;est par ces slogans que les membres de la communaut\u00e9 alg\u00e9rienne ont tenu \u00e0 rendre hommage \u00e0 leur pays en brandissant des portraits de chouhada de la Guerre lib\u00e9ration nationale et de symboles de la R\u00e9sistance nationale et en entonnant l&rsquo;hymne national. Des personnalit\u00e9s artistiques et m\u00e9diatiques alg\u00e9riennes et des militants avaient lanc\u00e9 des appels \u00e0 la communaut\u00e9 nationale \u00e9tablie en France pour participer, dimanche, \u00e0 une manifestation \u00e0 Paris en vue d&rsquo;exprimer l&rsquo;attachement des membres de la diaspora nationale \u00e9tablie \u00e0 l&rsquo;\u00e9tranger \u00e0 l&rsquo;instar de la France, \u00e0 leur m\u00e8re patrie et d\u00e9fendre \u00ab\u00a0la souverainet\u00e9 nationale et les int\u00e9r\u00eats du pays, mais aussi faire front uni contre les conspirateurs et les tra\u00eetres, supp\u00f4ts de parties ennemies\u00a0\u00bb.<\/p>\n\n\n\n<p>APS<\/p>\n","protected":false},"excerpt":{"rendered":"<p>Les membres de la communaut\u00e9 alg\u00e9rienne \u00e9tablie en France ont organis\u00e9, hier au c\u0153ur de la capitale fran\u00e7aise, un rassemblement<\/p>\n","protected":false},"author":3,"featured_media":38098,"comment_status":"open","ping_status":"closed","sticky":false,"template":"","format":"standard","meta":{"colormag_page_container_layout":"default_layout","colormag_page_sidebar_layout":"default_layout","om_disable_all_campaigns":false,"_monsterinsights_skip_tracking":false,"_monsterinsights_sitenote_active":false,"_monsterinsights_sitenote_note":"","_monsterinsights_sitenote_category":0,"footnotes":"","_wpscppro_dont_share_socialmedia":false,"_wpscppro_custom_social_share_image":0,"_facebook_share_type":"","_twitter_share_type":"","_linkedin_share_type":"","_pinterest_share_type":"","_linkedin_share_type_page":"","_instagram_share_type":"","_medium_share_type":"","_threads_share_type":"","_google_business_share_type":"","_selected_social_profile":[],"_wpsp_enable_custom_social_template":false,"_wpsp_social_scheduling":{"enabled":false,"datetime":null,"platforms":[],"status":"template_only","dateOption":"today","timeOption":"now","customDays":"","customHours":"","customDate":"","customTime":"","schedulingType":"absolute"},"_wpsp_active_default_template":true},"categories":[27],"tags":[],"class_list":["post-38090","post","type-post","status-publish","format-standard","has-post-thumbnail","hentry","category-actualite"],"aioseo_notices":[],"yoast_head":"<!-- This site is optimized with the Yoast SEO plugin v27.4 - https:\/\/yoast.com\/product\/yoast-seo-wordpress\/ -->\n<title>F\u00eate de la Victoire\u00a0: Les membres de la communaut\u00e9 alg\u00e9rienne \u00e9tablie en France organisent un rassemblement - La Sentinelle<\/title>\n<meta name=\"robots\" content=\"index, follow, max-snippet:-1, max-image-preview:large, max-video-preview:-1\" \/>\n<link rel=\"canonical\" href=\"https:\/\/lasentinelle.dz\/index.php\/2023\/03\/19\/fete-de-la-victoire-les-membres-de-la-communaute-algerienne-etablie-en-france-organisent-un-rassemblement\/\" \/>\n<meta property=\"og:locale\" content=\"fr_FR\" \/>\n<meta property=\"og:type\" content=\"article\" \/>\n<meta property=\"og:title\" content=\"F\u00eate de la Victoire\u00a0: Les membres de la communaut\u00e9 alg\u00e9rienne \u00e9tablie en France organisent un rassemblement - La Sentinelle\" \/>\n<meta property=\"og:description\" content=\"Les membres de la communaut\u00e9 alg\u00e9rienne \u00e9tablie en France ont organis\u00e9, hier au c\u0153ur de la capitale fran\u00e7aise, un rassemblement\" \/>\n<meta property=\"og:url\" content=\"https:\/\/lasentinelle.dz\/index.php\/2023\/03\/19\/fete-de-la-victoire-les-membres-de-la-communaute-algerienne-etablie-en-france-organisent-un-rassemblement\/\" \/>\n<meta property=\"og:site_name\" content=\"La Sentinelle\" \/>\n<meta property=\"article:publisher\" content=\"https:\/\/www.facebook.com\/La-Sentinelle-104059864394773\" \/>\n<meta property=\"article:published_time\" content=\"2023-03-19T21:05:00+00:00\" \/>\n<meta property=\"og:image\" content=\"https:\/\/lasentinelle.dz\/wp-content\/uploads\/2023\/03\/image_2023-03-19_192413063.png\" \/>\n\t<meta property=\"og:image:width\" content=\"580\" \/>\n\t<meta property=\"og:image:height\" content=\"350\" \/>\n\t<meta property=\"og:image:type\" content=\"image\/png\" \/>\n<meta name=\"author\" content=\"La Sentinelle\" \/>\n<meta name=\"twitter:card\" content=\"summary_large_image\" \/>\n<meta name=\"twitter:label1\" content=\"\u00c9crit par\" \/>\n\t<meta name=\"twitter:data1\" content=\"La Sentinelle\" \/>\n\t<meta name=\"twitter:label2\" content=\"Dur\u00e9e de lecture estim\u00e9e\" \/>\n\t<meta name=\"twitter:data2\" content=\"2 minutes\" \/>\n<script type=\"application\/ld+json\" class=\"yoast-schema-graph\">{\"@context\":\"https:\\\/\\\/schema.org\",\"@graph\":[{\"@type\":\"Article\",\"@id\":\"https:\\\/\\\/lasentinelle.dz\\\/index.php\\\/2023\\\/03\\\/19\\\/fete-de-la-victoire-les-membres-de-la-communaute-algerienne-etablie-en-france-organisent-un-rassemblement\\\/#article\",\"isPartOf\":{\"@id\":\"https:\\\/\\\/lasentinelle.dz\\\/index.php\\\/2023\\\/03\\\/19\\\/fete-de-la-victoire-les-membres-de-la-communaute-algerienne-etablie-en-france-organisent-un-rassemblement\\\/\"},\"author\":{\"name\":\"La Sentinelle\",\"@id\":\"https:\\\/\\\/lasentinelle.dz\\\/#\\\/schema\\\/person\\\/d865044e22e70a75174ce8bcad3acfb3\"},\"headline\":\"F\u00eate de la Victoire\u00a0: Les membres de la communaut\u00e9 alg\u00e9rienne \u00e9tablie en France organisent un rassemblement\",\"datePublished\":\"2023-03-19T21:05:00+00:00\",\"mainEntityOfPage\":{\"@id\":\"https:\\\/\\\/lasentinelle.dz\\\/index.php\\\/2023\\\/03\\\/19\\\/fete-de-la-victoire-les-membres-de-la-communaute-algerienne-etablie-en-france-organisent-un-rassemblement\\\/\"},\"wordCount\":292,\"commentCount\":0,\"publisher\":{\"@id\":\"https:\\\/\\\/lasentinelle.dz\\\/#organization\"},\"image\":{\"@id\":\"https:\\\/\\\/lasentinelle.dz\\\/index.php\\\/2023\\\/03\\\/19\\\/fete-de-la-victoire-les-membres-de-la-communaute-algerienne-etablie-en-france-organisent-un-rassemblement\\\/#primaryimage\"},\"thumbnailUrl\":\"https:\\\/\\\/lasentinelle.dz\\\/wp-content\\\/uploads\\\/2023\\\/03\\\/image_2023-03-19_192413063.png\",\"articleSection\":[\"Actualit\u00e9\"],\"inLanguage\":\"fr-FR\",\"potentialAction\":[{\"@type\":\"CommentAction\",\"name\":\"Comment\",\"target\":[\"https:\\\/\\\/lasentinelle.dz\\\/index.php\\\/2023\\\/03\\\/19\\\/fete-de-la-victoire-les-membres-de-la-communaute-algerienne-etablie-en-france-organisent-un-rassemblement\\\/#respond\"]}]},{\"@type\":\"WebPage\",\"@id\":\"https:\\\/\\\/lasentinelle.dz\\\/index.php\\\/2023\\\/03\\\/19\\\/fete-de-la-victoire-les-membres-de-la-communaute-algerienne-etablie-en-france-organisent-un-rassemblement\\\/\",\"url\":\"https:\\\/\\\/lasentinelle.dz\\\/index.php\\\/2023\\\/03\\\/19\\\/fete-de-la-victoire-les-membres-de-la-communaute-algerienne-etablie-en-france-organisent-un-rassemblement\\\/\",\"name\":\"F\u00eate de la Victoire\u00a0: Les membres de la communaut\u00e9 alg\u00e9rienne \u00e9tablie en France organisent un rassemblement - La Sentinelle\",\"isPartOf\":{\"@id\":\"https:\\\/\\\/lasentinelle.dz\\\/#website\"},\"primaryImageOfPage\":{\"@id\":\"https:\\\/\\\/lasentinelle.dz\\\/index.php\\\/2023\\\/03\\\/19\\\/fete-de-la-victoire-les-membres-de-la-communaute-algerienne-etablie-en-france-organisent-un-rassemblement\\\/#primaryimage\"},\"image\":{\"@id\":\"https:\\\/\\\/lasentinelle.dz\\\/index.php\\\/2023\\\/03\\\/19\\\/fete-de-la-victoire-les-membres-de-la-communaute-algerienne-etablie-en-france-organisent-un-rassemblement\\\/#primaryimage\"},\"thumbnailUrl\":\"https:\\\/\\\/lasentinelle.dz\\\/wp-content\\\/uploads\\\/2023\\\/03\\\/image_2023-03-19_192413063.png\",\"datePublished\":\"2023-03-19T21:05:00+00:00\",\"breadcrumb\":{\"@id\":\"https:\\\/\\\/lasentinelle.dz\\\/index.php\\\/2023\\\/03\\\/19\\\/fete-de-la-victoire-les-membres-de-la-communaute-algerienne-etablie-en-france-organisent-un-rassemblement\\\/#breadcrumb\"},\"inLanguage\":\"fr-FR\",\"potentialAction\":[{\"@type\":\"ReadAction\",\"target\":[\"https:\\\/\\\/lasentinelle.dz\\\/index.php\\\/2023\\\/03\\\/19\\\/fete-de-la-victoire-les-membres-de-la-communaute-algerienne-etablie-en-france-organisent-un-rassemblement\\\/\"]}]},{\"@type\":\"ImageObject\",\"inLanguage\":\"fr-FR\",\"@id\":\"https:\\\/\\\/lasentinelle.dz\\\/index.php\\\/2023\\\/03\\\/19\\\/fete-de-la-victoire-les-membres-de-la-communaute-algerienne-etablie-en-france-organisent-un-rassemblement\\\/#primaryimage\",\"url\":\"https:\\\/\\\/lasentinelle.dz\\\/wp-content\\\/uploads\\\/2023\\\/03\\\/image_2023-03-19_192413063.png\",\"contentUrl\":\"https:\\\/\\\/lasentinelle.dz\\\/wp-content\\\/uploads\\\/2023\\\/03\\\/image_2023-03-19_192413063.png\",\"width\":580,\"height\":350},{\"@type\":\"BreadcrumbList\",\"@id\":\"https:\\\/\\\/lasentinelle.dz\\\/index.php\\\/2023\\\/03\\\/19\\\/fete-de-la-victoire-les-membres-de-la-communaute-algerienne-etablie-en-france-organisent-un-rassemblement\\\/#breadcrumb\",\"itemListElement\":[{\"@type\":\"ListItem\",\"position\":1,\"name\":\"Accueil\",\"item\":\"https:\\\/\\\/lasentinelle.dz\\\/\"},{\"@type\":\"ListItem\",\"position\":2,\"name\":\"F\u00eate de la Victoire\u00a0: Les membres de la communaut\u00e9 alg\u00e9rienne \u00e9tablie en France organisent un rassemblement\"}]},{\"@type\":\"WebSite\",\"@id\":\"https:\\\/\\\/lasentinelle.dz\\\/#website\",\"url\":\"https:\\\/\\\/lasentinelle.dz\\\/\",\"name\":\"La Sentinelle\",\"description\":\"Quotidien national d&#039;information\",\"publisher\":{\"@id\":\"https:\\\/\\\/lasentinelle.dz\\\/#organization\"},\"potentialAction\":[{\"@type\":\"SearchAction\",\"target\":{\"@type\":\"EntryPoint\",\"urlTemplate\":\"https:\\\/\\\/lasentinelle.dz\\\/?s={search_term_string}\"},\"query-input\":{\"@type\":\"PropertyValueSpecification\",\"valueRequired\":true,\"valueName\":\"search_term_string\"}}],\"inLanguage\":\"fr-FR\"},{\"@type\":\"Organization\",\"@id\":\"https:\\\/\\\/lasentinelle.dz\\\/#organization\",\"name\":\"Quotidien La Sentinelle\",\"url\":\"https:\\\/\\\/lasentinelle.dz\\\/\",\"logo\":{\"@type\":\"ImageObject\",\"inLanguage\":\"fr-FR\",\"@id\":\"https:\\\/\\\/lasentinelle.dz\\\/#\\\/schema\\\/logo\\\/image\\\/\",\"url\":\"https:\\\/\\\/lasentinelle.dz\\\/wp-content\\\/uploads\\\/2021\\\/09\\\/logo-sentinelleSLOGAN-1.png\",\"contentUrl\":\"https:\\\/\\\/lasentinelle.dz\\\/wp-content\\\/uploads\\\/2021\\\/09\\\/logo-sentinelleSLOGAN-1.png\",\"width\":615,\"height\":142,\"caption\":\"Quotidien La Sentinelle\"},\"image\":{\"@id\":\"https:\\\/\\\/lasentinelle.dz\\\/#\\\/schema\\\/logo\\\/image\\\/\"},\"sameAs\":[\"https:\\\/\\\/www.facebook.com\\\/La-Sentinelle-104059864394773\"]},{\"@type\":\"Person\",\"@id\":\"https:\\\/\\\/lasentinelle.dz\\\/#\\\/schema\\\/person\\\/d865044e22e70a75174ce8bcad3acfb3\",\"name\":\"La Sentinelle\",\"image\":{\"@type\":\"ImageObject\",\"inLanguage\":\"fr-FR\",\"@id\":\"https:\\\/\\\/secure.gravatar.com\\\/avatar\\\/57de8e5d4b15d43fb361a71fbb36338450fe67865b528a43dd10ef7c51a20392?s=96&d=mm&r=g\",\"url\":\"https:\\\/\\\/secure.gravatar.com\\\/avatar\\\/57de8e5d4b15d43fb361a71fbb36338450fe67865b528a43dd10ef7c51a20392?s=96&d=mm&r=g\",\"contentUrl\":\"https:\\\/\\\/secure.gravatar.com\\\/avatar\\\/57de8e5d4b15d43fb361a71fbb36338450fe67865b528a43dd10ef7c51a20392?s=96&d=mm&r=g\",\"caption\":\"La Sentinelle\"},\"sameAs\":[\"http:\\\/\\\/www.lasentinelle.dz\"],\"url\":\"https:\\\/\\\/lasentinelle.dz\\\/author\\\/redaction\\\/\"}]}<\/script>\n<!-- \/ Yoast SEO plugin. -->","yoast_head_json":{"title":"F\u00eate de la Victoire\u00a0: Les membres de la communaut\u00e9 alg\u00e9rienne \u00e9tablie en France organisent un rassemblement - La Sentinelle","robots":{"index":"index","follow":"follow","max-snippet":"max-snippet:-1","max-image-preview":"max-image-preview:large","max-video-preview":"max-video-preview:-1"},"canonical":"https:\/\/lasentinelle.dz\/index.php\/2023\/03\/19\/fete-de-la-victoire-les-membres-de-la-communaute-algerienne-etablie-en-france-organisent-un-rassemblement\/","og_locale":"fr_FR","og_type":"article","og_title":"F\u00eate de la Victoire\u00a0: Les membres de la communaut\u00e9 alg\u00e9rienne \u00e9tablie en France organisent un rassemblement - La Sentinelle","og_description":"Les membres de la communaut\u00e9 alg\u00e9rienne \u00e9tablie en France ont organis\u00e9, hier au c\u0153ur de la capitale fran\u00e7aise, un rassemblement","og_url":"https:\/\/lasentinelle.dz\/index.php\/2023\/03\/19\/fete-de-la-victoire-les-membres-de-la-communaute-algerienne-etablie-en-france-organisent-un-rassemblement\/","og_site_name":"La Sentinelle","article_publisher":"https:\/\/www.facebook.com\/La-Sentinelle-104059864394773","article_published_time":"2023-03-19T21:05:00+00:00","og_image":[{"width":580,"height":350,"url":"https:\/\/lasentinelle.dz\/wp-content\/uploads\/2023\/03\/image_2023-03-19_192413063.png","type":"image\/png"}],"author":"La Sentinelle","twitter_card":"summary_large_image","twitter_misc":{"\u00c9crit par":"La Sentinelle","Dur\u00e9e de lecture estim\u00e9e":"2 minutes"},"schema":{"@context":"https:\/\/schema.org","@graph":[{"@type":"Article","@id":"https:\/\/lasentinelle.dz\/index.php\/2023\/03\/19\/fete-de-la-victoire-les-membres-de-la-communaute-algerienne-etablie-en-france-organisent-un-rassemblement\/#article","isPartOf":{"@id":"https:\/\/lasentinelle.dz\/index.php\/2023\/03\/19\/fete-de-la-victoire-les-membres-de-la-communaute-algerienne-etablie-en-france-organisent-un-rassemblement\/"},"author":{"name":"La Sentinelle","@id":"https:\/\/lasentinelle.dz\/#\/schema\/person\/d865044e22e70a75174ce8bcad3acfb3"},"headline":"F\u00eate de la Victoire\u00a0: Les membres de la communaut\u00e9 alg\u00e9rienne \u00e9tablie en France organisent un rassemblement","datePublished":"2023-03-19T21:05:00+00:00","mainEntityOfPage":{"@id":"https:\/\/lasentinelle.dz\/index.php\/2023\/03\/19\/fete-de-la-victoire-les-membres-de-la-communaute-algerienne-etablie-en-france-organisent-un-rassemblement\/"},"wordCount":292,"commentCount":0,"publisher":{"@id":"https:\/\/lasentinelle.dz\/#organization"},"image":{"@id":"https:\/\/lasentinelle.dz\/index.php\/2023\/03\/19\/fete-de-la-victoire-les-membres-de-la-communaute-algerienne-etablie-en-france-organisent-un-rassemblement\/#primaryimage"},"thumbnailUrl":"https:\/\/lasentinelle.dz\/wp-content\/uploads\/2023\/03\/image_2023-03-19_192413063.png","articleSection":["Actualit\u00e9"],"inLanguage":"fr-FR","potentialAction":[{"@type":"CommentAction","name":"Comment","target":["https:\/\/lasentinelle.dz\/index.php\/2023\/03\/19\/fete-de-la-victoire-les-membres-de-la-communaute-algerienne-etablie-en-france-organisent-un-rassemblement\/#respond"]}]},{"@type":"WebPage","@id":"https:\/\/lasentinelle.dz\/index.php\/2023\/03\/19\/fete-de-la-victoire-les-membres-de-la-communaute-algerienne-etablie-en-france-organisent-un-rassemblement\/","url":"https:\/\/lasentinelle.dz\/index.php\/2023\/03\/19\/fete-de-la-victoire-les-membres-de-la-communaute-algerienne-etablie-en-france-organisent-un-rassemblement\/","name":"F\u00eate de la Victoire\u00a0: Les membres de la communaut\u00e9 alg\u00e9rienne \u00e9tablie en France organisent un rassemblement - La Sentinelle","isPartOf":{"@id":"https:\/\/lasentinelle.dz\/#website"},"primaryImageOfPage":{"@id":"https:\/\/lasentinelle.dz\/index.php\/2023\/03\/19\/fete-de-la-victoire-les-membres-de-la-communaute-algerienne-etablie-en-france-organisent-un-rassemblement\/#primaryimage"},"image":{"@id":"https:\/\/lasentinelle.dz\/index.php\/2023\/03\/19\/fete-de-la-victoire-les-membres-de-la-communaute-algerienne-etablie-en-france-organisent-un-rassemblement\/#primaryimage"},"thumbnailUrl":"https:\/\/lasentinelle.dz\/wp-content\/uploads\/2023\/03\/image_2023-03-19_192413063.png","datePublished":"2023-03-19T21:05:00+00:00","breadcrumb":{"@id":"https:\/\/lasentinelle.dz\/index.php\/2023\/03\/19\/fete-de-la-victoire-les-membres-de-la-communaute-algerienne-etablie-en-france-organisent-un-rassemblement\/#breadcrumb"},"inLanguage":"fr-FR","potentialAction":[{"@type":"ReadAction","target":["https:\/\/lasentinelle.dz\/index.php\/2023\/03\/19\/fete-de-la-victoire-les-membres-de-la-communaute-algerienne-etablie-en-france-organisent-un-rassemblement\/"]}]},{"@type":"ImageObject","inLanguage":"fr-FR","@id":"https:\/\/lasentinelle.dz\/index.php\/2023\/03\/19\/fete-de-la-victoire-les-membres-de-la-communaute-algerienne-etablie-en-france-organisent-un-rassemblement\/#primaryimage","url":"https:\/\/lasentinelle.dz\/wp-content\/uploads\/2023\/03\/image_2023-03-19_192413063.png","contentUrl":"https:\/\/lasentinelle.dz\/wp-content\/uploads\/2023\/03\/image_2023-03-19_192413063.png","width":580,"height":350},{"@type":"BreadcrumbList","@id":"https:\/\/lasentinelle.dz\/index.php\/2023\/03\/19\/fete-de-la-victoire-les-membres-de-la-communaute-algerienne-etablie-en-france-organisent-un-rassemblement\/#breadcrumb","itemListElement":[{"@type":"ListItem","position":1,"name":"Accueil","item":"https:\/\/lasentinelle.dz\/"},{"@type":"ListItem","position":2,"name":"F\u00eate de la Victoire\u00a0: Les membres de la communaut\u00e9 alg\u00e9rienne \u00e9tablie en France organisent un rassemblement"}]},{"@type":"WebSite","@id":"https:\/\/lasentinelle.dz\/#website","url":"https:\/\/lasentinelle.dz\/","name":"La Sentinelle","description":"Quotidien national d&#039;information","publisher":{"@id":"https:\/\/lasentinelle.dz\/#organization"},"potentialAction":[{"@type":"SearchAction","target":{"@type":"EntryPoint","urlTemplate":"https:\/\/lasentinelle.dz\/?s={search_term_string}"},"query-input":{"@type":"PropertyValueSpecification","valueRequired":true,"valueName":"search_term_string"}}],"inLanguage":"fr-FR"},{"@type":"Organization","@id":"https:\/\/lasentinelle.dz\/#organization","name":"Quotidien La Sentinelle","url":"https:\/\/lasentinelle.dz\/","logo":{"@type":"ImageObject","inLanguage":"fr-FR","@id":"https:\/\/lasentinelle.dz\/#\/schema\/logo\/image\/","url":"https:\/\/lasentinelle.dz\/wp-content\/uploads\/2021\/09\/logo-sentinelleSLOGAN-1.png","contentUrl":"https:\/\/lasentinelle.dz\/wp-content\/uploads\/2021\/09\/logo-sentinelleSLOGAN-1.png","width":615,"height":142,"caption":"Quotidien La Sentinelle"},"image":{"@id":"https:\/\/lasentinelle.dz\/#\/schema\/logo\/image\/"},"sameAs":["https:\/\/www.facebook.com\/La-Sentinelle-104059864394773"]},{"@type":"Person","@id":"https:\/\/lasentinelle.dz\/#\/schema\/person\/d865044e22e70a75174ce8bcad3acfb3","name":"La Sentinelle","image":{"@type":"ImageObject","inLanguage":"fr-FR","@id":"https:\/\/secure.gravatar.com\/avatar\/57de8e5d4b15d43fb361a71fbb36338450fe67865b528a43dd10ef7c51a20392?s=96&d=mm&r=g","url":"https:\/\/secure.gravatar.com\/avatar\/57de8e5d4b15d43fb361a71fbb36338450fe67865b528a43dd10ef7c51a20392?s=96&d=mm&r=g","contentUrl":"https:\/\/secure.gravatar.com\/avatar\/57de8e5d4b15d43fb361a71fbb36338450fe67865b528a43dd10ef7c51a20392?s=96&d=mm&r=g","caption":"La Sentinelle"},"sameAs":["http:\/\/www.lasentinelle.dz"],"url":"https:\/\/lasentinelle.dz\/author\/redaction\/"}]}},"_links":{"self":[{"href":"https:\/\/lasentinelle.dz\/index.php\/wp-json\/wp\/v2\/posts\/38090","targetHints":{"allow":["GET"]}}],"collection":[{"href":"https:\/\/lasentinelle.dz\/index.php\/wp-json\/wp\/v2\/posts"}],"about":[{"href":"https:\/\/lasentinelle.dz\/index.php\/wp-json\/wp\/v2\/types\/post"}],"author":[{"embeddable":true,"href":"https:\/\/lasentinelle.dz\/index.php\/wp-json\/wp\/v2\/users\/3"}],"replies":[{"embeddable":true,"href":"https:\/\/lasentinelle.dz\/index.php\/wp-json\/wp\/v2\/comments?post=38090"}],"version-history":[{"count":1,"href":"https:\/\/lasentinelle.dz\/index.php\/wp-json\/wp\/v2\/posts\/38090\/revisions"}],"predecessor-version":[{"id":38099,"href":"https:\/\/lasentinelle.dz\/index.php\/wp-json\/wp\/v2\/posts\/38090\/revisions\/38099"}],"wp:featuredmedia":[{"embeddable":true,"href":"https:\/\/lasentinelle.dz\/index.php\/wp-json\/wp\/v2\/media\/38098"}],"wp:attachment":[{"href":"https:\/\/lasentinelle.dz\/index.php\/wp-json\/wp\/v2\/media?parent=38090"}],"wp:term":[{"taxonomy":"category","embeddable":true,"href":"https:\/\/lasentinelle.dz\/index.php\/wp-json\/wp\/v2\/categories?post=38090"},{"taxonomy":"post_tag","embeddable":true,"href":"https:\/\/lasentinelle.dz\/index.php\/wp-json\/wp\/v2\/tags?post=38090"}],"curies":[{"name":"wp","href":"https:\/\/api.w.org\/{rel}","templated":true}]}}