{"id":38172,"date":"2023-03-20T22:05:00","date_gmt":"2023-03-20T21:05:00","guid":{"rendered":"https:\/\/lasentinelle.dz\/?p=38172"},"modified":"2023-03-20T19:34:00","modified_gmt":"2023-03-20T18:34:00","slug":"industrie-des-epe-relancees","status":"publish","type":"post","link":"https:\/\/lasentinelle.dz\/index.php\/2023\/03\/20\/industrie-des-epe-relancees\/","title":{"rendered":"Industrie\u00a0: Des EPE relanc\u00e9es"},"content":{"rendered":"\n<p>Plusieurs entreprises publiques agroalimentaires situ\u00e9es dans la wilaya de Jijel sont en passe d\u2019\u00eatre relanc\u00e9es. Nous apprenons dans ce contexte que Madar Holding entend donner un coup d\u2019acc\u00e9l\u00e9rateur au projet de r\u00e9alisation de l\u2019unit\u00e9 de trituration de graines ol\u00e9agineuses et de production d\u2019huile de table situ\u00e9 \u00e0 Bazoul. Ainsi, l\u2019entreprise publique \u00e9conomique Kotama Agri-Food Spa, relevant du groupe Madar Holding a lanc\u00e9 un appel \u00e0 manifestation d\u2019int\u00e9r\u00eat pour la s\u00e9lection d\u2019un assistant \u00e0 la ma\u00eetrise d\u2019ouvrage dans le cadre du parach\u00e8vement des travaux restant \u00e0 r\u00e9aliser de l\u2019usine de trituration de graines ol\u00e9agineuses situ\u00e9e \u00e0 Bazoul. D\u2019une capacit\u00e9 de production de 6.000 tonnes par jour, l\u2019unit\u00e9 est situ\u00e9e dans la localit\u00e9 de Bazoul, dans la commune de Taher ( Jijel) relevait pr\u00e9c\u00e9demment de l\u2019entreprise Nutris des fr\u00e8res Kouninef qui a \u00e9t\u00e9 transf\u00e9r\u00e9e au groupe Madar Holding, cons\u00e9cutivement aux d\u00e9cisions de justice prises \u00e0 l\u2019encontre de ses propri\u00e9taires. L\u2019appel d\u2019offres qui devait expirer le 7 mars, a \u00e9t\u00e9 prorog\u00e9 de dix jours, soit jusqu\u2019au 17 mars en cours, nous dit-on. Pour rappel,&nbsp; Madar Holding, par le biais de sa filiale Kotama Agri-food, avait proc\u00e9d\u00e9 en 2022 \u00e0 la signature du contrat de parach\u00e8vement du projet d\u2019usine de trituration de graines ol\u00e9agineuses. Une fois op\u00e9rationnelle, cette&nbsp; unit\u00e9 de trituration des graines ol\u00e9agineuses,&nbsp; va permettre de couvrir 40 % des besoins du march\u00e9 national en huile de table et 70% en aliments de b\u00e9tail. Il est \u00e0 noter que&nbsp; l\u2019usine dispose d\u2019unit\u00e9s de stockage d\u2019une capacit\u00e9 de 100.000 tonnes de fourrages, de 30.000 tonnes d\u2019huile ainsi qu\u2019une capacit\u00e9 de transformation annuelle de 1,9 million de tonnes. Au-del\u00e0, la mise en service de ce&nbsp; projet, aura un impact&nbsp; tant sur le secteur du transport,&nbsp; la SNTF en l\u2019occurrence, et le secteur de l\u2019emploi.&nbsp;&nbsp; Pour la Soci\u00e9t\u00e9 nationale des transports ferroviaires, elle verra son&nbsp; chiffre d\u2019affaires augmenter et le volume de marchandises transport\u00e9es qui atteindra 2 millions de tonnes. S\u2019agissant de l\u2019emploi, le projet est appel\u00e9 \u00e0 g\u00e9n\u00e9rer quelque&nbsp; 350 emplois permanents et 2.500 non permanents. Dans le m\u00eame contexte et&nbsp; \u00e0 la localit\u00e9 d\u2019El Achouat , toujours dans la commune de Taher, l\u2019unit\u00e9 de jus et conserves \u00e0 l\u2019arr\u00eat depuis longtemps devrait , \u00e9galement,&nbsp; reprendre de l\u2019activit\u00e9, apr\u00e8s son transfert vers la joint-venture compos\u00e9e par les groupes Agrodiv et Madar. \u00c0 l&rsquo;arr\u00eat depuis plusieurs ann\u00e9es, l\u2019ex-unit\u00e9 des jus et des conserves de tomates (transformation) \u00e0 Taher, autrefois&nbsp; l&rsquo;une des fiert\u00e9s de l&rsquo;industrie locale durant les ann\u00e9es 70 et 80, va aussi reprendre son activit\u00e9, \u00e0 la faveur d\u2019une relancer en vertu des nouvelles orientations des pouvoirs publics visant la sauvegarde du tissu industriel.&nbsp; Cette unit\u00e9, dont la propri\u00e9t\u00e9 a \u00e9t\u00e9 transf\u00e9r\u00e9e vers un partenariat mixte entre le groupement Madar et Agrodiv&nbsp; dans le cadre&nbsp; d&rsquo;un partenariat public-priv\u00e9 initi\u00e9 par le gouvernement ces derni\u00e8res ann\u00e9es, sera bient\u00f4t relanc\u00e9e.&nbsp; La relance de cette unit\u00e9 va procurer une valeur ajout\u00e9e \u00e0 l\u2019\u00e9conomie locale, r\u00e9gionale et nationale. D\u2019ailleurs, les nouveaux propri\u00e9taires publics ont d\u00e9j\u00e0 commenc\u00e9 leur travail et des op\u00e9rations devraient \u00eatre lanc\u00e9es sur le site en vue de sa remise en production. Une attribution provisoire a d\u00e9j\u00e0 octroy\u00e9e \u00e0 Divindus Serub, deux lots d\u2019un montant global de 72,507 millions DA destin\u00e9s \u00e0 la fourniture de rev\u00eatement de sol antiacide, ainsi que d\u2019\u00e9quipements de sol et d\u2019hygi\u00e8ne en inox. Pour sa part, l\u2019unit\u00e9 de montage Batimetal de A\u00efn Defla s\u2019est vue confier la fourniture et pose de panneaux sandwichs et portes alimentaires, le doublage des cloisons et la pose du faux plafond, rev\u00eatement de sol et fa\u00efence ainsi que les travaux de peinture de l\u2019administration. Cette attribution provisoire totalise un montant de 569,184 millions DA.<\/p>\n\n\n\n<p><strong>Sofia Chahine<\/strong><\/p>\n","protected":false},"excerpt":{"rendered":"<p>Plusieurs entreprises publiques agroalimentaires situ\u00e9es dans la wilaya de Jijel sont en passe d\u2019\u00eatre relanc\u00e9es. Nous apprenons dans ce contexte<\/p>\n","protected":false},"author":3,"featured_media":38179,"comment_status":"open","ping_status":"closed","sticky":false,"template":"","format":"standard","meta":{"colormag_page_container_layout":"default_layout","colormag_page_sidebar_layout":"default_layout","om_disable_all_campaigns":false,"_monsterinsights_skip_tracking":false,"_monsterinsights_sitenote_active":false,"_monsterinsights_sitenote_note":"","_monsterinsights_sitenote_category":0,"footnotes":"","_wpscppro_dont_share_socialmedia":false,"_wpscppro_custom_social_share_image":0,"_facebook_share_type":"","_twitter_share_type":"","_linkedin_share_type":"","_pinterest_share_type":"","_linkedin_share_type_page":"","_instagram_share_type":"","_medium_share_type":"","_threads_share_type":"","_google_business_share_type":"","_selected_social_profile":[],"_wpsp_enable_custom_social_template":false,"_wpsp_social_scheduling":{"enabled":false,"datetime":null,"platforms":[],"status":"template_only","dateOption":"today","timeOption":"now","customDays":"","customHours":"","customDate":"","customTime":"","schedulingType":"absolute"},"_wpsp_active_default_template":true},"categories":[29],"tags":[],"class_list":["post-38172","post","type-post","status-publish","format-standard","has-post-thumbnail","hentry","category-economie"],"aioseo_notices":[],"yoast_head":"<!-- This site is optimized with the Yoast SEO plugin v27.5 - https:\/\/yoast.com\/product\/yoast-seo-wordpress\/ -->\n<title>Industrie\u00a0: Des EPE relanc\u00e9es - La Sentinelle<\/title>\n<meta name=\"robots\" content=\"index, follow, max-snippet:-1, max-image-preview:large, max-video-preview:-1\" \/>\n<link rel=\"canonical\" href=\"https:\/\/lasentinelle.dz\/index.php\/2023\/03\/20\/industrie-des-epe-relancees\/\" \/>\n<meta property=\"og:locale\" content=\"fr_FR\" \/>\n<meta property=\"og:type\" content=\"article\" \/>\n<meta property=\"og:title\" content=\"Industrie\u00a0: Des EPE relanc\u00e9es - La Sentinelle\" \/>\n<meta property=\"og:description\" content=\"Plusieurs entreprises publiques agroalimentaires situ\u00e9es dans la wilaya de Jijel sont en passe d\u2019\u00eatre relanc\u00e9es. Nous apprenons dans ce contexte\" \/>\n<meta property=\"og:url\" content=\"https:\/\/lasentinelle.dz\/index.php\/2023\/03\/20\/industrie-des-epe-relancees\/\" \/>\n<meta property=\"og:site_name\" content=\"La Sentinelle\" \/>\n<meta property=\"article:publisher\" content=\"https:\/\/www.facebook.com\/La-Sentinelle-104059864394773\" \/>\n<meta property=\"article:published_time\" content=\"2023-03-20T21:05:00+00:00\" \/>\n<meta property=\"og:image\" content=\"https:\/\/lasentinelle.dz\/wp-content\/uploads\/2023\/03\/ssss-1024x577.png\" \/>\n\t<meta property=\"og:image:width\" content=\"1024\" \/>\n\t<meta property=\"og:image:height\" content=\"577\" \/>\n\t<meta property=\"og:image:type\" content=\"image\/png\" \/>\n<meta name=\"author\" content=\"La Sentinelle\" \/>\n<meta name=\"twitter:card\" content=\"summary_large_image\" \/>\n<meta name=\"twitter:label1\" content=\"\u00c9crit par\" \/>\n\t<meta name=\"twitter:data1\" content=\"La Sentinelle\" \/>\n\t<meta name=\"twitter:label2\" content=\"Dur\u00e9e de lecture estim\u00e9e\" \/>\n\t<meta name=\"twitter:data2\" content=\"4 minutes\" \/>\n<script type=\"application\/ld+json\" class=\"yoast-schema-graph\">{\"@context\":\"https:\\\/\\\/schema.org\",\"@graph\":[{\"@type\":\"Article\",\"@id\":\"https:\\\/\\\/lasentinelle.dz\\\/index.php\\\/2023\\\/03\\\/20\\\/industrie-des-epe-relancees\\\/#article\",\"isPartOf\":{\"@id\":\"https:\\\/\\\/lasentinelle.dz\\\/index.php\\\/2023\\\/03\\\/20\\\/industrie-des-epe-relancees\\\/\"},\"author\":{\"name\":\"La Sentinelle\",\"@id\":\"https:\\\/\\\/lasentinelle.dz\\\/#\\\/schema\\\/person\\\/d865044e22e70a75174ce8bcad3acfb3\"},\"headline\":\"Industrie\u00a0: Des EPE relanc\u00e9es\",\"datePublished\":\"2023-03-20T21:05:00+00:00\",\"mainEntityOfPage\":{\"@id\":\"https:\\\/\\\/lasentinelle.dz\\\/index.php\\\/2023\\\/03\\\/20\\\/industrie-des-epe-relancees\\\/\"},\"wordCount\":693,\"commentCount\":0,\"publisher\":{\"@id\":\"https:\\\/\\\/lasentinelle.dz\\\/#organization\"},\"image\":{\"@id\":\"https:\\\/\\\/lasentinelle.dz\\\/index.php\\\/2023\\\/03\\\/20\\\/industrie-des-epe-relancees\\\/#primaryimage\"},\"thumbnailUrl\":\"https:\\\/\\\/lasentinelle.dz\\\/wp-content\\\/uploads\\\/2023\\\/03\\\/ssss.png\",\"articleSection\":[\"\u00c9conomie\"],\"inLanguage\":\"fr-FR\",\"potentialAction\":[{\"@type\":\"CommentAction\",\"name\":\"Comment\",\"target\":[\"https:\\\/\\\/lasentinelle.dz\\\/index.php\\\/2023\\\/03\\\/20\\\/industrie-des-epe-relancees\\\/#respond\"]}]},{\"@type\":\"WebPage\",\"@id\":\"https:\\\/\\\/lasentinelle.dz\\\/index.php\\\/2023\\\/03\\\/20\\\/industrie-des-epe-relancees\\\/\",\"url\":\"https:\\\/\\\/lasentinelle.dz\\\/index.php\\\/2023\\\/03\\\/20\\\/industrie-des-epe-relancees\\\/\",\"name\":\"Industrie\u00a0: Des EPE relanc\u00e9es - La Sentinelle\",\"isPartOf\":{\"@id\":\"https:\\\/\\\/lasentinelle.dz\\\/#website\"},\"primaryImageOfPage\":{\"@id\":\"https:\\\/\\\/lasentinelle.dz\\\/index.php\\\/2023\\\/03\\\/20\\\/industrie-des-epe-relancees\\\/#primaryimage\"},\"image\":{\"@id\":\"https:\\\/\\\/lasentinelle.dz\\\/index.php\\\/2023\\\/03\\\/20\\\/industrie-des-epe-relancees\\\/#primaryimage\"},\"thumbnailUrl\":\"https:\\\/\\\/lasentinelle.dz\\\/wp-content\\\/uploads\\\/2023\\\/03\\\/ssss.png\",\"datePublished\":\"2023-03-20T21:05:00+00:00\",\"breadcrumb\":{\"@id\":\"https:\\\/\\\/lasentinelle.dz\\\/index.php\\\/2023\\\/03\\\/20\\\/industrie-des-epe-relancees\\\/#breadcrumb\"},\"inLanguage\":\"fr-FR\",\"potentialAction\":[{\"@type\":\"ReadAction\",\"target\":[\"https:\\\/\\\/lasentinelle.dz\\\/index.php\\\/2023\\\/03\\\/20\\\/industrie-des-epe-relancees\\\/\"]}]},{\"@type\":\"ImageObject\",\"inLanguage\":\"fr-FR\",\"@id\":\"https:\\\/\\\/lasentinelle.dz\\\/index.php\\\/2023\\\/03\\\/20\\\/industrie-des-epe-relancees\\\/#primaryimage\",\"url\":\"https:\\\/\\\/lasentinelle.dz\\\/wp-content\\\/uploads\\\/2023\\\/03\\\/ssss.png\",\"contentUrl\":\"https:\\\/\\\/lasentinelle.dz\\\/wp-content\\\/uploads\\\/2023\\\/03\\\/ssss.png\",\"width\":1597,\"height\":900},{\"@type\":\"BreadcrumbList\",\"@id\":\"https:\\\/\\\/lasentinelle.dz\\\/index.php\\\/2023\\\/03\\\/20\\\/industrie-des-epe-relancees\\\/#breadcrumb\",\"itemListElement\":[{\"@type\":\"ListItem\",\"position\":1,\"name\":\"Accueil\",\"item\":\"https:\\\/\\\/lasentinelle.dz\\\/\"},{\"@type\":\"ListItem\",\"position\":2,\"name\":\"Industrie\u00a0: Des EPE relanc\u00e9es\"}]},{\"@type\":\"WebSite\",\"@id\":\"https:\\\/\\\/lasentinelle.dz\\\/#website\",\"url\":\"https:\\\/\\\/lasentinelle.dz\\\/\",\"name\":\"La Sentinelle\",\"description\":\"Quotidien national d&#039;information\",\"publisher\":{\"@id\":\"https:\\\/\\\/lasentinelle.dz\\\/#organization\"},\"potentialAction\":[{\"@type\":\"SearchAction\",\"target\":{\"@type\":\"EntryPoint\",\"urlTemplate\":\"https:\\\/\\\/lasentinelle.dz\\\/?s={search_term_string}\"},\"query-input\":{\"@type\":\"PropertyValueSpecification\",\"valueRequired\":true,\"valueName\":\"search_term_string\"}}],\"inLanguage\":\"fr-FR\"},{\"@type\":\"Organization\",\"@id\":\"https:\\\/\\\/lasentinelle.dz\\\/#organization\",\"name\":\"Quotidien La Sentinelle\",\"url\":\"https:\\\/\\\/lasentinelle.dz\\\/\",\"logo\":{\"@type\":\"ImageObject\",\"inLanguage\":\"fr-FR\",\"@id\":\"https:\\\/\\\/lasentinelle.dz\\\/#\\\/schema\\\/logo\\\/image\\\/\",\"url\":\"https:\\\/\\\/lasentinelle.dz\\\/wp-content\\\/uploads\\\/2021\\\/09\\\/logo-sentinelleSLOGAN-1.png\",\"contentUrl\":\"https:\\\/\\\/lasentinelle.dz\\\/wp-content\\\/uploads\\\/2021\\\/09\\\/logo-sentinelleSLOGAN-1.png\",\"width\":615,\"height\":142,\"caption\":\"Quotidien La Sentinelle\"},\"image\":{\"@id\":\"https:\\\/\\\/lasentinelle.dz\\\/#\\\/schema\\\/logo\\\/image\\\/\"},\"sameAs\":[\"https:\\\/\\\/www.facebook.com\\\/La-Sentinelle-104059864394773\"]},{\"@type\":\"Person\",\"@id\":\"https:\\\/\\\/lasentinelle.dz\\\/#\\\/schema\\\/person\\\/d865044e22e70a75174ce8bcad3acfb3\",\"name\":\"La Sentinelle\",\"image\":{\"@type\":\"ImageObject\",\"inLanguage\":\"fr-FR\",\"@id\":\"https:\\\/\\\/secure.gravatar.com\\\/avatar\\\/57de8e5d4b15d43fb361a71fbb36338450fe67865b528a43dd10ef7c51a20392?s=96&d=mm&r=g\",\"url\":\"https:\\\/\\\/secure.gravatar.com\\\/avatar\\\/57de8e5d4b15d43fb361a71fbb36338450fe67865b528a43dd10ef7c51a20392?s=96&d=mm&r=g\",\"contentUrl\":\"https:\\\/\\\/secure.gravatar.com\\\/avatar\\\/57de8e5d4b15d43fb361a71fbb36338450fe67865b528a43dd10ef7c51a20392?s=96&d=mm&r=g\",\"caption\":\"La Sentinelle\"},\"sameAs\":[\"http:\\\/\\\/www.lasentinelle.dz\"],\"url\":\"https:\\\/\\\/lasentinelle.dz\\\/author\\\/redaction\\\/\"}]}<\/script>\n<!-- \/ Yoast SEO plugin. -->","yoast_head_json":{"title":"Industrie\u00a0: Des EPE relanc\u00e9es - La Sentinelle","robots":{"index":"index","follow":"follow","max-snippet":"max-snippet:-1","max-image-preview":"max-image-preview:large","max-video-preview":"max-video-preview:-1"},"canonical":"https:\/\/lasentinelle.dz\/index.php\/2023\/03\/20\/industrie-des-epe-relancees\/","og_locale":"fr_FR","og_type":"article","og_title":"Industrie\u00a0: Des EPE relanc\u00e9es - La Sentinelle","og_description":"Plusieurs entreprises publiques agroalimentaires situ\u00e9es dans la wilaya de Jijel sont en passe d\u2019\u00eatre relanc\u00e9es. Nous apprenons dans ce contexte","og_url":"https:\/\/lasentinelle.dz\/index.php\/2023\/03\/20\/industrie-des-epe-relancees\/","og_site_name":"La Sentinelle","article_publisher":"https:\/\/www.facebook.com\/La-Sentinelle-104059864394773","article_published_time":"2023-03-20T21:05:00+00:00","og_image":[{"width":1024,"height":577,"url":"https:\/\/lasentinelle.dz\/wp-content\/uploads\/2023\/03\/ssss-1024x577.png","type":"image\/png"}],"author":"La Sentinelle","twitter_card":"summary_large_image","twitter_misc":{"\u00c9crit par":"La Sentinelle","Dur\u00e9e de lecture estim\u00e9e":"4 minutes"},"schema":{"@context":"https:\/\/schema.org","@graph":[{"@type":"Article","@id":"https:\/\/lasentinelle.dz\/index.php\/2023\/03\/20\/industrie-des-epe-relancees\/#article","isPartOf":{"@id":"https:\/\/lasentinelle.dz\/index.php\/2023\/03\/20\/industrie-des-epe-relancees\/"},"author":{"name":"La Sentinelle","@id":"https:\/\/lasentinelle.dz\/#\/schema\/person\/d865044e22e70a75174ce8bcad3acfb3"},"headline":"Industrie\u00a0: Des EPE relanc\u00e9es","datePublished":"2023-03-20T21:05:00+00:00","mainEntityOfPage":{"@id":"https:\/\/lasentinelle.dz\/index.php\/2023\/03\/20\/industrie-des-epe-relancees\/"},"wordCount":693,"commentCount":0,"publisher":{"@id":"https:\/\/lasentinelle.dz\/#organization"},"image":{"@id":"https:\/\/lasentinelle.dz\/index.php\/2023\/03\/20\/industrie-des-epe-relancees\/#primaryimage"},"thumbnailUrl":"https:\/\/lasentinelle.dz\/wp-content\/uploads\/2023\/03\/ssss.png","articleSection":["\u00c9conomie"],"inLanguage":"fr-FR","potentialAction":[{"@type":"CommentAction","name":"Comment","target":["https:\/\/lasentinelle.dz\/index.php\/2023\/03\/20\/industrie-des-epe-relancees\/#respond"]}]},{"@type":"WebPage","@id":"https:\/\/lasentinelle.dz\/index.php\/2023\/03\/20\/industrie-des-epe-relancees\/","url":"https:\/\/lasentinelle.dz\/index.php\/2023\/03\/20\/industrie-des-epe-relancees\/","name":"Industrie\u00a0: Des EPE relanc\u00e9es - La Sentinelle","isPartOf":{"@id":"https:\/\/lasentinelle.dz\/#website"},"primaryImageOfPage":{"@id":"https:\/\/lasentinelle.dz\/index.php\/2023\/03\/20\/industrie-des-epe-relancees\/#primaryimage"},"image":{"@id":"https:\/\/lasentinelle.dz\/index.php\/2023\/03\/20\/industrie-des-epe-relancees\/#primaryimage"},"thumbnailUrl":"https:\/\/lasentinelle.dz\/wp-content\/uploads\/2023\/03\/ssss.png","datePublished":"2023-03-20T21:05:00+00:00","breadcrumb":{"@id":"https:\/\/lasentinelle.dz\/index.php\/2023\/03\/20\/industrie-des-epe-relancees\/#breadcrumb"},"inLanguage":"fr-FR","potentialAction":[{"@type":"ReadAction","target":["https:\/\/lasentinelle.dz\/index.php\/2023\/03\/20\/industrie-des-epe-relancees\/"]}]},{"@type":"ImageObject","inLanguage":"fr-FR","@id":"https:\/\/lasentinelle.dz\/index.php\/2023\/03\/20\/industrie-des-epe-relancees\/#primaryimage","url":"https:\/\/lasentinelle.dz\/wp-content\/uploads\/2023\/03\/ssss.png","contentUrl":"https:\/\/lasentinelle.dz\/wp-content\/uploads\/2023\/03\/ssss.png","width":1597,"height":900},{"@type":"BreadcrumbList","@id":"https:\/\/lasentinelle.dz\/index.php\/2023\/03\/20\/industrie-des-epe-relancees\/#breadcrumb","itemListElement":[{"@type":"ListItem","position":1,"name":"Accueil","item":"https:\/\/lasentinelle.dz\/"},{"@type":"ListItem","position":2,"name":"Industrie\u00a0: Des EPE relanc\u00e9es"}]},{"@type":"WebSite","@id":"https:\/\/lasentinelle.dz\/#website","url":"https:\/\/lasentinelle.dz\/","name":"La Sentinelle","description":"Quotidien national d&#039;information","publisher":{"@id":"https:\/\/lasentinelle.dz\/#organization"},"potentialAction":[{"@type":"SearchAction","target":{"@type":"EntryPoint","urlTemplate":"https:\/\/lasentinelle.dz\/?s={search_term_string}"},"query-input":{"@type":"PropertyValueSpecification","valueRequired":true,"valueName":"search_term_string"}}],"inLanguage":"fr-FR"},{"@type":"Organization","@id":"https:\/\/lasentinelle.dz\/#organization","name":"Quotidien La Sentinelle","url":"https:\/\/lasentinelle.dz\/","logo":{"@type":"ImageObject","inLanguage":"fr-FR","@id":"https:\/\/lasentinelle.dz\/#\/schema\/logo\/image\/","url":"https:\/\/lasentinelle.dz\/wp-content\/uploads\/2021\/09\/logo-sentinelleSLOGAN-1.png","contentUrl":"https:\/\/lasentinelle.dz\/wp-content\/uploads\/2021\/09\/logo-sentinelleSLOGAN-1.png","width":615,"height":142,"caption":"Quotidien La Sentinelle"},"image":{"@id":"https:\/\/lasentinelle.dz\/#\/schema\/logo\/image\/"},"sameAs":["https:\/\/www.facebook.com\/La-Sentinelle-104059864394773"]},{"@type":"Person","@id":"https:\/\/lasentinelle.dz\/#\/schema\/person\/d865044e22e70a75174ce8bcad3acfb3","name":"La Sentinelle","image":{"@type":"ImageObject","inLanguage":"fr-FR","@id":"https:\/\/secure.gravatar.com\/avatar\/57de8e5d4b15d43fb361a71fbb36338450fe67865b528a43dd10ef7c51a20392?s=96&d=mm&r=g","url":"https:\/\/secure.gravatar.com\/avatar\/57de8e5d4b15d43fb361a71fbb36338450fe67865b528a43dd10ef7c51a20392?s=96&d=mm&r=g","contentUrl":"https:\/\/secure.gravatar.com\/avatar\/57de8e5d4b15d43fb361a71fbb36338450fe67865b528a43dd10ef7c51a20392?s=96&d=mm&r=g","caption":"La Sentinelle"},"sameAs":["http:\/\/www.lasentinelle.dz"],"url":"https:\/\/lasentinelle.dz\/author\/redaction\/"}]}},"_links":{"self":[{"href":"https:\/\/lasentinelle.dz\/index.php\/wp-json\/wp\/v2\/posts\/38172","targetHints":{"allow":["GET"]}}],"collection":[{"href":"https:\/\/lasentinelle.dz\/index.php\/wp-json\/wp\/v2\/posts"}],"about":[{"href":"https:\/\/lasentinelle.dz\/index.php\/wp-json\/wp\/v2\/types\/post"}],"author":[{"embeddable":true,"href":"https:\/\/lasentinelle.dz\/index.php\/wp-json\/wp\/v2\/users\/3"}],"replies":[{"embeddable":true,"href":"https:\/\/lasentinelle.dz\/index.php\/wp-json\/wp\/v2\/comments?post=38172"}],"version-history":[{"count":1,"href":"https:\/\/lasentinelle.dz\/index.php\/wp-json\/wp\/v2\/posts\/38172\/revisions"}],"predecessor-version":[{"id":38181,"href":"https:\/\/lasentinelle.dz\/index.php\/wp-json\/wp\/v2\/posts\/38172\/revisions\/38181"}],"wp:featuredmedia":[{"embeddable":true,"href":"https:\/\/lasentinelle.dz\/index.php\/wp-json\/wp\/v2\/media\/38179"}],"wp:attachment":[{"href":"https:\/\/lasentinelle.dz\/index.php\/wp-json\/wp\/v2\/media?parent=38172"}],"wp:term":[{"taxonomy":"category","embeddable":true,"href":"https:\/\/lasentinelle.dz\/index.php\/wp-json\/wp\/v2\/categories?post=38172"},{"taxonomy":"post_tag","embeddable":true,"href":"https:\/\/lasentinelle.dz\/index.php\/wp-json\/wp\/v2\/tags?post=38172"}],"curies":[{"name":"wp","href":"https:\/\/api.w.org\/{rel}","templated":true}]}}