{"id":38185,"date":"2023-03-20T22:10:00","date_gmt":"2023-03-20T21:10:00","guid":{"rendered":"https:\/\/lasentinelle.dz\/?p=38185"},"modified":"2023-03-20T20:16:40","modified_gmt":"2023-03-20T19:16:40","slug":"approvisionnement-du-marche-durant-le-ramadhan-lexecutif-met-le-paquet","status":"publish","type":"post","link":"https:\/\/lasentinelle.dz\/index.php\/2023\/03\/20\/approvisionnement-du-marche-durant-le-ramadhan-lexecutif-met-le-paquet\/","title":{"rendered":"Approvisionnement du march\u00e9 durant le Ramadhan\u00a0: L&rsquo;Ex\u00e9cutif met le paquet"},"content":{"rendered":"\n<p>Les prix des produits alimentaires connaissent, comme \u00e0 chaque veille de Ramadhan, une hausse qui \u00e9rode d&rsquo;avantage le pouvoir d&rsquo;achat de nombreux Alg\u00e9riens. Des augmentations \u00ab\u00a0occasionnelles\u00a0\u00bb qui s&rsquo;ajoutent \u00e0 une tendance inflationniste qui s&rsquo;est install\u00e9e depuis un moment et qui se poursuit toujours. L&rsquo;Ex\u00e9cutif multiplie les rencontres et les mesures afin de r\u00e9guler le march\u00e9. En plus du Conseil des ministres, consacr\u00e9 hier, \u00e0 l&rsquo;approvisionnement du march\u00e9, deux ministres ont r\u00e9uni, dimanche, leurs cadres afin de prendre des mesures pour garantir la disponibilit\u00e9 des produits alimentaires et \u00e9ventuellement stabiliser les prix.<\/p>\n\n\n\n<p>Les prix de certains produits alimentaires, notamment agricoles, ont connu d&rsquo;autres hausses ces derniers jours. Comme \u00e0 la veille de chaque mois de Ramadhan, la bourse de nombreuses familles, d\u00e9j\u00e0 \u00e9rod\u00e9e par une tendance inflationniste qui s&rsquo;est install\u00e9e depuis un moment d\u00e9j\u00e0 et qui se poursuit toujours, est mise \u00e0 mal durant cette p\u00e9riode. En plus des augmentations de prix, des tensions ont r\u00e9apparu tout r\u00e9cemment sur certains produits alimentaires de premi\u00e8re n\u00e9cessit\u00e9 comme c&rsquo;est le cas avec l&rsquo;huile de table. C&rsquo;est dans ce sens que le Conseil des ministres qui s&rsquo;est tenu, hier, a \u00e9t\u00e9 consacr\u00e9, entre autres, \u00e0 \u00ab\u00a0l&rsquo;approvisionnement du march\u00e9 en produits de large consommation durant le mois de Ramadhan 2023\u00a0\u00bb. La veille, deux ministres ont r\u00e9uni leurs cadres afin de \u00ab\u00a0d\u00e9battre\u00a0\u00bb de la situation du march\u00e9 et de donner des instructions pour garantir la disponibilit\u00e9 des produits de large consommation et \u00e9ventuellement stabiliser les prix. Ainsi, le nouveau ministre du Commerce et de la Promotion des exportations, Tayeb Zitouni, a tenu dimanche une \u00ab\u00a0r\u00e9union de coordination\u00a0\u00bb pour \u00ab\u00a0d\u00e9battre des questions relatives au secteur\u00a0\u00bb, lors de laquelle, s&rsquo;agissant des pr\u00e9paratifs du mois de Ramadhan, il a insist\u00e9 sur \u00ab\u00a0l&rsquo;intensification des efforts pour l&rsquo;approvisionnement des march\u00e9s en produits de large consommation notamment l&rsquo;huile et la semoule\u00a0\u00bb, et ce \u00ab\u00a0en associant les acteurs et les partenaires, organisations et associations professionnelles\u00a0\u00bb. Deux produits, faut-il le pr\u00e9ciser, qui connaissent des tensions dans plusieurs r\u00e9gions du pays. Dans le m\u00eame ordre, le ministre a \u00e9galement \u00ab\u00a0ordonn\u00e9 le d\u00e9chargement imm\u00e9diat des stocks des fruits et l\u00e9gumes notamment l&rsquo;oignon en vue de faire baisser ses prix sur le march\u00e9 outre le contr\u00f4le de l&rsquo;approvisionnement des march\u00e9s de proximit\u00e9 dont le nombre est de 551 \u00e0 ce jour\u00a0\u00bb. L&rsquo;oignon fait partie des l\u00e9gumes dont le prix a fortement augment\u00e9 ces derniers temps. Et si le premier responsable du secteur a \u00ab\u00a0ordonn\u00e9\u00a0\u00bb le d\u00e9chargement \u00ab\u00a0imm\u00e9diat\u00a0\u00bb des \u00ab\u00a0stocks des fruits et l\u00e9gumes\u00a0\u00bb, c&rsquo;est dans l&rsquo;objectif d&rsquo;inonder le march\u00e9 afin de faire baisser les prix qui, dans l&rsquo;\u00e9tat actuel des choses, si de telles mesures ne sont pas prises, et \u00e0 deux jours du d\u00e9but de Ramadhan, risquent d&rsquo;augmenter encore. De son c\u00f4t\u00e9, le ministre de l&rsquo;Agriculture et du D\u00e9veloppement rural, Mohamed Abdelhafid Henni, a donn\u00e9, le m\u00eame jour, lors d&rsquo;une r\u00e9union avec les cadres du minist\u00e8re et les professionnels du secteur, des instructions \u00ab\u00a0\u00e0 l&rsquo;effet d&rsquo;un approvisionnement r\u00e9gulier du march\u00e9, durant le mois sacr\u00e9 de Ramadhan, en produits agricoles de large consommation\u00a0\u00bb. Ceci, d&rsquo;autant plus, a indiqu\u00e9 un communiqu\u00e9 du minist\u00e8re, que \u00ab\u00a0le dispositif mis en place \u00e0 cet effet, \u00e0 travers le syst\u00e8me de vente directe aux citoyens par les groupes publics sous tutelle, a \u00e9t\u00e9 pr\u00e9sent\u00e9\u00a0\u00bb.<\/p>\n\n\n\n<p><strong>Les groupes publics mis \u00e0 contribution<\/strong><\/p>\n\n\n\n<p>Ainsi, tous les groupes publics exer\u00e7ant dans le secteur ont \u00e9t\u00e9 mis \u00e0 contribution. A titre d&rsquo;exemple, indique-t-on encore, l&rsquo;Office national interprofessionnel des l\u00e9gumes et des viandes (ONILEV) pour les produits agricoles frais, l&rsquo;Office national des aliments de b\u00e9tail (ONAB) pour les viandes blanches et les \u0153ufs, et l&rsquo;Alg\u00e9rienne des viandes rouges (ALVIAR), vont commercialiser leurs produits \u00ab\u00a0\u00e0 des prix r\u00e9gul\u00e9s\u00a0\u00bb. \u00ab\u00a0La rencontre \u00e9tait, \u00e9galement, une occasion pour pr\u00e9senter le dispositif d\u00e9di\u00e9 \u00e0 l&rsquo;approvisionnement du march\u00e9 en viande rouge \u00e0 un prix r\u00e9gul\u00e9 de 1.200 DA et en viande blanche \u00e0 350 DA\u00a0\u00bb, a indiqu\u00e9 le communiqu\u00e9. Il est utile de rappeler, \u00e0 cet effet, que l&rsquo;ONAB avait annonc\u00e9, le 14 f\u00e9vrier dernier d\u00e9j\u00e0, que le prix du poulet, au niveau de ses points de vente, au nombre de 78 \u00e0 travers le territoire national, avait \u00e9t\u00e9 fix\u00e9 \u00e0 350 dinars le kilogramme, alors qu&rsquo;il avait atteint sur le march\u00e9 450 dinars. En pr\u00e9vision de Ramadhan, le nombre des points de vente va augmenter, notamment avec les march\u00e9s de proximit\u00e9 qui seront ouverts. Le 19 f\u00e9vrier, un responsable du minist\u00e8re de l&rsquo;Agriculture, Miloud Tria\u00e2, avait indiqu\u00e9, \u00e0 la radio, que 540 points de vente de l&rsquo;ONAB vont \u00eatre mis en place durant le mois de Ramadhan. Des mesures prises \u00e0 l&rsquo;effet d&rsquo;att\u00e9nuer les effets de l&rsquo;inflation et de faire face \u00e0 la sp\u00e9culation. Si de nombreux citoyens ont accueilli avec satisfaction les diff\u00e9rentes d\u00e9cisions relatives \u00e0 la hausse des salaires, sous diverses formes, et par cons\u00e9quent de leur pouvoir d&rsquo;achat, la hausse continuelle des prix des produits alimentaires soul\u00e8ve chez eux des inqui\u00e9tudes. C&rsquo;est donc dans le sens de limiter les effets de cette inflation galopante et de lutter contre la sp\u00e9culation que ces mesures sont prises par l&rsquo;Ex\u00e9cutif. La chose est encore plus valable durant le mois de Ramadhan, p\u00e9riode durant laquelle la consommation augmente.<\/p>\n\n\n\n<p><strong>Elyas Nour<\/strong><\/p>\n","protected":false},"excerpt":{"rendered":"<p>Les prix des produits alimentaires connaissent, comme \u00e0 chaque veille de Ramadhan, une hausse qui \u00e9rode d&rsquo;avantage le pouvoir d&rsquo;achat<\/p>\n","protected":false},"author":3,"featured_media":38186,"comment_status":"open","ping_status":"closed","sticky":false,"template":"","format":"standard","meta":{"colormag_page_container_layout":"default_layout","colormag_page_sidebar_layout":"default_layout","om_disable_all_campaigns":false,"_monsterinsights_skip_tracking":false,"_monsterinsights_sitenote_active":false,"_monsterinsights_sitenote_note":"","_monsterinsights_sitenote_category":0,"footnotes":"","_wpscppro_dont_share_socialmedia":false,"_wpscppro_custom_social_share_image":0,"_facebook_share_type":"","_twitter_share_type":"","_linkedin_share_type":"","_pinterest_share_type":"","_linkedin_share_type_page":"","_instagram_share_type":"","_medium_share_type":"","_threads_share_type":"","_google_business_share_type":"","_selected_social_profile":[],"_wpsp_enable_custom_social_template":false,"_wpsp_social_scheduling":{"enabled":false,"datetime":null,"platforms":[],"status":"template_only","dateOption":"today","timeOption":"now","customDays":"","customHours":"","customDate":"","customTime":"","schedulingType":"absolute"},"_wpsp_active_default_template":true},"categories":[52,27],"tags":[],"class_list":["post-38185","post","type-post","status-publish","format-standard","has-post-thumbnail","hentry","category-a-la-une","category-actualite"],"aioseo_notices":[],"yoast_head":"<!-- This site is optimized with the Yoast SEO plugin v27.5 - https:\/\/yoast.com\/product\/yoast-seo-wordpress\/ -->\n<title>Approvisionnement du march\u00e9 durant le Ramadhan\u00a0: L&rsquo;Ex\u00e9cutif met le paquet - La Sentinelle<\/title>\n<meta name=\"robots\" content=\"index, follow, max-snippet:-1, max-image-preview:large, max-video-preview:-1\" \/>\n<link rel=\"canonical\" href=\"https:\/\/lasentinelle.dz\/index.php\/2023\/03\/20\/approvisionnement-du-marche-durant-le-ramadhan-lexecutif-met-le-paquet\/\" \/>\n<meta property=\"og:locale\" content=\"fr_FR\" \/>\n<meta property=\"og:type\" content=\"article\" \/>\n<meta property=\"og:title\" content=\"Approvisionnement du march\u00e9 durant le Ramadhan\u00a0: L&rsquo;Ex\u00e9cutif met le paquet - La Sentinelle\" \/>\n<meta property=\"og:description\" content=\"Les prix des produits alimentaires connaissent, comme \u00e0 chaque veille de Ramadhan, une hausse qui \u00e9rode d&rsquo;avantage le pouvoir d&rsquo;achat\" \/>\n<meta property=\"og:url\" content=\"https:\/\/lasentinelle.dz\/index.php\/2023\/03\/20\/approvisionnement-du-marche-durant-le-ramadhan-lexecutif-met-le-paquet\/\" \/>\n<meta property=\"og:site_name\" content=\"La Sentinelle\" \/>\n<meta property=\"article:publisher\" content=\"https:\/\/www.facebook.com\/La-Sentinelle-104059864394773\" \/>\n<meta property=\"article:published_time\" content=\"2023-03-20T21:10:00+00:00\" \/>\n<meta property=\"og:image\" content=\"https:\/\/lasentinelle.dz\/wp-content\/uploads\/2023\/03\/marche.png\" \/>\n\t<meta property=\"og:image:width\" content=\"1555\" \/>\n\t<meta property=\"og:image:height\" content=\"900\" \/>\n\t<meta property=\"og:image:type\" content=\"image\/png\" \/>\n<meta name=\"author\" content=\"La Sentinelle\" \/>\n<meta name=\"twitter:card\" content=\"summary_large_image\" \/>\n<meta name=\"twitter:label1\" content=\"\u00c9crit par\" \/>\n\t<meta name=\"twitter:data1\" content=\"La Sentinelle\" \/>\n\t<meta name=\"twitter:label2\" content=\"Dur\u00e9e de lecture estim\u00e9e\" \/>\n\t<meta name=\"twitter:data2\" content=\"5 minutes\" \/>\n<script type=\"application\/ld+json\" class=\"yoast-schema-graph\">{\"@context\":\"https:\\\/\\\/schema.org\",\"@graph\":[{\"@type\":\"Article\",\"@id\":\"https:\\\/\\\/lasentinelle.dz\\\/index.php\\\/2023\\\/03\\\/20\\\/approvisionnement-du-marche-durant-le-ramadhan-lexecutif-met-le-paquet\\\/#article\",\"isPartOf\":{\"@id\":\"https:\\\/\\\/lasentinelle.dz\\\/index.php\\\/2023\\\/03\\\/20\\\/approvisionnement-du-marche-durant-le-ramadhan-lexecutif-met-le-paquet\\\/\"},\"author\":{\"name\":\"La Sentinelle\",\"@id\":\"https:\\\/\\\/lasentinelle.dz\\\/#\\\/schema\\\/person\\\/d865044e22e70a75174ce8bcad3acfb3\"},\"headline\":\"Approvisionnement du march\u00e9 durant le Ramadhan\u00a0: L&rsquo;Ex\u00e9cutif met le paquet\",\"datePublished\":\"2023-03-20T21:10:00+00:00\",\"mainEntityOfPage\":{\"@id\":\"https:\\\/\\\/lasentinelle.dz\\\/index.php\\\/2023\\\/03\\\/20\\\/approvisionnement-du-marche-durant-le-ramadhan-lexecutif-met-le-paquet\\\/\"},\"wordCount\":937,\"commentCount\":0,\"publisher\":{\"@id\":\"https:\\\/\\\/lasentinelle.dz\\\/#organization\"},\"image\":{\"@id\":\"https:\\\/\\\/lasentinelle.dz\\\/index.php\\\/2023\\\/03\\\/20\\\/approvisionnement-du-marche-durant-le-ramadhan-lexecutif-met-le-paquet\\\/#primaryimage\"},\"thumbnailUrl\":\"https:\\\/\\\/lasentinelle.dz\\\/wp-content\\\/uploads\\\/2023\\\/03\\\/marche.png\",\"articleSection\":[\"\u00c0 la Une\",\"Actualit\u00e9\"],\"inLanguage\":\"fr-FR\",\"potentialAction\":[{\"@type\":\"CommentAction\",\"name\":\"Comment\",\"target\":[\"https:\\\/\\\/lasentinelle.dz\\\/index.php\\\/2023\\\/03\\\/20\\\/approvisionnement-du-marche-durant-le-ramadhan-lexecutif-met-le-paquet\\\/#respond\"]}]},{\"@type\":\"WebPage\",\"@id\":\"https:\\\/\\\/lasentinelle.dz\\\/index.php\\\/2023\\\/03\\\/20\\\/approvisionnement-du-marche-durant-le-ramadhan-lexecutif-met-le-paquet\\\/\",\"url\":\"https:\\\/\\\/lasentinelle.dz\\\/index.php\\\/2023\\\/03\\\/20\\\/approvisionnement-du-marche-durant-le-ramadhan-lexecutif-met-le-paquet\\\/\",\"name\":\"Approvisionnement du march\u00e9 durant le Ramadhan\u00a0: L&rsquo;Ex\u00e9cutif met le paquet - La Sentinelle\",\"isPartOf\":{\"@id\":\"https:\\\/\\\/lasentinelle.dz\\\/#website\"},\"primaryImageOfPage\":{\"@id\":\"https:\\\/\\\/lasentinelle.dz\\\/index.php\\\/2023\\\/03\\\/20\\\/approvisionnement-du-marche-durant-le-ramadhan-lexecutif-met-le-paquet\\\/#primaryimage\"},\"image\":{\"@id\":\"https:\\\/\\\/lasentinelle.dz\\\/index.php\\\/2023\\\/03\\\/20\\\/approvisionnement-du-marche-durant-le-ramadhan-lexecutif-met-le-paquet\\\/#primaryimage\"},\"thumbnailUrl\":\"https:\\\/\\\/lasentinelle.dz\\\/wp-content\\\/uploads\\\/2023\\\/03\\\/marche.png\",\"datePublished\":\"2023-03-20T21:10:00+00:00\",\"breadcrumb\":{\"@id\":\"https:\\\/\\\/lasentinelle.dz\\\/index.php\\\/2023\\\/03\\\/20\\\/approvisionnement-du-marche-durant-le-ramadhan-lexecutif-met-le-paquet\\\/#breadcrumb\"},\"inLanguage\":\"fr-FR\",\"potentialAction\":[{\"@type\":\"ReadAction\",\"target\":[\"https:\\\/\\\/lasentinelle.dz\\\/index.php\\\/2023\\\/03\\\/20\\\/approvisionnement-du-marche-durant-le-ramadhan-lexecutif-met-le-paquet\\\/\"]}]},{\"@type\":\"ImageObject\",\"inLanguage\":\"fr-FR\",\"@id\":\"https:\\\/\\\/lasentinelle.dz\\\/index.php\\\/2023\\\/03\\\/20\\\/approvisionnement-du-marche-durant-le-ramadhan-lexecutif-met-le-paquet\\\/#primaryimage\",\"url\":\"https:\\\/\\\/lasentinelle.dz\\\/wp-content\\\/uploads\\\/2023\\\/03\\\/marche.png\",\"contentUrl\":\"https:\\\/\\\/lasentinelle.dz\\\/wp-content\\\/uploads\\\/2023\\\/03\\\/marche.png\",\"width\":1555,\"height\":900},{\"@type\":\"BreadcrumbList\",\"@id\":\"https:\\\/\\\/lasentinelle.dz\\\/index.php\\\/2023\\\/03\\\/20\\\/approvisionnement-du-marche-durant-le-ramadhan-lexecutif-met-le-paquet\\\/#breadcrumb\",\"itemListElement\":[{\"@type\":\"ListItem\",\"position\":1,\"name\":\"Accueil\",\"item\":\"https:\\\/\\\/lasentinelle.dz\\\/\"},{\"@type\":\"ListItem\",\"position\":2,\"name\":\"Approvisionnement du march\u00e9 durant le Ramadhan\u00a0: L&rsquo;Ex\u00e9cutif met le paquet\"}]},{\"@type\":\"WebSite\",\"@id\":\"https:\\\/\\\/lasentinelle.dz\\\/#website\",\"url\":\"https:\\\/\\\/lasentinelle.dz\\\/\",\"name\":\"La Sentinelle\",\"description\":\"Quotidien national d&#039;information\",\"publisher\":{\"@id\":\"https:\\\/\\\/lasentinelle.dz\\\/#organization\"},\"potentialAction\":[{\"@type\":\"SearchAction\",\"target\":{\"@type\":\"EntryPoint\",\"urlTemplate\":\"https:\\\/\\\/lasentinelle.dz\\\/?s={search_term_string}\"},\"query-input\":{\"@type\":\"PropertyValueSpecification\",\"valueRequired\":true,\"valueName\":\"search_term_string\"}}],\"inLanguage\":\"fr-FR\"},{\"@type\":\"Organization\",\"@id\":\"https:\\\/\\\/lasentinelle.dz\\\/#organization\",\"name\":\"Quotidien La Sentinelle\",\"url\":\"https:\\\/\\\/lasentinelle.dz\\\/\",\"logo\":{\"@type\":\"ImageObject\",\"inLanguage\":\"fr-FR\",\"@id\":\"https:\\\/\\\/lasentinelle.dz\\\/#\\\/schema\\\/logo\\\/image\\\/\",\"url\":\"https:\\\/\\\/lasentinelle.dz\\\/wp-content\\\/uploads\\\/2021\\\/09\\\/logo-sentinelleSLOGAN-1.png\",\"contentUrl\":\"https:\\\/\\\/lasentinelle.dz\\\/wp-content\\\/uploads\\\/2021\\\/09\\\/logo-sentinelleSLOGAN-1.png\",\"width\":615,\"height\":142,\"caption\":\"Quotidien La Sentinelle\"},\"image\":{\"@id\":\"https:\\\/\\\/lasentinelle.dz\\\/#\\\/schema\\\/logo\\\/image\\\/\"},\"sameAs\":[\"https:\\\/\\\/www.facebook.com\\\/La-Sentinelle-104059864394773\"]},{\"@type\":\"Person\",\"@id\":\"https:\\\/\\\/lasentinelle.dz\\\/#\\\/schema\\\/person\\\/d865044e22e70a75174ce8bcad3acfb3\",\"name\":\"La Sentinelle\",\"image\":{\"@type\":\"ImageObject\",\"inLanguage\":\"fr-FR\",\"@id\":\"https:\\\/\\\/secure.gravatar.com\\\/avatar\\\/57de8e5d4b15d43fb361a71fbb36338450fe67865b528a43dd10ef7c51a20392?s=96&d=mm&r=g\",\"url\":\"https:\\\/\\\/secure.gravatar.com\\\/avatar\\\/57de8e5d4b15d43fb361a71fbb36338450fe67865b528a43dd10ef7c51a20392?s=96&d=mm&r=g\",\"contentUrl\":\"https:\\\/\\\/secure.gravatar.com\\\/avatar\\\/57de8e5d4b15d43fb361a71fbb36338450fe67865b528a43dd10ef7c51a20392?s=96&d=mm&r=g\",\"caption\":\"La Sentinelle\"},\"sameAs\":[\"http:\\\/\\\/www.lasentinelle.dz\"],\"url\":\"https:\\\/\\\/lasentinelle.dz\\\/author\\\/redaction\\\/\"}]}<\/script>\n<!-- \/ Yoast SEO plugin. -->","yoast_head_json":{"title":"Approvisionnement du march\u00e9 durant le Ramadhan\u00a0: L&rsquo;Ex\u00e9cutif met le paquet - La Sentinelle","robots":{"index":"index","follow":"follow","max-snippet":"max-snippet:-1","max-image-preview":"max-image-preview:large","max-video-preview":"max-video-preview:-1"},"canonical":"https:\/\/lasentinelle.dz\/index.php\/2023\/03\/20\/approvisionnement-du-marche-durant-le-ramadhan-lexecutif-met-le-paquet\/","og_locale":"fr_FR","og_type":"article","og_title":"Approvisionnement du march\u00e9 durant le Ramadhan\u00a0: L&rsquo;Ex\u00e9cutif met le paquet - La Sentinelle","og_description":"Les prix des produits alimentaires connaissent, comme \u00e0 chaque veille de Ramadhan, une hausse qui \u00e9rode d&rsquo;avantage le pouvoir d&rsquo;achat","og_url":"https:\/\/lasentinelle.dz\/index.php\/2023\/03\/20\/approvisionnement-du-marche-durant-le-ramadhan-lexecutif-met-le-paquet\/","og_site_name":"La Sentinelle","article_publisher":"https:\/\/www.facebook.com\/La-Sentinelle-104059864394773","article_published_time":"2023-03-20T21:10:00+00:00","og_image":[{"width":1555,"height":900,"url":"https:\/\/lasentinelle.dz\/wp-content\/uploads\/2023\/03\/marche.png","type":"image\/png"}],"author":"La Sentinelle","twitter_card":"summary_large_image","twitter_misc":{"\u00c9crit par":"La Sentinelle","Dur\u00e9e de lecture estim\u00e9e":"5 minutes"},"schema":{"@context":"https:\/\/schema.org","@graph":[{"@type":"Article","@id":"https:\/\/lasentinelle.dz\/index.php\/2023\/03\/20\/approvisionnement-du-marche-durant-le-ramadhan-lexecutif-met-le-paquet\/#article","isPartOf":{"@id":"https:\/\/lasentinelle.dz\/index.php\/2023\/03\/20\/approvisionnement-du-marche-durant-le-ramadhan-lexecutif-met-le-paquet\/"},"author":{"name":"La Sentinelle","@id":"https:\/\/lasentinelle.dz\/#\/schema\/person\/d865044e22e70a75174ce8bcad3acfb3"},"headline":"Approvisionnement du march\u00e9 durant le Ramadhan\u00a0: L&rsquo;Ex\u00e9cutif met le paquet","datePublished":"2023-03-20T21:10:00+00:00","mainEntityOfPage":{"@id":"https:\/\/lasentinelle.dz\/index.php\/2023\/03\/20\/approvisionnement-du-marche-durant-le-ramadhan-lexecutif-met-le-paquet\/"},"wordCount":937,"commentCount":0,"publisher":{"@id":"https:\/\/lasentinelle.dz\/#organization"},"image":{"@id":"https:\/\/lasentinelle.dz\/index.php\/2023\/03\/20\/approvisionnement-du-marche-durant-le-ramadhan-lexecutif-met-le-paquet\/#primaryimage"},"thumbnailUrl":"https:\/\/lasentinelle.dz\/wp-content\/uploads\/2023\/03\/marche.png","articleSection":["\u00c0 la Une","Actualit\u00e9"],"inLanguage":"fr-FR","potentialAction":[{"@type":"CommentAction","name":"Comment","target":["https:\/\/lasentinelle.dz\/index.php\/2023\/03\/20\/approvisionnement-du-marche-durant-le-ramadhan-lexecutif-met-le-paquet\/#respond"]}]},{"@type":"WebPage","@id":"https:\/\/lasentinelle.dz\/index.php\/2023\/03\/20\/approvisionnement-du-marche-durant-le-ramadhan-lexecutif-met-le-paquet\/","url":"https:\/\/lasentinelle.dz\/index.php\/2023\/03\/20\/approvisionnement-du-marche-durant-le-ramadhan-lexecutif-met-le-paquet\/","name":"Approvisionnement du march\u00e9 durant le Ramadhan\u00a0: L&rsquo;Ex\u00e9cutif met le paquet - La Sentinelle","isPartOf":{"@id":"https:\/\/lasentinelle.dz\/#website"},"primaryImageOfPage":{"@id":"https:\/\/lasentinelle.dz\/index.php\/2023\/03\/20\/approvisionnement-du-marche-durant-le-ramadhan-lexecutif-met-le-paquet\/#primaryimage"},"image":{"@id":"https:\/\/lasentinelle.dz\/index.php\/2023\/03\/20\/approvisionnement-du-marche-durant-le-ramadhan-lexecutif-met-le-paquet\/#primaryimage"},"thumbnailUrl":"https:\/\/lasentinelle.dz\/wp-content\/uploads\/2023\/03\/marche.png","datePublished":"2023-03-20T21:10:00+00:00","breadcrumb":{"@id":"https:\/\/lasentinelle.dz\/index.php\/2023\/03\/20\/approvisionnement-du-marche-durant-le-ramadhan-lexecutif-met-le-paquet\/#breadcrumb"},"inLanguage":"fr-FR","potentialAction":[{"@type":"ReadAction","target":["https:\/\/lasentinelle.dz\/index.php\/2023\/03\/20\/approvisionnement-du-marche-durant-le-ramadhan-lexecutif-met-le-paquet\/"]}]},{"@type":"ImageObject","inLanguage":"fr-FR","@id":"https:\/\/lasentinelle.dz\/index.php\/2023\/03\/20\/approvisionnement-du-marche-durant-le-ramadhan-lexecutif-met-le-paquet\/#primaryimage","url":"https:\/\/lasentinelle.dz\/wp-content\/uploads\/2023\/03\/marche.png","contentUrl":"https:\/\/lasentinelle.dz\/wp-content\/uploads\/2023\/03\/marche.png","width":1555,"height":900},{"@type":"BreadcrumbList","@id":"https:\/\/lasentinelle.dz\/index.php\/2023\/03\/20\/approvisionnement-du-marche-durant-le-ramadhan-lexecutif-met-le-paquet\/#breadcrumb","itemListElement":[{"@type":"ListItem","position":1,"name":"Accueil","item":"https:\/\/lasentinelle.dz\/"},{"@type":"ListItem","position":2,"name":"Approvisionnement du march\u00e9 durant le Ramadhan\u00a0: L&rsquo;Ex\u00e9cutif met le paquet"}]},{"@type":"WebSite","@id":"https:\/\/lasentinelle.dz\/#website","url":"https:\/\/lasentinelle.dz\/","name":"La Sentinelle","description":"Quotidien national d&#039;information","publisher":{"@id":"https:\/\/lasentinelle.dz\/#organization"},"potentialAction":[{"@type":"SearchAction","target":{"@type":"EntryPoint","urlTemplate":"https:\/\/lasentinelle.dz\/?s={search_term_string}"},"query-input":{"@type":"PropertyValueSpecification","valueRequired":true,"valueName":"search_term_string"}}],"inLanguage":"fr-FR"},{"@type":"Organization","@id":"https:\/\/lasentinelle.dz\/#organization","name":"Quotidien La Sentinelle","url":"https:\/\/lasentinelle.dz\/","logo":{"@type":"ImageObject","inLanguage":"fr-FR","@id":"https:\/\/lasentinelle.dz\/#\/schema\/logo\/image\/","url":"https:\/\/lasentinelle.dz\/wp-content\/uploads\/2021\/09\/logo-sentinelleSLOGAN-1.png","contentUrl":"https:\/\/lasentinelle.dz\/wp-content\/uploads\/2021\/09\/logo-sentinelleSLOGAN-1.png","width":615,"height":142,"caption":"Quotidien La Sentinelle"},"image":{"@id":"https:\/\/lasentinelle.dz\/#\/schema\/logo\/image\/"},"sameAs":["https:\/\/www.facebook.com\/La-Sentinelle-104059864394773"]},{"@type":"Person","@id":"https:\/\/lasentinelle.dz\/#\/schema\/person\/d865044e22e70a75174ce8bcad3acfb3","name":"La Sentinelle","image":{"@type":"ImageObject","inLanguage":"fr-FR","@id":"https:\/\/secure.gravatar.com\/avatar\/57de8e5d4b15d43fb361a71fbb36338450fe67865b528a43dd10ef7c51a20392?s=96&d=mm&r=g","url":"https:\/\/secure.gravatar.com\/avatar\/57de8e5d4b15d43fb361a71fbb36338450fe67865b528a43dd10ef7c51a20392?s=96&d=mm&r=g","contentUrl":"https:\/\/secure.gravatar.com\/avatar\/57de8e5d4b15d43fb361a71fbb36338450fe67865b528a43dd10ef7c51a20392?s=96&d=mm&r=g","caption":"La Sentinelle"},"sameAs":["http:\/\/www.lasentinelle.dz"],"url":"https:\/\/lasentinelle.dz\/author\/redaction\/"}]}},"_links":{"self":[{"href":"https:\/\/lasentinelle.dz\/index.php\/wp-json\/wp\/v2\/posts\/38185","targetHints":{"allow":["GET"]}}],"collection":[{"href":"https:\/\/lasentinelle.dz\/index.php\/wp-json\/wp\/v2\/posts"}],"about":[{"href":"https:\/\/lasentinelle.dz\/index.php\/wp-json\/wp\/v2\/types\/post"}],"author":[{"embeddable":true,"href":"https:\/\/lasentinelle.dz\/index.php\/wp-json\/wp\/v2\/users\/3"}],"replies":[{"embeddable":true,"href":"https:\/\/lasentinelle.dz\/index.php\/wp-json\/wp\/v2\/comments?post=38185"}],"version-history":[{"count":1,"href":"https:\/\/lasentinelle.dz\/index.php\/wp-json\/wp\/v2\/posts\/38185\/revisions"}],"predecessor-version":[{"id":38187,"href":"https:\/\/lasentinelle.dz\/index.php\/wp-json\/wp\/v2\/posts\/38185\/revisions\/38187"}],"wp:featuredmedia":[{"embeddable":true,"href":"https:\/\/lasentinelle.dz\/index.php\/wp-json\/wp\/v2\/media\/38186"}],"wp:attachment":[{"href":"https:\/\/lasentinelle.dz\/index.php\/wp-json\/wp\/v2\/media?parent=38185"}],"wp:term":[{"taxonomy":"category","embeddable":true,"href":"https:\/\/lasentinelle.dz\/index.php\/wp-json\/wp\/v2\/categories?post=38185"},{"taxonomy":"post_tag","embeddable":true,"href":"https:\/\/lasentinelle.dz\/index.php\/wp-json\/wp\/v2\/tags?post=38185"}],"curies":[{"name":"wp","href":"https:\/\/api.w.org\/{rel}","templated":true}]}}