{"id":38215,"date":"2023-03-21T22:08:00","date_gmt":"2023-03-21T21:08:00","guid":{"rendered":"https:\/\/lasentinelle.dz\/?p=38215"},"modified":"2023-03-21T19:57:05","modified_gmt":"2023-03-21T18:57:05","slug":"la-reforme-des-retraites-provoque-un-tolle-general-climat-insurrectionnel-en-france","status":"publish","type":"post","link":"https:\/\/lasentinelle.dz\/index.php\/2023\/03\/21\/la-reforme-des-retraites-provoque-un-tolle-general-climat-insurrectionnel-en-france\/","title":{"rendered":"La r\u00e9forme des retraites provoque un toll\u00e9\u00a0 g\u00e9n\u00e9ral\u00a0: Climat insurrectionnel en France"},"content":{"rendered":"\n<p>L&rsquo;Assembl\u00e9e nationale fran\u00e7aise a rejet\u00e9, lundi soir, la seconde motion de censure, d\u00e9pos\u00e9e par les d\u00e9put\u00e9s RN (Rassemblement national), suite au recours du gouvernement \u00e0 l\u2019article 49.3 pour faire valider, sans vote, son projet de r\u00e9forme des retraites, ce qui entra\u00eene l&rsquo;adoption par le Parlement de cette r\u00e9forme.<\/p>\n\n\n\n<p>Apr\u00e8s le rejet \u00e0 seulement neuf voix de la premi\u00e8re motion dite \u00ab transpartisane \u00bb, celle de l&rsquo;extr\u00eame droite (RN) n&rsquo;a recueilli que 94 voix sur les 287 n\u00e9cessaires pour que le gouvernement d&rsquo;Elisabeth Borne soit renvers\u00e9. Juste apr\u00e8s le rejet de la premi\u00e8re motion de censure, les d\u00e9put\u00e9s de gauche ont brandi des pancartes sur lesquelles il est \u00e9crit \u00ab on continue \u00bb, \u00ab rdv dans la rue \u00bb ou encore \u00ab\u00a064 ans c&rsquo;est non\u00a0\u00bb. Dans un communiqu\u00e9, les d\u00e9put\u00e9s du groupe Libert\u00e9s, Ind\u00e9pendants, Outre-mer et Territoires (Liot), \u00e0 l&rsquo;origine de la premi\u00e8re motion de censure, ont \u00ab regrett\u00e9 \u00bb le \u00ab rejet de justesse \u00bb de leur motion. \u00ab Malgr\u00e9 le vote d&rsquo;aujourd&rsquo;hui, le gouvernement a perdu la bataille des retraites \u00bb, ajoutent-ils, appelant \u00e0 \u00ab ne pas promulguer cette loi \u00bb ou \u00e0 \u00ab permettre aux Fran\u00e7ais de voter en soumettant cette r\u00e9forme \u00e0 r\u00e9f\u00e9rendum \u00bb.<\/p>\n\n\n\n<p>Les oppositions ont annonc\u00e9 d\u00e9j\u00e0 des saisines du Conseil constitutionnel, qui devra se prononcer avant une promulgation du projet de r\u00e9forme tr\u00e8s contest\u00e9, qui pr\u00e9voit notamment le report de l&rsquo;\u00e2ge l\u00e9gal de d\u00e9part \u00e0 la retraite \u00e0 64 ans. Apr\u00e8s l\u2019adoption de la loi par le Parlement, le pr\u00e9sident de la R\u00e9publique dispose de quinze jours pour promulguer la loi. Toutefois, si au moins soixante parlementaires saisissent le Conseil constitutionnel, ce d\u00e9lai est suspendu. Les opposants au projet de loi pr\u00e9voient \u00e9galement de sortir \u00e0 nouveau dans la rue pour protester.&nbsp; Des voix appellent m\u00eame \u00e0 la d\u00e9sob\u00e9issance civile. Samedi, ils avaient exprim\u00e9 leur col\u00e8re avec de nouveaux rassemblements et des blocages grandissants dans les raffineries. La crainte d&rsquo;une radicalisation de la contestation a conduit les autorit\u00e9s \u00e0 interdire tout rassemblement sur la place parisienne de la Concorde, proche de l&rsquo;Assembl\u00e9e nationale et du palais pr\u00e9sidentiel de l&rsquo;Elys\u00e9e, o\u00f9 des heurts ont \u00e9clat\u00e9 jeudi et vendredi en soir\u00e9e.&nbsp; Les manifestants parisiens, quelque 4.000 selon une source polici\u00e8re, se sont repli\u00e9s sur la place d&rsquo;Italie, dans le sud-est de la capitale, o\u00f9 ils ont clam\u00e9 leur refus du passage de 62 \u00e0 64 ans de l&rsquo;\u00e2ge de d\u00e9part \u00e0 la retraite, pierre angulaire de la r\u00e9forme tr\u00e8s impopulaire,&nbsp;&nbsp; voulue par Emmanuel Macron. &nbsp;Depuis la d\u00e9cision jeudi du gouvernement de faire adopter la r\u00e9forme sans vote \u00e0 l&rsquo;Assembl\u00e9e nationale, la mobilisation s&rsquo;est durcie, port\u00e9e par de jeunes militants peu nombreux mais lass\u00e9s des manifestations massives qui se succ\u00e8dent depuis mi-janvier.&nbsp; Des rassemblements se sont tenus un peu partout dans le pays, \u00e0 Brest (ouest), Toulon ou Montpellier (sud-est), avant une nouvelle journ\u00e9e d&rsquo;action nationale pr\u00e9vue pour ce jeudi.&nbsp; Selon un sondage publi\u00e9 par le Journal du Dimanche, la popularit\u00e9&nbsp;&nbsp; d&rsquo;Emmanuel Macron s&rsquo;est \u00e9croul\u00e9e en mars, \u00e0 28%, au plus bas depuis le&nbsp;&nbsp; sortir de la crise des \u00ab\u00a0gilets jaunes\u00a0\u00bb en 2019.&nbsp; Syndicat class\u00e9 \u00e0 gauche, la CGT a marqu\u00e9 les esprits en annon\u00e7ant samedi que la plus grande raffinerie du pays, situ\u00e9e en Normandie (nord-ouest) et&nbsp;&nbsp; exploit\u00e9e par TotalEnergies, avait commenc\u00e9 \u00e0 \u00eatre mise \u00e0 l&rsquo;arr\u00eat.&nbsp; Un cap a ainsi \u00e9t\u00e9 franchi. Depuis le d\u00e9but du mouvement, les exp\u00e9ditions de carburant ont \u00e9t\u00e9 bloqu\u00e9es mais aucune des sept raffineries fran\u00e7aises n&rsquo;avait \u00e9t\u00e9 totalement mise \u00e0 l&rsquo;arr\u00eat.&nbsp;&nbsp;<\/p>\n\n\n\n<p>Le ministre fran\u00e7ais de l&rsquo;Industrie Roland Lescure a laiss\u00e9 entendre que le gouvernement pourrait r\u00e9pliquer en proc\u00e9dant \u00e0 des r\u00e9quisitions d&rsquo;agents.&nbsp; D&rsquo;autres secteurs cl\u00e9s de l&rsquo;\u00e9conomie restent par ailleurs perturb\u00e9s par la mobilisation, notamment dans les transports et la collecte de d\u00e9chets&nbsp;&nbsp; m\u00e9nagers.&nbsp; A Paris, environ 10.000 tonnes de d\u00e9chets sont toujours en attente de collecte sur les trottoirs de la capitale et du personnel va \u00eatre r\u00e9quisitionn\u00e9 par le gouvernement pour commencer \u00e0 collecter des d\u00e9chets, qui d\u00e9bordent dans plusieurs quartiers. Le gouvernement a choisi de relever l&rsquo;\u00e2ge de d\u00e9part \u00e0 la retraite pour r\u00e9pondre \u00e0 une d\u00e9gradation financi\u00e8re des caisses de retraite et au&nbsp;&nbsp; vieillissement de la population.&nbsp; La France est l&rsquo;un des pays europ\u00e9ens o\u00f9 l&rsquo;\u00e2ge l\u00e9gal de d\u00e9part est le plus bas, m\u00eame si les syst\u00e8mes ne sont pas compl\u00e8tement comparables.<\/p>\n\n\n\n<p><strong>Khider L.<\/strong><\/p>\n","protected":false},"excerpt":{"rendered":"<p>L&rsquo;Assembl\u00e9e nationale fran\u00e7aise a rejet\u00e9, lundi soir, la seconde motion de censure, d\u00e9pos\u00e9e par les d\u00e9put\u00e9s RN (Rassemblement national), suite<\/p>\n","protected":false},"author":3,"featured_media":38222,"comment_status":"open","ping_status":"closed","sticky":false,"template":"","format":"standard","meta":{"colormag_page_container_layout":"default_layout","colormag_page_sidebar_layout":"default_layout","om_disable_all_campaigns":false,"_monsterinsights_skip_tracking":false,"_monsterinsights_sitenote_active":false,"_monsterinsights_sitenote_note":"","_monsterinsights_sitenote_category":0,"footnotes":"","_wpscppro_dont_share_socialmedia":false,"_wpscppro_custom_social_share_image":0,"_facebook_share_type":"","_twitter_share_type":"","_linkedin_share_type":"","_pinterest_share_type":"","_linkedin_share_type_page":"","_instagram_share_type":"","_medium_share_type":"","_threads_share_type":"","_google_business_share_type":"","_selected_social_profile":[],"_wpsp_enable_custom_social_template":false,"_wpsp_social_scheduling":{"enabled":false,"datetime":null,"platforms":[],"status":"template_only","dateOption":"today","timeOption":"now","customDays":"","customHours":"","customDate":"","customTime":"","schedulingType":"absolute"},"_wpsp_active_default_template":true},"categories":[52,37],"tags":[],"class_list":["post-38215","post","type-post","status-publish","format-standard","has-post-thumbnail","hentry","category-a-la-une","category-monde"],"aioseo_notices":[],"yoast_head":"<!-- This site is optimized with the Yoast SEO plugin v27.5 - https:\/\/yoast.com\/product\/yoast-seo-wordpress\/ -->\n<title>La r\u00e9forme des retraites provoque un toll\u00e9\u00a0 g\u00e9n\u00e9ral\u00a0: Climat insurrectionnel en France - La Sentinelle<\/title>\n<meta name=\"robots\" content=\"index, follow, max-snippet:-1, max-image-preview:large, max-video-preview:-1\" \/>\n<link rel=\"canonical\" href=\"https:\/\/lasentinelle.dz\/index.php\/2023\/03\/21\/la-reforme-des-retraites-provoque-un-tolle-general-climat-insurrectionnel-en-france\/\" \/>\n<meta property=\"og:locale\" content=\"fr_FR\" \/>\n<meta property=\"og:type\" content=\"article\" \/>\n<meta property=\"og:title\" content=\"La r\u00e9forme des retraites provoque un toll\u00e9\u00a0 g\u00e9n\u00e9ral\u00a0: Climat insurrectionnel en France - La Sentinelle\" \/>\n<meta property=\"og:description\" content=\"L&rsquo;Assembl\u00e9e nationale fran\u00e7aise a rejet\u00e9, lundi soir, la seconde motion de censure, d\u00e9pos\u00e9e par les d\u00e9put\u00e9s RN (Rassemblement national), suite\" \/>\n<meta property=\"og:url\" content=\"https:\/\/lasentinelle.dz\/index.php\/2023\/03\/21\/la-reforme-des-retraites-provoque-un-tolle-general-climat-insurrectionnel-en-france\/\" \/>\n<meta property=\"og:site_name\" content=\"La Sentinelle\" \/>\n<meta property=\"article:publisher\" content=\"https:\/\/www.facebook.com\/La-Sentinelle-104059864394773\" \/>\n<meta property=\"article:published_time\" content=\"2023-03-21T21:08:00+00:00\" \/>\n<meta property=\"og:image\" content=\"https:\/\/lasentinelle.dz\/wp-content\/uploads\/2023\/03\/manif-france.png\" \/>\n\t<meta property=\"og:image:width\" content=\"1406\" \/>\n\t<meta property=\"og:image:height\" content=\"900\" \/>\n\t<meta property=\"og:image:type\" content=\"image\/png\" \/>\n<meta name=\"author\" content=\"La Sentinelle\" \/>\n<meta name=\"twitter:card\" content=\"summary_large_image\" \/>\n<meta name=\"twitter:label1\" content=\"\u00c9crit par\" \/>\n\t<meta name=\"twitter:data1\" content=\"La Sentinelle\" \/>\n\t<meta name=\"twitter:label2\" content=\"Dur\u00e9e de lecture estim\u00e9e\" \/>\n\t<meta name=\"twitter:data2\" content=\"4 minutes\" \/>\n<script type=\"application\/ld+json\" class=\"yoast-schema-graph\">{\"@context\":\"https:\\\/\\\/schema.org\",\"@graph\":[{\"@type\":\"Article\",\"@id\":\"https:\\\/\\\/lasentinelle.dz\\\/index.php\\\/2023\\\/03\\\/21\\\/la-reforme-des-retraites-provoque-un-tolle-general-climat-insurrectionnel-en-france\\\/#article\",\"isPartOf\":{\"@id\":\"https:\\\/\\\/lasentinelle.dz\\\/index.php\\\/2023\\\/03\\\/21\\\/la-reforme-des-retraites-provoque-un-tolle-general-climat-insurrectionnel-en-france\\\/\"},\"author\":{\"name\":\"La Sentinelle\",\"@id\":\"https:\\\/\\\/lasentinelle.dz\\\/#\\\/schema\\\/person\\\/d865044e22e70a75174ce8bcad3acfb3\"},\"headline\":\"La r\u00e9forme des retraites provoque un toll\u00e9\u00a0 g\u00e9n\u00e9ral\u00a0: Climat insurrectionnel en France\",\"datePublished\":\"2023-03-21T21:08:00+00:00\",\"mainEntityOfPage\":{\"@id\":\"https:\\\/\\\/lasentinelle.dz\\\/index.php\\\/2023\\\/03\\\/21\\\/la-reforme-des-retraites-provoque-un-tolle-general-climat-insurrectionnel-en-france\\\/\"},\"wordCount\":819,\"commentCount\":0,\"publisher\":{\"@id\":\"https:\\\/\\\/lasentinelle.dz\\\/#organization\"},\"image\":{\"@id\":\"https:\\\/\\\/lasentinelle.dz\\\/index.php\\\/2023\\\/03\\\/21\\\/la-reforme-des-retraites-provoque-un-tolle-general-climat-insurrectionnel-en-france\\\/#primaryimage\"},\"thumbnailUrl\":\"https:\\\/\\\/lasentinelle.dz\\\/wp-content\\\/uploads\\\/2023\\\/03\\\/manif-france.png\",\"articleSection\":[\"\u00c0 la Une\",\"Monde\"],\"inLanguage\":\"fr-FR\",\"potentialAction\":[{\"@type\":\"CommentAction\",\"name\":\"Comment\",\"target\":[\"https:\\\/\\\/lasentinelle.dz\\\/index.php\\\/2023\\\/03\\\/21\\\/la-reforme-des-retraites-provoque-un-tolle-general-climat-insurrectionnel-en-france\\\/#respond\"]}]},{\"@type\":\"WebPage\",\"@id\":\"https:\\\/\\\/lasentinelle.dz\\\/index.php\\\/2023\\\/03\\\/21\\\/la-reforme-des-retraites-provoque-un-tolle-general-climat-insurrectionnel-en-france\\\/\",\"url\":\"https:\\\/\\\/lasentinelle.dz\\\/index.php\\\/2023\\\/03\\\/21\\\/la-reforme-des-retraites-provoque-un-tolle-general-climat-insurrectionnel-en-france\\\/\",\"name\":\"La r\u00e9forme des retraites provoque un toll\u00e9\u00a0 g\u00e9n\u00e9ral\u00a0: Climat insurrectionnel en France - La Sentinelle\",\"isPartOf\":{\"@id\":\"https:\\\/\\\/lasentinelle.dz\\\/#website\"},\"primaryImageOfPage\":{\"@id\":\"https:\\\/\\\/lasentinelle.dz\\\/index.php\\\/2023\\\/03\\\/21\\\/la-reforme-des-retraites-provoque-un-tolle-general-climat-insurrectionnel-en-france\\\/#primaryimage\"},\"image\":{\"@id\":\"https:\\\/\\\/lasentinelle.dz\\\/index.php\\\/2023\\\/03\\\/21\\\/la-reforme-des-retraites-provoque-un-tolle-general-climat-insurrectionnel-en-france\\\/#primaryimage\"},\"thumbnailUrl\":\"https:\\\/\\\/lasentinelle.dz\\\/wp-content\\\/uploads\\\/2023\\\/03\\\/manif-france.png\",\"datePublished\":\"2023-03-21T21:08:00+00:00\",\"breadcrumb\":{\"@id\":\"https:\\\/\\\/lasentinelle.dz\\\/index.php\\\/2023\\\/03\\\/21\\\/la-reforme-des-retraites-provoque-un-tolle-general-climat-insurrectionnel-en-france\\\/#breadcrumb\"},\"inLanguage\":\"fr-FR\",\"potentialAction\":[{\"@type\":\"ReadAction\",\"target\":[\"https:\\\/\\\/lasentinelle.dz\\\/index.php\\\/2023\\\/03\\\/21\\\/la-reforme-des-retraites-provoque-un-tolle-general-climat-insurrectionnel-en-france\\\/\"]}]},{\"@type\":\"ImageObject\",\"inLanguage\":\"fr-FR\",\"@id\":\"https:\\\/\\\/lasentinelle.dz\\\/index.php\\\/2023\\\/03\\\/21\\\/la-reforme-des-retraites-provoque-un-tolle-general-climat-insurrectionnel-en-france\\\/#primaryimage\",\"url\":\"https:\\\/\\\/lasentinelle.dz\\\/wp-content\\\/uploads\\\/2023\\\/03\\\/manif-france.png\",\"contentUrl\":\"https:\\\/\\\/lasentinelle.dz\\\/wp-content\\\/uploads\\\/2023\\\/03\\\/manif-france.png\",\"width\":1406,\"height\":900},{\"@type\":\"BreadcrumbList\",\"@id\":\"https:\\\/\\\/lasentinelle.dz\\\/index.php\\\/2023\\\/03\\\/21\\\/la-reforme-des-retraites-provoque-un-tolle-general-climat-insurrectionnel-en-france\\\/#breadcrumb\",\"itemListElement\":[{\"@type\":\"ListItem\",\"position\":1,\"name\":\"Accueil\",\"item\":\"https:\\\/\\\/lasentinelle.dz\\\/\"},{\"@type\":\"ListItem\",\"position\":2,\"name\":\"La r\u00e9forme des retraites provoque un toll\u00e9\u00a0 g\u00e9n\u00e9ral\u00a0: Climat insurrectionnel en France\"}]},{\"@type\":\"WebSite\",\"@id\":\"https:\\\/\\\/lasentinelle.dz\\\/#website\",\"url\":\"https:\\\/\\\/lasentinelle.dz\\\/\",\"name\":\"La Sentinelle\",\"description\":\"Quotidien national d&#039;information\",\"publisher\":{\"@id\":\"https:\\\/\\\/lasentinelle.dz\\\/#organization\"},\"potentialAction\":[{\"@type\":\"SearchAction\",\"target\":{\"@type\":\"EntryPoint\",\"urlTemplate\":\"https:\\\/\\\/lasentinelle.dz\\\/?s={search_term_string}\"},\"query-input\":{\"@type\":\"PropertyValueSpecification\",\"valueRequired\":true,\"valueName\":\"search_term_string\"}}],\"inLanguage\":\"fr-FR\"},{\"@type\":\"Organization\",\"@id\":\"https:\\\/\\\/lasentinelle.dz\\\/#organization\",\"name\":\"Quotidien La Sentinelle\",\"url\":\"https:\\\/\\\/lasentinelle.dz\\\/\",\"logo\":{\"@type\":\"ImageObject\",\"inLanguage\":\"fr-FR\",\"@id\":\"https:\\\/\\\/lasentinelle.dz\\\/#\\\/schema\\\/logo\\\/image\\\/\",\"url\":\"https:\\\/\\\/lasentinelle.dz\\\/wp-content\\\/uploads\\\/2021\\\/09\\\/logo-sentinelleSLOGAN-1.png\",\"contentUrl\":\"https:\\\/\\\/lasentinelle.dz\\\/wp-content\\\/uploads\\\/2021\\\/09\\\/logo-sentinelleSLOGAN-1.png\",\"width\":615,\"height\":142,\"caption\":\"Quotidien La Sentinelle\"},\"image\":{\"@id\":\"https:\\\/\\\/lasentinelle.dz\\\/#\\\/schema\\\/logo\\\/image\\\/\"},\"sameAs\":[\"https:\\\/\\\/www.facebook.com\\\/La-Sentinelle-104059864394773\"]},{\"@type\":\"Person\",\"@id\":\"https:\\\/\\\/lasentinelle.dz\\\/#\\\/schema\\\/person\\\/d865044e22e70a75174ce8bcad3acfb3\",\"name\":\"La Sentinelle\",\"image\":{\"@type\":\"ImageObject\",\"inLanguage\":\"fr-FR\",\"@id\":\"https:\\\/\\\/secure.gravatar.com\\\/avatar\\\/57de8e5d4b15d43fb361a71fbb36338450fe67865b528a43dd10ef7c51a20392?s=96&d=mm&r=g\",\"url\":\"https:\\\/\\\/secure.gravatar.com\\\/avatar\\\/57de8e5d4b15d43fb361a71fbb36338450fe67865b528a43dd10ef7c51a20392?s=96&d=mm&r=g\",\"contentUrl\":\"https:\\\/\\\/secure.gravatar.com\\\/avatar\\\/57de8e5d4b15d43fb361a71fbb36338450fe67865b528a43dd10ef7c51a20392?s=96&d=mm&r=g\",\"caption\":\"La Sentinelle\"},\"sameAs\":[\"http:\\\/\\\/www.lasentinelle.dz\"],\"url\":\"https:\\\/\\\/lasentinelle.dz\\\/author\\\/redaction\\\/\"}]}<\/script>\n<!-- \/ Yoast SEO plugin. -->","yoast_head_json":{"title":"La r\u00e9forme des retraites provoque un toll\u00e9\u00a0 g\u00e9n\u00e9ral\u00a0: Climat insurrectionnel en France - La Sentinelle","robots":{"index":"index","follow":"follow","max-snippet":"max-snippet:-1","max-image-preview":"max-image-preview:large","max-video-preview":"max-video-preview:-1"},"canonical":"https:\/\/lasentinelle.dz\/index.php\/2023\/03\/21\/la-reforme-des-retraites-provoque-un-tolle-general-climat-insurrectionnel-en-france\/","og_locale":"fr_FR","og_type":"article","og_title":"La r\u00e9forme des retraites provoque un toll\u00e9\u00a0 g\u00e9n\u00e9ral\u00a0: Climat insurrectionnel en France - La Sentinelle","og_description":"L&rsquo;Assembl\u00e9e nationale fran\u00e7aise a rejet\u00e9, lundi soir, la seconde motion de censure, d\u00e9pos\u00e9e par les d\u00e9put\u00e9s RN (Rassemblement national), suite","og_url":"https:\/\/lasentinelle.dz\/index.php\/2023\/03\/21\/la-reforme-des-retraites-provoque-un-tolle-general-climat-insurrectionnel-en-france\/","og_site_name":"La Sentinelle","article_publisher":"https:\/\/www.facebook.com\/La-Sentinelle-104059864394773","article_published_time":"2023-03-21T21:08:00+00:00","og_image":[{"width":1406,"height":900,"url":"https:\/\/lasentinelle.dz\/wp-content\/uploads\/2023\/03\/manif-france.png","type":"image\/png"}],"author":"La Sentinelle","twitter_card":"summary_large_image","twitter_misc":{"\u00c9crit par":"La Sentinelle","Dur\u00e9e de lecture estim\u00e9e":"4 minutes"},"schema":{"@context":"https:\/\/schema.org","@graph":[{"@type":"Article","@id":"https:\/\/lasentinelle.dz\/index.php\/2023\/03\/21\/la-reforme-des-retraites-provoque-un-tolle-general-climat-insurrectionnel-en-france\/#article","isPartOf":{"@id":"https:\/\/lasentinelle.dz\/index.php\/2023\/03\/21\/la-reforme-des-retraites-provoque-un-tolle-general-climat-insurrectionnel-en-france\/"},"author":{"name":"La Sentinelle","@id":"https:\/\/lasentinelle.dz\/#\/schema\/person\/d865044e22e70a75174ce8bcad3acfb3"},"headline":"La r\u00e9forme des retraites provoque un toll\u00e9\u00a0 g\u00e9n\u00e9ral\u00a0: Climat insurrectionnel en France","datePublished":"2023-03-21T21:08:00+00:00","mainEntityOfPage":{"@id":"https:\/\/lasentinelle.dz\/index.php\/2023\/03\/21\/la-reforme-des-retraites-provoque-un-tolle-general-climat-insurrectionnel-en-france\/"},"wordCount":819,"commentCount":0,"publisher":{"@id":"https:\/\/lasentinelle.dz\/#organization"},"image":{"@id":"https:\/\/lasentinelle.dz\/index.php\/2023\/03\/21\/la-reforme-des-retraites-provoque-un-tolle-general-climat-insurrectionnel-en-france\/#primaryimage"},"thumbnailUrl":"https:\/\/lasentinelle.dz\/wp-content\/uploads\/2023\/03\/manif-france.png","articleSection":["\u00c0 la Une","Monde"],"inLanguage":"fr-FR","potentialAction":[{"@type":"CommentAction","name":"Comment","target":["https:\/\/lasentinelle.dz\/index.php\/2023\/03\/21\/la-reforme-des-retraites-provoque-un-tolle-general-climat-insurrectionnel-en-france\/#respond"]}]},{"@type":"WebPage","@id":"https:\/\/lasentinelle.dz\/index.php\/2023\/03\/21\/la-reforme-des-retraites-provoque-un-tolle-general-climat-insurrectionnel-en-france\/","url":"https:\/\/lasentinelle.dz\/index.php\/2023\/03\/21\/la-reforme-des-retraites-provoque-un-tolle-general-climat-insurrectionnel-en-france\/","name":"La r\u00e9forme des retraites provoque un toll\u00e9\u00a0 g\u00e9n\u00e9ral\u00a0: Climat insurrectionnel en France - La Sentinelle","isPartOf":{"@id":"https:\/\/lasentinelle.dz\/#website"},"primaryImageOfPage":{"@id":"https:\/\/lasentinelle.dz\/index.php\/2023\/03\/21\/la-reforme-des-retraites-provoque-un-tolle-general-climat-insurrectionnel-en-france\/#primaryimage"},"image":{"@id":"https:\/\/lasentinelle.dz\/index.php\/2023\/03\/21\/la-reforme-des-retraites-provoque-un-tolle-general-climat-insurrectionnel-en-france\/#primaryimage"},"thumbnailUrl":"https:\/\/lasentinelle.dz\/wp-content\/uploads\/2023\/03\/manif-france.png","datePublished":"2023-03-21T21:08:00+00:00","breadcrumb":{"@id":"https:\/\/lasentinelle.dz\/index.php\/2023\/03\/21\/la-reforme-des-retraites-provoque-un-tolle-general-climat-insurrectionnel-en-france\/#breadcrumb"},"inLanguage":"fr-FR","potentialAction":[{"@type":"ReadAction","target":["https:\/\/lasentinelle.dz\/index.php\/2023\/03\/21\/la-reforme-des-retraites-provoque-un-tolle-general-climat-insurrectionnel-en-france\/"]}]},{"@type":"ImageObject","inLanguage":"fr-FR","@id":"https:\/\/lasentinelle.dz\/index.php\/2023\/03\/21\/la-reforme-des-retraites-provoque-un-tolle-general-climat-insurrectionnel-en-france\/#primaryimage","url":"https:\/\/lasentinelle.dz\/wp-content\/uploads\/2023\/03\/manif-france.png","contentUrl":"https:\/\/lasentinelle.dz\/wp-content\/uploads\/2023\/03\/manif-france.png","width":1406,"height":900},{"@type":"BreadcrumbList","@id":"https:\/\/lasentinelle.dz\/index.php\/2023\/03\/21\/la-reforme-des-retraites-provoque-un-tolle-general-climat-insurrectionnel-en-france\/#breadcrumb","itemListElement":[{"@type":"ListItem","position":1,"name":"Accueil","item":"https:\/\/lasentinelle.dz\/"},{"@type":"ListItem","position":2,"name":"La r\u00e9forme des retraites provoque un toll\u00e9\u00a0 g\u00e9n\u00e9ral\u00a0: Climat insurrectionnel en France"}]},{"@type":"WebSite","@id":"https:\/\/lasentinelle.dz\/#website","url":"https:\/\/lasentinelle.dz\/","name":"La Sentinelle","description":"Quotidien national d&#039;information","publisher":{"@id":"https:\/\/lasentinelle.dz\/#organization"},"potentialAction":[{"@type":"SearchAction","target":{"@type":"EntryPoint","urlTemplate":"https:\/\/lasentinelle.dz\/?s={search_term_string}"},"query-input":{"@type":"PropertyValueSpecification","valueRequired":true,"valueName":"search_term_string"}}],"inLanguage":"fr-FR"},{"@type":"Organization","@id":"https:\/\/lasentinelle.dz\/#organization","name":"Quotidien La Sentinelle","url":"https:\/\/lasentinelle.dz\/","logo":{"@type":"ImageObject","inLanguage":"fr-FR","@id":"https:\/\/lasentinelle.dz\/#\/schema\/logo\/image\/","url":"https:\/\/lasentinelle.dz\/wp-content\/uploads\/2021\/09\/logo-sentinelleSLOGAN-1.png","contentUrl":"https:\/\/lasentinelle.dz\/wp-content\/uploads\/2021\/09\/logo-sentinelleSLOGAN-1.png","width":615,"height":142,"caption":"Quotidien La Sentinelle"},"image":{"@id":"https:\/\/lasentinelle.dz\/#\/schema\/logo\/image\/"},"sameAs":["https:\/\/www.facebook.com\/La-Sentinelle-104059864394773"]},{"@type":"Person","@id":"https:\/\/lasentinelle.dz\/#\/schema\/person\/d865044e22e70a75174ce8bcad3acfb3","name":"La Sentinelle","image":{"@type":"ImageObject","inLanguage":"fr-FR","@id":"https:\/\/secure.gravatar.com\/avatar\/57de8e5d4b15d43fb361a71fbb36338450fe67865b528a43dd10ef7c51a20392?s=96&d=mm&r=g","url":"https:\/\/secure.gravatar.com\/avatar\/57de8e5d4b15d43fb361a71fbb36338450fe67865b528a43dd10ef7c51a20392?s=96&d=mm&r=g","contentUrl":"https:\/\/secure.gravatar.com\/avatar\/57de8e5d4b15d43fb361a71fbb36338450fe67865b528a43dd10ef7c51a20392?s=96&d=mm&r=g","caption":"La Sentinelle"},"sameAs":["http:\/\/www.lasentinelle.dz"],"url":"https:\/\/lasentinelle.dz\/author\/redaction\/"}]}},"_links":{"self":[{"href":"https:\/\/lasentinelle.dz\/index.php\/wp-json\/wp\/v2\/posts\/38215","targetHints":{"allow":["GET"]}}],"collection":[{"href":"https:\/\/lasentinelle.dz\/index.php\/wp-json\/wp\/v2\/posts"}],"about":[{"href":"https:\/\/lasentinelle.dz\/index.php\/wp-json\/wp\/v2\/types\/post"}],"author":[{"embeddable":true,"href":"https:\/\/lasentinelle.dz\/index.php\/wp-json\/wp\/v2\/users\/3"}],"replies":[{"embeddable":true,"href":"https:\/\/lasentinelle.dz\/index.php\/wp-json\/wp\/v2\/comments?post=38215"}],"version-history":[{"count":2,"href":"https:\/\/lasentinelle.dz\/index.php\/wp-json\/wp\/v2\/posts\/38215\/revisions"}],"predecessor-version":[{"id":38257,"href":"https:\/\/lasentinelle.dz\/index.php\/wp-json\/wp\/v2\/posts\/38215\/revisions\/38257"}],"wp:featuredmedia":[{"embeddable":true,"href":"https:\/\/lasentinelle.dz\/index.php\/wp-json\/wp\/v2\/media\/38222"}],"wp:attachment":[{"href":"https:\/\/lasentinelle.dz\/index.php\/wp-json\/wp\/v2\/media?parent=38215"}],"wp:term":[{"taxonomy":"category","embeddable":true,"href":"https:\/\/lasentinelle.dz\/index.php\/wp-json\/wp\/v2\/categories?post=38215"},{"taxonomy":"post_tag","embeddable":true,"href":"https:\/\/lasentinelle.dz\/index.php\/wp-json\/wp\/v2\/tags?post=38215"}],"curies":[{"name":"wp","href":"https:\/\/api.w.org\/{rel}","templated":true}]}}