{"id":38220,"date":"2023-03-21T22:00:00","date_gmt":"2023-03-21T21:00:00","guid":{"rendered":"https:\/\/lasentinelle.dz\/?p=38220"},"modified":"2023-03-21T17:55:45","modified_gmt":"2023-03-21T16:55:45","slug":"violences-en-haiti-531-personnes-tuees-depuis-janvier","status":"publish","type":"post","link":"https:\/\/lasentinelle.dz\/index.php\/2023\/03\/21\/violences-en-haiti-531-personnes-tuees-depuis-janvier\/","title":{"rendered":"Violences en Ha\u00efti\u00a0: 531 personnes tu\u00e9es depuis janvier"},"content":{"rendered":"\n<p>Environ 530 personnes ont \u00e9t\u00e9 tu\u00e9es, dont un grand nombre par des tireurs embusqu\u00e9s, et pr\u00e8s de 280 enlev\u00e9es par les&nbsp; gangs qui s\u00e9vissent impun\u00e9ment en Ha\u00efti, a indiqu\u00e9 hier l&rsquo;ONU demandant le&nbsp;&nbsp; d\u00e9ploiement d&rsquo;une force d&rsquo;appui sp\u00e9cialis\u00e9e. \u00ab\u00a0Rien qu&rsquo;au cours des deux premi\u00e8res semaines de mars, les affrontements entre gangs ont fait au moins 208 morts, 164 bless\u00e9s et 101 personnes ont&nbsp;&nbsp; \u00e9t\u00e9 enlev\u00e9es. La plupart des victimes ont \u00e9t\u00e9 tu\u00e9es ou bless\u00e9es par des tireurs embusqu\u00e9s qui auraient tir\u00e9 au hasard sur des personnes se trouvant chez elles ou dans la rue\u00a0\u00bb, a d\u00e9clar\u00e9 aux journalistes la porte-parole du Haut-Commissariat de l&rsquo;ONU aux droits de l&rsquo;homme, Marta Hurtado.&nbsp; De d\u00e9but janvier \u00e0 la mi-mars, un total de 531 personnes ont \u00e9t\u00e9 tu\u00e9es, 300 bless\u00e9es et 277 kidnapp\u00e9es dans des incidents li\u00e9s aux gangs, principalement dans la capitale, Port-au-Prince, selon les informations recueillies par le Service des droits humains du Bureau int\u00e9gr\u00e9 des Nations unies en Ha\u00efti (BINUH). \u00ab\u00a0Nous demandons \u00e0 la communaut\u00e9 internationale d&rsquo;envisager d&rsquo;urgence le&nbsp;&nbsp; d\u00e9ploiement d&rsquo;une force d&rsquo;appui sp\u00e9cialis\u00e9e (&#8230;), avec un plan d&rsquo;action complet et pr\u00e9cis\u00a0\u00bb, a soulign\u00e9 Mme Hurtado.&nbsp; \u00ab\u00a0Nous sommes gravement pr\u00e9occup\u00e9s par le fait que l&rsquo;extr\u00eame violence&nbsp;&nbsp; continue d&rsquo;\u00e9chapper \u00e0 tout contr\u00f4le en Ha\u00efti. Les affrontements entre gangs sont de plus en plus violents et de plus en plus fr\u00e9quents, car ils tentent d&rsquo;\u00e9tendre leur contr\u00f4le territorial dans la capitale et dans d&rsquo;autres r\u00e9gions en ciblant les personnes qui vivent dans les zones contr\u00f4l\u00e9es par leurs rivaux\u00a0\u00bb, a d\u00e9plor\u00e9 Mme Hurtado. Elle a indiqu\u00e9 que des \u00e9l\u00e8ves et leurs enseignants sont parfois touch\u00e9s par des balles perdues lors d&rsquo;affrontements entre gangs, tandis qu&rsquo;un nombre croissant d&rsquo;\u00e9l\u00e8ves, et leurs parents, sont enlev\u00e9s \u00e0 proximit\u00e9 des \u00e9coles. En cons\u00e9quence, de plus en plus d&rsquo;\u00e9coles ferment, laissant les jeunes \u00e0 la merci des gangs qui les recrutent de force, a indiqu\u00e9 la porte-parole du Haut-Commissariat. Ces violences poussent les habitants \u00e0 fuir leur domicile. L&rsquo;ONU estime qu&rsquo;\u00e0 la mi-mars, au moins 160.000 personnes \u00e9taient ainsi d\u00e9plac\u00e9es \u00e0 l&rsquo;int\u00e9rieur du pays et se trouvaient dans une situation&nbsp;&nbsp; pr\u00e9caire, h\u00e9berg\u00e9es par des amis ou des proches.<\/p>\n\n\n\n<p>APS<\/p>\n","protected":false},"excerpt":{"rendered":"<p>Environ 530 personnes ont \u00e9t\u00e9 tu\u00e9es, dont un grand nombre par des tireurs embusqu\u00e9s, et pr\u00e8s de 280 enlev\u00e9es par<\/p>\n","protected":false},"author":3,"featured_media":38225,"comment_status":"open","ping_status":"closed","sticky":false,"template":"","format":"standard","meta":{"colormag_page_container_layout":"default_layout","colormag_page_sidebar_layout":"default_layout","om_disable_all_campaigns":false,"_monsterinsights_skip_tracking":false,"_monsterinsights_sitenote_active":false,"_monsterinsights_sitenote_note":"","_monsterinsights_sitenote_category":0,"footnotes":"","_wpscppro_dont_share_socialmedia":false,"_wpscppro_custom_social_share_image":0,"_facebook_share_type":"","_twitter_share_type":"","_linkedin_share_type":"","_pinterest_share_type":"","_linkedin_share_type_page":"","_instagram_share_type":"","_medium_share_type":"","_threads_share_type":"","_google_business_share_type":"","_selected_social_profile":[],"_wpsp_enable_custom_social_template":false,"_wpsp_social_scheduling":{"enabled":false,"datetime":null,"platforms":[],"status":"template_only","dateOption":"today","timeOption":"now","customDays":"","customHours":"","customDate":"","customTime":"","schedulingType":"absolute"},"_wpsp_active_default_template":true},"categories":[37],"tags":[],"class_list":["post-38220","post","type-post","status-publish","format-standard","has-post-thumbnail","hentry","category-monde"],"aioseo_notices":[],"yoast_head":"<!-- This site is optimized with the Yoast SEO plugin v27.4 - https:\/\/yoast.com\/product\/yoast-seo-wordpress\/ -->\n<title>Violences en Ha\u00efti\u00a0: 531 personnes tu\u00e9es depuis janvier - La Sentinelle<\/title>\n<meta name=\"robots\" content=\"index, follow, max-snippet:-1, max-image-preview:large, max-video-preview:-1\" \/>\n<link rel=\"canonical\" href=\"https:\/\/lasentinelle.dz\/index.php\/2023\/03\/21\/violences-en-haiti-531-personnes-tuees-depuis-janvier\/\" \/>\n<meta property=\"og:locale\" content=\"fr_FR\" \/>\n<meta property=\"og:type\" content=\"article\" \/>\n<meta property=\"og:title\" content=\"Violences en Ha\u00efti\u00a0: 531 personnes tu\u00e9es depuis janvier - La Sentinelle\" \/>\n<meta property=\"og:description\" content=\"Environ 530 personnes ont \u00e9t\u00e9 tu\u00e9es, dont un grand nombre par des tireurs embusqu\u00e9s, et pr\u00e8s de 280 enlev\u00e9es par\" \/>\n<meta property=\"og:url\" content=\"https:\/\/lasentinelle.dz\/index.php\/2023\/03\/21\/violences-en-haiti-531-personnes-tuees-depuis-janvier\/\" \/>\n<meta property=\"og:site_name\" content=\"La Sentinelle\" \/>\n<meta property=\"article:publisher\" content=\"https:\/\/www.facebook.com\/La-Sentinelle-104059864394773\" \/>\n<meta property=\"article:published_time\" content=\"2023-03-21T21:00:00+00:00\" \/>\n<meta property=\"og:image\" content=\"https:\/\/lasentinelle.dz\/wp-content\/uploads\/2023\/03\/image_2023-03-21_175344177.png\" \/>\n\t<meta property=\"og:image:width\" content=\"1000\" \/>\n\t<meta property=\"og:image:height\" content=\"526\" \/>\n\t<meta property=\"og:image:type\" content=\"image\/png\" \/>\n<meta name=\"author\" content=\"La Sentinelle\" \/>\n<meta name=\"twitter:card\" content=\"summary_large_image\" \/>\n<meta name=\"twitter:label1\" content=\"\u00c9crit par\" \/>\n\t<meta name=\"twitter:data1\" content=\"La Sentinelle\" \/>\n\t<meta name=\"twitter:label2\" content=\"Dur\u00e9e de lecture estim\u00e9e\" \/>\n\t<meta name=\"twitter:data2\" content=\"2 minutes\" \/>\n<script type=\"application\/ld+json\" class=\"yoast-schema-graph\">{\"@context\":\"https:\\\/\\\/schema.org\",\"@graph\":[{\"@type\":\"Article\",\"@id\":\"https:\\\/\\\/lasentinelle.dz\\\/index.php\\\/2023\\\/03\\\/21\\\/violences-en-haiti-531-personnes-tuees-depuis-janvier\\\/#article\",\"isPartOf\":{\"@id\":\"https:\\\/\\\/lasentinelle.dz\\\/index.php\\\/2023\\\/03\\\/21\\\/violences-en-haiti-531-personnes-tuees-depuis-janvier\\\/\"},\"author\":{\"name\":\"La Sentinelle\",\"@id\":\"https:\\\/\\\/lasentinelle.dz\\\/#\\\/schema\\\/person\\\/d865044e22e70a75174ce8bcad3acfb3\"},\"headline\":\"Violences en Ha\u00efti\u00a0: 531 personnes tu\u00e9es depuis janvier\",\"datePublished\":\"2023-03-21T21:00:00+00:00\",\"mainEntityOfPage\":{\"@id\":\"https:\\\/\\\/lasentinelle.dz\\\/index.php\\\/2023\\\/03\\\/21\\\/violences-en-haiti-531-personnes-tuees-depuis-janvier\\\/\"},\"wordCount\":426,\"commentCount\":0,\"publisher\":{\"@id\":\"https:\\\/\\\/lasentinelle.dz\\\/#organization\"},\"image\":{\"@id\":\"https:\\\/\\\/lasentinelle.dz\\\/index.php\\\/2023\\\/03\\\/21\\\/violences-en-haiti-531-personnes-tuees-depuis-janvier\\\/#primaryimage\"},\"thumbnailUrl\":\"https:\\\/\\\/lasentinelle.dz\\\/wp-content\\\/uploads\\\/2023\\\/03\\\/image_2023-03-21_175344177.png\",\"articleSection\":[\"Monde\"],\"inLanguage\":\"fr-FR\",\"potentialAction\":[{\"@type\":\"CommentAction\",\"name\":\"Comment\",\"target\":[\"https:\\\/\\\/lasentinelle.dz\\\/index.php\\\/2023\\\/03\\\/21\\\/violences-en-haiti-531-personnes-tuees-depuis-janvier\\\/#respond\"]}]},{\"@type\":\"WebPage\",\"@id\":\"https:\\\/\\\/lasentinelle.dz\\\/index.php\\\/2023\\\/03\\\/21\\\/violences-en-haiti-531-personnes-tuees-depuis-janvier\\\/\",\"url\":\"https:\\\/\\\/lasentinelle.dz\\\/index.php\\\/2023\\\/03\\\/21\\\/violences-en-haiti-531-personnes-tuees-depuis-janvier\\\/\",\"name\":\"Violences en Ha\u00efti\u00a0: 531 personnes tu\u00e9es depuis janvier - La Sentinelle\",\"isPartOf\":{\"@id\":\"https:\\\/\\\/lasentinelle.dz\\\/#website\"},\"primaryImageOfPage\":{\"@id\":\"https:\\\/\\\/lasentinelle.dz\\\/index.php\\\/2023\\\/03\\\/21\\\/violences-en-haiti-531-personnes-tuees-depuis-janvier\\\/#primaryimage\"},\"image\":{\"@id\":\"https:\\\/\\\/lasentinelle.dz\\\/index.php\\\/2023\\\/03\\\/21\\\/violences-en-haiti-531-personnes-tuees-depuis-janvier\\\/#primaryimage\"},\"thumbnailUrl\":\"https:\\\/\\\/lasentinelle.dz\\\/wp-content\\\/uploads\\\/2023\\\/03\\\/image_2023-03-21_175344177.png\",\"datePublished\":\"2023-03-21T21:00:00+00:00\",\"breadcrumb\":{\"@id\":\"https:\\\/\\\/lasentinelle.dz\\\/index.php\\\/2023\\\/03\\\/21\\\/violences-en-haiti-531-personnes-tuees-depuis-janvier\\\/#breadcrumb\"},\"inLanguage\":\"fr-FR\",\"potentialAction\":[{\"@type\":\"ReadAction\",\"target\":[\"https:\\\/\\\/lasentinelle.dz\\\/index.php\\\/2023\\\/03\\\/21\\\/violences-en-haiti-531-personnes-tuees-depuis-janvier\\\/\"]}]},{\"@type\":\"ImageObject\",\"inLanguage\":\"fr-FR\",\"@id\":\"https:\\\/\\\/lasentinelle.dz\\\/index.php\\\/2023\\\/03\\\/21\\\/violences-en-haiti-531-personnes-tuees-depuis-janvier\\\/#primaryimage\",\"url\":\"https:\\\/\\\/lasentinelle.dz\\\/wp-content\\\/uploads\\\/2023\\\/03\\\/image_2023-03-21_175344177.png\",\"contentUrl\":\"https:\\\/\\\/lasentinelle.dz\\\/wp-content\\\/uploads\\\/2023\\\/03\\\/image_2023-03-21_175344177.png\",\"width\":1000,\"height\":526},{\"@type\":\"BreadcrumbList\",\"@id\":\"https:\\\/\\\/lasentinelle.dz\\\/index.php\\\/2023\\\/03\\\/21\\\/violences-en-haiti-531-personnes-tuees-depuis-janvier\\\/#breadcrumb\",\"itemListElement\":[{\"@type\":\"ListItem\",\"position\":1,\"name\":\"Accueil\",\"item\":\"https:\\\/\\\/lasentinelle.dz\\\/\"},{\"@type\":\"ListItem\",\"position\":2,\"name\":\"Violences en Ha\u00efti\u00a0: 531 personnes tu\u00e9es depuis janvier\"}]},{\"@type\":\"WebSite\",\"@id\":\"https:\\\/\\\/lasentinelle.dz\\\/#website\",\"url\":\"https:\\\/\\\/lasentinelle.dz\\\/\",\"name\":\"La Sentinelle\",\"description\":\"Quotidien national d&#039;information\",\"publisher\":{\"@id\":\"https:\\\/\\\/lasentinelle.dz\\\/#organization\"},\"potentialAction\":[{\"@type\":\"SearchAction\",\"target\":{\"@type\":\"EntryPoint\",\"urlTemplate\":\"https:\\\/\\\/lasentinelle.dz\\\/?s={search_term_string}\"},\"query-input\":{\"@type\":\"PropertyValueSpecification\",\"valueRequired\":true,\"valueName\":\"search_term_string\"}}],\"inLanguage\":\"fr-FR\"},{\"@type\":\"Organization\",\"@id\":\"https:\\\/\\\/lasentinelle.dz\\\/#organization\",\"name\":\"Quotidien La Sentinelle\",\"url\":\"https:\\\/\\\/lasentinelle.dz\\\/\",\"logo\":{\"@type\":\"ImageObject\",\"inLanguage\":\"fr-FR\",\"@id\":\"https:\\\/\\\/lasentinelle.dz\\\/#\\\/schema\\\/logo\\\/image\\\/\",\"url\":\"https:\\\/\\\/lasentinelle.dz\\\/wp-content\\\/uploads\\\/2021\\\/09\\\/logo-sentinelleSLOGAN-1.png\",\"contentUrl\":\"https:\\\/\\\/lasentinelle.dz\\\/wp-content\\\/uploads\\\/2021\\\/09\\\/logo-sentinelleSLOGAN-1.png\",\"width\":615,\"height\":142,\"caption\":\"Quotidien La Sentinelle\"},\"image\":{\"@id\":\"https:\\\/\\\/lasentinelle.dz\\\/#\\\/schema\\\/logo\\\/image\\\/\"},\"sameAs\":[\"https:\\\/\\\/www.facebook.com\\\/La-Sentinelle-104059864394773\"]},{\"@type\":\"Person\",\"@id\":\"https:\\\/\\\/lasentinelle.dz\\\/#\\\/schema\\\/person\\\/d865044e22e70a75174ce8bcad3acfb3\",\"name\":\"La Sentinelle\",\"image\":{\"@type\":\"ImageObject\",\"inLanguage\":\"fr-FR\",\"@id\":\"https:\\\/\\\/secure.gravatar.com\\\/avatar\\\/57de8e5d4b15d43fb361a71fbb36338450fe67865b528a43dd10ef7c51a20392?s=96&d=mm&r=g\",\"url\":\"https:\\\/\\\/secure.gravatar.com\\\/avatar\\\/57de8e5d4b15d43fb361a71fbb36338450fe67865b528a43dd10ef7c51a20392?s=96&d=mm&r=g\",\"contentUrl\":\"https:\\\/\\\/secure.gravatar.com\\\/avatar\\\/57de8e5d4b15d43fb361a71fbb36338450fe67865b528a43dd10ef7c51a20392?s=96&d=mm&r=g\",\"caption\":\"La Sentinelle\"},\"sameAs\":[\"http:\\\/\\\/www.lasentinelle.dz\"],\"url\":\"https:\\\/\\\/lasentinelle.dz\\\/author\\\/redaction\\\/\"}]}<\/script>\n<!-- \/ Yoast SEO plugin. -->","yoast_head_json":{"title":"Violences en Ha\u00efti\u00a0: 531 personnes tu\u00e9es depuis janvier - La Sentinelle","robots":{"index":"index","follow":"follow","max-snippet":"max-snippet:-1","max-image-preview":"max-image-preview:large","max-video-preview":"max-video-preview:-1"},"canonical":"https:\/\/lasentinelle.dz\/index.php\/2023\/03\/21\/violences-en-haiti-531-personnes-tuees-depuis-janvier\/","og_locale":"fr_FR","og_type":"article","og_title":"Violences en Ha\u00efti\u00a0: 531 personnes tu\u00e9es depuis janvier - La Sentinelle","og_description":"Environ 530 personnes ont \u00e9t\u00e9 tu\u00e9es, dont un grand nombre par des tireurs embusqu\u00e9s, et pr\u00e8s de 280 enlev\u00e9es par","og_url":"https:\/\/lasentinelle.dz\/index.php\/2023\/03\/21\/violences-en-haiti-531-personnes-tuees-depuis-janvier\/","og_site_name":"La Sentinelle","article_publisher":"https:\/\/www.facebook.com\/La-Sentinelle-104059864394773","article_published_time":"2023-03-21T21:00:00+00:00","og_image":[{"width":1000,"height":526,"url":"https:\/\/lasentinelle.dz\/wp-content\/uploads\/2023\/03\/image_2023-03-21_175344177.png","type":"image\/png"}],"author":"La Sentinelle","twitter_card":"summary_large_image","twitter_misc":{"\u00c9crit par":"La Sentinelle","Dur\u00e9e de lecture estim\u00e9e":"2 minutes"},"schema":{"@context":"https:\/\/schema.org","@graph":[{"@type":"Article","@id":"https:\/\/lasentinelle.dz\/index.php\/2023\/03\/21\/violences-en-haiti-531-personnes-tuees-depuis-janvier\/#article","isPartOf":{"@id":"https:\/\/lasentinelle.dz\/index.php\/2023\/03\/21\/violences-en-haiti-531-personnes-tuees-depuis-janvier\/"},"author":{"name":"La Sentinelle","@id":"https:\/\/lasentinelle.dz\/#\/schema\/person\/d865044e22e70a75174ce8bcad3acfb3"},"headline":"Violences en Ha\u00efti\u00a0: 531 personnes tu\u00e9es depuis janvier","datePublished":"2023-03-21T21:00:00+00:00","mainEntityOfPage":{"@id":"https:\/\/lasentinelle.dz\/index.php\/2023\/03\/21\/violences-en-haiti-531-personnes-tuees-depuis-janvier\/"},"wordCount":426,"commentCount":0,"publisher":{"@id":"https:\/\/lasentinelle.dz\/#organization"},"image":{"@id":"https:\/\/lasentinelle.dz\/index.php\/2023\/03\/21\/violences-en-haiti-531-personnes-tuees-depuis-janvier\/#primaryimage"},"thumbnailUrl":"https:\/\/lasentinelle.dz\/wp-content\/uploads\/2023\/03\/image_2023-03-21_175344177.png","articleSection":["Monde"],"inLanguage":"fr-FR","potentialAction":[{"@type":"CommentAction","name":"Comment","target":["https:\/\/lasentinelle.dz\/index.php\/2023\/03\/21\/violences-en-haiti-531-personnes-tuees-depuis-janvier\/#respond"]}]},{"@type":"WebPage","@id":"https:\/\/lasentinelle.dz\/index.php\/2023\/03\/21\/violences-en-haiti-531-personnes-tuees-depuis-janvier\/","url":"https:\/\/lasentinelle.dz\/index.php\/2023\/03\/21\/violences-en-haiti-531-personnes-tuees-depuis-janvier\/","name":"Violences en Ha\u00efti\u00a0: 531 personnes tu\u00e9es depuis janvier - La Sentinelle","isPartOf":{"@id":"https:\/\/lasentinelle.dz\/#website"},"primaryImageOfPage":{"@id":"https:\/\/lasentinelle.dz\/index.php\/2023\/03\/21\/violences-en-haiti-531-personnes-tuees-depuis-janvier\/#primaryimage"},"image":{"@id":"https:\/\/lasentinelle.dz\/index.php\/2023\/03\/21\/violences-en-haiti-531-personnes-tuees-depuis-janvier\/#primaryimage"},"thumbnailUrl":"https:\/\/lasentinelle.dz\/wp-content\/uploads\/2023\/03\/image_2023-03-21_175344177.png","datePublished":"2023-03-21T21:00:00+00:00","breadcrumb":{"@id":"https:\/\/lasentinelle.dz\/index.php\/2023\/03\/21\/violences-en-haiti-531-personnes-tuees-depuis-janvier\/#breadcrumb"},"inLanguage":"fr-FR","potentialAction":[{"@type":"ReadAction","target":["https:\/\/lasentinelle.dz\/index.php\/2023\/03\/21\/violences-en-haiti-531-personnes-tuees-depuis-janvier\/"]}]},{"@type":"ImageObject","inLanguage":"fr-FR","@id":"https:\/\/lasentinelle.dz\/index.php\/2023\/03\/21\/violences-en-haiti-531-personnes-tuees-depuis-janvier\/#primaryimage","url":"https:\/\/lasentinelle.dz\/wp-content\/uploads\/2023\/03\/image_2023-03-21_175344177.png","contentUrl":"https:\/\/lasentinelle.dz\/wp-content\/uploads\/2023\/03\/image_2023-03-21_175344177.png","width":1000,"height":526},{"@type":"BreadcrumbList","@id":"https:\/\/lasentinelle.dz\/index.php\/2023\/03\/21\/violences-en-haiti-531-personnes-tuees-depuis-janvier\/#breadcrumb","itemListElement":[{"@type":"ListItem","position":1,"name":"Accueil","item":"https:\/\/lasentinelle.dz\/"},{"@type":"ListItem","position":2,"name":"Violences en Ha\u00efti\u00a0: 531 personnes tu\u00e9es depuis janvier"}]},{"@type":"WebSite","@id":"https:\/\/lasentinelle.dz\/#website","url":"https:\/\/lasentinelle.dz\/","name":"La Sentinelle","description":"Quotidien national d&#039;information","publisher":{"@id":"https:\/\/lasentinelle.dz\/#organization"},"potentialAction":[{"@type":"SearchAction","target":{"@type":"EntryPoint","urlTemplate":"https:\/\/lasentinelle.dz\/?s={search_term_string}"},"query-input":{"@type":"PropertyValueSpecification","valueRequired":true,"valueName":"search_term_string"}}],"inLanguage":"fr-FR"},{"@type":"Organization","@id":"https:\/\/lasentinelle.dz\/#organization","name":"Quotidien La Sentinelle","url":"https:\/\/lasentinelle.dz\/","logo":{"@type":"ImageObject","inLanguage":"fr-FR","@id":"https:\/\/lasentinelle.dz\/#\/schema\/logo\/image\/","url":"https:\/\/lasentinelle.dz\/wp-content\/uploads\/2021\/09\/logo-sentinelleSLOGAN-1.png","contentUrl":"https:\/\/lasentinelle.dz\/wp-content\/uploads\/2021\/09\/logo-sentinelleSLOGAN-1.png","width":615,"height":142,"caption":"Quotidien La Sentinelle"},"image":{"@id":"https:\/\/lasentinelle.dz\/#\/schema\/logo\/image\/"},"sameAs":["https:\/\/www.facebook.com\/La-Sentinelle-104059864394773"]},{"@type":"Person","@id":"https:\/\/lasentinelle.dz\/#\/schema\/person\/d865044e22e70a75174ce8bcad3acfb3","name":"La Sentinelle","image":{"@type":"ImageObject","inLanguage":"fr-FR","@id":"https:\/\/secure.gravatar.com\/avatar\/57de8e5d4b15d43fb361a71fbb36338450fe67865b528a43dd10ef7c51a20392?s=96&d=mm&r=g","url":"https:\/\/secure.gravatar.com\/avatar\/57de8e5d4b15d43fb361a71fbb36338450fe67865b528a43dd10ef7c51a20392?s=96&d=mm&r=g","contentUrl":"https:\/\/secure.gravatar.com\/avatar\/57de8e5d4b15d43fb361a71fbb36338450fe67865b528a43dd10ef7c51a20392?s=96&d=mm&r=g","caption":"La Sentinelle"},"sameAs":["http:\/\/www.lasentinelle.dz"],"url":"https:\/\/lasentinelle.dz\/author\/redaction\/"}]}},"_links":{"self":[{"href":"https:\/\/lasentinelle.dz\/index.php\/wp-json\/wp\/v2\/posts\/38220","targetHints":{"allow":["GET"]}}],"collection":[{"href":"https:\/\/lasentinelle.dz\/index.php\/wp-json\/wp\/v2\/posts"}],"about":[{"href":"https:\/\/lasentinelle.dz\/index.php\/wp-json\/wp\/v2\/types\/post"}],"author":[{"embeddable":true,"href":"https:\/\/lasentinelle.dz\/index.php\/wp-json\/wp\/v2\/users\/3"}],"replies":[{"embeddable":true,"href":"https:\/\/lasentinelle.dz\/index.php\/wp-json\/wp\/v2\/comments?post=38220"}],"version-history":[{"count":1,"href":"https:\/\/lasentinelle.dz\/index.php\/wp-json\/wp\/v2\/posts\/38220\/revisions"}],"predecessor-version":[{"id":38228,"href":"https:\/\/lasentinelle.dz\/index.php\/wp-json\/wp\/v2\/posts\/38220\/revisions\/38228"}],"wp:featuredmedia":[{"embeddable":true,"href":"https:\/\/lasentinelle.dz\/index.php\/wp-json\/wp\/v2\/media\/38225"}],"wp:attachment":[{"href":"https:\/\/lasentinelle.dz\/index.php\/wp-json\/wp\/v2\/media?parent=38220"}],"wp:term":[{"taxonomy":"category","embeddable":true,"href":"https:\/\/lasentinelle.dz\/index.php\/wp-json\/wp\/v2\/categories?post=38220"},{"taxonomy":"post_tag","embeddable":true,"href":"https:\/\/lasentinelle.dz\/index.php\/wp-json\/wp\/v2\/tags?post=38220"}],"curies":[{"name":"wp","href":"https:\/\/api.w.org\/{rel}","templated":true}]}}