{"id":38221,"date":"2023-03-21T22:00:00","date_gmt":"2023-03-21T21:00:00","guid":{"rendered":"https:\/\/lasentinelle.dz\/?p=38221"},"modified":"2023-03-21T17:55:40","modified_gmt":"2023-03-21T16:55:40","slug":"burkina-faso-pres-dune-ecole-sur-quatre-fermee-a-cause-des-attaques-terroristes","status":"publish","type":"post","link":"https:\/\/lasentinelle.dz\/index.php\/2023\/03\/21\/burkina-faso-pres-dune-ecole-sur-quatre-fermee-a-cause-des-attaques-terroristes\/","title":{"rendered":"Burkina Faso\u00a0: Pr\u00e8s d&rsquo;une \u00e9cole sur quatre ferm\u00e9e \u00e0 cause des attaques terroristes"},"content":{"rendered":"\n<p>Pr\u00e8s d&rsquo;une \u00e9cole sur quatre est ferm\u00e9e au Burkina Faso en raison des violences terroristes qui minent le pays depuis 2015, a affirm\u00e9 hier une ONG norv\u00e9gienne dans un communiqu\u00e9. En f\u00e9vrier, 6.134 \u00e9coles \u00e9taient ferm\u00e9es, soit une augmentation de plus de 40% depuis mai 2022, pr\u00e9cise l&rsquo;ONG Norwegian Refugee Council (Conseil&nbsp;&nbsp; norv\u00e9gien pour les r\u00e9fugi\u00e9s, NRC). \u00ab\u00a0Plus d&rsquo;un million d&rsquo;enfants au Burkina Faso sont affect\u00e9s\u00a0\u00bb par ces fermetures, \u00ab\u00a0souvent traumatis\u00e9s par les&nbsp;&nbsp; d\u00e9placements et les conflits\u00a0\u00bb, ajoute l&rsquo;ONG.&nbsp; \u00ab\u00a0Seul un quart des enfants impact\u00e9s ont \u00e9t\u00e9 r\u00e9affect\u00e9s dans des nouvelles&nbsp;&nbsp; salles de classe. La majorit\u00e9 d&rsquo;entre eux n&rsquo;ont pas retrouv\u00e9 d&rsquo;acc\u00e8s \u00e0 l&rsquo;\u00e9ducation\u00a0\u00bb, pointe le directeur de NRC au Burkina Faso, Hassane Hamadou,&nbsp; cit\u00e9 dans le communiqu\u00e9. Il appelle les autorit\u00e9s du pays et les acteurs humanitaires \u00e0 \u00ab\u00a0redoubler d&rsquo;efforts\u00a0\u00bb, \u00ab\u00a0de toute urgence\u00a0\u00bb.&nbsp; \u00ab\u00a0Lorsqu&rsquo;un enfant n&rsquo;est pas \u00e0 l&rsquo;\u00e9cole, il risque davantage d&rsquo;\u00eatre exploit\u00e9, d&rsquo;\u00eatre victime de violences et de trafics, voire d&rsquo;\u00eatre recrut\u00e9&nbsp;&nbsp; par des groupes arm\u00e9s\u00a0\u00bb, a d\u00e9clar\u00e9 la repr\u00e9sentante de l&rsquo;agence onusienne Unicef au Burkina Faso, Sandra Lattouf, \u00e9galement cit\u00e9e par NRC. Le Burkina regroupe \u00ab\u00a0pr\u00e8s de la moiti\u00e9 des \u00e9coles ferm\u00e9es d&rsquo;Afrique&nbsp; Centrale et de l&rsquo;Ouest\u00a0\u00bb, selon l&rsquo;ONG. D&rsquo;apr\u00e8s elle, le Mali et le Niger voisins en comptent respectivement 1.762 et 878. 3.285 \u00e9coles sont ferm\u00e9es au Cameroun, 1.344 en RDC, 181 au Nig\u00e9ria, 134 au Tchad et 13 en Centrafrique. NRC indique que le nombre de fermetures des \u00e9coles au Burkina est plus \u00e9lev\u00e9 dans les r\u00e9gions de la Boucle du Mouhoun (ouest), du Sahel et de&nbsp;&nbsp; l&rsquo;Est, des r\u00e9gions r\u00e9guli\u00e8rement cibl\u00e9es par des attaques. Ces zones sont&nbsp;&nbsp; \u00e9galement touch\u00e9es par l&rsquo;ins\u00e9curit\u00e9 alimentaire, \u00ab\u00a0un facteur d&rsquo;abandon scolaire\u00a0\u00bb, selon Yembuani Yves Ouoba, directeur de l&rsquo;association burkinab\u00e8 Tin Tua. L&rsquo;ONG reconna\u00eet toutefois que la \u00ab\u00a0r\u00e9ouverture\u00a0\u00bb et la \u00ab\u00a0d\u00e9localisation\u00a0\u00bb d&rsquo;\u00e9coles depuis janvier \u00ab\u00a0constitue un pas dans la bonne direction\u00a0\u00bb.&nbsp; Le Burkina Faso est en proie depuis 2015 \u00e0 une spirale de violences&nbsp;&nbsp; terroristes qui ont fait plus de 10.000 morts et quelque deux millions de d\u00e9plac\u00e9s internes. En mars, l&rsquo;Unicef avait indiqu\u00e9 que 10 millions d&rsquo;enfants \u00e9taient menac\u00e9s par l&rsquo;ins\u00e9curit\u00e9 au Sahel central.<\/p>\n\n\n\n<p><strong>K.L. et Agences&nbsp;<\/strong><\/p>\n","protected":false},"excerpt":{"rendered":"<p>Pr\u00e8s d&rsquo;une \u00e9cole sur quatre est ferm\u00e9e au Burkina Faso en raison des violences terroristes qui minent le pays depuis<\/p>\n","protected":false},"author":3,"featured_media":38224,"comment_status":"open","ping_status":"closed","sticky":false,"template":"","format":"standard","meta":{"colormag_page_container_layout":"default_layout","colormag_page_sidebar_layout":"default_layout","om_disable_all_campaigns":false,"_monsterinsights_skip_tracking":false,"_monsterinsights_sitenote_active":false,"_monsterinsights_sitenote_note":"","_monsterinsights_sitenote_category":0,"footnotes":"","_wpscppro_dont_share_socialmedia":false,"_wpscppro_custom_social_share_image":0,"_facebook_share_type":"","_twitter_share_type":"","_linkedin_share_type":"","_pinterest_share_type":"","_linkedin_share_type_page":"","_instagram_share_type":"","_medium_share_type":"","_threads_share_type":"","_google_business_share_type":"","_selected_social_profile":[],"_wpsp_enable_custom_social_template":false,"_wpsp_social_scheduling":{"enabled":false,"datetime":null,"platforms":[],"status":"template_only","dateOption":"today","timeOption":"now","customDays":"","customHours":"","customDate":"","customTime":"","schedulingType":"absolute"},"_wpsp_active_default_template":true},"categories":[37],"tags":[],"class_list":["post-38221","post","type-post","status-publish","format-standard","has-post-thumbnail","hentry","category-monde"],"aioseo_notices":[],"yoast_head":"<!-- This site is optimized with the Yoast SEO plugin v27.4 - https:\/\/yoast.com\/product\/yoast-seo-wordpress\/ -->\n<title>Burkina Faso\u00a0: Pr\u00e8s d&rsquo;une \u00e9cole sur quatre ferm\u00e9e \u00e0 cause des attaques terroristes - La Sentinelle<\/title>\n<meta name=\"robots\" content=\"index, follow, max-snippet:-1, max-image-preview:large, max-video-preview:-1\" \/>\n<link rel=\"canonical\" href=\"https:\/\/lasentinelle.dz\/index.php\/2023\/03\/21\/burkina-faso-pres-dune-ecole-sur-quatre-fermee-a-cause-des-attaques-terroristes\/\" \/>\n<meta property=\"og:locale\" content=\"fr_FR\" \/>\n<meta property=\"og:type\" content=\"article\" \/>\n<meta property=\"og:title\" content=\"Burkina Faso\u00a0: Pr\u00e8s d&rsquo;une \u00e9cole sur quatre ferm\u00e9e \u00e0 cause des attaques terroristes - La Sentinelle\" \/>\n<meta property=\"og:description\" content=\"Pr\u00e8s d&rsquo;une \u00e9cole sur quatre est ferm\u00e9e au Burkina Faso en raison des violences terroristes qui minent le pays depuis\" \/>\n<meta property=\"og:url\" content=\"https:\/\/lasentinelle.dz\/index.php\/2023\/03\/21\/burkina-faso-pres-dune-ecole-sur-quatre-fermee-a-cause-des-attaques-terroristes\/\" \/>\n<meta property=\"og:site_name\" content=\"La Sentinelle\" \/>\n<meta property=\"article:publisher\" content=\"https:\/\/www.facebook.com\/La-Sentinelle-104059864394773\" \/>\n<meta property=\"article:published_time\" content=\"2023-03-21T21:00:00+00:00\" \/>\n<meta property=\"og:image\" content=\"https:\/\/lasentinelle.dz\/wp-content\/uploads\/2023\/03\/image_2023-03-21_175301777.png\" \/>\n\t<meta property=\"og:image:width\" content=\"1200\" \/>\n\t<meta property=\"og:image:height\" content=\"675\" \/>\n\t<meta property=\"og:image:type\" content=\"image\/png\" \/>\n<meta name=\"author\" content=\"La Sentinelle\" \/>\n<meta name=\"twitter:card\" content=\"summary_large_image\" \/>\n<meta name=\"twitter:label1\" content=\"\u00c9crit par\" \/>\n\t<meta name=\"twitter:data1\" content=\"La Sentinelle\" \/>\n\t<meta name=\"twitter:label2\" content=\"Dur\u00e9e de lecture estim\u00e9e\" \/>\n\t<meta name=\"twitter:data2\" content=\"2 minutes\" \/>\n<script type=\"application\/ld+json\" class=\"yoast-schema-graph\">{\"@context\":\"https:\\\/\\\/schema.org\",\"@graph\":[{\"@type\":\"Article\",\"@id\":\"https:\\\/\\\/lasentinelle.dz\\\/index.php\\\/2023\\\/03\\\/21\\\/burkina-faso-pres-dune-ecole-sur-quatre-fermee-a-cause-des-attaques-terroristes\\\/#article\",\"isPartOf\":{\"@id\":\"https:\\\/\\\/lasentinelle.dz\\\/index.php\\\/2023\\\/03\\\/21\\\/burkina-faso-pres-dune-ecole-sur-quatre-fermee-a-cause-des-attaques-terroristes\\\/\"},\"author\":{\"name\":\"La Sentinelle\",\"@id\":\"https:\\\/\\\/lasentinelle.dz\\\/#\\\/schema\\\/person\\\/d865044e22e70a75174ce8bcad3acfb3\"},\"headline\":\"Burkina Faso\u00a0: Pr\u00e8s d&rsquo;une \u00e9cole sur quatre ferm\u00e9e \u00e0 cause des attaques terroristes\",\"datePublished\":\"2023-03-21T21:00:00+00:00\",\"mainEntityOfPage\":{\"@id\":\"https:\\\/\\\/lasentinelle.dz\\\/index.php\\\/2023\\\/03\\\/21\\\/burkina-faso-pres-dune-ecole-sur-quatre-fermee-a-cause-des-attaques-terroristes\\\/\"},\"wordCount\":438,\"commentCount\":0,\"publisher\":{\"@id\":\"https:\\\/\\\/lasentinelle.dz\\\/#organization\"},\"image\":{\"@id\":\"https:\\\/\\\/lasentinelle.dz\\\/index.php\\\/2023\\\/03\\\/21\\\/burkina-faso-pres-dune-ecole-sur-quatre-fermee-a-cause-des-attaques-terroristes\\\/#primaryimage\"},\"thumbnailUrl\":\"https:\\\/\\\/lasentinelle.dz\\\/wp-content\\\/uploads\\\/2023\\\/03\\\/image_2023-03-21_175301777.png\",\"articleSection\":[\"Monde\"],\"inLanguage\":\"fr-FR\",\"potentialAction\":[{\"@type\":\"CommentAction\",\"name\":\"Comment\",\"target\":[\"https:\\\/\\\/lasentinelle.dz\\\/index.php\\\/2023\\\/03\\\/21\\\/burkina-faso-pres-dune-ecole-sur-quatre-fermee-a-cause-des-attaques-terroristes\\\/#respond\"]}]},{\"@type\":\"WebPage\",\"@id\":\"https:\\\/\\\/lasentinelle.dz\\\/index.php\\\/2023\\\/03\\\/21\\\/burkina-faso-pres-dune-ecole-sur-quatre-fermee-a-cause-des-attaques-terroristes\\\/\",\"url\":\"https:\\\/\\\/lasentinelle.dz\\\/index.php\\\/2023\\\/03\\\/21\\\/burkina-faso-pres-dune-ecole-sur-quatre-fermee-a-cause-des-attaques-terroristes\\\/\",\"name\":\"Burkina Faso\u00a0: Pr\u00e8s d&rsquo;une \u00e9cole sur quatre ferm\u00e9e \u00e0 cause des attaques terroristes - La Sentinelle\",\"isPartOf\":{\"@id\":\"https:\\\/\\\/lasentinelle.dz\\\/#website\"},\"primaryImageOfPage\":{\"@id\":\"https:\\\/\\\/lasentinelle.dz\\\/index.php\\\/2023\\\/03\\\/21\\\/burkina-faso-pres-dune-ecole-sur-quatre-fermee-a-cause-des-attaques-terroristes\\\/#primaryimage\"},\"image\":{\"@id\":\"https:\\\/\\\/lasentinelle.dz\\\/index.php\\\/2023\\\/03\\\/21\\\/burkina-faso-pres-dune-ecole-sur-quatre-fermee-a-cause-des-attaques-terroristes\\\/#primaryimage\"},\"thumbnailUrl\":\"https:\\\/\\\/lasentinelle.dz\\\/wp-content\\\/uploads\\\/2023\\\/03\\\/image_2023-03-21_175301777.png\",\"datePublished\":\"2023-03-21T21:00:00+00:00\",\"breadcrumb\":{\"@id\":\"https:\\\/\\\/lasentinelle.dz\\\/index.php\\\/2023\\\/03\\\/21\\\/burkina-faso-pres-dune-ecole-sur-quatre-fermee-a-cause-des-attaques-terroristes\\\/#breadcrumb\"},\"inLanguage\":\"fr-FR\",\"potentialAction\":[{\"@type\":\"ReadAction\",\"target\":[\"https:\\\/\\\/lasentinelle.dz\\\/index.php\\\/2023\\\/03\\\/21\\\/burkina-faso-pres-dune-ecole-sur-quatre-fermee-a-cause-des-attaques-terroristes\\\/\"]}]},{\"@type\":\"ImageObject\",\"inLanguage\":\"fr-FR\",\"@id\":\"https:\\\/\\\/lasentinelle.dz\\\/index.php\\\/2023\\\/03\\\/21\\\/burkina-faso-pres-dune-ecole-sur-quatre-fermee-a-cause-des-attaques-terroristes\\\/#primaryimage\",\"url\":\"https:\\\/\\\/lasentinelle.dz\\\/wp-content\\\/uploads\\\/2023\\\/03\\\/image_2023-03-21_175301777.png\",\"contentUrl\":\"https:\\\/\\\/lasentinelle.dz\\\/wp-content\\\/uploads\\\/2023\\\/03\\\/image_2023-03-21_175301777.png\",\"width\":1200,\"height\":675},{\"@type\":\"BreadcrumbList\",\"@id\":\"https:\\\/\\\/lasentinelle.dz\\\/index.php\\\/2023\\\/03\\\/21\\\/burkina-faso-pres-dune-ecole-sur-quatre-fermee-a-cause-des-attaques-terroristes\\\/#breadcrumb\",\"itemListElement\":[{\"@type\":\"ListItem\",\"position\":1,\"name\":\"Accueil\",\"item\":\"https:\\\/\\\/lasentinelle.dz\\\/\"},{\"@type\":\"ListItem\",\"position\":2,\"name\":\"Burkina Faso\u00a0: Pr\u00e8s d&rsquo;une \u00e9cole sur quatre ferm\u00e9e \u00e0 cause des attaques terroristes\"}]},{\"@type\":\"WebSite\",\"@id\":\"https:\\\/\\\/lasentinelle.dz\\\/#website\",\"url\":\"https:\\\/\\\/lasentinelle.dz\\\/\",\"name\":\"La Sentinelle\",\"description\":\"Quotidien national d&#039;information\",\"publisher\":{\"@id\":\"https:\\\/\\\/lasentinelle.dz\\\/#organization\"},\"potentialAction\":[{\"@type\":\"SearchAction\",\"target\":{\"@type\":\"EntryPoint\",\"urlTemplate\":\"https:\\\/\\\/lasentinelle.dz\\\/?s={search_term_string}\"},\"query-input\":{\"@type\":\"PropertyValueSpecification\",\"valueRequired\":true,\"valueName\":\"search_term_string\"}}],\"inLanguage\":\"fr-FR\"},{\"@type\":\"Organization\",\"@id\":\"https:\\\/\\\/lasentinelle.dz\\\/#organization\",\"name\":\"Quotidien La Sentinelle\",\"url\":\"https:\\\/\\\/lasentinelle.dz\\\/\",\"logo\":{\"@type\":\"ImageObject\",\"inLanguage\":\"fr-FR\",\"@id\":\"https:\\\/\\\/lasentinelle.dz\\\/#\\\/schema\\\/logo\\\/image\\\/\",\"url\":\"https:\\\/\\\/lasentinelle.dz\\\/wp-content\\\/uploads\\\/2021\\\/09\\\/logo-sentinelleSLOGAN-1.png\",\"contentUrl\":\"https:\\\/\\\/lasentinelle.dz\\\/wp-content\\\/uploads\\\/2021\\\/09\\\/logo-sentinelleSLOGAN-1.png\",\"width\":615,\"height\":142,\"caption\":\"Quotidien La Sentinelle\"},\"image\":{\"@id\":\"https:\\\/\\\/lasentinelle.dz\\\/#\\\/schema\\\/logo\\\/image\\\/\"},\"sameAs\":[\"https:\\\/\\\/www.facebook.com\\\/La-Sentinelle-104059864394773\"]},{\"@type\":\"Person\",\"@id\":\"https:\\\/\\\/lasentinelle.dz\\\/#\\\/schema\\\/person\\\/d865044e22e70a75174ce8bcad3acfb3\",\"name\":\"La Sentinelle\",\"image\":{\"@type\":\"ImageObject\",\"inLanguage\":\"fr-FR\",\"@id\":\"https:\\\/\\\/secure.gravatar.com\\\/avatar\\\/57de8e5d4b15d43fb361a71fbb36338450fe67865b528a43dd10ef7c51a20392?s=96&d=mm&r=g\",\"url\":\"https:\\\/\\\/secure.gravatar.com\\\/avatar\\\/57de8e5d4b15d43fb361a71fbb36338450fe67865b528a43dd10ef7c51a20392?s=96&d=mm&r=g\",\"contentUrl\":\"https:\\\/\\\/secure.gravatar.com\\\/avatar\\\/57de8e5d4b15d43fb361a71fbb36338450fe67865b528a43dd10ef7c51a20392?s=96&d=mm&r=g\",\"caption\":\"La Sentinelle\"},\"sameAs\":[\"http:\\\/\\\/www.lasentinelle.dz\"],\"url\":\"https:\\\/\\\/lasentinelle.dz\\\/author\\\/redaction\\\/\"}]}<\/script>\n<!-- \/ Yoast SEO plugin. -->","yoast_head_json":{"title":"Burkina Faso\u00a0: Pr\u00e8s d&rsquo;une \u00e9cole sur quatre ferm\u00e9e \u00e0 cause des attaques terroristes - La Sentinelle","robots":{"index":"index","follow":"follow","max-snippet":"max-snippet:-1","max-image-preview":"max-image-preview:large","max-video-preview":"max-video-preview:-1"},"canonical":"https:\/\/lasentinelle.dz\/index.php\/2023\/03\/21\/burkina-faso-pres-dune-ecole-sur-quatre-fermee-a-cause-des-attaques-terroristes\/","og_locale":"fr_FR","og_type":"article","og_title":"Burkina Faso\u00a0: Pr\u00e8s d&rsquo;une \u00e9cole sur quatre ferm\u00e9e \u00e0 cause des attaques terroristes - La Sentinelle","og_description":"Pr\u00e8s d&rsquo;une \u00e9cole sur quatre est ferm\u00e9e au Burkina Faso en raison des violences terroristes qui minent le pays depuis","og_url":"https:\/\/lasentinelle.dz\/index.php\/2023\/03\/21\/burkina-faso-pres-dune-ecole-sur-quatre-fermee-a-cause-des-attaques-terroristes\/","og_site_name":"La Sentinelle","article_publisher":"https:\/\/www.facebook.com\/La-Sentinelle-104059864394773","article_published_time":"2023-03-21T21:00:00+00:00","og_image":[{"width":1200,"height":675,"url":"https:\/\/lasentinelle.dz\/wp-content\/uploads\/2023\/03\/image_2023-03-21_175301777.png","type":"image\/png"}],"author":"La Sentinelle","twitter_card":"summary_large_image","twitter_misc":{"\u00c9crit par":"La Sentinelle","Dur\u00e9e de lecture estim\u00e9e":"2 minutes"},"schema":{"@context":"https:\/\/schema.org","@graph":[{"@type":"Article","@id":"https:\/\/lasentinelle.dz\/index.php\/2023\/03\/21\/burkina-faso-pres-dune-ecole-sur-quatre-fermee-a-cause-des-attaques-terroristes\/#article","isPartOf":{"@id":"https:\/\/lasentinelle.dz\/index.php\/2023\/03\/21\/burkina-faso-pres-dune-ecole-sur-quatre-fermee-a-cause-des-attaques-terroristes\/"},"author":{"name":"La Sentinelle","@id":"https:\/\/lasentinelle.dz\/#\/schema\/person\/d865044e22e70a75174ce8bcad3acfb3"},"headline":"Burkina Faso\u00a0: Pr\u00e8s d&rsquo;une \u00e9cole sur quatre ferm\u00e9e \u00e0 cause des attaques terroristes","datePublished":"2023-03-21T21:00:00+00:00","mainEntityOfPage":{"@id":"https:\/\/lasentinelle.dz\/index.php\/2023\/03\/21\/burkina-faso-pres-dune-ecole-sur-quatre-fermee-a-cause-des-attaques-terroristes\/"},"wordCount":438,"commentCount":0,"publisher":{"@id":"https:\/\/lasentinelle.dz\/#organization"},"image":{"@id":"https:\/\/lasentinelle.dz\/index.php\/2023\/03\/21\/burkina-faso-pres-dune-ecole-sur-quatre-fermee-a-cause-des-attaques-terroristes\/#primaryimage"},"thumbnailUrl":"https:\/\/lasentinelle.dz\/wp-content\/uploads\/2023\/03\/image_2023-03-21_175301777.png","articleSection":["Monde"],"inLanguage":"fr-FR","potentialAction":[{"@type":"CommentAction","name":"Comment","target":["https:\/\/lasentinelle.dz\/index.php\/2023\/03\/21\/burkina-faso-pres-dune-ecole-sur-quatre-fermee-a-cause-des-attaques-terroristes\/#respond"]}]},{"@type":"WebPage","@id":"https:\/\/lasentinelle.dz\/index.php\/2023\/03\/21\/burkina-faso-pres-dune-ecole-sur-quatre-fermee-a-cause-des-attaques-terroristes\/","url":"https:\/\/lasentinelle.dz\/index.php\/2023\/03\/21\/burkina-faso-pres-dune-ecole-sur-quatre-fermee-a-cause-des-attaques-terroristes\/","name":"Burkina Faso\u00a0: Pr\u00e8s d&rsquo;une \u00e9cole sur quatre ferm\u00e9e \u00e0 cause des attaques terroristes - La Sentinelle","isPartOf":{"@id":"https:\/\/lasentinelle.dz\/#website"},"primaryImageOfPage":{"@id":"https:\/\/lasentinelle.dz\/index.php\/2023\/03\/21\/burkina-faso-pres-dune-ecole-sur-quatre-fermee-a-cause-des-attaques-terroristes\/#primaryimage"},"image":{"@id":"https:\/\/lasentinelle.dz\/index.php\/2023\/03\/21\/burkina-faso-pres-dune-ecole-sur-quatre-fermee-a-cause-des-attaques-terroristes\/#primaryimage"},"thumbnailUrl":"https:\/\/lasentinelle.dz\/wp-content\/uploads\/2023\/03\/image_2023-03-21_175301777.png","datePublished":"2023-03-21T21:00:00+00:00","breadcrumb":{"@id":"https:\/\/lasentinelle.dz\/index.php\/2023\/03\/21\/burkina-faso-pres-dune-ecole-sur-quatre-fermee-a-cause-des-attaques-terroristes\/#breadcrumb"},"inLanguage":"fr-FR","potentialAction":[{"@type":"ReadAction","target":["https:\/\/lasentinelle.dz\/index.php\/2023\/03\/21\/burkina-faso-pres-dune-ecole-sur-quatre-fermee-a-cause-des-attaques-terroristes\/"]}]},{"@type":"ImageObject","inLanguage":"fr-FR","@id":"https:\/\/lasentinelle.dz\/index.php\/2023\/03\/21\/burkina-faso-pres-dune-ecole-sur-quatre-fermee-a-cause-des-attaques-terroristes\/#primaryimage","url":"https:\/\/lasentinelle.dz\/wp-content\/uploads\/2023\/03\/image_2023-03-21_175301777.png","contentUrl":"https:\/\/lasentinelle.dz\/wp-content\/uploads\/2023\/03\/image_2023-03-21_175301777.png","width":1200,"height":675},{"@type":"BreadcrumbList","@id":"https:\/\/lasentinelle.dz\/index.php\/2023\/03\/21\/burkina-faso-pres-dune-ecole-sur-quatre-fermee-a-cause-des-attaques-terroristes\/#breadcrumb","itemListElement":[{"@type":"ListItem","position":1,"name":"Accueil","item":"https:\/\/lasentinelle.dz\/"},{"@type":"ListItem","position":2,"name":"Burkina Faso\u00a0: Pr\u00e8s d&rsquo;une \u00e9cole sur quatre ferm\u00e9e \u00e0 cause des attaques terroristes"}]},{"@type":"WebSite","@id":"https:\/\/lasentinelle.dz\/#website","url":"https:\/\/lasentinelle.dz\/","name":"La Sentinelle","description":"Quotidien national d&#039;information","publisher":{"@id":"https:\/\/lasentinelle.dz\/#organization"},"potentialAction":[{"@type":"SearchAction","target":{"@type":"EntryPoint","urlTemplate":"https:\/\/lasentinelle.dz\/?s={search_term_string}"},"query-input":{"@type":"PropertyValueSpecification","valueRequired":true,"valueName":"search_term_string"}}],"inLanguage":"fr-FR"},{"@type":"Organization","@id":"https:\/\/lasentinelle.dz\/#organization","name":"Quotidien La Sentinelle","url":"https:\/\/lasentinelle.dz\/","logo":{"@type":"ImageObject","inLanguage":"fr-FR","@id":"https:\/\/lasentinelle.dz\/#\/schema\/logo\/image\/","url":"https:\/\/lasentinelle.dz\/wp-content\/uploads\/2021\/09\/logo-sentinelleSLOGAN-1.png","contentUrl":"https:\/\/lasentinelle.dz\/wp-content\/uploads\/2021\/09\/logo-sentinelleSLOGAN-1.png","width":615,"height":142,"caption":"Quotidien La Sentinelle"},"image":{"@id":"https:\/\/lasentinelle.dz\/#\/schema\/logo\/image\/"},"sameAs":["https:\/\/www.facebook.com\/La-Sentinelle-104059864394773"]},{"@type":"Person","@id":"https:\/\/lasentinelle.dz\/#\/schema\/person\/d865044e22e70a75174ce8bcad3acfb3","name":"La Sentinelle","image":{"@type":"ImageObject","inLanguage":"fr-FR","@id":"https:\/\/secure.gravatar.com\/avatar\/57de8e5d4b15d43fb361a71fbb36338450fe67865b528a43dd10ef7c51a20392?s=96&d=mm&r=g","url":"https:\/\/secure.gravatar.com\/avatar\/57de8e5d4b15d43fb361a71fbb36338450fe67865b528a43dd10ef7c51a20392?s=96&d=mm&r=g","contentUrl":"https:\/\/secure.gravatar.com\/avatar\/57de8e5d4b15d43fb361a71fbb36338450fe67865b528a43dd10ef7c51a20392?s=96&d=mm&r=g","caption":"La Sentinelle"},"sameAs":["http:\/\/www.lasentinelle.dz"],"url":"https:\/\/lasentinelle.dz\/author\/redaction\/"}]}},"_links":{"self":[{"href":"https:\/\/lasentinelle.dz\/index.php\/wp-json\/wp\/v2\/posts\/38221","targetHints":{"allow":["GET"]}}],"collection":[{"href":"https:\/\/lasentinelle.dz\/index.php\/wp-json\/wp\/v2\/posts"}],"about":[{"href":"https:\/\/lasentinelle.dz\/index.php\/wp-json\/wp\/v2\/types\/post"}],"author":[{"embeddable":true,"href":"https:\/\/lasentinelle.dz\/index.php\/wp-json\/wp\/v2\/users\/3"}],"replies":[{"embeddable":true,"href":"https:\/\/lasentinelle.dz\/index.php\/wp-json\/wp\/v2\/comments?post=38221"}],"version-history":[{"count":1,"href":"https:\/\/lasentinelle.dz\/index.php\/wp-json\/wp\/v2\/posts\/38221\/revisions"}],"predecessor-version":[{"id":38227,"href":"https:\/\/lasentinelle.dz\/index.php\/wp-json\/wp\/v2\/posts\/38221\/revisions\/38227"}],"wp:featuredmedia":[{"embeddable":true,"href":"https:\/\/lasentinelle.dz\/index.php\/wp-json\/wp\/v2\/media\/38224"}],"wp:attachment":[{"href":"https:\/\/lasentinelle.dz\/index.php\/wp-json\/wp\/v2\/media?parent=38221"}],"wp:term":[{"taxonomy":"category","embeddable":true,"href":"https:\/\/lasentinelle.dz\/index.php\/wp-json\/wp\/v2\/categories?post=38221"},{"taxonomy":"post_tag","embeddable":true,"href":"https:\/\/lasentinelle.dz\/index.php\/wp-json\/wp\/v2\/tags?post=38221"}],"curies":[{"name":"wp","href":"https:\/\/api.w.org\/{rel}","templated":true}]}}