{"id":38236,"date":"2023-03-21T22:00:00","date_gmt":"2023-03-21T21:00:00","guid":{"rendered":"https:\/\/lasentinelle.dz\/?p=38236"},"modified":"2023-03-21T18:32:09","modified_gmt":"2023-03-21T17:32:09","slug":"il-a-rejoint-les-verts-malgre-sa-blessure-le-staff-medical-se-prononcera-sur-le-cas-slimani","status":"publish","type":"post","link":"https:\/\/lasentinelle.dz\/index.php\/2023\/03\/21\/il-a-rejoint-les-verts-malgre-sa-blessure-le-staff-medical-se-prononcera-sur-le-cas-slimani\/","title":{"rendered":"Il a rejoint les Verts malgr\u00e9 sa blessure\u00a0: Le staff m\u00e9dical se prononcera sur le cas Slimani"},"content":{"rendered":"\n<p>Malgr\u00e9 la blessure qu\u2019il a contract\u00e9e dimanche lors du match de championnat Belge ayant oppos\u00e9 en d\u00e9placement son club, le RSC Anderlecht \u00e0 l\u2019OH Louvain, Islam Slimani a tout de m\u00eame rejoint lundi soir le groupe des Verts au Centre technique nationale (CTN) de Sidi Moussa, a indiqu\u00e9 la FAF sur son site officiel. Le meilleur buteur de la s\u00e9lection nationale a \u00e9t\u00e9 pris en charge par le staff m\u00e9dical qui devra se prononcer sur sa situation pour la suite du stage.<\/p>\n\n\n\n<p>L&rsquo;attaquant international alg\u00e9rien d&rsquo;Anderlecht (Div.1 belge de football) Islam Slimani, bless\u00e9, sera pris en charge par le staff m\u00e9dical qui devra se prononcer sur sa situation pour la suite du stage, entam\u00e9 lundi au Centre technique national (CTN) de Sidi Moussa, en vue de la double confrontation face au Niger, les 23 et 27 mars, comptant pour les 3e et 4e journ\u00e9es (Gr.F) des qualifications de la CAN-2023 (report\u00e9e \u00e0 2024), a indiqu\u00e9 hier &nbsp;la F\u00e9d\u00e9ration alg\u00e9rienne (FAF). \u00ab\u00a0Malgr\u00e9 la blessure qu\u2019il a contract\u00e9e dimanche, Islam Slimani a tout de m\u00eame rejoint hier le groupe des \u00ab\u00a0Verts\u00a0\u00bb au (CTN) de Sidi Moussa\u00a0\u00bb, pr\u00e9cise la FAF. Slimani (34 ans) s&rsquo;est bless\u00e9 dimanche lors de la victoire en d\u00e9placement face \u00e0 l&rsquo;OH Louvain (2-0), dans le cadre de la 30e journ\u00e9e du championnat belge. Au cours de ce match qui a vu le meilleur buteur historique de la s\u00e9lection marquer son 7e but avec les \u00ab\u00a0Mauves\u00a0\u00bb, toutes comp\u00e9titions confondues, Slimani a ressenti des douleurs derri\u00e8re la cuisse, ce qui l&rsquo;a contraint \u00e0 c\u00e9der sa place \u00e0 la 77e minute. Le coach national Djamel Belmadi a appel\u00e9 en renfort l&rsquo;attaquant d&rsquo;Al-Sadd (Div.1\/ Qatar) Baghdad Bounedjah, qui signe son \u00ab\u00a0come-back\u00a0\u00bb chez les \u00ab\u00a0Verts\u00a0\u00bb apr\u00e8s plus d&rsquo;une ann\u00e9e d&rsquo;absence. Sa derni\u00e8re apparition remonte \u00e0 la CAN-2021 (report\u00e9e \u00e0 2022) au Cameroun. L&rsquo;Alg\u00e9rie recevra le Niger jeudi au stade Nelson-Mandela de Baraki (22h00), avant de se rendre \u00e0 Tunis pour d\u00e9fier le m\u00eame adversaire, le lundi 27 mars au stade Hamadi Agrebi de Rad\u00e8s (17h00). Le stade \u00a0\u00bbG\u00e9n\u00e9ral Seyni-Kountch\u00e9\u00a0\u00bb de Niamey n&rsquo;a pas \u00e9t\u00e9 homologu\u00e9 par la Conf\u00e9d\u00e9ration africaine de football (CAF). Vainqueur en juin 2022 de ses deux premiers matchs \u00e0 la maison face \u00e0 l\u2019Ouganda (2-0) et en d\u00e9placement devant la Tanzanie (2-0), l\u2019Alg\u00e9rie est leader du groupe F avec 6 points devant le Niger (2 points), alors que la Tanzanie et l\u2019Ouganda ferment la marche avec un point.<\/p>\n\n\n\n<p>R.S.<\/p>\n","protected":false},"excerpt":{"rendered":"<p>Malgr\u00e9 la blessure qu\u2019il a contract\u00e9e dimanche lors du match de championnat Belge ayant oppos\u00e9 en d\u00e9placement son club, le<\/p>\n","protected":false},"author":3,"featured_media":38237,"comment_status":"open","ping_status":"closed","sticky":false,"template":"","format":"standard","meta":{"colormag_page_container_layout":"default_layout","colormag_page_sidebar_layout":"default_layout","om_disable_all_campaigns":false,"_monsterinsights_skip_tracking":false,"_monsterinsights_sitenote_active":false,"_monsterinsights_sitenote_note":"","_monsterinsights_sitenote_category":0,"footnotes":"","_wpscppro_dont_share_socialmedia":false,"_wpscppro_custom_social_share_image":0,"_facebook_share_type":"","_twitter_share_type":"","_linkedin_share_type":"","_pinterest_share_type":"","_linkedin_share_type_page":"","_instagram_share_type":"","_medium_share_type":"","_threads_share_type":"","_google_business_share_type":"","_selected_social_profile":[],"_wpsp_enable_custom_social_template":false,"_wpsp_social_scheduling":{"enabled":false,"datetime":null,"platforms":[],"status":"template_only","dateOption":"today","timeOption":"now","customDays":"","customHours":"","customDate":"","customTime":"","schedulingType":"absolute"},"_wpsp_active_default_template":true},"categories":[33],"tags":[],"class_list":["post-38236","post","type-post","status-publish","format-standard","has-post-thumbnail","hentry","category-sports"],"aioseo_notices":[],"yoast_head":"<!-- This site is optimized with the Yoast SEO plugin v27.4 - https:\/\/yoast.com\/product\/yoast-seo-wordpress\/ -->\n<title>Il a rejoint les Verts malgr\u00e9 sa blessure\u00a0: Le staff m\u00e9dical se prononcera sur le cas Slimani - La Sentinelle<\/title>\n<meta name=\"robots\" content=\"index, follow, max-snippet:-1, max-image-preview:large, max-video-preview:-1\" \/>\n<link rel=\"canonical\" href=\"https:\/\/lasentinelle.dz\/index.php\/2023\/03\/21\/il-a-rejoint-les-verts-malgre-sa-blessure-le-staff-medical-se-prononcera-sur-le-cas-slimani\/\" \/>\n<meta property=\"og:locale\" content=\"fr_FR\" \/>\n<meta property=\"og:type\" content=\"article\" \/>\n<meta property=\"og:title\" content=\"Il a rejoint les Verts malgr\u00e9 sa blessure\u00a0: Le staff m\u00e9dical se prononcera sur le cas Slimani - La Sentinelle\" \/>\n<meta property=\"og:description\" content=\"Malgr\u00e9 la blessure qu\u2019il a contract\u00e9e dimanche lors du match de championnat Belge ayant oppos\u00e9 en d\u00e9placement son club, le\" \/>\n<meta property=\"og:url\" content=\"https:\/\/lasentinelle.dz\/index.php\/2023\/03\/21\/il-a-rejoint-les-verts-malgre-sa-blessure-le-staff-medical-se-prononcera-sur-le-cas-slimani\/\" \/>\n<meta property=\"og:site_name\" content=\"La Sentinelle\" \/>\n<meta property=\"article:publisher\" content=\"https:\/\/www.facebook.com\/La-Sentinelle-104059864394773\" \/>\n<meta property=\"article:published_time\" content=\"2023-03-21T21:00:00+00:00\" \/>\n<meta property=\"og:image\" content=\"https:\/\/lasentinelle.dz\/wp-content\/uploads\/2023\/03\/slimani.png\" \/>\n\t<meta property=\"og:image:width\" content=\"900\" \/>\n\t<meta property=\"og:image:height\" content=\"675\" \/>\n\t<meta property=\"og:image:type\" content=\"image\/png\" \/>\n<meta name=\"author\" content=\"La Sentinelle\" \/>\n<meta name=\"twitter:card\" content=\"summary_large_image\" \/>\n<meta name=\"twitter:label1\" content=\"\u00c9crit par\" \/>\n\t<meta name=\"twitter:data1\" content=\"La Sentinelle\" \/>\n\t<meta name=\"twitter:label2\" content=\"Dur\u00e9e de lecture estim\u00e9e\" \/>\n\t<meta name=\"twitter:data2\" content=\"3 minutes\" \/>\n<script type=\"application\/ld+json\" class=\"yoast-schema-graph\">{\"@context\":\"https:\\\/\\\/schema.org\",\"@graph\":[{\"@type\":\"Article\",\"@id\":\"https:\\\/\\\/lasentinelle.dz\\\/index.php\\\/2023\\\/03\\\/21\\\/il-a-rejoint-les-verts-malgre-sa-blessure-le-staff-medical-se-prononcera-sur-le-cas-slimani\\\/#article\",\"isPartOf\":{\"@id\":\"https:\\\/\\\/lasentinelle.dz\\\/index.php\\\/2023\\\/03\\\/21\\\/il-a-rejoint-les-verts-malgre-sa-blessure-le-staff-medical-se-prononcera-sur-le-cas-slimani\\\/\"},\"author\":{\"name\":\"La Sentinelle\",\"@id\":\"https:\\\/\\\/lasentinelle.dz\\\/#\\\/schema\\\/person\\\/d865044e22e70a75174ce8bcad3acfb3\"},\"headline\":\"Il a rejoint les Verts malgr\u00e9 sa blessure\u00a0: Le staff m\u00e9dical se prononcera sur le cas Slimani\",\"datePublished\":\"2023-03-21T21:00:00+00:00\",\"mainEntityOfPage\":{\"@id\":\"https:\\\/\\\/lasentinelle.dz\\\/index.php\\\/2023\\\/03\\\/21\\\/il-a-rejoint-les-verts-malgre-sa-blessure-le-staff-medical-se-prononcera-sur-le-cas-slimani\\\/\"},\"wordCount\":452,\"commentCount\":0,\"publisher\":{\"@id\":\"https:\\\/\\\/lasentinelle.dz\\\/#organization\"},\"image\":{\"@id\":\"https:\\\/\\\/lasentinelle.dz\\\/index.php\\\/2023\\\/03\\\/21\\\/il-a-rejoint-les-verts-malgre-sa-blessure-le-staff-medical-se-prononcera-sur-le-cas-slimani\\\/#primaryimage\"},\"thumbnailUrl\":\"https:\\\/\\\/lasentinelle.dz\\\/wp-content\\\/uploads\\\/2023\\\/03\\\/slimani.png\",\"articleSection\":[\"Sports\"],\"inLanguage\":\"fr-FR\",\"potentialAction\":[{\"@type\":\"CommentAction\",\"name\":\"Comment\",\"target\":[\"https:\\\/\\\/lasentinelle.dz\\\/index.php\\\/2023\\\/03\\\/21\\\/il-a-rejoint-les-verts-malgre-sa-blessure-le-staff-medical-se-prononcera-sur-le-cas-slimani\\\/#respond\"]}]},{\"@type\":\"WebPage\",\"@id\":\"https:\\\/\\\/lasentinelle.dz\\\/index.php\\\/2023\\\/03\\\/21\\\/il-a-rejoint-les-verts-malgre-sa-blessure-le-staff-medical-se-prononcera-sur-le-cas-slimani\\\/\",\"url\":\"https:\\\/\\\/lasentinelle.dz\\\/index.php\\\/2023\\\/03\\\/21\\\/il-a-rejoint-les-verts-malgre-sa-blessure-le-staff-medical-se-prononcera-sur-le-cas-slimani\\\/\",\"name\":\"Il a rejoint les Verts malgr\u00e9 sa blessure\u00a0: Le staff m\u00e9dical se prononcera sur le cas Slimani - La Sentinelle\",\"isPartOf\":{\"@id\":\"https:\\\/\\\/lasentinelle.dz\\\/#website\"},\"primaryImageOfPage\":{\"@id\":\"https:\\\/\\\/lasentinelle.dz\\\/index.php\\\/2023\\\/03\\\/21\\\/il-a-rejoint-les-verts-malgre-sa-blessure-le-staff-medical-se-prononcera-sur-le-cas-slimani\\\/#primaryimage\"},\"image\":{\"@id\":\"https:\\\/\\\/lasentinelle.dz\\\/index.php\\\/2023\\\/03\\\/21\\\/il-a-rejoint-les-verts-malgre-sa-blessure-le-staff-medical-se-prononcera-sur-le-cas-slimani\\\/#primaryimage\"},\"thumbnailUrl\":\"https:\\\/\\\/lasentinelle.dz\\\/wp-content\\\/uploads\\\/2023\\\/03\\\/slimani.png\",\"datePublished\":\"2023-03-21T21:00:00+00:00\",\"breadcrumb\":{\"@id\":\"https:\\\/\\\/lasentinelle.dz\\\/index.php\\\/2023\\\/03\\\/21\\\/il-a-rejoint-les-verts-malgre-sa-blessure-le-staff-medical-se-prononcera-sur-le-cas-slimani\\\/#breadcrumb\"},\"inLanguage\":\"fr-FR\",\"potentialAction\":[{\"@type\":\"ReadAction\",\"target\":[\"https:\\\/\\\/lasentinelle.dz\\\/index.php\\\/2023\\\/03\\\/21\\\/il-a-rejoint-les-verts-malgre-sa-blessure-le-staff-medical-se-prononcera-sur-le-cas-slimani\\\/\"]}]},{\"@type\":\"ImageObject\",\"inLanguage\":\"fr-FR\",\"@id\":\"https:\\\/\\\/lasentinelle.dz\\\/index.php\\\/2023\\\/03\\\/21\\\/il-a-rejoint-les-verts-malgre-sa-blessure-le-staff-medical-se-prononcera-sur-le-cas-slimani\\\/#primaryimage\",\"url\":\"https:\\\/\\\/lasentinelle.dz\\\/wp-content\\\/uploads\\\/2023\\\/03\\\/slimani.png\",\"contentUrl\":\"https:\\\/\\\/lasentinelle.dz\\\/wp-content\\\/uploads\\\/2023\\\/03\\\/slimani.png\",\"width\":900,\"height\":675},{\"@type\":\"BreadcrumbList\",\"@id\":\"https:\\\/\\\/lasentinelle.dz\\\/index.php\\\/2023\\\/03\\\/21\\\/il-a-rejoint-les-verts-malgre-sa-blessure-le-staff-medical-se-prononcera-sur-le-cas-slimani\\\/#breadcrumb\",\"itemListElement\":[{\"@type\":\"ListItem\",\"position\":1,\"name\":\"Accueil\",\"item\":\"https:\\\/\\\/lasentinelle.dz\\\/\"},{\"@type\":\"ListItem\",\"position\":2,\"name\":\"Il a rejoint les Verts malgr\u00e9 sa blessure\u00a0: Le staff m\u00e9dical se prononcera sur le cas Slimani\"}]},{\"@type\":\"WebSite\",\"@id\":\"https:\\\/\\\/lasentinelle.dz\\\/#website\",\"url\":\"https:\\\/\\\/lasentinelle.dz\\\/\",\"name\":\"La Sentinelle\",\"description\":\"Quotidien national d&#039;information\",\"publisher\":{\"@id\":\"https:\\\/\\\/lasentinelle.dz\\\/#organization\"},\"potentialAction\":[{\"@type\":\"SearchAction\",\"target\":{\"@type\":\"EntryPoint\",\"urlTemplate\":\"https:\\\/\\\/lasentinelle.dz\\\/?s={search_term_string}\"},\"query-input\":{\"@type\":\"PropertyValueSpecification\",\"valueRequired\":true,\"valueName\":\"search_term_string\"}}],\"inLanguage\":\"fr-FR\"},{\"@type\":\"Organization\",\"@id\":\"https:\\\/\\\/lasentinelle.dz\\\/#organization\",\"name\":\"Quotidien La Sentinelle\",\"url\":\"https:\\\/\\\/lasentinelle.dz\\\/\",\"logo\":{\"@type\":\"ImageObject\",\"inLanguage\":\"fr-FR\",\"@id\":\"https:\\\/\\\/lasentinelle.dz\\\/#\\\/schema\\\/logo\\\/image\\\/\",\"url\":\"https:\\\/\\\/lasentinelle.dz\\\/wp-content\\\/uploads\\\/2021\\\/09\\\/logo-sentinelleSLOGAN-1.png\",\"contentUrl\":\"https:\\\/\\\/lasentinelle.dz\\\/wp-content\\\/uploads\\\/2021\\\/09\\\/logo-sentinelleSLOGAN-1.png\",\"width\":615,\"height\":142,\"caption\":\"Quotidien La Sentinelle\"},\"image\":{\"@id\":\"https:\\\/\\\/lasentinelle.dz\\\/#\\\/schema\\\/logo\\\/image\\\/\"},\"sameAs\":[\"https:\\\/\\\/www.facebook.com\\\/La-Sentinelle-104059864394773\"]},{\"@type\":\"Person\",\"@id\":\"https:\\\/\\\/lasentinelle.dz\\\/#\\\/schema\\\/person\\\/d865044e22e70a75174ce8bcad3acfb3\",\"name\":\"La Sentinelle\",\"image\":{\"@type\":\"ImageObject\",\"inLanguage\":\"fr-FR\",\"@id\":\"https:\\\/\\\/secure.gravatar.com\\\/avatar\\\/57de8e5d4b15d43fb361a71fbb36338450fe67865b528a43dd10ef7c51a20392?s=96&d=mm&r=g\",\"url\":\"https:\\\/\\\/secure.gravatar.com\\\/avatar\\\/57de8e5d4b15d43fb361a71fbb36338450fe67865b528a43dd10ef7c51a20392?s=96&d=mm&r=g\",\"contentUrl\":\"https:\\\/\\\/secure.gravatar.com\\\/avatar\\\/57de8e5d4b15d43fb361a71fbb36338450fe67865b528a43dd10ef7c51a20392?s=96&d=mm&r=g\",\"caption\":\"La Sentinelle\"},\"sameAs\":[\"http:\\\/\\\/www.lasentinelle.dz\"],\"url\":\"https:\\\/\\\/lasentinelle.dz\\\/author\\\/redaction\\\/\"}]}<\/script>\n<!-- \/ Yoast SEO plugin. -->","yoast_head_json":{"title":"Il a rejoint les Verts malgr\u00e9 sa blessure\u00a0: Le staff m\u00e9dical se prononcera sur le cas Slimani - La Sentinelle","robots":{"index":"index","follow":"follow","max-snippet":"max-snippet:-1","max-image-preview":"max-image-preview:large","max-video-preview":"max-video-preview:-1"},"canonical":"https:\/\/lasentinelle.dz\/index.php\/2023\/03\/21\/il-a-rejoint-les-verts-malgre-sa-blessure-le-staff-medical-se-prononcera-sur-le-cas-slimani\/","og_locale":"fr_FR","og_type":"article","og_title":"Il a rejoint les Verts malgr\u00e9 sa blessure\u00a0: Le staff m\u00e9dical se prononcera sur le cas Slimani - La Sentinelle","og_description":"Malgr\u00e9 la blessure qu\u2019il a contract\u00e9e dimanche lors du match de championnat Belge ayant oppos\u00e9 en d\u00e9placement son club, le","og_url":"https:\/\/lasentinelle.dz\/index.php\/2023\/03\/21\/il-a-rejoint-les-verts-malgre-sa-blessure-le-staff-medical-se-prononcera-sur-le-cas-slimani\/","og_site_name":"La Sentinelle","article_publisher":"https:\/\/www.facebook.com\/La-Sentinelle-104059864394773","article_published_time":"2023-03-21T21:00:00+00:00","og_image":[{"width":900,"height":675,"url":"https:\/\/lasentinelle.dz\/wp-content\/uploads\/2023\/03\/slimani.png","type":"image\/png"}],"author":"La Sentinelle","twitter_card":"summary_large_image","twitter_misc":{"\u00c9crit par":"La Sentinelle","Dur\u00e9e de lecture estim\u00e9e":"3 minutes"},"schema":{"@context":"https:\/\/schema.org","@graph":[{"@type":"Article","@id":"https:\/\/lasentinelle.dz\/index.php\/2023\/03\/21\/il-a-rejoint-les-verts-malgre-sa-blessure-le-staff-medical-se-prononcera-sur-le-cas-slimani\/#article","isPartOf":{"@id":"https:\/\/lasentinelle.dz\/index.php\/2023\/03\/21\/il-a-rejoint-les-verts-malgre-sa-blessure-le-staff-medical-se-prononcera-sur-le-cas-slimani\/"},"author":{"name":"La Sentinelle","@id":"https:\/\/lasentinelle.dz\/#\/schema\/person\/d865044e22e70a75174ce8bcad3acfb3"},"headline":"Il a rejoint les Verts malgr\u00e9 sa blessure\u00a0: Le staff m\u00e9dical se prononcera sur le cas Slimani","datePublished":"2023-03-21T21:00:00+00:00","mainEntityOfPage":{"@id":"https:\/\/lasentinelle.dz\/index.php\/2023\/03\/21\/il-a-rejoint-les-verts-malgre-sa-blessure-le-staff-medical-se-prononcera-sur-le-cas-slimani\/"},"wordCount":452,"commentCount":0,"publisher":{"@id":"https:\/\/lasentinelle.dz\/#organization"},"image":{"@id":"https:\/\/lasentinelle.dz\/index.php\/2023\/03\/21\/il-a-rejoint-les-verts-malgre-sa-blessure-le-staff-medical-se-prononcera-sur-le-cas-slimani\/#primaryimage"},"thumbnailUrl":"https:\/\/lasentinelle.dz\/wp-content\/uploads\/2023\/03\/slimani.png","articleSection":["Sports"],"inLanguage":"fr-FR","potentialAction":[{"@type":"CommentAction","name":"Comment","target":["https:\/\/lasentinelle.dz\/index.php\/2023\/03\/21\/il-a-rejoint-les-verts-malgre-sa-blessure-le-staff-medical-se-prononcera-sur-le-cas-slimani\/#respond"]}]},{"@type":"WebPage","@id":"https:\/\/lasentinelle.dz\/index.php\/2023\/03\/21\/il-a-rejoint-les-verts-malgre-sa-blessure-le-staff-medical-se-prononcera-sur-le-cas-slimani\/","url":"https:\/\/lasentinelle.dz\/index.php\/2023\/03\/21\/il-a-rejoint-les-verts-malgre-sa-blessure-le-staff-medical-se-prononcera-sur-le-cas-slimani\/","name":"Il a rejoint les Verts malgr\u00e9 sa blessure\u00a0: Le staff m\u00e9dical se prononcera sur le cas Slimani - La Sentinelle","isPartOf":{"@id":"https:\/\/lasentinelle.dz\/#website"},"primaryImageOfPage":{"@id":"https:\/\/lasentinelle.dz\/index.php\/2023\/03\/21\/il-a-rejoint-les-verts-malgre-sa-blessure-le-staff-medical-se-prononcera-sur-le-cas-slimani\/#primaryimage"},"image":{"@id":"https:\/\/lasentinelle.dz\/index.php\/2023\/03\/21\/il-a-rejoint-les-verts-malgre-sa-blessure-le-staff-medical-se-prononcera-sur-le-cas-slimani\/#primaryimage"},"thumbnailUrl":"https:\/\/lasentinelle.dz\/wp-content\/uploads\/2023\/03\/slimani.png","datePublished":"2023-03-21T21:00:00+00:00","breadcrumb":{"@id":"https:\/\/lasentinelle.dz\/index.php\/2023\/03\/21\/il-a-rejoint-les-verts-malgre-sa-blessure-le-staff-medical-se-prononcera-sur-le-cas-slimani\/#breadcrumb"},"inLanguage":"fr-FR","potentialAction":[{"@type":"ReadAction","target":["https:\/\/lasentinelle.dz\/index.php\/2023\/03\/21\/il-a-rejoint-les-verts-malgre-sa-blessure-le-staff-medical-se-prononcera-sur-le-cas-slimani\/"]}]},{"@type":"ImageObject","inLanguage":"fr-FR","@id":"https:\/\/lasentinelle.dz\/index.php\/2023\/03\/21\/il-a-rejoint-les-verts-malgre-sa-blessure-le-staff-medical-se-prononcera-sur-le-cas-slimani\/#primaryimage","url":"https:\/\/lasentinelle.dz\/wp-content\/uploads\/2023\/03\/slimani.png","contentUrl":"https:\/\/lasentinelle.dz\/wp-content\/uploads\/2023\/03\/slimani.png","width":900,"height":675},{"@type":"BreadcrumbList","@id":"https:\/\/lasentinelle.dz\/index.php\/2023\/03\/21\/il-a-rejoint-les-verts-malgre-sa-blessure-le-staff-medical-se-prononcera-sur-le-cas-slimani\/#breadcrumb","itemListElement":[{"@type":"ListItem","position":1,"name":"Accueil","item":"https:\/\/lasentinelle.dz\/"},{"@type":"ListItem","position":2,"name":"Il a rejoint les Verts malgr\u00e9 sa blessure\u00a0: Le staff m\u00e9dical se prononcera sur le cas Slimani"}]},{"@type":"WebSite","@id":"https:\/\/lasentinelle.dz\/#website","url":"https:\/\/lasentinelle.dz\/","name":"La Sentinelle","description":"Quotidien national d&#039;information","publisher":{"@id":"https:\/\/lasentinelle.dz\/#organization"},"potentialAction":[{"@type":"SearchAction","target":{"@type":"EntryPoint","urlTemplate":"https:\/\/lasentinelle.dz\/?s={search_term_string}"},"query-input":{"@type":"PropertyValueSpecification","valueRequired":true,"valueName":"search_term_string"}}],"inLanguage":"fr-FR"},{"@type":"Organization","@id":"https:\/\/lasentinelle.dz\/#organization","name":"Quotidien La Sentinelle","url":"https:\/\/lasentinelle.dz\/","logo":{"@type":"ImageObject","inLanguage":"fr-FR","@id":"https:\/\/lasentinelle.dz\/#\/schema\/logo\/image\/","url":"https:\/\/lasentinelle.dz\/wp-content\/uploads\/2021\/09\/logo-sentinelleSLOGAN-1.png","contentUrl":"https:\/\/lasentinelle.dz\/wp-content\/uploads\/2021\/09\/logo-sentinelleSLOGAN-1.png","width":615,"height":142,"caption":"Quotidien La Sentinelle"},"image":{"@id":"https:\/\/lasentinelle.dz\/#\/schema\/logo\/image\/"},"sameAs":["https:\/\/www.facebook.com\/La-Sentinelle-104059864394773"]},{"@type":"Person","@id":"https:\/\/lasentinelle.dz\/#\/schema\/person\/d865044e22e70a75174ce8bcad3acfb3","name":"La Sentinelle","image":{"@type":"ImageObject","inLanguage":"fr-FR","@id":"https:\/\/secure.gravatar.com\/avatar\/57de8e5d4b15d43fb361a71fbb36338450fe67865b528a43dd10ef7c51a20392?s=96&d=mm&r=g","url":"https:\/\/secure.gravatar.com\/avatar\/57de8e5d4b15d43fb361a71fbb36338450fe67865b528a43dd10ef7c51a20392?s=96&d=mm&r=g","contentUrl":"https:\/\/secure.gravatar.com\/avatar\/57de8e5d4b15d43fb361a71fbb36338450fe67865b528a43dd10ef7c51a20392?s=96&d=mm&r=g","caption":"La Sentinelle"},"sameAs":["http:\/\/www.lasentinelle.dz"],"url":"https:\/\/lasentinelle.dz\/author\/redaction\/"}]}},"_links":{"self":[{"href":"https:\/\/lasentinelle.dz\/index.php\/wp-json\/wp\/v2\/posts\/38236","targetHints":{"allow":["GET"]}}],"collection":[{"href":"https:\/\/lasentinelle.dz\/index.php\/wp-json\/wp\/v2\/posts"}],"about":[{"href":"https:\/\/lasentinelle.dz\/index.php\/wp-json\/wp\/v2\/types\/post"}],"author":[{"embeddable":true,"href":"https:\/\/lasentinelle.dz\/index.php\/wp-json\/wp\/v2\/users\/3"}],"replies":[{"embeddable":true,"href":"https:\/\/lasentinelle.dz\/index.php\/wp-json\/wp\/v2\/comments?post=38236"}],"version-history":[{"count":1,"href":"https:\/\/lasentinelle.dz\/index.php\/wp-json\/wp\/v2\/posts\/38236\/revisions"}],"predecessor-version":[{"id":38238,"href":"https:\/\/lasentinelle.dz\/index.php\/wp-json\/wp\/v2\/posts\/38236\/revisions\/38238"}],"wp:featuredmedia":[{"embeddable":true,"href":"https:\/\/lasentinelle.dz\/index.php\/wp-json\/wp\/v2\/media\/38237"}],"wp:attachment":[{"href":"https:\/\/lasentinelle.dz\/index.php\/wp-json\/wp\/v2\/media?parent=38236"}],"wp:term":[{"taxonomy":"category","embeddable":true,"href":"https:\/\/lasentinelle.dz\/index.php\/wp-json\/wp\/v2\/categories?post=38236"},{"taxonomy":"post_tag","embeddable":true,"href":"https:\/\/lasentinelle.dz\/index.php\/wp-json\/wp\/v2\/tags?post=38236"}],"curies":[{"name":"wp","href":"https:\/\/api.w.org\/{rel}","templated":true}]}}