{"id":38246,"date":"2023-03-21T22:05:00","date_gmt":"2023-03-21T21:05:00","guid":{"rendered":"https:\/\/lasentinelle.dz\/?p=38246"},"modified":"2023-03-21T19:47:52","modified_gmt":"2023-03-21T18:47:52","slug":"reduction-des-prix-des-titres-de-transport-au-profit-des-membres-de-la-diaspora-air-algerie-et-lentmv-annoncent-les-nouveaux-tarifs","status":"publish","type":"post","link":"https:\/\/lasentinelle.dz\/index.php\/2023\/03\/21\/reduction-des-prix-des-titres-de-transport-au-profit-des-membres-de-la-diaspora-air-algerie-et-lentmv-annoncent-les-nouveaux-tarifs\/","title":{"rendered":"R\u00e9duction des prix des titres de transport au profit des membres de la Diaspora\u00a0: Air Alg\u00e9rie et l\u2019ENTMV annoncent les nouveaux tarifs"},"content":{"rendered":"\n<p>Le pr\u00e9sident de la R\u00e9publique, Abdelmadjid Tebboune, a ordonn\u00e9 lundi, en Conseil des ministres, la r\u00e9duction de 50% des prix des titres de transport a\u00e9rien et maritime au profit des membres de la Communaut\u00e9 nationale \u00e9tablie \u00e0 l\u2019\u00e9tranger, durant le Ramadhan, et ce, afin de leur permettre de passer le mois sacr\u00e9 en Alg\u00e9rie s\u2019ils le souhaitent. &nbsp;Dans ce sens, Air Alg\u00e9rie a lanc\u00e9 mardi une r\u00e9duction de 50% sur les classes de voyages \u00ab\u00a0Y\u00a0\u00bb et\u00a0\u00bb H\u00a0\u00bb au d\u00e9part de l&rsquo;international vers l&rsquo;Alg\u00e9rie, \u00e0 l&rsquo;occasion du mois de Ramadhan. Selon un communiqu\u00e9 de la compagnie a\u00e9rienne nationale, la p\u00e9riode de vente des billets concern\u00e9s s&rsquo;\u00e9tendra du 21 mars au 23 avril prochain, alors que la p\u00e9riode de voyage s&rsquo;\u00e9talera du 21 mars au 10 mai prochain, pr\u00e9cise la m\u00eame source. \u00ab\u00a0Cette proc\u00e9dure vient suite aux orientations \u00e9mises par le pr\u00e9sident de la R\u00e9publique, M. Abdelmadjid Tebboune, lors du Conseil des ministres tenu lundi\u00a0\u00bb, selon le communiqu\u00e9<\/p>\n\n\n\n<p>De son c\u00f4t\u00e9, l&rsquo;Entreprise nationale de transport maritime de voyageurs (ENTMV) a annonc\u00e9, mardi dans un communiqu\u00e9, que \u00ab&nbsp;conform\u00e9ment aux conclusions du Conseil des ministres, tenu le lundi 20 mars 2023, &nbsp;(\u2026)la r\u00e9duction exceptionnelle de 50%, accord\u00e9e sur la billetterie \u00e0 destination d&rsquo;Alg\u00e9rie, pour des voyages \u00e0 effectuer durant le mois sacr\u00e9 de Ramadhan et les jours de l&rsquo;A\u00efd El Fitr, pour leur offrir la possibilit\u00e9 de passer ce mois sacr\u00e9 en Alg\u00e9rie au sein de leurs familles, et ce, \u00e0 compter du 21 mars 2023 \u00e0 minuit\u00a0\u00bb, est annonc\u00e9e.<\/p>\n\n\n\n<p>R.N.<\/p>\n","protected":false},"excerpt":{"rendered":"<p>Le pr\u00e9sident de la R\u00e9publique, Abdelmadjid Tebboune, a ordonn\u00e9 lundi, en Conseil des ministres, la r\u00e9duction de 50% des prix<\/p>\n","protected":false},"author":3,"featured_media":38251,"comment_status":"open","ping_status":"closed","sticky":false,"template":"","format":"standard","meta":{"colormag_page_container_layout":"default_layout","colormag_page_sidebar_layout":"default_layout","om_disable_all_campaigns":false,"_monsterinsights_skip_tracking":false,"_monsterinsights_sitenote_active":false,"_monsterinsights_sitenote_note":"","_monsterinsights_sitenote_category":0,"footnotes":"","_wpscppro_dont_share_socialmedia":false,"_wpscppro_custom_social_share_image":0,"_facebook_share_type":"","_twitter_share_type":"","_linkedin_share_type":"","_pinterest_share_type":"","_linkedin_share_type_page":"","_instagram_share_type":"","_medium_share_type":"","_threads_share_type":"","_google_business_share_type":"","_selected_social_profile":[],"_wpsp_enable_custom_social_template":false,"_wpsp_social_scheduling":{"enabled":false,"datetime":null,"platforms":[],"status":"template_only","dateOption":"today","timeOption":"now","customDays":"","customHours":"","customDate":"","customTime":"","schedulingType":"absolute"},"_wpsp_active_default_template":true},"categories":[27],"tags":[],"class_list":["post-38246","post","type-post","status-publish","format-standard","has-post-thumbnail","hentry","category-actualite"],"aioseo_notices":[],"yoast_head":"<!-- This site is optimized with the Yoast SEO plugin v27.5 - https:\/\/yoast.com\/product\/yoast-seo-wordpress\/ -->\n<title>R\u00e9duction des prix des titres de transport au profit des membres de la Diaspora\u00a0: Air Alg\u00e9rie et l\u2019ENTMV annoncent les nouveaux tarifs - La Sentinelle<\/title>\n<meta name=\"robots\" content=\"index, follow, max-snippet:-1, max-image-preview:large, max-video-preview:-1\" \/>\n<link rel=\"canonical\" href=\"https:\/\/lasentinelle.dz\/index.php\/2023\/03\/21\/reduction-des-prix-des-titres-de-transport-au-profit-des-membres-de-la-diaspora-air-algerie-et-lentmv-annoncent-les-nouveaux-tarifs\/\" \/>\n<meta property=\"og:locale\" content=\"fr_FR\" \/>\n<meta property=\"og:type\" content=\"article\" \/>\n<meta property=\"og:title\" content=\"R\u00e9duction des prix des titres de transport au profit des membres de la Diaspora\u00a0: Air Alg\u00e9rie et l\u2019ENTMV annoncent les nouveaux tarifs - La Sentinelle\" \/>\n<meta property=\"og:description\" content=\"Le pr\u00e9sident de la R\u00e9publique, Abdelmadjid Tebboune, a ordonn\u00e9 lundi, en Conseil des ministres, la r\u00e9duction de 50% des prix\" \/>\n<meta property=\"og:url\" content=\"https:\/\/lasentinelle.dz\/index.php\/2023\/03\/21\/reduction-des-prix-des-titres-de-transport-au-profit-des-membres-de-la-diaspora-air-algerie-et-lentmv-annoncent-les-nouveaux-tarifs\/\" \/>\n<meta property=\"og:site_name\" content=\"La Sentinelle\" \/>\n<meta property=\"article:publisher\" content=\"https:\/\/www.facebook.com\/La-Sentinelle-104059864394773\" \/>\n<meta property=\"article:published_time\" content=\"2023-03-21T21:05:00+00:00\" \/>\n<meta property=\"og:image\" content=\"https:\/\/lasentinelle.dz\/wp-content\/uploads\/2023\/03\/image_2023-03-21_194743906.png\" \/>\n\t<meta property=\"og:image:width\" content=\"693\" \/>\n\t<meta property=\"og:image:height\" content=\"346\" \/>\n\t<meta property=\"og:image:type\" content=\"image\/png\" \/>\n<meta name=\"author\" content=\"La Sentinelle\" \/>\n<meta name=\"twitter:card\" content=\"summary_large_image\" \/>\n<meta name=\"twitter:label1\" content=\"\u00c9crit par\" \/>\n\t<meta name=\"twitter:data1\" content=\"La Sentinelle\" \/>\n\t<meta name=\"twitter:label2\" content=\"Dur\u00e9e de lecture estim\u00e9e\" \/>\n\t<meta name=\"twitter:data2\" content=\"2 minutes\" \/>\n<script type=\"application\/ld+json\" class=\"yoast-schema-graph\">{\"@context\":\"https:\\\/\\\/schema.org\",\"@graph\":[{\"@type\":\"Article\",\"@id\":\"https:\\\/\\\/lasentinelle.dz\\\/index.php\\\/2023\\\/03\\\/21\\\/reduction-des-prix-des-titres-de-transport-au-profit-des-membres-de-la-diaspora-air-algerie-et-lentmv-annoncent-les-nouveaux-tarifs\\\/#article\",\"isPartOf\":{\"@id\":\"https:\\\/\\\/lasentinelle.dz\\\/index.php\\\/2023\\\/03\\\/21\\\/reduction-des-prix-des-titres-de-transport-au-profit-des-membres-de-la-diaspora-air-algerie-et-lentmv-annoncent-les-nouveaux-tarifs\\\/\"},\"author\":{\"name\":\"La Sentinelle\",\"@id\":\"https:\\\/\\\/lasentinelle.dz\\\/#\\\/schema\\\/person\\\/d865044e22e70a75174ce8bcad3acfb3\"},\"headline\":\"R\u00e9duction des prix des titres de transport au profit des membres de la Diaspora\u00a0: Air Alg\u00e9rie et l\u2019ENTMV annoncent les nouveaux tarifs\",\"datePublished\":\"2023-03-21T21:05:00+00:00\",\"mainEntityOfPage\":{\"@id\":\"https:\\\/\\\/lasentinelle.dz\\\/index.php\\\/2023\\\/03\\\/21\\\/reduction-des-prix-des-titres-de-transport-au-profit-des-membres-de-la-diaspora-air-algerie-et-lentmv-annoncent-les-nouveaux-tarifs\\\/\"},\"wordCount\":295,\"commentCount\":0,\"publisher\":{\"@id\":\"https:\\\/\\\/lasentinelle.dz\\\/#organization\"},\"image\":{\"@id\":\"https:\\\/\\\/lasentinelle.dz\\\/index.php\\\/2023\\\/03\\\/21\\\/reduction-des-prix-des-titres-de-transport-au-profit-des-membres-de-la-diaspora-air-algerie-et-lentmv-annoncent-les-nouveaux-tarifs\\\/#primaryimage\"},\"thumbnailUrl\":\"https:\\\/\\\/lasentinelle.dz\\\/wp-content\\\/uploads\\\/2023\\\/03\\\/image_2023-03-21_194743906.png\",\"articleSection\":[\"Actualit\u00e9\"],\"inLanguage\":\"fr-FR\",\"potentialAction\":[{\"@type\":\"CommentAction\",\"name\":\"Comment\",\"target\":[\"https:\\\/\\\/lasentinelle.dz\\\/index.php\\\/2023\\\/03\\\/21\\\/reduction-des-prix-des-titres-de-transport-au-profit-des-membres-de-la-diaspora-air-algerie-et-lentmv-annoncent-les-nouveaux-tarifs\\\/#respond\"]}]},{\"@type\":\"WebPage\",\"@id\":\"https:\\\/\\\/lasentinelle.dz\\\/index.php\\\/2023\\\/03\\\/21\\\/reduction-des-prix-des-titres-de-transport-au-profit-des-membres-de-la-diaspora-air-algerie-et-lentmv-annoncent-les-nouveaux-tarifs\\\/\",\"url\":\"https:\\\/\\\/lasentinelle.dz\\\/index.php\\\/2023\\\/03\\\/21\\\/reduction-des-prix-des-titres-de-transport-au-profit-des-membres-de-la-diaspora-air-algerie-et-lentmv-annoncent-les-nouveaux-tarifs\\\/\",\"name\":\"R\u00e9duction des prix des titres de transport au profit des membres de la Diaspora\u00a0: Air Alg\u00e9rie et l\u2019ENTMV annoncent les nouveaux tarifs - La Sentinelle\",\"isPartOf\":{\"@id\":\"https:\\\/\\\/lasentinelle.dz\\\/#website\"},\"primaryImageOfPage\":{\"@id\":\"https:\\\/\\\/lasentinelle.dz\\\/index.php\\\/2023\\\/03\\\/21\\\/reduction-des-prix-des-titres-de-transport-au-profit-des-membres-de-la-diaspora-air-algerie-et-lentmv-annoncent-les-nouveaux-tarifs\\\/#primaryimage\"},\"image\":{\"@id\":\"https:\\\/\\\/lasentinelle.dz\\\/index.php\\\/2023\\\/03\\\/21\\\/reduction-des-prix-des-titres-de-transport-au-profit-des-membres-de-la-diaspora-air-algerie-et-lentmv-annoncent-les-nouveaux-tarifs\\\/#primaryimage\"},\"thumbnailUrl\":\"https:\\\/\\\/lasentinelle.dz\\\/wp-content\\\/uploads\\\/2023\\\/03\\\/image_2023-03-21_194743906.png\",\"datePublished\":\"2023-03-21T21:05:00+00:00\",\"breadcrumb\":{\"@id\":\"https:\\\/\\\/lasentinelle.dz\\\/index.php\\\/2023\\\/03\\\/21\\\/reduction-des-prix-des-titres-de-transport-au-profit-des-membres-de-la-diaspora-air-algerie-et-lentmv-annoncent-les-nouveaux-tarifs\\\/#breadcrumb\"},\"inLanguage\":\"fr-FR\",\"potentialAction\":[{\"@type\":\"ReadAction\",\"target\":[\"https:\\\/\\\/lasentinelle.dz\\\/index.php\\\/2023\\\/03\\\/21\\\/reduction-des-prix-des-titres-de-transport-au-profit-des-membres-de-la-diaspora-air-algerie-et-lentmv-annoncent-les-nouveaux-tarifs\\\/\"]}]},{\"@type\":\"ImageObject\",\"inLanguage\":\"fr-FR\",\"@id\":\"https:\\\/\\\/lasentinelle.dz\\\/index.php\\\/2023\\\/03\\\/21\\\/reduction-des-prix-des-titres-de-transport-au-profit-des-membres-de-la-diaspora-air-algerie-et-lentmv-annoncent-les-nouveaux-tarifs\\\/#primaryimage\",\"url\":\"https:\\\/\\\/lasentinelle.dz\\\/wp-content\\\/uploads\\\/2023\\\/03\\\/image_2023-03-21_194743906.png\",\"contentUrl\":\"https:\\\/\\\/lasentinelle.dz\\\/wp-content\\\/uploads\\\/2023\\\/03\\\/image_2023-03-21_194743906.png\",\"width\":693,\"height\":346},{\"@type\":\"BreadcrumbList\",\"@id\":\"https:\\\/\\\/lasentinelle.dz\\\/index.php\\\/2023\\\/03\\\/21\\\/reduction-des-prix-des-titres-de-transport-au-profit-des-membres-de-la-diaspora-air-algerie-et-lentmv-annoncent-les-nouveaux-tarifs\\\/#breadcrumb\",\"itemListElement\":[{\"@type\":\"ListItem\",\"position\":1,\"name\":\"Accueil\",\"item\":\"https:\\\/\\\/lasentinelle.dz\\\/\"},{\"@type\":\"ListItem\",\"position\":2,\"name\":\"R\u00e9duction des prix des titres de transport au profit des membres de la Diaspora\u00a0: Air Alg\u00e9rie et l\u2019ENTMV annoncent les nouveaux tarifs\"}]},{\"@type\":\"WebSite\",\"@id\":\"https:\\\/\\\/lasentinelle.dz\\\/#website\",\"url\":\"https:\\\/\\\/lasentinelle.dz\\\/\",\"name\":\"La Sentinelle\",\"description\":\"Quotidien national d&#039;information\",\"publisher\":{\"@id\":\"https:\\\/\\\/lasentinelle.dz\\\/#organization\"},\"potentialAction\":[{\"@type\":\"SearchAction\",\"target\":{\"@type\":\"EntryPoint\",\"urlTemplate\":\"https:\\\/\\\/lasentinelle.dz\\\/?s={search_term_string}\"},\"query-input\":{\"@type\":\"PropertyValueSpecification\",\"valueRequired\":true,\"valueName\":\"search_term_string\"}}],\"inLanguage\":\"fr-FR\"},{\"@type\":\"Organization\",\"@id\":\"https:\\\/\\\/lasentinelle.dz\\\/#organization\",\"name\":\"Quotidien La Sentinelle\",\"url\":\"https:\\\/\\\/lasentinelle.dz\\\/\",\"logo\":{\"@type\":\"ImageObject\",\"inLanguage\":\"fr-FR\",\"@id\":\"https:\\\/\\\/lasentinelle.dz\\\/#\\\/schema\\\/logo\\\/image\\\/\",\"url\":\"https:\\\/\\\/lasentinelle.dz\\\/wp-content\\\/uploads\\\/2021\\\/09\\\/logo-sentinelleSLOGAN-1.png\",\"contentUrl\":\"https:\\\/\\\/lasentinelle.dz\\\/wp-content\\\/uploads\\\/2021\\\/09\\\/logo-sentinelleSLOGAN-1.png\",\"width\":615,\"height\":142,\"caption\":\"Quotidien La Sentinelle\"},\"image\":{\"@id\":\"https:\\\/\\\/lasentinelle.dz\\\/#\\\/schema\\\/logo\\\/image\\\/\"},\"sameAs\":[\"https:\\\/\\\/www.facebook.com\\\/La-Sentinelle-104059864394773\"]},{\"@type\":\"Person\",\"@id\":\"https:\\\/\\\/lasentinelle.dz\\\/#\\\/schema\\\/person\\\/d865044e22e70a75174ce8bcad3acfb3\",\"name\":\"La Sentinelle\",\"image\":{\"@type\":\"ImageObject\",\"inLanguage\":\"fr-FR\",\"@id\":\"https:\\\/\\\/secure.gravatar.com\\\/avatar\\\/57de8e5d4b15d43fb361a71fbb36338450fe67865b528a43dd10ef7c51a20392?s=96&d=mm&r=g\",\"url\":\"https:\\\/\\\/secure.gravatar.com\\\/avatar\\\/57de8e5d4b15d43fb361a71fbb36338450fe67865b528a43dd10ef7c51a20392?s=96&d=mm&r=g\",\"contentUrl\":\"https:\\\/\\\/secure.gravatar.com\\\/avatar\\\/57de8e5d4b15d43fb361a71fbb36338450fe67865b528a43dd10ef7c51a20392?s=96&d=mm&r=g\",\"caption\":\"La Sentinelle\"},\"sameAs\":[\"http:\\\/\\\/www.lasentinelle.dz\"],\"url\":\"https:\\\/\\\/lasentinelle.dz\\\/author\\\/redaction\\\/\"}]}<\/script>\n<!-- \/ Yoast SEO plugin. -->","yoast_head_json":{"title":"R\u00e9duction des prix des titres de transport au profit des membres de la Diaspora\u00a0: Air Alg\u00e9rie et l\u2019ENTMV annoncent les nouveaux tarifs - La Sentinelle","robots":{"index":"index","follow":"follow","max-snippet":"max-snippet:-1","max-image-preview":"max-image-preview:large","max-video-preview":"max-video-preview:-1"},"canonical":"https:\/\/lasentinelle.dz\/index.php\/2023\/03\/21\/reduction-des-prix-des-titres-de-transport-au-profit-des-membres-de-la-diaspora-air-algerie-et-lentmv-annoncent-les-nouveaux-tarifs\/","og_locale":"fr_FR","og_type":"article","og_title":"R\u00e9duction des prix des titres de transport au profit des membres de la Diaspora\u00a0: Air Alg\u00e9rie et l\u2019ENTMV annoncent les nouveaux tarifs - La Sentinelle","og_description":"Le pr\u00e9sident de la R\u00e9publique, Abdelmadjid Tebboune, a ordonn\u00e9 lundi, en Conseil des ministres, la r\u00e9duction de 50% des prix","og_url":"https:\/\/lasentinelle.dz\/index.php\/2023\/03\/21\/reduction-des-prix-des-titres-de-transport-au-profit-des-membres-de-la-diaspora-air-algerie-et-lentmv-annoncent-les-nouveaux-tarifs\/","og_site_name":"La Sentinelle","article_publisher":"https:\/\/www.facebook.com\/La-Sentinelle-104059864394773","article_published_time":"2023-03-21T21:05:00+00:00","og_image":[{"width":693,"height":346,"url":"https:\/\/lasentinelle.dz\/wp-content\/uploads\/2023\/03\/image_2023-03-21_194743906.png","type":"image\/png"}],"author":"La Sentinelle","twitter_card":"summary_large_image","twitter_misc":{"\u00c9crit par":"La Sentinelle","Dur\u00e9e de lecture estim\u00e9e":"2 minutes"},"schema":{"@context":"https:\/\/schema.org","@graph":[{"@type":"Article","@id":"https:\/\/lasentinelle.dz\/index.php\/2023\/03\/21\/reduction-des-prix-des-titres-de-transport-au-profit-des-membres-de-la-diaspora-air-algerie-et-lentmv-annoncent-les-nouveaux-tarifs\/#article","isPartOf":{"@id":"https:\/\/lasentinelle.dz\/index.php\/2023\/03\/21\/reduction-des-prix-des-titres-de-transport-au-profit-des-membres-de-la-diaspora-air-algerie-et-lentmv-annoncent-les-nouveaux-tarifs\/"},"author":{"name":"La Sentinelle","@id":"https:\/\/lasentinelle.dz\/#\/schema\/person\/d865044e22e70a75174ce8bcad3acfb3"},"headline":"R\u00e9duction des prix des titres de transport au profit des membres de la Diaspora\u00a0: Air Alg\u00e9rie et l\u2019ENTMV annoncent les nouveaux tarifs","datePublished":"2023-03-21T21:05:00+00:00","mainEntityOfPage":{"@id":"https:\/\/lasentinelle.dz\/index.php\/2023\/03\/21\/reduction-des-prix-des-titres-de-transport-au-profit-des-membres-de-la-diaspora-air-algerie-et-lentmv-annoncent-les-nouveaux-tarifs\/"},"wordCount":295,"commentCount":0,"publisher":{"@id":"https:\/\/lasentinelle.dz\/#organization"},"image":{"@id":"https:\/\/lasentinelle.dz\/index.php\/2023\/03\/21\/reduction-des-prix-des-titres-de-transport-au-profit-des-membres-de-la-diaspora-air-algerie-et-lentmv-annoncent-les-nouveaux-tarifs\/#primaryimage"},"thumbnailUrl":"https:\/\/lasentinelle.dz\/wp-content\/uploads\/2023\/03\/image_2023-03-21_194743906.png","articleSection":["Actualit\u00e9"],"inLanguage":"fr-FR","potentialAction":[{"@type":"CommentAction","name":"Comment","target":["https:\/\/lasentinelle.dz\/index.php\/2023\/03\/21\/reduction-des-prix-des-titres-de-transport-au-profit-des-membres-de-la-diaspora-air-algerie-et-lentmv-annoncent-les-nouveaux-tarifs\/#respond"]}]},{"@type":"WebPage","@id":"https:\/\/lasentinelle.dz\/index.php\/2023\/03\/21\/reduction-des-prix-des-titres-de-transport-au-profit-des-membres-de-la-diaspora-air-algerie-et-lentmv-annoncent-les-nouveaux-tarifs\/","url":"https:\/\/lasentinelle.dz\/index.php\/2023\/03\/21\/reduction-des-prix-des-titres-de-transport-au-profit-des-membres-de-la-diaspora-air-algerie-et-lentmv-annoncent-les-nouveaux-tarifs\/","name":"R\u00e9duction des prix des titres de transport au profit des membres de la Diaspora\u00a0: Air Alg\u00e9rie et l\u2019ENTMV annoncent les nouveaux tarifs - La Sentinelle","isPartOf":{"@id":"https:\/\/lasentinelle.dz\/#website"},"primaryImageOfPage":{"@id":"https:\/\/lasentinelle.dz\/index.php\/2023\/03\/21\/reduction-des-prix-des-titres-de-transport-au-profit-des-membres-de-la-diaspora-air-algerie-et-lentmv-annoncent-les-nouveaux-tarifs\/#primaryimage"},"image":{"@id":"https:\/\/lasentinelle.dz\/index.php\/2023\/03\/21\/reduction-des-prix-des-titres-de-transport-au-profit-des-membres-de-la-diaspora-air-algerie-et-lentmv-annoncent-les-nouveaux-tarifs\/#primaryimage"},"thumbnailUrl":"https:\/\/lasentinelle.dz\/wp-content\/uploads\/2023\/03\/image_2023-03-21_194743906.png","datePublished":"2023-03-21T21:05:00+00:00","breadcrumb":{"@id":"https:\/\/lasentinelle.dz\/index.php\/2023\/03\/21\/reduction-des-prix-des-titres-de-transport-au-profit-des-membres-de-la-diaspora-air-algerie-et-lentmv-annoncent-les-nouveaux-tarifs\/#breadcrumb"},"inLanguage":"fr-FR","potentialAction":[{"@type":"ReadAction","target":["https:\/\/lasentinelle.dz\/index.php\/2023\/03\/21\/reduction-des-prix-des-titres-de-transport-au-profit-des-membres-de-la-diaspora-air-algerie-et-lentmv-annoncent-les-nouveaux-tarifs\/"]}]},{"@type":"ImageObject","inLanguage":"fr-FR","@id":"https:\/\/lasentinelle.dz\/index.php\/2023\/03\/21\/reduction-des-prix-des-titres-de-transport-au-profit-des-membres-de-la-diaspora-air-algerie-et-lentmv-annoncent-les-nouveaux-tarifs\/#primaryimage","url":"https:\/\/lasentinelle.dz\/wp-content\/uploads\/2023\/03\/image_2023-03-21_194743906.png","contentUrl":"https:\/\/lasentinelle.dz\/wp-content\/uploads\/2023\/03\/image_2023-03-21_194743906.png","width":693,"height":346},{"@type":"BreadcrumbList","@id":"https:\/\/lasentinelle.dz\/index.php\/2023\/03\/21\/reduction-des-prix-des-titres-de-transport-au-profit-des-membres-de-la-diaspora-air-algerie-et-lentmv-annoncent-les-nouveaux-tarifs\/#breadcrumb","itemListElement":[{"@type":"ListItem","position":1,"name":"Accueil","item":"https:\/\/lasentinelle.dz\/"},{"@type":"ListItem","position":2,"name":"R\u00e9duction des prix des titres de transport au profit des membres de la Diaspora\u00a0: Air Alg\u00e9rie et l\u2019ENTMV annoncent les nouveaux tarifs"}]},{"@type":"WebSite","@id":"https:\/\/lasentinelle.dz\/#website","url":"https:\/\/lasentinelle.dz\/","name":"La Sentinelle","description":"Quotidien national d&#039;information","publisher":{"@id":"https:\/\/lasentinelle.dz\/#organization"},"potentialAction":[{"@type":"SearchAction","target":{"@type":"EntryPoint","urlTemplate":"https:\/\/lasentinelle.dz\/?s={search_term_string}"},"query-input":{"@type":"PropertyValueSpecification","valueRequired":true,"valueName":"search_term_string"}}],"inLanguage":"fr-FR"},{"@type":"Organization","@id":"https:\/\/lasentinelle.dz\/#organization","name":"Quotidien La Sentinelle","url":"https:\/\/lasentinelle.dz\/","logo":{"@type":"ImageObject","inLanguage":"fr-FR","@id":"https:\/\/lasentinelle.dz\/#\/schema\/logo\/image\/","url":"https:\/\/lasentinelle.dz\/wp-content\/uploads\/2021\/09\/logo-sentinelleSLOGAN-1.png","contentUrl":"https:\/\/lasentinelle.dz\/wp-content\/uploads\/2021\/09\/logo-sentinelleSLOGAN-1.png","width":615,"height":142,"caption":"Quotidien La Sentinelle"},"image":{"@id":"https:\/\/lasentinelle.dz\/#\/schema\/logo\/image\/"},"sameAs":["https:\/\/www.facebook.com\/La-Sentinelle-104059864394773"]},{"@type":"Person","@id":"https:\/\/lasentinelle.dz\/#\/schema\/person\/d865044e22e70a75174ce8bcad3acfb3","name":"La Sentinelle","image":{"@type":"ImageObject","inLanguage":"fr-FR","@id":"https:\/\/secure.gravatar.com\/avatar\/57de8e5d4b15d43fb361a71fbb36338450fe67865b528a43dd10ef7c51a20392?s=96&d=mm&r=g","url":"https:\/\/secure.gravatar.com\/avatar\/57de8e5d4b15d43fb361a71fbb36338450fe67865b528a43dd10ef7c51a20392?s=96&d=mm&r=g","contentUrl":"https:\/\/secure.gravatar.com\/avatar\/57de8e5d4b15d43fb361a71fbb36338450fe67865b528a43dd10ef7c51a20392?s=96&d=mm&r=g","caption":"La Sentinelle"},"sameAs":["http:\/\/www.lasentinelle.dz"],"url":"https:\/\/lasentinelle.dz\/author\/redaction\/"}]}},"_links":{"self":[{"href":"https:\/\/lasentinelle.dz\/index.php\/wp-json\/wp\/v2\/posts\/38246","targetHints":{"allow":["GET"]}}],"collection":[{"href":"https:\/\/lasentinelle.dz\/index.php\/wp-json\/wp\/v2\/posts"}],"about":[{"href":"https:\/\/lasentinelle.dz\/index.php\/wp-json\/wp\/v2\/types\/post"}],"author":[{"embeddable":true,"href":"https:\/\/lasentinelle.dz\/index.php\/wp-json\/wp\/v2\/users\/3"}],"replies":[{"embeddable":true,"href":"https:\/\/lasentinelle.dz\/index.php\/wp-json\/wp\/v2\/comments?post=38246"}],"version-history":[{"count":1,"href":"https:\/\/lasentinelle.dz\/index.php\/wp-json\/wp\/v2\/posts\/38246\/revisions"}],"predecessor-version":[{"id":38254,"href":"https:\/\/lasentinelle.dz\/index.php\/wp-json\/wp\/v2\/posts\/38246\/revisions\/38254"}],"wp:featuredmedia":[{"embeddable":true,"href":"https:\/\/lasentinelle.dz\/index.php\/wp-json\/wp\/v2\/media\/38251"}],"wp:attachment":[{"href":"https:\/\/lasentinelle.dz\/index.php\/wp-json\/wp\/v2\/media?parent=38246"}],"wp:term":[{"taxonomy":"category","embeddable":true,"href":"https:\/\/lasentinelle.dz\/index.php\/wp-json\/wp\/v2\/categories?post=38246"},{"taxonomy":"post_tag","embeddable":true,"href":"https:\/\/lasentinelle.dz\/index.php\/wp-json\/wp\/v2\/tags?post=38246"}],"curies":[{"name":"wp","href":"https:\/\/api.w.org\/{rel}","templated":true}]}}