{"id":38247,"date":"2023-03-21T22:05:00","date_gmt":"2023-03-21T21:05:00","guid":{"rendered":"https:\/\/lasentinelle.dz\/?p=38247"},"modified":"2023-03-21T19:47:01","modified_gmt":"2023-03-21T18:47:01","slug":"barrage-vert-un-programme-de-rehabilitation-de-75-milliards-da-a-lhorizon-2030","status":"publish","type":"post","link":"https:\/\/lasentinelle.dz\/index.php\/2023\/03\/21\/barrage-vert-un-programme-de-rehabilitation-de-75-milliards-da-a-lhorizon-2030\/","title":{"rendered":"Barrage vert\u00a0: Un programme de r\u00e9habilitation de 75 milliards DA \u00e0 l\u2019horizon 2030"},"content":{"rendered":"\n<p>Une vaste campagne de reboisement a \u00e9t\u00e9 organis\u00e9e hier \u00e0 l\u2019occasion de la Journ\u00e9e internationale des for\u00eats. Pays semi-aride et particuli\u00e8rement expos\u00e9 aux ph\u00e9nom\u00e8nes de s\u00e9cheresse, de d\u00e9sertification et aux incendies, l\u2019Alg\u00e9rie attache une importance particuli\u00e8re \u00e0 la pr\u00e9servation et \u00e0 la promotion de la richesse foresti\u00e8re. Un attachement qui ne date pas d\u2019aujourd\u2019hui. Le projet de Barrage Vert, lanc\u00e9 dans les ann\u00e9es 70 du si\u00e8cle dernier refl\u00e8te l\u2019int\u00e9r\u00eat pr\u00e9coce qu\u2019a port\u00e9 l\u2019Alg\u00e9rie au reboisement et au r\u00f4le des for\u00eats dans la lutte contre la d\u00e9sertification. Un projet qui vient d\u2019\u00eatre relancer, avec un programme de r\u00e9habilitation qui doit mobiliser durant la p\u00e9riode 2023-2023 un budget de 75 milliards de dinars. &nbsp;Selon la directrice de la lutte contre la d\u00e9sertification et du Barrage vert \u00e0 la Direction g\u00e9n\u00e9rale des For\u00eats, Fartas Saliha, ce programme pr\u00e9voit des op\u00e9rations de reboisement d&rsquo;une superficie de 17.000 hectares sur 7 ans en sus d&rsquo;autres op\u00e9rations de d\u00e9veloppement pour r\u00e9habiliter le Barrage vert, avant de pr\u00e9ciser que ce programme sera mis en \u0153uvre en coordination avec les parties concern\u00e9es au niveau de 183 communes r\u00e9parties sur 13 wilayas sur plusieurs \u00e9tapes, la premi\u00e8re devant s&rsquo;\u00e9taler de 2023 \u00e0 2026 pour un budget de 10 millards &nbsp;DA. Dans le cadre de ce budget, 13% des op\u00e9rations pr\u00e9vues au titre du programme de r\u00e9habilitation seront financ\u00e9s ce qui permettra la cr\u00e9ation de plus de 10.000 postes d&#8217;emploi et l&rsquo;\u00e9limination de 2.000 tonnes de carbone, a-t-elle ajout\u00e9. Concr\u00e8tement, la r\u00e9alisation de la premi\u00e8re partie de cette op\u00e9ration sera prise en charge par le Groupe public de G\u00e9nie rurale (GGR) et le Bureau national d&rsquo;\u00e9tudes pour le d\u00e9veloppement rural (BNEDER) et ce dans le cadre de march\u00e9s de gr\u00e9 \u00e0 gr\u00e9, selon la m\u00eame responsable qui a fait savoir que les projets de march\u00e9 avaient \u00e9t\u00e9 examin\u00e9s le 1 f\u00e9vrier dernier. S&rsquo;agissant des op\u00e9rations assign\u00e9es au GGR, une enveloppe financi\u00e8re de plus de 9,3 mds a \u00e9t\u00e9 allou\u00e9e pour la plantation de 18 millions d&rsquo;arbres sur une superficie 17.003,16 hectares et 1.012,5 km Ces op\u00e9rations concernent le reboisement de 7.440,5 hectares de zones foresti\u00e8res, 2.640 hectares de p\u00e2turage, 444,16 hectares de figuiers de barbarie et de 4.331,5 hectares d&rsquo;arbres fruitiers en plus de la r\u00e9alisation de 1.012,5 km de brise-vent. S&rsquo;ajoutent \u00e0 ces actions, les travaux de r\u00e9alisation d&rsquo;une bande verte sur une superficie de 929,5 hectares et des projets de stabilisation des dunes sur une superficie de 1129,5 hectares. Un int\u00e9r\u00eat particulier sera accord\u00e9 \u00e0 la pr\u00e9servation de l&rsquo;eau et du sol en vue de garantir la pr\u00e9servation de 30.100 M3 de cette ressource vitale. Elle a expliqu\u00e9 que dans le cadre de la nouvelle vision du barrage vert initi\u00e9 par les pouvoirs publics, d&rsquo;autres op\u00e9rations au profit de la population seront r\u00e9alis\u00e9es. Il s&rsquo;agit de la r\u00e9alisation de 64 unit\u00e9s de collecte d&rsquo;eau, de l&rsquo;ouverture 529 pistes rurales et de l&rsquo;am\u00e9nagement d&rsquo;une superficie d&rsquo;au moins 140 km de pistes rurales. Le Bureau national d\u2019\u00e9tudes pour le d\u00e9veloppement rural (BNEDER), quant \u00e0 lui, supervisera l&rsquo;\u00e9tude et l&rsquo;\u00e9valuation du programme de r\u00e9habilitation du barrage vert avec une enveloppe financi\u00e8re de plus de 684 millions DA. S&rsquo;agissant du bilan du programme de r\u00e9habilitation du barrage vert pour la p\u00e9riode 2020-2023, Mme Fartas a fait savoir que la superficie touch\u00e9e par les op\u00e9rations de reboisement s&rsquo;\u00e9l\u00e8ve \u00e0 19626 hectares sur 26234 hectares programm\u00e9s, soit un taux de r\u00e9alisation de 75%. Le bilan fait \u00e9tat du reboisement de 17545 hectares de superficies foresti\u00e8res, 448 hectares de p\u00e2turage, et de 1513 espaces d&rsquo;arbres fruitiers, outre la stabilisation de 143 hectares de dunes. Dans le cadre du m\u00eame programme auquel une enveloppe financi\u00e8re de 11,7 milliards DA a \u00e9t\u00e9 mobilis\u00e9e, pr\u00e8s de 44894 M3 d&rsquo;eau ont \u00e9t\u00e9 pr\u00e9serv\u00e9s et 413 km de pistes rurales ouvertes.<\/p>\n\n\n\n<p>Chokri Hafed<\/p>\n","protected":false},"excerpt":{"rendered":"<p>Une vaste campagne de reboisement a \u00e9t\u00e9 organis\u00e9e hier \u00e0 l\u2019occasion de la Journ\u00e9e internationale des for\u00eats. Pays semi-aride et<\/p>\n","protected":false},"author":3,"featured_media":18692,"comment_status":"open","ping_status":"closed","sticky":false,"template":"","format":"standard","meta":{"colormag_page_container_layout":"default_layout","colormag_page_sidebar_layout":"default_layout","om_disable_all_campaigns":false,"_monsterinsights_skip_tracking":false,"_monsterinsights_sitenote_active":false,"_monsterinsights_sitenote_note":"","_monsterinsights_sitenote_category":0,"footnotes":"","_wpscppro_dont_share_socialmedia":false,"_wpscppro_custom_social_share_image":0,"_facebook_share_type":"","_twitter_share_type":"","_linkedin_share_type":"","_pinterest_share_type":"","_linkedin_share_type_page":"","_instagram_share_type":"","_medium_share_type":"","_threads_share_type":"","_google_business_share_type":"","_selected_social_profile":[],"_wpsp_enable_custom_social_template":false,"_wpsp_social_scheduling":{"enabled":false,"datetime":null,"platforms":[],"status":"template_only","dateOption":"today","timeOption":"now","customDays":"","customHours":"","customDate":"","customTime":"","schedulingType":"absolute"},"_wpsp_active_default_template":true},"categories":[27],"tags":[],"class_list":["post-38247","post","type-post","status-publish","format-standard","has-post-thumbnail","hentry","category-actualite"],"aioseo_notices":[],"yoast_head":"<!-- This site is optimized with the Yoast SEO plugin v27.5 - https:\/\/yoast.com\/product\/yoast-seo-wordpress\/ -->\n<title>Barrage vert\u00a0: Un programme de r\u00e9habilitation de 75 milliards DA \u00e0 l\u2019horizon 2030 - La Sentinelle<\/title>\n<meta name=\"robots\" content=\"index, follow, max-snippet:-1, max-image-preview:large, max-video-preview:-1\" \/>\n<link rel=\"canonical\" href=\"https:\/\/lasentinelle.dz\/index.php\/2023\/03\/21\/barrage-vert-un-programme-de-rehabilitation-de-75-milliards-da-a-lhorizon-2030\/\" \/>\n<meta property=\"og:locale\" content=\"fr_FR\" \/>\n<meta property=\"og:type\" content=\"article\" \/>\n<meta property=\"og:title\" content=\"Barrage vert\u00a0: Un programme de r\u00e9habilitation de 75 milliards DA \u00e0 l\u2019horizon 2030 - La Sentinelle\" \/>\n<meta property=\"og:description\" content=\"Une vaste campagne de reboisement a \u00e9t\u00e9 organis\u00e9e hier \u00e0 l\u2019occasion de la Journ\u00e9e internationale des for\u00eats. Pays semi-aride et\" \/>\n<meta property=\"og:url\" content=\"https:\/\/lasentinelle.dz\/index.php\/2023\/03\/21\/barrage-vert-un-programme-de-rehabilitation-de-75-milliards-da-a-lhorizon-2030\/\" \/>\n<meta property=\"og:site_name\" content=\"La Sentinelle\" \/>\n<meta property=\"article:publisher\" content=\"https:\/\/www.facebook.com\/La-Sentinelle-104059864394773\" \/>\n<meta property=\"article:published_time\" content=\"2023-03-21T21:05:00+00:00\" \/>\n<meta property=\"og:image\" content=\"https:\/\/lasentinelle.dz\/wp-content\/uploads\/2022\/03\/barrage-vert.png\" \/>\n\t<meta property=\"og:image:width\" content=\"1491\" \/>\n\t<meta property=\"og:image:height\" content=\"900\" \/>\n\t<meta property=\"og:image:type\" content=\"image\/png\" \/>\n<meta name=\"author\" content=\"La Sentinelle\" \/>\n<meta name=\"twitter:card\" content=\"summary_large_image\" \/>\n<meta name=\"twitter:label1\" content=\"\u00c9crit par\" \/>\n\t<meta name=\"twitter:data1\" content=\"La Sentinelle\" \/>\n\t<meta name=\"twitter:label2\" content=\"Dur\u00e9e de lecture estim\u00e9e\" \/>\n\t<meta name=\"twitter:data2\" content=\"4 minutes\" \/>\n<script type=\"application\/ld+json\" class=\"yoast-schema-graph\">{\"@context\":\"https:\\\/\\\/schema.org\",\"@graph\":[{\"@type\":\"Article\",\"@id\":\"https:\\\/\\\/lasentinelle.dz\\\/index.php\\\/2023\\\/03\\\/21\\\/barrage-vert-un-programme-de-rehabilitation-de-75-milliards-da-a-lhorizon-2030\\\/#article\",\"isPartOf\":{\"@id\":\"https:\\\/\\\/lasentinelle.dz\\\/index.php\\\/2023\\\/03\\\/21\\\/barrage-vert-un-programme-de-rehabilitation-de-75-milliards-da-a-lhorizon-2030\\\/\"},\"author\":{\"name\":\"La Sentinelle\",\"@id\":\"https:\\\/\\\/lasentinelle.dz\\\/#\\\/schema\\\/person\\\/d865044e22e70a75174ce8bcad3acfb3\"},\"headline\":\"Barrage vert\u00a0: Un programme de r\u00e9habilitation de 75 milliards DA \u00e0 l\u2019horizon 2030\",\"datePublished\":\"2023-03-21T21:05:00+00:00\",\"mainEntityOfPage\":{\"@id\":\"https:\\\/\\\/lasentinelle.dz\\\/index.php\\\/2023\\\/03\\\/21\\\/barrage-vert-un-programme-de-rehabilitation-de-75-milliards-da-a-lhorizon-2030\\\/\"},\"wordCount\":711,\"commentCount\":0,\"publisher\":{\"@id\":\"https:\\\/\\\/lasentinelle.dz\\\/#organization\"},\"image\":{\"@id\":\"https:\\\/\\\/lasentinelle.dz\\\/index.php\\\/2023\\\/03\\\/21\\\/barrage-vert-un-programme-de-rehabilitation-de-75-milliards-da-a-lhorizon-2030\\\/#primaryimage\"},\"thumbnailUrl\":\"https:\\\/\\\/lasentinelle.dz\\\/wp-content\\\/uploads\\\/2022\\\/03\\\/barrage-vert.png\",\"articleSection\":[\"Actualit\u00e9\"],\"inLanguage\":\"fr-FR\",\"potentialAction\":[{\"@type\":\"CommentAction\",\"name\":\"Comment\",\"target\":[\"https:\\\/\\\/lasentinelle.dz\\\/index.php\\\/2023\\\/03\\\/21\\\/barrage-vert-un-programme-de-rehabilitation-de-75-milliards-da-a-lhorizon-2030\\\/#respond\"]}]},{\"@type\":\"WebPage\",\"@id\":\"https:\\\/\\\/lasentinelle.dz\\\/index.php\\\/2023\\\/03\\\/21\\\/barrage-vert-un-programme-de-rehabilitation-de-75-milliards-da-a-lhorizon-2030\\\/\",\"url\":\"https:\\\/\\\/lasentinelle.dz\\\/index.php\\\/2023\\\/03\\\/21\\\/barrage-vert-un-programme-de-rehabilitation-de-75-milliards-da-a-lhorizon-2030\\\/\",\"name\":\"Barrage vert\u00a0: Un programme de r\u00e9habilitation de 75 milliards DA \u00e0 l\u2019horizon 2030 - La Sentinelle\",\"isPartOf\":{\"@id\":\"https:\\\/\\\/lasentinelle.dz\\\/#website\"},\"primaryImageOfPage\":{\"@id\":\"https:\\\/\\\/lasentinelle.dz\\\/index.php\\\/2023\\\/03\\\/21\\\/barrage-vert-un-programme-de-rehabilitation-de-75-milliards-da-a-lhorizon-2030\\\/#primaryimage\"},\"image\":{\"@id\":\"https:\\\/\\\/lasentinelle.dz\\\/index.php\\\/2023\\\/03\\\/21\\\/barrage-vert-un-programme-de-rehabilitation-de-75-milliards-da-a-lhorizon-2030\\\/#primaryimage\"},\"thumbnailUrl\":\"https:\\\/\\\/lasentinelle.dz\\\/wp-content\\\/uploads\\\/2022\\\/03\\\/barrage-vert.png\",\"datePublished\":\"2023-03-21T21:05:00+00:00\",\"breadcrumb\":{\"@id\":\"https:\\\/\\\/lasentinelle.dz\\\/index.php\\\/2023\\\/03\\\/21\\\/barrage-vert-un-programme-de-rehabilitation-de-75-milliards-da-a-lhorizon-2030\\\/#breadcrumb\"},\"inLanguage\":\"fr-FR\",\"potentialAction\":[{\"@type\":\"ReadAction\",\"target\":[\"https:\\\/\\\/lasentinelle.dz\\\/index.php\\\/2023\\\/03\\\/21\\\/barrage-vert-un-programme-de-rehabilitation-de-75-milliards-da-a-lhorizon-2030\\\/\"]}]},{\"@type\":\"ImageObject\",\"inLanguage\":\"fr-FR\",\"@id\":\"https:\\\/\\\/lasentinelle.dz\\\/index.php\\\/2023\\\/03\\\/21\\\/barrage-vert-un-programme-de-rehabilitation-de-75-milliards-da-a-lhorizon-2030\\\/#primaryimage\",\"url\":\"https:\\\/\\\/lasentinelle.dz\\\/wp-content\\\/uploads\\\/2022\\\/03\\\/barrage-vert.png\",\"contentUrl\":\"https:\\\/\\\/lasentinelle.dz\\\/wp-content\\\/uploads\\\/2022\\\/03\\\/barrage-vert.png\",\"width\":1491,\"height\":900},{\"@type\":\"BreadcrumbList\",\"@id\":\"https:\\\/\\\/lasentinelle.dz\\\/index.php\\\/2023\\\/03\\\/21\\\/barrage-vert-un-programme-de-rehabilitation-de-75-milliards-da-a-lhorizon-2030\\\/#breadcrumb\",\"itemListElement\":[{\"@type\":\"ListItem\",\"position\":1,\"name\":\"Accueil\",\"item\":\"https:\\\/\\\/lasentinelle.dz\\\/\"},{\"@type\":\"ListItem\",\"position\":2,\"name\":\"Barrage vert\u00a0: Un programme de r\u00e9habilitation de 75 milliards DA \u00e0 l\u2019horizon 2030\"}]},{\"@type\":\"WebSite\",\"@id\":\"https:\\\/\\\/lasentinelle.dz\\\/#website\",\"url\":\"https:\\\/\\\/lasentinelle.dz\\\/\",\"name\":\"La Sentinelle\",\"description\":\"Quotidien national d&#039;information\",\"publisher\":{\"@id\":\"https:\\\/\\\/lasentinelle.dz\\\/#organization\"},\"potentialAction\":[{\"@type\":\"SearchAction\",\"target\":{\"@type\":\"EntryPoint\",\"urlTemplate\":\"https:\\\/\\\/lasentinelle.dz\\\/?s={search_term_string}\"},\"query-input\":{\"@type\":\"PropertyValueSpecification\",\"valueRequired\":true,\"valueName\":\"search_term_string\"}}],\"inLanguage\":\"fr-FR\"},{\"@type\":\"Organization\",\"@id\":\"https:\\\/\\\/lasentinelle.dz\\\/#organization\",\"name\":\"Quotidien La Sentinelle\",\"url\":\"https:\\\/\\\/lasentinelle.dz\\\/\",\"logo\":{\"@type\":\"ImageObject\",\"inLanguage\":\"fr-FR\",\"@id\":\"https:\\\/\\\/lasentinelle.dz\\\/#\\\/schema\\\/logo\\\/image\\\/\",\"url\":\"https:\\\/\\\/lasentinelle.dz\\\/wp-content\\\/uploads\\\/2021\\\/09\\\/logo-sentinelleSLOGAN-1.png\",\"contentUrl\":\"https:\\\/\\\/lasentinelle.dz\\\/wp-content\\\/uploads\\\/2021\\\/09\\\/logo-sentinelleSLOGAN-1.png\",\"width\":615,\"height\":142,\"caption\":\"Quotidien La Sentinelle\"},\"image\":{\"@id\":\"https:\\\/\\\/lasentinelle.dz\\\/#\\\/schema\\\/logo\\\/image\\\/\"},\"sameAs\":[\"https:\\\/\\\/www.facebook.com\\\/La-Sentinelle-104059864394773\"]},{\"@type\":\"Person\",\"@id\":\"https:\\\/\\\/lasentinelle.dz\\\/#\\\/schema\\\/person\\\/d865044e22e70a75174ce8bcad3acfb3\",\"name\":\"La Sentinelle\",\"image\":{\"@type\":\"ImageObject\",\"inLanguage\":\"fr-FR\",\"@id\":\"https:\\\/\\\/secure.gravatar.com\\\/avatar\\\/57de8e5d4b15d43fb361a71fbb36338450fe67865b528a43dd10ef7c51a20392?s=96&d=mm&r=g\",\"url\":\"https:\\\/\\\/secure.gravatar.com\\\/avatar\\\/57de8e5d4b15d43fb361a71fbb36338450fe67865b528a43dd10ef7c51a20392?s=96&d=mm&r=g\",\"contentUrl\":\"https:\\\/\\\/secure.gravatar.com\\\/avatar\\\/57de8e5d4b15d43fb361a71fbb36338450fe67865b528a43dd10ef7c51a20392?s=96&d=mm&r=g\",\"caption\":\"La Sentinelle\"},\"sameAs\":[\"http:\\\/\\\/www.lasentinelle.dz\"],\"url\":\"https:\\\/\\\/lasentinelle.dz\\\/author\\\/redaction\\\/\"}]}<\/script>\n<!-- \/ Yoast SEO plugin. -->","yoast_head_json":{"title":"Barrage vert\u00a0: Un programme de r\u00e9habilitation de 75 milliards DA \u00e0 l\u2019horizon 2030 - La Sentinelle","robots":{"index":"index","follow":"follow","max-snippet":"max-snippet:-1","max-image-preview":"max-image-preview:large","max-video-preview":"max-video-preview:-1"},"canonical":"https:\/\/lasentinelle.dz\/index.php\/2023\/03\/21\/barrage-vert-un-programme-de-rehabilitation-de-75-milliards-da-a-lhorizon-2030\/","og_locale":"fr_FR","og_type":"article","og_title":"Barrage vert\u00a0: Un programme de r\u00e9habilitation de 75 milliards DA \u00e0 l\u2019horizon 2030 - La Sentinelle","og_description":"Une vaste campagne de reboisement a \u00e9t\u00e9 organis\u00e9e hier \u00e0 l\u2019occasion de la Journ\u00e9e internationale des for\u00eats. Pays semi-aride et","og_url":"https:\/\/lasentinelle.dz\/index.php\/2023\/03\/21\/barrage-vert-un-programme-de-rehabilitation-de-75-milliards-da-a-lhorizon-2030\/","og_site_name":"La Sentinelle","article_publisher":"https:\/\/www.facebook.com\/La-Sentinelle-104059864394773","article_published_time":"2023-03-21T21:05:00+00:00","og_image":[{"width":1491,"height":900,"url":"https:\/\/lasentinelle.dz\/wp-content\/uploads\/2022\/03\/barrage-vert.png","type":"image\/png"}],"author":"La Sentinelle","twitter_card":"summary_large_image","twitter_misc":{"\u00c9crit par":"La Sentinelle","Dur\u00e9e de lecture estim\u00e9e":"4 minutes"},"schema":{"@context":"https:\/\/schema.org","@graph":[{"@type":"Article","@id":"https:\/\/lasentinelle.dz\/index.php\/2023\/03\/21\/barrage-vert-un-programme-de-rehabilitation-de-75-milliards-da-a-lhorizon-2030\/#article","isPartOf":{"@id":"https:\/\/lasentinelle.dz\/index.php\/2023\/03\/21\/barrage-vert-un-programme-de-rehabilitation-de-75-milliards-da-a-lhorizon-2030\/"},"author":{"name":"La Sentinelle","@id":"https:\/\/lasentinelle.dz\/#\/schema\/person\/d865044e22e70a75174ce8bcad3acfb3"},"headline":"Barrage vert\u00a0: Un programme de r\u00e9habilitation de 75 milliards DA \u00e0 l\u2019horizon 2030","datePublished":"2023-03-21T21:05:00+00:00","mainEntityOfPage":{"@id":"https:\/\/lasentinelle.dz\/index.php\/2023\/03\/21\/barrage-vert-un-programme-de-rehabilitation-de-75-milliards-da-a-lhorizon-2030\/"},"wordCount":711,"commentCount":0,"publisher":{"@id":"https:\/\/lasentinelle.dz\/#organization"},"image":{"@id":"https:\/\/lasentinelle.dz\/index.php\/2023\/03\/21\/barrage-vert-un-programme-de-rehabilitation-de-75-milliards-da-a-lhorizon-2030\/#primaryimage"},"thumbnailUrl":"https:\/\/lasentinelle.dz\/wp-content\/uploads\/2022\/03\/barrage-vert.png","articleSection":["Actualit\u00e9"],"inLanguage":"fr-FR","potentialAction":[{"@type":"CommentAction","name":"Comment","target":["https:\/\/lasentinelle.dz\/index.php\/2023\/03\/21\/barrage-vert-un-programme-de-rehabilitation-de-75-milliards-da-a-lhorizon-2030\/#respond"]}]},{"@type":"WebPage","@id":"https:\/\/lasentinelle.dz\/index.php\/2023\/03\/21\/barrage-vert-un-programme-de-rehabilitation-de-75-milliards-da-a-lhorizon-2030\/","url":"https:\/\/lasentinelle.dz\/index.php\/2023\/03\/21\/barrage-vert-un-programme-de-rehabilitation-de-75-milliards-da-a-lhorizon-2030\/","name":"Barrage vert\u00a0: Un programme de r\u00e9habilitation de 75 milliards DA \u00e0 l\u2019horizon 2030 - La Sentinelle","isPartOf":{"@id":"https:\/\/lasentinelle.dz\/#website"},"primaryImageOfPage":{"@id":"https:\/\/lasentinelle.dz\/index.php\/2023\/03\/21\/barrage-vert-un-programme-de-rehabilitation-de-75-milliards-da-a-lhorizon-2030\/#primaryimage"},"image":{"@id":"https:\/\/lasentinelle.dz\/index.php\/2023\/03\/21\/barrage-vert-un-programme-de-rehabilitation-de-75-milliards-da-a-lhorizon-2030\/#primaryimage"},"thumbnailUrl":"https:\/\/lasentinelle.dz\/wp-content\/uploads\/2022\/03\/barrage-vert.png","datePublished":"2023-03-21T21:05:00+00:00","breadcrumb":{"@id":"https:\/\/lasentinelle.dz\/index.php\/2023\/03\/21\/barrage-vert-un-programme-de-rehabilitation-de-75-milliards-da-a-lhorizon-2030\/#breadcrumb"},"inLanguage":"fr-FR","potentialAction":[{"@type":"ReadAction","target":["https:\/\/lasentinelle.dz\/index.php\/2023\/03\/21\/barrage-vert-un-programme-de-rehabilitation-de-75-milliards-da-a-lhorizon-2030\/"]}]},{"@type":"ImageObject","inLanguage":"fr-FR","@id":"https:\/\/lasentinelle.dz\/index.php\/2023\/03\/21\/barrage-vert-un-programme-de-rehabilitation-de-75-milliards-da-a-lhorizon-2030\/#primaryimage","url":"https:\/\/lasentinelle.dz\/wp-content\/uploads\/2022\/03\/barrage-vert.png","contentUrl":"https:\/\/lasentinelle.dz\/wp-content\/uploads\/2022\/03\/barrage-vert.png","width":1491,"height":900},{"@type":"BreadcrumbList","@id":"https:\/\/lasentinelle.dz\/index.php\/2023\/03\/21\/barrage-vert-un-programme-de-rehabilitation-de-75-milliards-da-a-lhorizon-2030\/#breadcrumb","itemListElement":[{"@type":"ListItem","position":1,"name":"Accueil","item":"https:\/\/lasentinelle.dz\/"},{"@type":"ListItem","position":2,"name":"Barrage vert\u00a0: Un programme de r\u00e9habilitation de 75 milliards DA \u00e0 l\u2019horizon 2030"}]},{"@type":"WebSite","@id":"https:\/\/lasentinelle.dz\/#website","url":"https:\/\/lasentinelle.dz\/","name":"La Sentinelle","description":"Quotidien national d&#039;information","publisher":{"@id":"https:\/\/lasentinelle.dz\/#organization"},"potentialAction":[{"@type":"SearchAction","target":{"@type":"EntryPoint","urlTemplate":"https:\/\/lasentinelle.dz\/?s={search_term_string}"},"query-input":{"@type":"PropertyValueSpecification","valueRequired":true,"valueName":"search_term_string"}}],"inLanguage":"fr-FR"},{"@type":"Organization","@id":"https:\/\/lasentinelle.dz\/#organization","name":"Quotidien La Sentinelle","url":"https:\/\/lasentinelle.dz\/","logo":{"@type":"ImageObject","inLanguage":"fr-FR","@id":"https:\/\/lasentinelle.dz\/#\/schema\/logo\/image\/","url":"https:\/\/lasentinelle.dz\/wp-content\/uploads\/2021\/09\/logo-sentinelleSLOGAN-1.png","contentUrl":"https:\/\/lasentinelle.dz\/wp-content\/uploads\/2021\/09\/logo-sentinelleSLOGAN-1.png","width":615,"height":142,"caption":"Quotidien La Sentinelle"},"image":{"@id":"https:\/\/lasentinelle.dz\/#\/schema\/logo\/image\/"},"sameAs":["https:\/\/www.facebook.com\/La-Sentinelle-104059864394773"]},{"@type":"Person","@id":"https:\/\/lasentinelle.dz\/#\/schema\/person\/d865044e22e70a75174ce8bcad3acfb3","name":"La Sentinelle","image":{"@type":"ImageObject","inLanguage":"fr-FR","@id":"https:\/\/secure.gravatar.com\/avatar\/57de8e5d4b15d43fb361a71fbb36338450fe67865b528a43dd10ef7c51a20392?s=96&d=mm&r=g","url":"https:\/\/secure.gravatar.com\/avatar\/57de8e5d4b15d43fb361a71fbb36338450fe67865b528a43dd10ef7c51a20392?s=96&d=mm&r=g","contentUrl":"https:\/\/secure.gravatar.com\/avatar\/57de8e5d4b15d43fb361a71fbb36338450fe67865b528a43dd10ef7c51a20392?s=96&d=mm&r=g","caption":"La Sentinelle"},"sameAs":["http:\/\/www.lasentinelle.dz"],"url":"https:\/\/lasentinelle.dz\/author\/redaction\/"}]}},"_links":{"self":[{"href":"https:\/\/lasentinelle.dz\/index.php\/wp-json\/wp\/v2\/posts\/38247","targetHints":{"allow":["GET"]}}],"collection":[{"href":"https:\/\/lasentinelle.dz\/index.php\/wp-json\/wp\/v2\/posts"}],"about":[{"href":"https:\/\/lasentinelle.dz\/index.php\/wp-json\/wp\/v2\/types\/post"}],"author":[{"embeddable":true,"href":"https:\/\/lasentinelle.dz\/index.php\/wp-json\/wp\/v2\/users\/3"}],"replies":[{"embeddable":true,"href":"https:\/\/lasentinelle.dz\/index.php\/wp-json\/wp\/v2\/comments?post=38247"}],"version-history":[{"count":1,"href":"https:\/\/lasentinelle.dz\/index.php\/wp-json\/wp\/v2\/posts\/38247\/revisions"}],"predecessor-version":[{"id":38249,"href":"https:\/\/lasentinelle.dz\/index.php\/wp-json\/wp\/v2\/posts\/38247\/revisions\/38249"}],"wp:featuredmedia":[{"embeddable":true,"href":"https:\/\/lasentinelle.dz\/index.php\/wp-json\/wp\/v2\/media\/18692"}],"wp:attachment":[{"href":"https:\/\/lasentinelle.dz\/index.php\/wp-json\/wp\/v2\/media?parent=38247"}],"wp:term":[{"taxonomy":"category","embeddable":true,"href":"https:\/\/lasentinelle.dz\/index.php\/wp-json\/wp\/v2\/categories?post=38247"},{"taxonomy":"post_tag","embeddable":true,"href":"https:\/\/lasentinelle.dz\/index.php\/wp-json\/wp\/v2\/tags?post=38247"}],"curies":[{"name":"wp","href":"https:\/\/api.w.org\/{rel}","templated":true}]}}