{"id":38267,"date":"2023-03-21T22:05:00","date_gmt":"2023-03-21T21:05:00","guid":{"rendered":"https:\/\/lasentinelle.dz\/?p=38267"},"modified":"2023-03-21T21:13:28","modified_gmt":"2023-03-21T20:13:28","slug":"alviar-30-000-tonnes-de-viande-importee-pour-approvisionner-le-marche","status":"publish","type":"post","link":"https:\/\/lasentinelle.dz\/index.php\/2023\/03\/21\/alviar-30-000-tonnes-de-viande-importee-pour-approvisionner-le-marche\/","title":{"rendered":"ALVIAR\u00a0: 30.000 tonnes de viande import\u00e9e pour approvisionner le march\u00e9"},"content":{"rendered":"\n<p>Pas moins de 30.000 tonnes de viande import\u00e9e seront inject\u00e9s sur le march\u00e9 pour abaisser et stabiliser les prix de la viande rouge durant ce mois de Ramadhan. C\u2019est ce qu\u2019a indiqu\u00e9 hier le Pr\u00e9sident-directeur g\u00e9n\u00e9ral de l&rsquo;Alg\u00e9rienne des viandes rouges (ALVIAR), Lamine Derradji lors d\u2019une intervention sur les ondes de la Radio alg\u00e9rienne. &nbsp;Il a pr\u00e9cis\u00e9 dans ce sens que l\u2019Alviar a sign\u00e9 des accords sanitaires avec plusieurs pays exportateurs de viande tels que le Br\u00e9sil, le Soudan, l&rsquo;Inde, la Colombie et la Pologne pour garantir la s\u00e9curit\u00e9 de ces viandes import\u00e9es et leur abattage et dans le respect des r\u00e8gles de la Charia. Djerrad a pr\u00e9cis\u00e9 que la pr\u00e9paration de l&rsquo;importation de cette viande avait commenc\u00e9 depuis la mi-janvier et comprend 20 000 tonnes de viande fra\u00eeche et 10 000 t\u00eates de veaux autoris\u00e9es \u00e0 l&rsquo;abattage, soulignant que le premier navire de veaux br\u00e9siliens \u00e9tait arriv\u00e9 en Alg\u00e9rie il y a deux jours et avait \u00e9t\u00e9 dirig\u00e9 vers les abattoirs appartenant soit \u00e0 l\u2019Alviar, soit ceux relevant du secteur priv\u00e9 dans le centre, l&rsquo;est et l&rsquo;ouest du pays pour faciliter la commercialisation dans les plus brefs d\u00e9lais. Le m\u00eame responsable a \u00e9galement indiqu\u00e9 que l\u2019Alviar a sign\u00e9 des conventions avec 12 op\u00e9rateurs pour la distribution des viandes rouges durant le mois sacr\u00e9 du Ramadhan \u00e0 un prix ne d\u00e9passant pas les 1200 DA. En vertu de ces conventions, les op\u00e9rateurs sont tenus de r\u00e9pondre \u00e0 un cahier de charges pr\u00e9voyant toutes les conditions relatives \u00e0 l&rsquo;op\u00e9ration comme le transport et la chaine de froid, outre le respect du prix plafonn\u00e9, d&rsquo;apr\u00e8s les explications fournies par M. Derradji Ces conventions permettront de revoir \u00e0 la hausse les points de vente des viandes rouges import\u00e9es \u00e0 l&rsquo;occasion du mois sacr\u00e9 \u00e0 plus de 1100 points \u00e0 l&rsquo;\u00e9chelle nationale, a-t-il fait savoir, ajoutant que ces points figurent dans la plateforme num\u00e9rique d\u00e9di\u00e9e \u00e0 cet effet. Les bouchers concern\u00e9s par ce syst\u00e8me de distribution des viandes import\u00e9es sont appel\u00e9s \u00e0 commercialiser les produits \u00ab\u00a0ALVIAR\u00a0\u00bb contenant un slogan particulier pour faciliter le contr\u00f4le par ce groupe public, a expliqu\u00e9 le PDG. Il a soulign\u00e9, \u00e0 ce propos, que son groupe proc\u00e8dera \u00e0 l&rsquo;importation de 20.000 tonnes de viandes fraiches et 10.000 veaux destin\u00e9s \u00e0 l&rsquo;abattage, rappelant la signature de conventions sanitaires avec le Br\u00e9sil, l&rsquo;Argentine, le Soudan, la Colombie et la Pologne l&rsquo;objectif \u00e9tant de baisser les prix de la viande, c\u00e9d\u00e9e \u00e0 plus de 2500 DA\/Kg. Selon les estimations de M. Derradji, l&rsquo;op\u00e9ration d&rsquo;importation permettra de couvrir plus de 50 % de la demande sur le march\u00e9 durant le Ramadhan soit 55.000 tonnes.<\/p>\n\n\n\n<p><strong>Hocine Fadheli<\/strong><\/p>\n","protected":false},"excerpt":{"rendered":"<p>Pas moins de 30.000 tonnes de viande import\u00e9e seront inject\u00e9s sur le march\u00e9 pour abaisser et stabiliser les prix de<\/p>\n","protected":false},"author":3,"featured_media":38270,"comment_status":"open","ping_status":"closed","sticky":false,"template":"","format":"standard","meta":{"colormag_page_container_layout":"default_layout","colormag_page_sidebar_layout":"default_layout","om_disable_all_campaigns":false,"_monsterinsights_skip_tracking":false,"_monsterinsights_sitenote_active":false,"_monsterinsights_sitenote_note":"","_monsterinsights_sitenote_category":0,"footnotes":"","_wpscppro_dont_share_socialmedia":false,"_wpscppro_custom_social_share_image":0,"_facebook_share_type":"","_twitter_share_type":"","_linkedin_share_type":"","_pinterest_share_type":"","_linkedin_share_type_page":"","_instagram_share_type":"","_medium_share_type":"","_threads_share_type":"","_google_business_share_type":"","_selected_social_profile":[],"_wpsp_enable_custom_social_template":false,"_wpsp_social_scheduling":{"enabled":false,"datetime":null,"platforms":[],"status":"template_only","dateOption":"today","timeOption":"now","customDays":"","customHours":"","customDate":"","customTime":"","schedulingType":"absolute"},"_wpsp_active_default_template":true},"categories":[27],"tags":[],"class_list":["post-38267","post","type-post","status-publish","format-standard","has-post-thumbnail","hentry","category-actualite"],"aioseo_notices":[],"yoast_head":"<!-- This site is optimized with the Yoast SEO plugin v27.5 - https:\/\/yoast.com\/product\/yoast-seo-wordpress\/ -->\n<title>ALVIAR\u00a0: 30.000 tonnes de viande import\u00e9e pour approvisionner le march\u00e9 - La Sentinelle<\/title>\n<meta name=\"robots\" content=\"index, follow, max-snippet:-1, max-image-preview:large, max-video-preview:-1\" \/>\n<link rel=\"canonical\" href=\"https:\/\/lasentinelle.dz\/index.php\/2023\/03\/21\/alviar-30-000-tonnes-de-viande-importee-pour-approvisionner-le-marche\/\" \/>\n<meta property=\"og:locale\" content=\"fr_FR\" \/>\n<meta property=\"og:type\" content=\"article\" \/>\n<meta property=\"og:title\" content=\"ALVIAR\u00a0: 30.000 tonnes de viande import\u00e9e pour approvisionner le march\u00e9 - La Sentinelle\" \/>\n<meta property=\"og:description\" content=\"Pas moins de 30.000 tonnes de viande import\u00e9e seront inject\u00e9s sur le march\u00e9 pour abaisser et stabiliser les prix de\" \/>\n<meta property=\"og:url\" content=\"https:\/\/lasentinelle.dz\/index.php\/2023\/03\/21\/alviar-30-000-tonnes-de-viande-importee-pour-approvisionner-le-marche\/\" \/>\n<meta property=\"og:site_name\" content=\"La Sentinelle\" \/>\n<meta property=\"article:publisher\" content=\"https:\/\/www.facebook.com\/La-Sentinelle-104059864394773\" \/>\n<meta property=\"article:published_time\" content=\"2023-03-21T21:05:00+00:00\" \/>\n<meta property=\"og:image\" content=\"https:\/\/lasentinelle.dz\/wp-content\/uploads\/2023\/03\/image_2023-03-21_211152111.png\" \/>\n\t<meta property=\"og:image:width\" content=\"650\" \/>\n\t<meta property=\"og:image:height\" content=\"420\" \/>\n\t<meta property=\"og:image:type\" content=\"image\/png\" \/>\n<meta name=\"author\" content=\"La Sentinelle\" \/>\n<meta name=\"twitter:card\" content=\"summary_large_image\" \/>\n<meta name=\"twitter:label1\" content=\"\u00c9crit par\" \/>\n\t<meta name=\"twitter:data1\" content=\"La Sentinelle\" \/>\n\t<meta name=\"twitter:label2\" content=\"Dur\u00e9e de lecture estim\u00e9e\" \/>\n\t<meta name=\"twitter:data2\" content=\"3 minutes\" \/>\n<script type=\"application\/ld+json\" class=\"yoast-schema-graph\">{\"@context\":\"https:\\\/\\\/schema.org\",\"@graph\":[{\"@type\":\"Article\",\"@id\":\"https:\\\/\\\/lasentinelle.dz\\\/index.php\\\/2023\\\/03\\\/21\\\/alviar-30-000-tonnes-de-viande-importee-pour-approvisionner-le-marche\\\/#article\",\"isPartOf\":{\"@id\":\"https:\\\/\\\/lasentinelle.dz\\\/index.php\\\/2023\\\/03\\\/21\\\/alviar-30-000-tonnes-de-viande-importee-pour-approvisionner-le-marche\\\/\"},\"author\":{\"name\":\"La Sentinelle\",\"@id\":\"https:\\\/\\\/lasentinelle.dz\\\/#\\\/schema\\\/person\\\/d865044e22e70a75174ce8bcad3acfb3\"},\"headline\":\"ALVIAR\u00a0: 30.000 tonnes de viande import\u00e9e pour approvisionner le march\u00e9\",\"datePublished\":\"2023-03-21T21:05:00+00:00\",\"mainEntityOfPage\":{\"@id\":\"https:\\\/\\\/lasentinelle.dz\\\/index.php\\\/2023\\\/03\\\/21\\\/alviar-30-000-tonnes-de-viande-importee-pour-approvisionner-le-marche\\\/\"},\"wordCount\":481,\"commentCount\":0,\"publisher\":{\"@id\":\"https:\\\/\\\/lasentinelle.dz\\\/#organization\"},\"image\":{\"@id\":\"https:\\\/\\\/lasentinelle.dz\\\/index.php\\\/2023\\\/03\\\/21\\\/alviar-30-000-tonnes-de-viande-importee-pour-approvisionner-le-marche\\\/#primaryimage\"},\"thumbnailUrl\":\"https:\\\/\\\/lasentinelle.dz\\\/wp-content\\\/uploads\\\/2023\\\/03\\\/image_2023-03-21_211152111.png\",\"articleSection\":[\"Actualit\u00e9\"],\"inLanguage\":\"fr-FR\",\"potentialAction\":[{\"@type\":\"CommentAction\",\"name\":\"Comment\",\"target\":[\"https:\\\/\\\/lasentinelle.dz\\\/index.php\\\/2023\\\/03\\\/21\\\/alviar-30-000-tonnes-de-viande-importee-pour-approvisionner-le-marche\\\/#respond\"]}]},{\"@type\":\"WebPage\",\"@id\":\"https:\\\/\\\/lasentinelle.dz\\\/index.php\\\/2023\\\/03\\\/21\\\/alviar-30-000-tonnes-de-viande-importee-pour-approvisionner-le-marche\\\/\",\"url\":\"https:\\\/\\\/lasentinelle.dz\\\/index.php\\\/2023\\\/03\\\/21\\\/alviar-30-000-tonnes-de-viande-importee-pour-approvisionner-le-marche\\\/\",\"name\":\"ALVIAR\u00a0: 30.000 tonnes de viande import\u00e9e pour approvisionner le march\u00e9 - La Sentinelle\",\"isPartOf\":{\"@id\":\"https:\\\/\\\/lasentinelle.dz\\\/#website\"},\"primaryImageOfPage\":{\"@id\":\"https:\\\/\\\/lasentinelle.dz\\\/index.php\\\/2023\\\/03\\\/21\\\/alviar-30-000-tonnes-de-viande-importee-pour-approvisionner-le-marche\\\/#primaryimage\"},\"image\":{\"@id\":\"https:\\\/\\\/lasentinelle.dz\\\/index.php\\\/2023\\\/03\\\/21\\\/alviar-30-000-tonnes-de-viande-importee-pour-approvisionner-le-marche\\\/#primaryimage\"},\"thumbnailUrl\":\"https:\\\/\\\/lasentinelle.dz\\\/wp-content\\\/uploads\\\/2023\\\/03\\\/image_2023-03-21_211152111.png\",\"datePublished\":\"2023-03-21T21:05:00+00:00\",\"breadcrumb\":{\"@id\":\"https:\\\/\\\/lasentinelle.dz\\\/index.php\\\/2023\\\/03\\\/21\\\/alviar-30-000-tonnes-de-viande-importee-pour-approvisionner-le-marche\\\/#breadcrumb\"},\"inLanguage\":\"fr-FR\",\"potentialAction\":[{\"@type\":\"ReadAction\",\"target\":[\"https:\\\/\\\/lasentinelle.dz\\\/index.php\\\/2023\\\/03\\\/21\\\/alviar-30-000-tonnes-de-viande-importee-pour-approvisionner-le-marche\\\/\"]}]},{\"@type\":\"ImageObject\",\"inLanguage\":\"fr-FR\",\"@id\":\"https:\\\/\\\/lasentinelle.dz\\\/index.php\\\/2023\\\/03\\\/21\\\/alviar-30-000-tonnes-de-viande-importee-pour-approvisionner-le-marche\\\/#primaryimage\",\"url\":\"https:\\\/\\\/lasentinelle.dz\\\/wp-content\\\/uploads\\\/2023\\\/03\\\/image_2023-03-21_211152111.png\",\"contentUrl\":\"https:\\\/\\\/lasentinelle.dz\\\/wp-content\\\/uploads\\\/2023\\\/03\\\/image_2023-03-21_211152111.png\",\"width\":650,\"height\":420},{\"@type\":\"BreadcrumbList\",\"@id\":\"https:\\\/\\\/lasentinelle.dz\\\/index.php\\\/2023\\\/03\\\/21\\\/alviar-30-000-tonnes-de-viande-importee-pour-approvisionner-le-marche\\\/#breadcrumb\",\"itemListElement\":[{\"@type\":\"ListItem\",\"position\":1,\"name\":\"Accueil\",\"item\":\"https:\\\/\\\/lasentinelle.dz\\\/\"},{\"@type\":\"ListItem\",\"position\":2,\"name\":\"ALVIAR\u00a0: 30.000 tonnes de viande import\u00e9e pour approvisionner le march\u00e9\"}]},{\"@type\":\"WebSite\",\"@id\":\"https:\\\/\\\/lasentinelle.dz\\\/#website\",\"url\":\"https:\\\/\\\/lasentinelle.dz\\\/\",\"name\":\"La Sentinelle\",\"description\":\"Quotidien national d&#039;information\",\"publisher\":{\"@id\":\"https:\\\/\\\/lasentinelle.dz\\\/#organization\"},\"potentialAction\":[{\"@type\":\"SearchAction\",\"target\":{\"@type\":\"EntryPoint\",\"urlTemplate\":\"https:\\\/\\\/lasentinelle.dz\\\/?s={search_term_string}\"},\"query-input\":{\"@type\":\"PropertyValueSpecification\",\"valueRequired\":true,\"valueName\":\"search_term_string\"}}],\"inLanguage\":\"fr-FR\"},{\"@type\":\"Organization\",\"@id\":\"https:\\\/\\\/lasentinelle.dz\\\/#organization\",\"name\":\"Quotidien La Sentinelle\",\"url\":\"https:\\\/\\\/lasentinelle.dz\\\/\",\"logo\":{\"@type\":\"ImageObject\",\"inLanguage\":\"fr-FR\",\"@id\":\"https:\\\/\\\/lasentinelle.dz\\\/#\\\/schema\\\/logo\\\/image\\\/\",\"url\":\"https:\\\/\\\/lasentinelle.dz\\\/wp-content\\\/uploads\\\/2021\\\/09\\\/logo-sentinelleSLOGAN-1.png\",\"contentUrl\":\"https:\\\/\\\/lasentinelle.dz\\\/wp-content\\\/uploads\\\/2021\\\/09\\\/logo-sentinelleSLOGAN-1.png\",\"width\":615,\"height\":142,\"caption\":\"Quotidien La Sentinelle\"},\"image\":{\"@id\":\"https:\\\/\\\/lasentinelle.dz\\\/#\\\/schema\\\/logo\\\/image\\\/\"},\"sameAs\":[\"https:\\\/\\\/www.facebook.com\\\/La-Sentinelle-104059864394773\"]},{\"@type\":\"Person\",\"@id\":\"https:\\\/\\\/lasentinelle.dz\\\/#\\\/schema\\\/person\\\/d865044e22e70a75174ce8bcad3acfb3\",\"name\":\"La Sentinelle\",\"image\":{\"@type\":\"ImageObject\",\"inLanguage\":\"fr-FR\",\"@id\":\"https:\\\/\\\/secure.gravatar.com\\\/avatar\\\/57de8e5d4b15d43fb361a71fbb36338450fe67865b528a43dd10ef7c51a20392?s=96&d=mm&r=g\",\"url\":\"https:\\\/\\\/secure.gravatar.com\\\/avatar\\\/57de8e5d4b15d43fb361a71fbb36338450fe67865b528a43dd10ef7c51a20392?s=96&d=mm&r=g\",\"contentUrl\":\"https:\\\/\\\/secure.gravatar.com\\\/avatar\\\/57de8e5d4b15d43fb361a71fbb36338450fe67865b528a43dd10ef7c51a20392?s=96&d=mm&r=g\",\"caption\":\"La Sentinelle\"},\"sameAs\":[\"http:\\\/\\\/www.lasentinelle.dz\"],\"url\":\"https:\\\/\\\/lasentinelle.dz\\\/author\\\/redaction\\\/\"}]}<\/script>\n<!-- \/ Yoast SEO plugin. -->","yoast_head_json":{"title":"ALVIAR\u00a0: 30.000 tonnes de viande import\u00e9e pour approvisionner le march\u00e9 - La Sentinelle","robots":{"index":"index","follow":"follow","max-snippet":"max-snippet:-1","max-image-preview":"max-image-preview:large","max-video-preview":"max-video-preview:-1"},"canonical":"https:\/\/lasentinelle.dz\/index.php\/2023\/03\/21\/alviar-30-000-tonnes-de-viande-importee-pour-approvisionner-le-marche\/","og_locale":"fr_FR","og_type":"article","og_title":"ALVIAR\u00a0: 30.000 tonnes de viande import\u00e9e pour approvisionner le march\u00e9 - La Sentinelle","og_description":"Pas moins de 30.000 tonnes de viande import\u00e9e seront inject\u00e9s sur le march\u00e9 pour abaisser et stabiliser les prix de","og_url":"https:\/\/lasentinelle.dz\/index.php\/2023\/03\/21\/alviar-30-000-tonnes-de-viande-importee-pour-approvisionner-le-marche\/","og_site_name":"La Sentinelle","article_publisher":"https:\/\/www.facebook.com\/La-Sentinelle-104059864394773","article_published_time":"2023-03-21T21:05:00+00:00","og_image":[{"width":650,"height":420,"url":"https:\/\/lasentinelle.dz\/wp-content\/uploads\/2023\/03\/image_2023-03-21_211152111.png","type":"image\/png"}],"author":"La Sentinelle","twitter_card":"summary_large_image","twitter_misc":{"\u00c9crit par":"La Sentinelle","Dur\u00e9e de lecture estim\u00e9e":"3 minutes"},"schema":{"@context":"https:\/\/schema.org","@graph":[{"@type":"Article","@id":"https:\/\/lasentinelle.dz\/index.php\/2023\/03\/21\/alviar-30-000-tonnes-de-viande-importee-pour-approvisionner-le-marche\/#article","isPartOf":{"@id":"https:\/\/lasentinelle.dz\/index.php\/2023\/03\/21\/alviar-30-000-tonnes-de-viande-importee-pour-approvisionner-le-marche\/"},"author":{"name":"La Sentinelle","@id":"https:\/\/lasentinelle.dz\/#\/schema\/person\/d865044e22e70a75174ce8bcad3acfb3"},"headline":"ALVIAR\u00a0: 30.000 tonnes de viande import\u00e9e pour approvisionner le march\u00e9","datePublished":"2023-03-21T21:05:00+00:00","mainEntityOfPage":{"@id":"https:\/\/lasentinelle.dz\/index.php\/2023\/03\/21\/alviar-30-000-tonnes-de-viande-importee-pour-approvisionner-le-marche\/"},"wordCount":481,"commentCount":0,"publisher":{"@id":"https:\/\/lasentinelle.dz\/#organization"},"image":{"@id":"https:\/\/lasentinelle.dz\/index.php\/2023\/03\/21\/alviar-30-000-tonnes-de-viande-importee-pour-approvisionner-le-marche\/#primaryimage"},"thumbnailUrl":"https:\/\/lasentinelle.dz\/wp-content\/uploads\/2023\/03\/image_2023-03-21_211152111.png","articleSection":["Actualit\u00e9"],"inLanguage":"fr-FR","potentialAction":[{"@type":"CommentAction","name":"Comment","target":["https:\/\/lasentinelle.dz\/index.php\/2023\/03\/21\/alviar-30-000-tonnes-de-viande-importee-pour-approvisionner-le-marche\/#respond"]}]},{"@type":"WebPage","@id":"https:\/\/lasentinelle.dz\/index.php\/2023\/03\/21\/alviar-30-000-tonnes-de-viande-importee-pour-approvisionner-le-marche\/","url":"https:\/\/lasentinelle.dz\/index.php\/2023\/03\/21\/alviar-30-000-tonnes-de-viande-importee-pour-approvisionner-le-marche\/","name":"ALVIAR\u00a0: 30.000 tonnes de viande import\u00e9e pour approvisionner le march\u00e9 - La Sentinelle","isPartOf":{"@id":"https:\/\/lasentinelle.dz\/#website"},"primaryImageOfPage":{"@id":"https:\/\/lasentinelle.dz\/index.php\/2023\/03\/21\/alviar-30-000-tonnes-de-viande-importee-pour-approvisionner-le-marche\/#primaryimage"},"image":{"@id":"https:\/\/lasentinelle.dz\/index.php\/2023\/03\/21\/alviar-30-000-tonnes-de-viande-importee-pour-approvisionner-le-marche\/#primaryimage"},"thumbnailUrl":"https:\/\/lasentinelle.dz\/wp-content\/uploads\/2023\/03\/image_2023-03-21_211152111.png","datePublished":"2023-03-21T21:05:00+00:00","breadcrumb":{"@id":"https:\/\/lasentinelle.dz\/index.php\/2023\/03\/21\/alviar-30-000-tonnes-de-viande-importee-pour-approvisionner-le-marche\/#breadcrumb"},"inLanguage":"fr-FR","potentialAction":[{"@type":"ReadAction","target":["https:\/\/lasentinelle.dz\/index.php\/2023\/03\/21\/alviar-30-000-tonnes-de-viande-importee-pour-approvisionner-le-marche\/"]}]},{"@type":"ImageObject","inLanguage":"fr-FR","@id":"https:\/\/lasentinelle.dz\/index.php\/2023\/03\/21\/alviar-30-000-tonnes-de-viande-importee-pour-approvisionner-le-marche\/#primaryimage","url":"https:\/\/lasentinelle.dz\/wp-content\/uploads\/2023\/03\/image_2023-03-21_211152111.png","contentUrl":"https:\/\/lasentinelle.dz\/wp-content\/uploads\/2023\/03\/image_2023-03-21_211152111.png","width":650,"height":420},{"@type":"BreadcrumbList","@id":"https:\/\/lasentinelle.dz\/index.php\/2023\/03\/21\/alviar-30-000-tonnes-de-viande-importee-pour-approvisionner-le-marche\/#breadcrumb","itemListElement":[{"@type":"ListItem","position":1,"name":"Accueil","item":"https:\/\/lasentinelle.dz\/"},{"@type":"ListItem","position":2,"name":"ALVIAR\u00a0: 30.000 tonnes de viande import\u00e9e pour approvisionner le march\u00e9"}]},{"@type":"WebSite","@id":"https:\/\/lasentinelle.dz\/#website","url":"https:\/\/lasentinelle.dz\/","name":"La Sentinelle","description":"Quotidien national d&#039;information","publisher":{"@id":"https:\/\/lasentinelle.dz\/#organization"},"potentialAction":[{"@type":"SearchAction","target":{"@type":"EntryPoint","urlTemplate":"https:\/\/lasentinelle.dz\/?s={search_term_string}"},"query-input":{"@type":"PropertyValueSpecification","valueRequired":true,"valueName":"search_term_string"}}],"inLanguage":"fr-FR"},{"@type":"Organization","@id":"https:\/\/lasentinelle.dz\/#organization","name":"Quotidien La Sentinelle","url":"https:\/\/lasentinelle.dz\/","logo":{"@type":"ImageObject","inLanguage":"fr-FR","@id":"https:\/\/lasentinelle.dz\/#\/schema\/logo\/image\/","url":"https:\/\/lasentinelle.dz\/wp-content\/uploads\/2021\/09\/logo-sentinelleSLOGAN-1.png","contentUrl":"https:\/\/lasentinelle.dz\/wp-content\/uploads\/2021\/09\/logo-sentinelleSLOGAN-1.png","width":615,"height":142,"caption":"Quotidien La Sentinelle"},"image":{"@id":"https:\/\/lasentinelle.dz\/#\/schema\/logo\/image\/"},"sameAs":["https:\/\/www.facebook.com\/La-Sentinelle-104059864394773"]},{"@type":"Person","@id":"https:\/\/lasentinelle.dz\/#\/schema\/person\/d865044e22e70a75174ce8bcad3acfb3","name":"La Sentinelle","image":{"@type":"ImageObject","inLanguage":"fr-FR","@id":"https:\/\/secure.gravatar.com\/avatar\/57de8e5d4b15d43fb361a71fbb36338450fe67865b528a43dd10ef7c51a20392?s=96&d=mm&r=g","url":"https:\/\/secure.gravatar.com\/avatar\/57de8e5d4b15d43fb361a71fbb36338450fe67865b528a43dd10ef7c51a20392?s=96&d=mm&r=g","contentUrl":"https:\/\/secure.gravatar.com\/avatar\/57de8e5d4b15d43fb361a71fbb36338450fe67865b528a43dd10ef7c51a20392?s=96&d=mm&r=g","caption":"La Sentinelle"},"sameAs":["http:\/\/www.lasentinelle.dz"],"url":"https:\/\/lasentinelle.dz\/author\/redaction\/"}]}},"_links":{"self":[{"href":"https:\/\/lasentinelle.dz\/index.php\/wp-json\/wp\/v2\/posts\/38267","targetHints":{"allow":["GET"]}}],"collection":[{"href":"https:\/\/lasentinelle.dz\/index.php\/wp-json\/wp\/v2\/posts"}],"about":[{"href":"https:\/\/lasentinelle.dz\/index.php\/wp-json\/wp\/v2\/types\/post"}],"author":[{"embeddable":true,"href":"https:\/\/lasentinelle.dz\/index.php\/wp-json\/wp\/v2\/users\/3"}],"replies":[{"embeddable":true,"href":"https:\/\/lasentinelle.dz\/index.php\/wp-json\/wp\/v2\/comments?post=38267"}],"version-history":[{"count":1,"href":"https:\/\/lasentinelle.dz\/index.php\/wp-json\/wp\/v2\/posts\/38267\/revisions"}],"predecessor-version":[{"id":38273,"href":"https:\/\/lasentinelle.dz\/index.php\/wp-json\/wp\/v2\/posts\/38267\/revisions\/38273"}],"wp:featuredmedia":[{"embeddable":true,"href":"https:\/\/lasentinelle.dz\/index.php\/wp-json\/wp\/v2\/media\/38270"}],"wp:attachment":[{"href":"https:\/\/lasentinelle.dz\/index.php\/wp-json\/wp\/v2\/media?parent=38267"}],"wp:term":[{"taxonomy":"category","embeddable":true,"href":"https:\/\/lasentinelle.dz\/index.php\/wp-json\/wp\/v2\/categories?post=38267"},{"taxonomy":"post_tag","embeddable":true,"href":"https:\/\/lasentinelle.dz\/index.php\/wp-json\/wp\/v2\/tags?post=38267"}],"curies":[{"name":"wp","href":"https:\/\/api.w.org\/{rel}","templated":true}]}}