{"id":38281,"date":"2023-03-22T22:05:00","date_gmt":"2023-03-22T21:05:00","guid":{"rendered":"https:\/\/lasentinelle.dz\/?p=38281"},"modified":"2023-03-22T22:01:25","modified_gmt":"2023-03-22T21:01:25","slug":"ils-revendiquent-une-augmentation-de-salaire-les-dockers-du-port-de-djendjen-en-greve","status":"publish","type":"post","link":"https:\/\/lasentinelle.dz\/index.php\/2023\/03\/22\/ils-revendiquent-une-augmentation-de-salaire-les-dockers-du-port-de-djendjen-en-greve\/","title":{"rendered":"Ils revendiquent une augmentation de salaire\u00a0: Les dockers du port de Djendjen en gr\u00e8ve"},"content":{"rendered":"\n<p>Les travailleurs du fret au port de Djendjen dans la wilaya de Jijel ont entam\u00e9 une gr\u00e8ve ouverte pour revendiquer des augmentations de salaires.<\/p>\n\n\n\n<p>La structure portuaire est depuis deux jours paralys\u00e9e par ce d\u00e9brayage, en d\u00e9pit des efforts de l\u2019administration du port, pour faire capoter cette action qu\u2019elle qualifie d\u2019ill\u00e9gale. Selon les informations rapport\u00e9es par une source de ce port commercial, des dizaines de travailleurs du fret ont r\u00e9pondu \u00e0 l&rsquo;appel \u00e0 la gr\u00e8ve lanc\u00e9 par les repr\u00e9sentants de cette cat\u00e9gorie, afin d&rsquo;exiger une augmentation des salaires, similaire au reste des autres secteurs, dont les travailleurs ont b\u00e9n\u00e9fici\u00e9. Bien qu\u2019ils fussent plus d\u2019une centaine de travailleurs \u00e0 avoir adh\u00e9r\u00e9 au mouvement de gr\u00e8ve, la structure portuaire a n\u00e9anmoins \u00e9t\u00e9 affect\u00e9e, selon notre source. Celle-ci a fait savoir que le port marchand de Djendjen a \u00e9t\u00e9 paralys\u00e9 partiellement, en raison de l&rsquo;importance du travail qu\u2019effectuent les travailleurs du fret en gr\u00e8ve. Afin d\u2019\u00e9viter que le mouvement ne gagne l\u2019ensemble des travailleurs du port, l\u2019administration du port a r\u00e9agi rapidement, en introduisant une action, devant le tribunal de Taher, a fait savoir la m\u00eame source. Pour justifier cette action en justice, l\u2019administration a soulign\u00e9, a expliqu\u00e9 notre source, que le d\u00e9brayage n&rsquo;a pas \u00e9t\u00e9 notifi\u00e9 \u00e0 l&rsquo;avance comme le stipulent les textes r\u00e9gissant ce genre d\u2019action. L\u2019administration a , \u00e9galement, expliqu\u00e9 que les dockers gr\u00e9vistes ne b\u00e9n\u00e9ficient d&rsquo;aucune couverture syndicale, ajoute-on. Jusqu\u2019\u00e0 la mise sous presse, l\u2019activit\u00e9 du fret est pareillement paralys\u00e9e et les dockers en gr\u00e8ve, ne semblent pas en d\u00e9mordre. Selon les informations apport\u00e9es par la m\u00eame source, les gr\u00e9vistes auraient d\u00e9cid\u00e9 de camper sur leur position, jusqu\u2019\u00e0 ce que leur seule et unique revendication, \u00e0 savoir, l\u2019augmentation des salaires soit prise en charge. Par ailleurs, jusqu\u2019\u00e0 la mise sous presse, aucune r\u00e9action syndicale n\u2019a \u00e9t\u00e9 manifest\u00e9e par le syndicat de l\u2019entreprise portuaire de Djendjen. Ce qui porte \u00e0 croire que la d\u00e9cision de cette gr\u00e8ve illimit\u00e9e a \u00e9t\u00e9 prise sans l&rsquo;aval du bureau syndical de l\u2019entreprise. Au vue de ces donn\u00e9es, selon la m\u00eame source, la gr\u00e8ve pourrait bel et bien \u00eatre proclam\u00e9e ill\u00e9gale par le tribunal de Taher et dont la d\u00e9cision pourrait \u00eatre rendue aujourd\u2019hui. Par ailleurs, il est \u00e0 noter que, si ce mouvement de gr\u00e8ve venait \u00e0 durer dans le temps, le trafic du port de Djendjen pourrait s\u00e9rieusement \u00eatre affect\u00e9. Le port a enregistr\u00e9 un flux de marchandises qui a atteint 9.258.212 tonnes en 2022, soit une augmentation de 27,56% par rapport \u00e0 l\u2019ann\u00e9e 2021.<\/p>\n\n\n\n<p><strong>Sofia Chahine<\/strong><\/p>\n","protected":false},"excerpt":{"rendered":"<p>Les travailleurs du fret au port de Djendjen dans la wilaya de Jijel ont entam\u00e9 une gr\u00e8ve ouverte pour revendiquer<\/p>\n","protected":false},"author":3,"featured_media":38344,"comment_status":"open","ping_status":"closed","sticky":false,"template":"","format":"standard","meta":{"colormag_page_container_layout":"default_layout","colormag_page_sidebar_layout":"default_layout","om_disable_all_campaigns":false,"_monsterinsights_skip_tracking":false,"_monsterinsights_sitenote_active":false,"_monsterinsights_sitenote_note":"","_monsterinsights_sitenote_category":0,"footnotes":"","_wpscppro_dont_share_socialmedia":false,"_wpscppro_custom_social_share_image":0,"_facebook_share_type":"","_twitter_share_type":"","_linkedin_share_type":"","_pinterest_share_type":"","_linkedin_share_type_page":"","_instagram_share_type":"","_medium_share_type":"","_threads_share_type":"","_google_business_share_type":"","_selected_social_profile":[],"_wpsp_enable_custom_social_template":false,"_wpsp_social_scheduling":{"enabled":false,"datetime":null,"platforms":[],"status":"template_only","dateOption":"today","timeOption":"now","customDays":"","customHours":"","customDate":"","customTime":"","schedulingType":"absolute"},"_wpsp_active_default_template":true},"categories":[27],"tags":[],"class_list":["post-38281","post","type-post","status-publish","format-standard","has-post-thumbnail","hentry","category-actualite"],"aioseo_notices":[],"yoast_head":"<!-- This site is optimized with the Yoast SEO plugin v27.5 - https:\/\/yoast.com\/product\/yoast-seo-wordpress\/ -->\n<title>Ils revendiquent une augmentation de salaire\u00a0: Les dockers du port de Djendjen en gr\u00e8ve - La Sentinelle<\/title>\n<meta name=\"robots\" content=\"index, follow, max-snippet:-1, max-image-preview:large, max-video-preview:-1\" \/>\n<link rel=\"canonical\" href=\"https:\/\/lasentinelle.dz\/index.php\/2023\/03\/22\/ils-revendiquent-une-augmentation-de-salaire-les-dockers-du-port-de-djendjen-en-greve\/\" \/>\n<meta property=\"og:locale\" content=\"fr_FR\" \/>\n<meta property=\"og:type\" content=\"article\" \/>\n<meta property=\"og:title\" content=\"Ils revendiquent une augmentation de salaire\u00a0: Les dockers du port de Djendjen en gr\u00e8ve - La Sentinelle\" \/>\n<meta property=\"og:description\" content=\"Les travailleurs du fret au port de Djendjen dans la wilaya de Jijel ont entam\u00e9 une gr\u00e8ve ouverte pour revendiquer\" \/>\n<meta property=\"og:url\" content=\"https:\/\/lasentinelle.dz\/index.php\/2023\/03\/22\/ils-revendiquent-une-augmentation-de-salaire-les-dockers-du-port-de-djendjen-en-greve\/\" \/>\n<meta property=\"og:site_name\" content=\"La Sentinelle\" \/>\n<meta property=\"article:publisher\" content=\"https:\/\/www.facebook.com\/La-Sentinelle-104059864394773\" \/>\n<meta property=\"article:published_time\" content=\"2023-03-22T21:05:00+00:00\" \/>\n<meta property=\"og:image\" content=\"https:\/\/lasentinelle.dz\/wp-content\/uploads\/2023\/03\/image_2023-03-22_220039281.png\" \/>\n\t<meta property=\"og:image:width\" content=\"900\" \/>\n\t<meta property=\"og:image:height\" content=\"519\" \/>\n\t<meta property=\"og:image:type\" content=\"image\/png\" \/>\n<meta name=\"author\" content=\"La Sentinelle\" \/>\n<meta name=\"twitter:card\" content=\"summary_large_image\" \/>\n<meta name=\"twitter:label1\" content=\"\u00c9crit par\" \/>\n\t<meta name=\"twitter:data1\" content=\"La Sentinelle\" \/>\n\t<meta name=\"twitter:label2\" content=\"Dur\u00e9e de lecture estim\u00e9e\" \/>\n\t<meta name=\"twitter:data2\" content=\"3 minutes\" \/>\n<script type=\"application\/ld+json\" class=\"yoast-schema-graph\">{\"@context\":\"https:\\\/\\\/schema.org\",\"@graph\":[{\"@type\":\"Article\",\"@id\":\"https:\\\/\\\/lasentinelle.dz\\\/index.php\\\/2023\\\/03\\\/22\\\/ils-revendiquent-une-augmentation-de-salaire-les-dockers-du-port-de-djendjen-en-greve\\\/#article\",\"isPartOf\":{\"@id\":\"https:\\\/\\\/lasentinelle.dz\\\/index.php\\\/2023\\\/03\\\/22\\\/ils-revendiquent-une-augmentation-de-salaire-les-dockers-du-port-de-djendjen-en-greve\\\/\"},\"author\":{\"name\":\"La Sentinelle\",\"@id\":\"https:\\\/\\\/lasentinelle.dz\\\/#\\\/schema\\\/person\\\/d865044e22e70a75174ce8bcad3acfb3\"},\"headline\":\"Ils revendiquent une augmentation de salaire\u00a0: Les dockers du port de Djendjen en gr\u00e8ve\",\"datePublished\":\"2023-03-22T21:05:00+00:00\",\"mainEntityOfPage\":{\"@id\":\"https:\\\/\\\/lasentinelle.dz\\\/index.php\\\/2023\\\/03\\\/22\\\/ils-revendiquent-une-augmentation-de-salaire-les-dockers-du-port-de-djendjen-en-greve\\\/\"},\"wordCount\":486,\"commentCount\":0,\"publisher\":{\"@id\":\"https:\\\/\\\/lasentinelle.dz\\\/#organization\"},\"image\":{\"@id\":\"https:\\\/\\\/lasentinelle.dz\\\/index.php\\\/2023\\\/03\\\/22\\\/ils-revendiquent-une-augmentation-de-salaire-les-dockers-du-port-de-djendjen-en-greve\\\/#primaryimage\"},\"thumbnailUrl\":\"https:\\\/\\\/lasentinelle.dz\\\/wp-content\\\/uploads\\\/2023\\\/03\\\/image_2023-03-22_220039281.png\",\"articleSection\":[\"Actualit\u00e9\"],\"inLanguage\":\"fr-FR\",\"potentialAction\":[{\"@type\":\"CommentAction\",\"name\":\"Comment\",\"target\":[\"https:\\\/\\\/lasentinelle.dz\\\/index.php\\\/2023\\\/03\\\/22\\\/ils-revendiquent-une-augmentation-de-salaire-les-dockers-du-port-de-djendjen-en-greve\\\/#respond\"]}]},{\"@type\":\"WebPage\",\"@id\":\"https:\\\/\\\/lasentinelle.dz\\\/index.php\\\/2023\\\/03\\\/22\\\/ils-revendiquent-une-augmentation-de-salaire-les-dockers-du-port-de-djendjen-en-greve\\\/\",\"url\":\"https:\\\/\\\/lasentinelle.dz\\\/index.php\\\/2023\\\/03\\\/22\\\/ils-revendiquent-une-augmentation-de-salaire-les-dockers-du-port-de-djendjen-en-greve\\\/\",\"name\":\"Ils revendiquent une augmentation de salaire\u00a0: Les dockers du port de Djendjen en gr\u00e8ve - La Sentinelle\",\"isPartOf\":{\"@id\":\"https:\\\/\\\/lasentinelle.dz\\\/#website\"},\"primaryImageOfPage\":{\"@id\":\"https:\\\/\\\/lasentinelle.dz\\\/index.php\\\/2023\\\/03\\\/22\\\/ils-revendiquent-une-augmentation-de-salaire-les-dockers-du-port-de-djendjen-en-greve\\\/#primaryimage\"},\"image\":{\"@id\":\"https:\\\/\\\/lasentinelle.dz\\\/index.php\\\/2023\\\/03\\\/22\\\/ils-revendiquent-une-augmentation-de-salaire-les-dockers-du-port-de-djendjen-en-greve\\\/#primaryimage\"},\"thumbnailUrl\":\"https:\\\/\\\/lasentinelle.dz\\\/wp-content\\\/uploads\\\/2023\\\/03\\\/image_2023-03-22_220039281.png\",\"datePublished\":\"2023-03-22T21:05:00+00:00\",\"breadcrumb\":{\"@id\":\"https:\\\/\\\/lasentinelle.dz\\\/index.php\\\/2023\\\/03\\\/22\\\/ils-revendiquent-une-augmentation-de-salaire-les-dockers-du-port-de-djendjen-en-greve\\\/#breadcrumb\"},\"inLanguage\":\"fr-FR\",\"potentialAction\":[{\"@type\":\"ReadAction\",\"target\":[\"https:\\\/\\\/lasentinelle.dz\\\/index.php\\\/2023\\\/03\\\/22\\\/ils-revendiquent-une-augmentation-de-salaire-les-dockers-du-port-de-djendjen-en-greve\\\/\"]}]},{\"@type\":\"ImageObject\",\"inLanguage\":\"fr-FR\",\"@id\":\"https:\\\/\\\/lasentinelle.dz\\\/index.php\\\/2023\\\/03\\\/22\\\/ils-revendiquent-une-augmentation-de-salaire-les-dockers-du-port-de-djendjen-en-greve\\\/#primaryimage\",\"url\":\"https:\\\/\\\/lasentinelle.dz\\\/wp-content\\\/uploads\\\/2023\\\/03\\\/image_2023-03-22_220039281.png\",\"contentUrl\":\"https:\\\/\\\/lasentinelle.dz\\\/wp-content\\\/uploads\\\/2023\\\/03\\\/image_2023-03-22_220039281.png\",\"width\":900,\"height\":519},{\"@type\":\"BreadcrumbList\",\"@id\":\"https:\\\/\\\/lasentinelle.dz\\\/index.php\\\/2023\\\/03\\\/22\\\/ils-revendiquent-une-augmentation-de-salaire-les-dockers-du-port-de-djendjen-en-greve\\\/#breadcrumb\",\"itemListElement\":[{\"@type\":\"ListItem\",\"position\":1,\"name\":\"Accueil\",\"item\":\"https:\\\/\\\/lasentinelle.dz\\\/\"},{\"@type\":\"ListItem\",\"position\":2,\"name\":\"Ils revendiquent une augmentation de salaire\u00a0: Les dockers du port de Djendjen en gr\u00e8ve\"}]},{\"@type\":\"WebSite\",\"@id\":\"https:\\\/\\\/lasentinelle.dz\\\/#website\",\"url\":\"https:\\\/\\\/lasentinelle.dz\\\/\",\"name\":\"La Sentinelle\",\"description\":\"Quotidien national d&#039;information\",\"publisher\":{\"@id\":\"https:\\\/\\\/lasentinelle.dz\\\/#organization\"},\"potentialAction\":[{\"@type\":\"SearchAction\",\"target\":{\"@type\":\"EntryPoint\",\"urlTemplate\":\"https:\\\/\\\/lasentinelle.dz\\\/?s={search_term_string}\"},\"query-input\":{\"@type\":\"PropertyValueSpecification\",\"valueRequired\":true,\"valueName\":\"search_term_string\"}}],\"inLanguage\":\"fr-FR\"},{\"@type\":\"Organization\",\"@id\":\"https:\\\/\\\/lasentinelle.dz\\\/#organization\",\"name\":\"Quotidien La Sentinelle\",\"url\":\"https:\\\/\\\/lasentinelle.dz\\\/\",\"logo\":{\"@type\":\"ImageObject\",\"inLanguage\":\"fr-FR\",\"@id\":\"https:\\\/\\\/lasentinelle.dz\\\/#\\\/schema\\\/logo\\\/image\\\/\",\"url\":\"https:\\\/\\\/lasentinelle.dz\\\/wp-content\\\/uploads\\\/2021\\\/09\\\/logo-sentinelleSLOGAN-1.png\",\"contentUrl\":\"https:\\\/\\\/lasentinelle.dz\\\/wp-content\\\/uploads\\\/2021\\\/09\\\/logo-sentinelleSLOGAN-1.png\",\"width\":615,\"height\":142,\"caption\":\"Quotidien La Sentinelle\"},\"image\":{\"@id\":\"https:\\\/\\\/lasentinelle.dz\\\/#\\\/schema\\\/logo\\\/image\\\/\"},\"sameAs\":[\"https:\\\/\\\/www.facebook.com\\\/La-Sentinelle-104059864394773\"]},{\"@type\":\"Person\",\"@id\":\"https:\\\/\\\/lasentinelle.dz\\\/#\\\/schema\\\/person\\\/d865044e22e70a75174ce8bcad3acfb3\",\"name\":\"La Sentinelle\",\"image\":{\"@type\":\"ImageObject\",\"inLanguage\":\"fr-FR\",\"@id\":\"https:\\\/\\\/secure.gravatar.com\\\/avatar\\\/57de8e5d4b15d43fb361a71fbb36338450fe67865b528a43dd10ef7c51a20392?s=96&d=mm&r=g\",\"url\":\"https:\\\/\\\/secure.gravatar.com\\\/avatar\\\/57de8e5d4b15d43fb361a71fbb36338450fe67865b528a43dd10ef7c51a20392?s=96&d=mm&r=g\",\"contentUrl\":\"https:\\\/\\\/secure.gravatar.com\\\/avatar\\\/57de8e5d4b15d43fb361a71fbb36338450fe67865b528a43dd10ef7c51a20392?s=96&d=mm&r=g\",\"caption\":\"La Sentinelle\"},\"sameAs\":[\"http:\\\/\\\/www.lasentinelle.dz\"],\"url\":\"https:\\\/\\\/lasentinelle.dz\\\/author\\\/redaction\\\/\"}]}<\/script>\n<!-- \/ Yoast SEO plugin. -->","yoast_head_json":{"title":"Ils revendiquent une augmentation de salaire\u00a0: Les dockers du port de Djendjen en gr\u00e8ve - La Sentinelle","robots":{"index":"index","follow":"follow","max-snippet":"max-snippet:-1","max-image-preview":"max-image-preview:large","max-video-preview":"max-video-preview:-1"},"canonical":"https:\/\/lasentinelle.dz\/index.php\/2023\/03\/22\/ils-revendiquent-une-augmentation-de-salaire-les-dockers-du-port-de-djendjen-en-greve\/","og_locale":"fr_FR","og_type":"article","og_title":"Ils revendiquent une augmentation de salaire\u00a0: Les dockers du port de Djendjen en gr\u00e8ve - La Sentinelle","og_description":"Les travailleurs du fret au port de Djendjen dans la wilaya de Jijel ont entam\u00e9 une gr\u00e8ve ouverte pour revendiquer","og_url":"https:\/\/lasentinelle.dz\/index.php\/2023\/03\/22\/ils-revendiquent-une-augmentation-de-salaire-les-dockers-du-port-de-djendjen-en-greve\/","og_site_name":"La Sentinelle","article_publisher":"https:\/\/www.facebook.com\/La-Sentinelle-104059864394773","article_published_time":"2023-03-22T21:05:00+00:00","og_image":[{"width":900,"height":519,"url":"https:\/\/lasentinelle.dz\/wp-content\/uploads\/2023\/03\/image_2023-03-22_220039281.png","type":"image\/png"}],"author":"La Sentinelle","twitter_card":"summary_large_image","twitter_misc":{"\u00c9crit par":"La Sentinelle","Dur\u00e9e de lecture estim\u00e9e":"3 minutes"},"schema":{"@context":"https:\/\/schema.org","@graph":[{"@type":"Article","@id":"https:\/\/lasentinelle.dz\/index.php\/2023\/03\/22\/ils-revendiquent-une-augmentation-de-salaire-les-dockers-du-port-de-djendjen-en-greve\/#article","isPartOf":{"@id":"https:\/\/lasentinelle.dz\/index.php\/2023\/03\/22\/ils-revendiquent-une-augmentation-de-salaire-les-dockers-du-port-de-djendjen-en-greve\/"},"author":{"name":"La Sentinelle","@id":"https:\/\/lasentinelle.dz\/#\/schema\/person\/d865044e22e70a75174ce8bcad3acfb3"},"headline":"Ils revendiquent une augmentation de salaire\u00a0: Les dockers du port de Djendjen en gr\u00e8ve","datePublished":"2023-03-22T21:05:00+00:00","mainEntityOfPage":{"@id":"https:\/\/lasentinelle.dz\/index.php\/2023\/03\/22\/ils-revendiquent-une-augmentation-de-salaire-les-dockers-du-port-de-djendjen-en-greve\/"},"wordCount":486,"commentCount":0,"publisher":{"@id":"https:\/\/lasentinelle.dz\/#organization"},"image":{"@id":"https:\/\/lasentinelle.dz\/index.php\/2023\/03\/22\/ils-revendiquent-une-augmentation-de-salaire-les-dockers-du-port-de-djendjen-en-greve\/#primaryimage"},"thumbnailUrl":"https:\/\/lasentinelle.dz\/wp-content\/uploads\/2023\/03\/image_2023-03-22_220039281.png","articleSection":["Actualit\u00e9"],"inLanguage":"fr-FR","potentialAction":[{"@type":"CommentAction","name":"Comment","target":["https:\/\/lasentinelle.dz\/index.php\/2023\/03\/22\/ils-revendiquent-une-augmentation-de-salaire-les-dockers-du-port-de-djendjen-en-greve\/#respond"]}]},{"@type":"WebPage","@id":"https:\/\/lasentinelle.dz\/index.php\/2023\/03\/22\/ils-revendiquent-une-augmentation-de-salaire-les-dockers-du-port-de-djendjen-en-greve\/","url":"https:\/\/lasentinelle.dz\/index.php\/2023\/03\/22\/ils-revendiquent-une-augmentation-de-salaire-les-dockers-du-port-de-djendjen-en-greve\/","name":"Ils revendiquent une augmentation de salaire\u00a0: Les dockers du port de Djendjen en gr\u00e8ve - La Sentinelle","isPartOf":{"@id":"https:\/\/lasentinelle.dz\/#website"},"primaryImageOfPage":{"@id":"https:\/\/lasentinelle.dz\/index.php\/2023\/03\/22\/ils-revendiquent-une-augmentation-de-salaire-les-dockers-du-port-de-djendjen-en-greve\/#primaryimage"},"image":{"@id":"https:\/\/lasentinelle.dz\/index.php\/2023\/03\/22\/ils-revendiquent-une-augmentation-de-salaire-les-dockers-du-port-de-djendjen-en-greve\/#primaryimage"},"thumbnailUrl":"https:\/\/lasentinelle.dz\/wp-content\/uploads\/2023\/03\/image_2023-03-22_220039281.png","datePublished":"2023-03-22T21:05:00+00:00","breadcrumb":{"@id":"https:\/\/lasentinelle.dz\/index.php\/2023\/03\/22\/ils-revendiquent-une-augmentation-de-salaire-les-dockers-du-port-de-djendjen-en-greve\/#breadcrumb"},"inLanguage":"fr-FR","potentialAction":[{"@type":"ReadAction","target":["https:\/\/lasentinelle.dz\/index.php\/2023\/03\/22\/ils-revendiquent-une-augmentation-de-salaire-les-dockers-du-port-de-djendjen-en-greve\/"]}]},{"@type":"ImageObject","inLanguage":"fr-FR","@id":"https:\/\/lasentinelle.dz\/index.php\/2023\/03\/22\/ils-revendiquent-une-augmentation-de-salaire-les-dockers-du-port-de-djendjen-en-greve\/#primaryimage","url":"https:\/\/lasentinelle.dz\/wp-content\/uploads\/2023\/03\/image_2023-03-22_220039281.png","contentUrl":"https:\/\/lasentinelle.dz\/wp-content\/uploads\/2023\/03\/image_2023-03-22_220039281.png","width":900,"height":519},{"@type":"BreadcrumbList","@id":"https:\/\/lasentinelle.dz\/index.php\/2023\/03\/22\/ils-revendiquent-une-augmentation-de-salaire-les-dockers-du-port-de-djendjen-en-greve\/#breadcrumb","itemListElement":[{"@type":"ListItem","position":1,"name":"Accueil","item":"https:\/\/lasentinelle.dz\/"},{"@type":"ListItem","position":2,"name":"Ils revendiquent une augmentation de salaire\u00a0: Les dockers du port de Djendjen en gr\u00e8ve"}]},{"@type":"WebSite","@id":"https:\/\/lasentinelle.dz\/#website","url":"https:\/\/lasentinelle.dz\/","name":"La Sentinelle","description":"Quotidien national d&#039;information","publisher":{"@id":"https:\/\/lasentinelle.dz\/#organization"},"potentialAction":[{"@type":"SearchAction","target":{"@type":"EntryPoint","urlTemplate":"https:\/\/lasentinelle.dz\/?s={search_term_string}"},"query-input":{"@type":"PropertyValueSpecification","valueRequired":true,"valueName":"search_term_string"}}],"inLanguage":"fr-FR"},{"@type":"Organization","@id":"https:\/\/lasentinelle.dz\/#organization","name":"Quotidien La Sentinelle","url":"https:\/\/lasentinelle.dz\/","logo":{"@type":"ImageObject","inLanguage":"fr-FR","@id":"https:\/\/lasentinelle.dz\/#\/schema\/logo\/image\/","url":"https:\/\/lasentinelle.dz\/wp-content\/uploads\/2021\/09\/logo-sentinelleSLOGAN-1.png","contentUrl":"https:\/\/lasentinelle.dz\/wp-content\/uploads\/2021\/09\/logo-sentinelleSLOGAN-1.png","width":615,"height":142,"caption":"Quotidien La Sentinelle"},"image":{"@id":"https:\/\/lasentinelle.dz\/#\/schema\/logo\/image\/"},"sameAs":["https:\/\/www.facebook.com\/La-Sentinelle-104059864394773"]},{"@type":"Person","@id":"https:\/\/lasentinelle.dz\/#\/schema\/person\/d865044e22e70a75174ce8bcad3acfb3","name":"La Sentinelle","image":{"@type":"ImageObject","inLanguage":"fr-FR","@id":"https:\/\/secure.gravatar.com\/avatar\/57de8e5d4b15d43fb361a71fbb36338450fe67865b528a43dd10ef7c51a20392?s=96&d=mm&r=g","url":"https:\/\/secure.gravatar.com\/avatar\/57de8e5d4b15d43fb361a71fbb36338450fe67865b528a43dd10ef7c51a20392?s=96&d=mm&r=g","contentUrl":"https:\/\/secure.gravatar.com\/avatar\/57de8e5d4b15d43fb361a71fbb36338450fe67865b528a43dd10ef7c51a20392?s=96&d=mm&r=g","caption":"La Sentinelle"},"sameAs":["http:\/\/www.lasentinelle.dz"],"url":"https:\/\/lasentinelle.dz\/author\/redaction\/"}]}},"_links":{"self":[{"href":"https:\/\/lasentinelle.dz\/index.php\/wp-json\/wp\/v2\/posts\/38281","targetHints":{"allow":["GET"]}}],"collection":[{"href":"https:\/\/lasentinelle.dz\/index.php\/wp-json\/wp\/v2\/posts"}],"about":[{"href":"https:\/\/lasentinelle.dz\/index.php\/wp-json\/wp\/v2\/types\/post"}],"author":[{"embeddable":true,"href":"https:\/\/lasentinelle.dz\/index.php\/wp-json\/wp\/v2\/users\/3"}],"replies":[{"embeddable":true,"href":"https:\/\/lasentinelle.dz\/index.php\/wp-json\/wp\/v2\/comments?post=38281"}],"version-history":[{"count":1,"href":"https:\/\/lasentinelle.dz\/index.php\/wp-json\/wp\/v2\/posts\/38281\/revisions"}],"predecessor-version":[{"id":38346,"href":"https:\/\/lasentinelle.dz\/index.php\/wp-json\/wp\/v2\/posts\/38281\/revisions\/38346"}],"wp:featuredmedia":[{"embeddable":true,"href":"https:\/\/lasentinelle.dz\/index.php\/wp-json\/wp\/v2\/media\/38344"}],"wp:attachment":[{"href":"https:\/\/lasentinelle.dz\/index.php\/wp-json\/wp\/v2\/media?parent=38281"}],"wp:term":[{"taxonomy":"category","embeddable":true,"href":"https:\/\/lasentinelle.dz\/index.php\/wp-json\/wp\/v2\/categories?post=38281"},{"taxonomy":"post_tag","embeddable":true,"href":"https:\/\/lasentinelle.dz\/index.php\/wp-json\/wp\/v2\/tags?post=38281"}],"curies":[{"name":"wp","href":"https:\/\/api.w.org\/{rel}","templated":true}]}}