{"id":38316,"date":"2023-03-22T22:05:00","date_gmt":"2023-03-22T21:05:00","guid":{"rendered":"https:\/\/lasentinelle.dz\/?p=38316"},"modified":"2023-03-22T19:33:24","modified_gmt":"2023-03-22T18:33:24","slug":"palestine-occupee-lalgerie-condamne-fermement-les-declarations-provocatrices-dun-responsable-sioniste-sur-le-peuple-palestinien","status":"publish","type":"post","link":"https:\/\/lasentinelle.dz\/index.php\/2023\/03\/22\/palestine-occupee-lalgerie-condamne-fermement-les-declarations-provocatrices-dun-responsable-sioniste-sur-le-peuple-palestinien\/","title":{"rendered":"Palestine occup\u00e9e\u00a0: L&rsquo;Alg\u00e9rie condamne \u00ab\u00a0fermement\u00a0\u00bb les d\u00e9clarations provocatrices d&rsquo;un responsable sioniste sur le peuple palestinien"},"content":{"rendered":"\n<p>L&rsquo;Alg\u00e9rie a condamn\u00e9 \u00ab\u00a0fermement\u00a0\u00bb les d\u00e9clarations \u00ab\u00a0provocatrices\u00a0\u00bb d&rsquo;un responsable de l&rsquo;entit\u00e9 sioniste contestant le droit du peuple palestinien \u00e0 exister et \u00e0 \u00e9tablir son Etat ind\u00e9pendant, selon une d\u00e9claration du minist\u00e8re des Affaires \u00e9trang\u00e8res et de la Communaut\u00e9 nationale \u00e0 l&rsquo;\u00e9tranger, publi\u00e9e hier. \u00ab\u00a0L&rsquo;Alg\u00e9rie condamne fermement les d\u00e9clarations provocatrices d&rsquo;un responsable de l&rsquo;entit\u00e9 sioniste tenant d\u0626une id\u00e9ologie n\u00e9gationniste qui conteste le droit du peuple palestinien \u00e0 exister et \u00e0 \u00e9tablir son Etat ind\u00e9pendant\u00a0\u00bb, indique la d\u00e9claration du minist\u00e8re. Elle \u00ab\u00a0condamne avec la m\u00eame fermet\u00e9 l&rsquo;utilisation par ce responsable d&rsquo;une carte d&rsquo;occupation expansionniste qui inclut les territoires du Royaume Hach\u00e9mite de Jordanie, ainsi que les territoires palestiniens occup\u00e9s\u00a0\u00bb, a-t-on ajout\u00e9. Selon la m\u00eame source, ce comportement \u00ab\u00a0agressif, qui s&rsquo;ajoute \u00e0 une s\u00e9rie de violations syst\u00e9matiques commises par la puissance occupante contre le peuple palestinien, ses biens et ses lieux saints dans un dessein expansionniste tr\u00e8s dangereux, constitue une violation flagrante de la l\u00e9galit\u00e9 internationale et une menace directe \u00e0 la paix, \u00e0 la s\u00e9curit\u00e9 et \u00e0 la stabilit\u00e9 dans toute la r\u00e9gion\u00a0\u00bb. L&rsquo;Alg\u00e9rie a appel\u00e9 \u00e0 cette occasion la communaut\u00e9 internationale, \u00ab\u00a0en particulier le Conseil de s\u00e9curit\u00e9 des Nations unies, \u00e0 assumer ses responsabilit\u00e9s pour prot\u00e9ger les droits l\u00e9gitimes du peuple palestinien \u00e0 \u00e9tablir son Etat ind\u00e9pendant avec Al-Qods Al-Sharif comme capitale, et \u00e0 faire respecter ses fronti\u00e8res, ainsi que celles de tous les Etats de la r\u00e9gion, y compris le Royaume Hach\u00e9mite de Jordanie\u00a0\u00bb, a conclu la d\u00e9claration du minist\u00e8re.<\/p>\n\n\n\n<p>APS<\/p>\n","protected":false},"excerpt":{"rendered":"<p>L&rsquo;Alg\u00e9rie a condamn\u00e9 \u00ab\u00a0fermement\u00a0\u00bb les d\u00e9clarations \u00ab\u00a0provocatrices\u00a0\u00bb d&rsquo;un responsable de l&rsquo;entit\u00e9 sioniste contestant le droit du peuple palestinien \u00e0 exister<\/p>\n","protected":false},"author":3,"featured_media":2288,"comment_status":"open","ping_status":"closed","sticky":false,"template":"","format":"standard","meta":{"colormag_page_container_layout":"default_layout","colormag_page_sidebar_layout":"default_layout","om_disable_all_campaigns":false,"_monsterinsights_skip_tracking":false,"_monsterinsights_sitenote_active":false,"_monsterinsights_sitenote_note":"","_monsterinsights_sitenote_category":0,"footnotes":"","_wpscppro_dont_share_socialmedia":false,"_wpscppro_custom_social_share_image":0,"_facebook_share_type":"","_twitter_share_type":"","_linkedin_share_type":"","_pinterest_share_type":"","_linkedin_share_type_page":"","_instagram_share_type":"","_medium_share_type":"","_threads_share_type":"","_google_business_share_type":"","_selected_social_profile":[],"_wpsp_enable_custom_social_template":false,"_wpsp_social_scheduling":{"enabled":false,"datetime":null,"platforms":[],"status":"template_only","dateOption":"today","timeOption":"now","customDays":"","customHours":"","customDate":"","customTime":"","schedulingType":"absolute"},"_wpsp_active_default_template":true},"categories":[27],"tags":[],"class_list":["post-38316","post","type-post","status-publish","format-standard","has-post-thumbnail","hentry","category-actualite"],"aioseo_notices":[],"yoast_head":"<!-- This site is optimized with the Yoast SEO plugin v27.5 - https:\/\/yoast.com\/product\/yoast-seo-wordpress\/ -->\n<title>Palestine occup\u00e9e\u00a0: L&rsquo;Alg\u00e9rie condamne \u00ab\u00a0fermement\u00a0\u00bb les d\u00e9clarations provocatrices d&rsquo;un responsable sioniste sur le peuple palestinien - La Sentinelle<\/title>\n<meta name=\"robots\" content=\"index, follow, max-snippet:-1, max-image-preview:large, max-video-preview:-1\" \/>\n<link rel=\"canonical\" href=\"https:\/\/lasentinelle.dz\/index.php\/2023\/03\/22\/palestine-occupee-lalgerie-condamne-fermement-les-declarations-provocatrices-dun-responsable-sioniste-sur-le-peuple-palestinien\/\" \/>\n<meta property=\"og:locale\" content=\"fr_FR\" \/>\n<meta property=\"og:type\" content=\"article\" \/>\n<meta property=\"og:title\" content=\"Palestine occup\u00e9e\u00a0: L&rsquo;Alg\u00e9rie condamne \u00ab\u00a0fermement\u00a0\u00bb les d\u00e9clarations provocatrices d&rsquo;un responsable sioniste sur le peuple palestinien - La Sentinelle\" \/>\n<meta property=\"og:description\" content=\"L&rsquo;Alg\u00e9rie a condamn\u00e9 \u00ab\u00a0fermement\u00a0\u00bb les d\u00e9clarations \u00ab\u00a0provocatrices\u00a0\u00bb d&rsquo;un responsable de l&rsquo;entit\u00e9 sioniste contestant le droit du peuple palestinien \u00e0 exister\" \/>\n<meta property=\"og:url\" content=\"https:\/\/lasentinelle.dz\/index.php\/2023\/03\/22\/palestine-occupee-lalgerie-condamne-fermement-les-declarations-provocatrices-dun-responsable-sioniste-sur-le-peuple-palestinien\/\" \/>\n<meta property=\"og:site_name\" content=\"La Sentinelle\" \/>\n<meta property=\"article:publisher\" content=\"https:\/\/www.facebook.com\/La-Sentinelle-104059864394773\" \/>\n<meta property=\"article:published_time\" content=\"2023-03-22T21:05:00+00:00\" \/>\n<meta property=\"og:image\" content=\"https:\/\/lasentinelle.dz\/wp-content\/uploads\/2021\/07\/MAE.png\" \/>\n\t<meta property=\"og:image:width\" content=\"1757\" \/>\n\t<meta property=\"og:image:height\" content=\"900\" \/>\n\t<meta property=\"og:image:type\" content=\"image\/png\" \/>\n<meta name=\"author\" content=\"La Sentinelle\" \/>\n<meta name=\"twitter:card\" content=\"summary_large_image\" \/>\n<meta name=\"twitter:label1\" content=\"\u00c9crit par\" \/>\n\t<meta name=\"twitter:data1\" content=\"La Sentinelle\" \/>\n\t<meta name=\"twitter:label2\" content=\"Dur\u00e9e de lecture estim\u00e9e\" \/>\n\t<meta name=\"twitter:data2\" content=\"2 minutes\" \/>\n<script type=\"application\/ld+json\" class=\"yoast-schema-graph\">{\"@context\":\"https:\\\/\\\/schema.org\",\"@graph\":[{\"@type\":\"Article\",\"@id\":\"https:\\\/\\\/lasentinelle.dz\\\/index.php\\\/2023\\\/03\\\/22\\\/palestine-occupee-lalgerie-condamne-fermement-les-declarations-provocatrices-dun-responsable-sioniste-sur-le-peuple-palestinien\\\/#article\",\"isPartOf\":{\"@id\":\"https:\\\/\\\/lasentinelle.dz\\\/index.php\\\/2023\\\/03\\\/22\\\/palestine-occupee-lalgerie-condamne-fermement-les-declarations-provocatrices-dun-responsable-sioniste-sur-le-peuple-palestinien\\\/\"},\"author\":{\"name\":\"La Sentinelle\",\"@id\":\"https:\\\/\\\/lasentinelle.dz\\\/#\\\/schema\\\/person\\\/d865044e22e70a75174ce8bcad3acfb3\"},\"headline\":\"Palestine occup\u00e9e\u00a0: L&rsquo;Alg\u00e9rie condamne \u00ab\u00a0fermement\u00a0\u00bb les d\u00e9clarations provocatrices d&rsquo;un responsable sioniste sur le peuple palestinien\",\"datePublished\":\"2023-03-22T21:05:00+00:00\",\"mainEntityOfPage\":{\"@id\":\"https:\\\/\\\/lasentinelle.dz\\\/index.php\\\/2023\\\/03\\\/22\\\/palestine-occupee-lalgerie-condamne-fermement-les-declarations-provocatrices-dun-responsable-sioniste-sur-le-peuple-palestinien\\\/\"},\"wordCount\":298,\"commentCount\":0,\"publisher\":{\"@id\":\"https:\\\/\\\/lasentinelle.dz\\\/#organization\"},\"image\":{\"@id\":\"https:\\\/\\\/lasentinelle.dz\\\/index.php\\\/2023\\\/03\\\/22\\\/palestine-occupee-lalgerie-condamne-fermement-les-declarations-provocatrices-dun-responsable-sioniste-sur-le-peuple-palestinien\\\/#primaryimage\"},\"thumbnailUrl\":\"https:\\\/\\\/lasentinelle.dz\\\/wp-content\\\/uploads\\\/2021\\\/07\\\/MAE.png\",\"articleSection\":[\"Actualit\u00e9\"],\"inLanguage\":\"fr-FR\",\"potentialAction\":[{\"@type\":\"CommentAction\",\"name\":\"Comment\",\"target\":[\"https:\\\/\\\/lasentinelle.dz\\\/index.php\\\/2023\\\/03\\\/22\\\/palestine-occupee-lalgerie-condamne-fermement-les-declarations-provocatrices-dun-responsable-sioniste-sur-le-peuple-palestinien\\\/#respond\"]}]},{\"@type\":\"WebPage\",\"@id\":\"https:\\\/\\\/lasentinelle.dz\\\/index.php\\\/2023\\\/03\\\/22\\\/palestine-occupee-lalgerie-condamne-fermement-les-declarations-provocatrices-dun-responsable-sioniste-sur-le-peuple-palestinien\\\/\",\"url\":\"https:\\\/\\\/lasentinelle.dz\\\/index.php\\\/2023\\\/03\\\/22\\\/palestine-occupee-lalgerie-condamne-fermement-les-declarations-provocatrices-dun-responsable-sioniste-sur-le-peuple-palestinien\\\/\",\"name\":\"Palestine occup\u00e9e\u00a0: L&rsquo;Alg\u00e9rie condamne \u00ab\u00a0fermement\u00a0\u00bb les d\u00e9clarations provocatrices d&rsquo;un responsable sioniste sur le peuple palestinien - La Sentinelle\",\"isPartOf\":{\"@id\":\"https:\\\/\\\/lasentinelle.dz\\\/#website\"},\"primaryImageOfPage\":{\"@id\":\"https:\\\/\\\/lasentinelle.dz\\\/index.php\\\/2023\\\/03\\\/22\\\/palestine-occupee-lalgerie-condamne-fermement-les-declarations-provocatrices-dun-responsable-sioniste-sur-le-peuple-palestinien\\\/#primaryimage\"},\"image\":{\"@id\":\"https:\\\/\\\/lasentinelle.dz\\\/index.php\\\/2023\\\/03\\\/22\\\/palestine-occupee-lalgerie-condamne-fermement-les-declarations-provocatrices-dun-responsable-sioniste-sur-le-peuple-palestinien\\\/#primaryimage\"},\"thumbnailUrl\":\"https:\\\/\\\/lasentinelle.dz\\\/wp-content\\\/uploads\\\/2021\\\/07\\\/MAE.png\",\"datePublished\":\"2023-03-22T21:05:00+00:00\",\"breadcrumb\":{\"@id\":\"https:\\\/\\\/lasentinelle.dz\\\/index.php\\\/2023\\\/03\\\/22\\\/palestine-occupee-lalgerie-condamne-fermement-les-declarations-provocatrices-dun-responsable-sioniste-sur-le-peuple-palestinien\\\/#breadcrumb\"},\"inLanguage\":\"fr-FR\",\"potentialAction\":[{\"@type\":\"ReadAction\",\"target\":[\"https:\\\/\\\/lasentinelle.dz\\\/index.php\\\/2023\\\/03\\\/22\\\/palestine-occupee-lalgerie-condamne-fermement-les-declarations-provocatrices-dun-responsable-sioniste-sur-le-peuple-palestinien\\\/\"]}]},{\"@type\":\"ImageObject\",\"inLanguage\":\"fr-FR\",\"@id\":\"https:\\\/\\\/lasentinelle.dz\\\/index.php\\\/2023\\\/03\\\/22\\\/palestine-occupee-lalgerie-condamne-fermement-les-declarations-provocatrices-dun-responsable-sioniste-sur-le-peuple-palestinien\\\/#primaryimage\",\"url\":\"https:\\\/\\\/lasentinelle.dz\\\/wp-content\\\/uploads\\\/2021\\\/07\\\/MAE.png\",\"contentUrl\":\"https:\\\/\\\/lasentinelle.dz\\\/wp-content\\\/uploads\\\/2021\\\/07\\\/MAE.png\",\"width\":1757,\"height\":900},{\"@type\":\"BreadcrumbList\",\"@id\":\"https:\\\/\\\/lasentinelle.dz\\\/index.php\\\/2023\\\/03\\\/22\\\/palestine-occupee-lalgerie-condamne-fermement-les-declarations-provocatrices-dun-responsable-sioniste-sur-le-peuple-palestinien\\\/#breadcrumb\",\"itemListElement\":[{\"@type\":\"ListItem\",\"position\":1,\"name\":\"Accueil\",\"item\":\"https:\\\/\\\/lasentinelle.dz\\\/\"},{\"@type\":\"ListItem\",\"position\":2,\"name\":\"Palestine occup\u00e9e\u00a0: L&rsquo;Alg\u00e9rie condamne \u00ab\u00a0fermement\u00a0\u00bb les d\u00e9clarations provocatrices d&rsquo;un responsable sioniste sur le peuple palestinien\"}]},{\"@type\":\"WebSite\",\"@id\":\"https:\\\/\\\/lasentinelle.dz\\\/#website\",\"url\":\"https:\\\/\\\/lasentinelle.dz\\\/\",\"name\":\"La Sentinelle\",\"description\":\"Quotidien national d&#039;information\",\"publisher\":{\"@id\":\"https:\\\/\\\/lasentinelle.dz\\\/#organization\"},\"potentialAction\":[{\"@type\":\"SearchAction\",\"target\":{\"@type\":\"EntryPoint\",\"urlTemplate\":\"https:\\\/\\\/lasentinelle.dz\\\/?s={search_term_string}\"},\"query-input\":{\"@type\":\"PropertyValueSpecification\",\"valueRequired\":true,\"valueName\":\"search_term_string\"}}],\"inLanguage\":\"fr-FR\"},{\"@type\":\"Organization\",\"@id\":\"https:\\\/\\\/lasentinelle.dz\\\/#organization\",\"name\":\"Quotidien La Sentinelle\",\"url\":\"https:\\\/\\\/lasentinelle.dz\\\/\",\"logo\":{\"@type\":\"ImageObject\",\"inLanguage\":\"fr-FR\",\"@id\":\"https:\\\/\\\/lasentinelle.dz\\\/#\\\/schema\\\/logo\\\/image\\\/\",\"url\":\"https:\\\/\\\/lasentinelle.dz\\\/wp-content\\\/uploads\\\/2021\\\/09\\\/logo-sentinelleSLOGAN-1.png\",\"contentUrl\":\"https:\\\/\\\/lasentinelle.dz\\\/wp-content\\\/uploads\\\/2021\\\/09\\\/logo-sentinelleSLOGAN-1.png\",\"width\":615,\"height\":142,\"caption\":\"Quotidien La Sentinelle\"},\"image\":{\"@id\":\"https:\\\/\\\/lasentinelle.dz\\\/#\\\/schema\\\/logo\\\/image\\\/\"},\"sameAs\":[\"https:\\\/\\\/www.facebook.com\\\/La-Sentinelle-104059864394773\"]},{\"@type\":\"Person\",\"@id\":\"https:\\\/\\\/lasentinelle.dz\\\/#\\\/schema\\\/person\\\/d865044e22e70a75174ce8bcad3acfb3\",\"name\":\"La Sentinelle\",\"image\":{\"@type\":\"ImageObject\",\"inLanguage\":\"fr-FR\",\"@id\":\"https:\\\/\\\/secure.gravatar.com\\\/avatar\\\/57de8e5d4b15d43fb361a71fbb36338450fe67865b528a43dd10ef7c51a20392?s=96&d=mm&r=g\",\"url\":\"https:\\\/\\\/secure.gravatar.com\\\/avatar\\\/57de8e5d4b15d43fb361a71fbb36338450fe67865b528a43dd10ef7c51a20392?s=96&d=mm&r=g\",\"contentUrl\":\"https:\\\/\\\/secure.gravatar.com\\\/avatar\\\/57de8e5d4b15d43fb361a71fbb36338450fe67865b528a43dd10ef7c51a20392?s=96&d=mm&r=g\",\"caption\":\"La Sentinelle\"},\"sameAs\":[\"http:\\\/\\\/www.lasentinelle.dz\"],\"url\":\"https:\\\/\\\/lasentinelle.dz\\\/author\\\/redaction\\\/\"}]}<\/script>\n<!-- \/ Yoast SEO plugin. -->","yoast_head_json":{"title":"Palestine occup\u00e9e\u00a0: L&rsquo;Alg\u00e9rie condamne \u00ab\u00a0fermement\u00a0\u00bb les d\u00e9clarations provocatrices d&rsquo;un responsable sioniste sur le peuple palestinien - La Sentinelle","robots":{"index":"index","follow":"follow","max-snippet":"max-snippet:-1","max-image-preview":"max-image-preview:large","max-video-preview":"max-video-preview:-1"},"canonical":"https:\/\/lasentinelle.dz\/index.php\/2023\/03\/22\/palestine-occupee-lalgerie-condamne-fermement-les-declarations-provocatrices-dun-responsable-sioniste-sur-le-peuple-palestinien\/","og_locale":"fr_FR","og_type":"article","og_title":"Palestine occup\u00e9e\u00a0: L&rsquo;Alg\u00e9rie condamne \u00ab\u00a0fermement\u00a0\u00bb les d\u00e9clarations provocatrices d&rsquo;un responsable sioniste sur le peuple palestinien - La Sentinelle","og_description":"L&rsquo;Alg\u00e9rie a condamn\u00e9 \u00ab\u00a0fermement\u00a0\u00bb les d\u00e9clarations \u00ab\u00a0provocatrices\u00a0\u00bb d&rsquo;un responsable de l&rsquo;entit\u00e9 sioniste contestant le droit du peuple palestinien \u00e0 exister","og_url":"https:\/\/lasentinelle.dz\/index.php\/2023\/03\/22\/palestine-occupee-lalgerie-condamne-fermement-les-declarations-provocatrices-dun-responsable-sioniste-sur-le-peuple-palestinien\/","og_site_name":"La Sentinelle","article_publisher":"https:\/\/www.facebook.com\/La-Sentinelle-104059864394773","article_published_time":"2023-03-22T21:05:00+00:00","og_image":[{"width":1757,"height":900,"url":"https:\/\/lasentinelle.dz\/wp-content\/uploads\/2021\/07\/MAE.png","type":"image\/png"}],"author":"La Sentinelle","twitter_card":"summary_large_image","twitter_misc":{"\u00c9crit par":"La Sentinelle","Dur\u00e9e de lecture estim\u00e9e":"2 minutes"},"schema":{"@context":"https:\/\/schema.org","@graph":[{"@type":"Article","@id":"https:\/\/lasentinelle.dz\/index.php\/2023\/03\/22\/palestine-occupee-lalgerie-condamne-fermement-les-declarations-provocatrices-dun-responsable-sioniste-sur-le-peuple-palestinien\/#article","isPartOf":{"@id":"https:\/\/lasentinelle.dz\/index.php\/2023\/03\/22\/palestine-occupee-lalgerie-condamne-fermement-les-declarations-provocatrices-dun-responsable-sioniste-sur-le-peuple-palestinien\/"},"author":{"name":"La Sentinelle","@id":"https:\/\/lasentinelle.dz\/#\/schema\/person\/d865044e22e70a75174ce8bcad3acfb3"},"headline":"Palestine occup\u00e9e\u00a0: L&rsquo;Alg\u00e9rie condamne \u00ab\u00a0fermement\u00a0\u00bb les d\u00e9clarations provocatrices d&rsquo;un responsable sioniste sur le peuple palestinien","datePublished":"2023-03-22T21:05:00+00:00","mainEntityOfPage":{"@id":"https:\/\/lasentinelle.dz\/index.php\/2023\/03\/22\/palestine-occupee-lalgerie-condamne-fermement-les-declarations-provocatrices-dun-responsable-sioniste-sur-le-peuple-palestinien\/"},"wordCount":298,"commentCount":0,"publisher":{"@id":"https:\/\/lasentinelle.dz\/#organization"},"image":{"@id":"https:\/\/lasentinelle.dz\/index.php\/2023\/03\/22\/palestine-occupee-lalgerie-condamne-fermement-les-declarations-provocatrices-dun-responsable-sioniste-sur-le-peuple-palestinien\/#primaryimage"},"thumbnailUrl":"https:\/\/lasentinelle.dz\/wp-content\/uploads\/2021\/07\/MAE.png","articleSection":["Actualit\u00e9"],"inLanguage":"fr-FR","potentialAction":[{"@type":"CommentAction","name":"Comment","target":["https:\/\/lasentinelle.dz\/index.php\/2023\/03\/22\/palestine-occupee-lalgerie-condamne-fermement-les-declarations-provocatrices-dun-responsable-sioniste-sur-le-peuple-palestinien\/#respond"]}]},{"@type":"WebPage","@id":"https:\/\/lasentinelle.dz\/index.php\/2023\/03\/22\/palestine-occupee-lalgerie-condamne-fermement-les-declarations-provocatrices-dun-responsable-sioniste-sur-le-peuple-palestinien\/","url":"https:\/\/lasentinelle.dz\/index.php\/2023\/03\/22\/palestine-occupee-lalgerie-condamne-fermement-les-declarations-provocatrices-dun-responsable-sioniste-sur-le-peuple-palestinien\/","name":"Palestine occup\u00e9e\u00a0: L&rsquo;Alg\u00e9rie condamne \u00ab\u00a0fermement\u00a0\u00bb les d\u00e9clarations provocatrices d&rsquo;un responsable sioniste sur le peuple palestinien - La Sentinelle","isPartOf":{"@id":"https:\/\/lasentinelle.dz\/#website"},"primaryImageOfPage":{"@id":"https:\/\/lasentinelle.dz\/index.php\/2023\/03\/22\/palestine-occupee-lalgerie-condamne-fermement-les-declarations-provocatrices-dun-responsable-sioniste-sur-le-peuple-palestinien\/#primaryimage"},"image":{"@id":"https:\/\/lasentinelle.dz\/index.php\/2023\/03\/22\/palestine-occupee-lalgerie-condamne-fermement-les-declarations-provocatrices-dun-responsable-sioniste-sur-le-peuple-palestinien\/#primaryimage"},"thumbnailUrl":"https:\/\/lasentinelle.dz\/wp-content\/uploads\/2021\/07\/MAE.png","datePublished":"2023-03-22T21:05:00+00:00","breadcrumb":{"@id":"https:\/\/lasentinelle.dz\/index.php\/2023\/03\/22\/palestine-occupee-lalgerie-condamne-fermement-les-declarations-provocatrices-dun-responsable-sioniste-sur-le-peuple-palestinien\/#breadcrumb"},"inLanguage":"fr-FR","potentialAction":[{"@type":"ReadAction","target":["https:\/\/lasentinelle.dz\/index.php\/2023\/03\/22\/palestine-occupee-lalgerie-condamne-fermement-les-declarations-provocatrices-dun-responsable-sioniste-sur-le-peuple-palestinien\/"]}]},{"@type":"ImageObject","inLanguage":"fr-FR","@id":"https:\/\/lasentinelle.dz\/index.php\/2023\/03\/22\/palestine-occupee-lalgerie-condamne-fermement-les-declarations-provocatrices-dun-responsable-sioniste-sur-le-peuple-palestinien\/#primaryimage","url":"https:\/\/lasentinelle.dz\/wp-content\/uploads\/2021\/07\/MAE.png","contentUrl":"https:\/\/lasentinelle.dz\/wp-content\/uploads\/2021\/07\/MAE.png","width":1757,"height":900},{"@type":"BreadcrumbList","@id":"https:\/\/lasentinelle.dz\/index.php\/2023\/03\/22\/palestine-occupee-lalgerie-condamne-fermement-les-declarations-provocatrices-dun-responsable-sioniste-sur-le-peuple-palestinien\/#breadcrumb","itemListElement":[{"@type":"ListItem","position":1,"name":"Accueil","item":"https:\/\/lasentinelle.dz\/"},{"@type":"ListItem","position":2,"name":"Palestine occup\u00e9e\u00a0: L&rsquo;Alg\u00e9rie condamne \u00ab\u00a0fermement\u00a0\u00bb les d\u00e9clarations provocatrices d&rsquo;un responsable sioniste sur le peuple palestinien"}]},{"@type":"WebSite","@id":"https:\/\/lasentinelle.dz\/#website","url":"https:\/\/lasentinelle.dz\/","name":"La Sentinelle","description":"Quotidien national d&#039;information","publisher":{"@id":"https:\/\/lasentinelle.dz\/#organization"},"potentialAction":[{"@type":"SearchAction","target":{"@type":"EntryPoint","urlTemplate":"https:\/\/lasentinelle.dz\/?s={search_term_string}"},"query-input":{"@type":"PropertyValueSpecification","valueRequired":true,"valueName":"search_term_string"}}],"inLanguage":"fr-FR"},{"@type":"Organization","@id":"https:\/\/lasentinelle.dz\/#organization","name":"Quotidien La Sentinelle","url":"https:\/\/lasentinelle.dz\/","logo":{"@type":"ImageObject","inLanguage":"fr-FR","@id":"https:\/\/lasentinelle.dz\/#\/schema\/logo\/image\/","url":"https:\/\/lasentinelle.dz\/wp-content\/uploads\/2021\/09\/logo-sentinelleSLOGAN-1.png","contentUrl":"https:\/\/lasentinelle.dz\/wp-content\/uploads\/2021\/09\/logo-sentinelleSLOGAN-1.png","width":615,"height":142,"caption":"Quotidien La Sentinelle"},"image":{"@id":"https:\/\/lasentinelle.dz\/#\/schema\/logo\/image\/"},"sameAs":["https:\/\/www.facebook.com\/La-Sentinelle-104059864394773"]},{"@type":"Person","@id":"https:\/\/lasentinelle.dz\/#\/schema\/person\/d865044e22e70a75174ce8bcad3acfb3","name":"La Sentinelle","image":{"@type":"ImageObject","inLanguage":"fr-FR","@id":"https:\/\/secure.gravatar.com\/avatar\/57de8e5d4b15d43fb361a71fbb36338450fe67865b528a43dd10ef7c51a20392?s=96&d=mm&r=g","url":"https:\/\/secure.gravatar.com\/avatar\/57de8e5d4b15d43fb361a71fbb36338450fe67865b528a43dd10ef7c51a20392?s=96&d=mm&r=g","contentUrl":"https:\/\/secure.gravatar.com\/avatar\/57de8e5d4b15d43fb361a71fbb36338450fe67865b528a43dd10ef7c51a20392?s=96&d=mm&r=g","caption":"La Sentinelle"},"sameAs":["http:\/\/www.lasentinelle.dz"],"url":"https:\/\/lasentinelle.dz\/author\/redaction\/"}]}},"_links":{"self":[{"href":"https:\/\/lasentinelle.dz\/index.php\/wp-json\/wp\/v2\/posts\/38316","targetHints":{"allow":["GET"]}}],"collection":[{"href":"https:\/\/lasentinelle.dz\/index.php\/wp-json\/wp\/v2\/posts"}],"about":[{"href":"https:\/\/lasentinelle.dz\/index.php\/wp-json\/wp\/v2\/types\/post"}],"author":[{"embeddable":true,"href":"https:\/\/lasentinelle.dz\/index.php\/wp-json\/wp\/v2\/users\/3"}],"replies":[{"embeddable":true,"href":"https:\/\/lasentinelle.dz\/index.php\/wp-json\/wp\/v2\/comments?post=38316"}],"version-history":[{"count":1,"href":"https:\/\/lasentinelle.dz\/index.php\/wp-json\/wp\/v2\/posts\/38316\/revisions"}],"predecessor-version":[{"id":38322,"href":"https:\/\/lasentinelle.dz\/index.php\/wp-json\/wp\/v2\/posts\/38316\/revisions\/38322"}],"wp:featuredmedia":[{"embeddable":true,"href":"https:\/\/lasentinelle.dz\/index.php\/wp-json\/wp\/v2\/media\/2288"}],"wp:attachment":[{"href":"https:\/\/lasentinelle.dz\/index.php\/wp-json\/wp\/v2\/media?parent=38316"}],"wp:term":[{"taxonomy":"category","embeddable":true,"href":"https:\/\/lasentinelle.dz\/index.php\/wp-json\/wp\/v2\/categories?post=38316"},{"taxonomy":"post_tag","embeddable":true,"href":"https:\/\/lasentinelle.dz\/index.php\/wp-json\/wp\/v2\/tags?post=38316"}],"curies":[{"name":"wp","href":"https:\/\/api.w.org\/{rel}","templated":true}]}}