{"id":38342,"date":"2023-03-22T22:10:00","date_gmt":"2023-03-22T21:10:00","guid":{"rendered":"https:\/\/lasentinelle.dz\/?p=38342"},"modified":"2023-03-22T22:01:28","modified_gmt":"2023-03-22T21:01:28","slug":"lactuel-pdg-de-la-cnan-nord-et-deux-de-ses-predecesseurs-places-en-detention-provisoire-nouveau-scandale-dans-le-transport-maritime","status":"publish","type":"post","link":"https:\/\/lasentinelle.dz\/index.php\/2023\/03\/22\/lactuel-pdg-de-la-cnan-nord-et-deux-de-ses-predecesseurs-places-en-detention-provisoire-nouveau-scandale-dans-le-transport-maritime\/","title":{"rendered":"L&rsquo;actuel PDG de la CNAN-Nord et deux de ses pr\u00e9d\u00e9cesseurs plac\u00e9s en d\u00e9tention provisoire\u00a0: Nouveau scandale dans le transport maritime"},"content":{"rendered":"\n<p>L&rsquo;actuel PDG de la Compagnie nationale alg\u00e9rienne de navigations (CNAN-Nord), et deux de ses pr\u00e9d\u00e9cesseurs, ont \u00e9t\u00e9 plac\u00e9s en d\u00e9tention provisoire, selon un communiqu\u00e9 du parquet de la R\u00e9publique pr\u00e8s le p\u00f4le national \u00e9conomique et financier, rendu public hier. Quatorze autres personnes ont \u00e9t\u00e9 plac\u00e9es sous contr\u00f4le judiciaire. Ils sont poursuivis entre autres pour des \u00ab\u00a0d\u00e9passements dans la conclusion de contrats et march\u00e9s contraires \u00e0 la r\u00e9glementation en vue de l&rsquo;octroi injustifi\u00e9 d&rsquo;avantages \u00e0 autrui\u00a0\u00bb et de \u00ab\u00a0dilapidation des deniers publics\u00a0\u00bb.<\/p>\n\n\n\n<p>Apr\u00e8s Alg\u00e9rie-Ferries, c&rsquo;est la gestion de la Compagnie nationale alg\u00e9rienne de navigations (CNAN-Nord) qui est dans le viseur de la Justice. Le parquet de la R\u00e9publique pr\u00e8s le p\u00f4le national \u00e9conomique et financier a rendu public hier un communiqu\u00e9 dans lequel il annonce le placement en d\u00e9tention provisoire de l&rsquo;actuel PDG, DJ. L., et de deux de ses pr\u00e9d\u00e9cesseurs, A. S. et Gh. S. A. Quatorze autres cadres de la Compagnie ont \u00e9t\u00e9 plac\u00e9s sous contr\u00f4le judiciaire. La m\u00eame source indique, \u00e0 cet effet, qu&rsquo;une enqu\u00eate pr\u00e9liminaire a \u00e9t\u00e9 ouverte suite \u00e0 un rapport concernant des faits de corruption au niveau de l&rsquo;entreprise relatifs \u00e0 la \u00ab\u00a0conclusion d&rsquo;accords et de march\u00e9s contraires \u00e0 la r\u00e9glementation, abus dans la gestion de l&rsquo;entreprise, complicit\u00e9 dans la dilapidation de l&rsquo;argent public \u00e0 travers la provocation d&rsquo;arr\u00eats techniques et la non-exploitation de cargos de l&rsquo;entreprise et ce, en les mettant \u00e0 l&rsquo;arr\u00eat au niveau des ports alg\u00e9riens et en immobilisant d&rsquo;autres navires dans des ports \u00e9trangers\u00a0\u00bb. Tout cela, ajoute encore le communiqu\u00e9, \u00ab\u00a0a affect\u00e9 l&rsquo;activit\u00e9 et le fonctionnement de l&rsquo;entreprise et la d\u00e9t\u00e9rioration de sa situation financi\u00e8re malgr\u00e9 le soutien financier de l&rsquo;\u00c9tat, ce qui a caus\u00e9 un pr\u00e9judice financier important \u00e0 l&rsquo;entreprise et au tr\u00e9sor public\u00a0\u00bb. Ainsi, suite \u00e0 une enqu\u00eate men\u00e9e par la Direction g\u00e9n\u00e9rale de la s\u00e9curit\u00e9 int\u00e9rieure (DGSI), les mis en cause ont \u00e9t\u00e9 pr\u00e9sent\u00e9s devant le juge d&rsquo;instruction en date du 21 mars. Ils sont donc poursuivis pour des d\u00e9lits en lien avec la \u00ab\u00a0conclusion de contrats et march\u00e9s contraires \u00e0 la r\u00e9glementation en vue de l&rsquo;octroi de privil\u00e8ges injustifi\u00e9s \u00e0 autrui, dilapidation volontaire, utilisation ill\u00e9gale de fonds et biens publics, abus de fonction et n\u00e9gligence manifeste entra\u00eenant des dommages aux deniers publics\u00a0\u00bb. Ainsi, cette enqu\u00eate relative \u00e0 la gestion de la CNAN-Nord, vient apr\u00e8s celle qui avait concern\u00e9, l&rsquo;ann\u00e9e pass\u00e9e, Alg\u00e9rie-Ferries. En juin 2022, un ancien PDG de cette derni\u00e8re, Kamel Issaad, avait \u00e9t\u00e9 plac\u00e9 en d\u00e9tention provisoire, quelques jours seulement apr\u00e8s avoir \u00e9t\u00e9 limog\u00e9 de son poste, le 2 juin, sur d\u00e9cision de la pr\u00e9sidence de la R\u00e9publique, pour, selon un communiqu\u00e9, un \u00ab\u00a0comportement qui a port\u00e9 atteinte \u00e0 l\u2019image de l\u2019Alg\u00e9rie et aux int\u00e9r\u00eats des citoyens\u00a0\u00bb. Six autres cadres d&rsquo;Alg\u00e9rie-Ferries avaient \u00e9galement \u00e9t\u00e9 poursuivis. L&rsquo;enqu\u00eate avait \u00e9t\u00e9 d\u00e9clench\u00e9e, d&rsquo;apr\u00e8s le parquet, apr\u00e8s avoir constat\u00e9 que le navire d\u2019Alg\u00e9rie Ferries Badji Mokhtar 3, faisant la liaison Marseille et Alger, \u00ab\u00a0avait \u00e0 son bord 72 passagers et 25 v\u00e9hicules alors que sa capacit\u00e9 est de 1800 passagers et 600 v\u00e9hicules touristiques\u00a0\u00bb. Le 19 janvier dernier, cet ancien PDG d&rsquo;Alg\u00e9rie-Ferries a \u00e9t\u00e9 condamn\u00e9 \u00e0 six ans de prison ferme. Si le communiqu\u00e9 du parquet a \u00e9voqu\u00e9, hier, des \u00ab\u00a0arr\u00eats techniques\u00a0\u00bb c&rsquo;est probablement en lien avec les \u00e9pisodes d&rsquo;immobilisation qu&rsquo;ont connu plusieurs navires de la CNAN-Nord, l&rsquo;ann\u00e9e pass\u00e9e, au niveau de quelques ports europ\u00e9ens. Le \u00ab\u00a0Timgad\u00a0\u00bb et \u00ab\u00a0Sedrata\u00a0\u00bb, les derniers cas en date, sont rest\u00e9s bloqu\u00e9s dans des ports, en Belgique, pendant plusieurs mois. Lors du Conseil des ministres tenu lundi, le pr\u00e9sident de la R\u00e9publique, Abdelmadjid Tebboune, avait donn\u00e9 des instructions en vue de \u00ab\u00a0reconstruire la flotte du transport maritime alg\u00e9rien, victime d&rsquo;un complot ciblant l&rsquo;Etat, et proc\u00e9der \u00e0 la r\u00e9\u00e9valuation technique des navires de la flotte actuelle en vue d&rsquo;\u00e9laborer un plan pour son renouvellement et son d\u00e9veloppement\u00a0\u00bb. C&rsquo;est lors d&rsquo;un Conseil des ministres tenu le 27 novembre 2022 que le Pr\u00e9sident avait \u00ab\u00a0ordonn\u00e9 d&rsquo;engager imm\u00e9diatement une enqu\u00eate pour demander des comptes aux responsables de la d\u00e9t\u00e9rioration de ce secteur strat\u00e9gique (transport maritime et a\u00e9rien de marchandise NDLR) \u00e0 tous les niveaux et responsabilit\u00e9s\u00a0\u00bb. Il avait \u00e9galement demand\u00e9 de \u00ab\u00a0revoir radicalement la structuration et la politique du transport maritime de marchandises, \u00e0 tous les niveaux, en vue de sa r\u00e9habilitation, et soumettre le projet de la nouvelle strat\u00e9gie de gestion dans un mois\u00a0\u00bb et d&rsquo; \u00ab\u00a0\u0153uvrer par tous les moyens \u00e0 la r\u00e9gularisation technique des navires alg\u00e9riens dans les ports internationaux en collaboration entre les ambassadeurs d&rsquo;Alg\u00e9rie dans les pays concern\u00e9s et les responsables du secteur du transport\u00a0\u00bb. Tebboune a donn\u00e9 des instructions en dernier lieu pour \u00ab\u00a0fusionner les soci\u00e9t\u00e9s CNAN Med et CNAN Nord sp\u00e9cialis\u00e9es dans le transport maritime en une seule soci\u00e9t\u00e9\u00a0\u00bb.<\/p>\n\n\n\n<p><strong>Elyas Nour<\/strong><\/p>\n","protected":false},"excerpt":{"rendered":"<p>L&rsquo;actuel PDG de la Compagnie nationale alg\u00e9rienne de navigations (CNAN-Nord), et deux de ses pr\u00e9d\u00e9cesseurs, ont \u00e9t\u00e9 plac\u00e9s en d\u00e9tention<\/p>\n","protected":false},"author":3,"featured_media":38343,"comment_status":"open","ping_status":"closed","sticky":false,"template":"","format":"standard","meta":{"colormag_page_container_layout":"default_layout","colormag_page_sidebar_layout":"default_layout","om_disable_all_campaigns":false,"_monsterinsights_skip_tracking":false,"_monsterinsights_sitenote_active":false,"_monsterinsights_sitenote_note":"","_monsterinsights_sitenote_category":0,"footnotes":"","_wpscppro_dont_share_socialmedia":false,"_wpscppro_custom_social_share_image":0,"_facebook_share_type":"","_twitter_share_type":"","_linkedin_share_type":"","_pinterest_share_type":"","_linkedin_share_type_page":"","_instagram_share_type":"","_medium_share_type":"","_threads_share_type":"","_google_business_share_type":"","_selected_social_profile":[],"_wpsp_enable_custom_social_template":false,"_wpsp_social_scheduling":{"enabled":false,"datetime":null,"platforms":[],"status":"template_only","dateOption":"today","timeOption":"now","customDays":"","customHours":"","customDate":"","customTime":"","schedulingType":"absolute"},"_wpsp_active_default_template":true},"categories":[52,27],"tags":[],"class_list":["post-38342","post","type-post","status-publish","format-standard","has-post-thumbnail","hentry","category-a-la-une","category-actualite"],"aioseo_notices":[],"yoast_head":"<!-- This site is optimized with the Yoast SEO plugin v27.4 - https:\/\/yoast.com\/product\/yoast-seo-wordpress\/ -->\n<title>L&rsquo;actuel PDG de la CNAN-Nord et deux de ses pr\u00e9d\u00e9cesseurs plac\u00e9s en d\u00e9tention provisoire\u00a0: Nouveau scandale dans le transport maritime - La Sentinelle<\/title>\n<meta name=\"robots\" content=\"index, follow, max-snippet:-1, max-image-preview:large, max-video-preview:-1\" \/>\n<link rel=\"canonical\" href=\"https:\/\/lasentinelle.dz\/index.php\/2023\/03\/22\/lactuel-pdg-de-la-cnan-nord-et-deux-de-ses-predecesseurs-places-en-detention-provisoire-nouveau-scandale-dans-le-transport-maritime\/\" \/>\n<meta property=\"og:locale\" content=\"fr_FR\" \/>\n<meta property=\"og:type\" content=\"article\" \/>\n<meta property=\"og:title\" content=\"L&rsquo;actuel PDG de la CNAN-Nord et deux de ses pr\u00e9d\u00e9cesseurs plac\u00e9s en d\u00e9tention provisoire\u00a0: Nouveau scandale dans le transport maritime - La Sentinelle\" \/>\n<meta property=\"og:description\" content=\"L&rsquo;actuel PDG de la Compagnie nationale alg\u00e9rienne de navigations (CNAN-Nord), et deux de ses pr\u00e9d\u00e9cesseurs, ont \u00e9t\u00e9 plac\u00e9s en d\u00e9tention\" \/>\n<meta property=\"og:url\" content=\"https:\/\/lasentinelle.dz\/index.php\/2023\/03\/22\/lactuel-pdg-de-la-cnan-nord-et-deux-de-ses-predecesseurs-places-en-detention-provisoire-nouveau-scandale-dans-le-transport-maritime\/\" \/>\n<meta property=\"og:site_name\" content=\"La Sentinelle\" \/>\n<meta property=\"article:publisher\" content=\"https:\/\/www.facebook.com\/La-Sentinelle-104059864394773\" \/>\n<meta property=\"article:published_time\" content=\"2023-03-22T21:10:00+00:00\" \/>\n<meta property=\"og:image\" content=\"https:\/\/lasentinelle.dz\/wp-content\/uploads\/2023\/03\/Ss-1.png\" \/>\n\t<meta property=\"og:image:width\" content=\"1748\" \/>\n\t<meta property=\"og:image:height\" content=\"900\" \/>\n\t<meta property=\"og:image:type\" content=\"image\/png\" \/>\n<meta name=\"author\" content=\"La Sentinelle\" \/>\n<meta name=\"twitter:card\" content=\"summary_large_image\" \/>\n<meta name=\"twitter:label1\" content=\"\u00c9crit par\" \/>\n\t<meta name=\"twitter:data1\" content=\"La Sentinelle\" \/>\n\t<meta name=\"twitter:label2\" content=\"Dur\u00e9e de lecture estim\u00e9e\" \/>\n\t<meta name=\"twitter:data2\" content=\"4 minutes\" \/>\n<script type=\"application\/ld+json\" class=\"yoast-schema-graph\">{\"@context\":\"https:\\\/\\\/schema.org\",\"@graph\":[{\"@type\":\"Article\",\"@id\":\"https:\\\/\\\/lasentinelle.dz\\\/index.php\\\/2023\\\/03\\\/22\\\/lactuel-pdg-de-la-cnan-nord-et-deux-de-ses-predecesseurs-places-en-detention-provisoire-nouveau-scandale-dans-le-transport-maritime\\\/#article\",\"isPartOf\":{\"@id\":\"https:\\\/\\\/lasentinelle.dz\\\/index.php\\\/2023\\\/03\\\/22\\\/lactuel-pdg-de-la-cnan-nord-et-deux-de-ses-predecesseurs-places-en-detention-provisoire-nouveau-scandale-dans-le-transport-maritime\\\/\"},\"author\":{\"name\":\"La Sentinelle\",\"@id\":\"https:\\\/\\\/lasentinelle.dz\\\/#\\\/schema\\\/person\\\/d865044e22e70a75174ce8bcad3acfb3\"},\"headline\":\"L&rsquo;actuel PDG de la CNAN-Nord et deux de ses pr\u00e9d\u00e9cesseurs plac\u00e9s en d\u00e9tention provisoire\u00a0: Nouveau scandale dans le transport maritime\",\"datePublished\":\"2023-03-22T21:10:00+00:00\",\"mainEntityOfPage\":{\"@id\":\"https:\\\/\\\/lasentinelle.dz\\\/index.php\\\/2023\\\/03\\\/22\\\/lactuel-pdg-de-la-cnan-nord-et-deux-de-ses-predecesseurs-places-en-detention-provisoire-nouveau-scandale-dans-le-transport-maritime\\\/\"},\"wordCount\":911,\"commentCount\":0,\"publisher\":{\"@id\":\"https:\\\/\\\/lasentinelle.dz\\\/#organization\"},\"image\":{\"@id\":\"https:\\\/\\\/lasentinelle.dz\\\/index.php\\\/2023\\\/03\\\/22\\\/lactuel-pdg-de-la-cnan-nord-et-deux-de-ses-predecesseurs-places-en-detention-provisoire-nouveau-scandale-dans-le-transport-maritime\\\/#primaryimage\"},\"thumbnailUrl\":\"https:\\\/\\\/lasentinelle.dz\\\/wp-content\\\/uploads\\\/2023\\\/03\\\/Ss-1.png\",\"articleSection\":[\"\u00c0 la Une\",\"Actualit\u00e9\"],\"inLanguage\":\"fr-FR\",\"potentialAction\":[{\"@type\":\"CommentAction\",\"name\":\"Comment\",\"target\":[\"https:\\\/\\\/lasentinelle.dz\\\/index.php\\\/2023\\\/03\\\/22\\\/lactuel-pdg-de-la-cnan-nord-et-deux-de-ses-predecesseurs-places-en-detention-provisoire-nouveau-scandale-dans-le-transport-maritime\\\/#respond\"]}]},{\"@type\":\"WebPage\",\"@id\":\"https:\\\/\\\/lasentinelle.dz\\\/index.php\\\/2023\\\/03\\\/22\\\/lactuel-pdg-de-la-cnan-nord-et-deux-de-ses-predecesseurs-places-en-detention-provisoire-nouveau-scandale-dans-le-transport-maritime\\\/\",\"url\":\"https:\\\/\\\/lasentinelle.dz\\\/index.php\\\/2023\\\/03\\\/22\\\/lactuel-pdg-de-la-cnan-nord-et-deux-de-ses-predecesseurs-places-en-detention-provisoire-nouveau-scandale-dans-le-transport-maritime\\\/\",\"name\":\"L&rsquo;actuel PDG de la CNAN-Nord et deux de ses pr\u00e9d\u00e9cesseurs plac\u00e9s en d\u00e9tention provisoire\u00a0: Nouveau scandale dans le transport maritime - La Sentinelle\",\"isPartOf\":{\"@id\":\"https:\\\/\\\/lasentinelle.dz\\\/#website\"},\"primaryImageOfPage\":{\"@id\":\"https:\\\/\\\/lasentinelle.dz\\\/index.php\\\/2023\\\/03\\\/22\\\/lactuel-pdg-de-la-cnan-nord-et-deux-de-ses-predecesseurs-places-en-detention-provisoire-nouveau-scandale-dans-le-transport-maritime\\\/#primaryimage\"},\"image\":{\"@id\":\"https:\\\/\\\/lasentinelle.dz\\\/index.php\\\/2023\\\/03\\\/22\\\/lactuel-pdg-de-la-cnan-nord-et-deux-de-ses-predecesseurs-places-en-detention-provisoire-nouveau-scandale-dans-le-transport-maritime\\\/#primaryimage\"},\"thumbnailUrl\":\"https:\\\/\\\/lasentinelle.dz\\\/wp-content\\\/uploads\\\/2023\\\/03\\\/Ss-1.png\",\"datePublished\":\"2023-03-22T21:10:00+00:00\",\"breadcrumb\":{\"@id\":\"https:\\\/\\\/lasentinelle.dz\\\/index.php\\\/2023\\\/03\\\/22\\\/lactuel-pdg-de-la-cnan-nord-et-deux-de-ses-predecesseurs-places-en-detention-provisoire-nouveau-scandale-dans-le-transport-maritime\\\/#breadcrumb\"},\"inLanguage\":\"fr-FR\",\"potentialAction\":[{\"@type\":\"ReadAction\",\"target\":[\"https:\\\/\\\/lasentinelle.dz\\\/index.php\\\/2023\\\/03\\\/22\\\/lactuel-pdg-de-la-cnan-nord-et-deux-de-ses-predecesseurs-places-en-detention-provisoire-nouveau-scandale-dans-le-transport-maritime\\\/\"]}]},{\"@type\":\"ImageObject\",\"inLanguage\":\"fr-FR\",\"@id\":\"https:\\\/\\\/lasentinelle.dz\\\/index.php\\\/2023\\\/03\\\/22\\\/lactuel-pdg-de-la-cnan-nord-et-deux-de-ses-predecesseurs-places-en-detention-provisoire-nouveau-scandale-dans-le-transport-maritime\\\/#primaryimage\",\"url\":\"https:\\\/\\\/lasentinelle.dz\\\/wp-content\\\/uploads\\\/2023\\\/03\\\/Ss-1.png\",\"contentUrl\":\"https:\\\/\\\/lasentinelle.dz\\\/wp-content\\\/uploads\\\/2023\\\/03\\\/Ss-1.png\",\"width\":1748,\"height\":900},{\"@type\":\"BreadcrumbList\",\"@id\":\"https:\\\/\\\/lasentinelle.dz\\\/index.php\\\/2023\\\/03\\\/22\\\/lactuel-pdg-de-la-cnan-nord-et-deux-de-ses-predecesseurs-places-en-detention-provisoire-nouveau-scandale-dans-le-transport-maritime\\\/#breadcrumb\",\"itemListElement\":[{\"@type\":\"ListItem\",\"position\":1,\"name\":\"Accueil\",\"item\":\"https:\\\/\\\/lasentinelle.dz\\\/\"},{\"@type\":\"ListItem\",\"position\":2,\"name\":\"L&rsquo;actuel PDG de la CNAN-Nord et deux de ses pr\u00e9d\u00e9cesseurs plac\u00e9s en d\u00e9tention provisoire\u00a0: Nouveau scandale dans le transport maritime\"}]},{\"@type\":\"WebSite\",\"@id\":\"https:\\\/\\\/lasentinelle.dz\\\/#website\",\"url\":\"https:\\\/\\\/lasentinelle.dz\\\/\",\"name\":\"La Sentinelle\",\"description\":\"Quotidien national d&#039;information\",\"publisher\":{\"@id\":\"https:\\\/\\\/lasentinelle.dz\\\/#organization\"},\"potentialAction\":[{\"@type\":\"SearchAction\",\"target\":{\"@type\":\"EntryPoint\",\"urlTemplate\":\"https:\\\/\\\/lasentinelle.dz\\\/?s={search_term_string}\"},\"query-input\":{\"@type\":\"PropertyValueSpecification\",\"valueRequired\":true,\"valueName\":\"search_term_string\"}}],\"inLanguage\":\"fr-FR\"},{\"@type\":\"Organization\",\"@id\":\"https:\\\/\\\/lasentinelle.dz\\\/#organization\",\"name\":\"Quotidien La Sentinelle\",\"url\":\"https:\\\/\\\/lasentinelle.dz\\\/\",\"logo\":{\"@type\":\"ImageObject\",\"inLanguage\":\"fr-FR\",\"@id\":\"https:\\\/\\\/lasentinelle.dz\\\/#\\\/schema\\\/logo\\\/image\\\/\",\"url\":\"https:\\\/\\\/lasentinelle.dz\\\/wp-content\\\/uploads\\\/2021\\\/09\\\/logo-sentinelleSLOGAN-1.png\",\"contentUrl\":\"https:\\\/\\\/lasentinelle.dz\\\/wp-content\\\/uploads\\\/2021\\\/09\\\/logo-sentinelleSLOGAN-1.png\",\"width\":615,\"height\":142,\"caption\":\"Quotidien La Sentinelle\"},\"image\":{\"@id\":\"https:\\\/\\\/lasentinelle.dz\\\/#\\\/schema\\\/logo\\\/image\\\/\"},\"sameAs\":[\"https:\\\/\\\/www.facebook.com\\\/La-Sentinelle-104059864394773\"]},{\"@type\":\"Person\",\"@id\":\"https:\\\/\\\/lasentinelle.dz\\\/#\\\/schema\\\/person\\\/d865044e22e70a75174ce8bcad3acfb3\",\"name\":\"La Sentinelle\",\"image\":{\"@type\":\"ImageObject\",\"inLanguage\":\"fr-FR\",\"@id\":\"https:\\\/\\\/secure.gravatar.com\\\/avatar\\\/57de8e5d4b15d43fb361a71fbb36338450fe67865b528a43dd10ef7c51a20392?s=96&d=mm&r=g\",\"url\":\"https:\\\/\\\/secure.gravatar.com\\\/avatar\\\/57de8e5d4b15d43fb361a71fbb36338450fe67865b528a43dd10ef7c51a20392?s=96&d=mm&r=g\",\"contentUrl\":\"https:\\\/\\\/secure.gravatar.com\\\/avatar\\\/57de8e5d4b15d43fb361a71fbb36338450fe67865b528a43dd10ef7c51a20392?s=96&d=mm&r=g\",\"caption\":\"La Sentinelle\"},\"sameAs\":[\"http:\\\/\\\/www.lasentinelle.dz\"],\"url\":\"https:\\\/\\\/lasentinelle.dz\\\/author\\\/redaction\\\/\"}]}<\/script>\n<!-- \/ Yoast SEO plugin. -->","yoast_head_json":{"title":"L&rsquo;actuel PDG de la CNAN-Nord et deux de ses pr\u00e9d\u00e9cesseurs plac\u00e9s en d\u00e9tention provisoire\u00a0: Nouveau scandale dans le transport maritime - La Sentinelle","robots":{"index":"index","follow":"follow","max-snippet":"max-snippet:-1","max-image-preview":"max-image-preview:large","max-video-preview":"max-video-preview:-1"},"canonical":"https:\/\/lasentinelle.dz\/index.php\/2023\/03\/22\/lactuel-pdg-de-la-cnan-nord-et-deux-de-ses-predecesseurs-places-en-detention-provisoire-nouveau-scandale-dans-le-transport-maritime\/","og_locale":"fr_FR","og_type":"article","og_title":"L&rsquo;actuel PDG de la CNAN-Nord et deux de ses pr\u00e9d\u00e9cesseurs plac\u00e9s en d\u00e9tention provisoire\u00a0: Nouveau scandale dans le transport maritime - La Sentinelle","og_description":"L&rsquo;actuel PDG de la Compagnie nationale alg\u00e9rienne de navigations (CNAN-Nord), et deux de ses pr\u00e9d\u00e9cesseurs, ont \u00e9t\u00e9 plac\u00e9s en d\u00e9tention","og_url":"https:\/\/lasentinelle.dz\/index.php\/2023\/03\/22\/lactuel-pdg-de-la-cnan-nord-et-deux-de-ses-predecesseurs-places-en-detention-provisoire-nouveau-scandale-dans-le-transport-maritime\/","og_site_name":"La Sentinelle","article_publisher":"https:\/\/www.facebook.com\/La-Sentinelle-104059864394773","article_published_time":"2023-03-22T21:10:00+00:00","og_image":[{"width":1748,"height":900,"url":"https:\/\/lasentinelle.dz\/wp-content\/uploads\/2023\/03\/Ss-1.png","type":"image\/png"}],"author":"La Sentinelle","twitter_card":"summary_large_image","twitter_misc":{"\u00c9crit par":"La Sentinelle","Dur\u00e9e de lecture estim\u00e9e":"4 minutes"},"schema":{"@context":"https:\/\/schema.org","@graph":[{"@type":"Article","@id":"https:\/\/lasentinelle.dz\/index.php\/2023\/03\/22\/lactuel-pdg-de-la-cnan-nord-et-deux-de-ses-predecesseurs-places-en-detention-provisoire-nouveau-scandale-dans-le-transport-maritime\/#article","isPartOf":{"@id":"https:\/\/lasentinelle.dz\/index.php\/2023\/03\/22\/lactuel-pdg-de-la-cnan-nord-et-deux-de-ses-predecesseurs-places-en-detention-provisoire-nouveau-scandale-dans-le-transport-maritime\/"},"author":{"name":"La Sentinelle","@id":"https:\/\/lasentinelle.dz\/#\/schema\/person\/d865044e22e70a75174ce8bcad3acfb3"},"headline":"L&rsquo;actuel PDG de la CNAN-Nord et deux de ses pr\u00e9d\u00e9cesseurs plac\u00e9s en d\u00e9tention provisoire\u00a0: Nouveau scandale dans le transport maritime","datePublished":"2023-03-22T21:10:00+00:00","mainEntityOfPage":{"@id":"https:\/\/lasentinelle.dz\/index.php\/2023\/03\/22\/lactuel-pdg-de-la-cnan-nord-et-deux-de-ses-predecesseurs-places-en-detention-provisoire-nouveau-scandale-dans-le-transport-maritime\/"},"wordCount":911,"commentCount":0,"publisher":{"@id":"https:\/\/lasentinelle.dz\/#organization"},"image":{"@id":"https:\/\/lasentinelle.dz\/index.php\/2023\/03\/22\/lactuel-pdg-de-la-cnan-nord-et-deux-de-ses-predecesseurs-places-en-detention-provisoire-nouveau-scandale-dans-le-transport-maritime\/#primaryimage"},"thumbnailUrl":"https:\/\/lasentinelle.dz\/wp-content\/uploads\/2023\/03\/Ss-1.png","articleSection":["\u00c0 la Une","Actualit\u00e9"],"inLanguage":"fr-FR","potentialAction":[{"@type":"CommentAction","name":"Comment","target":["https:\/\/lasentinelle.dz\/index.php\/2023\/03\/22\/lactuel-pdg-de-la-cnan-nord-et-deux-de-ses-predecesseurs-places-en-detention-provisoire-nouveau-scandale-dans-le-transport-maritime\/#respond"]}]},{"@type":"WebPage","@id":"https:\/\/lasentinelle.dz\/index.php\/2023\/03\/22\/lactuel-pdg-de-la-cnan-nord-et-deux-de-ses-predecesseurs-places-en-detention-provisoire-nouveau-scandale-dans-le-transport-maritime\/","url":"https:\/\/lasentinelle.dz\/index.php\/2023\/03\/22\/lactuel-pdg-de-la-cnan-nord-et-deux-de-ses-predecesseurs-places-en-detention-provisoire-nouveau-scandale-dans-le-transport-maritime\/","name":"L&rsquo;actuel PDG de la CNAN-Nord et deux de ses pr\u00e9d\u00e9cesseurs plac\u00e9s en d\u00e9tention provisoire\u00a0: Nouveau scandale dans le transport maritime - La Sentinelle","isPartOf":{"@id":"https:\/\/lasentinelle.dz\/#website"},"primaryImageOfPage":{"@id":"https:\/\/lasentinelle.dz\/index.php\/2023\/03\/22\/lactuel-pdg-de-la-cnan-nord-et-deux-de-ses-predecesseurs-places-en-detention-provisoire-nouveau-scandale-dans-le-transport-maritime\/#primaryimage"},"image":{"@id":"https:\/\/lasentinelle.dz\/index.php\/2023\/03\/22\/lactuel-pdg-de-la-cnan-nord-et-deux-de-ses-predecesseurs-places-en-detention-provisoire-nouveau-scandale-dans-le-transport-maritime\/#primaryimage"},"thumbnailUrl":"https:\/\/lasentinelle.dz\/wp-content\/uploads\/2023\/03\/Ss-1.png","datePublished":"2023-03-22T21:10:00+00:00","breadcrumb":{"@id":"https:\/\/lasentinelle.dz\/index.php\/2023\/03\/22\/lactuel-pdg-de-la-cnan-nord-et-deux-de-ses-predecesseurs-places-en-detention-provisoire-nouveau-scandale-dans-le-transport-maritime\/#breadcrumb"},"inLanguage":"fr-FR","potentialAction":[{"@type":"ReadAction","target":["https:\/\/lasentinelle.dz\/index.php\/2023\/03\/22\/lactuel-pdg-de-la-cnan-nord-et-deux-de-ses-predecesseurs-places-en-detention-provisoire-nouveau-scandale-dans-le-transport-maritime\/"]}]},{"@type":"ImageObject","inLanguage":"fr-FR","@id":"https:\/\/lasentinelle.dz\/index.php\/2023\/03\/22\/lactuel-pdg-de-la-cnan-nord-et-deux-de-ses-predecesseurs-places-en-detention-provisoire-nouveau-scandale-dans-le-transport-maritime\/#primaryimage","url":"https:\/\/lasentinelle.dz\/wp-content\/uploads\/2023\/03\/Ss-1.png","contentUrl":"https:\/\/lasentinelle.dz\/wp-content\/uploads\/2023\/03\/Ss-1.png","width":1748,"height":900},{"@type":"BreadcrumbList","@id":"https:\/\/lasentinelle.dz\/index.php\/2023\/03\/22\/lactuel-pdg-de-la-cnan-nord-et-deux-de-ses-predecesseurs-places-en-detention-provisoire-nouveau-scandale-dans-le-transport-maritime\/#breadcrumb","itemListElement":[{"@type":"ListItem","position":1,"name":"Accueil","item":"https:\/\/lasentinelle.dz\/"},{"@type":"ListItem","position":2,"name":"L&rsquo;actuel PDG de la CNAN-Nord et deux de ses pr\u00e9d\u00e9cesseurs plac\u00e9s en d\u00e9tention provisoire\u00a0: Nouveau scandale dans le transport maritime"}]},{"@type":"WebSite","@id":"https:\/\/lasentinelle.dz\/#website","url":"https:\/\/lasentinelle.dz\/","name":"La Sentinelle","description":"Quotidien national d&#039;information","publisher":{"@id":"https:\/\/lasentinelle.dz\/#organization"},"potentialAction":[{"@type":"SearchAction","target":{"@type":"EntryPoint","urlTemplate":"https:\/\/lasentinelle.dz\/?s={search_term_string}"},"query-input":{"@type":"PropertyValueSpecification","valueRequired":true,"valueName":"search_term_string"}}],"inLanguage":"fr-FR"},{"@type":"Organization","@id":"https:\/\/lasentinelle.dz\/#organization","name":"Quotidien La Sentinelle","url":"https:\/\/lasentinelle.dz\/","logo":{"@type":"ImageObject","inLanguage":"fr-FR","@id":"https:\/\/lasentinelle.dz\/#\/schema\/logo\/image\/","url":"https:\/\/lasentinelle.dz\/wp-content\/uploads\/2021\/09\/logo-sentinelleSLOGAN-1.png","contentUrl":"https:\/\/lasentinelle.dz\/wp-content\/uploads\/2021\/09\/logo-sentinelleSLOGAN-1.png","width":615,"height":142,"caption":"Quotidien La Sentinelle"},"image":{"@id":"https:\/\/lasentinelle.dz\/#\/schema\/logo\/image\/"},"sameAs":["https:\/\/www.facebook.com\/La-Sentinelle-104059864394773"]},{"@type":"Person","@id":"https:\/\/lasentinelle.dz\/#\/schema\/person\/d865044e22e70a75174ce8bcad3acfb3","name":"La Sentinelle","image":{"@type":"ImageObject","inLanguage":"fr-FR","@id":"https:\/\/secure.gravatar.com\/avatar\/57de8e5d4b15d43fb361a71fbb36338450fe67865b528a43dd10ef7c51a20392?s=96&d=mm&r=g","url":"https:\/\/secure.gravatar.com\/avatar\/57de8e5d4b15d43fb361a71fbb36338450fe67865b528a43dd10ef7c51a20392?s=96&d=mm&r=g","contentUrl":"https:\/\/secure.gravatar.com\/avatar\/57de8e5d4b15d43fb361a71fbb36338450fe67865b528a43dd10ef7c51a20392?s=96&d=mm&r=g","caption":"La Sentinelle"},"sameAs":["http:\/\/www.lasentinelle.dz"],"url":"https:\/\/lasentinelle.dz\/author\/redaction\/"}]}},"_links":{"self":[{"href":"https:\/\/lasentinelle.dz\/index.php\/wp-json\/wp\/v2\/posts\/38342","targetHints":{"allow":["GET"]}}],"collection":[{"href":"https:\/\/lasentinelle.dz\/index.php\/wp-json\/wp\/v2\/posts"}],"about":[{"href":"https:\/\/lasentinelle.dz\/index.php\/wp-json\/wp\/v2\/types\/post"}],"author":[{"embeddable":true,"href":"https:\/\/lasentinelle.dz\/index.php\/wp-json\/wp\/v2\/users\/3"}],"replies":[{"embeddable":true,"href":"https:\/\/lasentinelle.dz\/index.php\/wp-json\/wp\/v2\/comments?post=38342"}],"version-history":[{"count":1,"href":"https:\/\/lasentinelle.dz\/index.php\/wp-json\/wp\/v2\/posts\/38342\/revisions"}],"predecessor-version":[{"id":38347,"href":"https:\/\/lasentinelle.dz\/index.php\/wp-json\/wp\/v2\/posts\/38342\/revisions\/38347"}],"wp:featuredmedia":[{"embeddable":true,"href":"https:\/\/lasentinelle.dz\/index.php\/wp-json\/wp\/v2\/media\/38343"}],"wp:attachment":[{"href":"https:\/\/lasentinelle.dz\/index.php\/wp-json\/wp\/v2\/media?parent=38342"}],"wp:term":[{"taxonomy":"category","embeddable":true,"href":"https:\/\/lasentinelle.dz\/index.php\/wp-json\/wp\/v2\/categories?post=38342"},{"taxonomy":"post_tag","embeddable":true,"href":"https:\/\/lasentinelle.dz\/index.php\/wp-json\/wp\/v2\/tags?post=38342"}],"curies":[{"name":"wp","href":"https:\/\/api.w.org\/{rel}","templated":true}]}}