{"id":38390,"date":"2023-03-25T22:00:00","date_gmt":"2023-03-25T21:00:00","guid":{"rendered":"https:\/\/lasentinelle.dz\/?p=38390"},"modified":"2023-03-25T17:17:09","modified_gmt":"2023-03-25T16:17:09","slug":"mexique-la-cour-supreme-suspend-une-reforme-electorale-controversee-du-president","status":"publish","type":"post","link":"https:\/\/lasentinelle.dz\/index.php\/2023\/03\/25\/mexique-la-cour-supreme-suspend-une-reforme-electorale-controversee-du-president\/","title":{"rendered":"Mexique\u00a0: La Cour supr\u00eame suspend une r\u00e9forme \u00e9lectorale controvers\u00e9e du pr\u00e9sident"},"content":{"rendered":"\n<p>La Cour supr\u00eame du Mexique a suspendu vendredi une r\u00e9forme du mode de fonctionnement de l&rsquo;institut de supervision \u00e9lectorale tr\u00e8s critiqu\u00e9e par l&rsquo;opposition, qui l&rsquo;a qualifi\u00e9e d'\u00a0\u00bbattaque\u00a0\u00bb contre la d\u00e9mocratie avant la pr\u00e9sidentielle de 2024. Adopt\u00e9 en f\u00e9vrier \u00e0 l&rsquo;initiative du pr\u00e9sident nationaliste de gauche Andres Manuel Lopez Obrador, le texte r\u00e9duit fortement le budget de l&rsquo;Institut national \u00e9lectoral (INE), l&rsquo;organe ind\u00e9pendant charg\u00e9 d&rsquo;organiser le scrutin pr\u00e9vu mi-2024. L&rsquo;institut avait saisi la Cour supr\u00eame, soulignant que ces changements r\u00e9duiraient ses capacit\u00e9s de fonctionnement et impliqueraient une coupe claire dans ses effectifs. La plus haute juridiction a indiqu\u00e9 avoir \u00ab\u00a0accept\u00e9 la suspension demand\u00e9e par l&rsquo;INE concernant tous les articles du d\u00e9cret contest\u00e9s\u00a0\u00bb. \u00ab\u00a0Les dispositions en vigueur avant la r\u00e9forme\u00a0\u00bb demeurent en vigueur jusqu&rsquo;\u00e0 nouvel ordre, a-t-elle soulign\u00e9, mettant en garde contre toute \u00ab\u00a0violation des droits politiques et \u00e9lectoraux des citoyens\u00a0\u00bb. En f\u00e9vrier, des dizaines de milliers de personnes avaient manifest\u00e9 contre ce texte, \u00e0 l&rsquo;initiative d&rsquo;organisations civiques et de partis d&rsquo;opposition, craignant un risque de distorsion du scrutin. M. Lopez Obrador a d\u00e9nonc\u00e9 un mouvement impuls\u00e9 par des \u00ab\u00a0corrompus\u00a0\u00bb. Il a \u00e9galement par le pass\u00e9 accus\u00e9 l&rsquo;INA d&rsquo;avoir couvert des fraudes et de peser sur les finances publiques. Le 18 mars, le dirigeant a \u00e0 son tour r\u00e9uni une mar\u00e9e de partisans sur l&rsquo;immense place du Zocalo, devant la pr\u00e9sidence. Elu en 2018, M. Lopez Obrador, dont la popularit\u00e9 avoisine les 60%, ne peut l\u00e9galement se repr\u00e9senter aux \u00e9lections, la constitution mexicaine pr\u00e9voyant un mandat pr\u00e9sidentiel unique de six ans. Son son parti Morena est n\u00e9anmoins donn\u00e9 largement favori.<\/p>\n\n\n\n<p><strong>Agences<\/strong><\/p>\n","protected":false},"excerpt":{"rendered":"<p>La Cour supr\u00eame du Mexique a suspendu vendredi une r\u00e9forme du mode de fonctionnement de l&rsquo;institut de supervision \u00e9lectorale tr\u00e8s<\/p>\n","protected":false},"author":3,"featured_media":38402,"comment_status":"open","ping_status":"closed","sticky":false,"template":"","format":"standard","meta":{"colormag_page_container_layout":"default_layout","colormag_page_sidebar_layout":"default_layout","om_disable_all_campaigns":false,"_monsterinsights_skip_tracking":false,"_monsterinsights_sitenote_active":false,"_monsterinsights_sitenote_note":"","_monsterinsights_sitenote_category":0,"footnotes":"","_wpscppro_dont_share_socialmedia":false,"_wpscppro_custom_social_share_image":0,"_facebook_share_type":"","_twitter_share_type":"","_linkedin_share_type":"","_pinterest_share_type":"","_linkedin_share_type_page":"","_instagram_share_type":"","_medium_share_type":"","_threads_share_type":"","_google_business_share_type":"","_selected_social_profile":[],"_wpsp_enable_custom_social_template":false,"_wpsp_social_scheduling":{"enabled":false,"datetime":null,"platforms":[],"status":"template_only","dateOption":"today","timeOption":"now","customDays":"","customHours":"","customDate":"","customTime":"","schedulingType":"absolute"},"_wpsp_active_default_template":true},"categories":[37],"tags":[],"class_list":["post-38390","post","type-post","status-publish","format-standard","has-post-thumbnail","hentry","category-monde"],"aioseo_notices":[],"yoast_head":"<!-- This site is optimized with the Yoast SEO plugin v27.5 - https:\/\/yoast.com\/product\/yoast-seo-wordpress\/ -->\n<title>Mexique\u00a0: La Cour supr\u00eame suspend une r\u00e9forme \u00e9lectorale controvers\u00e9e du pr\u00e9sident - La Sentinelle<\/title>\n<meta name=\"robots\" content=\"index, follow, max-snippet:-1, max-image-preview:large, max-video-preview:-1\" \/>\n<link rel=\"canonical\" href=\"https:\/\/lasentinelle.dz\/index.php\/2023\/03\/25\/mexique-la-cour-supreme-suspend-une-reforme-electorale-controversee-du-president\/\" \/>\n<meta property=\"og:locale\" content=\"fr_FR\" \/>\n<meta property=\"og:type\" content=\"article\" \/>\n<meta property=\"og:title\" content=\"Mexique\u00a0: La Cour supr\u00eame suspend une r\u00e9forme \u00e9lectorale controvers\u00e9e du pr\u00e9sident - La Sentinelle\" \/>\n<meta property=\"og:description\" content=\"La Cour supr\u00eame du Mexique a suspendu vendredi une r\u00e9forme du mode de fonctionnement de l&rsquo;institut de supervision \u00e9lectorale tr\u00e8s\" \/>\n<meta property=\"og:url\" content=\"https:\/\/lasentinelle.dz\/index.php\/2023\/03\/25\/mexique-la-cour-supreme-suspend-une-reforme-electorale-controversee-du-president\/\" \/>\n<meta property=\"og:site_name\" content=\"La Sentinelle\" \/>\n<meta property=\"article:publisher\" content=\"https:\/\/www.facebook.com\/La-Sentinelle-104059864394773\" \/>\n<meta property=\"article:published_time\" content=\"2023-03-25T21:00:00+00:00\" \/>\n<meta property=\"og:image\" content=\"https:\/\/lasentinelle.dz\/wp-content\/uploads\/2023\/03\/image_2023-03-25_171637742.png\" \/>\n\t<meta property=\"og:image:width\" content=\"1200\" \/>\n\t<meta property=\"og:image:height\" content=\"800\" \/>\n\t<meta property=\"og:image:type\" content=\"image\/png\" \/>\n<meta name=\"author\" content=\"La Sentinelle\" \/>\n<meta name=\"twitter:card\" content=\"summary_large_image\" \/>\n<meta name=\"twitter:label1\" content=\"\u00c9crit par\" \/>\n\t<meta name=\"twitter:data1\" content=\"La Sentinelle\" \/>\n\t<meta name=\"twitter:label2\" content=\"Dur\u00e9e de lecture estim\u00e9e\" \/>\n\t<meta name=\"twitter:data2\" content=\"2 minutes\" \/>\n<script type=\"application\/ld+json\" class=\"yoast-schema-graph\">{\"@context\":\"https:\\\/\\\/schema.org\",\"@graph\":[{\"@type\":\"Article\",\"@id\":\"https:\\\/\\\/lasentinelle.dz\\\/index.php\\\/2023\\\/03\\\/25\\\/mexique-la-cour-supreme-suspend-une-reforme-electorale-controversee-du-president\\\/#article\",\"isPartOf\":{\"@id\":\"https:\\\/\\\/lasentinelle.dz\\\/index.php\\\/2023\\\/03\\\/25\\\/mexique-la-cour-supreme-suspend-une-reforme-electorale-controversee-du-president\\\/\"},\"author\":{\"name\":\"La Sentinelle\",\"@id\":\"https:\\\/\\\/lasentinelle.dz\\\/#\\\/schema\\\/person\\\/d865044e22e70a75174ce8bcad3acfb3\"},\"headline\":\"Mexique\u00a0: La Cour supr\u00eame suspend une r\u00e9forme \u00e9lectorale controvers\u00e9e du pr\u00e9sident\",\"datePublished\":\"2023-03-25T21:00:00+00:00\",\"mainEntityOfPage\":{\"@id\":\"https:\\\/\\\/lasentinelle.dz\\\/index.php\\\/2023\\\/03\\\/25\\\/mexique-la-cour-supreme-suspend-une-reforme-electorale-controversee-du-president\\\/\"},\"wordCount\":312,\"commentCount\":0,\"publisher\":{\"@id\":\"https:\\\/\\\/lasentinelle.dz\\\/#organization\"},\"image\":{\"@id\":\"https:\\\/\\\/lasentinelle.dz\\\/index.php\\\/2023\\\/03\\\/25\\\/mexique-la-cour-supreme-suspend-une-reforme-electorale-controversee-du-president\\\/#primaryimage\"},\"thumbnailUrl\":\"https:\\\/\\\/lasentinelle.dz\\\/wp-content\\\/uploads\\\/2023\\\/03\\\/image_2023-03-25_171637742.png\",\"articleSection\":[\"Monde\"],\"inLanguage\":\"fr-FR\",\"potentialAction\":[{\"@type\":\"CommentAction\",\"name\":\"Comment\",\"target\":[\"https:\\\/\\\/lasentinelle.dz\\\/index.php\\\/2023\\\/03\\\/25\\\/mexique-la-cour-supreme-suspend-une-reforme-electorale-controversee-du-president\\\/#respond\"]}]},{\"@type\":\"WebPage\",\"@id\":\"https:\\\/\\\/lasentinelle.dz\\\/index.php\\\/2023\\\/03\\\/25\\\/mexique-la-cour-supreme-suspend-une-reforme-electorale-controversee-du-president\\\/\",\"url\":\"https:\\\/\\\/lasentinelle.dz\\\/index.php\\\/2023\\\/03\\\/25\\\/mexique-la-cour-supreme-suspend-une-reforme-electorale-controversee-du-president\\\/\",\"name\":\"Mexique\u00a0: La Cour supr\u00eame suspend une r\u00e9forme \u00e9lectorale controvers\u00e9e du pr\u00e9sident - La Sentinelle\",\"isPartOf\":{\"@id\":\"https:\\\/\\\/lasentinelle.dz\\\/#website\"},\"primaryImageOfPage\":{\"@id\":\"https:\\\/\\\/lasentinelle.dz\\\/index.php\\\/2023\\\/03\\\/25\\\/mexique-la-cour-supreme-suspend-une-reforme-electorale-controversee-du-president\\\/#primaryimage\"},\"image\":{\"@id\":\"https:\\\/\\\/lasentinelle.dz\\\/index.php\\\/2023\\\/03\\\/25\\\/mexique-la-cour-supreme-suspend-une-reforme-electorale-controversee-du-president\\\/#primaryimage\"},\"thumbnailUrl\":\"https:\\\/\\\/lasentinelle.dz\\\/wp-content\\\/uploads\\\/2023\\\/03\\\/image_2023-03-25_171637742.png\",\"datePublished\":\"2023-03-25T21:00:00+00:00\",\"breadcrumb\":{\"@id\":\"https:\\\/\\\/lasentinelle.dz\\\/index.php\\\/2023\\\/03\\\/25\\\/mexique-la-cour-supreme-suspend-une-reforme-electorale-controversee-du-president\\\/#breadcrumb\"},\"inLanguage\":\"fr-FR\",\"potentialAction\":[{\"@type\":\"ReadAction\",\"target\":[\"https:\\\/\\\/lasentinelle.dz\\\/index.php\\\/2023\\\/03\\\/25\\\/mexique-la-cour-supreme-suspend-une-reforme-electorale-controversee-du-president\\\/\"]}]},{\"@type\":\"ImageObject\",\"inLanguage\":\"fr-FR\",\"@id\":\"https:\\\/\\\/lasentinelle.dz\\\/index.php\\\/2023\\\/03\\\/25\\\/mexique-la-cour-supreme-suspend-une-reforme-electorale-controversee-du-president\\\/#primaryimage\",\"url\":\"https:\\\/\\\/lasentinelle.dz\\\/wp-content\\\/uploads\\\/2023\\\/03\\\/image_2023-03-25_171637742.png\",\"contentUrl\":\"https:\\\/\\\/lasentinelle.dz\\\/wp-content\\\/uploads\\\/2023\\\/03\\\/image_2023-03-25_171637742.png\",\"width\":1200,\"height\":800},{\"@type\":\"BreadcrumbList\",\"@id\":\"https:\\\/\\\/lasentinelle.dz\\\/index.php\\\/2023\\\/03\\\/25\\\/mexique-la-cour-supreme-suspend-une-reforme-electorale-controversee-du-president\\\/#breadcrumb\",\"itemListElement\":[{\"@type\":\"ListItem\",\"position\":1,\"name\":\"Accueil\",\"item\":\"https:\\\/\\\/lasentinelle.dz\\\/\"},{\"@type\":\"ListItem\",\"position\":2,\"name\":\"Mexique\u00a0: La Cour supr\u00eame suspend une r\u00e9forme \u00e9lectorale controvers\u00e9e du pr\u00e9sident\"}]},{\"@type\":\"WebSite\",\"@id\":\"https:\\\/\\\/lasentinelle.dz\\\/#website\",\"url\":\"https:\\\/\\\/lasentinelle.dz\\\/\",\"name\":\"La Sentinelle\",\"description\":\"Quotidien national d&#039;information\",\"publisher\":{\"@id\":\"https:\\\/\\\/lasentinelle.dz\\\/#organization\"},\"potentialAction\":[{\"@type\":\"SearchAction\",\"target\":{\"@type\":\"EntryPoint\",\"urlTemplate\":\"https:\\\/\\\/lasentinelle.dz\\\/?s={search_term_string}\"},\"query-input\":{\"@type\":\"PropertyValueSpecification\",\"valueRequired\":true,\"valueName\":\"search_term_string\"}}],\"inLanguage\":\"fr-FR\"},{\"@type\":\"Organization\",\"@id\":\"https:\\\/\\\/lasentinelle.dz\\\/#organization\",\"name\":\"Quotidien La Sentinelle\",\"url\":\"https:\\\/\\\/lasentinelle.dz\\\/\",\"logo\":{\"@type\":\"ImageObject\",\"inLanguage\":\"fr-FR\",\"@id\":\"https:\\\/\\\/lasentinelle.dz\\\/#\\\/schema\\\/logo\\\/image\\\/\",\"url\":\"https:\\\/\\\/lasentinelle.dz\\\/wp-content\\\/uploads\\\/2021\\\/09\\\/logo-sentinelleSLOGAN-1.png\",\"contentUrl\":\"https:\\\/\\\/lasentinelle.dz\\\/wp-content\\\/uploads\\\/2021\\\/09\\\/logo-sentinelleSLOGAN-1.png\",\"width\":615,\"height\":142,\"caption\":\"Quotidien La Sentinelle\"},\"image\":{\"@id\":\"https:\\\/\\\/lasentinelle.dz\\\/#\\\/schema\\\/logo\\\/image\\\/\"},\"sameAs\":[\"https:\\\/\\\/www.facebook.com\\\/La-Sentinelle-104059864394773\"]},{\"@type\":\"Person\",\"@id\":\"https:\\\/\\\/lasentinelle.dz\\\/#\\\/schema\\\/person\\\/d865044e22e70a75174ce8bcad3acfb3\",\"name\":\"La Sentinelle\",\"image\":{\"@type\":\"ImageObject\",\"inLanguage\":\"fr-FR\",\"@id\":\"https:\\\/\\\/secure.gravatar.com\\\/avatar\\\/57de8e5d4b15d43fb361a71fbb36338450fe67865b528a43dd10ef7c51a20392?s=96&d=mm&r=g\",\"url\":\"https:\\\/\\\/secure.gravatar.com\\\/avatar\\\/57de8e5d4b15d43fb361a71fbb36338450fe67865b528a43dd10ef7c51a20392?s=96&d=mm&r=g\",\"contentUrl\":\"https:\\\/\\\/secure.gravatar.com\\\/avatar\\\/57de8e5d4b15d43fb361a71fbb36338450fe67865b528a43dd10ef7c51a20392?s=96&d=mm&r=g\",\"caption\":\"La Sentinelle\"},\"sameAs\":[\"http:\\\/\\\/www.lasentinelle.dz\"],\"url\":\"https:\\\/\\\/lasentinelle.dz\\\/author\\\/redaction\\\/\"}]}<\/script>\n<!-- \/ Yoast SEO plugin. -->","yoast_head_json":{"title":"Mexique\u00a0: La Cour supr\u00eame suspend une r\u00e9forme \u00e9lectorale controvers\u00e9e du pr\u00e9sident - La Sentinelle","robots":{"index":"index","follow":"follow","max-snippet":"max-snippet:-1","max-image-preview":"max-image-preview:large","max-video-preview":"max-video-preview:-1"},"canonical":"https:\/\/lasentinelle.dz\/index.php\/2023\/03\/25\/mexique-la-cour-supreme-suspend-une-reforme-electorale-controversee-du-president\/","og_locale":"fr_FR","og_type":"article","og_title":"Mexique\u00a0: La Cour supr\u00eame suspend une r\u00e9forme \u00e9lectorale controvers\u00e9e du pr\u00e9sident - La Sentinelle","og_description":"La Cour supr\u00eame du Mexique a suspendu vendredi une r\u00e9forme du mode de fonctionnement de l&rsquo;institut de supervision \u00e9lectorale tr\u00e8s","og_url":"https:\/\/lasentinelle.dz\/index.php\/2023\/03\/25\/mexique-la-cour-supreme-suspend-une-reforme-electorale-controversee-du-president\/","og_site_name":"La Sentinelle","article_publisher":"https:\/\/www.facebook.com\/La-Sentinelle-104059864394773","article_published_time":"2023-03-25T21:00:00+00:00","og_image":[{"width":1200,"height":800,"url":"https:\/\/lasentinelle.dz\/wp-content\/uploads\/2023\/03\/image_2023-03-25_171637742.png","type":"image\/png"}],"author":"La Sentinelle","twitter_card":"summary_large_image","twitter_misc":{"\u00c9crit par":"La Sentinelle","Dur\u00e9e de lecture estim\u00e9e":"2 minutes"},"schema":{"@context":"https:\/\/schema.org","@graph":[{"@type":"Article","@id":"https:\/\/lasentinelle.dz\/index.php\/2023\/03\/25\/mexique-la-cour-supreme-suspend-une-reforme-electorale-controversee-du-president\/#article","isPartOf":{"@id":"https:\/\/lasentinelle.dz\/index.php\/2023\/03\/25\/mexique-la-cour-supreme-suspend-une-reforme-electorale-controversee-du-president\/"},"author":{"name":"La Sentinelle","@id":"https:\/\/lasentinelle.dz\/#\/schema\/person\/d865044e22e70a75174ce8bcad3acfb3"},"headline":"Mexique\u00a0: La Cour supr\u00eame suspend une r\u00e9forme \u00e9lectorale controvers\u00e9e du pr\u00e9sident","datePublished":"2023-03-25T21:00:00+00:00","mainEntityOfPage":{"@id":"https:\/\/lasentinelle.dz\/index.php\/2023\/03\/25\/mexique-la-cour-supreme-suspend-une-reforme-electorale-controversee-du-president\/"},"wordCount":312,"commentCount":0,"publisher":{"@id":"https:\/\/lasentinelle.dz\/#organization"},"image":{"@id":"https:\/\/lasentinelle.dz\/index.php\/2023\/03\/25\/mexique-la-cour-supreme-suspend-une-reforme-electorale-controversee-du-president\/#primaryimage"},"thumbnailUrl":"https:\/\/lasentinelle.dz\/wp-content\/uploads\/2023\/03\/image_2023-03-25_171637742.png","articleSection":["Monde"],"inLanguage":"fr-FR","potentialAction":[{"@type":"CommentAction","name":"Comment","target":["https:\/\/lasentinelle.dz\/index.php\/2023\/03\/25\/mexique-la-cour-supreme-suspend-une-reforme-electorale-controversee-du-president\/#respond"]}]},{"@type":"WebPage","@id":"https:\/\/lasentinelle.dz\/index.php\/2023\/03\/25\/mexique-la-cour-supreme-suspend-une-reforme-electorale-controversee-du-president\/","url":"https:\/\/lasentinelle.dz\/index.php\/2023\/03\/25\/mexique-la-cour-supreme-suspend-une-reforme-electorale-controversee-du-president\/","name":"Mexique\u00a0: La Cour supr\u00eame suspend une r\u00e9forme \u00e9lectorale controvers\u00e9e du pr\u00e9sident - La Sentinelle","isPartOf":{"@id":"https:\/\/lasentinelle.dz\/#website"},"primaryImageOfPage":{"@id":"https:\/\/lasentinelle.dz\/index.php\/2023\/03\/25\/mexique-la-cour-supreme-suspend-une-reforme-electorale-controversee-du-president\/#primaryimage"},"image":{"@id":"https:\/\/lasentinelle.dz\/index.php\/2023\/03\/25\/mexique-la-cour-supreme-suspend-une-reforme-electorale-controversee-du-president\/#primaryimage"},"thumbnailUrl":"https:\/\/lasentinelle.dz\/wp-content\/uploads\/2023\/03\/image_2023-03-25_171637742.png","datePublished":"2023-03-25T21:00:00+00:00","breadcrumb":{"@id":"https:\/\/lasentinelle.dz\/index.php\/2023\/03\/25\/mexique-la-cour-supreme-suspend-une-reforme-electorale-controversee-du-president\/#breadcrumb"},"inLanguage":"fr-FR","potentialAction":[{"@type":"ReadAction","target":["https:\/\/lasentinelle.dz\/index.php\/2023\/03\/25\/mexique-la-cour-supreme-suspend-une-reforme-electorale-controversee-du-president\/"]}]},{"@type":"ImageObject","inLanguage":"fr-FR","@id":"https:\/\/lasentinelle.dz\/index.php\/2023\/03\/25\/mexique-la-cour-supreme-suspend-une-reforme-electorale-controversee-du-president\/#primaryimage","url":"https:\/\/lasentinelle.dz\/wp-content\/uploads\/2023\/03\/image_2023-03-25_171637742.png","contentUrl":"https:\/\/lasentinelle.dz\/wp-content\/uploads\/2023\/03\/image_2023-03-25_171637742.png","width":1200,"height":800},{"@type":"BreadcrumbList","@id":"https:\/\/lasentinelle.dz\/index.php\/2023\/03\/25\/mexique-la-cour-supreme-suspend-une-reforme-electorale-controversee-du-president\/#breadcrumb","itemListElement":[{"@type":"ListItem","position":1,"name":"Accueil","item":"https:\/\/lasentinelle.dz\/"},{"@type":"ListItem","position":2,"name":"Mexique\u00a0: La Cour supr\u00eame suspend une r\u00e9forme \u00e9lectorale controvers\u00e9e du pr\u00e9sident"}]},{"@type":"WebSite","@id":"https:\/\/lasentinelle.dz\/#website","url":"https:\/\/lasentinelle.dz\/","name":"La Sentinelle","description":"Quotidien national d&#039;information","publisher":{"@id":"https:\/\/lasentinelle.dz\/#organization"},"potentialAction":[{"@type":"SearchAction","target":{"@type":"EntryPoint","urlTemplate":"https:\/\/lasentinelle.dz\/?s={search_term_string}"},"query-input":{"@type":"PropertyValueSpecification","valueRequired":true,"valueName":"search_term_string"}}],"inLanguage":"fr-FR"},{"@type":"Organization","@id":"https:\/\/lasentinelle.dz\/#organization","name":"Quotidien La Sentinelle","url":"https:\/\/lasentinelle.dz\/","logo":{"@type":"ImageObject","inLanguage":"fr-FR","@id":"https:\/\/lasentinelle.dz\/#\/schema\/logo\/image\/","url":"https:\/\/lasentinelle.dz\/wp-content\/uploads\/2021\/09\/logo-sentinelleSLOGAN-1.png","contentUrl":"https:\/\/lasentinelle.dz\/wp-content\/uploads\/2021\/09\/logo-sentinelleSLOGAN-1.png","width":615,"height":142,"caption":"Quotidien La Sentinelle"},"image":{"@id":"https:\/\/lasentinelle.dz\/#\/schema\/logo\/image\/"},"sameAs":["https:\/\/www.facebook.com\/La-Sentinelle-104059864394773"]},{"@type":"Person","@id":"https:\/\/lasentinelle.dz\/#\/schema\/person\/d865044e22e70a75174ce8bcad3acfb3","name":"La Sentinelle","image":{"@type":"ImageObject","inLanguage":"fr-FR","@id":"https:\/\/secure.gravatar.com\/avatar\/57de8e5d4b15d43fb361a71fbb36338450fe67865b528a43dd10ef7c51a20392?s=96&d=mm&r=g","url":"https:\/\/secure.gravatar.com\/avatar\/57de8e5d4b15d43fb361a71fbb36338450fe67865b528a43dd10ef7c51a20392?s=96&d=mm&r=g","contentUrl":"https:\/\/secure.gravatar.com\/avatar\/57de8e5d4b15d43fb361a71fbb36338450fe67865b528a43dd10ef7c51a20392?s=96&d=mm&r=g","caption":"La Sentinelle"},"sameAs":["http:\/\/www.lasentinelle.dz"],"url":"https:\/\/lasentinelle.dz\/author\/redaction\/"}]}},"_links":{"self":[{"href":"https:\/\/lasentinelle.dz\/index.php\/wp-json\/wp\/v2\/posts\/38390","targetHints":{"allow":["GET"]}}],"collection":[{"href":"https:\/\/lasentinelle.dz\/index.php\/wp-json\/wp\/v2\/posts"}],"about":[{"href":"https:\/\/lasentinelle.dz\/index.php\/wp-json\/wp\/v2\/types\/post"}],"author":[{"embeddable":true,"href":"https:\/\/lasentinelle.dz\/index.php\/wp-json\/wp\/v2\/users\/3"}],"replies":[{"embeddable":true,"href":"https:\/\/lasentinelle.dz\/index.php\/wp-json\/wp\/v2\/comments?post=38390"}],"version-history":[{"count":1,"href":"https:\/\/lasentinelle.dz\/index.php\/wp-json\/wp\/v2\/posts\/38390\/revisions"}],"predecessor-version":[{"id":38407,"href":"https:\/\/lasentinelle.dz\/index.php\/wp-json\/wp\/v2\/posts\/38390\/revisions\/38407"}],"wp:featuredmedia":[{"embeddable":true,"href":"https:\/\/lasentinelle.dz\/index.php\/wp-json\/wp\/v2\/media\/38402"}],"wp:attachment":[{"href":"https:\/\/lasentinelle.dz\/index.php\/wp-json\/wp\/v2\/media?parent=38390"}],"wp:term":[{"taxonomy":"category","embeddable":true,"href":"https:\/\/lasentinelle.dz\/index.php\/wp-json\/wp\/v2\/categories?post=38390"},{"taxonomy":"post_tag","embeddable":true,"href":"https:\/\/lasentinelle.dz\/index.php\/wp-json\/wp\/v2\/tags?post=38390"}],"curies":[{"name":"wp","href":"https:\/\/api.w.org\/{rel}","templated":true}]}}