{"id":38404,"date":"2023-03-25T22:05:00","date_gmt":"2023-03-25T21:05:00","guid":{"rendered":"https:\/\/lasentinelle.dz\/?p=38404"},"modified":"2023-03-25T17:27:14","modified_gmt":"2023-03-25T16:27:14","slug":"solidarite-la-prime-du-ramadhan-versee-a-tous-les-beneficiaires","status":"publish","type":"post","link":"https:\/\/lasentinelle.dz\/index.php\/2023\/03\/25\/solidarite-la-prime-du-ramadhan-versee-a-tous-les-beneficiaires\/","title":{"rendered":"Solidarit\u00e9\u00a0: La prime du Ramadhan \u00ab\u00a0vers\u00e9e \u00e0 tous les b\u00e9n\u00e9ficiaires\u00a0\u00bb"},"content":{"rendered":"\n<p>La ministre de la Solidarit\u00e9 nationale, de la Famille et de la Condition de la femme, Kaoutar Krikou a affirm\u00e9, jeudi \u00e0 Boumerdes, que la prime du Ramadhan a \u00e9t\u00e9 vers\u00e9e dans son int\u00e9gralit\u00e9 \u00e0 tous ses b\u00e9n\u00e9ficiaires parmi les familles n\u00e9cessiteuses de tout le pays, avant le d\u00e9but du mois sacr\u00e9. \u00ab\u00a0La prime de solidarit\u00e9 Ramadhan, fix\u00e9e \u00e0 10.000 DA par famille, a \u00e9t\u00e9 attribu\u00e9e \u00e0 toutes les familles n\u00e9cessiteuses concern\u00e9es, \u00e0 travers le territoire national\u00a0\u00bb, a indiqu\u00e9 la ministre dans une d\u00e9claration \u00e0 l\u2019issue de son inspection des op\u00e9rations de solidarit\u00e9 et du programme de solidarit\u00e9 Ramadhan dans la wilaya de Boumerdes. Apr\u00e8s avoir lou\u00e9 l\u2019action de sensibilisation et d\u2019information de proximit\u00e9 men\u00e9e par les cellules de proximit\u00e9 du secteur de la solidarit\u00e9, \u00ab\u00a0de fa\u00e7on p\u00e9riodique et tout au long de l&rsquo;ann\u00e9e\u00a0\u00bb, Mme. Krikou a appel\u00e9 les membres de ces cellules, notamment les m\u00e9decins, les psychologues et les sociologues, \u00e0 adopter des m\u00e9thodes \u00ab\u00a0efficaces\u00a0\u00bb de nature \u00e0 transmettre le message escompt\u00e9 aux familles et aux femmes au foyer, notamment. Elle a insist\u00e9, \u00e0 cet effet, sur la n\u00e9cessit\u00e9 d&rsquo;une coordination dans un cadre \u00ab\u00a0compl\u00e9mentaire et solidaire\u00a0\u00bb entre ces cellules, les organismes publics concern\u00e9s, et les associations de la soci\u00e9t\u00e9 civile, et d\u2019\u00a0\u00bbun accompagnement en vue de consacrer les objectifs escompt\u00e9s et d&rsquo;encadrer les campagnes\u00a0\u00bb. \u00ab\u00a0Les cellules de proximit\u00e9 assurant l\u2019encadrement des campagnes de sensibilisation sont d\u00e9sormais les plus proches des citoyens, de par leur travail humanitaire et professionnel, notamment \u00e0 travers les enqu\u00eates sociales de proximit\u00e9 r\u00e9alis\u00e9es par elles\u00a0\u00bb, a, par ailleurs, estim\u00e9 la ministre. Le secteur \u00ab\u00a0compte beaucoup sur ces cellules pour comprendre les besoins des citoyens\u00bb, a-t-elle ajout\u00e9. S&rsquo;exprimant sur sa visite \u00e0 Boumerdes au premier jour du mois sacr\u00e9, Mme. Krikou a indiqu\u00e9 que celle ci lui a permis de faire le constat du d\u00e9roulement de l\u2019op\u00e9ration de solidarit\u00e9 dans la wilaya, notamment concernant l&rsquo;ouverture de march\u00e9s de proximit\u00e9 et de restaurants pour l\u2019Iftar (rupture du je\u00fbne) en coordination avec les acteurs de la soci\u00e9t\u00e9 civile. Durant cette visite \u00e0 Boumerdes, la ministre a inaugur\u00e9 une exposition de la femme productrice, dans le cadre du programme sectoriel conjoint d&rsquo;appui \u00e0 l&rsquo;implication des femmes dans la production nationale.<\/p>\n\n\n\n<p>APS<\/p>\n","protected":false},"excerpt":{"rendered":"<p>La ministre de la Solidarit\u00e9 nationale, de la Famille et de la Condition de la femme, Kaoutar Krikou a affirm\u00e9,<\/p>\n","protected":false},"author":3,"featured_media":38413,"comment_status":"open","ping_status":"closed","sticky":false,"template":"","format":"standard","meta":{"colormag_page_container_layout":"default_layout","colormag_page_sidebar_layout":"default_layout","om_disable_all_campaigns":false,"_monsterinsights_skip_tracking":false,"_monsterinsights_sitenote_active":false,"_monsterinsights_sitenote_note":"","_monsterinsights_sitenote_category":0,"footnotes":"","_wpscppro_dont_share_socialmedia":false,"_wpscppro_custom_social_share_image":0,"_facebook_share_type":"","_twitter_share_type":"","_linkedin_share_type":"","_pinterest_share_type":"","_linkedin_share_type_page":"","_instagram_share_type":"","_medium_share_type":"","_threads_share_type":"","_google_business_share_type":"","_selected_social_profile":[],"_wpsp_enable_custom_social_template":false,"_wpsp_social_scheduling":{"enabled":false,"datetime":null,"platforms":[],"status":"template_only","dateOption":"today","timeOption":"now","customDays":"","customHours":"","customDate":"","customTime":"","schedulingType":"absolute"},"_wpsp_active_default_template":true},"categories":[27],"tags":[],"class_list":["post-38404","post","type-post","status-publish","format-standard","has-post-thumbnail","hentry","category-actualite"],"aioseo_notices":[],"yoast_head":"<!-- This site is optimized with the Yoast SEO plugin v27.5 - https:\/\/yoast.com\/product\/yoast-seo-wordpress\/ -->\n<title>Solidarit\u00e9\u00a0: La prime du Ramadhan \u00ab\u00a0vers\u00e9e \u00e0 tous les b\u00e9n\u00e9ficiaires\u00a0\u00bb - La Sentinelle<\/title>\n<meta name=\"robots\" content=\"index, follow, max-snippet:-1, max-image-preview:large, max-video-preview:-1\" \/>\n<link rel=\"canonical\" href=\"https:\/\/lasentinelle.dz\/index.php\/2023\/03\/25\/solidarite-la-prime-du-ramadhan-versee-a-tous-les-beneficiaires\/\" \/>\n<meta property=\"og:locale\" content=\"fr_FR\" \/>\n<meta property=\"og:type\" content=\"article\" \/>\n<meta property=\"og:title\" content=\"Solidarit\u00e9\u00a0: La prime du Ramadhan \u00ab\u00a0vers\u00e9e \u00e0 tous les b\u00e9n\u00e9ficiaires\u00a0\u00bb - La Sentinelle\" \/>\n<meta property=\"og:description\" content=\"La ministre de la Solidarit\u00e9 nationale, de la Famille et de la Condition de la femme, Kaoutar Krikou a affirm\u00e9,\" \/>\n<meta property=\"og:url\" content=\"https:\/\/lasentinelle.dz\/index.php\/2023\/03\/25\/solidarite-la-prime-du-ramadhan-versee-a-tous-les-beneficiaires\/\" \/>\n<meta property=\"og:site_name\" content=\"La Sentinelle\" \/>\n<meta property=\"article:publisher\" content=\"https:\/\/www.facebook.com\/La-Sentinelle-104059864394773\" \/>\n<meta property=\"article:published_time\" content=\"2023-03-25T21:05:00+00:00\" \/>\n<meta property=\"og:image\" content=\"https:\/\/lasentinelle.dz\/wp-content\/uploads\/2023\/03\/image_2023-03-25_172658080.png\" \/>\n\t<meta property=\"og:image:width\" content=\"1022\" \/>\n\t<meta property=\"og:image:height\" content=\"810\" \/>\n\t<meta property=\"og:image:type\" content=\"image\/png\" \/>\n<meta name=\"author\" content=\"La Sentinelle\" \/>\n<meta name=\"twitter:card\" content=\"summary_large_image\" \/>\n<meta name=\"twitter:label1\" content=\"\u00c9crit par\" \/>\n\t<meta name=\"twitter:data1\" content=\"La Sentinelle\" \/>\n\t<meta name=\"twitter:label2\" content=\"Dur\u00e9e de lecture estim\u00e9e\" \/>\n\t<meta name=\"twitter:data2\" content=\"2 minutes\" \/>\n<script type=\"application\/ld+json\" class=\"yoast-schema-graph\">{\"@context\":\"https:\\\/\\\/schema.org\",\"@graph\":[{\"@type\":\"Article\",\"@id\":\"https:\\\/\\\/lasentinelle.dz\\\/index.php\\\/2023\\\/03\\\/25\\\/solidarite-la-prime-du-ramadhan-versee-a-tous-les-beneficiaires\\\/#article\",\"isPartOf\":{\"@id\":\"https:\\\/\\\/lasentinelle.dz\\\/index.php\\\/2023\\\/03\\\/25\\\/solidarite-la-prime-du-ramadhan-versee-a-tous-les-beneficiaires\\\/\"},\"author\":{\"name\":\"La Sentinelle\",\"@id\":\"https:\\\/\\\/lasentinelle.dz\\\/#\\\/schema\\\/person\\\/d865044e22e70a75174ce8bcad3acfb3\"},\"headline\":\"Solidarit\u00e9\u00a0: La prime du Ramadhan \u00ab\u00a0vers\u00e9e \u00e0 tous les b\u00e9n\u00e9ficiaires\u00a0\u00bb\",\"datePublished\":\"2023-03-25T21:05:00+00:00\",\"mainEntityOfPage\":{\"@id\":\"https:\\\/\\\/lasentinelle.dz\\\/index.php\\\/2023\\\/03\\\/25\\\/solidarite-la-prime-du-ramadhan-versee-a-tous-les-beneficiaires\\\/\"},\"wordCount\":408,\"commentCount\":0,\"publisher\":{\"@id\":\"https:\\\/\\\/lasentinelle.dz\\\/#organization\"},\"image\":{\"@id\":\"https:\\\/\\\/lasentinelle.dz\\\/index.php\\\/2023\\\/03\\\/25\\\/solidarite-la-prime-du-ramadhan-versee-a-tous-les-beneficiaires\\\/#primaryimage\"},\"thumbnailUrl\":\"https:\\\/\\\/lasentinelle.dz\\\/wp-content\\\/uploads\\\/2023\\\/03\\\/image_2023-03-25_172658080.png\",\"articleSection\":[\"Actualit\u00e9\"],\"inLanguage\":\"fr-FR\",\"potentialAction\":[{\"@type\":\"CommentAction\",\"name\":\"Comment\",\"target\":[\"https:\\\/\\\/lasentinelle.dz\\\/index.php\\\/2023\\\/03\\\/25\\\/solidarite-la-prime-du-ramadhan-versee-a-tous-les-beneficiaires\\\/#respond\"]}]},{\"@type\":\"WebPage\",\"@id\":\"https:\\\/\\\/lasentinelle.dz\\\/index.php\\\/2023\\\/03\\\/25\\\/solidarite-la-prime-du-ramadhan-versee-a-tous-les-beneficiaires\\\/\",\"url\":\"https:\\\/\\\/lasentinelle.dz\\\/index.php\\\/2023\\\/03\\\/25\\\/solidarite-la-prime-du-ramadhan-versee-a-tous-les-beneficiaires\\\/\",\"name\":\"Solidarit\u00e9\u00a0: La prime du Ramadhan \u00ab\u00a0vers\u00e9e \u00e0 tous les b\u00e9n\u00e9ficiaires\u00a0\u00bb - La Sentinelle\",\"isPartOf\":{\"@id\":\"https:\\\/\\\/lasentinelle.dz\\\/#website\"},\"primaryImageOfPage\":{\"@id\":\"https:\\\/\\\/lasentinelle.dz\\\/index.php\\\/2023\\\/03\\\/25\\\/solidarite-la-prime-du-ramadhan-versee-a-tous-les-beneficiaires\\\/#primaryimage\"},\"image\":{\"@id\":\"https:\\\/\\\/lasentinelle.dz\\\/index.php\\\/2023\\\/03\\\/25\\\/solidarite-la-prime-du-ramadhan-versee-a-tous-les-beneficiaires\\\/#primaryimage\"},\"thumbnailUrl\":\"https:\\\/\\\/lasentinelle.dz\\\/wp-content\\\/uploads\\\/2023\\\/03\\\/image_2023-03-25_172658080.png\",\"datePublished\":\"2023-03-25T21:05:00+00:00\",\"breadcrumb\":{\"@id\":\"https:\\\/\\\/lasentinelle.dz\\\/index.php\\\/2023\\\/03\\\/25\\\/solidarite-la-prime-du-ramadhan-versee-a-tous-les-beneficiaires\\\/#breadcrumb\"},\"inLanguage\":\"fr-FR\",\"potentialAction\":[{\"@type\":\"ReadAction\",\"target\":[\"https:\\\/\\\/lasentinelle.dz\\\/index.php\\\/2023\\\/03\\\/25\\\/solidarite-la-prime-du-ramadhan-versee-a-tous-les-beneficiaires\\\/\"]}]},{\"@type\":\"ImageObject\",\"inLanguage\":\"fr-FR\",\"@id\":\"https:\\\/\\\/lasentinelle.dz\\\/index.php\\\/2023\\\/03\\\/25\\\/solidarite-la-prime-du-ramadhan-versee-a-tous-les-beneficiaires\\\/#primaryimage\",\"url\":\"https:\\\/\\\/lasentinelle.dz\\\/wp-content\\\/uploads\\\/2023\\\/03\\\/image_2023-03-25_172658080.png\",\"contentUrl\":\"https:\\\/\\\/lasentinelle.dz\\\/wp-content\\\/uploads\\\/2023\\\/03\\\/image_2023-03-25_172658080.png\",\"width\":1022,\"height\":810},{\"@type\":\"BreadcrumbList\",\"@id\":\"https:\\\/\\\/lasentinelle.dz\\\/index.php\\\/2023\\\/03\\\/25\\\/solidarite-la-prime-du-ramadhan-versee-a-tous-les-beneficiaires\\\/#breadcrumb\",\"itemListElement\":[{\"@type\":\"ListItem\",\"position\":1,\"name\":\"Accueil\",\"item\":\"https:\\\/\\\/lasentinelle.dz\\\/\"},{\"@type\":\"ListItem\",\"position\":2,\"name\":\"Solidarit\u00e9\u00a0: La prime du Ramadhan \u00ab\u00a0vers\u00e9e \u00e0 tous les b\u00e9n\u00e9ficiaires\u00a0\u00bb\"}]},{\"@type\":\"WebSite\",\"@id\":\"https:\\\/\\\/lasentinelle.dz\\\/#website\",\"url\":\"https:\\\/\\\/lasentinelle.dz\\\/\",\"name\":\"La Sentinelle\",\"description\":\"Quotidien national d&#039;information\",\"publisher\":{\"@id\":\"https:\\\/\\\/lasentinelle.dz\\\/#organization\"},\"potentialAction\":[{\"@type\":\"SearchAction\",\"target\":{\"@type\":\"EntryPoint\",\"urlTemplate\":\"https:\\\/\\\/lasentinelle.dz\\\/?s={search_term_string}\"},\"query-input\":{\"@type\":\"PropertyValueSpecification\",\"valueRequired\":true,\"valueName\":\"search_term_string\"}}],\"inLanguage\":\"fr-FR\"},{\"@type\":\"Organization\",\"@id\":\"https:\\\/\\\/lasentinelle.dz\\\/#organization\",\"name\":\"Quotidien La Sentinelle\",\"url\":\"https:\\\/\\\/lasentinelle.dz\\\/\",\"logo\":{\"@type\":\"ImageObject\",\"inLanguage\":\"fr-FR\",\"@id\":\"https:\\\/\\\/lasentinelle.dz\\\/#\\\/schema\\\/logo\\\/image\\\/\",\"url\":\"https:\\\/\\\/lasentinelle.dz\\\/wp-content\\\/uploads\\\/2021\\\/09\\\/logo-sentinelleSLOGAN-1.png\",\"contentUrl\":\"https:\\\/\\\/lasentinelle.dz\\\/wp-content\\\/uploads\\\/2021\\\/09\\\/logo-sentinelleSLOGAN-1.png\",\"width\":615,\"height\":142,\"caption\":\"Quotidien La Sentinelle\"},\"image\":{\"@id\":\"https:\\\/\\\/lasentinelle.dz\\\/#\\\/schema\\\/logo\\\/image\\\/\"},\"sameAs\":[\"https:\\\/\\\/www.facebook.com\\\/La-Sentinelle-104059864394773\"]},{\"@type\":\"Person\",\"@id\":\"https:\\\/\\\/lasentinelle.dz\\\/#\\\/schema\\\/person\\\/d865044e22e70a75174ce8bcad3acfb3\",\"name\":\"La Sentinelle\",\"image\":{\"@type\":\"ImageObject\",\"inLanguage\":\"fr-FR\",\"@id\":\"https:\\\/\\\/secure.gravatar.com\\\/avatar\\\/57de8e5d4b15d43fb361a71fbb36338450fe67865b528a43dd10ef7c51a20392?s=96&d=mm&r=g\",\"url\":\"https:\\\/\\\/secure.gravatar.com\\\/avatar\\\/57de8e5d4b15d43fb361a71fbb36338450fe67865b528a43dd10ef7c51a20392?s=96&d=mm&r=g\",\"contentUrl\":\"https:\\\/\\\/secure.gravatar.com\\\/avatar\\\/57de8e5d4b15d43fb361a71fbb36338450fe67865b528a43dd10ef7c51a20392?s=96&d=mm&r=g\",\"caption\":\"La Sentinelle\"},\"sameAs\":[\"http:\\\/\\\/www.lasentinelle.dz\"],\"url\":\"https:\\\/\\\/lasentinelle.dz\\\/author\\\/redaction\\\/\"}]}<\/script>\n<!-- \/ Yoast SEO plugin. -->","yoast_head_json":{"title":"Solidarit\u00e9\u00a0: La prime du Ramadhan \u00ab\u00a0vers\u00e9e \u00e0 tous les b\u00e9n\u00e9ficiaires\u00a0\u00bb - La Sentinelle","robots":{"index":"index","follow":"follow","max-snippet":"max-snippet:-1","max-image-preview":"max-image-preview:large","max-video-preview":"max-video-preview:-1"},"canonical":"https:\/\/lasentinelle.dz\/index.php\/2023\/03\/25\/solidarite-la-prime-du-ramadhan-versee-a-tous-les-beneficiaires\/","og_locale":"fr_FR","og_type":"article","og_title":"Solidarit\u00e9\u00a0: La prime du Ramadhan \u00ab\u00a0vers\u00e9e \u00e0 tous les b\u00e9n\u00e9ficiaires\u00a0\u00bb - La Sentinelle","og_description":"La ministre de la Solidarit\u00e9 nationale, de la Famille et de la Condition de la femme, Kaoutar Krikou a affirm\u00e9,","og_url":"https:\/\/lasentinelle.dz\/index.php\/2023\/03\/25\/solidarite-la-prime-du-ramadhan-versee-a-tous-les-beneficiaires\/","og_site_name":"La Sentinelle","article_publisher":"https:\/\/www.facebook.com\/La-Sentinelle-104059864394773","article_published_time":"2023-03-25T21:05:00+00:00","og_image":[{"width":1022,"height":810,"url":"https:\/\/lasentinelle.dz\/wp-content\/uploads\/2023\/03\/image_2023-03-25_172658080.png","type":"image\/png"}],"author":"La Sentinelle","twitter_card":"summary_large_image","twitter_misc":{"\u00c9crit par":"La Sentinelle","Dur\u00e9e de lecture estim\u00e9e":"2 minutes"},"schema":{"@context":"https:\/\/schema.org","@graph":[{"@type":"Article","@id":"https:\/\/lasentinelle.dz\/index.php\/2023\/03\/25\/solidarite-la-prime-du-ramadhan-versee-a-tous-les-beneficiaires\/#article","isPartOf":{"@id":"https:\/\/lasentinelle.dz\/index.php\/2023\/03\/25\/solidarite-la-prime-du-ramadhan-versee-a-tous-les-beneficiaires\/"},"author":{"name":"La Sentinelle","@id":"https:\/\/lasentinelle.dz\/#\/schema\/person\/d865044e22e70a75174ce8bcad3acfb3"},"headline":"Solidarit\u00e9\u00a0: La prime du Ramadhan \u00ab\u00a0vers\u00e9e \u00e0 tous les b\u00e9n\u00e9ficiaires\u00a0\u00bb","datePublished":"2023-03-25T21:05:00+00:00","mainEntityOfPage":{"@id":"https:\/\/lasentinelle.dz\/index.php\/2023\/03\/25\/solidarite-la-prime-du-ramadhan-versee-a-tous-les-beneficiaires\/"},"wordCount":408,"commentCount":0,"publisher":{"@id":"https:\/\/lasentinelle.dz\/#organization"},"image":{"@id":"https:\/\/lasentinelle.dz\/index.php\/2023\/03\/25\/solidarite-la-prime-du-ramadhan-versee-a-tous-les-beneficiaires\/#primaryimage"},"thumbnailUrl":"https:\/\/lasentinelle.dz\/wp-content\/uploads\/2023\/03\/image_2023-03-25_172658080.png","articleSection":["Actualit\u00e9"],"inLanguage":"fr-FR","potentialAction":[{"@type":"CommentAction","name":"Comment","target":["https:\/\/lasentinelle.dz\/index.php\/2023\/03\/25\/solidarite-la-prime-du-ramadhan-versee-a-tous-les-beneficiaires\/#respond"]}]},{"@type":"WebPage","@id":"https:\/\/lasentinelle.dz\/index.php\/2023\/03\/25\/solidarite-la-prime-du-ramadhan-versee-a-tous-les-beneficiaires\/","url":"https:\/\/lasentinelle.dz\/index.php\/2023\/03\/25\/solidarite-la-prime-du-ramadhan-versee-a-tous-les-beneficiaires\/","name":"Solidarit\u00e9\u00a0: La prime du Ramadhan \u00ab\u00a0vers\u00e9e \u00e0 tous les b\u00e9n\u00e9ficiaires\u00a0\u00bb - La Sentinelle","isPartOf":{"@id":"https:\/\/lasentinelle.dz\/#website"},"primaryImageOfPage":{"@id":"https:\/\/lasentinelle.dz\/index.php\/2023\/03\/25\/solidarite-la-prime-du-ramadhan-versee-a-tous-les-beneficiaires\/#primaryimage"},"image":{"@id":"https:\/\/lasentinelle.dz\/index.php\/2023\/03\/25\/solidarite-la-prime-du-ramadhan-versee-a-tous-les-beneficiaires\/#primaryimage"},"thumbnailUrl":"https:\/\/lasentinelle.dz\/wp-content\/uploads\/2023\/03\/image_2023-03-25_172658080.png","datePublished":"2023-03-25T21:05:00+00:00","breadcrumb":{"@id":"https:\/\/lasentinelle.dz\/index.php\/2023\/03\/25\/solidarite-la-prime-du-ramadhan-versee-a-tous-les-beneficiaires\/#breadcrumb"},"inLanguage":"fr-FR","potentialAction":[{"@type":"ReadAction","target":["https:\/\/lasentinelle.dz\/index.php\/2023\/03\/25\/solidarite-la-prime-du-ramadhan-versee-a-tous-les-beneficiaires\/"]}]},{"@type":"ImageObject","inLanguage":"fr-FR","@id":"https:\/\/lasentinelle.dz\/index.php\/2023\/03\/25\/solidarite-la-prime-du-ramadhan-versee-a-tous-les-beneficiaires\/#primaryimage","url":"https:\/\/lasentinelle.dz\/wp-content\/uploads\/2023\/03\/image_2023-03-25_172658080.png","contentUrl":"https:\/\/lasentinelle.dz\/wp-content\/uploads\/2023\/03\/image_2023-03-25_172658080.png","width":1022,"height":810},{"@type":"BreadcrumbList","@id":"https:\/\/lasentinelle.dz\/index.php\/2023\/03\/25\/solidarite-la-prime-du-ramadhan-versee-a-tous-les-beneficiaires\/#breadcrumb","itemListElement":[{"@type":"ListItem","position":1,"name":"Accueil","item":"https:\/\/lasentinelle.dz\/"},{"@type":"ListItem","position":2,"name":"Solidarit\u00e9\u00a0: La prime du Ramadhan \u00ab\u00a0vers\u00e9e \u00e0 tous les b\u00e9n\u00e9ficiaires\u00a0\u00bb"}]},{"@type":"WebSite","@id":"https:\/\/lasentinelle.dz\/#website","url":"https:\/\/lasentinelle.dz\/","name":"La Sentinelle","description":"Quotidien national d&#039;information","publisher":{"@id":"https:\/\/lasentinelle.dz\/#organization"},"potentialAction":[{"@type":"SearchAction","target":{"@type":"EntryPoint","urlTemplate":"https:\/\/lasentinelle.dz\/?s={search_term_string}"},"query-input":{"@type":"PropertyValueSpecification","valueRequired":true,"valueName":"search_term_string"}}],"inLanguage":"fr-FR"},{"@type":"Organization","@id":"https:\/\/lasentinelle.dz\/#organization","name":"Quotidien La Sentinelle","url":"https:\/\/lasentinelle.dz\/","logo":{"@type":"ImageObject","inLanguage":"fr-FR","@id":"https:\/\/lasentinelle.dz\/#\/schema\/logo\/image\/","url":"https:\/\/lasentinelle.dz\/wp-content\/uploads\/2021\/09\/logo-sentinelleSLOGAN-1.png","contentUrl":"https:\/\/lasentinelle.dz\/wp-content\/uploads\/2021\/09\/logo-sentinelleSLOGAN-1.png","width":615,"height":142,"caption":"Quotidien La Sentinelle"},"image":{"@id":"https:\/\/lasentinelle.dz\/#\/schema\/logo\/image\/"},"sameAs":["https:\/\/www.facebook.com\/La-Sentinelle-104059864394773"]},{"@type":"Person","@id":"https:\/\/lasentinelle.dz\/#\/schema\/person\/d865044e22e70a75174ce8bcad3acfb3","name":"La Sentinelle","image":{"@type":"ImageObject","inLanguage":"fr-FR","@id":"https:\/\/secure.gravatar.com\/avatar\/57de8e5d4b15d43fb361a71fbb36338450fe67865b528a43dd10ef7c51a20392?s=96&d=mm&r=g","url":"https:\/\/secure.gravatar.com\/avatar\/57de8e5d4b15d43fb361a71fbb36338450fe67865b528a43dd10ef7c51a20392?s=96&d=mm&r=g","contentUrl":"https:\/\/secure.gravatar.com\/avatar\/57de8e5d4b15d43fb361a71fbb36338450fe67865b528a43dd10ef7c51a20392?s=96&d=mm&r=g","caption":"La Sentinelle"},"sameAs":["http:\/\/www.lasentinelle.dz"],"url":"https:\/\/lasentinelle.dz\/author\/redaction\/"}]}},"_links":{"self":[{"href":"https:\/\/lasentinelle.dz\/index.php\/wp-json\/wp\/v2\/posts\/38404","targetHints":{"allow":["GET"]}}],"collection":[{"href":"https:\/\/lasentinelle.dz\/index.php\/wp-json\/wp\/v2\/posts"}],"about":[{"href":"https:\/\/lasentinelle.dz\/index.php\/wp-json\/wp\/v2\/types\/post"}],"author":[{"embeddable":true,"href":"https:\/\/lasentinelle.dz\/index.php\/wp-json\/wp\/v2\/users\/3"}],"replies":[{"embeddable":true,"href":"https:\/\/lasentinelle.dz\/index.php\/wp-json\/wp\/v2\/comments?post=38404"}],"version-history":[{"count":1,"href":"https:\/\/lasentinelle.dz\/index.php\/wp-json\/wp\/v2\/posts\/38404\/revisions"}],"predecessor-version":[{"id":38416,"href":"https:\/\/lasentinelle.dz\/index.php\/wp-json\/wp\/v2\/posts\/38404\/revisions\/38416"}],"wp:featuredmedia":[{"embeddable":true,"href":"https:\/\/lasentinelle.dz\/index.php\/wp-json\/wp\/v2\/media\/38413"}],"wp:attachment":[{"href":"https:\/\/lasentinelle.dz\/index.php\/wp-json\/wp\/v2\/media?parent=38404"}],"wp:term":[{"taxonomy":"category","embeddable":true,"href":"https:\/\/lasentinelle.dz\/index.php\/wp-json\/wp\/v2\/categories?post=38404"},{"taxonomy":"post_tag","embeddable":true,"href":"https:\/\/lasentinelle.dz\/index.php\/wp-json\/wp\/v2\/tags?post=38404"}],"curies":[{"name":"wp","href":"https:\/\/api.w.org\/{rel}","templated":true}]}}