{"id":38463,"date":"2023-03-26T22:05:00","date_gmt":"2023-03-26T21:05:00","guid":{"rendered":"https:\/\/lasentinelle.dz\/?p=38463"},"modified":"2023-03-26T18:50:32","modified_gmt":"2023-03-26T17:50:32","slug":"recherche-scientifique-la-nouvelle-strategie-sappuie-sur-la-commercialisation-des-innovations","status":"publish","type":"post","link":"https:\/\/lasentinelle.dz\/index.php\/2023\/03\/26\/recherche-scientifique-la-nouvelle-strategie-sappuie-sur-la-commercialisation-des-innovations\/","title":{"rendered":"Recherche scientifique\u00a0: La nouvelle strat\u00e9gie s\u2019appuie sur la commercialisation des innovations"},"content":{"rendered":"\n<p>Le ministre de l\u2019Enseignement sup\u00e9rieur et de la Recherche scientifique, Kamel Baddari a affirm\u00e9, dimanche, que la nouvelle strat\u00e9gie de la recherche scientifique en Alg\u00e9rie s\u2019appuyait sur la mobilisation des chercheurs pour r\u00e9aliser l\u2019innovation industrielle moderne en vue de la commercialiser. Lors d&rsquo;une visite d&rsquo;inspection au Centre du d\u00e9veloppement des technologies avanc\u00e9es de Baba Hassen (Alger), M. Baddari a d\u00e9clar\u00e9 qu&rsquo;il s&rsquo;agit d&rsquo;une visite d&rsquo;\u00e9valuation en vue de mobiliser les chercheurs autour de la nouvelle strat\u00e9gie du secteur s\u2019articulant sur trois principaux axes \u00e0 savoir la ma\u00eetrise des technologies de pointe et leur diffusion dans le milieu industriel, la promotion de solutions de recherche pour les enjeux actuels et l&rsquo;encouragement des inventions pour relancer les industries modernes en Alg\u00e9rie. Saluant les efforts du Centre qui se veut une unit\u00e9 de recherche, de d\u00e9veloppement et d\u2019industrialisation, le ministre a appel\u00e9 \u00e0 \u00ab\u00a0le soutenir et le faire conna\u00eetre davantage pour mettre en exergue ses produits de mani\u00e8re \u00e0 les commercialiser notamment en ce qui concerne les techniques de la m\u00e9canique, la physique de la mati\u00e8re et l\u2019industrie, \u00e9tant des technologies d\u00e9velopp\u00e9es \u00e0 m\u00eame de contribuer \u00e0 la promotion de l\u2019exportation des produits innovants\u00a0\u00bb. Les produits des centres de recherche peuvent assurer \u00ab\u00a0une valeur ajout\u00e9e \u00e0 l\u2019\u00e9conomie nationale, et ce dans le cadre d\u2019une transition technologique b\u00e9n\u00e9fique commercialisable\u00a0\u00bb, a-t-il dit. Lors de son inspection de la plateforme de \u00ab\u00a0prototypage technologique\u00a0\u00bb du m\u00eame centre, le ministre a fait \u00e9tat de \u00ab\u00a0plus de 95 projets de recherche et d\u00e9veloppement qui sont en cours avec pr\u00e8s de 35 partenaires \u00e9conomiques\u00a0\u00bb. Le ministre a visit\u00e9 les quatre plateformes du centre, o\u00f9 il a re\u00e7u des explications sur les produits fabriqu\u00e9s dans cette unit\u00e9 de recherche, \u00e0 l&rsquo;instar de la plateforme \u00ab\u00a0technologique de microfabrication\u00a0\u00bb d\u00e9di\u00e9e \u00e0 la fabrication de puces \u00e9lectroniques et de la plateforme \u00ab\u00a0projection thermique\u00a0\u00bb qui concerne le durcissement des mat\u00e9riaux manufactur\u00e9s, outre la plateforme nouvellement cr\u00e9\u00e9e \u00ab\u00a0prototypage des circuits imprim\u00e9s\u00a0\u00bb. Au cours de cette visite, le ministre a inspect\u00e9 le radar mobile qui d\u00e9tecte les incendies, dont le taux d\u2019avancement des travaux a atteint 80%, en attendant la fourniture d&rsquo;un exemplaire fixe, en r\u00e9ponse \u00e0 la demande de la Direction G\u00e9n\u00e9rale des For\u00eats (DGF). A cet \u00e9gard, le ministre a pr\u00e9cis\u00e9 que l&rsquo;entr\u00e9e en service de ce radar mobile qui d\u00e9tecte les incendies est pr\u00e9vue l&rsquo;\u00e9t\u00e9 prochain, soulignant qu&rsquo;il \u00ab\u00a0refl\u00e8te la disponibilit\u00e9 des chercheurs \u00e0 mettre en \u0153uvre la plateforme de recherche scientifique qui s&rsquo;inscrit dans le cadre des grands enjeux actuels\u00a0\u00bb.<\/p>\n\n\n\n<p>APS<\/p>\n","protected":false},"excerpt":{"rendered":"<p>Le ministre de l\u2019Enseignement sup\u00e9rieur et de la Recherche scientifique, Kamel Baddari a affirm\u00e9, dimanche, que la nouvelle strat\u00e9gie de<\/p>\n","protected":false},"author":3,"featured_media":21310,"comment_status":"open","ping_status":"closed","sticky":false,"template":"","format":"standard","meta":{"colormag_page_container_layout":"default_layout","colormag_page_sidebar_layout":"default_layout","om_disable_all_campaigns":false,"_monsterinsights_skip_tracking":false,"_monsterinsights_sitenote_active":false,"_monsterinsights_sitenote_note":"","_monsterinsights_sitenote_category":0,"footnotes":"","_wpscppro_dont_share_socialmedia":false,"_wpscppro_custom_social_share_image":0,"_facebook_share_type":"","_twitter_share_type":"","_linkedin_share_type":"","_pinterest_share_type":"","_linkedin_share_type_page":"","_instagram_share_type":"","_medium_share_type":"","_threads_share_type":"","_google_business_share_type":"","_selected_social_profile":[],"_wpsp_enable_custom_social_template":false,"_wpsp_social_scheduling":{"enabled":false,"datetime":null,"platforms":[],"status":"template_only","dateOption":"today","timeOption":"now","customDays":"","customHours":"","customDate":"","customTime":"","schedulingType":"absolute"},"_wpsp_active_default_template":true},"categories":[29],"tags":[],"class_list":["post-38463","post","type-post","status-publish","format-standard","has-post-thumbnail","hentry","category-economie"],"aioseo_notices":[],"yoast_head":"<!-- This site is optimized with the Yoast SEO plugin v27.5 - https:\/\/yoast.com\/product\/yoast-seo-wordpress\/ -->\n<title>Recherche scientifique\u00a0: La nouvelle strat\u00e9gie s\u2019appuie sur la commercialisation des innovations - La Sentinelle<\/title>\n<meta name=\"robots\" content=\"index, follow, max-snippet:-1, max-image-preview:large, max-video-preview:-1\" \/>\n<link rel=\"canonical\" href=\"https:\/\/lasentinelle.dz\/index.php\/2023\/03\/26\/recherche-scientifique-la-nouvelle-strategie-sappuie-sur-la-commercialisation-des-innovations\/\" \/>\n<meta property=\"og:locale\" content=\"fr_FR\" \/>\n<meta property=\"og:type\" content=\"article\" \/>\n<meta property=\"og:title\" content=\"Recherche scientifique\u00a0: La nouvelle strat\u00e9gie s\u2019appuie sur la commercialisation des innovations - La Sentinelle\" \/>\n<meta property=\"og:description\" content=\"Le ministre de l\u2019Enseignement sup\u00e9rieur et de la Recherche scientifique, Kamel Baddari a affirm\u00e9, dimanche, que la nouvelle strat\u00e9gie de\" \/>\n<meta property=\"og:url\" content=\"https:\/\/lasentinelle.dz\/index.php\/2023\/03\/26\/recherche-scientifique-la-nouvelle-strategie-sappuie-sur-la-commercialisation-des-innovations\/\" \/>\n<meta property=\"og:site_name\" content=\"La Sentinelle\" \/>\n<meta property=\"article:publisher\" content=\"https:\/\/www.facebook.com\/La-Sentinelle-104059864394773\" \/>\n<meta property=\"article:published_time\" content=\"2023-03-26T21:05:00+00:00\" \/>\n<meta property=\"og:image\" content=\"https:\/\/lasentinelle.dz\/wp-content\/uploads\/2022\/05\/ministere.jpg\" \/>\n\t<meta property=\"og:image:width\" content=\"512\" \/>\n\t<meta property=\"og:image:height\" content=\"314\" \/>\n\t<meta property=\"og:image:type\" content=\"image\/jpeg\" \/>\n<meta name=\"author\" content=\"La Sentinelle\" \/>\n<meta name=\"twitter:card\" content=\"summary_large_image\" \/>\n<meta name=\"twitter:label1\" content=\"\u00c9crit par\" \/>\n\t<meta name=\"twitter:data1\" content=\"La Sentinelle\" \/>\n\t<meta name=\"twitter:label2\" content=\"Dur\u00e9e de lecture estim\u00e9e\" \/>\n\t<meta name=\"twitter:data2\" content=\"3 minutes\" \/>\n<script type=\"application\/ld+json\" class=\"yoast-schema-graph\">{\"@context\":\"https:\\\/\\\/schema.org\",\"@graph\":[{\"@type\":\"Article\",\"@id\":\"https:\\\/\\\/lasentinelle.dz\\\/index.php\\\/2023\\\/03\\\/26\\\/recherche-scientifique-la-nouvelle-strategie-sappuie-sur-la-commercialisation-des-innovations\\\/#article\",\"isPartOf\":{\"@id\":\"https:\\\/\\\/lasentinelle.dz\\\/index.php\\\/2023\\\/03\\\/26\\\/recherche-scientifique-la-nouvelle-strategie-sappuie-sur-la-commercialisation-des-innovations\\\/\"},\"author\":{\"name\":\"La Sentinelle\",\"@id\":\"https:\\\/\\\/lasentinelle.dz\\\/#\\\/schema\\\/person\\\/d865044e22e70a75174ce8bcad3acfb3\"},\"headline\":\"Recherche scientifique\u00a0: La nouvelle strat\u00e9gie s\u2019appuie sur la commercialisation des innovations\",\"datePublished\":\"2023-03-26T21:05:00+00:00\",\"mainEntityOfPage\":{\"@id\":\"https:\\\/\\\/lasentinelle.dz\\\/index.php\\\/2023\\\/03\\\/26\\\/recherche-scientifique-la-nouvelle-strategie-sappuie-sur-la-commercialisation-des-innovations\\\/\"},\"wordCount\":473,\"commentCount\":0,\"publisher\":{\"@id\":\"https:\\\/\\\/lasentinelle.dz\\\/#organization\"},\"image\":{\"@id\":\"https:\\\/\\\/lasentinelle.dz\\\/index.php\\\/2023\\\/03\\\/26\\\/recherche-scientifique-la-nouvelle-strategie-sappuie-sur-la-commercialisation-des-innovations\\\/#primaryimage\"},\"thumbnailUrl\":\"https:\\\/\\\/lasentinelle.dz\\\/wp-content\\\/uploads\\\/2022\\\/05\\\/ministere.jpg\",\"articleSection\":[\"\u00c9conomie\"],\"inLanguage\":\"fr-FR\",\"potentialAction\":[{\"@type\":\"CommentAction\",\"name\":\"Comment\",\"target\":[\"https:\\\/\\\/lasentinelle.dz\\\/index.php\\\/2023\\\/03\\\/26\\\/recherche-scientifique-la-nouvelle-strategie-sappuie-sur-la-commercialisation-des-innovations\\\/#respond\"]}]},{\"@type\":\"WebPage\",\"@id\":\"https:\\\/\\\/lasentinelle.dz\\\/index.php\\\/2023\\\/03\\\/26\\\/recherche-scientifique-la-nouvelle-strategie-sappuie-sur-la-commercialisation-des-innovations\\\/\",\"url\":\"https:\\\/\\\/lasentinelle.dz\\\/index.php\\\/2023\\\/03\\\/26\\\/recherche-scientifique-la-nouvelle-strategie-sappuie-sur-la-commercialisation-des-innovations\\\/\",\"name\":\"Recherche scientifique\u00a0: La nouvelle strat\u00e9gie s\u2019appuie sur la commercialisation des innovations - La Sentinelle\",\"isPartOf\":{\"@id\":\"https:\\\/\\\/lasentinelle.dz\\\/#website\"},\"primaryImageOfPage\":{\"@id\":\"https:\\\/\\\/lasentinelle.dz\\\/index.php\\\/2023\\\/03\\\/26\\\/recherche-scientifique-la-nouvelle-strategie-sappuie-sur-la-commercialisation-des-innovations\\\/#primaryimage\"},\"image\":{\"@id\":\"https:\\\/\\\/lasentinelle.dz\\\/index.php\\\/2023\\\/03\\\/26\\\/recherche-scientifique-la-nouvelle-strategie-sappuie-sur-la-commercialisation-des-innovations\\\/#primaryimage\"},\"thumbnailUrl\":\"https:\\\/\\\/lasentinelle.dz\\\/wp-content\\\/uploads\\\/2022\\\/05\\\/ministere.jpg\",\"datePublished\":\"2023-03-26T21:05:00+00:00\",\"breadcrumb\":{\"@id\":\"https:\\\/\\\/lasentinelle.dz\\\/index.php\\\/2023\\\/03\\\/26\\\/recherche-scientifique-la-nouvelle-strategie-sappuie-sur-la-commercialisation-des-innovations\\\/#breadcrumb\"},\"inLanguage\":\"fr-FR\",\"potentialAction\":[{\"@type\":\"ReadAction\",\"target\":[\"https:\\\/\\\/lasentinelle.dz\\\/index.php\\\/2023\\\/03\\\/26\\\/recherche-scientifique-la-nouvelle-strategie-sappuie-sur-la-commercialisation-des-innovations\\\/\"]}]},{\"@type\":\"ImageObject\",\"inLanguage\":\"fr-FR\",\"@id\":\"https:\\\/\\\/lasentinelle.dz\\\/index.php\\\/2023\\\/03\\\/26\\\/recherche-scientifique-la-nouvelle-strategie-sappuie-sur-la-commercialisation-des-innovations\\\/#primaryimage\",\"url\":\"https:\\\/\\\/lasentinelle.dz\\\/wp-content\\\/uploads\\\/2022\\\/05\\\/ministere.jpg\",\"contentUrl\":\"https:\\\/\\\/lasentinelle.dz\\\/wp-content\\\/uploads\\\/2022\\\/05\\\/ministere.jpg\",\"width\":512,\"height\":314},{\"@type\":\"BreadcrumbList\",\"@id\":\"https:\\\/\\\/lasentinelle.dz\\\/index.php\\\/2023\\\/03\\\/26\\\/recherche-scientifique-la-nouvelle-strategie-sappuie-sur-la-commercialisation-des-innovations\\\/#breadcrumb\",\"itemListElement\":[{\"@type\":\"ListItem\",\"position\":1,\"name\":\"Accueil\",\"item\":\"https:\\\/\\\/lasentinelle.dz\\\/\"},{\"@type\":\"ListItem\",\"position\":2,\"name\":\"Recherche scientifique\u00a0: La nouvelle strat\u00e9gie s\u2019appuie sur la commercialisation des innovations\"}]},{\"@type\":\"WebSite\",\"@id\":\"https:\\\/\\\/lasentinelle.dz\\\/#website\",\"url\":\"https:\\\/\\\/lasentinelle.dz\\\/\",\"name\":\"La Sentinelle\",\"description\":\"Quotidien national d&#039;information\",\"publisher\":{\"@id\":\"https:\\\/\\\/lasentinelle.dz\\\/#organization\"},\"potentialAction\":[{\"@type\":\"SearchAction\",\"target\":{\"@type\":\"EntryPoint\",\"urlTemplate\":\"https:\\\/\\\/lasentinelle.dz\\\/?s={search_term_string}\"},\"query-input\":{\"@type\":\"PropertyValueSpecification\",\"valueRequired\":true,\"valueName\":\"search_term_string\"}}],\"inLanguage\":\"fr-FR\"},{\"@type\":\"Organization\",\"@id\":\"https:\\\/\\\/lasentinelle.dz\\\/#organization\",\"name\":\"Quotidien La Sentinelle\",\"url\":\"https:\\\/\\\/lasentinelle.dz\\\/\",\"logo\":{\"@type\":\"ImageObject\",\"inLanguage\":\"fr-FR\",\"@id\":\"https:\\\/\\\/lasentinelle.dz\\\/#\\\/schema\\\/logo\\\/image\\\/\",\"url\":\"https:\\\/\\\/lasentinelle.dz\\\/wp-content\\\/uploads\\\/2021\\\/09\\\/logo-sentinelleSLOGAN-1.png\",\"contentUrl\":\"https:\\\/\\\/lasentinelle.dz\\\/wp-content\\\/uploads\\\/2021\\\/09\\\/logo-sentinelleSLOGAN-1.png\",\"width\":615,\"height\":142,\"caption\":\"Quotidien La Sentinelle\"},\"image\":{\"@id\":\"https:\\\/\\\/lasentinelle.dz\\\/#\\\/schema\\\/logo\\\/image\\\/\"},\"sameAs\":[\"https:\\\/\\\/www.facebook.com\\\/La-Sentinelle-104059864394773\"]},{\"@type\":\"Person\",\"@id\":\"https:\\\/\\\/lasentinelle.dz\\\/#\\\/schema\\\/person\\\/d865044e22e70a75174ce8bcad3acfb3\",\"name\":\"La Sentinelle\",\"image\":{\"@type\":\"ImageObject\",\"inLanguage\":\"fr-FR\",\"@id\":\"https:\\\/\\\/secure.gravatar.com\\\/avatar\\\/57de8e5d4b15d43fb361a71fbb36338450fe67865b528a43dd10ef7c51a20392?s=96&d=mm&r=g\",\"url\":\"https:\\\/\\\/secure.gravatar.com\\\/avatar\\\/57de8e5d4b15d43fb361a71fbb36338450fe67865b528a43dd10ef7c51a20392?s=96&d=mm&r=g\",\"contentUrl\":\"https:\\\/\\\/secure.gravatar.com\\\/avatar\\\/57de8e5d4b15d43fb361a71fbb36338450fe67865b528a43dd10ef7c51a20392?s=96&d=mm&r=g\",\"caption\":\"La Sentinelle\"},\"sameAs\":[\"http:\\\/\\\/www.lasentinelle.dz\"],\"url\":\"https:\\\/\\\/lasentinelle.dz\\\/author\\\/redaction\\\/\"}]}<\/script>\n<!-- \/ Yoast SEO plugin. -->","yoast_head_json":{"title":"Recherche scientifique\u00a0: La nouvelle strat\u00e9gie s\u2019appuie sur la commercialisation des innovations - La Sentinelle","robots":{"index":"index","follow":"follow","max-snippet":"max-snippet:-1","max-image-preview":"max-image-preview:large","max-video-preview":"max-video-preview:-1"},"canonical":"https:\/\/lasentinelle.dz\/index.php\/2023\/03\/26\/recherche-scientifique-la-nouvelle-strategie-sappuie-sur-la-commercialisation-des-innovations\/","og_locale":"fr_FR","og_type":"article","og_title":"Recherche scientifique\u00a0: La nouvelle strat\u00e9gie s\u2019appuie sur la commercialisation des innovations - La Sentinelle","og_description":"Le ministre de l\u2019Enseignement sup\u00e9rieur et de la Recherche scientifique, Kamel Baddari a affirm\u00e9, dimanche, que la nouvelle strat\u00e9gie de","og_url":"https:\/\/lasentinelle.dz\/index.php\/2023\/03\/26\/recherche-scientifique-la-nouvelle-strategie-sappuie-sur-la-commercialisation-des-innovations\/","og_site_name":"La Sentinelle","article_publisher":"https:\/\/www.facebook.com\/La-Sentinelle-104059864394773","article_published_time":"2023-03-26T21:05:00+00:00","og_image":[{"width":512,"height":314,"url":"https:\/\/lasentinelle.dz\/wp-content\/uploads\/2022\/05\/ministere.jpg","type":"image\/jpeg"}],"author":"La Sentinelle","twitter_card":"summary_large_image","twitter_misc":{"\u00c9crit par":"La Sentinelle","Dur\u00e9e de lecture estim\u00e9e":"3 minutes"},"schema":{"@context":"https:\/\/schema.org","@graph":[{"@type":"Article","@id":"https:\/\/lasentinelle.dz\/index.php\/2023\/03\/26\/recherche-scientifique-la-nouvelle-strategie-sappuie-sur-la-commercialisation-des-innovations\/#article","isPartOf":{"@id":"https:\/\/lasentinelle.dz\/index.php\/2023\/03\/26\/recherche-scientifique-la-nouvelle-strategie-sappuie-sur-la-commercialisation-des-innovations\/"},"author":{"name":"La Sentinelle","@id":"https:\/\/lasentinelle.dz\/#\/schema\/person\/d865044e22e70a75174ce8bcad3acfb3"},"headline":"Recherche scientifique\u00a0: La nouvelle strat\u00e9gie s\u2019appuie sur la commercialisation des innovations","datePublished":"2023-03-26T21:05:00+00:00","mainEntityOfPage":{"@id":"https:\/\/lasentinelle.dz\/index.php\/2023\/03\/26\/recherche-scientifique-la-nouvelle-strategie-sappuie-sur-la-commercialisation-des-innovations\/"},"wordCount":473,"commentCount":0,"publisher":{"@id":"https:\/\/lasentinelle.dz\/#organization"},"image":{"@id":"https:\/\/lasentinelle.dz\/index.php\/2023\/03\/26\/recherche-scientifique-la-nouvelle-strategie-sappuie-sur-la-commercialisation-des-innovations\/#primaryimage"},"thumbnailUrl":"https:\/\/lasentinelle.dz\/wp-content\/uploads\/2022\/05\/ministere.jpg","articleSection":["\u00c9conomie"],"inLanguage":"fr-FR","potentialAction":[{"@type":"CommentAction","name":"Comment","target":["https:\/\/lasentinelle.dz\/index.php\/2023\/03\/26\/recherche-scientifique-la-nouvelle-strategie-sappuie-sur-la-commercialisation-des-innovations\/#respond"]}]},{"@type":"WebPage","@id":"https:\/\/lasentinelle.dz\/index.php\/2023\/03\/26\/recherche-scientifique-la-nouvelle-strategie-sappuie-sur-la-commercialisation-des-innovations\/","url":"https:\/\/lasentinelle.dz\/index.php\/2023\/03\/26\/recherche-scientifique-la-nouvelle-strategie-sappuie-sur-la-commercialisation-des-innovations\/","name":"Recherche scientifique\u00a0: La nouvelle strat\u00e9gie s\u2019appuie sur la commercialisation des innovations - La Sentinelle","isPartOf":{"@id":"https:\/\/lasentinelle.dz\/#website"},"primaryImageOfPage":{"@id":"https:\/\/lasentinelle.dz\/index.php\/2023\/03\/26\/recherche-scientifique-la-nouvelle-strategie-sappuie-sur-la-commercialisation-des-innovations\/#primaryimage"},"image":{"@id":"https:\/\/lasentinelle.dz\/index.php\/2023\/03\/26\/recherche-scientifique-la-nouvelle-strategie-sappuie-sur-la-commercialisation-des-innovations\/#primaryimage"},"thumbnailUrl":"https:\/\/lasentinelle.dz\/wp-content\/uploads\/2022\/05\/ministere.jpg","datePublished":"2023-03-26T21:05:00+00:00","breadcrumb":{"@id":"https:\/\/lasentinelle.dz\/index.php\/2023\/03\/26\/recherche-scientifique-la-nouvelle-strategie-sappuie-sur-la-commercialisation-des-innovations\/#breadcrumb"},"inLanguage":"fr-FR","potentialAction":[{"@type":"ReadAction","target":["https:\/\/lasentinelle.dz\/index.php\/2023\/03\/26\/recherche-scientifique-la-nouvelle-strategie-sappuie-sur-la-commercialisation-des-innovations\/"]}]},{"@type":"ImageObject","inLanguage":"fr-FR","@id":"https:\/\/lasentinelle.dz\/index.php\/2023\/03\/26\/recherche-scientifique-la-nouvelle-strategie-sappuie-sur-la-commercialisation-des-innovations\/#primaryimage","url":"https:\/\/lasentinelle.dz\/wp-content\/uploads\/2022\/05\/ministere.jpg","contentUrl":"https:\/\/lasentinelle.dz\/wp-content\/uploads\/2022\/05\/ministere.jpg","width":512,"height":314},{"@type":"BreadcrumbList","@id":"https:\/\/lasentinelle.dz\/index.php\/2023\/03\/26\/recherche-scientifique-la-nouvelle-strategie-sappuie-sur-la-commercialisation-des-innovations\/#breadcrumb","itemListElement":[{"@type":"ListItem","position":1,"name":"Accueil","item":"https:\/\/lasentinelle.dz\/"},{"@type":"ListItem","position":2,"name":"Recherche scientifique\u00a0: La nouvelle strat\u00e9gie s\u2019appuie sur la commercialisation des innovations"}]},{"@type":"WebSite","@id":"https:\/\/lasentinelle.dz\/#website","url":"https:\/\/lasentinelle.dz\/","name":"La Sentinelle","description":"Quotidien national d&#039;information","publisher":{"@id":"https:\/\/lasentinelle.dz\/#organization"},"potentialAction":[{"@type":"SearchAction","target":{"@type":"EntryPoint","urlTemplate":"https:\/\/lasentinelle.dz\/?s={search_term_string}"},"query-input":{"@type":"PropertyValueSpecification","valueRequired":true,"valueName":"search_term_string"}}],"inLanguage":"fr-FR"},{"@type":"Organization","@id":"https:\/\/lasentinelle.dz\/#organization","name":"Quotidien La Sentinelle","url":"https:\/\/lasentinelle.dz\/","logo":{"@type":"ImageObject","inLanguage":"fr-FR","@id":"https:\/\/lasentinelle.dz\/#\/schema\/logo\/image\/","url":"https:\/\/lasentinelle.dz\/wp-content\/uploads\/2021\/09\/logo-sentinelleSLOGAN-1.png","contentUrl":"https:\/\/lasentinelle.dz\/wp-content\/uploads\/2021\/09\/logo-sentinelleSLOGAN-1.png","width":615,"height":142,"caption":"Quotidien La Sentinelle"},"image":{"@id":"https:\/\/lasentinelle.dz\/#\/schema\/logo\/image\/"},"sameAs":["https:\/\/www.facebook.com\/La-Sentinelle-104059864394773"]},{"@type":"Person","@id":"https:\/\/lasentinelle.dz\/#\/schema\/person\/d865044e22e70a75174ce8bcad3acfb3","name":"La Sentinelle","image":{"@type":"ImageObject","inLanguage":"fr-FR","@id":"https:\/\/secure.gravatar.com\/avatar\/57de8e5d4b15d43fb361a71fbb36338450fe67865b528a43dd10ef7c51a20392?s=96&d=mm&r=g","url":"https:\/\/secure.gravatar.com\/avatar\/57de8e5d4b15d43fb361a71fbb36338450fe67865b528a43dd10ef7c51a20392?s=96&d=mm&r=g","contentUrl":"https:\/\/secure.gravatar.com\/avatar\/57de8e5d4b15d43fb361a71fbb36338450fe67865b528a43dd10ef7c51a20392?s=96&d=mm&r=g","caption":"La Sentinelle"},"sameAs":["http:\/\/www.lasentinelle.dz"],"url":"https:\/\/lasentinelle.dz\/author\/redaction\/"}]}},"_links":{"self":[{"href":"https:\/\/lasentinelle.dz\/index.php\/wp-json\/wp\/v2\/posts\/38463","targetHints":{"allow":["GET"]}}],"collection":[{"href":"https:\/\/lasentinelle.dz\/index.php\/wp-json\/wp\/v2\/posts"}],"about":[{"href":"https:\/\/lasentinelle.dz\/index.php\/wp-json\/wp\/v2\/types\/post"}],"author":[{"embeddable":true,"href":"https:\/\/lasentinelle.dz\/index.php\/wp-json\/wp\/v2\/users\/3"}],"replies":[{"embeddable":true,"href":"https:\/\/lasentinelle.dz\/index.php\/wp-json\/wp\/v2\/comments?post=38463"}],"version-history":[{"count":1,"href":"https:\/\/lasentinelle.dz\/index.php\/wp-json\/wp\/v2\/posts\/38463\/revisions"}],"predecessor-version":[{"id":38518,"href":"https:\/\/lasentinelle.dz\/index.php\/wp-json\/wp\/v2\/posts\/38463\/revisions\/38518"}],"wp:featuredmedia":[{"embeddable":true,"href":"https:\/\/lasentinelle.dz\/index.php\/wp-json\/wp\/v2\/media\/21310"}],"wp:attachment":[{"href":"https:\/\/lasentinelle.dz\/index.php\/wp-json\/wp\/v2\/media?parent=38463"}],"wp:term":[{"taxonomy":"category","embeddable":true,"href":"https:\/\/lasentinelle.dz\/index.php\/wp-json\/wp\/v2\/categories?post=38463"},{"taxonomy":"post_tag","embeddable":true,"href":"https:\/\/lasentinelle.dz\/index.php\/wp-json\/wp\/v2\/tags?post=38463"}],"curies":[{"name":"wp","href":"https:\/\/api.w.org\/{rel}","templated":true}]}}