{"id":38481,"date":"2023-03-26T22:05:00","date_gmt":"2023-03-26T21:05:00","guid":{"rendered":"https:\/\/lasentinelle.dz\/?p=38481"},"modified":"2023-03-26T16:56:11","modified_gmt":"2023-03-26T15:56:11","slug":"32e-sommet-arabe-riyad-fixe-la-date-au-19-mai-prochain","status":"publish","type":"post","link":"https:\/\/lasentinelle.dz\/index.php\/2023\/03\/26\/32e-sommet-arabe-riyad-fixe-la-date-au-19-mai-prochain\/","title":{"rendered":"32e Sommet arabe\u00a0: Riyad fixe la date au 19 mai prochain"},"content":{"rendered":"\n<p>L\u2019Arabie saoudite qui doit r\u00e9ceptionner la pr\u00e9sidence du 32<sup>e<\/sup> sommet arabe a fix\u00e9 la date de ce rendez-vous panarabe.&nbsp; Ainsi, le Secr\u00e9taire g\u00e9n\u00e9ral adjoint de la Ligue arabe charg\u00e9 des affaires du Conseil de la Ligue arabe, Hossam Zaki, a indiqu\u00e9 que le prochain Sommet arabe devrait se tenir en Arabie saoudite le 19 mai prochain.<\/p>\n\n\n\n<p>Selon un communiqu\u00e9 de la Ligue arabe, la date a \u00e9t\u00e9 fix\u00e9e apr\u00e8s les consultations que le Secr\u00e9taire g\u00e9n\u00e9ral de la Ligue arabe, Ahmed Aboul Gheit,&nbsp; a men\u00e9es Riyad. Et de pr\u00e9ciser qu\u2019avant la tenue de ce sommet, plusieurs r\u00e9unions pr\u00e9paratoires au niveau de hauts fonctionnaires et de ministres vont avoir lieu, en vue de la tenue du Sommet sur 5 jours.<\/p>\n\n\n\n<p>Il convient de noter que cette ann\u00e9e, un sommet arabe sur le d\u00e9veloppement en Mauritanie devrait avoir lieu ainsi qu\u2019un sommet arabo-africain en Arabie saoudite.<\/p>\n\n\n\n<p>Pour rappel, l\u2019Alg\u00e9rie a accueilli le 31<sup>e<\/sup> Sommet arabe les 1<sup>er<\/sup> et 2 novembre dernier. Les travaux de ce sommet ont abouti \u00e0 l\u2019adoption de la D\u00e9claration d\u2019Alger qui acte le soutien de l\u2019ensemble des pays de la Ligue arabe \u00e0 la cause palestinienne, \u00e0 l\u2019initiative arabe de paix, ainsi qu\u2019\u00e0 l\u2019initiative de r\u00e9conciliation entre les factions palestiniennes. Elle a \u00e9galement scell\u00e9 les recommandations en mati\u00e8re de consolidation de l\u2019action arabe commune, et le renforcement de la coop\u00e9ration interarabe dans les domaines \u00e9conomiques et commerciaux, notamment en ce qui concerne les questions strat\u00e9giques li\u00e9es \u00e0 la s\u00e9curit\u00e9 alimentaire et hydrique.<\/p>\n\n\n\n<p>R.N.<\/p>\n","protected":false},"excerpt":{"rendered":"<p>L\u2019Arabie saoudite qui doit r\u00e9ceptionner la pr\u00e9sidence du 32e sommet arabe a fix\u00e9 la date de ce rendez-vous panarabe.&nbsp; Ainsi,<\/p>\n","protected":false},"author":3,"featured_media":38485,"comment_status":"open","ping_status":"closed","sticky":false,"template":"","format":"standard","meta":{"colormag_page_container_layout":"default_layout","colormag_page_sidebar_layout":"default_layout","om_disable_all_campaigns":false,"_monsterinsights_skip_tracking":false,"_monsterinsights_sitenote_active":false,"_monsterinsights_sitenote_note":"","_monsterinsights_sitenote_category":0,"footnotes":"","_wpscppro_dont_share_socialmedia":false,"_wpscppro_custom_social_share_image":0,"_facebook_share_type":"","_twitter_share_type":"","_linkedin_share_type":"","_pinterest_share_type":"","_linkedin_share_type_page":"","_instagram_share_type":"","_medium_share_type":"","_threads_share_type":"","_google_business_share_type":"","_selected_social_profile":[],"_wpsp_enable_custom_social_template":false,"_wpsp_social_scheduling":{"enabled":false,"datetime":null,"platforms":[],"status":"template_only","dateOption":"today","timeOption":"now","customDays":"","customHours":"","customDate":"","customTime":"","schedulingType":"absolute"},"_wpsp_active_default_template":true},"categories":[27],"tags":[],"class_list":["post-38481","post","type-post","status-publish","format-standard","has-post-thumbnail","hentry","category-actualite"],"aioseo_notices":[],"yoast_head":"<!-- This site is optimized with the Yoast SEO plugin v27.5 - https:\/\/yoast.com\/product\/yoast-seo-wordpress\/ -->\n<title>32e Sommet arabe\u00a0: Riyad fixe la date au 19 mai prochain - La Sentinelle<\/title>\n<meta name=\"robots\" content=\"index, follow, max-snippet:-1, max-image-preview:large, max-video-preview:-1\" \/>\n<link rel=\"canonical\" href=\"https:\/\/lasentinelle.dz\/index.php\/2023\/03\/26\/32e-sommet-arabe-riyad-fixe-la-date-au-19-mai-prochain\/\" \/>\n<meta property=\"og:locale\" content=\"fr_FR\" \/>\n<meta property=\"og:type\" content=\"article\" \/>\n<meta property=\"og:title\" content=\"32e Sommet arabe\u00a0: Riyad fixe la date au 19 mai prochain - La Sentinelle\" \/>\n<meta property=\"og:description\" content=\"L\u2019Arabie saoudite qui doit r\u00e9ceptionner la pr\u00e9sidence du 32e sommet arabe a fix\u00e9 la date de ce rendez-vous panarabe.&nbsp; Ainsi,\" \/>\n<meta property=\"og:url\" content=\"https:\/\/lasentinelle.dz\/index.php\/2023\/03\/26\/32e-sommet-arabe-riyad-fixe-la-date-au-19-mai-prochain\/\" \/>\n<meta property=\"og:site_name\" content=\"La Sentinelle\" \/>\n<meta property=\"article:publisher\" content=\"https:\/\/www.facebook.com\/La-Sentinelle-104059864394773\" \/>\n<meta property=\"article:published_time\" content=\"2023-03-26T21:05:00+00:00\" \/>\n<meta property=\"og:image\" content=\"https:\/\/lasentinelle.dz\/wp-content\/uploads\/2023\/03\/sommet-1024x703.png\" \/>\n\t<meta property=\"og:image:width\" content=\"1024\" \/>\n\t<meta property=\"og:image:height\" content=\"703\" \/>\n\t<meta property=\"og:image:type\" content=\"image\/png\" \/>\n<meta name=\"author\" content=\"La Sentinelle\" \/>\n<meta name=\"twitter:card\" content=\"summary_large_image\" \/>\n<meta name=\"twitter:label1\" content=\"\u00c9crit par\" \/>\n\t<meta name=\"twitter:data1\" content=\"La Sentinelle\" \/>\n\t<meta name=\"twitter:label2\" content=\"Dur\u00e9e de lecture estim\u00e9e\" \/>\n\t<meta name=\"twitter:data2\" content=\"2 minutes\" \/>\n<script type=\"application\/ld+json\" class=\"yoast-schema-graph\">{\"@context\":\"https:\\\/\\\/schema.org\",\"@graph\":[{\"@type\":\"Article\",\"@id\":\"https:\\\/\\\/lasentinelle.dz\\\/index.php\\\/2023\\\/03\\\/26\\\/32e-sommet-arabe-riyad-fixe-la-date-au-19-mai-prochain\\\/#article\",\"isPartOf\":{\"@id\":\"https:\\\/\\\/lasentinelle.dz\\\/index.php\\\/2023\\\/03\\\/26\\\/32e-sommet-arabe-riyad-fixe-la-date-au-19-mai-prochain\\\/\"},\"author\":{\"name\":\"La Sentinelle\",\"@id\":\"https:\\\/\\\/lasentinelle.dz\\\/#\\\/schema\\\/person\\\/d865044e22e70a75174ce8bcad3acfb3\"},\"headline\":\"32e Sommet arabe\u00a0: Riyad fixe la date au 19 mai prochain\",\"datePublished\":\"2023-03-26T21:05:00+00:00\",\"mainEntityOfPage\":{\"@id\":\"https:\\\/\\\/lasentinelle.dz\\\/index.php\\\/2023\\\/03\\\/26\\\/32e-sommet-arabe-riyad-fixe-la-date-au-19-mai-prochain\\\/\"},\"wordCount\":284,\"commentCount\":0,\"publisher\":{\"@id\":\"https:\\\/\\\/lasentinelle.dz\\\/#organization\"},\"image\":{\"@id\":\"https:\\\/\\\/lasentinelle.dz\\\/index.php\\\/2023\\\/03\\\/26\\\/32e-sommet-arabe-riyad-fixe-la-date-au-19-mai-prochain\\\/#primaryimage\"},\"thumbnailUrl\":\"https:\\\/\\\/lasentinelle.dz\\\/wp-content\\\/uploads\\\/2023\\\/03\\\/sommet.png\",\"articleSection\":[\"Actualit\u00e9\"],\"inLanguage\":\"fr-FR\",\"potentialAction\":[{\"@type\":\"CommentAction\",\"name\":\"Comment\",\"target\":[\"https:\\\/\\\/lasentinelle.dz\\\/index.php\\\/2023\\\/03\\\/26\\\/32e-sommet-arabe-riyad-fixe-la-date-au-19-mai-prochain\\\/#respond\"]}]},{\"@type\":\"WebPage\",\"@id\":\"https:\\\/\\\/lasentinelle.dz\\\/index.php\\\/2023\\\/03\\\/26\\\/32e-sommet-arabe-riyad-fixe-la-date-au-19-mai-prochain\\\/\",\"url\":\"https:\\\/\\\/lasentinelle.dz\\\/index.php\\\/2023\\\/03\\\/26\\\/32e-sommet-arabe-riyad-fixe-la-date-au-19-mai-prochain\\\/\",\"name\":\"32e Sommet arabe\u00a0: Riyad fixe la date au 19 mai prochain - La Sentinelle\",\"isPartOf\":{\"@id\":\"https:\\\/\\\/lasentinelle.dz\\\/#website\"},\"primaryImageOfPage\":{\"@id\":\"https:\\\/\\\/lasentinelle.dz\\\/index.php\\\/2023\\\/03\\\/26\\\/32e-sommet-arabe-riyad-fixe-la-date-au-19-mai-prochain\\\/#primaryimage\"},\"image\":{\"@id\":\"https:\\\/\\\/lasentinelle.dz\\\/index.php\\\/2023\\\/03\\\/26\\\/32e-sommet-arabe-riyad-fixe-la-date-au-19-mai-prochain\\\/#primaryimage\"},\"thumbnailUrl\":\"https:\\\/\\\/lasentinelle.dz\\\/wp-content\\\/uploads\\\/2023\\\/03\\\/sommet.png\",\"datePublished\":\"2023-03-26T21:05:00+00:00\",\"breadcrumb\":{\"@id\":\"https:\\\/\\\/lasentinelle.dz\\\/index.php\\\/2023\\\/03\\\/26\\\/32e-sommet-arabe-riyad-fixe-la-date-au-19-mai-prochain\\\/#breadcrumb\"},\"inLanguage\":\"fr-FR\",\"potentialAction\":[{\"@type\":\"ReadAction\",\"target\":[\"https:\\\/\\\/lasentinelle.dz\\\/index.php\\\/2023\\\/03\\\/26\\\/32e-sommet-arabe-riyad-fixe-la-date-au-19-mai-prochain\\\/\"]}]},{\"@type\":\"ImageObject\",\"inLanguage\":\"fr-FR\",\"@id\":\"https:\\\/\\\/lasentinelle.dz\\\/index.php\\\/2023\\\/03\\\/26\\\/32e-sommet-arabe-riyad-fixe-la-date-au-19-mai-prochain\\\/#primaryimage\",\"url\":\"https:\\\/\\\/lasentinelle.dz\\\/wp-content\\\/uploads\\\/2023\\\/03\\\/sommet.png\",\"contentUrl\":\"https:\\\/\\\/lasentinelle.dz\\\/wp-content\\\/uploads\\\/2023\\\/03\\\/sommet.png\",\"width\":1311,\"height\":900},{\"@type\":\"BreadcrumbList\",\"@id\":\"https:\\\/\\\/lasentinelle.dz\\\/index.php\\\/2023\\\/03\\\/26\\\/32e-sommet-arabe-riyad-fixe-la-date-au-19-mai-prochain\\\/#breadcrumb\",\"itemListElement\":[{\"@type\":\"ListItem\",\"position\":1,\"name\":\"Accueil\",\"item\":\"https:\\\/\\\/lasentinelle.dz\\\/\"},{\"@type\":\"ListItem\",\"position\":2,\"name\":\"32e Sommet arabe\u00a0: Riyad fixe la date au 19 mai prochain\"}]},{\"@type\":\"WebSite\",\"@id\":\"https:\\\/\\\/lasentinelle.dz\\\/#website\",\"url\":\"https:\\\/\\\/lasentinelle.dz\\\/\",\"name\":\"La Sentinelle\",\"description\":\"Quotidien national d&#039;information\",\"publisher\":{\"@id\":\"https:\\\/\\\/lasentinelle.dz\\\/#organization\"},\"potentialAction\":[{\"@type\":\"SearchAction\",\"target\":{\"@type\":\"EntryPoint\",\"urlTemplate\":\"https:\\\/\\\/lasentinelle.dz\\\/?s={search_term_string}\"},\"query-input\":{\"@type\":\"PropertyValueSpecification\",\"valueRequired\":true,\"valueName\":\"search_term_string\"}}],\"inLanguage\":\"fr-FR\"},{\"@type\":\"Organization\",\"@id\":\"https:\\\/\\\/lasentinelle.dz\\\/#organization\",\"name\":\"Quotidien La Sentinelle\",\"url\":\"https:\\\/\\\/lasentinelle.dz\\\/\",\"logo\":{\"@type\":\"ImageObject\",\"inLanguage\":\"fr-FR\",\"@id\":\"https:\\\/\\\/lasentinelle.dz\\\/#\\\/schema\\\/logo\\\/image\\\/\",\"url\":\"https:\\\/\\\/lasentinelle.dz\\\/wp-content\\\/uploads\\\/2021\\\/09\\\/logo-sentinelleSLOGAN-1.png\",\"contentUrl\":\"https:\\\/\\\/lasentinelle.dz\\\/wp-content\\\/uploads\\\/2021\\\/09\\\/logo-sentinelleSLOGAN-1.png\",\"width\":615,\"height\":142,\"caption\":\"Quotidien La Sentinelle\"},\"image\":{\"@id\":\"https:\\\/\\\/lasentinelle.dz\\\/#\\\/schema\\\/logo\\\/image\\\/\"},\"sameAs\":[\"https:\\\/\\\/www.facebook.com\\\/La-Sentinelle-104059864394773\"]},{\"@type\":\"Person\",\"@id\":\"https:\\\/\\\/lasentinelle.dz\\\/#\\\/schema\\\/person\\\/d865044e22e70a75174ce8bcad3acfb3\",\"name\":\"La Sentinelle\",\"image\":{\"@type\":\"ImageObject\",\"inLanguage\":\"fr-FR\",\"@id\":\"https:\\\/\\\/secure.gravatar.com\\\/avatar\\\/57de8e5d4b15d43fb361a71fbb36338450fe67865b528a43dd10ef7c51a20392?s=96&d=mm&r=g\",\"url\":\"https:\\\/\\\/secure.gravatar.com\\\/avatar\\\/57de8e5d4b15d43fb361a71fbb36338450fe67865b528a43dd10ef7c51a20392?s=96&d=mm&r=g\",\"contentUrl\":\"https:\\\/\\\/secure.gravatar.com\\\/avatar\\\/57de8e5d4b15d43fb361a71fbb36338450fe67865b528a43dd10ef7c51a20392?s=96&d=mm&r=g\",\"caption\":\"La Sentinelle\"},\"sameAs\":[\"http:\\\/\\\/www.lasentinelle.dz\"],\"url\":\"https:\\\/\\\/lasentinelle.dz\\\/author\\\/redaction\\\/\"}]}<\/script>\n<!-- \/ Yoast SEO plugin. -->","yoast_head_json":{"title":"32e Sommet arabe\u00a0: Riyad fixe la date au 19 mai prochain - La Sentinelle","robots":{"index":"index","follow":"follow","max-snippet":"max-snippet:-1","max-image-preview":"max-image-preview:large","max-video-preview":"max-video-preview:-1"},"canonical":"https:\/\/lasentinelle.dz\/index.php\/2023\/03\/26\/32e-sommet-arabe-riyad-fixe-la-date-au-19-mai-prochain\/","og_locale":"fr_FR","og_type":"article","og_title":"32e Sommet arabe\u00a0: Riyad fixe la date au 19 mai prochain - La Sentinelle","og_description":"L\u2019Arabie saoudite qui doit r\u00e9ceptionner la pr\u00e9sidence du 32e sommet arabe a fix\u00e9 la date de ce rendez-vous panarabe.&nbsp; Ainsi,","og_url":"https:\/\/lasentinelle.dz\/index.php\/2023\/03\/26\/32e-sommet-arabe-riyad-fixe-la-date-au-19-mai-prochain\/","og_site_name":"La Sentinelle","article_publisher":"https:\/\/www.facebook.com\/La-Sentinelle-104059864394773","article_published_time":"2023-03-26T21:05:00+00:00","og_image":[{"width":1024,"height":703,"url":"https:\/\/lasentinelle.dz\/wp-content\/uploads\/2023\/03\/sommet-1024x703.png","type":"image\/png"}],"author":"La Sentinelle","twitter_card":"summary_large_image","twitter_misc":{"\u00c9crit par":"La Sentinelle","Dur\u00e9e de lecture estim\u00e9e":"2 minutes"},"schema":{"@context":"https:\/\/schema.org","@graph":[{"@type":"Article","@id":"https:\/\/lasentinelle.dz\/index.php\/2023\/03\/26\/32e-sommet-arabe-riyad-fixe-la-date-au-19-mai-prochain\/#article","isPartOf":{"@id":"https:\/\/lasentinelle.dz\/index.php\/2023\/03\/26\/32e-sommet-arabe-riyad-fixe-la-date-au-19-mai-prochain\/"},"author":{"name":"La Sentinelle","@id":"https:\/\/lasentinelle.dz\/#\/schema\/person\/d865044e22e70a75174ce8bcad3acfb3"},"headline":"32e Sommet arabe\u00a0: Riyad fixe la date au 19 mai prochain","datePublished":"2023-03-26T21:05:00+00:00","mainEntityOfPage":{"@id":"https:\/\/lasentinelle.dz\/index.php\/2023\/03\/26\/32e-sommet-arabe-riyad-fixe-la-date-au-19-mai-prochain\/"},"wordCount":284,"commentCount":0,"publisher":{"@id":"https:\/\/lasentinelle.dz\/#organization"},"image":{"@id":"https:\/\/lasentinelle.dz\/index.php\/2023\/03\/26\/32e-sommet-arabe-riyad-fixe-la-date-au-19-mai-prochain\/#primaryimage"},"thumbnailUrl":"https:\/\/lasentinelle.dz\/wp-content\/uploads\/2023\/03\/sommet.png","articleSection":["Actualit\u00e9"],"inLanguage":"fr-FR","potentialAction":[{"@type":"CommentAction","name":"Comment","target":["https:\/\/lasentinelle.dz\/index.php\/2023\/03\/26\/32e-sommet-arabe-riyad-fixe-la-date-au-19-mai-prochain\/#respond"]}]},{"@type":"WebPage","@id":"https:\/\/lasentinelle.dz\/index.php\/2023\/03\/26\/32e-sommet-arabe-riyad-fixe-la-date-au-19-mai-prochain\/","url":"https:\/\/lasentinelle.dz\/index.php\/2023\/03\/26\/32e-sommet-arabe-riyad-fixe-la-date-au-19-mai-prochain\/","name":"32e Sommet arabe\u00a0: Riyad fixe la date au 19 mai prochain - La Sentinelle","isPartOf":{"@id":"https:\/\/lasentinelle.dz\/#website"},"primaryImageOfPage":{"@id":"https:\/\/lasentinelle.dz\/index.php\/2023\/03\/26\/32e-sommet-arabe-riyad-fixe-la-date-au-19-mai-prochain\/#primaryimage"},"image":{"@id":"https:\/\/lasentinelle.dz\/index.php\/2023\/03\/26\/32e-sommet-arabe-riyad-fixe-la-date-au-19-mai-prochain\/#primaryimage"},"thumbnailUrl":"https:\/\/lasentinelle.dz\/wp-content\/uploads\/2023\/03\/sommet.png","datePublished":"2023-03-26T21:05:00+00:00","breadcrumb":{"@id":"https:\/\/lasentinelle.dz\/index.php\/2023\/03\/26\/32e-sommet-arabe-riyad-fixe-la-date-au-19-mai-prochain\/#breadcrumb"},"inLanguage":"fr-FR","potentialAction":[{"@type":"ReadAction","target":["https:\/\/lasentinelle.dz\/index.php\/2023\/03\/26\/32e-sommet-arabe-riyad-fixe-la-date-au-19-mai-prochain\/"]}]},{"@type":"ImageObject","inLanguage":"fr-FR","@id":"https:\/\/lasentinelle.dz\/index.php\/2023\/03\/26\/32e-sommet-arabe-riyad-fixe-la-date-au-19-mai-prochain\/#primaryimage","url":"https:\/\/lasentinelle.dz\/wp-content\/uploads\/2023\/03\/sommet.png","contentUrl":"https:\/\/lasentinelle.dz\/wp-content\/uploads\/2023\/03\/sommet.png","width":1311,"height":900},{"@type":"BreadcrumbList","@id":"https:\/\/lasentinelle.dz\/index.php\/2023\/03\/26\/32e-sommet-arabe-riyad-fixe-la-date-au-19-mai-prochain\/#breadcrumb","itemListElement":[{"@type":"ListItem","position":1,"name":"Accueil","item":"https:\/\/lasentinelle.dz\/"},{"@type":"ListItem","position":2,"name":"32e Sommet arabe\u00a0: Riyad fixe la date au 19 mai prochain"}]},{"@type":"WebSite","@id":"https:\/\/lasentinelle.dz\/#website","url":"https:\/\/lasentinelle.dz\/","name":"La Sentinelle","description":"Quotidien national d&#039;information","publisher":{"@id":"https:\/\/lasentinelle.dz\/#organization"},"potentialAction":[{"@type":"SearchAction","target":{"@type":"EntryPoint","urlTemplate":"https:\/\/lasentinelle.dz\/?s={search_term_string}"},"query-input":{"@type":"PropertyValueSpecification","valueRequired":true,"valueName":"search_term_string"}}],"inLanguage":"fr-FR"},{"@type":"Organization","@id":"https:\/\/lasentinelle.dz\/#organization","name":"Quotidien La Sentinelle","url":"https:\/\/lasentinelle.dz\/","logo":{"@type":"ImageObject","inLanguage":"fr-FR","@id":"https:\/\/lasentinelle.dz\/#\/schema\/logo\/image\/","url":"https:\/\/lasentinelle.dz\/wp-content\/uploads\/2021\/09\/logo-sentinelleSLOGAN-1.png","contentUrl":"https:\/\/lasentinelle.dz\/wp-content\/uploads\/2021\/09\/logo-sentinelleSLOGAN-1.png","width":615,"height":142,"caption":"Quotidien La Sentinelle"},"image":{"@id":"https:\/\/lasentinelle.dz\/#\/schema\/logo\/image\/"},"sameAs":["https:\/\/www.facebook.com\/La-Sentinelle-104059864394773"]},{"@type":"Person","@id":"https:\/\/lasentinelle.dz\/#\/schema\/person\/d865044e22e70a75174ce8bcad3acfb3","name":"La Sentinelle","image":{"@type":"ImageObject","inLanguage":"fr-FR","@id":"https:\/\/secure.gravatar.com\/avatar\/57de8e5d4b15d43fb361a71fbb36338450fe67865b528a43dd10ef7c51a20392?s=96&d=mm&r=g","url":"https:\/\/secure.gravatar.com\/avatar\/57de8e5d4b15d43fb361a71fbb36338450fe67865b528a43dd10ef7c51a20392?s=96&d=mm&r=g","contentUrl":"https:\/\/secure.gravatar.com\/avatar\/57de8e5d4b15d43fb361a71fbb36338450fe67865b528a43dd10ef7c51a20392?s=96&d=mm&r=g","caption":"La Sentinelle"},"sameAs":["http:\/\/www.lasentinelle.dz"],"url":"https:\/\/lasentinelle.dz\/author\/redaction\/"}]}},"_links":{"self":[{"href":"https:\/\/lasentinelle.dz\/index.php\/wp-json\/wp\/v2\/posts\/38481","targetHints":{"allow":["GET"]}}],"collection":[{"href":"https:\/\/lasentinelle.dz\/index.php\/wp-json\/wp\/v2\/posts"}],"about":[{"href":"https:\/\/lasentinelle.dz\/index.php\/wp-json\/wp\/v2\/types\/post"}],"author":[{"embeddable":true,"href":"https:\/\/lasentinelle.dz\/index.php\/wp-json\/wp\/v2\/users\/3"}],"replies":[{"embeddable":true,"href":"https:\/\/lasentinelle.dz\/index.php\/wp-json\/wp\/v2\/comments?post=38481"}],"version-history":[{"count":1,"href":"https:\/\/lasentinelle.dz\/index.php\/wp-json\/wp\/v2\/posts\/38481\/revisions"}],"predecessor-version":[{"id":38486,"href":"https:\/\/lasentinelle.dz\/index.php\/wp-json\/wp\/v2\/posts\/38481\/revisions\/38486"}],"wp:featuredmedia":[{"embeddable":true,"href":"https:\/\/lasentinelle.dz\/index.php\/wp-json\/wp\/v2\/media\/38485"}],"wp:attachment":[{"href":"https:\/\/lasentinelle.dz\/index.php\/wp-json\/wp\/v2\/media?parent=38481"}],"wp:term":[{"taxonomy":"category","embeddable":true,"href":"https:\/\/lasentinelle.dz\/index.php\/wp-json\/wp\/v2\/categories?post=38481"},{"taxonomy":"post_tag","embeddable":true,"href":"https:\/\/lasentinelle.dz\/index.php\/wp-json\/wp\/v2\/tags?post=38481"}],"curies":[{"name":"wp","href":"https:\/\/api.w.org\/{rel}","templated":true}]}}