{"id":38498,"date":"2023-03-26T22:05:00","date_gmt":"2023-03-26T21:05:00","guid":{"rendered":"https:\/\/lasentinelle.dz\/?p=38498"},"modified":"2023-03-26T18:24:50","modified_gmt":"2023-03-26T17:24:50","slug":"attribution-de-locaux-commerciaux-lopgi-et-laadl-au-secours-des-porteurs-de-projets","status":"publish","type":"post","link":"https:\/\/lasentinelle.dz\/index.php\/2023\/03\/26\/attribution-de-locaux-commerciaux-lopgi-et-laadl-au-secours-des-porteurs-de-projets\/","title":{"rendered":"Attribution de locaux commerciaux\u00a0: L\u2019OPGI et l\u2019Aadl au secours des porteurs de projets"},"content":{"rendered":"\n<p>Des locaux commerciaux de l\u2019OPGI et de l\u2019AADL seront destin\u00e9s aux b\u00e9n\u00e9ficiaires des dispositifs d\u2019aide \u00e0 l\u2019entrepreneuriat. Une op\u00e9ration de recensement des locaux commerciaux inexploit\u00e9s am\u00e9nag\u00e9s dans les cit\u00e9s de l\u2019Office de Promotion et de Gestion de l\u2019Immobilier (OPGI) et de l\u2019Agence de l\u2019Am\u00e9lioration et du D\u00e9veloppement du Logement (AADL) est&nbsp; men\u00e9e par les services de l&rsquo;Agence Nationale de Gestion du Microcr\u00e9dit (ANGEM). Conjointement aux efforts men\u00e9s par l\u2019Agence nationale d&rsquo;appui et de d\u00e9veloppement de l&rsquo;Entrepreneuriat (ANADE), l\u2019objectif de la d\u00e9marche&nbsp; vise \u00e0 attribuer ces locaux aux b\u00e9n\u00e9ficiaires des dispositifs d&rsquo;aide \u00e0 l&rsquo;entrepreneuriat.&nbsp; Certains de ces locaux sont \u00e9galement d\u00e9di\u00e9s aux dipl\u00f4m\u00e9s de l\u2019enseignement sup\u00e9rieur et de la formation professionnelle. Toutefois, dans un premier temps, ce sont les jeunes b\u00e9n\u00e9ficiaires des dispositifs de soutien \u00e0 la cr\u00e9ation de micro-entreprises qui sont prioritaires.&nbsp; Selon des dispositions minist\u00e9rielles ant\u00e9rieures, 30 % de ces locaux seront r\u00e9serv\u00e9s aux femmes entrepreneures ayant cr\u00e9\u00e9 leurs activit\u00e9s par le biais de l\u2019ANGEM.&nbsp; Il faut reconna\u00eetre que le local est le probl\u00e8me qui se pose avec acuit\u00e9 chez l\u2019entrepreneur. Ne pas disposer d\u2019un local fixe entrave&nbsp; le lancement&nbsp;&nbsp; de l\u2019activit\u00e9. Ces locaux commerciaux que les b\u00e9n\u00e9ficiaires peuvent acqu\u00e9rir via la location ou la location-vente, sont une solution salvatrice \u00e0 ce probl\u00e8me. \u00c0 relever que ce programme est l\u2019une des mesures prises en faveur des jeunes entrepreneurs, outre la suspension des poursuites judiciaires et de la saisie des \u00e9quipements contre les jeunes entrepreneurs qui peinent \u00e0 rembourser leurs cr\u00e9dits. Des audits ont \u00e9t\u00e9 men\u00e9s sur les dispositifs de soutien aux jeunes pour la cr\u00e9ation des micro-entreprises afin d\u2019\u00e9tablir un diagnostic des contraintes soulev\u00e9es et leur apporter les solutions ad\u00e9quates. Un comit\u00e9 intersectoriel de suivi central a \u00e9t\u00e9 install\u00e9 et des commissions de wilaya cr\u00e9\u00e9es pour l\u2019\u00e9tude des dossiers et l\u2019octroi des locaux. Il est \u00e0 noter que, 10 % de ces locaux seront destin\u00e9s aux personnes aux besoins sp\u00e9cifiques et qu\u2019ils seront am\u00e9nag\u00e9s et \u00e9quip\u00e9s de mani\u00e8re \u00e0 les rendre accessibles et r\u00e9pondre \u00e0 leurs besoins.<\/p>\n\n\n\n<p><strong>Sofia Chahi<\/strong><strong>ne<\/strong><\/p>\n","protected":false},"excerpt":{"rendered":"<p>Des locaux commerciaux de l\u2019OPGI et de l\u2019AADL seront destin\u00e9s aux b\u00e9n\u00e9ficiaires des dispositifs d\u2019aide \u00e0 l\u2019entrepreneuriat. Une op\u00e9ration de<\/p>\n","protected":false},"author":3,"featured_media":38508,"comment_status":"open","ping_status":"closed","sticky":false,"template":"","format":"standard","meta":{"colormag_page_container_layout":"default_layout","colormag_page_sidebar_layout":"default_layout","om_disable_all_campaigns":false,"_monsterinsights_skip_tracking":false,"_monsterinsights_sitenote_active":false,"_monsterinsights_sitenote_note":"","_monsterinsights_sitenote_category":0,"footnotes":"","_wpscppro_dont_share_socialmedia":false,"_wpscppro_custom_social_share_image":0,"_facebook_share_type":"","_twitter_share_type":"","_linkedin_share_type":"","_pinterest_share_type":"","_linkedin_share_type_page":"","_instagram_share_type":"","_medium_share_type":"","_threads_share_type":"","_google_business_share_type":"","_selected_social_profile":[],"_wpsp_enable_custom_social_template":false,"_wpsp_social_scheduling":{"enabled":false,"datetime":null,"platforms":[],"status":"template_only","dateOption":"today","timeOption":"now","customDays":"","customHours":"","customDate":"","customTime":"","schedulingType":"absolute"},"_wpsp_active_default_template":true},"categories":[29],"tags":[],"class_list":["post-38498","post","type-post","status-publish","format-standard","has-post-thumbnail","hentry","category-economie"],"aioseo_notices":[],"yoast_head":"<!-- This site is optimized with the Yoast SEO plugin v27.5 - https:\/\/yoast.com\/product\/yoast-seo-wordpress\/ -->\n<title>Attribution de locaux commerciaux\u00a0: L\u2019OPGI et l\u2019Aadl au secours des porteurs de projets - La Sentinelle<\/title>\n<meta name=\"robots\" content=\"index, follow, max-snippet:-1, max-image-preview:large, max-video-preview:-1\" \/>\n<link rel=\"canonical\" href=\"https:\/\/lasentinelle.dz\/index.php\/2023\/03\/26\/attribution-de-locaux-commerciaux-lopgi-et-laadl-au-secours-des-porteurs-de-projets\/\" \/>\n<meta property=\"og:locale\" content=\"fr_FR\" \/>\n<meta property=\"og:type\" content=\"article\" \/>\n<meta property=\"og:title\" content=\"Attribution de locaux commerciaux\u00a0: L\u2019OPGI et l\u2019Aadl au secours des porteurs de projets - La Sentinelle\" \/>\n<meta property=\"og:description\" content=\"Des locaux commerciaux de l\u2019OPGI et de l\u2019AADL seront destin\u00e9s aux b\u00e9n\u00e9ficiaires des dispositifs d\u2019aide \u00e0 l\u2019entrepreneuriat. Une op\u00e9ration de\" \/>\n<meta property=\"og:url\" content=\"https:\/\/lasentinelle.dz\/index.php\/2023\/03\/26\/attribution-de-locaux-commerciaux-lopgi-et-laadl-au-secours-des-porteurs-de-projets\/\" \/>\n<meta property=\"og:site_name\" content=\"La Sentinelle\" \/>\n<meta property=\"article:publisher\" content=\"https:\/\/www.facebook.com\/La-Sentinelle-104059864394773\" \/>\n<meta property=\"article:published_time\" content=\"2023-03-26T21:05:00+00:00\" \/>\n<meta property=\"og:image\" content=\"https:\/\/lasentinelle.dz\/wp-content\/uploads\/2023\/03\/image_2023-03-26_182356040.png\" \/>\n\t<meta property=\"og:image:width\" content=\"500\" \/>\n\t<meta property=\"og:image:height\" content=\"375\" \/>\n\t<meta property=\"og:image:type\" content=\"image\/png\" \/>\n<meta name=\"author\" content=\"La Sentinelle\" \/>\n<meta name=\"twitter:card\" content=\"summary_large_image\" \/>\n<meta name=\"twitter:label1\" content=\"\u00c9crit par\" \/>\n\t<meta name=\"twitter:data1\" content=\"La Sentinelle\" \/>\n\t<meta name=\"twitter:label2\" content=\"Dur\u00e9e de lecture estim\u00e9e\" \/>\n\t<meta name=\"twitter:data2\" content=\"2 minutes\" \/>\n<script type=\"application\/ld+json\" class=\"yoast-schema-graph\">{\"@context\":\"https:\\\/\\\/schema.org\",\"@graph\":[{\"@type\":\"Article\",\"@id\":\"https:\\\/\\\/lasentinelle.dz\\\/index.php\\\/2023\\\/03\\\/26\\\/attribution-de-locaux-commerciaux-lopgi-et-laadl-au-secours-des-porteurs-de-projets\\\/#article\",\"isPartOf\":{\"@id\":\"https:\\\/\\\/lasentinelle.dz\\\/index.php\\\/2023\\\/03\\\/26\\\/attribution-de-locaux-commerciaux-lopgi-et-laadl-au-secours-des-porteurs-de-projets\\\/\"},\"author\":{\"name\":\"La Sentinelle\",\"@id\":\"https:\\\/\\\/lasentinelle.dz\\\/#\\\/schema\\\/person\\\/d865044e22e70a75174ce8bcad3acfb3\"},\"headline\":\"Attribution de locaux commerciaux\u00a0: L\u2019OPGI et l\u2019Aadl au secours des porteurs de projets\",\"datePublished\":\"2023-03-26T21:05:00+00:00\",\"mainEntityOfPage\":{\"@id\":\"https:\\\/\\\/lasentinelle.dz\\\/index.php\\\/2023\\\/03\\\/26\\\/attribution-de-locaux-commerciaux-lopgi-et-laadl-au-secours-des-porteurs-de-projets\\\/\"},\"wordCount\":414,\"commentCount\":0,\"publisher\":{\"@id\":\"https:\\\/\\\/lasentinelle.dz\\\/#organization\"},\"image\":{\"@id\":\"https:\\\/\\\/lasentinelle.dz\\\/index.php\\\/2023\\\/03\\\/26\\\/attribution-de-locaux-commerciaux-lopgi-et-laadl-au-secours-des-porteurs-de-projets\\\/#primaryimage\"},\"thumbnailUrl\":\"https:\\\/\\\/lasentinelle.dz\\\/wp-content\\\/uploads\\\/2023\\\/03\\\/image_2023-03-26_182356040.png\",\"articleSection\":[\"\u00c9conomie\"],\"inLanguage\":\"fr-FR\",\"potentialAction\":[{\"@type\":\"CommentAction\",\"name\":\"Comment\",\"target\":[\"https:\\\/\\\/lasentinelle.dz\\\/index.php\\\/2023\\\/03\\\/26\\\/attribution-de-locaux-commerciaux-lopgi-et-laadl-au-secours-des-porteurs-de-projets\\\/#respond\"]}]},{\"@type\":\"WebPage\",\"@id\":\"https:\\\/\\\/lasentinelle.dz\\\/index.php\\\/2023\\\/03\\\/26\\\/attribution-de-locaux-commerciaux-lopgi-et-laadl-au-secours-des-porteurs-de-projets\\\/\",\"url\":\"https:\\\/\\\/lasentinelle.dz\\\/index.php\\\/2023\\\/03\\\/26\\\/attribution-de-locaux-commerciaux-lopgi-et-laadl-au-secours-des-porteurs-de-projets\\\/\",\"name\":\"Attribution de locaux commerciaux\u00a0: L\u2019OPGI et l\u2019Aadl au secours des porteurs de projets - La Sentinelle\",\"isPartOf\":{\"@id\":\"https:\\\/\\\/lasentinelle.dz\\\/#website\"},\"primaryImageOfPage\":{\"@id\":\"https:\\\/\\\/lasentinelle.dz\\\/index.php\\\/2023\\\/03\\\/26\\\/attribution-de-locaux-commerciaux-lopgi-et-laadl-au-secours-des-porteurs-de-projets\\\/#primaryimage\"},\"image\":{\"@id\":\"https:\\\/\\\/lasentinelle.dz\\\/index.php\\\/2023\\\/03\\\/26\\\/attribution-de-locaux-commerciaux-lopgi-et-laadl-au-secours-des-porteurs-de-projets\\\/#primaryimage\"},\"thumbnailUrl\":\"https:\\\/\\\/lasentinelle.dz\\\/wp-content\\\/uploads\\\/2023\\\/03\\\/image_2023-03-26_182356040.png\",\"datePublished\":\"2023-03-26T21:05:00+00:00\",\"breadcrumb\":{\"@id\":\"https:\\\/\\\/lasentinelle.dz\\\/index.php\\\/2023\\\/03\\\/26\\\/attribution-de-locaux-commerciaux-lopgi-et-laadl-au-secours-des-porteurs-de-projets\\\/#breadcrumb\"},\"inLanguage\":\"fr-FR\",\"potentialAction\":[{\"@type\":\"ReadAction\",\"target\":[\"https:\\\/\\\/lasentinelle.dz\\\/index.php\\\/2023\\\/03\\\/26\\\/attribution-de-locaux-commerciaux-lopgi-et-laadl-au-secours-des-porteurs-de-projets\\\/\"]}]},{\"@type\":\"ImageObject\",\"inLanguage\":\"fr-FR\",\"@id\":\"https:\\\/\\\/lasentinelle.dz\\\/index.php\\\/2023\\\/03\\\/26\\\/attribution-de-locaux-commerciaux-lopgi-et-laadl-au-secours-des-porteurs-de-projets\\\/#primaryimage\",\"url\":\"https:\\\/\\\/lasentinelle.dz\\\/wp-content\\\/uploads\\\/2023\\\/03\\\/image_2023-03-26_182356040.png\",\"contentUrl\":\"https:\\\/\\\/lasentinelle.dz\\\/wp-content\\\/uploads\\\/2023\\\/03\\\/image_2023-03-26_182356040.png\",\"width\":500,\"height\":375},{\"@type\":\"BreadcrumbList\",\"@id\":\"https:\\\/\\\/lasentinelle.dz\\\/index.php\\\/2023\\\/03\\\/26\\\/attribution-de-locaux-commerciaux-lopgi-et-laadl-au-secours-des-porteurs-de-projets\\\/#breadcrumb\",\"itemListElement\":[{\"@type\":\"ListItem\",\"position\":1,\"name\":\"Accueil\",\"item\":\"https:\\\/\\\/lasentinelle.dz\\\/\"},{\"@type\":\"ListItem\",\"position\":2,\"name\":\"Attribution de locaux commerciaux\u00a0: L\u2019OPGI et l\u2019Aadl au secours des porteurs de projets\"}]},{\"@type\":\"WebSite\",\"@id\":\"https:\\\/\\\/lasentinelle.dz\\\/#website\",\"url\":\"https:\\\/\\\/lasentinelle.dz\\\/\",\"name\":\"La Sentinelle\",\"description\":\"Quotidien national d&#039;information\",\"publisher\":{\"@id\":\"https:\\\/\\\/lasentinelle.dz\\\/#organization\"},\"potentialAction\":[{\"@type\":\"SearchAction\",\"target\":{\"@type\":\"EntryPoint\",\"urlTemplate\":\"https:\\\/\\\/lasentinelle.dz\\\/?s={search_term_string}\"},\"query-input\":{\"@type\":\"PropertyValueSpecification\",\"valueRequired\":true,\"valueName\":\"search_term_string\"}}],\"inLanguage\":\"fr-FR\"},{\"@type\":\"Organization\",\"@id\":\"https:\\\/\\\/lasentinelle.dz\\\/#organization\",\"name\":\"Quotidien La Sentinelle\",\"url\":\"https:\\\/\\\/lasentinelle.dz\\\/\",\"logo\":{\"@type\":\"ImageObject\",\"inLanguage\":\"fr-FR\",\"@id\":\"https:\\\/\\\/lasentinelle.dz\\\/#\\\/schema\\\/logo\\\/image\\\/\",\"url\":\"https:\\\/\\\/lasentinelle.dz\\\/wp-content\\\/uploads\\\/2021\\\/09\\\/logo-sentinelleSLOGAN-1.png\",\"contentUrl\":\"https:\\\/\\\/lasentinelle.dz\\\/wp-content\\\/uploads\\\/2021\\\/09\\\/logo-sentinelleSLOGAN-1.png\",\"width\":615,\"height\":142,\"caption\":\"Quotidien La Sentinelle\"},\"image\":{\"@id\":\"https:\\\/\\\/lasentinelle.dz\\\/#\\\/schema\\\/logo\\\/image\\\/\"},\"sameAs\":[\"https:\\\/\\\/www.facebook.com\\\/La-Sentinelle-104059864394773\"]},{\"@type\":\"Person\",\"@id\":\"https:\\\/\\\/lasentinelle.dz\\\/#\\\/schema\\\/person\\\/d865044e22e70a75174ce8bcad3acfb3\",\"name\":\"La Sentinelle\",\"image\":{\"@type\":\"ImageObject\",\"inLanguage\":\"fr-FR\",\"@id\":\"https:\\\/\\\/secure.gravatar.com\\\/avatar\\\/57de8e5d4b15d43fb361a71fbb36338450fe67865b528a43dd10ef7c51a20392?s=96&d=mm&r=g\",\"url\":\"https:\\\/\\\/secure.gravatar.com\\\/avatar\\\/57de8e5d4b15d43fb361a71fbb36338450fe67865b528a43dd10ef7c51a20392?s=96&d=mm&r=g\",\"contentUrl\":\"https:\\\/\\\/secure.gravatar.com\\\/avatar\\\/57de8e5d4b15d43fb361a71fbb36338450fe67865b528a43dd10ef7c51a20392?s=96&d=mm&r=g\",\"caption\":\"La Sentinelle\"},\"sameAs\":[\"http:\\\/\\\/www.lasentinelle.dz\"],\"url\":\"https:\\\/\\\/lasentinelle.dz\\\/author\\\/redaction\\\/\"}]}<\/script>\n<!-- \/ Yoast SEO plugin. -->","yoast_head_json":{"title":"Attribution de locaux commerciaux\u00a0: L\u2019OPGI et l\u2019Aadl au secours des porteurs de projets - La Sentinelle","robots":{"index":"index","follow":"follow","max-snippet":"max-snippet:-1","max-image-preview":"max-image-preview:large","max-video-preview":"max-video-preview:-1"},"canonical":"https:\/\/lasentinelle.dz\/index.php\/2023\/03\/26\/attribution-de-locaux-commerciaux-lopgi-et-laadl-au-secours-des-porteurs-de-projets\/","og_locale":"fr_FR","og_type":"article","og_title":"Attribution de locaux commerciaux\u00a0: L\u2019OPGI et l\u2019Aadl au secours des porteurs de projets - La Sentinelle","og_description":"Des locaux commerciaux de l\u2019OPGI et de l\u2019AADL seront destin\u00e9s aux b\u00e9n\u00e9ficiaires des dispositifs d\u2019aide \u00e0 l\u2019entrepreneuriat. Une op\u00e9ration de","og_url":"https:\/\/lasentinelle.dz\/index.php\/2023\/03\/26\/attribution-de-locaux-commerciaux-lopgi-et-laadl-au-secours-des-porteurs-de-projets\/","og_site_name":"La Sentinelle","article_publisher":"https:\/\/www.facebook.com\/La-Sentinelle-104059864394773","article_published_time":"2023-03-26T21:05:00+00:00","og_image":[{"width":500,"height":375,"url":"https:\/\/lasentinelle.dz\/wp-content\/uploads\/2023\/03\/image_2023-03-26_182356040.png","type":"image\/png"}],"author":"La Sentinelle","twitter_card":"summary_large_image","twitter_misc":{"\u00c9crit par":"La Sentinelle","Dur\u00e9e de lecture estim\u00e9e":"2 minutes"},"schema":{"@context":"https:\/\/schema.org","@graph":[{"@type":"Article","@id":"https:\/\/lasentinelle.dz\/index.php\/2023\/03\/26\/attribution-de-locaux-commerciaux-lopgi-et-laadl-au-secours-des-porteurs-de-projets\/#article","isPartOf":{"@id":"https:\/\/lasentinelle.dz\/index.php\/2023\/03\/26\/attribution-de-locaux-commerciaux-lopgi-et-laadl-au-secours-des-porteurs-de-projets\/"},"author":{"name":"La Sentinelle","@id":"https:\/\/lasentinelle.dz\/#\/schema\/person\/d865044e22e70a75174ce8bcad3acfb3"},"headline":"Attribution de locaux commerciaux\u00a0: L\u2019OPGI et l\u2019Aadl au secours des porteurs de projets","datePublished":"2023-03-26T21:05:00+00:00","mainEntityOfPage":{"@id":"https:\/\/lasentinelle.dz\/index.php\/2023\/03\/26\/attribution-de-locaux-commerciaux-lopgi-et-laadl-au-secours-des-porteurs-de-projets\/"},"wordCount":414,"commentCount":0,"publisher":{"@id":"https:\/\/lasentinelle.dz\/#organization"},"image":{"@id":"https:\/\/lasentinelle.dz\/index.php\/2023\/03\/26\/attribution-de-locaux-commerciaux-lopgi-et-laadl-au-secours-des-porteurs-de-projets\/#primaryimage"},"thumbnailUrl":"https:\/\/lasentinelle.dz\/wp-content\/uploads\/2023\/03\/image_2023-03-26_182356040.png","articleSection":["\u00c9conomie"],"inLanguage":"fr-FR","potentialAction":[{"@type":"CommentAction","name":"Comment","target":["https:\/\/lasentinelle.dz\/index.php\/2023\/03\/26\/attribution-de-locaux-commerciaux-lopgi-et-laadl-au-secours-des-porteurs-de-projets\/#respond"]}]},{"@type":"WebPage","@id":"https:\/\/lasentinelle.dz\/index.php\/2023\/03\/26\/attribution-de-locaux-commerciaux-lopgi-et-laadl-au-secours-des-porteurs-de-projets\/","url":"https:\/\/lasentinelle.dz\/index.php\/2023\/03\/26\/attribution-de-locaux-commerciaux-lopgi-et-laadl-au-secours-des-porteurs-de-projets\/","name":"Attribution de locaux commerciaux\u00a0: L\u2019OPGI et l\u2019Aadl au secours des porteurs de projets - La Sentinelle","isPartOf":{"@id":"https:\/\/lasentinelle.dz\/#website"},"primaryImageOfPage":{"@id":"https:\/\/lasentinelle.dz\/index.php\/2023\/03\/26\/attribution-de-locaux-commerciaux-lopgi-et-laadl-au-secours-des-porteurs-de-projets\/#primaryimage"},"image":{"@id":"https:\/\/lasentinelle.dz\/index.php\/2023\/03\/26\/attribution-de-locaux-commerciaux-lopgi-et-laadl-au-secours-des-porteurs-de-projets\/#primaryimage"},"thumbnailUrl":"https:\/\/lasentinelle.dz\/wp-content\/uploads\/2023\/03\/image_2023-03-26_182356040.png","datePublished":"2023-03-26T21:05:00+00:00","breadcrumb":{"@id":"https:\/\/lasentinelle.dz\/index.php\/2023\/03\/26\/attribution-de-locaux-commerciaux-lopgi-et-laadl-au-secours-des-porteurs-de-projets\/#breadcrumb"},"inLanguage":"fr-FR","potentialAction":[{"@type":"ReadAction","target":["https:\/\/lasentinelle.dz\/index.php\/2023\/03\/26\/attribution-de-locaux-commerciaux-lopgi-et-laadl-au-secours-des-porteurs-de-projets\/"]}]},{"@type":"ImageObject","inLanguage":"fr-FR","@id":"https:\/\/lasentinelle.dz\/index.php\/2023\/03\/26\/attribution-de-locaux-commerciaux-lopgi-et-laadl-au-secours-des-porteurs-de-projets\/#primaryimage","url":"https:\/\/lasentinelle.dz\/wp-content\/uploads\/2023\/03\/image_2023-03-26_182356040.png","contentUrl":"https:\/\/lasentinelle.dz\/wp-content\/uploads\/2023\/03\/image_2023-03-26_182356040.png","width":500,"height":375},{"@type":"BreadcrumbList","@id":"https:\/\/lasentinelle.dz\/index.php\/2023\/03\/26\/attribution-de-locaux-commerciaux-lopgi-et-laadl-au-secours-des-porteurs-de-projets\/#breadcrumb","itemListElement":[{"@type":"ListItem","position":1,"name":"Accueil","item":"https:\/\/lasentinelle.dz\/"},{"@type":"ListItem","position":2,"name":"Attribution de locaux commerciaux\u00a0: L\u2019OPGI et l\u2019Aadl au secours des porteurs de projets"}]},{"@type":"WebSite","@id":"https:\/\/lasentinelle.dz\/#website","url":"https:\/\/lasentinelle.dz\/","name":"La Sentinelle","description":"Quotidien national d&#039;information","publisher":{"@id":"https:\/\/lasentinelle.dz\/#organization"},"potentialAction":[{"@type":"SearchAction","target":{"@type":"EntryPoint","urlTemplate":"https:\/\/lasentinelle.dz\/?s={search_term_string}"},"query-input":{"@type":"PropertyValueSpecification","valueRequired":true,"valueName":"search_term_string"}}],"inLanguage":"fr-FR"},{"@type":"Organization","@id":"https:\/\/lasentinelle.dz\/#organization","name":"Quotidien La Sentinelle","url":"https:\/\/lasentinelle.dz\/","logo":{"@type":"ImageObject","inLanguage":"fr-FR","@id":"https:\/\/lasentinelle.dz\/#\/schema\/logo\/image\/","url":"https:\/\/lasentinelle.dz\/wp-content\/uploads\/2021\/09\/logo-sentinelleSLOGAN-1.png","contentUrl":"https:\/\/lasentinelle.dz\/wp-content\/uploads\/2021\/09\/logo-sentinelleSLOGAN-1.png","width":615,"height":142,"caption":"Quotidien La Sentinelle"},"image":{"@id":"https:\/\/lasentinelle.dz\/#\/schema\/logo\/image\/"},"sameAs":["https:\/\/www.facebook.com\/La-Sentinelle-104059864394773"]},{"@type":"Person","@id":"https:\/\/lasentinelle.dz\/#\/schema\/person\/d865044e22e70a75174ce8bcad3acfb3","name":"La Sentinelle","image":{"@type":"ImageObject","inLanguage":"fr-FR","@id":"https:\/\/secure.gravatar.com\/avatar\/57de8e5d4b15d43fb361a71fbb36338450fe67865b528a43dd10ef7c51a20392?s=96&d=mm&r=g","url":"https:\/\/secure.gravatar.com\/avatar\/57de8e5d4b15d43fb361a71fbb36338450fe67865b528a43dd10ef7c51a20392?s=96&d=mm&r=g","contentUrl":"https:\/\/secure.gravatar.com\/avatar\/57de8e5d4b15d43fb361a71fbb36338450fe67865b528a43dd10ef7c51a20392?s=96&d=mm&r=g","caption":"La Sentinelle"},"sameAs":["http:\/\/www.lasentinelle.dz"],"url":"https:\/\/lasentinelle.dz\/author\/redaction\/"}]}},"_links":{"self":[{"href":"https:\/\/lasentinelle.dz\/index.php\/wp-json\/wp\/v2\/posts\/38498","targetHints":{"allow":["GET"]}}],"collection":[{"href":"https:\/\/lasentinelle.dz\/index.php\/wp-json\/wp\/v2\/posts"}],"about":[{"href":"https:\/\/lasentinelle.dz\/index.php\/wp-json\/wp\/v2\/types\/post"}],"author":[{"embeddable":true,"href":"https:\/\/lasentinelle.dz\/index.php\/wp-json\/wp\/v2\/users\/3"}],"replies":[{"embeddable":true,"href":"https:\/\/lasentinelle.dz\/index.php\/wp-json\/wp\/v2\/comments?post=38498"}],"version-history":[{"count":1,"href":"https:\/\/lasentinelle.dz\/index.php\/wp-json\/wp\/v2\/posts\/38498\/revisions"}],"predecessor-version":[{"id":38511,"href":"https:\/\/lasentinelle.dz\/index.php\/wp-json\/wp\/v2\/posts\/38498\/revisions\/38511"}],"wp:featuredmedia":[{"embeddable":true,"href":"https:\/\/lasentinelle.dz\/index.php\/wp-json\/wp\/v2\/media\/38508"}],"wp:attachment":[{"href":"https:\/\/lasentinelle.dz\/index.php\/wp-json\/wp\/v2\/media?parent=38498"}],"wp:term":[{"taxonomy":"category","embeddable":true,"href":"https:\/\/lasentinelle.dz\/index.php\/wp-json\/wp\/v2\/categories?post=38498"},{"taxonomy":"post_tag","embeddable":true,"href":"https:\/\/lasentinelle.dz\/index.php\/wp-json\/wp\/v2\/tags?post=38498"}],"curies":[{"name":"wp","href":"https:\/\/api.w.org\/{rel}","templated":true}]}}