{"id":3852,"date":"2021-08-10T14:29:50","date_gmt":"2021-08-10T13:29:50","guid":{"rendered":"https:\/\/lasentinelle.dz\/?p=3852"},"modified":"2021-08-10T14:29:51","modified_gmt":"2021-08-10T13:29:51","slug":"octroi-du-statut-dobservateur-a-lentite-sioniste-au-sein-de-lunion-africaine-les-mises-en-garde-de-ramtane-lamamra","status":"publish","type":"post","link":"https:\/\/lasentinelle.dz\/index.php\/2021\/08\/10\/octroi-du-statut-dobservateur-a-lentite-sioniste-au-sein-de-lunion-africaine-les-mises-en-garde-de-ramtane-lamamra\/","title":{"rendered":"Octroi du statut d\u2019observateur \u00e0 l\u2019entit\u00e9 sioniste au sein de l\u2019Union Africaine : Les mises en garde de Ramtane Lamamra"},"content":{"rendered":"\n<p>Le ministre des Affaires \u00e9trang\u00e8res et de la Communaut\u00e9 nationale \u00e0 l\u2019\u00e9tranger,RamtaneLamamra, met en garde contre l\u2019int\u00e9gration de l\u2019entit\u00e9 sioniste&nbsp; en tant qu\u2019observateur au sein de l\u2019Union africaine.&nbsp; Le chef de la diplomatie alg\u00e9rienne qui a r\u00e9cemment men\u00e9 une offensive diplomatique d\u2019envergure, pour s\u2019opposer \u00e0 la r\u00e9cente d\u00e9cision unilat\u00e9rale du pr\u00e9sident de la commission de l\u2019UA, Moussa Faki, met ce dernier devant ses responsabilit\u00e9s et avertit contre les risques de divisions au sein de l\u2019organisation panafricaine, d\u2019autant que Faki persiste et veut justifier une d\u00e9cision prise sans consulter au pr\u00e9alable les membres de l\u2019Union africaine.<\/p>\n\n\n\n<p>Le pr\u00e9sident de la Commission de l\u2019UA, Moussa Faki Mahamat, avait affirm\u00e9 avant-hier dans une d\u00e9claration relay\u00e9e par les m\u00e9dias, \u00ab que la d\u00e9cision d\u2019octroi de statut de membre observateur \u00e0 Isra\u00ebl, rejet\u00e9e par l\u2019Alg\u00e9rie et d\u2019autres pays membres, rel\u00e8ve de mes pr\u00e9rogatives \u00bb.<\/p>\n\n\n\n<p>Une affirmation qui a fait r\u00e9agir Ramtane Lamamra. Dans une d\u00e9claration au quotidien arabophone El Fadjr, le ministre des Affaires \u00e9trang\u00e8res et de la Communaut\u00e9 nationale \u00e0 l\u2019\u00e9tranger a indiqu\u00e9 que \u00ab la d\u00e9claration de Moussa Fakiest une tentative d\u2019auto-d\u00e9fense, qui ne prend pas en compte les cons\u00e9quences qui peuvent en d\u00e9couler \u00bb. Il lance un avertissement en indiquant que \u00ab ces positions peuvent mener \u00e0 l\u2019\u00e9clatement de l\u2019Union africaine \u00bb. Il affirmera toutefois que les d\u00e9clarations de Moussa Saki \u00ab n\u2019influent en rien les positions des repr\u00e9sentations diplomatiques oppos\u00e9es \u00e0 cette d\u00e9cision \u00bb.<\/p>\n\n\n\n<p>Le chef de la diplomatie alg\u00e9rienne indique que ces repr\u00e9sentations diplomatiques oppos\u00e9es \u00e0 l\u2019octroi de statut d\u2019observateur&nbsp; au sein de l\u2019UA \u00e0 l\u2019entit\u00e9 sioniste, \u00ab poursuivront&nbsp; leur travail en vue de coordonner leur position et initiatives pour aboutir au r\u00e9sultat escompt\u00e9 \u00bb.<\/p>\n\n\n\n<p>Pour rappel, l\u2019ambassade alg\u00e9rienne \u00e0 Addis-Abeba,&nbsp; o\u00f9 se situe le si\u00e8ge de l\u2019UA, avait envoy\u00e9 mardi pass\u00e9 une note \u00e0 la Commission de paix et de s\u00e9curit\u00e9 (CPS)&nbsp; de cette organisation continentale \u00e0 travers laquelle elle a exprim\u00e9 son opposition \u00e0 l\u2019octroi \u00e0 l\u2019entit\u00e9 sioniste ce statut d\u2019observateur au sein de l\u2019UA.<\/p>\n\n\n\n<p>Une note que partage \u00e9galement sept pays membres dont l\u2019Egypte, les Iles Comores, l\u2019Ile Maurice, la Mauritanie, la Libye, Djibouti et&nbsp; la Tunisie, ainsi que l\u2019Afrique du sud et la Namibie&nbsp; qui \u00e0 travers leurs repr\u00e9sentations diplomatiques qui&nbsp; avaient \u00e9galement exprim\u00e9 leur opposition \u00e0 l\u2019\u00e9gard de l\u2019int\u00e9gration de l\u2019entit\u00e9 sioniste comme membre observateur de l\u2019instance africaine&nbsp; qui est selon les pays contestataires contraire aux principes et aux objectifs qu\u2019ainsi \u00e0 l\u2019Acte constitutif&nbsp; de l\u2019UA, exigeant l\u2019inscription de ce point \u00e0 l\u2019ordre du jour de la r\u00e9union&nbsp; du&nbsp; Conseil ex\u00e9cutif de ladite organisation continentale.<\/p>\n\n\n\n<p>Dans un communiqu\u00e9 de la Commission de l\u2019organisation panafricaine, cette d\u00e9cision prise par Moussa Faki, octroyant le statut d\u2019observateur \u00e0 l\u2019entit\u00e9 sioniste, sera inscrite \u00e0 l\u2019ordre du jour du prochain&nbsp; Conseil ex\u00e9cutif de l\u2019UA.\u00ab M Moussa Faki Mahamat, a affich\u00e9 son intention d\u2019inscrire \u00e0 l\u2019ordre du jour du prochain conseil ex\u00e9cutif de l\u2019UA, les r\u00e9serves exprim\u00e9es par plusieurs Etats membres de l\u2019Union Africaine \u00e0 cette d\u00e9cision \u00bb, est-il indiqu\u00e9 dans ce communiqu\u00e9 de la Commission de l\u2019UA.<\/p>\n\n\n\n<p>Pour rappel, les sept pays oppos\u00e9s \u00e0 cette d\u00e9cision avaient indiqu\u00e9 \u00e0 travers une note envoy\u00e9e \u00e0 la dite commission que \u00ab nous souhaitons aviser cette Commission de notre opposition \u00e0 la d\u00e9cision sensible de son pr\u00e9sident d\u2019ordre politique, \u00e0 savoir l\u2019octroi du statut d\u2019observateur aupr\u00e8s de l\u2019UA \u00e0 Isra\u00ebl \u00bb.<\/p>\n\n\n\n<p>Dans cette note verbale, il est \u00e9galement mentionn\u00e9 que \u00ab les d\u00e9cisions de l\u2019UA, depuis longtemps claires, ont exprim\u00e9 leur position en faveur de la cause palestinienne et en d\u00e9faveur de toute formes de pratiques Isra\u00e9liennes \u00e0 l\u2019encontre du peuple palestinien fr\u00e8re et contraire m\u00eame \u00e0 l\u2019int\u00e9r\u00eat supr\u00eame, aux valeurs, id\u00e9aux et d\u00e9cisions de l\u2019organisation panafricaine \u00bb.Ces sept pays se sont dits inquiets des d\u00e9marches \u00e9galement \u00ab contraires aux pr\u00e9occupations des pays membres, des crit\u00e8res d\u2019octroi du statut d\u2019observateur et du syst\u00e8me d\u2019accr\u00e9ditation au sein de l\u2019UA adopt\u00e9s par le Conseil ex\u00e9cutif en juillet 2005 \u00bb.<\/p>\n\n\n\n<p>Notons que l\u2019Alg\u00e9rie avait vite r\u00e9agi \u00e0 la d\u00e9marche de ladite Commission affirmant que \u00ab cette d\u00e9cision&nbsp; prise sans le b\u00e9n\u00e9fice de larges consultations pr\u00e9alables avec tous les Etas membres, n\u2019a ni la vocation, ni la capacit\u00e9 de l\u00e9gitimer des pratiques et comportement dudit nouvel observateur qui sont totalement incompatibles avec les valeurs, principes et objectifs consacr\u00e9s dans l\u2019Acte constitutif de l\u2019Union africaine \u00bb.<\/p>\n\n\n\n<p>Pour sa part, la RASD&nbsp; (R\u00e9publique du Sahara occidental \u00bb consid\u00e8re la d\u00e9cision prise par ladite Commission comme un acte \u00ab qui a totalement ignor\u00e9 l\u2019int\u00e9r\u00eat supr\u00eame de l\u2019Organisation africaine et des avis et des pr\u00e9occupations connues des Etats membres \u00bb soulignant d\u2019aborder cette question comme priorit\u00e9 au vu de ses r\u00e9percussions politiques et&nbsp; juridiques \u00e0 long terme pour l\u2019UA, ses politiques et positions sur les questions r\u00e9gionales et internationales.Dans son communiqu\u00e9 la RASD avait soulign\u00e9 que cette d\u00e9cision \u00ab intervient \u00e0 l\u2019image de l\u2019opposition de plusieurs Etats membres, sachant que l\u2019UA avait pr\u00e9c\u00e9demment examin\u00e9 la demande d\u2019adh\u00e9sion d\u2019Isra\u00ebl en tant que membre observateur \u00e0 l\u2019UA, une demande qui a \u00e9t\u00e9 rejet\u00e9e en 2013 et en 2016 \u00bb.<\/p>\n\n\n\n<p>Boubekeur Amrani&nbsp;<\/p>\n","protected":false},"excerpt":{"rendered":"<p>Le ministre des Affaires \u00e9trang\u00e8res et de la Communaut\u00e9 nationale \u00e0 l\u2019\u00e9tranger,RamtaneLamamra, met en garde contre l\u2019int\u00e9gration de l\u2019entit\u00e9 sioniste&nbsp;<\/p>\n","protected":false},"author":3,"featured_media":3295,"comment_status":"open","ping_status":"closed","sticky":false,"template":"","format":"standard","meta":{"colormag_page_container_layout":"default_layout","colormag_page_sidebar_layout":"default_layout","om_disable_all_campaigns":false,"_monsterinsights_skip_tracking":false,"_monsterinsights_sitenote_active":false,"_monsterinsights_sitenote_note":"","_monsterinsights_sitenote_category":0,"footnotes":"","_wpscppro_dont_share_socialmedia":false,"_wpscppro_custom_social_share_image":0,"_facebook_share_type":"","_twitter_share_type":"","_linkedin_share_type":"","_pinterest_share_type":"","_linkedin_share_type_page":"","_instagram_share_type":"","_medium_share_type":"","_threads_share_type":"","_google_business_share_type":"","_selected_social_profile":[],"_wpsp_enable_custom_social_template":false,"_wpsp_social_scheduling":{"enabled":false,"datetime":null,"platforms":[],"status":"template_only","dateOption":"today","timeOption":"now","customDays":"","customHours":"","customDate":"","customTime":"","schedulingType":"absolute"},"_wpsp_active_default_template":true},"categories":[52,27],"tags":[],"class_list":["post-3852","post","type-post","status-publish","format-standard","has-post-thumbnail","hentry","category-a-la-une","category-actualite"],"aioseo_notices":[],"yoast_head":"<!-- This site is optimized with the Yoast SEO plugin v27.5 - https:\/\/yoast.com\/product\/yoast-seo-wordpress\/ -->\n<title>Octroi du statut d\u2019observateur \u00e0 l\u2019entit\u00e9 sioniste au sein de l\u2019Union Africaine : Les mises en garde de Ramtane Lamamra - La Sentinelle<\/title>\n<meta name=\"robots\" content=\"index, follow, max-snippet:-1, max-image-preview:large, max-video-preview:-1\" \/>\n<link rel=\"canonical\" href=\"https:\/\/lasentinelle.dz\/index.php\/2021\/08\/10\/octroi-du-statut-dobservateur-a-lentite-sioniste-au-sein-de-lunion-africaine-les-mises-en-garde-de-ramtane-lamamra\/\" \/>\n<meta property=\"og:locale\" content=\"fr_FR\" \/>\n<meta property=\"og:type\" content=\"article\" \/>\n<meta property=\"og:title\" content=\"Octroi du statut d\u2019observateur \u00e0 l\u2019entit\u00e9 sioniste au sein de l\u2019Union Africaine : Les mises en garde de Ramtane Lamamra - La Sentinelle\" \/>\n<meta property=\"og:description\" content=\"Le ministre des Affaires \u00e9trang\u00e8res et de la Communaut\u00e9 nationale \u00e0 l\u2019\u00e9tranger,RamtaneLamamra, met en garde contre l\u2019int\u00e9gration de l\u2019entit\u00e9 sioniste&nbsp;\" \/>\n<meta property=\"og:url\" content=\"https:\/\/lasentinelle.dz\/index.php\/2021\/08\/10\/octroi-du-statut-dobservateur-a-lentite-sioniste-au-sein-de-lunion-africaine-les-mises-en-garde-de-ramtane-lamamra\/\" \/>\n<meta property=\"og:site_name\" content=\"La Sentinelle\" \/>\n<meta property=\"article:publisher\" content=\"https:\/\/www.facebook.com\/La-Sentinelle-104059864394773\" \/>\n<meta property=\"article:published_time\" content=\"2021-08-10T13:29:50+00:00\" \/>\n<meta property=\"article:modified_time\" content=\"2021-08-10T13:29:51+00:00\" \/>\n<meta property=\"og:image\" content=\"https:\/\/lasentinelle.dz\/wp-content\/uploads\/2021\/08\/lammamra.png\" \/>\n\t<meta property=\"og:image:width\" content=\"1543\" \/>\n\t<meta property=\"og:image:height\" content=\"900\" \/>\n\t<meta property=\"og:image:type\" content=\"image\/png\" \/>\n<meta name=\"author\" content=\"La Sentinelle\" \/>\n<meta name=\"twitter:card\" content=\"summary_large_image\" \/>\n<meta name=\"twitter:label1\" content=\"\u00c9crit par\" \/>\n\t<meta name=\"twitter:data1\" content=\"La Sentinelle\" \/>\n\t<meta name=\"twitter:label2\" content=\"Dur\u00e9e de lecture estim\u00e9e\" \/>\n\t<meta name=\"twitter:data2\" content=\"4 minutes\" \/>\n<script type=\"application\/ld+json\" class=\"yoast-schema-graph\">{\"@context\":\"https:\\\/\\\/schema.org\",\"@graph\":[{\"@type\":\"Article\",\"@id\":\"https:\\\/\\\/lasentinelle.dz\\\/index.php\\\/2021\\\/08\\\/10\\\/octroi-du-statut-dobservateur-a-lentite-sioniste-au-sein-de-lunion-africaine-les-mises-en-garde-de-ramtane-lamamra\\\/#article\",\"isPartOf\":{\"@id\":\"https:\\\/\\\/lasentinelle.dz\\\/index.php\\\/2021\\\/08\\\/10\\\/octroi-du-statut-dobservateur-a-lentite-sioniste-au-sein-de-lunion-africaine-les-mises-en-garde-de-ramtane-lamamra\\\/\"},\"author\":{\"name\":\"La Sentinelle\",\"@id\":\"https:\\\/\\\/lasentinelle.dz\\\/#\\\/schema\\\/person\\\/d865044e22e70a75174ce8bcad3acfb3\"},\"headline\":\"Octroi du statut d\u2019observateur \u00e0 l\u2019entit\u00e9 sioniste au sein de l\u2019Union Africaine : Les mises en garde de Ramtane Lamamra\",\"datePublished\":\"2021-08-10T13:29:50+00:00\",\"dateModified\":\"2021-08-10T13:29:51+00:00\",\"mainEntityOfPage\":{\"@id\":\"https:\\\/\\\/lasentinelle.dz\\\/index.php\\\/2021\\\/08\\\/10\\\/octroi-du-statut-dobservateur-a-lentite-sioniste-au-sein-de-lunion-africaine-les-mises-en-garde-de-ramtane-lamamra\\\/\"},\"wordCount\":985,\"commentCount\":0,\"publisher\":{\"@id\":\"https:\\\/\\\/lasentinelle.dz\\\/#organization\"},\"image\":{\"@id\":\"https:\\\/\\\/lasentinelle.dz\\\/index.php\\\/2021\\\/08\\\/10\\\/octroi-du-statut-dobservateur-a-lentite-sioniste-au-sein-de-lunion-africaine-les-mises-en-garde-de-ramtane-lamamra\\\/#primaryimage\"},\"thumbnailUrl\":\"https:\\\/\\\/lasentinelle.dz\\\/wp-content\\\/uploads\\\/2021\\\/08\\\/lammamra.png\",\"articleSection\":[\"\u00c0 la Une\",\"Actualit\u00e9\"],\"inLanguage\":\"fr-FR\",\"potentialAction\":[{\"@type\":\"CommentAction\",\"name\":\"Comment\",\"target\":[\"https:\\\/\\\/lasentinelle.dz\\\/index.php\\\/2021\\\/08\\\/10\\\/octroi-du-statut-dobservateur-a-lentite-sioniste-au-sein-de-lunion-africaine-les-mises-en-garde-de-ramtane-lamamra\\\/#respond\"]}]},{\"@type\":\"WebPage\",\"@id\":\"https:\\\/\\\/lasentinelle.dz\\\/index.php\\\/2021\\\/08\\\/10\\\/octroi-du-statut-dobservateur-a-lentite-sioniste-au-sein-de-lunion-africaine-les-mises-en-garde-de-ramtane-lamamra\\\/\",\"url\":\"https:\\\/\\\/lasentinelle.dz\\\/index.php\\\/2021\\\/08\\\/10\\\/octroi-du-statut-dobservateur-a-lentite-sioniste-au-sein-de-lunion-africaine-les-mises-en-garde-de-ramtane-lamamra\\\/\",\"name\":\"Octroi du statut d\u2019observateur \u00e0 l\u2019entit\u00e9 sioniste au sein de l\u2019Union Africaine : Les mises en garde de Ramtane Lamamra - La Sentinelle\",\"isPartOf\":{\"@id\":\"https:\\\/\\\/lasentinelle.dz\\\/#website\"},\"primaryImageOfPage\":{\"@id\":\"https:\\\/\\\/lasentinelle.dz\\\/index.php\\\/2021\\\/08\\\/10\\\/octroi-du-statut-dobservateur-a-lentite-sioniste-au-sein-de-lunion-africaine-les-mises-en-garde-de-ramtane-lamamra\\\/#primaryimage\"},\"image\":{\"@id\":\"https:\\\/\\\/lasentinelle.dz\\\/index.php\\\/2021\\\/08\\\/10\\\/octroi-du-statut-dobservateur-a-lentite-sioniste-au-sein-de-lunion-africaine-les-mises-en-garde-de-ramtane-lamamra\\\/#primaryimage\"},\"thumbnailUrl\":\"https:\\\/\\\/lasentinelle.dz\\\/wp-content\\\/uploads\\\/2021\\\/08\\\/lammamra.png\",\"datePublished\":\"2021-08-10T13:29:50+00:00\",\"dateModified\":\"2021-08-10T13:29:51+00:00\",\"breadcrumb\":{\"@id\":\"https:\\\/\\\/lasentinelle.dz\\\/index.php\\\/2021\\\/08\\\/10\\\/octroi-du-statut-dobservateur-a-lentite-sioniste-au-sein-de-lunion-africaine-les-mises-en-garde-de-ramtane-lamamra\\\/#breadcrumb\"},\"inLanguage\":\"fr-FR\",\"potentialAction\":[{\"@type\":\"ReadAction\",\"target\":[\"https:\\\/\\\/lasentinelle.dz\\\/index.php\\\/2021\\\/08\\\/10\\\/octroi-du-statut-dobservateur-a-lentite-sioniste-au-sein-de-lunion-africaine-les-mises-en-garde-de-ramtane-lamamra\\\/\"]}]},{\"@type\":\"ImageObject\",\"inLanguage\":\"fr-FR\",\"@id\":\"https:\\\/\\\/lasentinelle.dz\\\/index.php\\\/2021\\\/08\\\/10\\\/octroi-du-statut-dobservateur-a-lentite-sioniste-au-sein-de-lunion-africaine-les-mises-en-garde-de-ramtane-lamamra\\\/#primaryimage\",\"url\":\"https:\\\/\\\/lasentinelle.dz\\\/wp-content\\\/uploads\\\/2021\\\/08\\\/lammamra.png\",\"contentUrl\":\"https:\\\/\\\/lasentinelle.dz\\\/wp-content\\\/uploads\\\/2021\\\/08\\\/lammamra.png\",\"width\":1543,\"height\":900},{\"@type\":\"BreadcrumbList\",\"@id\":\"https:\\\/\\\/lasentinelle.dz\\\/index.php\\\/2021\\\/08\\\/10\\\/octroi-du-statut-dobservateur-a-lentite-sioniste-au-sein-de-lunion-africaine-les-mises-en-garde-de-ramtane-lamamra\\\/#breadcrumb\",\"itemListElement\":[{\"@type\":\"ListItem\",\"position\":1,\"name\":\"Accueil\",\"item\":\"https:\\\/\\\/lasentinelle.dz\\\/\"},{\"@type\":\"ListItem\",\"position\":2,\"name\":\"Octroi du statut d\u2019observateur \u00e0 l\u2019entit\u00e9 sioniste au sein de l\u2019Union Africaine : Les mises en garde de Ramtane Lamamra\"}]},{\"@type\":\"WebSite\",\"@id\":\"https:\\\/\\\/lasentinelle.dz\\\/#website\",\"url\":\"https:\\\/\\\/lasentinelle.dz\\\/\",\"name\":\"La Sentinelle\",\"description\":\"Quotidien national d&#039;information\",\"publisher\":{\"@id\":\"https:\\\/\\\/lasentinelle.dz\\\/#organization\"},\"potentialAction\":[{\"@type\":\"SearchAction\",\"target\":{\"@type\":\"EntryPoint\",\"urlTemplate\":\"https:\\\/\\\/lasentinelle.dz\\\/?s={search_term_string}\"},\"query-input\":{\"@type\":\"PropertyValueSpecification\",\"valueRequired\":true,\"valueName\":\"search_term_string\"}}],\"inLanguage\":\"fr-FR\"},{\"@type\":\"Organization\",\"@id\":\"https:\\\/\\\/lasentinelle.dz\\\/#organization\",\"name\":\"Quotidien La Sentinelle\",\"url\":\"https:\\\/\\\/lasentinelle.dz\\\/\",\"logo\":{\"@type\":\"ImageObject\",\"inLanguage\":\"fr-FR\",\"@id\":\"https:\\\/\\\/lasentinelle.dz\\\/#\\\/schema\\\/logo\\\/image\\\/\",\"url\":\"https:\\\/\\\/lasentinelle.dz\\\/wp-content\\\/uploads\\\/2021\\\/09\\\/logo-sentinelleSLOGAN-1.png\",\"contentUrl\":\"https:\\\/\\\/lasentinelle.dz\\\/wp-content\\\/uploads\\\/2021\\\/09\\\/logo-sentinelleSLOGAN-1.png\",\"width\":615,\"height\":142,\"caption\":\"Quotidien La Sentinelle\"},\"image\":{\"@id\":\"https:\\\/\\\/lasentinelle.dz\\\/#\\\/schema\\\/logo\\\/image\\\/\"},\"sameAs\":[\"https:\\\/\\\/www.facebook.com\\\/La-Sentinelle-104059864394773\"]},{\"@type\":\"Person\",\"@id\":\"https:\\\/\\\/lasentinelle.dz\\\/#\\\/schema\\\/person\\\/d865044e22e70a75174ce8bcad3acfb3\",\"name\":\"La Sentinelle\",\"image\":{\"@type\":\"ImageObject\",\"inLanguage\":\"fr-FR\",\"@id\":\"https:\\\/\\\/secure.gravatar.com\\\/avatar\\\/57de8e5d4b15d43fb361a71fbb36338450fe67865b528a43dd10ef7c51a20392?s=96&d=mm&r=g\",\"url\":\"https:\\\/\\\/secure.gravatar.com\\\/avatar\\\/57de8e5d4b15d43fb361a71fbb36338450fe67865b528a43dd10ef7c51a20392?s=96&d=mm&r=g\",\"contentUrl\":\"https:\\\/\\\/secure.gravatar.com\\\/avatar\\\/57de8e5d4b15d43fb361a71fbb36338450fe67865b528a43dd10ef7c51a20392?s=96&d=mm&r=g\",\"caption\":\"La Sentinelle\"},\"sameAs\":[\"http:\\\/\\\/www.lasentinelle.dz\"],\"url\":\"https:\\\/\\\/lasentinelle.dz\\\/author\\\/redaction\\\/\"}]}<\/script>\n<!-- \/ Yoast SEO plugin. -->","yoast_head_json":{"title":"Octroi du statut d\u2019observateur \u00e0 l\u2019entit\u00e9 sioniste au sein de l\u2019Union Africaine : Les mises en garde de Ramtane Lamamra - La Sentinelle","robots":{"index":"index","follow":"follow","max-snippet":"max-snippet:-1","max-image-preview":"max-image-preview:large","max-video-preview":"max-video-preview:-1"},"canonical":"https:\/\/lasentinelle.dz\/index.php\/2021\/08\/10\/octroi-du-statut-dobservateur-a-lentite-sioniste-au-sein-de-lunion-africaine-les-mises-en-garde-de-ramtane-lamamra\/","og_locale":"fr_FR","og_type":"article","og_title":"Octroi du statut d\u2019observateur \u00e0 l\u2019entit\u00e9 sioniste au sein de l\u2019Union Africaine : Les mises en garde de Ramtane Lamamra - La Sentinelle","og_description":"Le ministre des Affaires \u00e9trang\u00e8res et de la Communaut\u00e9 nationale \u00e0 l\u2019\u00e9tranger,RamtaneLamamra, met en garde contre l\u2019int\u00e9gration de l\u2019entit\u00e9 sioniste&nbsp;","og_url":"https:\/\/lasentinelle.dz\/index.php\/2021\/08\/10\/octroi-du-statut-dobservateur-a-lentite-sioniste-au-sein-de-lunion-africaine-les-mises-en-garde-de-ramtane-lamamra\/","og_site_name":"La Sentinelle","article_publisher":"https:\/\/www.facebook.com\/La-Sentinelle-104059864394773","article_published_time":"2021-08-10T13:29:50+00:00","article_modified_time":"2021-08-10T13:29:51+00:00","og_image":[{"width":1543,"height":900,"url":"https:\/\/lasentinelle.dz\/wp-content\/uploads\/2021\/08\/lammamra.png","type":"image\/png"}],"author":"La Sentinelle","twitter_card":"summary_large_image","twitter_misc":{"\u00c9crit par":"La Sentinelle","Dur\u00e9e de lecture estim\u00e9e":"4 minutes"},"schema":{"@context":"https:\/\/schema.org","@graph":[{"@type":"Article","@id":"https:\/\/lasentinelle.dz\/index.php\/2021\/08\/10\/octroi-du-statut-dobservateur-a-lentite-sioniste-au-sein-de-lunion-africaine-les-mises-en-garde-de-ramtane-lamamra\/#article","isPartOf":{"@id":"https:\/\/lasentinelle.dz\/index.php\/2021\/08\/10\/octroi-du-statut-dobservateur-a-lentite-sioniste-au-sein-de-lunion-africaine-les-mises-en-garde-de-ramtane-lamamra\/"},"author":{"name":"La Sentinelle","@id":"https:\/\/lasentinelle.dz\/#\/schema\/person\/d865044e22e70a75174ce8bcad3acfb3"},"headline":"Octroi du statut d\u2019observateur \u00e0 l\u2019entit\u00e9 sioniste au sein de l\u2019Union Africaine : Les mises en garde de Ramtane Lamamra","datePublished":"2021-08-10T13:29:50+00:00","dateModified":"2021-08-10T13:29:51+00:00","mainEntityOfPage":{"@id":"https:\/\/lasentinelle.dz\/index.php\/2021\/08\/10\/octroi-du-statut-dobservateur-a-lentite-sioniste-au-sein-de-lunion-africaine-les-mises-en-garde-de-ramtane-lamamra\/"},"wordCount":985,"commentCount":0,"publisher":{"@id":"https:\/\/lasentinelle.dz\/#organization"},"image":{"@id":"https:\/\/lasentinelle.dz\/index.php\/2021\/08\/10\/octroi-du-statut-dobservateur-a-lentite-sioniste-au-sein-de-lunion-africaine-les-mises-en-garde-de-ramtane-lamamra\/#primaryimage"},"thumbnailUrl":"https:\/\/lasentinelle.dz\/wp-content\/uploads\/2021\/08\/lammamra.png","articleSection":["\u00c0 la Une","Actualit\u00e9"],"inLanguage":"fr-FR","potentialAction":[{"@type":"CommentAction","name":"Comment","target":["https:\/\/lasentinelle.dz\/index.php\/2021\/08\/10\/octroi-du-statut-dobservateur-a-lentite-sioniste-au-sein-de-lunion-africaine-les-mises-en-garde-de-ramtane-lamamra\/#respond"]}]},{"@type":"WebPage","@id":"https:\/\/lasentinelle.dz\/index.php\/2021\/08\/10\/octroi-du-statut-dobservateur-a-lentite-sioniste-au-sein-de-lunion-africaine-les-mises-en-garde-de-ramtane-lamamra\/","url":"https:\/\/lasentinelle.dz\/index.php\/2021\/08\/10\/octroi-du-statut-dobservateur-a-lentite-sioniste-au-sein-de-lunion-africaine-les-mises-en-garde-de-ramtane-lamamra\/","name":"Octroi du statut d\u2019observateur \u00e0 l\u2019entit\u00e9 sioniste au sein de l\u2019Union Africaine : Les mises en garde de Ramtane Lamamra - La Sentinelle","isPartOf":{"@id":"https:\/\/lasentinelle.dz\/#website"},"primaryImageOfPage":{"@id":"https:\/\/lasentinelle.dz\/index.php\/2021\/08\/10\/octroi-du-statut-dobservateur-a-lentite-sioniste-au-sein-de-lunion-africaine-les-mises-en-garde-de-ramtane-lamamra\/#primaryimage"},"image":{"@id":"https:\/\/lasentinelle.dz\/index.php\/2021\/08\/10\/octroi-du-statut-dobservateur-a-lentite-sioniste-au-sein-de-lunion-africaine-les-mises-en-garde-de-ramtane-lamamra\/#primaryimage"},"thumbnailUrl":"https:\/\/lasentinelle.dz\/wp-content\/uploads\/2021\/08\/lammamra.png","datePublished":"2021-08-10T13:29:50+00:00","dateModified":"2021-08-10T13:29:51+00:00","breadcrumb":{"@id":"https:\/\/lasentinelle.dz\/index.php\/2021\/08\/10\/octroi-du-statut-dobservateur-a-lentite-sioniste-au-sein-de-lunion-africaine-les-mises-en-garde-de-ramtane-lamamra\/#breadcrumb"},"inLanguage":"fr-FR","potentialAction":[{"@type":"ReadAction","target":["https:\/\/lasentinelle.dz\/index.php\/2021\/08\/10\/octroi-du-statut-dobservateur-a-lentite-sioniste-au-sein-de-lunion-africaine-les-mises-en-garde-de-ramtane-lamamra\/"]}]},{"@type":"ImageObject","inLanguage":"fr-FR","@id":"https:\/\/lasentinelle.dz\/index.php\/2021\/08\/10\/octroi-du-statut-dobservateur-a-lentite-sioniste-au-sein-de-lunion-africaine-les-mises-en-garde-de-ramtane-lamamra\/#primaryimage","url":"https:\/\/lasentinelle.dz\/wp-content\/uploads\/2021\/08\/lammamra.png","contentUrl":"https:\/\/lasentinelle.dz\/wp-content\/uploads\/2021\/08\/lammamra.png","width":1543,"height":900},{"@type":"BreadcrumbList","@id":"https:\/\/lasentinelle.dz\/index.php\/2021\/08\/10\/octroi-du-statut-dobservateur-a-lentite-sioniste-au-sein-de-lunion-africaine-les-mises-en-garde-de-ramtane-lamamra\/#breadcrumb","itemListElement":[{"@type":"ListItem","position":1,"name":"Accueil","item":"https:\/\/lasentinelle.dz\/"},{"@type":"ListItem","position":2,"name":"Octroi du statut d\u2019observateur \u00e0 l\u2019entit\u00e9 sioniste au sein de l\u2019Union Africaine : Les mises en garde de Ramtane Lamamra"}]},{"@type":"WebSite","@id":"https:\/\/lasentinelle.dz\/#website","url":"https:\/\/lasentinelle.dz\/","name":"La Sentinelle","description":"Quotidien national d&#039;information","publisher":{"@id":"https:\/\/lasentinelle.dz\/#organization"},"potentialAction":[{"@type":"SearchAction","target":{"@type":"EntryPoint","urlTemplate":"https:\/\/lasentinelle.dz\/?s={search_term_string}"},"query-input":{"@type":"PropertyValueSpecification","valueRequired":true,"valueName":"search_term_string"}}],"inLanguage":"fr-FR"},{"@type":"Organization","@id":"https:\/\/lasentinelle.dz\/#organization","name":"Quotidien La Sentinelle","url":"https:\/\/lasentinelle.dz\/","logo":{"@type":"ImageObject","inLanguage":"fr-FR","@id":"https:\/\/lasentinelle.dz\/#\/schema\/logo\/image\/","url":"https:\/\/lasentinelle.dz\/wp-content\/uploads\/2021\/09\/logo-sentinelleSLOGAN-1.png","contentUrl":"https:\/\/lasentinelle.dz\/wp-content\/uploads\/2021\/09\/logo-sentinelleSLOGAN-1.png","width":615,"height":142,"caption":"Quotidien La Sentinelle"},"image":{"@id":"https:\/\/lasentinelle.dz\/#\/schema\/logo\/image\/"},"sameAs":["https:\/\/www.facebook.com\/La-Sentinelle-104059864394773"]},{"@type":"Person","@id":"https:\/\/lasentinelle.dz\/#\/schema\/person\/d865044e22e70a75174ce8bcad3acfb3","name":"La Sentinelle","image":{"@type":"ImageObject","inLanguage":"fr-FR","@id":"https:\/\/secure.gravatar.com\/avatar\/57de8e5d4b15d43fb361a71fbb36338450fe67865b528a43dd10ef7c51a20392?s=96&d=mm&r=g","url":"https:\/\/secure.gravatar.com\/avatar\/57de8e5d4b15d43fb361a71fbb36338450fe67865b528a43dd10ef7c51a20392?s=96&d=mm&r=g","contentUrl":"https:\/\/secure.gravatar.com\/avatar\/57de8e5d4b15d43fb361a71fbb36338450fe67865b528a43dd10ef7c51a20392?s=96&d=mm&r=g","caption":"La Sentinelle"},"sameAs":["http:\/\/www.lasentinelle.dz"],"url":"https:\/\/lasentinelle.dz\/author\/redaction\/"}]}},"_links":{"self":[{"href":"https:\/\/lasentinelle.dz\/index.php\/wp-json\/wp\/v2\/posts\/3852","targetHints":{"allow":["GET"]}}],"collection":[{"href":"https:\/\/lasentinelle.dz\/index.php\/wp-json\/wp\/v2\/posts"}],"about":[{"href":"https:\/\/lasentinelle.dz\/index.php\/wp-json\/wp\/v2\/types\/post"}],"author":[{"embeddable":true,"href":"https:\/\/lasentinelle.dz\/index.php\/wp-json\/wp\/v2\/users\/3"}],"replies":[{"embeddable":true,"href":"https:\/\/lasentinelle.dz\/index.php\/wp-json\/wp\/v2\/comments?post=3852"}],"version-history":[{"count":1,"href":"https:\/\/lasentinelle.dz\/index.php\/wp-json\/wp\/v2\/posts\/3852\/revisions"}],"predecessor-version":[{"id":3853,"href":"https:\/\/lasentinelle.dz\/index.php\/wp-json\/wp\/v2\/posts\/3852\/revisions\/3853"}],"wp:featuredmedia":[{"embeddable":true,"href":"https:\/\/lasentinelle.dz\/index.php\/wp-json\/wp\/v2\/media\/3295"}],"wp:attachment":[{"href":"https:\/\/lasentinelle.dz\/index.php\/wp-json\/wp\/v2\/media?parent=3852"}],"wp:term":[{"taxonomy":"category","embeddable":true,"href":"https:\/\/lasentinelle.dz\/index.php\/wp-json\/wp\/v2\/categories?post=3852"},{"taxonomy":"post_tag","embeddable":true,"href":"https:\/\/lasentinelle.dz\/index.php\/wp-json\/wp\/v2\/tags?post=3852"}],"curies":[{"name":"wp","href":"https:\/\/api.w.org\/{rel}","templated":true}]}}