{"id":38543,"date":"2023-03-27T22:05:00","date_gmt":"2023-03-27T21:05:00","guid":{"rendered":"https:\/\/lasentinelle.dz\/?p=38543"},"modified":"2023-03-27T17:16:33","modified_gmt":"2023-03-27T16:16:33","slug":"nabil-aouich-directeur-general-de-la-chambre-algerienne-de-la-peche-et-de-laquaculture-porter-la-production-halieutique-a-116-000-tonnes","status":"publish","type":"post","link":"https:\/\/lasentinelle.dz\/index.php\/2023\/03\/27\/nabil-aouich-directeur-general-de-la-chambre-algerienne-de-la-peche-et-de-laquaculture-porter-la-production-halieutique-a-116-000-tonnes\/","title":{"rendered":"Nabil Aouich, Directeur g\u00e9n\u00e9ral de la Chambre alg\u00e9rienne de la p\u00eache et de l&rsquo;aquaculture\u00a0: Porter la production halieutique \u00e0 116 000 tonnes"},"content":{"rendered":"\n<p>Le directeur g\u00e9n\u00e9ral de la Chambre alg\u00e9rienne de la p\u00eache et de l&rsquo;aquaculture, Nabil Aouich, a insist\u00e9 hier sur la n\u00e9cessit\u00e9 d\u2019augmenter le niveau de la production halieutique. Intervenant lors de la matinale de la premi\u00e8re chaine de la Radio alg\u00e9rienne, le m\u00eame responsable a estim\u00e9 que que la quantit\u00e9 de produits de la p\u00eache et de l&rsquo;aquaculture pour cette ann\u00e9e a augment\u00e9 par rapport \u00e0 l&rsquo;ann\u00e9e derni\u00e8re, atteignant environ 100 000 tonnes en 2022, contre 97 000 tonnes l\u2019ann\u00e9e pr\u00e9c\u00e9dente. Il a expliqu\u00e9 que le Gouvernement aspire \u00e0 atteindre un niveau de production de 116 000 tonnes d\u00e9but 2024, ce qui permettra de fournir des produits de la p\u00eache et de stabiliser leurs prix sur le march\u00e9.<\/p>\n\n\n\n<p>Nabil Aouich a \u00e9galement indiqu\u00e9 qu&rsquo;il y avait plus de 400 demandes d&rsquo;investissement port\u00e9es par des jeunes souhaitant investir dans le domaine de l&rsquo;aquaculture, qui seront \u00e9tudi\u00e9es avec l&rsquo;aide de l&rsquo;Agence nationale de d\u00e9veloppement de l\u2019entrepreneuriat (ANADE). Il a ainsi rappel\u00e9 des dispositifs d\u2019aides mis en place par l&rsquo;\u00c9tat dans le cadre du micro-cr\u00e9dit, expliquant dans ce 1.000 micro-cr\u00e9dit accord\u00e9s aux jeunes porteurs de projets par le biais l\u2019ANADE ou en par le biais de l\u2019Agence nationale de gestion du micro-cr\u00e9dit (Angem). Les jeunes porteurs de projets seront accompagn\u00e9s, form\u00e9s et sensibilis\u00e9s pour concr\u00e9tiser leurs projets et atteindre les objectifs fix\u00e9s.<\/p>\n\n\n\n<p>L\u2019intervenant a \u00e9galement expliqu\u00e9 que la Chambre alg\u00e9rienne de la p\u00eache avait conclu quatre accords avec des producteurs en aquaculture dans diverses wilayas du pays, permettant la fourniture de produits de la p\u00eache aux n\u00e9gociants.<\/p>\n\n\n\n<p>Il a \u00e9galement ajout\u00e9 que les produits de la p\u00eache \u00e9taient disponibles et \u00e0 des prix raisonnables dans divers points de vente accessibles aux citoyens, et a annonc\u00e9un programme visant \u00e0 fournir diff\u00e9rents produits de la p\u00eache et de l&rsquo;aquaculture sur les march\u00e9s pendant le mois de Ramadhan.<\/p>\n\n\n\n<p>Le directeur g\u00e9n\u00e9ral de la Chambre alg\u00e9rienne de la p\u00eache et de l&rsquo;aquaculture a \u00e9galement d\u00e9voil\u00e9 un certain nombre de projets li\u00e9s au secteur de l&rsquo;aquaculture qui ont \u00e9t\u00e9 mis en service, dont neuf projets dans neuf wilayas c\u00f4ti\u00e8res du pays, qui seront port\u00e9s \u00e0 14 projets \u00e0 l&rsquo;avenir.<\/p>\n\n\n\n<p><strong>Hocine Fadheli<\/strong><\/p>\n","protected":false},"excerpt":{"rendered":"<p>Le directeur g\u00e9n\u00e9ral de la Chambre alg\u00e9rienne de la p\u00eache et de l&rsquo;aquaculture, Nabil Aouich, a insist\u00e9 hier sur la<\/p>\n","protected":false},"author":3,"featured_media":38558,"comment_status":"open","ping_status":"closed","sticky":false,"template":"","format":"standard","meta":{"colormag_page_container_layout":"default_layout","colormag_page_sidebar_layout":"default_layout","om_disable_all_campaigns":false,"_monsterinsights_skip_tracking":false,"_monsterinsights_sitenote_active":false,"_monsterinsights_sitenote_note":"","_monsterinsights_sitenote_category":0,"footnotes":"","_wpscppro_dont_share_socialmedia":false,"_wpscppro_custom_social_share_image":0,"_facebook_share_type":"","_twitter_share_type":"","_linkedin_share_type":"","_pinterest_share_type":"","_linkedin_share_type_page":"","_instagram_share_type":"","_medium_share_type":"","_threads_share_type":"","_google_business_share_type":"","_selected_social_profile":[],"_wpsp_enable_custom_social_template":false,"_wpsp_social_scheduling":{"enabled":false,"datetime":null,"platforms":[],"status":"template_only","dateOption":"today","timeOption":"now","customDays":"","customHours":"","customDate":"","customTime":"","schedulingType":"absolute"},"_wpsp_active_default_template":true},"categories":[29],"tags":[],"class_list":["post-38543","post","type-post","status-publish","format-standard","has-post-thumbnail","hentry","category-economie"],"aioseo_notices":[],"yoast_head":"<!-- This site is optimized with the Yoast SEO plugin v27.5 - https:\/\/yoast.com\/product\/yoast-seo-wordpress\/ -->\n<title>Nabil Aouich, Directeur g\u00e9n\u00e9ral de la Chambre alg\u00e9rienne de la p\u00eache et de l&rsquo;aquaculture\u00a0: Porter la production halieutique \u00e0 116 000 tonnes - La Sentinelle<\/title>\n<meta name=\"robots\" content=\"index, follow, max-snippet:-1, max-image-preview:large, max-video-preview:-1\" \/>\n<link rel=\"canonical\" href=\"https:\/\/lasentinelle.dz\/index.php\/2023\/03\/27\/nabil-aouich-directeur-general-de-la-chambre-algerienne-de-la-peche-et-de-laquaculture-porter-la-production-halieutique-a-116-000-tonnes\/\" \/>\n<meta property=\"og:locale\" content=\"fr_FR\" \/>\n<meta property=\"og:type\" content=\"article\" \/>\n<meta property=\"og:title\" content=\"Nabil Aouich, Directeur g\u00e9n\u00e9ral de la Chambre alg\u00e9rienne de la p\u00eache et de l&rsquo;aquaculture\u00a0: Porter la production halieutique \u00e0 116 000 tonnes - La Sentinelle\" \/>\n<meta property=\"og:description\" content=\"Le directeur g\u00e9n\u00e9ral de la Chambre alg\u00e9rienne de la p\u00eache et de l&rsquo;aquaculture, Nabil Aouich, a insist\u00e9 hier sur la\" \/>\n<meta property=\"og:url\" content=\"https:\/\/lasentinelle.dz\/index.php\/2023\/03\/27\/nabil-aouich-directeur-general-de-la-chambre-algerienne-de-la-peche-et-de-laquaculture-porter-la-production-halieutique-a-116-000-tonnes\/\" \/>\n<meta property=\"og:site_name\" content=\"La Sentinelle\" \/>\n<meta property=\"article:publisher\" content=\"https:\/\/www.facebook.com\/La-Sentinelle-104059864394773\" \/>\n<meta property=\"article:published_time\" content=\"2023-03-27T21:05:00+00:00\" \/>\n<meta property=\"og:image\" content=\"https:\/\/lasentinelle.dz\/wp-content\/uploads\/2023\/03\/Sans-titre-1-11-1024x618.png\" \/>\n\t<meta property=\"og:image:width\" content=\"1024\" \/>\n\t<meta property=\"og:image:height\" content=\"618\" \/>\n\t<meta property=\"og:image:type\" content=\"image\/png\" \/>\n<meta name=\"author\" content=\"La Sentinelle\" \/>\n<meta name=\"twitter:card\" content=\"summary_large_image\" \/>\n<meta name=\"twitter:label1\" content=\"\u00c9crit par\" \/>\n\t<meta name=\"twitter:data1\" content=\"La Sentinelle\" \/>\n\t<meta name=\"twitter:label2\" content=\"Dur\u00e9e de lecture estim\u00e9e\" \/>\n\t<meta name=\"twitter:data2\" content=\"2 minutes\" \/>\n<script type=\"application\/ld+json\" class=\"yoast-schema-graph\">{\"@context\":\"https:\\\/\\\/schema.org\",\"@graph\":[{\"@type\":\"Article\",\"@id\":\"https:\\\/\\\/lasentinelle.dz\\\/index.php\\\/2023\\\/03\\\/27\\\/nabil-aouich-directeur-general-de-la-chambre-algerienne-de-la-peche-et-de-laquaculture-porter-la-production-halieutique-a-116-000-tonnes\\\/#article\",\"isPartOf\":{\"@id\":\"https:\\\/\\\/lasentinelle.dz\\\/index.php\\\/2023\\\/03\\\/27\\\/nabil-aouich-directeur-general-de-la-chambre-algerienne-de-la-peche-et-de-laquaculture-porter-la-production-halieutique-a-116-000-tonnes\\\/\"},\"author\":{\"name\":\"La Sentinelle\",\"@id\":\"https:\\\/\\\/lasentinelle.dz\\\/#\\\/schema\\\/person\\\/d865044e22e70a75174ce8bcad3acfb3\"},\"headline\":\"Nabil Aouich, Directeur g\u00e9n\u00e9ral de la Chambre alg\u00e9rienne de la p\u00eache et de l&rsquo;aquaculture\u00a0: Porter la production halieutique \u00e0 116 000 tonnes\",\"datePublished\":\"2023-03-27T21:05:00+00:00\",\"mainEntityOfPage\":{\"@id\":\"https:\\\/\\\/lasentinelle.dz\\\/index.php\\\/2023\\\/03\\\/27\\\/nabil-aouich-directeur-general-de-la-chambre-algerienne-de-la-peche-et-de-laquaculture-porter-la-production-halieutique-a-116-000-tonnes\\\/\"},\"wordCount\":428,\"commentCount\":0,\"publisher\":{\"@id\":\"https:\\\/\\\/lasentinelle.dz\\\/#organization\"},\"image\":{\"@id\":\"https:\\\/\\\/lasentinelle.dz\\\/index.php\\\/2023\\\/03\\\/27\\\/nabil-aouich-directeur-general-de-la-chambre-algerienne-de-la-peche-et-de-laquaculture-porter-la-production-halieutique-a-116-000-tonnes\\\/#primaryimage\"},\"thumbnailUrl\":\"https:\\\/\\\/lasentinelle.dz\\\/wp-content\\\/uploads\\\/2023\\\/03\\\/Sans-titre-1-11.png\",\"articleSection\":[\"\u00c9conomie\"],\"inLanguage\":\"fr-FR\",\"potentialAction\":[{\"@type\":\"CommentAction\",\"name\":\"Comment\",\"target\":[\"https:\\\/\\\/lasentinelle.dz\\\/index.php\\\/2023\\\/03\\\/27\\\/nabil-aouich-directeur-general-de-la-chambre-algerienne-de-la-peche-et-de-laquaculture-porter-la-production-halieutique-a-116-000-tonnes\\\/#respond\"]}]},{\"@type\":\"WebPage\",\"@id\":\"https:\\\/\\\/lasentinelle.dz\\\/index.php\\\/2023\\\/03\\\/27\\\/nabil-aouich-directeur-general-de-la-chambre-algerienne-de-la-peche-et-de-laquaculture-porter-la-production-halieutique-a-116-000-tonnes\\\/\",\"url\":\"https:\\\/\\\/lasentinelle.dz\\\/index.php\\\/2023\\\/03\\\/27\\\/nabil-aouich-directeur-general-de-la-chambre-algerienne-de-la-peche-et-de-laquaculture-porter-la-production-halieutique-a-116-000-tonnes\\\/\",\"name\":\"Nabil Aouich, Directeur g\u00e9n\u00e9ral de la Chambre alg\u00e9rienne de la p\u00eache et de l&rsquo;aquaculture\u00a0: Porter la production halieutique \u00e0 116 000 tonnes - La Sentinelle\",\"isPartOf\":{\"@id\":\"https:\\\/\\\/lasentinelle.dz\\\/#website\"},\"primaryImageOfPage\":{\"@id\":\"https:\\\/\\\/lasentinelle.dz\\\/index.php\\\/2023\\\/03\\\/27\\\/nabil-aouich-directeur-general-de-la-chambre-algerienne-de-la-peche-et-de-laquaculture-porter-la-production-halieutique-a-116-000-tonnes\\\/#primaryimage\"},\"image\":{\"@id\":\"https:\\\/\\\/lasentinelle.dz\\\/index.php\\\/2023\\\/03\\\/27\\\/nabil-aouich-directeur-general-de-la-chambre-algerienne-de-la-peche-et-de-laquaculture-porter-la-production-halieutique-a-116-000-tonnes\\\/#primaryimage\"},\"thumbnailUrl\":\"https:\\\/\\\/lasentinelle.dz\\\/wp-content\\\/uploads\\\/2023\\\/03\\\/Sans-titre-1-11.png\",\"datePublished\":\"2023-03-27T21:05:00+00:00\",\"breadcrumb\":{\"@id\":\"https:\\\/\\\/lasentinelle.dz\\\/index.php\\\/2023\\\/03\\\/27\\\/nabil-aouich-directeur-general-de-la-chambre-algerienne-de-la-peche-et-de-laquaculture-porter-la-production-halieutique-a-116-000-tonnes\\\/#breadcrumb\"},\"inLanguage\":\"fr-FR\",\"potentialAction\":[{\"@type\":\"ReadAction\",\"target\":[\"https:\\\/\\\/lasentinelle.dz\\\/index.php\\\/2023\\\/03\\\/27\\\/nabil-aouich-directeur-general-de-la-chambre-algerienne-de-la-peche-et-de-laquaculture-porter-la-production-halieutique-a-116-000-tonnes\\\/\"]}]},{\"@type\":\"ImageObject\",\"inLanguage\":\"fr-FR\",\"@id\":\"https:\\\/\\\/lasentinelle.dz\\\/index.php\\\/2023\\\/03\\\/27\\\/nabil-aouich-directeur-general-de-la-chambre-algerienne-de-la-peche-et-de-laquaculture-porter-la-production-halieutique-a-116-000-tonnes\\\/#primaryimage\",\"url\":\"https:\\\/\\\/lasentinelle.dz\\\/wp-content\\\/uploads\\\/2023\\\/03\\\/Sans-titre-1-11.png\",\"contentUrl\":\"https:\\\/\\\/lasentinelle.dz\\\/wp-content\\\/uploads\\\/2023\\\/03\\\/Sans-titre-1-11.png\",\"width\":1491,\"height\":900},{\"@type\":\"BreadcrumbList\",\"@id\":\"https:\\\/\\\/lasentinelle.dz\\\/index.php\\\/2023\\\/03\\\/27\\\/nabil-aouich-directeur-general-de-la-chambre-algerienne-de-la-peche-et-de-laquaculture-porter-la-production-halieutique-a-116-000-tonnes\\\/#breadcrumb\",\"itemListElement\":[{\"@type\":\"ListItem\",\"position\":1,\"name\":\"Accueil\",\"item\":\"https:\\\/\\\/lasentinelle.dz\\\/\"},{\"@type\":\"ListItem\",\"position\":2,\"name\":\"Nabil Aouich, Directeur g\u00e9n\u00e9ral de la Chambre alg\u00e9rienne de la p\u00eache et de l&rsquo;aquaculture\u00a0: Porter la production halieutique \u00e0 116 000 tonnes\"}]},{\"@type\":\"WebSite\",\"@id\":\"https:\\\/\\\/lasentinelle.dz\\\/#website\",\"url\":\"https:\\\/\\\/lasentinelle.dz\\\/\",\"name\":\"La Sentinelle\",\"description\":\"Quotidien national d&#039;information\",\"publisher\":{\"@id\":\"https:\\\/\\\/lasentinelle.dz\\\/#organization\"},\"potentialAction\":[{\"@type\":\"SearchAction\",\"target\":{\"@type\":\"EntryPoint\",\"urlTemplate\":\"https:\\\/\\\/lasentinelle.dz\\\/?s={search_term_string}\"},\"query-input\":{\"@type\":\"PropertyValueSpecification\",\"valueRequired\":true,\"valueName\":\"search_term_string\"}}],\"inLanguage\":\"fr-FR\"},{\"@type\":\"Organization\",\"@id\":\"https:\\\/\\\/lasentinelle.dz\\\/#organization\",\"name\":\"Quotidien La Sentinelle\",\"url\":\"https:\\\/\\\/lasentinelle.dz\\\/\",\"logo\":{\"@type\":\"ImageObject\",\"inLanguage\":\"fr-FR\",\"@id\":\"https:\\\/\\\/lasentinelle.dz\\\/#\\\/schema\\\/logo\\\/image\\\/\",\"url\":\"https:\\\/\\\/lasentinelle.dz\\\/wp-content\\\/uploads\\\/2021\\\/09\\\/logo-sentinelleSLOGAN-1.png\",\"contentUrl\":\"https:\\\/\\\/lasentinelle.dz\\\/wp-content\\\/uploads\\\/2021\\\/09\\\/logo-sentinelleSLOGAN-1.png\",\"width\":615,\"height\":142,\"caption\":\"Quotidien La Sentinelle\"},\"image\":{\"@id\":\"https:\\\/\\\/lasentinelle.dz\\\/#\\\/schema\\\/logo\\\/image\\\/\"},\"sameAs\":[\"https:\\\/\\\/www.facebook.com\\\/La-Sentinelle-104059864394773\"]},{\"@type\":\"Person\",\"@id\":\"https:\\\/\\\/lasentinelle.dz\\\/#\\\/schema\\\/person\\\/d865044e22e70a75174ce8bcad3acfb3\",\"name\":\"La Sentinelle\",\"image\":{\"@type\":\"ImageObject\",\"inLanguage\":\"fr-FR\",\"@id\":\"https:\\\/\\\/secure.gravatar.com\\\/avatar\\\/57de8e5d4b15d43fb361a71fbb36338450fe67865b528a43dd10ef7c51a20392?s=96&d=mm&r=g\",\"url\":\"https:\\\/\\\/secure.gravatar.com\\\/avatar\\\/57de8e5d4b15d43fb361a71fbb36338450fe67865b528a43dd10ef7c51a20392?s=96&d=mm&r=g\",\"contentUrl\":\"https:\\\/\\\/secure.gravatar.com\\\/avatar\\\/57de8e5d4b15d43fb361a71fbb36338450fe67865b528a43dd10ef7c51a20392?s=96&d=mm&r=g\",\"caption\":\"La Sentinelle\"},\"sameAs\":[\"http:\\\/\\\/www.lasentinelle.dz\"],\"url\":\"https:\\\/\\\/lasentinelle.dz\\\/author\\\/redaction\\\/\"}]}<\/script>\n<!-- \/ Yoast SEO plugin. -->","yoast_head_json":{"title":"Nabil Aouich, Directeur g\u00e9n\u00e9ral de la Chambre alg\u00e9rienne de la p\u00eache et de l&rsquo;aquaculture\u00a0: Porter la production halieutique \u00e0 116 000 tonnes - La Sentinelle","robots":{"index":"index","follow":"follow","max-snippet":"max-snippet:-1","max-image-preview":"max-image-preview:large","max-video-preview":"max-video-preview:-1"},"canonical":"https:\/\/lasentinelle.dz\/index.php\/2023\/03\/27\/nabil-aouich-directeur-general-de-la-chambre-algerienne-de-la-peche-et-de-laquaculture-porter-la-production-halieutique-a-116-000-tonnes\/","og_locale":"fr_FR","og_type":"article","og_title":"Nabil Aouich, Directeur g\u00e9n\u00e9ral de la Chambre alg\u00e9rienne de la p\u00eache et de l&rsquo;aquaculture\u00a0: Porter la production halieutique \u00e0 116 000 tonnes - La Sentinelle","og_description":"Le directeur g\u00e9n\u00e9ral de la Chambre alg\u00e9rienne de la p\u00eache et de l&rsquo;aquaculture, Nabil Aouich, a insist\u00e9 hier sur la","og_url":"https:\/\/lasentinelle.dz\/index.php\/2023\/03\/27\/nabil-aouich-directeur-general-de-la-chambre-algerienne-de-la-peche-et-de-laquaculture-porter-la-production-halieutique-a-116-000-tonnes\/","og_site_name":"La Sentinelle","article_publisher":"https:\/\/www.facebook.com\/La-Sentinelle-104059864394773","article_published_time":"2023-03-27T21:05:00+00:00","og_image":[{"width":1024,"height":618,"url":"https:\/\/lasentinelle.dz\/wp-content\/uploads\/2023\/03\/Sans-titre-1-11-1024x618.png","type":"image\/png"}],"author":"La Sentinelle","twitter_card":"summary_large_image","twitter_misc":{"\u00c9crit par":"La Sentinelle","Dur\u00e9e de lecture estim\u00e9e":"2 minutes"},"schema":{"@context":"https:\/\/schema.org","@graph":[{"@type":"Article","@id":"https:\/\/lasentinelle.dz\/index.php\/2023\/03\/27\/nabil-aouich-directeur-general-de-la-chambre-algerienne-de-la-peche-et-de-laquaculture-porter-la-production-halieutique-a-116-000-tonnes\/#article","isPartOf":{"@id":"https:\/\/lasentinelle.dz\/index.php\/2023\/03\/27\/nabil-aouich-directeur-general-de-la-chambre-algerienne-de-la-peche-et-de-laquaculture-porter-la-production-halieutique-a-116-000-tonnes\/"},"author":{"name":"La Sentinelle","@id":"https:\/\/lasentinelle.dz\/#\/schema\/person\/d865044e22e70a75174ce8bcad3acfb3"},"headline":"Nabil Aouich, Directeur g\u00e9n\u00e9ral de la Chambre alg\u00e9rienne de la p\u00eache et de l&rsquo;aquaculture\u00a0: Porter la production halieutique \u00e0 116 000 tonnes","datePublished":"2023-03-27T21:05:00+00:00","mainEntityOfPage":{"@id":"https:\/\/lasentinelle.dz\/index.php\/2023\/03\/27\/nabil-aouich-directeur-general-de-la-chambre-algerienne-de-la-peche-et-de-laquaculture-porter-la-production-halieutique-a-116-000-tonnes\/"},"wordCount":428,"commentCount":0,"publisher":{"@id":"https:\/\/lasentinelle.dz\/#organization"},"image":{"@id":"https:\/\/lasentinelle.dz\/index.php\/2023\/03\/27\/nabil-aouich-directeur-general-de-la-chambre-algerienne-de-la-peche-et-de-laquaculture-porter-la-production-halieutique-a-116-000-tonnes\/#primaryimage"},"thumbnailUrl":"https:\/\/lasentinelle.dz\/wp-content\/uploads\/2023\/03\/Sans-titre-1-11.png","articleSection":["\u00c9conomie"],"inLanguage":"fr-FR","potentialAction":[{"@type":"CommentAction","name":"Comment","target":["https:\/\/lasentinelle.dz\/index.php\/2023\/03\/27\/nabil-aouich-directeur-general-de-la-chambre-algerienne-de-la-peche-et-de-laquaculture-porter-la-production-halieutique-a-116-000-tonnes\/#respond"]}]},{"@type":"WebPage","@id":"https:\/\/lasentinelle.dz\/index.php\/2023\/03\/27\/nabil-aouich-directeur-general-de-la-chambre-algerienne-de-la-peche-et-de-laquaculture-porter-la-production-halieutique-a-116-000-tonnes\/","url":"https:\/\/lasentinelle.dz\/index.php\/2023\/03\/27\/nabil-aouich-directeur-general-de-la-chambre-algerienne-de-la-peche-et-de-laquaculture-porter-la-production-halieutique-a-116-000-tonnes\/","name":"Nabil Aouich, Directeur g\u00e9n\u00e9ral de la Chambre alg\u00e9rienne de la p\u00eache et de l&rsquo;aquaculture\u00a0: Porter la production halieutique \u00e0 116 000 tonnes - La Sentinelle","isPartOf":{"@id":"https:\/\/lasentinelle.dz\/#website"},"primaryImageOfPage":{"@id":"https:\/\/lasentinelle.dz\/index.php\/2023\/03\/27\/nabil-aouich-directeur-general-de-la-chambre-algerienne-de-la-peche-et-de-laquaculture-porter-la-production-halieutique-a-116-000-tonnes\/#primaryimage"},"image":{"@id":"https:\/\/lasentinelle.dz\/index.php\/2023\/03\/27\/nabil-aouich-directeur-general-de-la-chambre-algerienne-de-la-peche-et-de-laquaculture-porter-la-production-halieutique-a-116-000-tonnes\/#primaryimage"},"thumbnailUrl":"https:\/\/lasentinelle.dz\/wp-content\/uploads\/2023\/03\/Sans-titre-1-11.png","datePublished":"2023-03-27T21:05:00+00:00","breadcrumb":{"@id":"https:\/\/lasentinelle.dz\/index.php\/2023\/03\/27\/nabil-aouich-directeur-general-de-la-chambre-algerienne-de-la-peche-et-de-laquaculture-porter-la-production-halieutique-a-116-000-tonnes\/#breadcrumb"},"inLanguage":"fr-FR","potentialAction":[{"@type":"ReadAction","target":["https:\/\/lasentinelle.dz\/index.php\/2023\/03\/27\/nabil-aouich-directeur-general-de-la-chambre-algerienne-de-la-peche-et-de-laquaculture-porter-la-production-halieutique-a-116-000-tonnes\/"]}]},{"@type":"ImageObject","inLanguage":"fr-FR","@id":"https:\/\/lasentinelle.dz\/index.php\/2023\/03\/27\/nabil-aouich-directeur-general-de-la-chambre-algerienne-de-la-peche-et-de-laquaculture-porter-la-production-halieutique-a-116-000-tonnes\/#primaryimage","url":"https:\/\/lasentinelle.dz\/wp-content\/uploads\/2023\/03\/Sans-titre-1-11.png","contentUrl":"https:\/\/lasentinelle.dz\/wp-content\/uploads\/2023\/03\/Sans-titre-1-11.png","width":1491,"height":900},{"@type":"BreadcrumbList","@id":"https:\/\/lasentinelle.dz\/index.php\/2023\/03\/27\/nabil-aouich-directeur-general-de-la-chambre-algerienne-de-la-peche-et-de-laquaculture-porter-la-production-halieutique-a-116-000-tonnes\/#breadcrumb","itemListElement":[{"@type":"ListItem","position":1,"name":"Accueil","item":"https:\/\/lasentinelle.dz\/"},{"@type":"ListItem","position":2,"name":"Nabil Aouich, Directeur g\u00e9n\u00e9ral de la Chambre alg\u00e9rienne de la p\u00eache et de l&rsquo;aquaculture\u00a0: Porter la production halieutique \u00e0 116 000 tonnes"}]},{"@type":"WebSite","@id":"https:\/\/lasentinelle.dz\/#website","url":"https:\/\/lasentinelle.dz\/","name":"La Sentinelle","description":"Quotidien national d&#039;information","publisher":{"@id":"https:\/\/lasentinelle.dz\/#organization"},"potentialAction":[{"@type":"SearchAction","target":{"@type":"EntryPoint","urlTemplate":"https:\/\/lasentinelle.dz\/?s={search_term_string}"},"query-input":{"@type":"PropertyValueSpecification","valueRequired":true,"valueName":"search_term_string"}}],"inLanguage":"fr-FR"},{"@type":"Organization","@id":"https:\/\/lasentinelle.dz\/#organization","name":"Quotidien La Sentinelle","url":"https:\/\/lasentinelle.dz\/","logo":{"@type":"ImageObject","inLanguage":"fr-FR","@id":"https:\/\/lasentinelle.dz\/#\/schema\/logo\/image\/","url":"https:\/\/lasentinelle.dz\/wp-content\/uploads\/2021\/09\/logo-sentinelleSLOGAN-1.png","contentUrl":"https:\/\/lasentinelle.dz\/wp-content\/uploads\/2021\/09\/logo-sentinelleSLOGAN-1.png","width":615,"height":142,"caption":"Quotidien La Sentinelle"},"image":{"@id":"https:\/\/lasentinelle.dz\/#\/schema\/logo\/image\/"},"sameAs":["https:\/\/www.facebook.com\/La-Sentinelle-104059864394773"]},{"@type":"Person","@id":"https:\/\/lasentinelle.dz\/#\/schema\/person\/d865044e22e70a75174ce8bcad3acfb3","name":"La Sentinelle","image":{"@type":"ImageObject","inLanguage":"fr-FR","@id":"https:\/\/secure.gravatar.com\/avatar\/57de8e5d4b15d43fb361a71fbb36338450fe67865b528a43dd10ef7c51a20392?s=96&d=mm&r=g","url":"https:\/\/secure.gravatar.com\/avatar\/57de8e5d4b15d43fb361a71fbb36338450fe67865b528a43dd10ef7c51a20392?s=96&d=mm&r=g","contentUrl":"https:\/\/secure.gravatar.com\/avatar\/57de8e5d4b15d43fb361a71fbb36338450fe67865b528a43dd10ef7c51a20392?s=96&d=mm&r=g","caption":"La Sentinelle"},"sameAs":["http:\/\/www.lasentinelle.dz"],"url":"https:\/\/lasentinelle.dz\/author\/redaction\/"}]}},"_links":{"self":[{"href":"https:\/\/lasentinelle.dz\/index.php\/wp-json\/wp\/v2\/posts\/38543","targetHints":{"allow":["GET"]}}],"collection":[{"href":"https:\/\/lasentinelle.dz\/index.php\/wp-json\/wp\/v2\/posts"}],"about":[{"href":"https:\/\/lasentinelle.dz\/index.php\/wp-json\/wp\/v2\/types\/post"}],"author":[{"embeddable":true,"href":"https:\/\/lasentinelle.dz\/index.php\/wp-json\/wp\/v2\/users\/3"}],"replies":[{"embeddable":true,"href":"https:\/\/lasentinelle.dz\/index.php\/wp-json\/wp\/v2\/comments?post=38543"}],"version-history":[{"count":1,"href":"https:\/\/lasentinelle.dz\/index.php\/wp-json\/wp\/v2\/posts\/38543\/revisions"}],"predecessor-version":[{"id":38559,"href":"https:\/\/lasentinelle.dz\/index.php\/wp-json\/wp\/v2\/posts\/38543\/revisions\/38559"}],"wp:featuredmedia":[{"embeddable":true,"href":"https:\/\/lasentinelle.dz\/index.php\/wp-json\/wp\/v2\/media\/38558"}],"wp:attachment":[{"href":"https:\/\/lasentinelle.dz\/index.php\/wp-json\/wp\/v2\/media?parent=38543"}],"wp:term":[{"taxonomy":"category","embeddable":true,"href":"https:\/\/lasentinelle.dz\/index.php\/wp-json\/wp\/v2\/categories?post=38543"},{"taxonomy":"post_tag","embeddable":true,"href":"https:\/\/lasentinelle.dz\/index.php\/wp-json\/wp\/v2\/tags?post=38543"}],"curies":[{"name":"wp","href":"https:\/\/api.w.org\/{rel}","templated":true}]}}