{"id":38579,"date":"2023-03-27T22:08:00","date_gmt":"2023-03-27T21:08:00","guid":{"rendered":"https:\/\/lasentinelle.dz\/?p=38579"},"modified":"2023-03-27T18:21:51","modified_gmt":"2023-03-27T17:21:51","slug":"le-projet-de-loi-organique-fixant-lorganisation-des-chambres-du-parlement-presente-renforcer-le-controle-parlementaire-sur-lexecutif","status":"publish","type":"post","link":"https:\/\/lasentinelle.dz\/index.php\/2023\/03\/27\/le-projet-de-loi-organique-fixant-lorganisation-des-chambres-du-parlement-presente-renforcer-le-controle-parlementaire-sur-lexecutif\/","title":{"rendered":"Le projet de loi organique fixant l&rsquo;organisation des Chambres du Parlement pr\u00e9sent\u00e9\u00a0: Renforcer le contr\u00f4le parlementaire sur l\u2019Ex\u00e9cutif"},"content":{"rendered":"\n<p>&nbsp;La ministre des Relations avec le Parlement, Basma Azouar, a estim\u00e9 hier que le projet de loi organique modifiant et compl\u00e9tant la loi organique d\u00e9finissant l&rsquo;organisation et le fonctionnement de l&rsquo;Assembl\u00e9e populaire nationale (APN) et du Conseil de la nation, ainsi que les relations fonctionnelles entre les Chambres du Parlement et le Gouvernement a pour vocation de renforcer le contr\u00f4le parlementaire sur l\u2019Ex\u00e9cutif.<\/p>\n\n\n\n<p>Lors de la pr\u00e9sentation du texte devant la Chambre haute du Parlement, la ministre a indiqu\u00e9 les amendements introduits par le projet de loi, notamment dans le volet du contr\u00f4le parlementaire, ont vocation \u00e0 \u00ab\u00a0permettre aux commissions permanentes des deux Chambres du Parlement, en totale coordination avec le Gouvernement, d&rsquo;auditionner les membres du Gouvernement concernant toute question d&rsquo;int\u00e9r\u00eat g\u00e9n\u00e9ral, le Gouvernement \u00e9tant, dans ce cadre, tenu de pr\u00e9senter les documents et informations n\u00e9cessaires demand\u00e9s par les membres du Parlement dans l&rsquo;exercice de leurs missions de contr\u00f4le, \u00e0 l&rsquo;exception de ceux \u00e0 caract\u00e8re confidentiel ou strat\u00e9gique\u00a0\u00bb. Et d\u2019ajouter que &nbsp;le texte permet aux membres du Parlement d'\u00a0\u00bbinterroger le Gouvernement sur les questions nationales et sur l&rsquo;application des lois, une premi\u00e8re dans l&rsquo;histoire des Constitutions alg\u00e9riennes\u00a0\u00bb. La ministre a \u00e9galement \u00e9voqu\u00e9 la proc\u00e9dure de vote des lois s<\/p>\n\n\n\n<p>Elon la proc\u00e9dure d\u2019urgence, expliquant que le texte \u00ab\u00a0conf\u00e8re un caract\u00e8re juridique \u00e0 la proc\u00e9dure d\u2019urgence \u00e0 travers la cr\u00e9ation d&rsquo;une nouvelle division d\u00e9terminant les modalit\u00e9s d&rsquo;examen et d\u2019adoption des projets de loi selon cette proc\u00e9dure\u00a0\u00bb. A ce propos, Mme Azouar a indiqu\u00e9 que le texte \u00ab\u00a0a initialement fix\u00e9 un d\u00e9lai de 10 jours maximum pour l&rsquo;adoption d\u00e9finitive des projets de loi \u00e0 caract\u00e8re sp\u00e9cifique ou prioritaire\u00a0\u00bb. La repr\u00e9sentante du gouvernement qui a pr\u00e9cis\u00e9 que les amendements introduits visaient \u00e0 \u00ab\u00a0adapter les dispositions de cette loi organique aux exigences de la r\u00e9vision constitutionnelle au titre des r\u00e9formes du pr\u00e9sident de la R\u00e9publique, M. Abdelmadjid Tebboune\u00a0\u00bb a \u00e9galement \u00e9voqu\u00e9 l\u2019introduction du vote des projets de loi par voie \u00e9lectronique. Elle \u00e9galement \u00e9voqu\u00e9&nbsp; \u00ab\u00a0le parach\u00e8vement des proc\u00e9dures de convocation de la commission paritaire, en signalant imm\u00e9diatement au Premier ministre ou au Chef du gouvernement, selon le cas, tout d\u00e9saccord entre les deux chambres du Parlement sur les dispositions du texte de loi objet de d\u00e9saccord, et ce, par le pr\u00e9sident de la chambre o\u00f9 il y a eu d\u00e9saccord\u00a0\u00bb, selon la ministre. Conform\u00e9ment au projet de loi, la dur\u00e9e de la session parlementaire ordinaire est fix\u00e9e \u00e0 10 mois au maximum.<\/p>\n\n\n\n<p>Les membres de l&rsquo;Assembl\u00e9e populaire nationale avaient adopt\u00e9 ce projet, d\u00e9but mars, apr\u00e8s l\u2019adoption de huit amendements sur 36 par la commission sp\u00e9cialis\u00e9e, notamment celui relatif \u00e0 la proposition de r\u00e9duction du d\u00e9lai de pr\u00e9sentation d&rsquo;un projet de loi ou d&rsquo;une proposition de loi de dix \u00e0 six mois.<\/p>\n\n\n\n<p><strong>Chokri Hafed<\/strong><\/p>\n","protected":false},"excerpt":{"rendered":"<p>&nbsp;La ministre des Relations avec le Parlement, Basma Azouar, a estim\u00e9 hier que le projet de loi organique modifiant et<\/p>\n","protected":false},"author":3,"featured_media":38586,"comment_status":"open","ping_status":"closed","sticky":false,"template":"","format":"standard","meta":{"colormag_page_container_layout":"default_layout","colormag_page_sidebar_layout":"default_layout","om_disable_all_campaigns":false,"_monsterinsights_skip_tracking":false,"_monsterinsights_sitenote_active":false,"_monsterinsights_sitenote_note":"","_monsterinsights_sitenote_category":0,"footnotes":"","_wpscppro_dont_share_socialmedia":false,"_wpscppro_custom_social_share_image":0,"_facebook_share_type":"","_twitter_share_type":"","_linkedin_share_type":"","_pinterest_share_type":"","_linkedin_share_type_page":"","_instagram_share_type":"","_medium_share_type":"","_threads_share_type":"","_google_business_share_type":"","_selected_social_profile":[],"_wpsp_enable_custom_social_template":false,"_wpsp_social_scheduling":{"enabled":false,"datetime":null,"platforms":[],"status":"template_only","dateOption":"today","timeOption":"now","customDays":"","customHours":"","customDate":"","customTime":"","schedulingType":"absolute"},"_wpsp_active_default_template":true},"categories":[52,27],"tags":[],"class_list":["post-38579","post","type-post","status-publish","format-standard","has-post-thumbnail","hentry","category-a-la-une","category-actualite"],"aioseo_notices":[],"yoast_head":"<!-- This site is optimized with the Yoast SEO plugin v27.5 - https:\/\/yoast.com\/product\/yoast-seo-wordpress\/ -->\n<title>Le projet de loi organique fixant l&rsquo;organisation des Chambres du Parlement pr\u00e9sent\u00e9\u00a0: Renforcer le contr\u00f4le parlementaire sur l\u2019Ex\u00e9cutif - La Sentinelle<\/title>\n<meta name=\"robots\" content=\"index, follow, max-snippet:-1, max-image-preview:large, max-video-preview:-1\" \/>\n<link rel=\"canonical\" href=\"https:\/\/lasentinelle.dz\/index.php\/2023\/03\/27\/le-projet-de-loi-organique-fixant-lorganisation-des-chambres-du-parlement-presente-renforcer-le-controle-parlementaire-sur-lexecutif\/\" \/>\n<meta property=\"og:locale\" content=\"fr_FR\" \/>\n<meta property=\"og:type\" content=\"article\" \/>\n<meta property=\"og:title\" content=\"Le projet de loi organique fixant l&rsquo;organisation des Chambres du Parlement pr\u00e9sent\u00e9\u00a0: Renforcer le contr\u00f4le parlementaire sur l\u2019Ex\u00e9cutif - La Sentinelle\" \/>\n<meta property=\"og:description\" content=\"&nbsp;La ministre des Relations avec le Parlement, Basma Azouar, a estim\u00e9 hier que le projet de loi organique modifiant et\" \/>\n<meta property=\"og:url\" content=\"https:\/\/lasentinelle.dz\/index.php\/2023\/03\/27\/le-projet-de-loi-organique-fixant-lorganisation-des-chambres-du-parlement-presente-renforcer-le-controle-parlementaire-sur-lexecutif\/\" \/>\n<meta property=\"og:site_name\" content=\"La Sentinelle\" \/>\n<meta property=\"article:publisher\" content=\"https:\/\/www.facebook.com\/La-Sentinelle-104059864394773\" \/>\n<meta property=\"article:published_time\" content=\"2023-03-27T21:08:00+00:00\" \/>\n<meta property=\"og:image\" content=\"https:\/\/lasentinelle.dz\/wp-content\/uploads\/2023\/03\/conseil-de-la-Nation.png\" \/>\n\t<meta property=\"og:image:width\" content=\"1351\" \/>\n\t<meta property=\"og:image:height\" content=\"900\" \/>\n\t<meta property=\"og:image:type\" content=\"image\/png\" \/>\n<meta name=\"author\" content=\"La Sentinelle\" \/>\n<meta name=\"twitter:card\" content=\"summary_large_image\" \/>\n<meta name=\"twitter:label1\" content=\"\u00c9crit par\" \/>\n\t<meta name=\"twitter:data1\" content=\"La Sentinelle\" \/>\n\t<meta name=\"twitter:label2\" content=\"Dur\u00e9e de lecture estim\u00e9e\" \/>\n\t<meta name=\"twitter:data2\" content=\"3 minutes\" \/>\n<script type=\"application\/ld+json\" class=\"yoast-schema-graph\">{\"@context\":\"https:\\\/\\\/schema.org\",\"@graph\":[{\"@type\":\"Article\",\"@id\":\"https:\\\/\\\/lasentinelle.dz\\\/index.php\\\/2023\\\/03\\\/27\\\/le-projet-de-loi-organique-fixant-lorganisation-des-chambres-du-parlement-presente-renforcer-le-controle-parlementaire-sur-lexecutif\\\/#article\",\"isPartOf\":{\"@id\":\"https:\\\/\\\/lasentinelle.dz\\\/index.php\\\/2023\\\/03\\\/27\\\/le-projet-de-loi-organique-fixant-lorganisation-des-chambres-du-parlement-presente-renforcer-le-controle-parlementaire-sur-lexecutif\\\/\"},\"author\":{\"name\":\"La Sentinelle\",\"@id\":\"https:\\\/\\\/lasentinelle.dz\\\/#\\\/schema\\\/person\\\/d865044e22e70a75174ce8bcad3acfb3\"},\"headline\":\"Le projet de loi organique fixant l&rsquo;organisation des Chambres du Parlement pr\u00e9sent\u00e9\u00a0: Renforcer le contr\u00f4le parlementaire sur l\u2019Ex\u00e9cutif\",\"datePublished\":\"2023-03-27T21:08:00+00:00\",\"mainEntityOfPage\":{\"@id\":\"https:\\\/\\\/lasentinelle.dz\\\/index.php\\\/2023\\\/03\\\/27\\\/le-projet-de-loi-organique-fixant-lorganisation-des-chambres-du-parlement-presente-renforcer-le-controle-parlementaire-sur-lexecutif\\\/\"},\"wordCount\":541,\"commentCount\":0,\"publisher\":{\"@id\":\"https:\\\/\\\/lasentinelle.dz\\\/#organization\"},\"image\":{\"@id\":\"https:\\\/\\\/lasentinelle.dz\\\/index.php\\\/2023\\\/03\\\/27\\\/le-projet-de-loi-organique-fixant-lorganisation-des-chambres-du-parlement-presente-renforcer-le-controle-parlementaire-sur-lexecutif\\\/#primaryimage\"},\"thumbnailUrl\":\"https:\\\/\\\/lasentinelle.dz\\\/wp-content\\\/uploads\\\/2023\\\/03\\\/conseil-de-la-Nation.png\",\"articleSection\":[\"\u00c0 la Une\",\"Actualit\u00e9\"],\"inLanguage\":\"fr-FR\",\"potentialAction\":[{\"@type\":\"CommentAction\",\"name\":\"Comment\",\"target\":[\"https:\\\/\\\/lasentinelle.dz\\\/index.php\\\/2023\\\/03\\\/27\\\/le-projet-de-loi-organique-fixant-lorganisation-des-chambres-du-parlement-presente-renforcer-le-controle-parlementaire-sur-lexecutif\\\/#respond\"]}]},{\"@type\":\"WebPage\",\"@id\":\"https:\\\/\\\/lasentinelle.dz\\\/index.php\\\/2023\\\/03\\\/27\\\/le-projet-de-loi-organique-fixant-lorganisation-des-chambres-du-parlement-presente-renforcer-le-controle-parlementaire-sur-lexecutif\\\/\",\"url\":\"https:\\\/\\\/lasentinelle.dz\\\/index.php\\\/2023\\\/03\\\/27\\\/le-projet-de-loi-organique-fixant-lorganisation-des-chambres-du-parlement-presente-renforcer-le-controle-parlementaire-sur-lexecutif\\\/\",\"name\":\"Le projet de loi organique fixant l&rsquo;organisation des Chambres du Parlement pr\u00e9sent\u00e9\u00a0: Renforcer le contr\u00f4le parlementaire sur l\u2019Ex\u00e9cutif - La Sentinelle\",\"isPartOf\":{\"@id\":\"https:\\\/\\\/lasentinelle.dz\\\/#website\"},\"primaryImageOfPage\":{\"@id\":\"https:\\\/\\\/lasentinelle.dz\\\/index.php\\\/2023\\\/03\\\/27\\\/le-projet-de-loi-organique-fixant-lorganisation-des-chambres-du-parlement-presente-renforcer-le-controle-parlementaire-sur-lexecutif\\\/#primaryimage\"},\"image\":{\"@id\":\"https:\\\/\\\/lasentinelle.dz\\\/index.php\\\/2023\\\/03\\\/27\\\/le-projet-de-loi-organique-fixant-lorganisation-des-chambres-du-parlement-presente-renforcer-le-controle-parlementaire-sur-lexecutif\\\/#primaryimage\"},\"thumbnailUrl\":\"https:\\\/\\\/lasentinelle.dz\\\/wp-content\\\/uploads\\\/2023\\\/03\\\/conseil-de-la-Nation.png\",\"datePublished\":\"2023-03-27T21:08:00+00:00\",\"breadcrumb\":{\"@id\":\"https:\\\/\\\/lasentinelle.dz\\\/index.php\\\/2023\\\/03\\\/27\\\/le-projet-de-loi-organique-fixant-lorganisation-des-chambres-du-parlement-presente-renforcer-le-controle-parlementaire-sur-lexecutif\\\/#breadcrumb\"},\"inLanguage\":\"fr-FR\",\"potentialAction\":[{\"@type\":\"ReadAction\",\"target\":[\"https:\\\/\\\/lasentinelle.dz\\\/index.php\\\/2023\\\/03\\\/27\\\/le-projet-de-loi-organique-fixant-lorganisation-des-chambres-du-parlement-presente-renforcer-le-controle-parlementaire-sur-lexecutif\\\/\"]}]},{\"@type\":\"ImageObject\",\"inLanguage\":\"fr-FR\",\"@id\":\"https:\\\/\\\/lasentinelle.dz\\\/index.php\\\/2023\\\/03\\\/27\\\/le-projet-de-loi-organique-fixant-lorganisation-des-chambres-du-parlement-presente-renforcer-le-controle-parlementaire-sur-lexecutif\\\/#primaryimage\",\"url\":\"https:\\\/\\\/lasentinelle.dz\\\/wp-content\\\/uploads\\\/2023\\\/03\\\/conseil-de-la-Nation.png\",\"contentUrl\":\"https:\\\/\\\/lasentinelle.dz\\\/wp-content\\\/uploads\\\/2023\\\/03\\\/conseil-de-la-Nation.png\",\"width\":1351,\"height\":900},{\"@type\":\"BreadcrumbList\",\"@id\":\"https:\\\/\\\/lasentinelle.dz\\\/index.php\\\/2023\\\/03\\\/27\\\/le-projet-de-loi-organique-fixant-lorganisation-des-chambres-du-parlement-presente-renforcer-le-controle-parlementaire-sur-lexecutif\\\/#breadcrumb\",\"itemListElement\":[{\"@type\":\"ListItem\",\"position\":1,\"name\":\"Accueil\",\"item\":\"https:\\\/\\\/lasentinelle.dz\\\/\"},{\"@type\":\"ListItem\",\"position\":2,\"name\":\"Le projet de loi organique fixant l&rsquo;organisation des Chambres du Parlement pr\u00e9sent\u00e9\u00a0: Renforcer le contr\u00f4le parlementaire sur l\u2019Ex\u00e9cutif\"}]},{\"@type\":\"WebSite\",\"@id\":\"https:\\\/\\\/lasentinelle.dz\\\/#website\",\"url\":\"https:\\\/\\\/lasentinelle.dz\\\/\",\"name\":\"La Sentinelle\",\"description\":\"Quotidien national d&#039;information\",\"publisher\":{\"@id\":\"https:\\\/\\\/lasentinelle.dz\\\/#organization\"},\"potentialAction\":[{\"@type\":\"SearchAction\",\"target\":{\"@type\":\"EntryPoint\",\"urlTemplate\":\"https:\\\/\\\/lasentinelle.dz\\\/?s={search_term_string}\"},\"query-input\":{\"@type\":\"PropertyValueSpecification\",\"valueRequired\":true,\"valueName\":\"search_term_string\"}}],\"inLanguage\":\"fr-FR\"},{\"@type\":\"Organization\",\"@id\":\"https:\\\/\\\/lasentinelle.dz\\\/#organization\",\"name\":\"Quotidien La Sentinelle\",\"url\":\"https:\\\/\\\/lasentinelle.dz\\\/\",\"logo\":{\"@type\":\"ImageObject\",\"inLanguage\":\"fr-FR\",\"@id\":\"https:\\\/\\\/lasentinelle.dz\\\/#\\\/schema\\\/logo\\\/image\\\/\",\"url\":\"https:\\\/\\\/lasentinelle.dz\\\/wp-content\\\/uploads\\\/2021\\\/09\\\/logo-sentinelleSLOGAN-1.png\",\"contentUrl\":\"https:\\\/\\\/lasentinelle.dz\\\/wp-content\\\/uploads\\\/2021\\\/09\\\/logo-sentinelleSLOGAN-1.png\",\"width\":615,\"height\":142,\"caption\":\"Quotidien La Sentinelle\"},\"image\":{\"@id\":\"https:\\\/\\\/lasentinelle.dz\\\/#\\\/schema\\\/logo\\\/image\\\/\"},\"sameAs\":[\"https:\\\/\\\/www.facebook.com\\\/La-Sentinelle-104059864394773\"]},{\"@type\":\"Person\",\"@id\":\"https:\\\/\\\/lasentinelle.dz\\\/#\\\/schema\\\/person\\\/d865044e22e70a75174ce8bcad3acfb3\",\"name\":\"La Sentinelle\",\"image\":{\"@type\":\"ImageObject\",\"inLanguage\":\"fr-FR\",\"@id\":\"https:\\\/\\\/secure.gravatar.com\\\/avatar\\\/57de8e5d4b15d43fb361a71fbb36338450fe67865b528a43dd10ef7c51a20392?s=96&d=mm&r=g\",\"url\":\"https:\\\/\\\/secure.gravatar.com\\\/avatar\\\/57de8e5d4b15d43fb361a71fbb36338450fe67865b528a43dd10ef7c51a20392?s=96&d=mm&r=g\",\"contentUrl\":\"https:\\\/\\\/secure.gravatar.com\\\/avatar\\\/57de8e5d4b15d43fb361a71fbb36338450fe67865b528a43dd10ef7c51a20392?s=96&d=mm&r=g\",\"caption\":\"La Sentinelle\"},\"sameAs\":[\"http:\\\/\\\/www.lasentinelle.dz\"],\"url\":\"https:\\\/\\\/lasentinelle.dz\\\/author\\\/redaction\\\/\"}]}<\/script>\n<!-- \/ Yoast SEO plugin. -->","yoast_head_json":{"title":"Le projet de loi organique fixant l&rsquo;organisation des Chambres du Parlement pr\u00e9sent\u00e9\u00a0: Renforcer le contr\u00f4le parlementaire sur l\u2019Ex\u00e9cutif - La Sentinelle","robots":{"index":"index","follow":"follow","max-snippet":"max-snippet:-1","max-image-preview":"max-image-preview:large","max-video-preview":"max-video-preview:-1"},"canonical":"https:\/\/lasentinelle.dz\/index.php\/2023\/03\/27\/le-projet-de-loi-organique-fixant-lorganisation-des-chambres-du-parlement-presente-renforcer-le-controle-parlementaire-sur-lexecutif\/","og_locale":"fr_FR","og_type":"article","og_title":"Le projet de loi organique fixant l&rsquo;organisation des Chambres du Parlement pr\u00e9sent\u00e9\u00a0: Renforcer le contr\u00f4le parlementaire sur l\u2019Ex\u00e9cutif - La Sentinelle","og_description":"&nbsp;La ministre des Relations avec le Parlement, Basma Azouar, a estim\u00e9 hier que le projet de loi organique modifiant et","og_url":"https:\/\/lasentinelle.dz\/index.php\/2023\/03\/27\/le-projet-de-loi-organique-fixant-lorganisation-des-chambres-du-parlement-presente-renforcer-le-controle-parlementaire-sur-lexecutif\/","og_site_name":"La Sentinelle","article_publisher":"https:\/\/www.facebook.com\/La-Sentinelle-104059864394773","article_published_time":"2023-03-27T21:08:00+00:00","og_image":[{"width":1351,"height":900,"url":"https:\/\/lasentinelle.dz\/wp-content\/uploads\/2023\/03\/conseil-de-la-Nation.png","type":"image\/png"}],"author":"La Sentinelle","twitter_card":"summary_large_image","twitter_misc":{"\u00c9crit par":"La Sentinelle","Dur\u00e9e de lecture estim\u00e9e":"3 minutes"},"schema":{"@context":"https:\/\/schema.org","@graph":[{"@type":"Article","@id":"https:\/\/lasentinelle.dz\/index.php\/2023\/03\/27\/le-projet-de-loi-organique-fixant-lorganisation-des-chambres-du-parlement-presente-renforcer-le-controle-parlementaire-sur-lexecutif\/#article","isPartOf":{"@id":"https:\/\/lasentinelle.dz\/index.php\/2023\/03\/27\/le-projet-de-loi-organique-fixant-lorganisation-des-chambres-du-parlement-presente-renforcer-le-controle-parlementaire-sur-lexecutif\/"},"author":{"name":"La Sentinelle","@id":"https:\/\/lasentinelle.dz\/#\/schema\/person\/d865044e22e70a75174ce8bcad3acfb3"},"headline":"Le projet de loi organique fixant l&rsquo;organisation des Chambres du Parlement pr\u00e9sent\u00e9\u00a0: Renforcer le contr\u00f4le parlementaire sur l\u2019Ex\u00e9cutif","datePublished":"2023-03-27T21:08:00+00:00","mainEntityOfPage":{"@id":"https:\/\/lasentinelle.dz\/index.php\/2023\/03\/27\/le-projet-de-loi-organique-fixant-lorganisation-des-chambres-du-parlement-presente-renforcer-le-controle-parlementaire-sur-lexecutif\/"},"wordCount":541,"commentCount":0,"publisher":{"@id":"https:\/\/lasentinelle.dz\/#organization"},"image":{"@id":"https:\/\/lasentinelle.dz\/index.php\/2023\/03\/27\/le-projet-de-loi-organique-fixant-lorganisation-des-chambres-du-parlement-presente-renforcer-le-controle-parlementaire-sur-lexecutif\/#primaryimage"},"thumbnailUrl":"https:\/\/lasentinelle.dz\/wp-content\/uploads\/2023\/03\/conseil-de-la-Nation.png","articleSection":["\u00c0 la Une","Actualit\u00e9"],"inLanguage":"fr-FR","potentialAction":[{"@type":"CommentAction","name":"Comment","target":["https:\/\/lasentinelle.dz\/index.php\/2023\/03\/27\/le-projet-de-loi-organique-fixant-lorganisation-des-chambres-du-parlement-presente-renforcer-le-controle-parlementaire-sur-lexecutif\/#respond"]}]},{"@type":"WebPage","@id":"https:\/\/lasentinelle.dz\/index.php\/2023\/03\/27\/le-projet-de-loi-organique-fixant-lorganisation-des-chambres-du-parlement-presente-renforcer-le-controle-parlementaire-sur-lexecutif\/","url":"https:\/\/lasentinelle.dz\/index.php\/2023\/03\/27\/le-projet-de-loi-organique-fixant-lorganisation-des-chambres-du-parlement-presente-renforcer-le-controle-parlementaire-sur-lexecutif\/","name":"Le projet de loi organique fixant l&rsquo;organisation des Chambres du Parlement pr\u00e9sent\u00e9\u00a0: Renforcer le contr\u00f4le parlementaire sur l\u2019Ex\u00e9cutif - La Sentinelle","isPartOf":{"@id":"https:\/\/lasentinelle.dz\/#website"},"primaryImageOfPage":{"@id":"https:\/\/lasentinelle.dz\/index.php\/2023\/03\/27\/le-projet-de-loi-organique-fixant-lorganisation-des-chambres-du-parlement-presente-renforcer-le-controle-parlementaire-sur-lexecutif\/#primaryimage"},"image":{"@id":"https:\/\/lasentinelle.dz\/index.php\/2023\/03\/27\/le-projet-de-loi-organique-fixant-lorganisation-des-chambres-du-parlement-presente-renforcer-le-controle-parlementaire-sur-lexecutif\/#primaryimage"},"thumbnailUrl":"https:\/\/lasentinelle.dz\/wp-content\/uploads\/2023\/03\/conseil-de-la-Nation.png","datePublished":"2023-03-27T21:08:00+00:00","breadcrumb":{"@id":"https:\/\/lasentinelle.dz\/index.php\/2023\/03\/27\/le-projet-de-loi-organique-fixant-lorganisation-des-chambres-du-parlement-presente-renforcer-le-controle-parlementaire-sur-lexecutif\/#breadcrumb"},"inLanguage":"fr-FR","potentialAction":[{"@type":"ReadAction","target":["https:\/\/lasentinelle.dz\/index.php\/2023\/03\/27\/le-projet-de-loi-organique-fixant-lorganisation-des-chambres-du-parlement-presente-renforcer-le-controle-parlementaire-sur-lexecutif\/"]}]},{"@type":"ImageObject","inLanguage":"fr-FR","@id":"https:\/\/lasentinelle.dz\/index.php\/2023\/03\/27\/le-projet-de-loi-organique-fixant-lorganisation-des-chambres-du-parlement-presente-renforcer-le-controle-parlementaire-sur-lexecutif\/#primaryimage","url":"https:\/\/lasentinelle.dz\/wp-content\/uploads\/2023\/03\/conseil-de-la-Nation.png","contentUrl":"https:\/\/lasentinelle.dz\/wp-content\/uploads\/2023\/03\/conseil-de-la-Nation.png","width":1351,"height":900},{"@type":"BreadcrumbList","@id":"https:\/\/lasentinelle.dz\/index.php\/2023\/03\/27\/le-projet-de-loi-organique-fixant-lorganisation-des-chambres-du-parlement-presente-renforcer-le-controle-parlementaire-sur-lexecutif\/#breadcrumb","itemListElement":[{"@type":"ListItem","position":1,"name":"Accueil","item":"https:\/\/lasentinelle.dz\/"},{"@type":"ListItem","position":2,"name":"Le projet de loi organique fixant l&rsquo;organisation des Chambres du Parlement pr\u00e9sent\u00e9\u00a0: Renforcer le contr\u00f4le parlementaire sur l\u2019Ex\u00e9cutif"}]},{"@type":"WebSite","@id":"https:\/\/lasentinelle.dz\/#website","url":"https:\/\/lasentinelle.dz\/","name":"La Sentinelle","description":"Quotidien national d&#039;information","publisher":{"@id":"https:\/\/lasentinelle.dz\/#organization"},"potentialAction":[{"@type":"SearchAction","target":{"@type":"EntryPoint","urlTemplate":"https:\/\/lasentinelle.dz\/?s={search_term_string}"},"query-input":{"@type":"PropertyValueSpecification","valueRequired":true,"valueName":"search_term_string"}}],"inLanguage":"fr-FR"},{"@type":"Organization","@id":"https:\/\/lasentinelle.dz\/#organization","name":"Quotidien La Sentinelle","url":"https:\/\/lasentinelle.dz\/","logo":{"@type":"ImageObject","inLanguage":"fr-FR","@id":"https:\/\/lasentinelle.dz\/#\/schema\/logo\/image\/","url":"https:\/\/lasentinelle.dz\/wp-content\/uploads\/2021\/09\/logo-sentinelleSLOGAN-1.png","contentUrl":"https:\/\/lasentinelle.dz\/wp-content\/uploads\/2021\/09\/logo-sentinelleSLOGAN-1.png","width":615,"height":142,"caption":"Quotidien La Sentinelle"},"image":{"@id":"https:\/\/lasentinelle.dz\/#\/schema\/logo\/image\/"},"sameAs":["https:\/\/www.facebook.com\/La-Sentinelle-104059864394773"]},{"@type":"Person","@id":"https:\/\/lasentinelle.dz\/#\/schema\/person\/d865044e22e70a75174ce8bcad3acfb3","name":"La Sentinelle","image":{"@type":"ImageObject","inLanguage":"fr-FR","@id":"https:\/\/secure.gravatar.com\/avatar\/57de8e5d4b15d43fb361a71fbb36338450fe67865b528a43dd10ef7c51a20392?s=96&d=mm&r=g","url":"https:\/\/secure.gravatar.com\/avatar\/57de8e5d4b15d43fb361a71fbb36338450fe67865b528a43dd10ef7c51a20392?s=96&d=mm&r=g","contentUrl":"https:\/\/secure.gravatar.com\/avatar\/57de8e5d4b15d43fb361a71fbb36338450fe67865b528a43dd10ef7c51a20392?s=96&d=mm&r=g","caption":"La Sentinelle"},"sameAs":["http:\/\/www.lasentinelle.dz"],"url":"https:\/\/lasentinelle.dz\/author\/redaction\/"}]}},"_links":{"self":[{"href":"https:\/\/lasentinelle.dz\/index.php\/wp-json\/wp\/v2\/posts\/38579","targetHints":{"allow":["GET"]}}],"collection":[{"href":"https:\/\/lasentinelle.dz\/index.php\/wp-json\/wp\/v2\/posts"}],"about":[{"href":"https:\/\/lasentinelle.dz\/index.php\/wp-json\/wp\/v2\/types\/post"}],"author":[{"embeddable":true,"href":"https:\/\/lasentinelle.dz\/index.php\/wp-json\/wp\/v2\/users\/3"}],"replies":[{"embeddable":true,"href":"https:\/\/lasentinelle.dz\/index.php\/wp-json\/wp\/v2\/comments?post=38579"}],"version-history":[{"count":1,"href":"https:\/\/lasentinelle.dz\/index.php\/wp-json\/wp\/v2\/posts\/38579\/revisions"}],"predecessor-version":[{"id":38594,"href":"https:\/\/lasentinelle.dz\/index.php\/wp-json\/wp\/v2\/posts\/38579\/revisions\/38594"}],"wp:featuredmedia":[{"embeddable":true,"href":"https:\/\/lasentinelle.dz\/index.php\/wp-json\/wp\/v2\/media\/38586"}],"wp:attachment":[{"href":"https:\/\/lasentinelle.dz\/index.php\/wp-json\/wp\/v2\/media?parent=38579"}],"wp:term":[{"taxonomy":"category","embeddable":true,"href":"https:\/\/lasentinelle.dz\/index.php\/wp-json\/wp\/v2\/categories?post=38579"},{"taxonomy":"post_tag","embeddable":true,"href":"https:\/\/lasentinelle.dz\/index.php\/wp-json\/wp\/v2\/tags?post=38579"}],"curies":[{"name":"wp","href":"https:\/\/api.w.org\/{rel}","templated":true}]}}