{"id":38585,"date":"2023-03-27T22:05:00","date_gmt":"2023-03-27T21:05:00","guid":{"rendered":"https:\/\/lasentinelle.dz\/?p=38585"},"modified":"2023-03-27T18:20:13","modified_gmt":"2023-03-27T17:20:13","slug":"atelier-de-formation-sur-le-classement-times-higher-education-ameliorer-la-visibilite-des-universites-algeriennes","status":"publish","type":"post","link":"https:\/\/lasentinelle.dz\/index.php\/2023\/03\/27\/atelier-de-formation-sur-le-classement-times-higher-education-ameliorer-la-visibilite-des-universites-algeriennes\/","title":{"rendered":"Atelier de formation sur le classement \u00ab\u00a0Times Higher Education\u00a0\u00bb\u00a0: Am\u00e9liorer la visibilit\u00e9 des universit\u00e9s alg\u00e9riennes"},"content":{"rendered":"\n<p>L\u2019am\u00e9lioration du classement des universit\u00e9s alg\u00e9riennes est l\u2019un des axes prioritaires sur lequel planche le minist\u00e8re de l\u2019Enseignement sup\u00e9rieur et de la Recherche scientifique. Une feuille de route pour am\u00e9liorer la visibilit\u00e9 des universit\u00e9s alg\u00e9riennes a, dans ce sens, \u00e9t\u00e9 mise en place. C\u2019est dans ce contexte que la direction g\u00e9n\u00e9rale de la recherche scientifique et du d\u00e9veloppement technologique (DGRSDT) a organis\u00e9 r\u00e9cemment un atelier de formation sur le classement \u00ab\u00a0Times Higher Education\u00a0\u00bb (THE) des \u00e9tablissements de l&rsquo;enseignement sup\u00e9rieur, visant \u00e0 mettre en lumi\u00e8re l&rsquo;importance de ce classement, ainsi que les avantages et les opportunit\u00e9s qu&rsquo;il offre aux \u00e9tablissements universitaires en vue de&nbsp; connaitre les modes et les outils n\u00e9cessaires \u00e0 l&rsquo;am\u00e9lioration de la visibilit\u00e9 des universit\u00e9s alg\u00e9riennes. Selon un communiqu\u00e9 du minist\u00e8re de l&rsquo;Enseignement sup\u00e9rieur et de la Recherche scientifique, publi\u00e9 hier, \u00ab&nbsp;dans le cadre des efforts du minist\u00e8re de l&rsquo;Enseignement sup\u00e9rieur et de la Recherche scientifique visant \u00e0 am\u00e9liorer la visibilit\u00e9 et le classement des \u00e9tablissements universitaires et de recherche, la DGRSDT a organis\u00e9 r\u00e9cemment un atelier de formation sur le classement +THE+, au profit des responsables de coordination de 25 \u00e9tablissements de l&rsquo;enseignement sup\u00e9rieur et de la recherche scientifique, encadr\u00e9s par des experts internationaux de l&rsquo;\u00e9tablissement +THE+ et de l&rsquo;\u00e9dition scientifique mondiale +Assafir+&nbsp;\u00bb. Le classement \u00ab\u00a0Times Higher Education\u00a0\u00bb des \u00e9tablissements d&rsquo;enseignement sup\u00e9rieur publi\u00e9 par la revue londonienne \u00ab\u00a0The Times\u00a0\u00bb, a \u00e9t\u00e9 cr\u00e9\u00e9 fin 2004 au profit des \u00e9tudiants, des responsables universitaires et acad\u00e9miques ainsi que des d\u00e9cideurs.<\/p>\n\n\n\n<p>Il permet d&rsquo;expliquer les proc\u00e9d\u00e9s d&rsquo;insertion des donn\u00e9es des \u00e9tablissements candidats et classe actuellement plus de 1.700 \u00e9tablissements universitaires partout dans le monde. La m\u00e9thodologie utilis\u00e9e par ce classement repose sur un ensemble complexe d&rsquo;indicateurs quantitatifs et qualitatifs qui incluent le nombre d&rsquo;enseignants-chercheurs et d&rsquo;\u00e9tudiants, la production scientifique et son impact sur les bases de donn\u00e9es Scopus, la qualit\u00e9 de l&rsquo;enseignement, l&rsquo;ouverture \u00e0 l&rsquo;international et l&rsquo;attractivit\u00e9 des \u00e9tablissements. Cette m\u00e9thodologie s&rsquo;appuie sur 17 indicateurs soigneusement s\u00e9lectionn\u00e9s pour fournir les comparaisons les plus compl\u00e8tes et les plus \u00e9quilibr\u00e9es, d\u00e9clin\u00e9es en cinq principaux axes, \u00e0 savoir : la qualit\u00e9 de l&rsquo;enseignement sup\u00e9rieur, la qualit\u00e9 de la recherche scientifique, les citations, l&rsquo;ouverture internationale et l&rsquo;incidence sur l&rsquo;industrie.<\/p>\n\n\n\n<p>Cet atelier vise, donc, \u00e0 \u00ab\u00a0mettre en lumi\u00e8re l&rsquo;importance du classement +THE+, ainsi que les avantages et les opportunit\u00e9s qu&rsquo;il offre aux \u00e9tablissements universitaires pour connaitre les modes et les outils n\u00e9cessaires \u00e0 l&rsquo;am\u00e9lioration de la visibilit\u00e9 des universit\u00e9s alg\u00e9riennes\u00a0\u00bb, et ce \u00ab\u00a0en contribuant au renforcement et \u00e0 la promotion de leur visibilit\u00e9 au niveau international\u00a0\u00bb et \u00ab\u00a0en mettant en valeur les comp\u00e9tences scientifiques\u00a0\u00bb. L&rsquo;am\u00e9lioration de la visibilit\u00e9 de l&rsquo;universit\u00e9 alg\u00e9rienne passe par \u00ab\u00a0l&rsquo;\u00e9tablissement de partenariats strat\u00e9giques\u00a0\u00bb et \u00ab\u00a0l&rsquo;information sur les m\u00e9canismes de classement, pour permettre \u00e0 l&rsquo;universit\u00e9 de d\u00e9velopper et d&rsquo;adapter les strat\u00e9gies de l&rsquo;enseignement sup\u00e9rieur et de la recherche scientifique\u00a0\u00bb, ajoute le communiqu\u00e9.<\/p>\n\n\n\n<p>R.N.<\/p>\n","protected":false},"excerpt":{"rendered":"<p>L\u2019am\u00e9lioration du classement des universit\u00e9s alg\u00e9riennes est l\u2019un des axes prioritaires sur lequel planche le minist\u00e8re de l\u2019Enseignement sup\u00e9rieur et<\/p>\n","protected":false},"author":3,"featured_media":38588,"comment_status":"open","ping_status":"closed","sticky":false,"template":"","format":"standard","meta":{"colormag_page_container_layout":"default_layout","colormag_page_sidebar_layout":"default_layout","om_disable_all_campaigns":false,"_monsterinsights_skip_tracking":false,"_monsterinsights_sitenote_active":false,"_monsterinsights_sitenote_note":"","_monsterinsights_sitenote_category":0,"footnotes":"","_wpscppro_dont_share_socialmedia":false,"_wpscppro_custom_social_share_image":0,"_facebook_share_type":"","_twitter_share_type":"","_linkedin_share_type":"","_pinterest_share_type":"","_linkedin_share_type_page":"","_instagram_share_type":"","_medium_share_type":"","_threads_share_type":"","_google_business_share_type":"","_selected_social_profile":[],"_wpsp_enable_custom_social_template":false,"_wpsp_social_scheduling":{"enabled":false,"datetime":null,"platforms":[],"status":"template_only","dateOption":"today","timeOption":"now","customDays":"","customHours":"","customDate":"","customTime":"","schedulingType":"absolute"},"_wpsp_active_default_template":true},"categories":[27],"tags":[],"class_list":["post-38585","post","type-post","status-publish","format-standard","has-post-thumbnail","hentry","category-actualite"],"aioseo_notices":[],"yoast_head":"<!-- This site is optimized with the Yoast SEO plugin v27.5 - https:\/\/yoast.com\/product\/yoast-seo-wordpress\/ -->\n<title>Atelier de formation sur le classement \u00ab\u00a0Times Higher Education\u00a0\u00bb\u00a0: Am\u00e9liorer la visibilit\u00e9 des universit\u00e9s alg\u00e9riennes - La Sentinelle<\/title>\n<meta name=\"robots\" content=\"index, follow, max-snippet:-1, max-image-preview:large, max-video-preview:-1\" \/>\n<link rel=\"canonical\" href=\"https:\/\/lasentinelle.dz\/index.php\/2023\/03\/27\/atelier-de-formation-sur-le-classement-times-higher-education-ameliorer-la-visibilite-des-universites-algeriennes\/\" \/>\n<meta property=\"og:locale\" content=\"fr_FR\" \/>\n<meta property=\"og:type\" content=\"article\" \/>\n<meta property=\"og:title\" content=\"Atelier de formation sur le classement \u00ab\u00a0Times Higher Education\u00a0\u00bb\u00a0: Am\u00e9liorer la visibilit\u00e9 des universit\u00e9s alg\u00e9riennes - La Sentinelle\" \/>\n<meta property=\"og:description\" content=\"L\u2019am\u00e9lioration du classement des universit\u00e9s alg\u00e9riennes est l\u2019un des axes prioritaires sur lequel planche le minist\u00e8re de l\u2019Enseignement sup\u00e9rieur et\" \/>\n<meta property=\"og:url\" content=\"https:\/\/lasentinelle.dz\/index.php\/2023\/03\/27\/atelier-de-formation-sur-le-classement-times-higher-education-ameliorer-la-visibilite-des-universites-algeriennes\/\" \/>\n<meta property=\"og:site_name\" content=\"La Sentinelle\" \/>\n<meta property=\"article:publisher\" content=\"https:\/\/www.facebook.com\/La-Sentinelle-104059864394773\" \/>\n<meta property=\"article:published_time\" content=\"2023-03-27T21:05:00+00:00\" \/>\n<meta property=\"og:image\" content=\"https:\/\/lasentinelle.dz\/wp-content\/uploads\/2023\/03\/image_2023-03-27_182004924.png\" \/>\n\t<meta property=\"og:image:width\" content=\"580\" \/>\n\t<meta property=\"og:image:height\" content=\"350\" \/>\n\t<meta property=\"og:image:type\" content=\"image\/png\" \/>\n<meta name=\"author\" content=\"La Sentinelle\" \/>\n<meta name=\"twitter:card\" content=\"summary_large_image\" \/>\n<meta name=\"twitter:label1\" content=\"\u00c9crit par\" \/>\n\t<meta name=\"twitter:data1\" content=\"La Sentinelle\" \/>\n\t<meta name=\"twitter:label2\" content=\"Dur\u00e9e de lecture estim\u00e9e\" \/>\n\t<meta name=\"twitter:data2\" content=\"3 minutes\" \/>\n<script type=\"application\/ld+json\" class=\"yoast-schema-graph\">{\"@context\":\"https:\\\/\\\/schema.org\",\"@graph\":[{\"@type\":\"Article\",\"@id\":\"https:\\\/\\\/lasentinelle.dz\\\/index.php\\\/2023\\\/03\\\/27\\\/atelier-de-formation-sur-le-classement-times-higher-education-ameliorer-la-visibilite-des-universites-algeriennes\\\/#article\",\"isPartOf\":{\"@id\":\"https:\\\/\\\/lasentinelle.dz\\\/index.php\\\/2023\\\/03\\\/27\\\/atelier-de-formation-sur-le-classement-times-higher-education-ameliorer-la-visibilite-des-universites-algeriennes\\\/\"},\"author\":{\"name\":\"La Sentinelle\",\"@id\":\"https:\\\/\\\/lasentinelle.dz\\\/#\\\/schema\\\/person\\\/d865044e22e70a75174ce8bcad3acfb3\"},\"headline\":\"Atelier de formation sur le classement \u00ab\u00a0Times Higher Education\u00a0\u00bb\u00a0: Am\u00e9liorer la visibilit\u00e9 des universit\u00e9s alg\u00e9riennes\",\"datePublished\":\"2023-03-27T21:05:00+00:00\",\"mainEntityOfPage\":{\"@id\":\"https:\\\/\\\/lasentinelle.dz\\\/index.php\\\/2023\\\/03\\\/27\\\/atelier-de-formation-sur-le-classement-times-higher-education-ameliorer-la-visibilite-des-universites-algeriennes\\\/\"},\"wordCount\":564,\"commentCount\":0,\"publisher\":{\"@id\":\"https:\\\/\\\/lasentinelle.dz\\\/#organization\"},\"image\":{\"@id\":\"https:\\\/\\\/lasentinelle.dz\\\/index.php\\\/2023\\\/03\\\/27\\\/atelier-de-formation-sur-le-classement-times-higher-education-ameliorer-la-visibilite-des-universites-algeriennes\\\/#primaryimage\"},\"thumbnailUrl\":\"https:\\\/\\\/lasentinelle.dz\\\/wp-content\\\/uploads\\\/2023\\\/03\\\/image_2023-03-27_182004924.png\",\"articleSection\":[\"Actualit\u00e9\"],\"inLanguage\":\"fr-FR\",\"potentialAction\":[{\"@type\":\"CommentAction\",\"name\":\"Comment\",\"target\":[\"https:\\\/\\\/lasentinelle.dz\\\/index.php\\\/2023\\\/03\\\/27\\\/atelier-de-formation-sur-le-classement-times-higher-education-ameliorer-la-visibilite-des-universites-algeriennes\\\/#respond\"]}]},{\"@type\":\"WebPage\",\"@id\":\"https:\\\/\\\/lasentinelle.dz\\\/index.php\\\/2023\\\/03\\\/27\\\/atelier-de-formation-sur-le-classement-times-higher-education-ameliorer-la-visibilite-des-universites-algeriennes\\\/\",\"url\":\"https:\\\/\\\/lasentinelle.dz\\\/index.php\\\/2023\\\/03\\\/27\\\/atelier-de-formation-sur-le-classement-times-higher-education-ameliorer-la-visibilite-des-universites-algeriennes\\\/\",\"name\":\"Atelier de formation sur le classement \u00ab\u00a0Times Higher Education\u00a0\u00bb\u00a0: Am\u00e9liorer la visibilit\u00e9 des universit\u00e9s alg\u00e9riennes - La Sentinelle\",\"isPartOf\":{\"@id\":\"https:\\\/\\\/lasentinelle.dz\\\/#website\"},\"primaryImageOfPage\":{\"@id\":\"https:\\\/\\\/lasentinelle.dz\\\/index.php\\\/2023\\\/03\\\/27\\\/atelier-de-formation-sur-le-classement-times-higher-education-ameliorer-la-visibilite-des-universites-algeriennes\\\/#primaryimage\"},\"image\":{\"@id\":\"https:\\\/\\\/lasentinelle.dz\\\/index.php\\\/2023\\\/03\\\/27\\\/atelier-de-formation-sur-le-classement-times-higher-education-ameliorer-la-visibilite-des-universites-algeriennes\\\/#primaryimage\"},\"thumbnailUrl\":\"https:\\\/\\\/lasentinelle.dz\\\/wp-content\\\/uploads\\\/2023\\\/03\\\/image_2023-03-27_182004924.png\",\"datePublished\":\"2023-03-27T21:05:00+00:00\",\"breadcrumb\":{\"@id\":\"https:\\\/\\\/lasentinelle.dz\\\/index.php\\\/2023\\\/03\\\/27\\\/atelier-de-formation-sur-le-classement-times-higher-education-ameliorer-la-visibilite-des-universites-algeriennes\\\/#breadcrumb\"},\"inLanguage\":\"fr-FR\",\"potentialAction\":[{\"@type\":\"ReadAction\",\"target\":[\"https:\\\/\\\/lasentinelle.dz\\\/index.php\\\/2023\\\/03\\\/27\\\/atelier-de-formation-sur-le-classement-times-higher-education-ameliorer-la-visibilite-des-universites-algeriennes\\\/\"]}]},{\"@type\":\"ImageObject\",\"inLanguage\":\"fr-FR\",\"@id\":\"https:\\\/\\\/lasentinelle.dz\\\/index.php\\\/2023\\\/03\\\/27\\\/atelier-de-formation-sur-le-classement-times-higher-education-ameliorer-la-visibilite-des-universites-algeriennes\\\/#primaryimage\",\"url\":\"https:\\\/\\\/lasentinelle.dz\\\/wp-content\\\/uploads\\\/2023\\\/03\\\/image_2023-03-27_182004924.png\",\"contentUrl\":\"https:\\\/\\\/lasentinelle.dz\\\/wp-content\\\/uploads\\\/2023\\\/03\\\/image_2023-03-27_182004924.png\",\"width\":580,\"height\":350},{\"@type\":\"BreadcrumbList\",\"@id\":\"https:\\\/\\\/lasentinelle.dz\\\/index.php\\\/2023\\\/03\\\/27\\\/atelier-de-formation-sur-le-classement-times-higher-education-ameliorer-la-visibilite-des-universites-algeriennes\\\/#breadcrumb\",\"itemListElement\":[{\"@type\":\"ListItem\",\"position\":1,\"name\":\"Accueil\",\"item\":\"https:\\\/\\\/lasentinelle.dz\\\/\"},{\"@type\":\"ListItem\",\"position\":2,\"name\":\"Atelier de formation sur le classement \u00ab\u00a0Times Higher Education\u00a0\u00bb\u00a0: Am\u00e9liorer la visibilit\u00e9 des universit\u00e9s alg\u00e9riennes\"}]},{\"@type\":\"WebSite\",\"@id\":\"https:\\\/\\\/lasentinelle.dz\\\/#website\",\"url\":\"https:\\\/\\\/lasentinelle.dz\\\/\",\"name\":\"La Sentinelle\",\"description\":\"Quotidien national d&#039;information\",\"publisher\":{\"@id\":\"https:\\\/\\\/lasentinelle.dz\\\/#organization\"},\"potentialAction\":[{\"@type\":\"SearchAction\",\"target\":{\"@type\":\"EntryPoint\",\"urlTemplate\":\"https:\\\/\\\/lasentinelle.dz\\\/?s={search_term_string}\"},\"query-input\":{\"@type\":\"PropertyValueSpecification\",\"valueRequired\":true,\"valueName\":\"search_term_string\"}}],\"inLanguage\":\"fr-FR\"},{\"@type\":\"Organization\",\"@id\":\"https:\\\/\\\/lasentinelle.dz\\\/#organization\",\"name\":\"Quotidien La Sentinelle\",\"url\":\"https:\\\/\\\/lasentinelle.dz\\\/\",\"logo\":{\"@type\":\"ImageObject\",\"inLanguage\":\"fr-FR\",\"@id\":\"https:\\\/\\\/lasentinelle.dz\\\/#\\\/schema\\\/logo\\\/image\\\/\",\"url\":\"https:\\\/\\\/lasentinelle.dz\\\/wp-content\\\/uploads\\\/2021\\\/09\\\/logo-sentinelleSLOGAN-1.png\",\"contentUrl\":\"https:\\\/\\\/lasentinelle.dz\\\/wp-content\\\/uploads\\\/2021\\\/09\\\/logo-sentinelleSLOGAN-1.png\",\"width\":615,\"height\":142,\"caption\":\"Quotidien La Sentinelle\"},\"image\":{\"@id\":\"https:\\\/\\\/lasentinelle.dz\\\/#\\\/schema\\\/logo\\\/image\\\/\"},\"sameAs\":[\"https:\\\/\\\/www.facebook.com\\\/La-Sentinelle-104059864394773\"]},{\"@type\":\"Person\",\"@id\":\"https:\\\/\\\/lasentinelle.dz\\\/#\\\/schema\\\/person\\\/d865044e22e70a75174ce8bcad3acfb3\",\"name\":\"La Sentinelle\",\"image\":{\"@type\":\"ImageObject\",\"inLanguage\":\"fr-FR\",\"@id\":\"https:\\\/\\\/secure.gravatar.com\\\/avatar\\\/57de8e5d4b15d43fb361a71fbb36338450fe67865b528a43dd10ef7c51a20392?s=96&d=mm&r=g\",\"url\":\"https:\\\/\\\/secure.gravatar.com\\\/avatar\\\/57de8e5d4b15d43fb361a71fbb36338450fe67865b528a43dd10ef7c51a20392?s=96&d=mm&r=g\",\"contentUrl\":\"https:\\\/\\\/secure.gravatar.com\\\/avatar\\\/57de8e5d4b15d43fb361a71fbb36338450fe67865b528a43dd10ef7c51a20392?s=96&d=mm&r=g\",\"caption\":\"La Sentinelle\"},\"sameAs\":[\"http:\\\/\\\/www.lasentinelle.dz\"],\"url\":\"https:\\\/\\\/lasentinelle.dz\\\/author\\\/redaction\\\/\"}]}<\/script>\n<!-- \/ Yoast SEO plugin. -->","yoast_head_json":{"title":"Atelier de formation sur le classement \u00ab\u00a0Times Higher Education\u00a0\u00bb\u00a0: Am\u00e9liorer la visibilit\u00e9 des universit\u00e9s alg\u00e9riennes - La Sentinelle","robots":{"index":"index","follow":"follow","max-snippet":"max-snippet:-1","max-image-preview":"max-image-preview:large","max-video-preview":"max-video-preview:-1"},"canonical":"https:\/\/lasentinelle.dz\/index.php\/2023\/03\/27\/atelier-de-formation-sur-le-classement-times-higher-education-ameliorer-la-visibilite-des-universites-algeriennes\/","og_locale":"fr_FR","og_type":"article","og_title":"Atelier de formation sur le classement \u00ab\u00a0Times Higher Education\u00a0\u00bb\u00a0: Am\u00e9liorer la visibilit\u00e9 des universit\u00e9s alg\u00e9riennes - La Sentinelle","og_description":"L\u2019am\u00e9lioration du classement des universit\u00e9s alg\u00e9riennes est l\u2019un des axes prioritaires sur lequel planche le minist\u00e8re de l\u2019Enseignement sup\u00e9rieur et","og_url":"https:\/\/lasentinelle.dz\/index.php\/2023\/03\/27\/atelier-de-formation-sur-le-classement-times-higher-education-ameliorer-la-visibilite-des-universites-algeriennes\/","og_site_name":"La Sentinelle","article_publisher":"https:\/\/www.facebook.com\/La-Sentinelle-104059864394773","article_published_time":"2023-03-27T21:05:00+00:00","og_image":[{"width":580,"height":350,"url":"https:\/\/lasentinelle.dz\/wp-content\/uploads\/2023\/03\/image_2023-03-27_182004924.png","type":"image\/png"}],"author":"La Sentinelle","twitter_card":"summary_large_image","twitter_misc":{"\u00c9crit par":"La Sentinelle","Dur\u00e9e de lecture estim\u00e9e":"3 minutes"},"schema":{"@context":"https:\/\/schema.org","@graph":[{"@type":"Article","@id":"https:\/\/lasentinelle.dz\/index.php\/2023\/03\/27\/atelier-de-formation-sur-le-classement-times-higher-education-ameliorer-la-visibilite-des-universites-algeriennes\/#article","isPartOf":{"@id":"https:\/\/lasentinelle.dz\/index.php\/2023\/03\/27\/atelier-de-formation-sur-le-classement-times-higher-education-ameliorer-la-visibilite-des-universites-algeriennes\/"},"author":{"name":"La Sentinelle","@id":"https:\/\/lasentinelle.dz\/#\/schema\/person\/d865044e22e70a75174ce8bcad3acfb3"},"headline":"Atelier de formation sur le classement \u00ab\u00a0Times Higher Education\u00a0\u00bb\u00a0: Am\u00e9liorer la visibilit\u00e9 des universit\u00e9s alg\u00e9riennes","datePublished":"2023-03-27T21:05:00+00:00","mainEntityOfPage":{"@id":"https:\/\/lasentinelle.dz\/index.php\/2023\/03\/27\/atelier-de-formation-sur-le-classement-times-higher-education-ameliorer-la-visibilite-des-universites-algeriennes\/"},"wordCount":564,"commentCount":0,"publisher":{"@id":"https:\/\/lasentinelle.dz\/#organization"},"image":{"@id":"https:\/\/lasentinelle.dz\/index.php\/2023\/03\/27\/atelier-de-formation-sur-le-classement-times-higher-education-ameliorer-la-visibilite-des-universites-algeriennes\/#primaryimage"},"thumbnailUrl":"https:\/\/lasentinelle.dz\/wp-content\/uploads\/2023\/03\/image_2023-03-27_182004924.png","articleSection":["Actualit\u00e9"],"inLanguage":"fr-FR","potentialAction":[{"@type":"CommentAction","name":"Comment","target":["https:\/\/lasentinelle.dz\/index.php\/2023\/03\/27\/atelier-de-formation-sur-le-classement-times-higher-education-ameliorer-la-visibilite-des-universites-algeriennes\/#respond"]}]},{"@type":"WebPage","@id":"https:\/\/lasentinelle.dz\/index.php\/2023\/03\/27\/atelier-de-formation-sur-le-classement-times-higher-education-ameliorer-la-visibilite-des-universites-algeriennes\/","url":"https:\/\/lasentinelle.dz\/index.php\/2023\/03\/27\/atelier-de-formation-sur-le-classement-times-higher-education-ameliorer-la-visibilite-des-universites-algeriennes\/","name":"Atelier de formation sur le classement \u00ab\u00a0Times Higher Education\u00a0\u00bb\u00a0: Am\u00e9liorer la visibilit\u00e9 des universit\u00e9s alg\u00e9riennes - La Sentinelle","isPartOf":{"@id":"https:\/\/lasentinelle.dz\/#website"},"primaryImageOfPage":{"@id":"https:\/\/lasentinelle.dz\/index.php\/2023\/03\/27\/atelier-de-formation-sur-le-classement-times-higher-education-ameliorer-la-visibilite-des-universites-algeriennes\/#primaryimage"},"image":{"@id":"https:\/\/lasentinelle.dz\/index.php\/2023\/03\/27\/atelier-de-formation-sur-le-classement-times-higher-education-ameliorer-la-visibilite-des-universites-algeriennes\/#primaryimage"},"thumbnailUrl":"https:\/\/lasentinelle.dz\/wp-content\/uploads\/2023\/03\/image_2023-03-27_182004924.png","datePublished":"2023-03-27T21:05:00+00:00","breadcrumb":{"@id":"https:\/\/lasentinelle.dz\/index.php\/2023\/03\/27\/atelier-de-formation-sur-le-classement-times-higher-education-ameliorer-la-visibilite-des-universites-algeriennes\/#breadcrumb"},"inLanguage":"fr-FR","potentialAction":[{"@type":"ReadAction","target":["https:\/\/lasentinelle.dz\/index.php\/2023\/03\/27\/atelier-de-formation-sur-le-classement-times-higher-education-ameliorer-la-visibilite-des-universites-algeriennes\/"]}]},{"@type":"ImageObject","inLanguage":"fr-FR","@id":"https:\/\/lasentinelle.dz\/index.php\/2023\/03\/27\/atelier-de-formation-sur-le-classement-times-higher-education-ameliorer-la-visibilite-des-universites-algeriennes\/#primaryimage","url":"https:\/\/lasentinelle.dz\/wp-content\/uploads\/2023\/03\/image_2023-03-27_182004924.png","contentUrl":"https:\/\/lasentinelle.dz\/wp-content\/uploads\/2023\/03\/image_2023-03-27_182004924.png","width":580,"height":350},{"@type":"BreadcrumbList","@id":"https:\/\/lasentinelle.dz\/index.php\/2023\/03\/27\/atelier-de-formation-sur-le-classement-times-higher-education-ameliorer-la-visibilite-des-universites-algeriennes\/#breadcrumb","itemListElement":[{"@type":"ListItem","position":1,"name":"Accueil","item":"https:\/\/lasentinelle.dz\/"},{"@type":"ListItem","position":2,"name":"Atelier de formation sur le classement \u00ab\u00a0Times Higher Education\u00a0\u00bb\u00a0: Am\u00e9liorer la visibilit\u00e9 des universit\u00e9s alg\u00e9riennes"}]},{"@type":"WebSite","@id":"https:\/\/lasentinelle.dz\/#website","url":"https:\/\/lasentinelle.dz\/","name":"La Sentinelle","description":"Quotidien national d&#039;information","publisher":{"@id":"https:\/\/lasentinelle.dz\/#organization"},"potentialAction":[{"@type":"SearchAction","target":{"@type":"EntryPoint","urlTemplate":"https:\/\/lasentinelle.dz\/?s={search_term_string}"},"query-input":{"@type":"PropertyValueSpecification","valueRequired":true,"valueName":"search_term_string"}}],"inLanguage":"fr-FR"},{"@type":"Organization","@id":"https:\/\/lasentinelle.dz\/#organization","name":"Quotidien La Sentinelle","url":"https:\/\/lasentinelle.dz\/","logo":{"@type":"ImageObject","inLanguage":"fr-FR","@id":"https:\/\/lasentinelle.dz\/#\/schema\/logo\/image\/","url":"https:\/\/lasentinelle.dz\/wp-content\/uploads\/2021\/09\/logo-sentinelleSLOGAN-1.png","contentUrl":"https:\/\/lasentinelle.dz\/wp-content\/uploads\/2021\/09\/logo-sentinelleSLOGAN-1.png","width":615,"height":142,"caption":"Quotidien La Sentinelle"},"image":{"@id":"https:\/\/lasentinelle.dz\/#\/schema\/logo\/image\/"},"sameAs":["https:\/\/www.facebook.com\/La-Sentinelle-104059864394773"]},{"@type":"Person","@id":"https:\/\/lasentinelle.dz\/#\/schema\/person\/d865044e22e70a75174ce8bcad3acfb3","name":"La Sentinelle","image":{"@type":"ImageObject","inLanguage":"fr-FR","@id":"https:\/\/secure.gravatar.com\/avatar\/57de8e5d4b15d43fb361a71fbb36338450fe67865b528a43dd10ef7c51a20392?s=96&d=mm&r=g","url":"https:\/\/secure.gravatar.com\/avatar\/57de8e5d4b15d43fb361a71fbb36338450fe67865b528a43dd10ef7c51a20392?s=96&d=mm&r=g","contentUrl":"https:\/\/secure.gravatar.com\/avatar\/57de8e5d4b15d43fb361a71fbb36338450fe67865b528a43dd10ef7c51a20392?s=96&d=mm&r=g","caption":"La Sentinelle"},"sameAs":["http:\/\/www.lasentinelle.dz"],"url":"https:\/\/lasentinelle.dz\/author\/redaction\/"}]}},"_links":{"self":[{"href":"https:\/\/lasentinelle.dz\/index.php\/wp-json\/wp\/v2\/posts\/38585","targetHints":{"allow":["GET"]}}],"collection":[{"href":"https:\/\/lasentinelle.dz\/index.php\/wp-json\/wp\/v2\/posts"}],"about":[{"href":"https:\/\/lasentinelle.dz\/index.php\/wp-json\/wp\/v2\/types\/post"}],"author":[{"embeddable":true,"href":"https:\/\/lasentinelle.dz\/index.php\/wp-json\/wp\/v2\/users\/3"}],"replies":[{"embeddable":true,"href":"https:\/\/lasentinelle.dz\/index.php\/wp-json\/wp\/v2\/comments?post=38585"}],"version-history":[{"count":1,"href":"https:\/\/lasentinelle.dz\/index.php\/wp-json\/wp\/v2\/posts\/38585\/revisions"}],"predecessor-version":[{"id":38589,"href":"https:\/\/lasentinelle.dz\/index.php\/wp-json\/wp\/v2\/posts\/38585\/revisions\/38589"}],"wp:featuredmedia":[{"embeddable":true,"href":"https:\/\/lasentinelle.dz\/index.php\/wp-json\/wp\/v2\/media\/38588"}],"wp:attachment":[{"href":"https:\/\/lasentinelle.dz\/index.php\/wp-json\/wp\/v2\/media?parent=38585"}],"wp:term":[{"taxonomy":"category","embeddable":true,"href":"https:\/\/lasentinelle.dz\/index.php\/wp-json\/wp\/v2\/categories?post=38585"},{"taxonomy":"post_tag","embeddable":true,"href":"https:\/\/lasentinelle.dz\/index.php\/wp-json\/wp\/v2\/tags?post=38585"}],"curies":[{"name":"wp","href":"https:\/\/api.w.org\/{rel}","templated":true}]}}