{"id":38595,"date":"2023-03-27T22:05:00","date_gmt":"2023-03-27T21:05:00","guid":{"rendered":"https:\/\/lasentinelle.dz\/?p=38595"},"modified":"2023-03-27T19:46:42","modified_gmt":"2023-03-27T18:46:42","slug":"une-nouvelle-vague-de-protestations-annoncee-pour-avril-le-makhzen-face-a-la-grogne-sociale","status":"publish","type":"post","link":"https:\/\/lasentinelle.dz\/index.php\/2023\/03\/27\/une-nouvelle-vague-de-protestations-annoncee-pour-avril-le-makhzen-face-a-la-grogne-sociale\/","title":{"rendered":"Une nouvelle vague de protestations annonc\u00e9e pour avril\u00a0: Le Makhzen face \u00e0 la grogne sociale"},"content":{"rendered":"\n<p>La grogne sociale persiste au Maroc. La rue gronde et cela n\u2019est pas pr\u00e8s de s\u2019arr\u00eater. Les syndicats se pr\u00e9parent d\u2019ailleurs \u00e0 une nouvelle vague de protestation d\u00e8s le mois d\u2019avril d\u00e9noncer la mis\u00e8re et la d\u00e9tresse sociale dans lesquelles des millions de Marocains ont \u00e9t\u00e9 plong\u00e9s et surtout d\u00e9noncer le m\u00e9pris affich\u00e9 par le Gouvernement Akhanouche lequel persiste \u00e0 ignorer la situation dramatique des Marocains.<\/p>\n\n\n\n<p>Face \u00e0 l&rsquo;agitation sociale caus\u00e9e par la crise inflationniste, la sp\u00e9culation et les monopoles entretenus par des conflits d\u2019int\u00e9r\u00eat au sein du Makhzen, un groupe de syndicats se pr\u00e9pare \u00e0 mener diverses manifestations pour exiger une intervention imm\u00e9diate du gouvernement pour soutenir le pouvoir d&rsquo;achat gravement affect\u00e9 de larges franges de la population marocaine.<\/p>\n\n\n\n<p>Dans cette optique, le Front Social Marocain a appel\u00e9 \u00e0 l&rsquo;organisation de manifestations dans diff\u00e9rentes villes marocaines en avril pour protester contre la hausse insens\u00e9e des prix et la d\u00e9t\u00e9rioration des conditions de vie des citoyens, soulignant que cette situation s&rsquo;ajoute \u00e0 l&rsquo;augmentation injustifi\u00e9e et excessive des prix des carburants, malgr\u00e9 leur baisse sur le plan international.<\/p>\n\n\n\n<p>Quant aux repr\u00e9sentants syndicaux nationaux des pharmaciens marocains, ils ont \u00e9galement annonc\u00e9 des gr\u00e8ves nationales en r\u00e9action \u00e0 la situation \u00e9conomique fragile du secteur et pour protester contre le non-respect des demandes l\u00e9gitimes des pharmaciens et le d\u00e9sengagement de la part des gouvernements pr\u00e9c\u00e9dents.<\/p>\n\n\n\n<p>Les syndicats des pharmaciens ont confirm\u00e9 leur intention de mener deux gr\u00e8ves cons\u00e9cutives avant une mont\u00e9e en puissance, en fermant toutes les pharmacies nationales dans tout le royaume.<\/p>\n\n\n\n<p>Les pharmaciens ont d\u00e9cid\u00e9 de faire gr\u00e8ve le jeudi 13 avril pendant 24 heures, et en l&rsquo;absence de r\u00e9ponse \u00e0 leurs revendications, une gr\u00e8ve de deux jours cons\u00e9cutifs sera annonc\u00e9e \u00e0 une date ult\u00e9rieure.<\/p>\n\n\n\n<p>Les pharmaciens ont imput\u00e9 la responsabilit\u00e9 de cette situation \u00e0 tous les partenaires des diff\u00e9rents secteurs gouvernementaux et ont averti que des milliers de pharmacies au Maroc \u00e9taient menac\u00e9es de faillite, sans la moindre r\u00e9action des responsables concern\u00e9s pour sauver le secteur et pr\u00e9server la sant\u00e9 des Marocains.<\/p>\n\n\n\n<p>R.N.<\/p>\n","protected":false},"excerpt":{"rendered":"<p>La grogne sociale persiste au Maroc. La rue gronde et cela n\u2019est pas pr\u00e8s de s\u2019arr\u00eater. Les syndicats se pr\u00e9parent<\/p>\n","protected":false},"author":3,"featured_media":38602,"comment_status":"open","ping_status":"closed","sticky":false,"template":"","format":"standard","meta":{"colormag_page_container_layout":"default_layout","colormag_page_sidebar_layout":"default_layout","om_disable_all_campaigns":false,"_monsterinsights_skip_tracking":false,"_monsterinsights_sitenote_active":false,"_monsterinsights_sitenote_note":"","_monsterinsights_sitenote_category":0,"footnotes":"","_wpscppro_dont_share_socialmedia":false,"_wpscppro_custom_social_share_image":0,"_facebook_share_type":"","_twitter_share_type":"","_linkedin_share_type":"","_pinterest_share_type":"","_linkedin_share_type_page":"","_instagram_share_type":"","_medium_share_type":"","_threads_share_type":"","_google_business_share_type":"","_selected_social_profile":[],"_wpsp_enable_custom_social_template":false,"_wpsp_social_scheduling":{"enabled":false,"datetime":null,"platforms":[],"status":"template_only","dateOption":"today","timeOption":"now","customDays":"","customHours":"","customDate":"","customTime":"","schedulingType":"absolute"},"_wpsp_active_default_template":true},"categories":[27],"tags":[],"class_list":["post-38595","post","type-post","status-publish","format-standard","has-post-thumbnail","hentry","category-actualite"],"aioseo_notices":[],"yoast_head":"<!-- This site is optimized with the Yoast SEO plugin v27.5 - https:\/\/yoast.com\/product\/yoast-seo-wordpress\/ -->\n<title>Une nouvelle vague de protestations annonc\u00e9e pour avril\u00a0: Le Makhzen face \u00e0 la grogne sociale - La Sentinelle<\/title>\n<meta name=\"robots\" content=\"index, follow, max-snippet:-1, max-image-preview:large, max-video-preview:-1\" \/>\n<link rel=\"canonical\" href=\"https:\/\/lasentinelle.dz\/index.php\/2023\/03\/27\/une-nouvelle-vague-de-protestations-annoncee-pour-avril-le-makhzen-face-a-la-grogne-sociale\/\" \/>\n<meta property=\"og:locale\" content=\"fr_FR\" \/>\n<meta property=\"og:type\" content=\"article\" \/>\n<meta property=\"og:title\" content=\"Une nouvelle vague de protestations annonc\u00e9e pour avril\u00a0: Le Makhzen face \u00e0 la grogne sociale - La Sentinelle\" \/>\n<meta property=\"og:description\" content=\"La grogne sociale persiste au Maroc. La rue gronde et cela n\u2019est pas pr\u00e8s de s\u2019arr\u00eater. Les syndicats se pr\u00e9parent\" \/>\n<meta property=\"og:url\" content=\"https:\/\/lasentinelle.dz\/index.php\/2023\/03\/27\/une-nouvelle-vague-de-protestations-annoncee-pour-avril-le-makhzen-face-a-la-grogne-sociale\/\" \/>\n<meta property=\"og:site_name\" content=\"La Sentinelle\" \/>\n<meta property=\"article:publisher\" content=\"https:\/\/www.facebook.com\/La-Sentinelle-104059864394773\" \/>\n<meta property=\"article:published_time\" content=\"2023-03-27T21:05:00+00:00\" \/>\n<meta property=\"og:image\" content=\"https:\/\/lasentinelle.dz\/wp-content\/uploads\/2023\/03\/image_2023-03-27_194609504.png\" \/>\n\t<meta property=\"og:image:width\" content=\"1600\" \/>\n\t<meta property=\"og:image:height\" content=\"900\" \/>\n\t<meta property=\"og:image:type\" content=\"image\/png\" \/>\n<meta name=\"author\" content=\"La Sentinelle\" \/>\n<meta name=\"twitter:card\" content=\"summary_large_image\" \/>\n<meta name=\"twitter:label1\" content=\"\u00c9crit par\" \/>\n\t<meta name=\"twitter:data1\" content=\"La Sentinelle\" \/>\n\t<meta name=\"twitter:label2\" content=\"Dur\u00e9e de lecture estim\u00e9e\" \/>\n\t<meta name=\"twitter:data2\" content=\"2 minutes\" \/>\n<script type=\"application\/ld+json\" class=\"yoast-schema-graph\">{\"@context\":\"https:\\\/\\\/schema.org\",\"@graph\":[{\"@type\":\"Article\",\"@id\":\"https:\\\/\\\/lasentinelle.dz\\\/index.php\\\/2023\\\/03\\\/27\\\/une-nouvelle-vague-de-protestations-annoncee-pour-avril-le-makhzen-face-a-la-grogne-sociale\\\/#article\",\"isPartOf\":{\"@id\":\"https:\\\/\\\/lasentinelle.dz\\\/index.php\\\/2023\\\/03\\\/27\\\/une-nouvelle-vague-de-protestations-annoncee-pour-avril-le-makhzen-face-a-la-grogne-sociale\\\/\"},\"author\":{\"name\":\"La Sentinelle\",\"@id\":\"https:\\\/\\\/lasentinelle.dz\\\/#\\\/schema\\\/person\\\/d865044e22e70a75174ce8bcad3acfb3\"},\"headline\":\"Une nouvelle vague de protestations annonc\u00e9e pour avril\u00a0: Le Makhzen face \u00e0 la grogne sociale\",\"datePublished\":\"2023-03-27T21:05:00+00:00\",\"mainEntityOfPage\":{\"@id\":\"https:\\\/\\\/lasentinelle.dz\\\/index.php\\\/2023\\\/03\\\/27\\\/une-nouvelle-vague-de-protestations-annoncee-pour-avril-le-makhzen-face-a-la-grogne-sociale\\\/\"},\"wordCount\":390,\"commentCount\":0,\"publisher\":{\"@id\":\"https:\\\/\\\/lasentinelle.dz\\\/#organization\"},\"image\":{\"@id\":\"https:\\\/\\\/lasentinelle.dz\\\/index.php\\\/2023\\\/03\\\/27\\\/une-nouvelle-vague-de-protestations-annoncee-pour-avril-le-makhzen-face-a-la-grogne-sociale\\\/#primaryimage\"},\"thumbnailUrl\":\"https:\\\/\\\/lasentinelle.dz\\\/wp-content\\\/uploads\\\/2023\\\/03\\\/image_2023-03-27_194609504.png\",\"articleSection\":[\"Actualit\u00e9\"],\"inLanguage\":\"fr-FR\",\"potentialAction\":[{\"@type\":\"CommentAction\",\"name\":\"Comment\",\"target\":[\"https:\\\/\\\/lasentinelle.dz\\\/index.php\\\/2023\\\/03\\\/27\\\/une-nouvelle-vague-de-protestations-annoncee-pour-avril-le-makhzen-face-a-la-grogne-sociale\\\/#respond\"]}]},{\"@type\":\"WebPage\",\"@id\":\"https:\\\/\\\/lasentinelle.dz\\\/index.php\\\/2023\\\/03\\\/27\\\/une-nouvelle-vague-de-protestations-annoncee-pour-avril-le-makhzen-face-a-la-grogne-sociale\\\/\",\"url\":\"https:\\\/\\\/lasentinelle.dz\\\/index.php\\\/2023\\\/03\\\/27\\\/une-nouvelle-vague-de-protestations-annoncee-pour-avril-le-makhzen-face-a-la-grogne-sociale\\\/\",\"name\":\"Une nouvelle vague de protestations annonc\u00e9e pour avril\u00a0: Le Makhzen face \u00e0 la grogne sociale - La Sentinelle\",\"isPartOf\":{\"@id\":\"https:\\\/\\\/lasentinelle.dz\\\/#website\"},\"primaryImageOfPage\":{\"@id\":\"https:\\\/\\\/lasentinelle.dz\\\/index.php\\\/2023\\\/03\\\/27\\\/une-nouvelle-vague-de-protestations-annoncee-pour-avril-le-makhzen-face-a-la-grogne-sociale\\\/#primaryimage\"},\"image\":{\"@id\":\"https:\\\/\\\/lasentinelle.dz\\\/index.php\\\/2023\\\/03\\\/27\\\/une-nouvelle-vague-de-protestations-annoncee-pour-avril-le-makhzen-face-a-la-grogne-sociale\\\/#primaryimage\"},\"thumbnailUrl\":\"https:\\\/\\\/lasentinelle.dz\\\/wp-content\\\/uploads\\\/2023\\\/03\\\/image_2023-03-27_194609504.png\",\"datePublished\":\"2023-03-27T21:05:00+00:00\",\"breadcrumb\":{\"@id\":\"https:\\\/\\\/lasentinelle.dz\\\/index.php\\\/2023\\\/03\\\/27\\\/une-nouvelle-vague-de-protestations-annoncee-pour-avril-le-makhzen-face-a-la-grogne-sociale\\\/#breadcrumb\"},\"inLanguage\":\"fr-FR\",\"potentialAction\":[{\"@type\":\"ReadAction\",\"target\":[\"https:\\\/\\\/lasentinelle.dz\\\/index.php\\\/2023\\\/03\\\/27\\\/une-nouvelle-vague-de-protestations-annoncee-pour-avril-le-makhzen-face-a-la-grogne-sociale\\\/\"]}]},{\"@type\":\"ImageObject\",\"inLanguage\":\"fr-FR\",\"@id\":\"https:\\\/\\\/lasentinelle.dz\\\/index.php\\\/2023\\\/03\\\/27\\\/une-nouvelle-vague-de-protestations-annoncee-pour-avril-le-makhzen-face-a-la-grogne-sociale\\\/#primaryimage\",\"url\":\"https:\\\/\\\/lasentinelle.dz\\\/wp-content\\\/uploads\\\/2023\\\/03\\\/image_2023-03-27_194609504.png\",\"contentUrl\":\"https:\\\/\\\/lasentinelle.dz\\\/wp-content\\\/uploads\\\/2023\\\/03\\\/image_2023-03-27_194609504.png\",\"width\":1600,\"height\":900},{\"@type\":\"BreadcrumbList\",\"@id\":\"https:\\\/\\\/lasentinelle.dz\\\/index.php\\\/2023\\\/03\\\/27\\\/une-nouvelle-vague-de-protestations-annoncee-pour-avril-le-makhzen-face-a-la-grogne-sociale\\\/#breadcrumb\",\"itemListElement\":[{\"@type\":\"ListItem\",\"position\":1,\"name\":\"Accueil\",\"item\":\"https:\\\/\\\/lasentinelle.dz\\\/\"},{\"@type\":\"ListItem\",\"position\":2,\"name\":\"Une nouvelle vague de protestations annonc\u00e9e pour avril\u00a0: Le Makhzen face \u00e0 la grogne sociale\"}]},{\"@type\":\"WebSite\",\"@id\":\"https:\\\/\\\/lasentinelle.dz\\\/#website\",\"url\":\"https:\\\/\\\/lasentinelle.dz\\\/\",\"name\":\"La Sentinelle\",\"description\":\"Quotidien national d&#039;information\",\"publisher\":{\"@id\":\"https:\\\/\\\/lasentinelle.dz\\\/#organization\"},\"potentialAction\":[{\"@type\":\"SearchAction\",\"target\":{\"@type\":\"EntryPoint\",\"urlTemplate\":\"https:\\\/\\\/lasentinelle.dz\\\/?s={search_term_string}\"},\"query-input\":{\"@type\":\"PropertyValueSpecification\",\"valueRequired\":true,\"valueName\":\"search_term_string\"}}],\"inLanguage\":\"fr-FR\"},{\"@type\":\"Organization\",\"@id\":\"https:\\\/\\\/lasentinelle.dz\\\/#organization\",\"name\":\"Quotidien La Sentinelle\",\"url\":\"https:\\\/\\\/lasentinelle.dz\\\/\",\"logo\":{\"@type\":\"ImageObject\",\"inLanguage\":\"fr-FR\",\"@id\":\"https:\\\/\\\/lasentinelle.dz\\\/#\\\/schema\\\/logo\\\/image\\\/\",\"url\":\"https:\\\/\\\/lasentinelle.dz\\\/wp-content\\\/uploads\\\/2021\\\/09\\\/logo-sentinelleSLOGAN-1.png\",\"contentUrl\":\"https:\\\/\\\/lasentinelle.dz\\\/wp-content\\\/uploads\\\/2021\\\/09\\\/logo-sentinelleSLOGAN-1.png\",\"width\":615,\"height\":142,\"caption\":\"Quotidien La Sentinelle\"},\"image\":{\"@id\":\"https:\\\/\\\/lasentinelle.dz\\\/#\\\/schema\\\/logo\\\/image\\\/\"},\"sameAs\":[\"https:\\\/\\\/www.facebook.com\\\/La-Sentinelle-104059864394773\"]},{\"@type\":\"Person\",\"@id\":\"https:\\\/\\\/lasentinelle.dz\\\/#\\\/schema\\\/person\\\/d865044e22e70a75174ce8bcad3acfb3\",\"name\":\"La Sentinelle\",\"image\":{\"@type\":\"ImageObject\",\"inLanguage\":\"fr-FR\",\"@id\":\"https:\\\/\\\/secure.gravatar.com\\\/avatar\\\/57de8e5d4b15d43fb361a71fbb36338450fe67865b528a43dd10ef7c51a20392?s=96&d=mm&r=g\",\"url\":\"https:\\\/\\\/secure.gravatar.com\\\/avatar\\\/57de8e5d4b15d43fb361a71fbb36338450fe67865b528a43dd10ef7c51a20392?s=96&d=mm&r=g\",\"contentUrl\":\"https:\\\/\\\/secure.gravatar.com\\\/avatar\\\/57de8e5d4b15d43fb361a71fbb36338450fe67865b528a43dd10ef7c51a20392?s=96&d=mm&r=g\",\"caption\":\"La Sentinelle\"},\"sameAs\":[\"http:\\\/\\\/www.lasentinelle.dz\"],\"url\":\"https:\\\/\\\/lasentinelle.dz\\\/author\\\/redaction\\\/\"}]}<\/script>\n<!-- \/ Yoast SEO plugin. -->","yoast_head_json":{"title":"Une nouvelle vague de protestations annonc\u00e9e pour avril\u00a0: Le Makhzen face \u00e0 la grogne sociale - La Sentinelle","robots":{"index":"index","follow":"follow","max-snippet":"max-snippet:-1","max-image-preview":"max-image-preview:large","max-video-preview":"max-video-preview:-1"},"canonical":"https:\/\/lasentinelle.dz\/index.php\/2023\/03\/27\/une-nouvelle-vague-de-protestations-annoncee-pour-avril-le-makhzen-face-a-la-grogne-sociale\/","og_locale":"fr_FR","og_type":"article","og_title":"Une nouvelle vague de protestations annonc\u00e9e pour avril\u00a0: Le Makhzen face \u00e0 la grogne sociale - La Sentinelle","og_description":"La grogne sociale persiste au Maroc. La rue gronde et cela n\u2019est pas pr\u00e8s de s\u2019arr\u00eater. Les syndicats se pr\u00e9parent","og_url":"https:\/\/lasentinelle.dz\/index.php\/2023\/03\/27\/une-nouvelle-vague-de-protestations-annoncee-pour-avril-le-makhzen-face-a-la-grogne-sociale\/","og_site_name":"La Sentinelle","article_publisher":"https:\/\/www.facebook.com\/La-Sentinelle-104059864394773","article_published_time":"2023-03-27T21:05:00+00:00","og_image":[{"width":1600,"height":900,"url":"https:\/\/lasentinelle.dz\/wp-content\/uploads\/2023\/03\/image_2023-03-27_194609504.png","type":"image\/png"}],"author":"La Sentinelle","twitter_card":"summary_large_image","twitter_misc":{"\u00c9crit par":"La Sentinelle","Dur\u00e9e de lecture estim\u00e9e":"2 minutes"},"schema":{"@context":"https:\/\/schema.org","@graph":[{"@type":"Article","@id":"https:\/\/lasentinelle.dz\/index.php\/2023\/03\/27\/une-nouvelle-vague-de-protestations-annoncee-pour-avril-le-makhzen-face-a-la-grogne-sociale\/#article","isPartOf":{"@id":"https:\/\/lasentinelle.dz\/index.php\/2023\/03\/27\/une-nouvelle-vague-de-protestations-annoncee-pour-avril-le-makhzen-face-a-la-grogne-sociale\/"},"author":{"name":"La Sentinelle","@id":"https:\/\/lasentinelle.dz\/#\/schema\/person\/d865044e22e70a75174ce8bcad3acfb3"},"headline":"Une nouvelle vague de protestations annonc\u00e9e pour avril\u00a0: Le Makhzen face \u00e0 la grogne sociale","datePublished":"2023-03-27T21:05:00+00:00","mainEntityOfPage":{"@id":"https:\/\/lasentinelle.dz\/index.php\/2023\/03\/27\/une-nouvelle-vague-de-protestations-annoncee-pour-avril-le-makhzen-face-a-la-grogne-sociale\/"},"wordCount":390,"commentCount":0,"publisher":{"@id":"https:\/\/lasentinelle.dz\/#organization"},"image":{"@id":"https:\/\/lasentinelle.dz\/index.php\/2023\/03\/27\/une-nouvelle-vague-de-protestations-annoncee-pour-avril-le-makhzen-face-a-la-grogne-sociale\/#primaryimage"},"thumbnailUrl":"https:\/\/lasentinelle.dz\/wp-content\/uploads\/2023\/03\/image_2023-03-27_194609504.png","articleSection":["Actualit\u00e9"],"inLanguage":"fr-FR","potentialAction":[{"@type":"CommentAction","name":"Comment","target":["https:\/\/lasentinelle.dz\/index.php\/2023\/03\/27\/une-nouvelle-vague-de-protestations-annoncee-pour-avril-le-makhzen-face-a-la-grogne-sociale\/#respond"]}]},{"@type":"WebPage","@id":"https:\/\/lasentinelle.dz\/index.php\/2023\/03\/27\/une-nouvelle-vague-de-protestations-annoncee-pour-avril-le-makhzen-face-a-la-grogne-sociale\/","url":"https:\/\/lasentinelle.dz\/index.php\/2023\/03\/27\/une-nouvelle-vague-de-protestations-annoncee-pour-avril-le-makhzen-face-a-la-grogne-sociale\/","name":"Une nouvelle vague de protestations annonc\u00e9e pour avril\u00a0: Le Makhzen face \u00e0 la grogne sociale - La Sentinelle","isPartOf":{"@id":"https:\/\/lasentinelle.dz\/#website"},"primaryImageOfPage":{"@id":"https:\/\/lasentinelle.dz\/index.php\/2023\/03\/27\/une-nouvelle-vague-de-protestations-annoncee-pour-avril-le-makhzen-face-a-la-grogne-sociale\/#primaryimage"},"image":{"@id":"https:\/\/lasentinelle.dz\/index.php\/2023\/03\/27\/une-nouvelle-vague-de-protestations-annoncee-pour-avril-le-makhzen-face-a-la-grogne-sociale\/#primaryimage"},"thumbnailUrl":"https:\/\/lasentinelle.dz\/wp-content\/uploads\/2023\/03\/image_2023-03-27_194609504.png","datePublished":"2023-03-27T21:05:00+00:00","breadcrumb":{"@id":"https:\/\/lasentinelle.dz\/index.php\/2023\/03\/27\/une-nouvelle-vague-de-protestations-annoncee-pour-avril-le-makhzen-face-a-la-grogne-sociale\/#breadcrumb"},"inLanguage":"fr-FR","potentialAction":[{"@type":"ReadAction","target":["https:\/\/lasentinelle.dz\/index.php\/2023\/03\/27\/une-nouvelle-vague-de-protestations-annoncee-pour-avril-le-makhzen-face-a-la-grogne-sociale\/"]}]},{"@type":"ImageObject","inLanguage":"fr-FR","@id":"https:\/\/lasentinelle.dz\/index.php\/2023\/03\/27\/une-nouvelle-vague-de-protestations-annoncee-pour-avril-le-makhzen-face-a-la-grogne-sociale\/#primaryimage","url":"https:\/\/lasentinelle.dz\/wp-content\/uploads\/2023\/03\/image_2023-03-27_194609504.png","contentUrl":"https:\/\/lasentinelle.dz\/wp-content\/uploads\/2023\/03\/image_2023-03-27_194609504.png","width":1600,"height":900},{"@type":"BreadcrumbList","@id":"https:\/\/lasentinelle.dz\/index.php\/2023\/03\/27\/une-nouvelle-vague-de-protestations-annoncee-pour-avril-le-makhzen-face-a-la-grogne-sociale\/#breadcrumb","itemListElement":[{"@type":"ListItem","position":1,"name":"Accueil","item":"https:\/\/lasentinelle.dz\/"},{"@type":"ListItem","position":2,"name":"Une nouvelle vague de protestations annonc\u00e9e pour avril\u00a0: Le Makhzen face \u00e0 la grogne sociale"}]},{"@type":"WebSite","@id":"https:\/\/lasentinelle.dz\/#website","url":"https:\/\/lasentinelle.dz\/","name":"La Sentinelle","description":"Quotidien national d&#039;information","publisher":{"@id":"https:\/\/lasentinelle.dz\/#organization"},"potentialAction":[{"@type":"SearchAction","target":{"@type":"EntryPoint","urlTemplate":"https:\/\/lasentinelle.dz\/?s={search_term_string}"},"query-input":{"@type":"PropertyValueSpecification","valueRequired":true,"valueName":"search_term_string"}}],"inLanguage":"fr-FR"},{"@type":"Organization","@id":"https:\/\/lasentinelle.dz\/#organization","name":"Quotidien La Sentinelle","url":"https:\/\/lasentinelle.dz\/","logo":{"@type":"ImageObject","inLanguage":"fr-FR","@id":"https:\/\/lasentinelle.dz\/#\/schema\/logo\/image\/","url":"https:\/\/lasentinelle.dz\/wp-content\/uploads\/2021\/09\/logo-sentinelleSLOGAN-1.png","contentUrl":"https:\/\/lasentinelle.dz\/wp-content\/uploads\/2021\/09\/logo-sentinelleSLOGAN-1.png","width":615,"height":142,"caption":"Quotidien La Sentinelle"},"image":{"@id":"https:\/\/lasentinelle.dz\/#\/schema\/logo\/image\/"},"sameAs":["https:\/\/www.facebook.com\/La-Sentinelle-104059864394773"]},{"@type":"Person","@id":"https:\/\/lasentinelle.dz\/#\/schema\/person\/d865044e22e70a75174ce8bcad3acfb3","name":"La Sentinelle","image":{"@type":"ImageObject","inLanguage":"fr-FR","@id":"https:\/\/secure.gravatar.com\/avatar\/57de8e5d4b15d43fb361a71fbb36338450fe67865b528a43dd10ef7c51a20392?s=96&d=mm&r=g","url":"https:\/\/secure.gravatar.com\/avatar\/57de8e5d4b15d43fb361a71fbb36338450fe67865b528a43dd10ef7c51a20392?s=96&d=mm&r=g","contentUrl":"https:\/\/secure.gravatar.com\/avatar\/57de8e5d4b15d43fb361a71fbb36338450fe67865b528a43dd10ef7c51a20392?s=96&d=mm&r=g","caption":"La Sentinelle"},"sameAs":["http:\/\/www.lasentinelle.dz"],"url":"https:\/\/lasentinelle.dz\/author\/redaction\/"}]}},"_links":{"self":[{"href":"https:\/\/lasentinelle.dz\/index.php\/wp-json\/wp\/v2\/posts\/38595","targetHints":{"allow":["GET"]}}],"collection":[{"href":"https:\/\/lasentinelle.dz\/index.php\/wp-json\/wp\/v2\/posts"}],"about":[{"href":"https:\/\/lasentinelle.dz\/index.php\/wp-json\/wp\/v2\/types\/post"}],"author":[{"embeddable":true,"href":"https:\/\/lasentinelle.dz\/index.php\/wp-json\/wp\/v2\/users\/3"}],"replies":[{"embeddable":true,"href":"https:\/\/lasentinelle.dz\/index.php\/wp-json\/wp\/v2\/comments?post=38595"}],"version-history":[{"count":1,"href":"https:\/\/lasentinelle.dz\/index.php\/wp-json\/wp\/v2\/posts\/38595\/revisions"}],"predecessor-version":[{"id":38603,"href":"https:\/\/lasentinelle.dz\/index.php\/wp-json\/wp\/v2\/posts\/38595\/revisions\/38603"}],"wp:featuredmedia":[{"embeddable":true,"href":"https:\/\/lasentinelle.dz\/index.php\/wp-json\/wp\/v2\/media\/38602"}],"wp:attachment":[{"href":"https:\/\/lasentinelle.dz\/index.php\/wp-json\/wp\/v2\/media?parent=38595"}],"wp:term":[{"taxonomy":"category","embeddable":true,"href":"https:\/\/lasentinelle.dz\/index.php\/wp-json\/wp\/v2\/categories?post=38595"},{"taxonomy":"post_tag","embeddable":true,"href":"https:\/\/lasentinelle.dz\/index.php\/wp-json\/wp\/v2\/tags?post=38595"}],"curies":[{"name":"wp","href":"https:\/\/api.w.org\/{rel}","templated":true}]}}