{"id":38598,"date":"2023-03-27T22:05:00","date_gmt":"2023-03-27T21:05:00","guid":{"rendered":"https:\/\/lasentinelle.dz\/?p=38598"},"modified":"2023-03-27T19:46:56","modified_gmt":"2023-03-27T18:46:56","slug":"attaf-sentretient-avec-son-homologue-soudanais-lalgerie-affiche-son-soutien-a-la-stabilite-du-soudan","status":"publish","type":"post","link":"https:\/\/lasentinelle.dz\/index.php\/2023\/03\/27\/attaf-sentretient-avec-son-homologue-soudanais-lalgerie-affiche-son-soutien-a-la-stabilite-du-soudan\/","title":{"rendered":"Attaf s\u2019entretient avec son homologue soudanais\u00a0: L\u2019Alg\u00e9rie affiche son soutien \u00e0 la stabilit\u00e9 du Soudan"},"content":{"rendered":"\n<p>Le ministre des Affaires \u00e9trang\u00e8res et de la Communaut\u00e9 nationale \u00e0 l&rsquo;\u00e9tranger, Ahmed Attaf, a examin\u00e9, lors d\u2019un entretien t\u00e9l\u00e9phonique avec son homologue soudanais, Ali Al-Sadiq Ali, les moyens de renforcer les relations bilat\u00e9rales entre les deux pays, a pr\u00e9cis\u00e9 lundi un communiqu\u00e9 du minist\u00e8re. \u00ab\u00a0Le ministre des Affaires \u00e9trang\u00e8res et de la Communaut\u00e9 nationale \u00e0 l&rsquo;\u00e9tranger, M. Ahmed Attaf, a re\u00e7u, ce jour, un appel t\u00e9l\u00e9phonique de son fr\u00e8re, le ministre des Affaires \u00e9trang\u00e8res de la R\u00e9publique du Soudan, pays fr\u00e8re, Ali Al-Sadiq Ali, consacr\u00e9 essentiellement \u00e0 l\u2019examen des moyens de renforcer les relations bilat\u00e9rales et \u00e0 la concertation autour des d\u00e9veloppements des questions d\u2019int\u00e9r\u00eat commun au niveau r\u00e9gional\u00a0\u00bb, lit-on dans le communiqu\u00e9. Le ministre Ali Al-Sadiq Ali a saisi l\u2019occasion pour f\u00e9liciter le ministre Ahmed Attaf pour sa nomination \u00e0 la t\u00eate de la diplomatie alg\u00e9rienne.<\/p>\n\n\n\n<p>&nbsp;Lors de leur entretien, les deux ministres se sont dit \u00ab\u00a0fiers des relations historiques de fraternit\u00e9, de coop\u00e9ration et de solidarit\u00e9 entre les deux pays fr\u00e8res\u00a0\u00bb, soulignant \u00ab\u00a0leur aspiration \u00e0 explorer ensemble les perspectives prometteuses de coop\u00e9ration bilat\u00e9rale dans les domaines \u00e9conomiques au mieux des int\u00e9r\u00eats des deux parties\u00a0\u00bb. M. Attaf a r\u00e9affirm\u00e9 \u00ab\u00a0la solidarit\u00e9 permanente de l&rsquo;Alg\u00e9rie avec le Soudan, pays fr\u00e8re, en faveur de sa s\u00e9curit\u00e9, de sa stabilit\u00e9 et du recouvrement de la place qui lui sied dans l&rsquo;organisation continentale\u00a0\u00bb, selon la m\u00eame source. S&rsquo;agissant de la coordination politique, les chefs de la diplomatie des deux pays ont proc\u00e9d\u00e9 \u00e0 un \u00e9change de vues sur un certain nombre de dossiers arabes et r\u00e9gionaux d&rsquo;int\u00e9r\u00eat commun, r\u00e9affirmant \u00ab\u00a0l&rsquo;importance de la r\u00e9forme et du renforcement de l&rsquo;action arabe commune pour la pr\u00e9servation de la s\u00e9curit\u00e9 nationale arabe dans tous ses dimensions\u00a0\u00bb, a conclu le communiqu\u00e9.<\/p>\n\n\n\n<p>APS<\/p>\n","protected":false},"excerpt":{"rendered":"<p>Le ministre des Affaires \u00e9trang\u00e8res et de la Communaut\u00e9 nationale \u00e0 l&rsquo;\u00e9tranger, Ahmed Attaf, a examin\u00e9, lors d\u2019un entretien t\u00e9l\u00e9phonique<\/p>\n","protected":false},"author":3,"featured_media":38604,"comment_status":"open","ping_status":"closed","sticky":false,"template":"","format":"standard","meta":{"colormag_page_container_layout":"default_layout","colormag_page_sidebar_layout":"default_layout","om_disable_all_campaigns":false,"_monsterinsights_skip_tracking":false,"_monsterinsights_sitenote_active":false,"_monsterinsights_sitenote_note":"","_monsterinsights_sitenote_category":0,"footnotes":"","_wpscppro_dont_share_socialmedia":false,"_wpscppro_custom_social_share_image":0,"_facebook_share_type":"","_twitter_share_type":"","_linkedin_share_type":"","_pinterest_share_type":"","_linkedin_share_type_page":"","_instagram_share_type":"","_medium_share_type":"","_threads_share_type":"","_google_business_share_type":"","_selected_social_profile":[],"_wpsp_enable_custom_social_template":false,"_wpsp_social_scheduling":{"enabled":false,"datetime":null,"platforms":[],"status":"template_only","dateOption":"today","timeOption":"now","customDays":"","customHours":"","customDate":"","customTime":"","schedulingType":"absolute"},"_wpsp_active_default_template":true},"categories":[27],"tags":[],"class_list":["post-38598","post","type-post","status-publish","format-standard","has-post-thumbnail","hentry","category-actualite"],"aioseo_notices":[],"yoast_head":"<!-- This site is optimized with the Yoast SEO plugin v27.5 - https:\/\/yoast.com\/product\/yoast-seo-wordpress\/ -->\n<title>Attaf s\u2019entretient avec son homologue soudanais\u00a0: L\u2019Alg\u00e9rie affiche son soutien \u00e0 la stabilit\u00e9 du Soudan - La Sentinelle<\/title>\n<meta name=\"robots\" content=\"index, follow, max-snippet:-1, max-image-preview:large, max-video-preview:-1\" \/>\n<link rel=\"canonical\" href=\"https:\/\/lasentinelle.dz\/index.php\/2023\/03\/27\/attaf-sentretient-avec-son-homologue-soudanais-lalgerie-affiche-son-soutien-a-la-stabilite-du-soudan\/\" \/>\n<meta property=\"og:locale\" content=\"fr_FR\" \/>\n<meta property=\"og:type\" content=\"article\" \/>\n<meta property=\"og:title\" content=\"Attaf s\u2019entretient avec son homologue soudanais\u00a0: L\u2019Alg\u00e9rie affiche son soutien \u00e0 la stabilit\u00e9 du Soudan - La Sentinelle\" \/>\n<meta property=\"og:description\" content=\"Le ministre des Affaires \u00e9trang\u00e8res et de la Communaut\u00e9 nationale \u00e0 l&rsquo;\u00e9tranger, Ahmed Attaf, a examin\u00e9, lors d\u2019un entretien t\u00e9l\u00e9phonique\" \/>\n<meta property=\"og:url\" content=\"https:\/\/lasentinelle.dz\/index.php\/2023\/03\/27\/attaf-sentretient-avec-son-homologue-soudanais-lalgerie-affiche-son-soutien-a-la-stabilite-du-soudan\/\" \/>\n<meta property=\"og:site_name\" content=\"La Sentinelle\" \/>\n<meta property=\"article:publisher\" content=\"https:\/\/www.facebook.com\/La-Sentinelle-104059864394773\" \/>\n<meta property=\"article:published_time\" content=\"2023-03-27T21:05:00+00:00\" \/>\n<meta property=\"og:image\" content=\"https:\/\/lasentinelle.dz\/wp-content\/uploads\/2023\/03\/image_2023-03-27_194651945.png\" \/>\n\t<meta property=\"og:image:width\" content=\"745\" \/>\n\t<meta property=\"og:image:height\" content=\"470\" \/>\n\t<meta property=\"og:image:type\" content=\"image\/png\" \/>\n<meta name=\"author\" content=\"La Sentinelle\" \/>\n<meta name=\"twitter:card\" content=\"summary_large_image\" \/>\n<meta name=\"twitter:label1\" content=\"\u00c9crit par\" \/>\n\t<meta name=\"twitter:data1\" content=\"La Sentinelle\" \/>\n\t<meta name=\"twitter:label2\" content=\"Dur\u00e9e de lecture estim\u00e9e\" \/>\n\t<meta name=\"twitter:data2\" content=\"2 minutes\" \/>\n<script type=\"application\/ld+json\" class=\"yoast-schema-graph\">{\"@context\":\"https:\\\/\\\/schema.org\",\"@graph\":[{\"@type\":\"Article\",\"@id\":\"https:\\\/\\\/lasentinelle.dz\\\/index.php\\\/2023\\\/03\\\/27\\\/attaf-sentretient-avec-son-homologue-soudanais-lalgerie-affiche-son-soutien-a-la-stabilite-du-soudan\\\/#article\",\"isPartOf\":{\"@id\":\"https:\\\/\\\/lasentinelle.dz\\\/index.php\\\/2023\\\/03\\\/27\\\/attaf-sentretient-avec-son-homologue-soudanais-lalgerie-affiche-son-soutien-a-la-stabilite-du-soudan\\\/\"},\"author\":{\"name\":\"La Sentinelle\",\"@id\":\"https:\\\/\\\/lasentinelle.dz\\\/#\\\/schema\\\/person\\\/d865044e22e70a75174ce8bcad3acfb3\"},\"headline\":\"Attaf s\u2019entretient avec son homologue soudanais\u00a0: L\u2019Alg\u00e9rie affiche son soutien \u00e0 la stabilit\u00e9 du Soudan\",\"datePublished\":\"2023-03-27T21:05:00+00:00\",\"mainEntityOfPage\":{\"@id\":\"https:\\\/\\\/lasentinelle.dz\\\/index.php\\\/2023\\\/03\\\/27\\\/attaf-sentretient-avec-son-homologue-soudanais-lalgerie-affiche-son-soutien-a-la-stabilite-du-soudan\\\/\"},\"wordCount\":349,\"commentCount\":0,\"publisher\":{\"@id\":\"https:\\\/\\\/lasentinelle.dz\\\/#organization\"},\"image\":{\"@id\":\"https:\\\/\\\/lasentinelle.dz\\\/index.php\\\/2023\\\/03\\\/27\\\/attaf-sentretient-avec-son-homologue-soudanais-lalgerie-affiche-son-soutien-a-la-stabilite-du-soudan\\\/#primaryimage\"},\"thumbnailUrl\":\"https:\\\/\\\/lasentinelle.dz\\\/wp-content\\\/uploads\\\/2023\\\/03\\\/image_2023-03-27_194651945.png\",\"articleSection\":[\"Actualit\u00e9\"],\"inLanguage\":\"fr-FR\",\"potentialAction\":[{\"@type\":\"CommentAction\",\"name\":\"Comment\",\"target\":[\"https:\\\/\\\/lasentinelle.dz\\\/index.php\\\/2023\\\/03\\\/27\\\/attaf-sentretient-avec-son-homologue-soudanais-lalgerie-affiche-son-soutien-a-la-stabilite-du-soudan\\\/#respond\"]}]},{\"@type\":\"WebPage\",\"@id\":\"https:\\\/\\\/lasentinelle.dz\\\/index.php\\\/2023\\\/03\\\/27\\\/attaf-sentretient-avec-son-homologue-soudanais-lalgerie-affiche-son-soutien-a-la-stabilite-du-soudan\\\/\",\"url\":\"https:\\\/\\\/lasentinelle.dz\\\/index.php\\\/2023\\\/03\\\/27\\\/attaf-sentretient-avec-son-homologue-soudanais-lalgerie-affiche-son-soutien-a-la-stabilite-du-soudan\\\/\",\"name\":\"Attaf s\u2019entretient avec son homologue soudanais\u00a0: L\u2019Alg\u00e9rie affiche son soutien \u00e0 la stabilit\u00e9 du Soudan - La Sentinelle\",\"isPartOf\":{\"@id\":\"https:\\\/\\\/lasentinelle.dz\\\/#website\"},\"primaryImageOfPage\":{\"@id\":\"https:\\\/\\\/lasentinelle.dz\\\/index.php\\\/2023\\\/03\\\/27\\\/attaf-sentretient-avec-son-homologue-soudanais-lalgerie-affiche-son-soutien-a-la-stabilite-du-soudan\\\/#primaryimage\"},\"image\":{\"@id\":\"https:\\\/\\\/lasentinelle.dz\\\/index.php\\\/2023\\\/03\\\/27\\\/attaf-sentretient-avec-son-homologue-soudanais-lalgerie-affiche-son-soutien-a-la-stabilite-du-soudan\\\/#primaryimage\"},\"thumbnailUrl\":\"https:\\\/\\\/lasentinelle.dz\\\/wp-content\\\/uploads\\\/2023\\\/03\\\/image_2023-03-27_194651945.png\",\"datePublished\":\"2023-03-27T21:05:00+00:00\",\"breadcrumb\":{\"@id\":\"https:\\\/\\\/lasentinelle.dz\\\/index.php\\\/2023\\\/03\\\/27\\\/attaf-sentretient-avec-son-homologue-soudanais-lalgerie-affiche-son-soutien-a-la-stabilite-du-soudan\\\/#breadcrumb\"},\"inLanguage\":\"fr-FR\",\"potentialAction\":[{\"@type\":\"ReadAction\",\"target\":[\"https:\\\/\\\/lasentinelle.dz\\\/index.php\\\/2023\\\/03\\\/27\\\/attaf-sentretient-avec-son-homologue-soudanais-lalgerie-affiche-son-soutien-a-la-stabilite-du-soudan\\\/\"]}]},{\"@type\":\"ImageObject\",\"inLanguage\":\"fr-FR\",\"@id\":\"https:\\\/\\\/lasentinelle.dz\\\/index.php\\\/2023\\\/03\\\/27\\\/attaf-sentretient-avec-son-homologue-soudanais-lalgerie-affiche-son-soutien-a-la-stabilite-du-soudan\\\/#primaryimage\",\"url\":\"https:\\\/\\\/lasentinelle.dz\\\/wp-content\\\/uploads\\\/2023\\\/03\\\/image_2023-03-27_194651945.png\",\"contentUrl\":\"https:\\\/\\\/lasentinelle.dz\\\/wp-content\\\/uploads\\\/2023\\\/03\\\/image_2023-03-27_194651945.png\",\"width\":745,\"height\":470},{\"@type\":\"BreadcrumbList\",\"@id\":\"https:\\\/\\\/lasentinelle.dz\\\/index.php\\\/2023\\\/03\\\/27\\\/attaf-sentretient-avec-son-homologue-soudanais-lalgerie-affiche-son-soutien-a-la-stabilite-du-soudan\\\/#breadcrumb\",\"itemListElement\":[{\"@type\":\"ListItem\",\"position\":1,\"name\":\"Accueil\",\"item\":\"https:\\\/\\\/lasentinelle.dz\\\/\"},{\"@type\":\"ListItem\",\"position\":2,\"name\":\"Attaf s\u2019entretient avec son homologue soudanais\u00a0: L\u2019Alg\u00e9rie affiche son soutien \u00e0 la stabilit\u00e9 du Soudan\"}]},{\"@type\":\"WebSite\",\"@id\":\"https:\\\/\\\/lasentinelle.dz\\\/#website\",\"url\":\"https:\\\/\\\/lasentinelle.dz\\\/\",\"name\":\"La Sentinelle\",\"description\":\"Quotidien national d&#039;information\",\"publisher\":{\"@id\":\"https:\\\/\\\/lasentinelle.dz\\\/#organization\"},\"potentialAction\":[{\"@type\":\"SearchAction\",\"target\":{\"@type\":\"EntryPoint\",\"urlTemplate\":\"https:\\\/\\\/lasentinelle.dz\\\/?s={search_term_string}\"},\"query-input\":{\"@type\":\"PropertyValueSpecification\",\"valueRequired\":true,\"valueName\":\"search_term_string\"}}],\"inLanguage\":\"fr-FR\"},{\"@type\":\"Organization\",\"@id\":\"https:\\\/\\\/lasentinelle.dz\\\/#organization\",\"name\":\"Quotidien La Sentinelle\",\"url\":\"https:\\\/\\\/lasentinelle.dz\\\/\",\"logo\":{\"@type\":\"ImageObject\",\"inLanguage\":\"fr-FR\",\"@id\":\"https:\\\/\\\/lasentinelle.dz\\\/#\\\/schema\\\/logo\\\/image\\\/\",\"url\":\"https:\\\/\\\/lasentinelle.dz\\\/wp-content\\\/uploads\\\/2021\\\/09\\\/logo-sentinelleSLOGAN-1.png\",\"contentUrl\":\"https:\\\/\\\/lasentinelle.dz\\\/wp-content\\\/uploads\\\/2021\\\/09\\\/logo-sentinelleSLOGAN-1.png\",\"width\":615,\"height\":142,\"caption\":\"Quotidien La Sentinelle\"},\"image\":{\"@id\":\"https:\\\/\\\/lasentinelle.dz\\\/#\\\/schema\\\/logo\\\/image\\\/\"},\"sameAs\":[\"https:\\\/\\\/www.facebook.com\\\/La-Sentinelle-104059864394773\"]},{\"@type\":\"Person\",\"@id\":\"https:\\\/\\\/lasentinelle.dz\\\/#\\\/schema\\\/person\\\/d865044e22e70a75174ce8bcad3acfb3\",\"name\":\"La Sentinelle\",\"image\":{\"@type\":\"ImageObject\",\"inLanguage\":\"fr-FR\",\"@id\":\"https:\\\/\\\/secure.gravatar.com\\\/avatar\\\/57de8e5d4b15d43fb361a71fbb36338450fe67865b528a43dd10ef7c51a20392?s=96&d=mm&r=g\",\"url\":\"https:\\\/\\\/secure.gravatar.com\\\/avatar\\\/57de8e5d4b15d43fb361a71fbb36338450fe67865b528a43dd10ef7c51a20392?s=96&d=mm&r=g\",\"contentUrl\":\"https:\\\/\\\/secure.gravatar.com\\\/avatar\\\/57de8e5d4b15d43fb361a71fbb36338450fe67865b528a43dd10ef7c51a20392?s=96&d=mm&r=g\",\"caption\":\"La Sentinelle\"},\"sameAs\":[\"http:\\\/\\\/www.lasentinelle.dz\"],\"url\":\"https:\\\/\\\/lasentinelle.dz\\\/author\\\/redaction\\\/\"}]}<\/script>\n<!-- \/ Yoast SEO plugin. -->","yoast_head_json":{"title":"Attaf s\u2019entretient avec son homologue soudanais\u00a0: L\u2019Alg\u00e9rie affiche son soutien \u00e0 la stabilit\u00e9 du Soudan - La Sentinelle","robots":{"index":"index","follow":"follow","max-snippet":"max-snippet:-1","max-image-preview":"max-image-preview:large","max-video-preview":"max-video-preview:-1"},"canonical":"https:\/\/lasentinelle.dz\/index.php\/2023\/03\/27\/attaf-sentretient-avec-son-homologue-soudanais-lalgerie-affiche-son-soutien-a-la-stabilite-du-soudan\/","og_locale":"fr_FR","og_type":"article","og_title":"Attaf s\u2019entretient avec son homologue soudanais\u00a0: L\u2019Alg\u00e9rie affiche son soutien \u00e0 la stabilit\u00e9 du Soudan - La Sentinelle","og_description":"Le ministre des Affaires \u00e9trang\u00e8res et de la Communaut\u00e9 nationale \u00e0 l&rsquo;\u00e9tranger, Ahmed Attaf, a examin\u00e9, lors d\u2019un entretien t\u00e9l\u00e9phonique","og_url":"https:\/\/lasentinelle.dz\/index.php\/2023\/03\/27\/attaf-sentretient-avec-son-homologue-soudanais-lalgerie-affiche-son-soutien-a-la-stabilite-du-soudan\/","og_site_name":"La Sentinelle","article_publisher":"https:\/\/www.facebook.com\/La-Sentinelle-104059864394773","article_published_time":"2023-03-27T21:05:00+00:00","og_image":[{"width":745,"height":470,"url":"https:\/\/lasentinelle.dz\/wp-content\/uploads\/2023\/03\/image_2023-03-27_194651945.png","type":"image\/png"}],"author":"La Sentinelle","twitter_card":"summary_large_image","twitter_misc":{"\u00c9crit par":"La Sentinelle","Dur\u00e9e de lecture estim\u00e9e":"2 minutes"},"schema":{"@context":"https:\/\/schema.org","@graph":[{"@type":"Article","@id":"https:\/\/lasentinelle.dz\/index.php\/2023\/03\/27\/attaf-sentretient-avec-son-homologue-soudanais-lalgerie-affiche-son-soutien-a-la-stabilite-du-soudan\/#article","isPartOf":{"@id":"https:\/\/lasentinelle.dz\/index.php\/2023\/03\/27\/attaf-sentretient-avec-son-homologue-soudanais-lalgerie-affiche-son-soutien-a-la-stabilite-du-soudan\/"},"author":{"name":"La Sentinelle","@id":"https:\/\/lasentinelle.dz\/#\/schema\/person\/d865044e22e70a75174ce8bcad3acfb3"},"headline":"Attaf s\u2019entretient avec son homologue soudanais\u00a0: L\u2019Alg\u00e9rie affiche son soutien \u00e0 la stabilit\u00e9 du Soudan","datePublished":"2023-03-27T21:05:00+00:00","mainEntityOfPage":{"@id":"https:\/\/lasentinelle.dz\/index.php\/2023\/03\/27\/attaf-sentretient-avec-son-homologue-soudanais-lalgerie-affiche-son-soutien-a-la-stabilite-du-soudan\/"},"wordCount":349,"commentCount":0,"publisher":{"@id":"https:\/\/lasentinelle.dz\/#organization"},"image":{"@id":"https:\/\/lasentinelle.dz\/index.php\/2023\/03\/27\/attaf-sentretient-avec-son-homologue-soudanais-lalgerie-affiche-son-soutien-a-la-stabilite-du-soudan\/#primaryimage"},"thumbnailUrl":"https:\/\/lasentinelle.dz\/wp-content\/uploads\/2023\/03\/image_2023-03-27_194651945.png","articleSection":["Actualit\u00e9"],"inLanguage":"fr-FR","potentialAction":[{"@type":"CommentAction","name":"Comment","target":["https:\/\/lasentinelle.dz\/index.php\/2023\/03\/27\/attaf-sentretient-avec-son-homologue-soudanais-lalgerie-affiche-son-soutien-a-la-stabilite-du-soudan\/#respond"]}]},{"@type":"WebPage","@id":"https:\/\/lasentinelle.dz\/index.php\/2023\/03\/27\/attaf-sentretient-avec-son-homologue-soudanais-lalgerie-affiche-son-soutien-a-la-stabilite-du-soudan\/","url":"https:\/\/lasentinelle.dz\/index.php\/2023\/03\/27\/attaf-sentretient-avec-son-homologue-soudanais-lalgerie-affiche-son-soutien-a-la-stabilite-du-soudan\/","name":"Attaf s\u2019entretient avec son homologue soudanais\u00a0: L\u2019Alg\u00e9rie affiche son soutien \u00e0 la stabilit\u00e9 du Soudan - La Sentinelle","isPartOf":{"@id":"https:\/\/lasentinelle.dz\/#website"},"primaryImageOfPage":{"@id":"https:\/\/lasentinelle.dz\/index.php\/2023\/03\/27\/attaf-sentretient-avec-son-homologue-soudanais-lalgerie-affiche-son-soutien-a-la-stabilite-du-soudan\/#primaryimage"},"image":{"@id":"https:\/\/lasentinelle.dz\/index.php\/2023\/03\/27\/attaf-sentretient-avec-son-homologue-soudanais-lalgerie-affiche-son-soutien-a-la-stabilite-du-soudan\/#primaryimage"},"thumbnailUrl":"https:\/\/lasentinelle.dz\/wp-content\/uploads\/2023\/03\/image_2023-03-27_194651945.png","datePublished":"2023-03-27T21:05:00+00:00","breadcrumb":{"@id":"https:\/\/lasentinelle.dz\/index.php\/2023\/03\/27\/attaf-sentretient-avec-son-homologue-soudanais-lalgerie-affiche-son-soutien-a-la-stabilite-du-soudan\/#breadcrumb"},"inLanguage":"fr-FR","potentialAction":[{"@type":"ReadAction","target":["https:\/\/lasentinelle.dz\/index.php\/2023\/03\/27\/attaf-sentretient-avec-son-homologue-soudanais-lalgerie-affiche-son-soutien-a-la-stabilite-du-soudan\/"]}]},{"@type":"ImageObject","inLanguage":"fr-FR","@id":"https:\/\/lasentinelle.dz\/index.php\/2023\/03\/27\/attaf-sentretient-avec-son-homologue-soudanais-lalgerie-affiche-son-soutien-a-la-stabilite-du-soudan\/#primaryimage","url":"https:\/\/lasentinelle.dz\/wp-content\/uploads\/2023\/03\/image_2023-03-27_194651945.png","contentUrl":"https:\/\/lasentinelle.dz\/wp-content\/uploads\/2023\/03\/image_2023-03-27_194651945.png","width":745,"height":470},{"@type":"BreadcrumbList","@id":"https:\/\/lasentinelle.dz\/index.php\/2023\/03\/27\/attaf-sentretient-avec-son-homologue-soudanais-lalgerie-affiche-son-soutien-a-la-stabilite-du-soudan\/#breadcrumb","itemListElement":[{"@type":"ListItem","position":1,"name":"Accueil","item":"https:\/\/lasentinelle.dz\/"},{"@type":"ListItem","position":2,"name":"Attaf s\u2019entretient avec son homologue soudanais\u00a0: L\u2019Alg\u00e9rie affiche son soutien \u00e0 la stabilit\u00e9 du Soudan"}]},{"@type":"WebSite","@id":"https:\/\/lasentinelle.dz\/#website","url":"https:\/\/lasentinelle.dz\/","name":"La Sentinelle","description":"Quotidien national d&#039;information","publisher":{"@id":"https:\/\/lasentinelle.dz\/#organization"},"potentialAction":[{"@type":"SearchAction","target":{"@type":"EntryPoint","urlTemplate":"https:\/\/lasentinelle.dz\/?s={search_term_string}"},"query-input":{"@type":"PropertyValueSpecification","valueRequired":true,"valueName":"search_term_string"}}],"inLanguage":"fr-FR"},{"@type":"Organization","@id":"https:\/\/lasentinelle.dz\/#organization","name":"Quotidien La Sentinelle","url":"https:\/\/lasentinelle.dz\/","logo":{"@type":"ImageObject","inLanguage":"fr-FR","@id":"https:\/\/lasentinelle.dz\/#\/schema\/logo\/image\/","url":"https:\/\/lasentinelle.dz\/wp-content\/uploads\/2021\/09\/logo-sentinelleSLOGAN-1.png","contentUrl":"https:\/\/lasentinelle.dz\/wp-content\/uploads\/2021\/09\/logo-sentinelleSLOGAN-1.png","width":615,"height":142,"caption":"Quotidien La Sentinelle"},"image":{"@id":"https:\/\/lasentinelle.dz\/#\/schema\/logo\/image\/"},"sameAs":["https:\/\/www.facebook.com\/La-Sentinelle-104059864394773"]},{"@type":"Person","@id":"https:\/\/lasentinelle.dz\/#\/schema\/person\/d865044e22e70a75174ce8bcad3acfb3","name":"La Sentinelle","image":{"@type":"ImageObject","inLanguage":"fr-FR","@id":"https:\/\/secure.gravatar.com\/avatar\/57de8e5d4b15d43fb361a71fbb36338450fe67865b528a43dd10ef7c51a20392?s=96&d=mm&r=g","url":"https:\/\/secure.gravatar.com\/avatar\/57de8e5d4b15d43fb361a71fbb36338450fe67865b528a43dd10ef7c51a20392?s=96&d=mm&r=g","contentUrl":"https:\/\/secure.gravatar.com\/avatar\/57de8e5d4b15d43fb361a71fbb36338450fe67865b528a43dd10ef7c51a20392?s=96&d=mm&r=g","caption":"La Sentinelle"},"sameAs":["http:\/\/www.lasentinelle.dz"],"url":"https:\/\/lasentinelle.dz\/author\/redaction\/"}]}},"_links":{"self":[{"href":"https:\/\/lasentinelle.dz\/index.php\/wp-json\/wp\/v2\/posts\/38598","targetHints":{"allow":["GET"]}}],"collection":[{"href":"https:\/\/lasentinelle.dz\/index.php\/wp-json\/wp\/v2\/posts"}],"about":[{"href":"https:\/\/lasentinelle.dz\/index.php\/wp-json\/wp\/v2\/types\/post"}],"author":[{"embeddable":true,"href":"https:\/\/lasentinelle.dz\/index.php\/wp-json\/wp\/v2\/users\/3"}],"replies":[{"embeddable":true,"href":"https:\/\/lasentinelle.dz\/index.php\/wp-json\/wp\/v2\/comments?post=38598"}],"version-history":[{"count":1,"href":"https:\/\/lasentinelle.dz\/index.php\/wp-json\/wp\/v2\/posts\/38598\/revisions"}],"predecessor-version":[{"id":38605,"href":"https:\/\/lasentinelle.dz\/index.php\/wp-json\/wp\/v2\/posts\/38598\/revisions\/38605"}],"wp:featuredmedia":[{"embeddable":true,"href":"https:\/\/lasentinelle.dz\/index.php\/wp-json\/wp\/v2\/media\/38604"}],"wp:attachment":[{"href":"https:\/\/lasentinelle.dz\/index.php\/wp-json\/wp\/v2\/media?parent=38598"}],"wp:term":[{"taxonomy":"category","embeddable":true,"href":"https:\/\/lasentinelle.dz\/index.php\/wp-json\/wp\/v2\/categories?post=38598"},{"taxonomy":"post_tag","embeddable":true,"href":"https:\/\/lasentinelle.dz\/index.php\/wp-json\/wp\/v2\/tags?post=38598"}],"curies":[{"name":"wp","href":"https:\/\/api.w.org\/{rel}","templated":true}]}}